{"id":4972,"date":"2025-12-10T11:14:49","date_gmt":"2025-12-10T10:14:49","guid":{"rendered":"https:\/\/blogs.santosochoa.es\/logrono\/?p=4972"},"modified":"2025-12-10T11:17:40","modified_gmt":"2025-12-10T10:17:40","slug":"isabel-galarreta-angeles-caballero-y-jose-luis-perez-pastor","status":"publish","type":"post","link":"https:\/\/blogs.santosochoa.es\/logrono\/isabel-galarreta-angeles-caballero-y-jose-luis-perez-pastor\/","title":{"rendered":"\u00c1ngeles Caballero, Jos\u00e9 Luis P\u00e9rez Pastor y Memoria del Mueble de N\u00e1jera"},"content":{"rendered":"\n<h2 class=\"wp-block-heading\"><strong>Mar\u00eda Isabel Galarreta presenta <em>La memoria del mueble de N\u00e1jera<\/em>. Testimonios, an\u00e9cdotas y reflexiones.<\/strong><\/h2>\n\n\n\n<h3 class=\"wp-block-heading\"><strong>\ud83d\udcc5<\/strong><strong>\u200b <\/strong><strong>Martes 16 de diciembre | 19:00 h.<\/strong><\/h3>\n\n\n\n<h4 class=\"wp-block-heading\">\ud83d\udccc\u200b Santos Ochoa (Calvo Sotelo, 19. Logro\u00f1o)<\/h4>\n\n\n\n<p><strong>\u25b6\ufe0f Y en YouTube:<\/strong> <a href=\"https:\/\/www.youtube.com\/c\/SantosOchoaLibros\" target=\"_blank\" rel=\"noreferrer noopener\">youtube.com\/c\/SantosOchoaLibros<\/a><\/p>\n\n\n\n<div class=\"wp-block-image\"><figure class=\"alignright size-full is-resized\"><a href=\"https:\/\/santosochoa.es\/libros\/galarreta-garcia-maria-isabel_la-memoria-del-mueble-de-najera_9788410367272\" target=\"_blank\" rel=\"noopener noreferrer\"><img decoding=\"async\" src=\"https:\/\/blogs.santosochoa.es\/logrono\/wp-content\/uploads\/sites\/2\/2025\/11\/la-memoria-del-mueble-de-najera.jpg\" alt=\"\" class=\"wp-image-4949\" width=\"300\" srcset=\"https:\/\/blogs.santosochoa.es\/logrono\/wp-content\/uploads\/sites\/2\/2025\/11\/la-memoria-del-mueble-de-najera.jpg 700w, https:\/\/blogs.santosochoa.es\/logrono\/wp-content\/uploads\/sites\/2\/2025\/11\/la-memoria-del-mueble-de-najera-233x300.jpg 233w, https:\/\/blogs.santosochoa.es\/logrono\/wp-content\/uploads\/sites\/2\/2025\/11\/la-memoria-del-mueble-de-najera-400x516.jpg 400w\" sizes=\"(max-width: 700px) 100vw, 700px\" \/><\/a><\/figure><\/div>\n\n\n\n<h5 class=\"wp-block-heading\"><strong>Una obra que recoge el valor hist\u00f3rico, cultural y humano del sector del mueble en N\u00e1jera, a trav\u00e9s de testimonios, an\u00e9cdotas, fotograf\u00edas hist\u00f3ricas y reflexiones sobre los aciertos, los retos y la evoluci\u00f3n del sector.<\/strong><\/h5>\n\n\n\n<p>Se trata de una publicaci\u00f3n muy especial que ha nacido del coraz\u00f3n de N\u00e1jera y de la inquietud de Mar\u00eda Isabel Galarreta, una persona profundamente vinculada a la historia local. Es un homenaje a toda una generaci\u00f3n de carpinteros, ebanistas, transportistas, comerciantes y familias que, con esfuerzo y dedicaci\u00f3n, convirtieron a N\u00e1jera en la conocida `Capital del Mueble\u00b4.<\/p>\n\n\n\n<p>Este proyecto naci\u00f3 a ra\u00edz de la iniciativa La Arboleda Perdida de la Biblioteca P\u00fablica de N\u00e1jera, que impuls\u00f3 la idea de recuperar y visibilizar historias significativas para nuestra comunidad. A trav\u00e9s de esta propuesta, Mar\u00eda Isabel propuso dar forma a la memoria de un sector que ha tenido un gran impacto econ\u00f3mico, cultural y social, no solo en N\u00e1jera y su comarca, sino en toda Espa\u00f1a.<\/p>\n\n\n\n<p>El libro recoge testimonios, an\u00e9cdotas, fotograf\u00edas hist\u00f3ricas y reflexiones sobre los aciertos, los retos y la evoluci\u00f3n del sector del mueble, desde sus humildes or\u00edgenes en peque\u00f1os talleres hasta convertirse en una industria reconocida a nivel nacional. En esta obra han participado tambi\u00e9n numerosos colaboradores (Asociaci\u00f3n del Mueble de N\u00e1jera, El museo de N\u00e1jera, Amigos de la Historia de N\u00e1jera, carpinteros, ebanistas, afiladores, almaceneros, etc. que, con sus recuerdos y experiencias, han contribuido a dar forma a este emocionante recorrido.<\/p>\n\n\n\n<p>Una obra que no solo honra el pasado, tambi\u00e9n ayuda a comprender mejor el presente y a valorar el legado de muchas personas an\u00f3nimas que hicieron de N\u00e1jera un referente.<\/p>\n\n\n\n<div style=\"height:50px\" aria-hidden=\"true\" class=\"wp-block-spacer\"><\/div>\n\n\n\n<h3 class=\"wp-block-heading\">Charla con la Autora<\/h3>\n\n\n\n<h2 class=\"wp-block-heading\"><strong>\u00c1ngeles Caballero presenta <em>Orfidal y Caballero<\/em>. Diario de una mujer con carro de la compra que escribe<\/strong>.<\/h2>\n\n\n\n<h3 class=\"wp-block-heading\"><strong>\ud83d\udcc5<\/strong><strong>\u200b <\/strong><strong>Jueves 18 de diciembre | 19:00 h.<\/strong><\/h3>\n\n\n\n<h4 class=\"wp-block-heading\">\ud83d\udccc\u200b Santos Ochoa (Calvo Sotelo, 19. Logro\u00f1o)<\/h4>\n\n\n\n<p><strong>\u25b6\ufe0f Y en YouTube:<\/strong> <a href=\"https:\/\/www.youtube.com\/c\/SantosOchoaLibros\" target=\"_blank\" rel=\"noreferrer noopener\">youtube.com\/c\/SantosOchoaLibros<\/a><\/p>\n\n\n\n<p>Con <strong>Isabel Espuelas<\/strong>, traductora y coordinadora del congreso Trabalengua.<\/p>\n\n\n\n<div class=\"wp-block-image\"><figure class=\"alignleft size-full is-resized\"><a href=\"https:\/\/santosochoa.es\/libros\/caballero-angeles_orfidal-y-caballero_9791387833046\" target=\"_blank\" rel=\"noopener noreferrer\"><img decoding=\"async\" src=\"https:\/\/blogs.santosochoa.es\/logrono\/wp-content\/uploads\/sites\/2\/2025\/11\/orfidal-y-caballero_Angeles-Caballero.jpg\" alt=\"\" class=\"wp-image-4951\" width=\"300\" srcset=\"https:\/\/blogs.santosochoa.es\/logrono\/wp-content\/uploads\/sites\/2\/2025\/11\/orfidal-y-caballero_Angeles-Caballero.jpg 700w, https:\/\/blogs.santosochoa.es\/logrono\/wp-content\/uploads\/sites\/2\/2025\/11\/orfidal-y-caballero_Angeles-Caballero-200x300.jpg 200w, https:\/\/blogs.santosochoa.es\/logrono\/wp-content\/uploads\/sites\/2\/2025\/11\/orfidal-y-caballero_Angeles-Caballero-683x1024.jpg 683w\" sizes=\"(max-width: 700px) 100vw, 700px\" \/><\/a><\/figure><\/div>\n\n\n\n<p><strong>Un relato confesional y luminoso del caos dom\u00e9stico y mental de la vida moderna.<\/strong><\/p>\n\n\n\n<h5 class=\"wp-block-heading\"><strong>La menor de una familia que escuchaba a Raphael y no a Serrat, que se hizo adulta aprendiendo que el mundo se divide entre los que cuidan y los que son cuidados, es hoy periodista, madre y testigo de los rituales culturales y pol\u00edticos de un Madrid solemne y ufano. Entre ruedas de prensa, lavadoras pendientes y paquetes de fideos en la alacena, \u00c1ngeles Caballero presenta este dietario: el de \u00abuna mujer con carro de la compra que escribe\u00bb, mientras observa c\u00f3mo sus hijos transitan la adolescencia.<\/strong><\/h5>\n\n\n\n<p>Tras emocionar y divertir a miles de lectores con&nbsp;<em>Los parques de atracciones<\/em>&nbsp;tambi\u00e9n cierran, Caballero regresa para explorar, desde su costumbrismo pizpireto, la experiencia de la madurez femenina. Una cr\u00f3nica de agobios y sainetes con los que se construyen tantas vidas urbanas de mujeres de clase media, funambulistas de todos los dramas y comedias.<\/p>\n\n\n\n<p><strong>\u00c1ngeles Caballero Mart\u00edn<\/strong>&nbsp;naci\u00f3 en enero de 1976 en Madrid porque no hab\u00eda hospital en su localidad, Getafe. Estudi\u00f3 Periodismo por vocaci\u00f3n y ah\u00ed sigue, a pesar del desencanto y el cansancio propio de la edad. En el oficio ha hecho un poco de todo: ha redactado decenas de breves y notas de prensa, dado brillo a publirreportajes, ha editado, entrevistado a personas muy variopintas y ha resuelto muchas faenas de ali\u00f1o. Tambi\u00e9n recibi\u00f3 un premio de periodismo y ha escrito cosas que su madre, poco dada al halago, calificar\u00eda como \u00abresultonas\u00bb. Dos veces le ofrecieron cargos de responsabilidad: subdirectora de un peri\u00f3dico (a cambio de comprometerse a no tener hijos) y jefa de secci\u00f3n (el mismo d\u00eda que volv\u00eda de su primera baja de maternidad, para lo que ten\u00eda que renunciar a la jornada reducida). Actualmente escribe cr\u00f3nica pol\u00edtica y social en&nbsp;<em>El Pa\u00eds<\/em>, habla en la Ser y sale en La Sexta.<\/p>\n\n\n\n<div style=\"height:50px\" aria-hidden=\"true\" class=\"wp-block-spacer\"><\/div>\n\n\n\n<h2 class=\"wp-block-heading\"><strong>Jos\u00e9 Luis P\u00e9rez Pastor presenta <em>El coraje.<\/em> Un recorrido en verso por las grandes batallas \u00e9picas de la historia<\/strong>.<\/h2>\n\n\n\n<h3 class=\"wp-block-heading\"><strong>\ud83d\udcc5<\/strong><strong>\u200b <\/strong><strong>Viernes 19 de diciembre | 19:00 h.<\/strong><\/h3>\n\n\n\n<h3 class=\"wp-block-heading\">\ud83d\udccc\u200b Santos Ochoa (Calvo Sotelo, 19. Logro\u00f1o)<\/h3>\n\n\n\n<p><strong>\u25b6\ufe0f Y en YouTube:<\/strong> <a href=\"https:\/\/www.youtube.com\/c\/SantosOchoaLibros\" target=\"_blank\" rel=\"noreferrer noopener\">youtube.com\/c\/SantosOchoaLibros<\/a><\/p>\n\n\n\n<p>Con el profesor <strong>Ricardo Mora de Frutos<\/strong>.<\/p>\n\n\n\n<div class=\"wp-block-image\"><figure class=\"alignright size-full is-resized\"><a href=\"https:\/\/santosochoa.es\/libros\/perez-pastor-jose-luis_el-coraje_9791387599171\" target=\"_blank\" rel=\"noopener noreferrer\"><img decoding=\"async\" src=\"https:\/\/blogs.santosochoa.es\/logrono\/wp-content\/uploads\/sites\/2\/2025\/11\/el-coraje_Jose-Luis-Perez-Pastor.jpg\" alt=\"\" class=\"wp-image-4953\" width=\"300\" srcset=\"https:\/\/blogs.santosochoa.es\/logrono\/wp-content\/uploads\/sites\/2\/2025\/11\/el-coraje_Jose-Luis-Perez-Pastor.jpg 800w, https:\/\/blogs.santosochoa.es\/logrono\/wp-content\/uploads\/sites\/2\/2025\/11\/el-coraje_Jose-Luis-Perez-Pastor-255x300.jpg 255w, https:\/\/blogs.santosochoa.es\/logrono\/wp-content\/uploads\/sites\/2\/2025\/11\/el-coraje_Jose-Luis-Perez-Pastor-768x904.jpg 768w\" sizes=\"(max-width: 800px) 100vw, 800px\" \/><\/a><\/figure><\/div>\n\n\n\n<h5 class=\"wp-block-heading\"><strong>Un poemario que recorre diversos momentos de guerras hist\u00f3ricas en los que aflora el arrojo, la generosidad o la simple comprensi\u00f3n de la d\u00e9bil materia de la que estamos hechos los seres humanos.<\/strong><\/h5>\n\n\n\n<p>Cuenta Tito Livio que en los tiempo de la Rep\u00fablica se abri\u00f3 en la ciudad una gran sima. Un adivino vaticin\u00f3 que solo se cerrar\u00eda arrojando en ella el bien m\u00e1s preciado de Roma. El joven Marco Curcio comprendi\u00f3 que nada hab\u00eda m\u00e1s valioso que el valor \u201cil coraggio\u201d y galop\u00f3 hacia las profundidades, que se cerraron a su paso. Jorge Luis Borges escribi\u00f3 en Elogio de la sombra que el coraje era lo mejor del ser humano. Este libro recorre diversos momentos de guerras hist\u00f3ricas en los que el arrojo, la generosidad, la determinaci\u00f3n o la simple comprensi\u00f3n de la d\u00e9bil materia de la que estamos hechos los seres humanos aflora para constituir testimonios de superaci\u00f3n, de redenci\u00f3n o de grandeza.<\/p>\n\n\n\n<p><strong>Jos\u00e9 Luis P\u00e9rez Pastor <\/strong>(Logro\u00f1o, 1978) es doctor en Filolog\u00eda Hisp\u00e1nica. Ha publicado los libros de poes\u00eda <em>Albada y engranaje<\/em> (2003), <em>El lenguaje de las serpientes<\/em> (junto al poeta Enrique Cabez\u00f3n, 2005) y <em>Rosebud<\/em> (2015), as\u00ed como el cuento infantil <em>Pablo es poeta<\/em> (2013) y las obras de teatro <em>El amor es un rel\u00e1mpago<\/em> (2021) y <em>Baldomero<\/em> (2024). Profesor de Lengua Castellana y Literatura de profesi\u00f3n, su campo de trabajo filol\u00f3gico ha sido, sobre todo, el del estudio de la tra\u00addici\u00f3n cl\u00e1sica en la literatura espa\u00f1ola, \u00e1mbito en el que public\u00f3 el estudio\/edici\u00f3n <em>Las eleg\u00edas de Esteban Manuel de Villegas<\/em> (junto con M\u00aa \u00c1ngeles D\u00edez Coronado, 2008), aparte de diversos art\u00ed\u00adculos. Ha dedicado tambi\u00e9n numerosas p\u00e1ginas al estudio y divulgaci\u00f3n del folklore y de la cultura popular de La Rioja. Su obra po\u00e9tica, narrativa y teatral ha sido recogida en diversas antolog\u00edas y libros colectivos.<\/p>\n","protected":false},"excerpt":{"rendered":"<p>Isabel Galarreta presenta \u00abLa memoria del mueble de N\u00e1jera\u00bb; \u00c1ngeles Caballero, \u00abOrfidal y Caballero\u00bb; Jos\u00e9 Luis P\u00e9rez Pastor, \u00abCoraje\u00bb.<\/p>\n","protected":false},"author":4,"featured_media":4951,"comment_status":"closed","ping_status":"closed","sticky":false,"template":"","format":"standard","meta":{"footnotes":""},"categories":[14,12,13],"tags":[],"class_list":["post-4972","post","type-post","status-publish","format-standard","has-post-thumbnail","hentry","category-charla-con-el-autor","category-libros","category-libros-do-rioja"],"yoast_head":"<!-- This site is optimized with the Yoast SEO plugin v27.2 - https:\/\/yoast.com\/product\/yoast-seo-wordpress\/ -->\n<title>\u00c1ngeles Caballero, Jos\u00e9 Luis P\u00e9rez Pastor y Memoria del Mueble de N\u00e1jera - Santos Ochoa Logro\u00f1o<\/title>\n<meta name=\"description\" content=\"Isabel Galarreta presenta &quot;La memoria del mueble de N\u00e1jera&quot;; \u00c1ngeles Caballero, &quot;Orfidal y Caballero&quot;; Jos\u00e9 Luis P\u00e9rez Pastor, &quot;Coraje&quot;.\" \/>\n<meta name=\"robots\" content=\"index, follow, max-snippet:-1, max-image-preview:large, max-video-preview:-1\" \/>\n<link rel=\"canonical\" href=\"https:\/\/blogs.santosochoa.es\/logrono\/isabel-galarreta-angeles-caballero-y-jose-luis-perez-pastor\/\" \/>\n<meta property=\"og:locale\" content=\"es_ES\" \/>\n<meta property=\"og:type\" content=\"article\" \/>\n<meta property=\"og:title\" content=\"\u00c1ngeles Caballero, Jos\u00e9 Luis P\u00e9rez Pastor y Memoria del Mueble de N\u00e1jera - Santos Ochoa Logro\u00f1o\" \/>\n<meta property=\"og:description\" content=\"Isabel Galarreta presenta &quot;La memoria del mueble de N\u00e1jera&quot;; \u00c1ngeles Caballero, &quot;Orfidal y Caballero&quot;; Jos\u00e9 Luis P\u00e9rez Pastor, &quot;Coraje&quot;.\" \/>\n<meta property=\"og:url\" content=\"https:\/\/blogs.santosochoa.es\/logrono\/isabel-galarreta-angeles-caballero-y-jose-luis-perez-pastor\/\" \/>\n<meta property=\"og:site_name\" content=\"Santos Ochoa Logro\u00f1o\" \/>\n<meta property=\"article:author\" content=\"https:\/\/www.facebook.com\/santosochoalog\" \/>\n<meta property=\"article:published_time\" content=\"2025-12-10T10:14:49+00:00\" \/>\n<meta property=\"article:modified_time\" content=\"2025-12-10T10:17:40+00:00\" \/>\n<meta property=\"og:image\" content=\"https:\/\/blogs.santosochoa.es\/logrono\/wp-content\/uploads\/sites\/2\/2025\/11\/orfidal-y-caballero_Angeles-Caballero.jpg\" \/>\n\t<meta property=\"og:image:width\" content=\"700\" \/>\n\t<meta property=\"og:image:height\" content=\"1050\" \/>\n\t<meta property=\"og:image:type\" content=\"image\/jpeg\" \/>\n<meta name=\"author\" content=\"Santos Ochoa Logro\u00f1o\" \/>\n<meta name=\"twitter:card\" content=\"summary_large_image\" \/>\n<meta name=\"twitter:creator\" content=\"@santosochoalog\" \/>\n<meta name=\"twitter:label1\" content=\"Written by\" \/>\n\t<meta name=\"twitter:data1\" content=\"Santos Ochoa Logro\u00f1o\" \/>\n\t<meta name=\"twitter:label2\" content=\"Est. reading time\" \/>\n\t<meta name=\"twitter:data2\" content=\"5 minutos\" \/>\n<script type=\"application\/ld+json\" class=\"yoast-schema-graph\">{\"@context\":\"https:\/\/schema.org\",\"@graph\":[{\"@type\":\"Article\",\"@id\":\"https:\/\/blogs.santosochoa.es\/logrono\/isabel-galarreta-angeles-caballero-y-jose-luis-perez-pastor\/#article\",\"isPartOf\":{\"@id\":\"https:\/\/blogs.santosochoa.es\/logrono\/isabel-galarreta-angeles-caballero-y-jose-luis-perez-pastor\/\"},\"author\":{\"name\":\"Santos Ochoa Logro\u00f1o\",\"@id\":\"https:\/\/blogs.santosochoa.es\/logrono\/#\/schema\/person\/103664eb8c60fbeea1880c704687c2e3\"},\"headline\":\"\u00c1ngeles Caballero, Jos\u00e9 Luis P\u00e9rez Pastor y Memoria del Mueble de N\u00e1jera\",\"datePublished\":\"2025-12-10T10:14:49+00:00\",\"dateModified\":\"2025-12-10T10:17:40+00:00\",\"mainEntityOfPage\":{\"@id\":\"https:\/\/blogs.santosochoa.es\/logrono\/isabel-galarreta-angeles-caballero-y-jose-luis-perez-pastor\/\"},\"wordCount\":1106,\"image\":{\"@id\":\"https:\/\/blogs.santosochoa.es\/logrono\/isabel-galarreta-angeles-caballero-y-jose-luis-perez-pastor\/#primaryimage\"},\"thumbnailUrl\":\"https:\/\/blogs.santosochoa.es\/logrono\/wp-content\/uploads\/sites\/2\/2025\/11\/orfidal-y-caballero_Angeles-Caballero.jpg\",\"articleSection\":[\"charla con el autor\",\"libros\",\"libros do rioja\"],\"inLanguage\":\"es\"},{\"@type\":\"WebPage\",\"@id\":\"https:\/\/blogs.santosochoa.es\/logrono\/isabel-galarreta-angeles-caballero-y-jose-luis-perez-pastor\/\",\"url\":\"https:\/\/blogs.santosochoa.es\/logrono\/isabel-galarreta-angeles-caballero-y-jose-luis-perez-pastor\/\",\"name\":\"\u00c1ngeles Caballero, Jos\u00e9 Luis P\u00e9rez Pastor y Memoria del Mueble de N\u00e1jera - Santos Ochoa Logro\u00f1o\",\"isPartOf\":{\"@id\":\"https:\/\/blogs.santosochoa.es\/logrono\/#website\"},\"primaryImageOfPage\":{\"@id\":\"https:\/\/blogs.santosochoa.es\/logrono\/isabel-galarreta-angeles-caballero-y-jose-luis-perez-pastor\/#primaryimage\"},\"image\":{\"@id\":\"https:\/\/blogs.santosochoa.es\/logrono\/isabel-galarreta-angeles-caballero-y-jose-luis-perez-pastor\/#primaryimage\"},\"thumbnailUrl\":\"https:\/\/blogs.santosochoa.es\/logrono\/wp-content\/uploads\/sites\/2\/2025\/11\/orfidal-y-caballero_Angeles-Caballero.jpg\",\"datePublished\":\"2025-12-10T10:14:49+00:00\",\"dateModified\":\"2025-12-10T10:17:40+00:00\",\"author\":{\"@id\":\"https:\/\/blogs.santosochoa.es\/logrono\/#\/schema\/person\/103664eb8c60fbeea1880c704687c2e3\"},\"description\":\"Isabel Galarreta presenta \\\"La memoria del mueble de N\u00e1jera\\\"; \u00c1ngeles Caballero, \\\"Orfidal y Caballero\\\"; Jos\u00e9 Luis P\u00e9rez Pastor, \\\"Coraje\\\".\",\"breadcrumb\":{\"@id\":\"https:\/\/blogs.santosochoa.es\/logrono\/isabel-galarreta-angeles-caballero-y-jose-luis-perez-pastor\/#breadcrumb\"},\"inLanguage\":\"es\",\"potentialAction\":[{\"@type\":\"ReadAction\",\"target\":[\"https:\/\/blogs.santosochoa.es\/logrono\/isabel-galarreta-angeles-caballero-y-jose-luis-perez-pastor\/\"]}]},{\"@type\":\"ImageObject\",\"inLanguage\":\"es\",\"@id\":\"https:\/\/blogs.santosochoa.es\/logrono\/isabel-galarreta-angeles-caballero-y-jose-luis-perez-pastor\/#primaryimage\",\"url\":\"https:\/\/blogs.santosochoa.es\/logrono\/wp-content\/uploads\/sites\/2\/2025\/11\/orfidal-y-caballero_Angeles-Caballero.jpg\",\"contentUrl\":\"https:\/\/blogs.santosochoa.es\/logrono\/wp-content\/uploads\/sites\/2\/2025\/11\/orfidal-y-caballero_Angeles-Caballero.jpg\",\"width\":700,\"height\":1050},{\"@type\":\"BreadcrumbList\",\"@id\":\"https:\/\/blogs.santosochoa.es\/logrono\/isabel-galarreta-angeles-caballero-y-jose-luis-perez-pastor\/#breadcrumb\",\"itemListElement\":[{\"@type\":\"ListItem\",\"position\":1,\"name\":\"Home\",\"item\":\"https:\/\/blogs.santosochoa.es\/logrono\/\"},{\"@type\":\"ListItem\",\"position\":2,\"name\":\"\u00c1ngeles Caballero, Jos\u00e9 Luis P\u00e9rez Pastor y Memoria del Mueble de N\u00e1jera\"}]},{\"@type\":\"WebSite\",\"@id\":\"https:\/\/blogs.santosochoa.es\/logrono\/#website\",\"url\":\"https:\/\/blogs.santosochoa.es\/logrono\/\",\"name\":\"Santos Ochoa Logro\u00f1o\",\"description\":\"Tu Librer\u00eda Online\",\"potentialAction\":[{\"@type\":\"SearchAction\",\"target\":{\"@type\":\"EntryPoint\",\"urlTemplate\":\"https:\/\/blogs.santosochoa.es\/logrono\/?s={search_term_string}\"},\"query-input\":{\"@type\":\"PropertyValueSpecification\",\"valueRequired\":true,\"valueName\":\"search_term_string\"}}],\"inLanguage\":\"es\"},{\"@type\":\"Person\",\"@id\":\"https:\/\/blogs.santosochoa.es\/logrono\/#\/schema\/person\/103664eb8c60fbeea1880c704687c2e3\",\"name\":\"Santos Ochoa Logro\u00f1o\",\"sameAs\":[\"http:\/\/santosochoa.es\",\"https:\/\/www.facebook.com\/santosochoalog\",\"https:\/\/www.instagram.com\/santosochoalog\/\",\"https:\/\/x.com\/santosochoalog\",\"https:\/\/www.youtube.com\/c\/SantosOchoaLibros\"]}]}<\/script>\n<!-- \/ Yoast SEO plugin. -->","yoast_head_json":{"title":"\u00c1ngeles Caballero, Jos\u00e9 Luis P\u00e9rez Pastor y Memoria del Mueble de N\u00e1jera - Santos Ochoa Logro\u00f1o","description":"Isabel Galarreta presenta \"La memoria del mueble de N\u00e1jera\"; \u00c1ngeles Caballero, \"Orfidal y Caballero\"; Jos\u00e9 Luis P\u00e9rez Pastor, \"Coraje\".","robots":{"index":"index","follow":"follow","max-snippet":"max-snippet:-1","max-image-preview":"max-image-preview:large","max-video-preview":"max-video-preview:-1"},"canonical":"https:\/\/blogs.santosochoa.es\/logrono\/isabel-galarreta-angeles-caballero-y-jose-luis-perez-pastor\/","og_locale":"es_ES","og_type":"article","og_title":"\u00c1ngeles Caballero, Jos\u00e9 Luis P\u00e9rez Pastor y Memoria del Mueble de N\u00e1jera - Santos Ochoa Logro\u00f1o","og_description":"Isabel Galarreta presenta \"La memoria del mueble de N\u00e1jera\"; \u00c1ngeles Caballero, \"Orfidal y Caballero\"; Jos\u00e9 Luis P\u00e9rez Pastor, \"Coraje\".","og_url":"https:\/\/blogs.santosochoa.es\/logrono\/isabel-galarreta-angeles-caballero-y-jose-luis-perez-pastor\/","og_site_name":"Santos Ochoa Logro\u00f1o","article_author":"https:\/\/www.facebook.com\/santosochoalog","article_published_time":"2025-12-10T10:14:49+00:00","article_modified_time":"2025-12-10T10:17:40+00:00","og_image":[{"width":700,"height":1050,"url":"https:\/\/blogs.santosochoa.es\/logrono\/wp-content\/uploads\/sites\/2\/2025\/11\/orfidal-y-caballero_Angeles-Caballero.jpg","type":"image\/jpeg"}],"author":"Santos Ochoa Logro\u00f1o","twitter_card":"summary_large_image","twitter_creator":"@santosochoalog","twitter_misc":{"Written by":"Santos Ochoa Logro\u00f1o","Est. reading time":"5 minutos"},"schema":{"@context":"https:\/\/schema.org","@graph":[{"@type":"Article","@id":"https:\/\/blogs.santosochoa.es\/logrono\/isabel-galarreta-angeles-caballero-y-jose-luis-perez-pastor\/#article","isPartOf":{"@id":"https:\/\/blogs.santosochoa.es\/logrono\/isabel-galarreta-angeles-caballero-y-jose-luis-perez-pastor\/"},"author":{"name":"Santos Ochoa Logro\u00f1o","@id":"https:\/\/blogs.santosochoa.es\/logrono\/#\/schema\/person\/103664eb8c60fbeea1880c704687c2e3"},"headline":"\u00c1ngeles Caballero, Jos\u00e9 Luis P\u00e9rez Pastor y Memoria del Mueble de N\u00e1jera","datePublished":"2025-12-10T10:14:49+00:00","dateModified":"2025-12-10T10:17:40+00:00","mainEntityOfPage":{"@id":"https:\/\/blogs.santosochoa.es\/logrono\/isabel-galarreta-angeles-caballero-y-jose-luis-perez-pastor\/"},"wordCount":1106,"image":{"@id":"https:\/\/blogs.santosochoa.es\/logrono\/isabel-galarreta-angeles-caballero-y-jose-luis-perez-pastor\/#primaryimage"},"thumbnailUrl":"https:\/\/blogs.santosochoa.es\/logrono\/wp-content\/uploads\/sites\/2\/2025\/11\/orfidal-y-caballero_Angeles-Caballero.jpg","articleSection":["charla con el autor","libros","libros do rioja"],"inLanguage":"es"},{"@type":"WebPage","@id":"https:\/\/blogs.santosochoa.es\/logrono\/isabel-galarreta-angeles-caballero-y-jose-luis-perez-pastor\/","url":"https:\/\/blogs.santosochoa.es\/logrono\/isabel-galarreta-angeles-caballero-y-jose-luis-perez-pastor\/","name":"\u00c1ngeles Caballero, Jos\u00e9 Luis P\u00e9rez Pastor y Memoria del Mueble de N\u00e1jera - Santos Ochoa Logro\u00f1o","isPartOf":{"@id":"https:\/\/blogs.santosochoa.es\/logrono\/#website"},"primaryImageOfPage":{"@id":"https:\/\/blogs.santosochoa.es\/logrono\/isabel-galarreta-angeles-caballero-y-jose-luis-perez-pastor\/#primaryimage"},"image":{"@id":"https:\/\/blogs.santosochoa.es\/logrono\/isabel-galarreta-angeles-caballero-y-jose-luis-perez-pastor\/#primaryimage"},"thumbnailUrl":"https:\/\/blogs.santosochoa.es\/logrono\/wp-content\/uploads\/sites\/2\/2025\/11\/orfidal-y-caballero_Angeles-Caballero.jpg","datePublished":"2025-12-10T10:14:49+00:00","dateModified":"2025-12-10T10:17:40+00:00","author":{"@id":"https:\/\/blogs.santosochoa.es\/logrono\/#\/schema\/person\/103664eb8c60fbeea1880c704687c2e3"},"description":"Isabel Galarreta presenta \"La memoria del mueble de N\u00e1jera\"; \u00c1ngeles Caballero, \"Orfidal y Caballero\"; Jos\u00e9 Luis P\u00e9rez Pastor, \"Coraje\".","breadcrumb":{"@id":"https:\/\/blogs.santosochoa.es\/logrono\/isabel-galarreta-angeles-caballero-y-jose-luis-perez-pastor\/#breadcrumb"},"inLanguage":"es","potentialAction":[{"@type":"ReadAction","target":["https:\/\/blogs.santosochoa.es\/logrono\/isabel-galarreta-angeles-caballero-y-jose-luis-perez-pastor\/"]}]},{"@type":"ImageObject","inLanguage":"es","@id":"https:\/\/blogs.santosochoa.es\/logrono\/isabel-galarreta-angeles-caballero-y-jose-luis-perez-pastor\/#primaryimage","url":"https:\/\/blogs.santosochoa.es\/logrono\/wp-content\/uploads\/sites\/2\/2025\/11\/orfidal-y-caballero_Angeles-Caballero.jpg","contentUrl":"https:\/\/blogs.santosochoa.es\/logrono\/wp-content\/uploads\/sites\/2\/2025\/11\/orfidal-y-caballero_Angeles-Caballero.jpg","width":700,"height":1050},{"@type":"BreadcrumbList","@id":"https:\/\/blogs.santosochoa.es\/logrono\/isabel-galarreta-angeles-caballero-y-jose-luis-perez-pastor\/#breadcrumb","itemListElement":[{"@type":"ListItem","position":1,"name":"Home","item":"https:\/\/blogs.santosochoa.es\/logrono\/"},{"@type":"ListItem","position":2,"name":"\u00c1ngeles Caballero, Jos\u00e9 Luis P\u00e9rez Pastor y Memoria del Mueble de N\u00e1jera"}]},{"@type":"WebSite","@id":"https:\/\/blogs.santosochoa.es\/logrono\/#website","url":"https:\/\/blogs.santosochoa.es\/logrono\/","name":"Santos Ochoa Logro\u00f1o","description":"Tu Librer\u00eda Online","potentialAction":[{"@type":"SearchAction","target":{"@type":"EntryPoint","urlTemplate":"https:\/\/blogs.santosochoa.es\/logrono\/?s={search_term_string}"},"query-input":{"@type":"PropertyValueSpecification","valueRequired":true,"valueName":"search_term_string"}}],"inLanguage":"es"},{"@type":"Person","@id":"https:\/\/blogs.santosochoa.es\/logrono\/#\/schema\/person\/103664eb8c60fbeea1880c704687c2e3","name":"Santos Ochoa Logro\u00f1o","sameAs":["http:\/\/santosochoa.es","https:\/\/www.facebook.com\/santosochoalog","https:\/\/www.instagram.com\/santosochoalog\/","https:\/\/x.com\/santosochoalog","https:\/\/www.youtube.com\/c\/SantosOchoaLibros"]}]}},"_links":{"self":[{"href":"https:\/\/blogs.santosochoa.es\/logrono\/wp-json\/wp\/v2\/posts\/4972","targetHints":{"allow":["GET"]}}],"collection":[{"href":"https:\/\/blogs.santosochoa.es\/logrono\/wp-json\/wp\/v2\/posts"}],"about":[{"href":"https:\/\/blogs.santosochoa.es\/logrono\/wp-json\/wp\/v2\/types\/post"}],"author":[{"embeddable":true,"href":"https:\/\/blogs.santosochoa.es\/logrono\/wp-json\/wp\/v2\/users\/4"}],"replies":[{"embeddable":true,"href":"https:\/\/blogs.santosochoa.es\/logrono\/wp-json\/wp\/v2\/comments?post=4972"}],"version-history":[{"count":5,"href":"https:\/\/blogs.santosochoa.es\/logrono\/wp-json\/wp\/v2\/posts\/4972\/revisions"}],"predecessor-version":[{"id":4977,"href":"https:\/\/blogs.santosochoa.es\/logrono\/wp-json\/wp\/v2\/posts\/4972\/revisions\/4977"}],"wp:featuredmedia":[{"embeddable":true,"href":"https:\/\/blogs.santosochoa.es\/logrono\/wp-json\/wp\/v2\/media\/4951"}],"wp:attachment":[{"href":"https:\/\/blogs.santosochoa.es\/logrono\/wp-json\/wp\/v2\/media?parent=4972"}],"wp:term":[{"taxonomy":"category","embeddable":true,"href":"https:\/\/blogs.santosochoa.es\/logrono\/wp-json\/wp\/v2\/categories?post=4972"},{"taxonomy":"post_tag","embeddable":true,"href":"https:\/\/blogs.santosochoa.es\/logrono\/wp-json\/wp\/v2\/tags?post=4972"}],"curies":[{"name":"wp","href":"https:\/\/api.w.org\/{rel}","templated":true}]}}