{"id":4966,"date":"2025-12-03T10:43:50","date_gmt":"2025-12-03T09:43:50","guid":{"rendered":"https:\/\/blogs.santosochoa.es\/logrono\/?p=4966"},"modified":"2025-12-03T10:43:52","modified_gmt":"2025-12-03T09:43:52","slug":"cuentos-navidenos-y-poesia","status":"publish","type":"post","link":"https:\/\/blogs.santosochoa.es\/logrono\/cuentos-navidenos-y-poesia\/","title":{"rendered":"Cuentos navide\u00f1os y poes\u00eda"},"content":{"rendered":"\n<h2 class=\"wp-block-heading\"><strong>Carlos L\u00f3pez P\u00e9rez presenta el libro de cuentos navide\u00f1os <em>La familia sagrada Bel\u00e9n<\/em><\/strong>.<\/h2>\n\n\n\n<h3 class=\"wp-block-heading\"><strong>\ud83d\udcc5<\/strong><strong>\u200b <\/strong><strong>Martes 9 de diciembre | 19:00 h.<\/strong><\/h3>\n\n\n\n<h4 class=\"wp-block-heading\">\ud83d\udccc\u200b Santos Ochoa (Calvo Sotelo, 19. Logro\u00f1o)<\/h4>\n\n\n\n<p><strong>\u25b6\ufe0f Y en YouTube:<\/strong> <a href=\"https:\/\/www.youtube.com\/c\/SantosOchoaLibros\" target=\"_blank\" rel=\"noreferrer noopener\">youtube.com\/c\/SantosOchoaLibros<\/a><\/p>\n\n\n\n<div class=\"wp-block-image\"><figure class=\"alignright size-large is-resized\"><a href=\"https:\/\/santosochoa.es\/libros\/lopez-carlos_la-familia-sagrada-belen_9788410367302\" target=\"_blank\" rel=\"noopener noreferrer\"><img decoding=\"async\" src=\"https:\/\/blogs.santosochoa.es\/logrono\/wp-content\/uploads\/sites\/2\/2025\/11\/la-familia-sagrada-belen_Carlos-Lopez.jpg-733x1024.jpg\" alt=\"\" class=\"wp-image-4945\" width=\"300\" srcset=\"https:\/\/blogs.santosochoa.es\/logrono\/wp-content\/uploads\/sites\/2\/2025\/11\/la-familia-sagrada-belen_Carlos-Lopez.jpg-733x1024.jpg 733w, https:\/\/blogs.santosochoa.es\/logrono\/wp-content\/uploads\/sites\/2\/2025\/11\/la-familia-sagrada-belen_Carlos-Lopez.jpg-215x300.jpg 215w, https:\/\/blogs.santosochoa.es\/logrono\/wp-content\/uploads\/sites\/2\/2025\/11\/la-familia-sagrada-belen_Carlos-Lopez.jpg-768x1072.jpg 768w, https:\/\/blogs.santosochoa.es\/logrono\/wp-content\/uploads\/sites\/2\/2025\/11\/la-familia-sagrada-belen_Carlos-Lopez.jpg-1100x1536.jpg 1100w, https:\/\/blogs.santosochoa.es\/logrono\/wp-content\/uploads\/sites\/2\/2025\/11\/la-familia-sagrada-belen_Carlos-Lopez.jpg-1080x1508.jpg 1080w, https:\/\/blogs.santosochoa.es\/logrono\/wp-content\/uploads\/sites\/2\/2025\/11\/la-familia-sagrada-belen_Carlos-Lopez.jpg.jpg 1146w\" sizes=\"(max-width: 733px) 100vw, 733px\" \/><\/a><\/figure><\/div>\n\n\n\n<h5 class=\"wp-block-heading\"><strong>El libro recoge tres relatos entra\u00f1ables para todas las edades que intentan acercar la magia, la alegr\u00eda y el esp\u00edritu navide\u00f1o a todos los corazones.<\/strong><\/h5>\n\n\n\n<p>En el primero, Rafita, un ni\u00f1o que no puede dormir, descubre que los Reyes Magos pueden regalar algo m\u00e1s valioso que juguetes: el consuelo de un cuento. El segundo narra la aventura de una luz rebelde que termina guiando a los Reyes hacia Bel\u00e9n tras un inesperado acto de amistad. El tercero relata la historia de un florero humilde que presencia un peque\u00f1o milagro navide\u00f1o ligado a unas rosas rojas. Las tres historias celebran la esperanza, la solidaridad y la magia que emerge en estas fechas.<\/p>\n\n\n\n<p><strong>El libro destina sus beneficios a la asociaci\u00f3n Arsido, apoyando su labor con las personas con s\u00edndrome Down y sus familias.<\/strong><\/p>\n\n\n\n<p>La literatura es una herramienta poderosa para el desarrollo emocional, cognitivo y social. En alumnos con discapacidad intelectual, la creatividad literaria permite expresar sentimientos, construir identidad, desarrollar el lenguaje y estimular la imaginaci\u00f3n. Este proyecto busca facilitar el acceso a la creaci\u00f3n literaria mediante metodolog\u00edas adaptadas y estrategias inclusivas, fomentando la participaci\u00f3n activa y el disfrute por las palabras y las ilustraciones.<\/p>\n\n\n\n<p><strong>Arsido<\/strong> es una asociaci\u00f3n riojana cuyo objetivo es facilitar la inclusi\u00f3n de las personas con S\u00edndrome de Down en todos los \u00e1mbitos de su vida y velar por el cumplimiento de la convenci\u00f3n Internacional sobre los Derechos de las Personas con discapacidad y de los ODS en La Rioja.<\/p>\n\n\n\n<div style=\"height:50px\" aria-hidden=\"true\" class=\"wp-block-spacer\"><\/div>\n\n\n\n<h2 class=\"wp-block-heading\"><strong>Javier Asi\u00e1in presenta <em>Raz\u00f3n del inconsciente.<\/em> Poemas llenos de lucidez y sensibilidad<\/strong>.<\/h2>\n\n\n\n<h3 class=\"wp-block-heading\"><strong>\ud83d\udcc5<\/strong><strong>\u200b <\/strong><strong>Jueves 11 de diciembre | 19:00 h.<\/strong><\/h3>\n\n\n\n<h4 class=\"wp-block-heading\">\ud83d\udccc\u200b Santos Ochoa (Calvo Sotelo, 19. Logro\u00f1o)<\/h4>\n\n\n\n<p><strong>\u25b6\ufe0f Y en YouTube:<\/strong> <a href=\"https:\/\/www.youtube.com\/c\/SantosOchoaLibros\" target=\"_blank\" rel=\"noreferrer noopener\">youtube.com\/c\/SantosOchoaLibros<\/a><\/p>\n\n\n\n<p>Con Enrique Cabez\u00f3n y Santi Elso.<\/p>\n\n\n\n<div class=\"wp-block-image\"><figure class=\"alignleft size-full is-resized\"><a href=\"https:\/\/santosochoa.es\/libros\/asiain-javier_razon-del-inconsciente_9791399009828\" target=\"_blank\" rel=\"noopener noreferrer\"><img decoding=\"async\" src=\"https:\/\/blogs.santosochoa.es\/logrono\/wp-content\/uploads\/sites\/2\/2025\/11\/razon-del-inconsciente_Javier-Asiain.jpg\" alt=\"\" class=\"wp-image-4947\" width=\"300\" srcset=\"https:\/\/blogs.santosochoa.es\/logrono\/wp-content\/uploads\/sites\/2\/2025\/11\/razon-del-inconsciente_Javier-Asiain.jpg 700w, https:\/\/blogs.santosochoa.es\/logrono\/wp-content\/uploads\/sites\/2\/2025\/11\/razon-del-inconsciente_Javier-Asiain-195x300.jpg 195w, https:\/\/blogs.santosochoa.es\/logrono\/wp-content\/uploads\/sites\/2\/2025\/11\/razon-del-inconsciente_Javier-Asiain-666x1024.jpg 666w\" sizes=\"(max-width: 700px) 100vw, 700px\" \/><\/a><\/figure><\/div>\n\n\n\n<h5 class=\"wp-block-heading\"><strong>\u00ab<em>Raz\u00f3n del inconsciente<\/em> es un compendio de las aprobaciones m\u00e1s se\u00f1eras de los cl\u00e1sicos occidentales recreados con una mirada l\u00facida y actual, en ocasiones mezcla de admiraci\u00f3n y cr\u00edtica, pero siempre fiel a sus significados m\u00e1s profundos.<\/strong><\/h5>\n\n\n\n<p><strong>Estos poemas est\u00e1n llenos de lucidez intelectual, sensibilidad y dicci\u00f3n precisa, lectura sugerente y sugestiva.<\/strong><\/p>\n\n\n\n<p>Un libro original que nos remite a los trastornos personales y sociales propios de nuestro tiempo. Literatura entre lo cl\u00e1sico y lo moderno, lo psicol\u00f3gico y lo po\u00e9tico, que retrotrae la historia de la cultura occidental encarnada en personajes hist\u00f3ricos y literarios con una reactualizaci\u00f3n de los mitos que nos lleva a cuestionarnos formas y modos de vivir cada vez m\u00e1s end\u00e9micos.\u00bb (Tom\u00e1s Yerro).<\/p>\n\n\n\n<p><strong>Javier Asi\u00e1in n<\/strong>aci\u00f3 en Pamplona. Poeta y gestor cultural. Ha dirigido y coordinado varios programas de radio culturales y preparado ciclos y conferencias relacionadas con la cultura literaria en diferentes medios e instituciones. En la actualidad combina la escritura con proyectos esc\u00e9nicos relacionados con la m\u00fasica, el baile y la poes\u00eda. Ha publicado los libros de poes\u00eda\u00a0<em>La intimidad del trapecista<\/em>\u00a0(2022),\u00a0<em>El instante l\u00facido<\/em>\u00a0(2019),\u00a0<em>Liturgia de las horas<\/em>\u00a0(2012),\u00a0<em>El triunfo de Galatea <\/em>(2011), <em>Unidad de Cuidados Intensivos<\/em> (2010), <em>Contraan\u00e1lisis <\/em>(2009), <em>Testamento de la espiga <\/em>(2008), <em>Simulador de vuelo<\/em>\u00a0(2007),\u00a0<em>Votos perpetuos <\/em>(2006), <em>Anatom\u00eda enferma<\/em> (2004) y\u00a0<em>Efectos personales<\/em>\u00a0(2002).<\/p>\n\n\n\n<p>Ha sido galardonado, entre otros, por los premios de poes\u00eda, \u201cJos\u00e9 Zorrilla\u201d, \u201cSan Juan de la Cruz\u201d, \u201cClaudio Rodr\u00edguez\u201d, \u201cLe\u00f3n Felipe\u201d, \u201cPremio a la Creaci\u00f3n literaria del Gobierno de Navarra\u201d, \u201cVilla de Aoiz\u201d, \u201cCiudad de Getafe\u201d o el \u201cFrancisco Yndur\u00e1in de las letras\u201d.<\/p>\n","protected":false},"excerpt":{"rendered":"<p>Carlos L\u00f3pez P\u00e9rez presenta \u00abLa familia sagrada Bel\u00e9n\u00bb. Javier Asi\u00e1in presenta \u00abRaz\u00f3n del inconsciente\u00bb, poemas llenos de lucidez y sensibilidad.<\/p>\n","protected":false},"author":4,"featured_media":4945,"comment_status":"closed","ping_status":"closed","sticky":false,"template":"","format":"standard","meta":{"footnotes":""},"categories":[12,13,11],"tags":[],"class_list":["post-4966","post","type-post","status-publish","format-standard","has-post-thumbnail","hentry","category-libros","category-libros-do-rioja","category-poesia"],"yoast_head":"<!-- This site is optimized with the Yoast SEO plugin v27.2 - https:\/\/yoast.com\/product\/yoast-seo-wordpress\/ -->\n<title>Cuentos navide\u00f1os y poes\u00eda - Santos Ochoa Logro\u00f1o<\/title>\n<meta name=\"description\" content=\"Carlos L\u00f3pez P\u00e9rez presenta &quot;La familia sagrada Bel\u00e9n&quot;. Javier Asi\u00e1in presenta &quot;Raz\u00f3n del inconsciente&quot;, poemas llenos de lucidez y sensibilidad.\" \/>\n<meta name=\"robots\" content=\"index, follow, max-snippet:-1, max-image-preview:large, max-video-preview:-1\" \/>\n<link rel=\"canonical\" href=\"https:\/\/blogs.santosochoa.es\/logrono\/cuentos-navidenos-y-poesia\/\" \/>\n<meta property=\"og:locale\" content=\"es_ES\" \/>\n<meta property=\"og:type\" content=\"article\" \/>\n<meta property=\"og:title\" content=\"Cuentos navide\u00f1os y poes\u00eda - Santos Ochoa Logro\u00f1o\" \/>\n<meta property=\"og:description\" content=\"Carlos L\u00f3pez P\u00e9rez presenta &quot;La familia sagrada Bel\u00e9n&quot;. Javier Asi\u00e1in presenta &quot;Raz\u00f3n del inconsciente&quot;, poemas llenos de lucidez y sensibilidad.\" \/>\n<meta property=\"og:url\" content=\"https:\/\/blogs.santosochoa.es\/logrono\/cuentos-navidenos-y-poesia\/\" \/>\n<meta property=\"og:site_name\" content=\"Santos Ochoa Logro\u00f1o\" \/>\n<meta property=\"article:author\" content=\"https:\/\/www.facebook.com\/santosochoalog\" \/>\n<meta property=\"article:published_time\" content=\"2025-12-03T09:43:50+00:00\" \/>\n<meta property=\"article:modified_time\" content=\"2025-12-03T09:43:52+00:00\" \/>\n<meta property=\"og:image\" content=\"https:\/\/blogs.santosochoa.es\/logrono\/wp-content\/uploads\/sites\/2\/2025\/11\/la-familia-sagrada-belen_Carlos-Lopez.jpg.jpg\" \/>\n\t<meta property=\"og:image:width\" content=\"1146\" \/>\n\t<meta property=\"og:image:height\" content=\"1600\" \/>\n\t<meta property=\"og:image:type\" content=\"image\/jpeg\" \/>\n<meta name=\"author\" content=\"Santos Ochoa Logro\u00f1o\" \/>\n<meta name=\"twitter:card\" content=\"summary_large_image\" \/>\n<meta name=\"twitter:creator\" content=\"@santosochoalog\" \/>\n<meta name=\"twitter:label1\" content=\"Written by\" \/>\n\t<meta name=\"twitter:data1\" content=\"Santos Ochoa Logro\u00f1o\" \/>\n\t<meta name=\"twitter:label2\" content=\"Est. reading time\" \/>\n\t<meta name=\"twitter:data2\" content=\"3 minutos\" \/>\n<script type=\"application\/ld+json\" class=\"yoast-schema-graph\">{\"@context\":\"https:\/\/schema.org\",\"@graph\":[{\"@type\":\"Article\",\"@id\":\"https:\/\/blogs.santosochoa.es\/logrono\/cuentos-navidenos-y-poesia\/#article\",\"isPartOf\":{\"@id\":\"https:\/\/blogs.santosochoa.es\/logrono\/cuentos-navidenos-y-poesia\/\"},\"author\":{\"name\":\"Santos Ochoa Logro\u00f1o\",\"@id\":\"https:\/\/blogs.santosochoa.es\/logrono\/#\/schema\/person\/103664eb8c60fbeea1880c704687c2e3\"},\"headline\":\"Cuentos navide\u00f1os y poes\u00eda\",\"datePublished\":\"2025-12-03T09:43:50+00:00\",\"dateModified\":\"2025-12-03T09:43:52+00:00\",\"mainEntityOfPage\":{\"@id\":\"https:\/\/blogs.santosochoa.es\/logrono\/cuentos-navidenos-y-poesia\/\"},\"wordCount\":621,\"image\":{\"@id\":\"https:\/\/blogs.santosochoa.es\/logrono\/cuentos-navidenos-y-poesia\/#primaryimage\"},\"thumbnailUrl\":\"https:\/\/blogs.santosochoa.es\/logrono\/wp-content\/uploads\/sites\/2\/2025\/11\/la-familia-sagrada-belen_Carlos-Lopez.jpg.jpg\",\"articleSection\":[\"libros\",\"libros do rioja\",\"poes\u00eda\"],\"inLanguage\":\"es\"},{\"@type\":\"WebPage\",\"@id\":\"https:\/\/blogs.santosochoa.es\/logrono\/cuentos-navidenos-y-poesia\/\",\"url\":\"https:\/\/blogs.santosochoa.es\/logrono\/cuentos-navidenos-y-poesia\/\",\"name\":\"Cuentos navide\u00f1os y poes\u00eda - Santos Ochoa Logro\u00f1o\",\"isPartOf\":{\"@id\":\"https:\/\/blogs.santosochoa.es\/logrono\/#website\"},\"primaryImageOfPage\":{\"@id\":\"https:\/\/blogs.santosochoa.es\/logrono\/cuentos-navidenos-y-poesia\/#primaryimage\"},\"image\":{\"@id\":\"https:\/\/blogs.santosochoa.es\/logrono\/cuentos-navidenos-y-poesia\/#primaryimage\"},\"thumbnailUrl\":\"https:\/\/blogs.santosochoa.es\/logrono\/wp-content\/uploads\/sites\/2\/2025\/11\/la-familia-sagrada-belen_Carlos-Lopez.jpg.jpg\",\"datePublished\":\"2025-12-03T09:43:50+00:00\",\"dateModified\":\"2025-12-03T09:43:52+00:00\",\"author\":{\"@id\":\"https:\/\/blogs.santosochoa.es\/logrono\/#\/schema\/person\/103664eb8c60fbeea1880c704687c2e3\"},\"description\":\"Carlos L\u00f3pez P\u00e9rez presenta \\\"La familia sagrada Bel\u00e9n\\\". Javier Asi\u00e1in presenta \\\"Raz\u00f3n del inconsciente\\\", poemas llenos de lucidez y sensibilidad.\",\"breadcrumb\":{\"@id\":\"https:\/\/blogs.santosochoa.es\/logrono\/cuentos-navidenos-y-poesia\/#breadcrumb\"},\"inLanguage\":\"es\",\"potentialAction\":[{\"@type\":\"ReadAction\",\"target\":[\"https:\/\/blogs.santosochoa.es\/logrono\/cuentos-navidenos-y-poesia\/\"]}]},{\"@type\":\"ImageObject\",\"inLanguage\":\"es\",\"@id\":\"https:\/\/blogs.santosochoa.es\/logrono\/cuentos-navidenos-y-poesia\/#primaryimage\",\"url\":\"https:\/\/blogs.santosochoa.es\/logrono\/wp-content\/uploads\/sites\/2\/2025\/11\/la-familia-sagrada-belen_Carlos-Lopez.jpg.jpg\",\"contentUrl\":\"https:\/\/blogs.santosochoa.es\/logrono\/wp-content\/uploads\/sites\/2\/2025\/11\/la-familia-sagrada-belen_Carlos-Lopez.jpg.jpg\",\"width\":1146,\"height\":1600},{\"@type\":\"BreadcrumbList\",\"@id\":\"https:\/\/blogs.santosochoa.es\/logrono\/cuentos-navidenos-y-poesia\/#breadcrumb\",\"itemListElement\":[{\"@type\":\"ListItem\",\"position\":1,\"name\":\"Home\",\"item\":\"https:\/\/blogs.santosochoa.es\/logrono\/\"},{\"@type\":\"ListItem\",\"position\":2,\"name\":\"Cuentos navide\u00f1os y poes\u00eda\"}]},{\"@type\":\"WebSite\",\"@id\":\"https:\/\/blogs.santosochoa.es\/logrono\/#website\",\"url\":\"https:\/\/blogs.santosochoa.es\/logrono\/\",\"name\":\"Santos Ochoa Logro\u00f1o\",\"description\":\"Tu Librer\u00eda Online\",\"potentialAction\":[{\"@type\":\"SearchAction\",\"target\":{\"@type\":\"EntryPoint\",\"urlTemplate\":\"https:\/\/blogs.santosochoa.es\/logrono\/?s={search_term_string}\"},\"query-input\":{\"@type\":\"PropertyValueSpecification\",\"valueRequired\":true,\"valueName\":\"search_term_string\"}}],\"inLanguage\":\"es\"},{\"@type\":\"Person\",\"@id\":\"https:\/\/blogs.santosochoa.es\/logrono\/#\/schema\/person\/103664eb8c60fbeea1880c704687c2e3\",\"name\":\"Santos Ochoa Logro\u00f1o\",\"sameAs\":[\"http:\/\/santosochoa.es\",\"https:\/\/www.facebook.com\/santosochoalog\",\"https:\/\/www.instagram.com\/santosochoalog\/\",\"https:\/\/x.com\/santosochoalog\",\"https:\/\/www.youtube.com\/c\/SantosOchoaLibros\"]}]}<\/script>\n<!-- \/ Yoast SEO plugin. -->","yoast_head_json":{"title":"Cuentos navide\u00f1os y poes\u00eda - Santos Ochoa Logro\u00f1o","description":"Carlos L\u00f3pez P\u00e9rez presenta \"La familia sagrada Bel\u00e9n\". Javier Asi\u00e1in presenta \"Raz\u00f3n del inconsciente\", poemas llenos de lucidez y sensibilidad.","robots":{"index":"index","follow":"follow","max-snippet":"max-snippet:-1","max-image-preview":"max-image-preview:large","max-video-preview":"max-video-preview:-1"},"canonical":"https:\/\/blogs.santosochoa.es\/logrono\/cuentos-navidenos-y-poesia\/","og_locale":"es_ES","og_type":"article","og_title":"Cuentos navide\u00f1os y poes\u00eda - Santos Ochoa Logro\u00f1o","og_description":"Carlos L\u00f3pez P\u00e9rez presenta \"La familia sagrada Bel\u00e9n\". Javier Asi\u00e1in presenta \"Raz\u00f3n del inconsciente\", poemas llenos de lucidez y sensibilidad.","og_url":"https:\/\/blogs.santosochoa.es\/logrono\/cuentos-navidenos-y-poesia\/","og_site_name":"Santos Ochoa Logro\u00f1o","article_author":"https:\/\/www.facebook.com\/santosochoalog","article_published_time":"2025-12-03T09:43:50+00:00","article_modified_time":"2025-12-03T09:43:52+00:00","og_image":[{"width":1146,"height":1600,"url":"https:\/\/blogs.santosochoa.es\/logrono\/wp-content\/uploads\/sites\/2\/2025\/11\/la-familia-sagrada-belen_Carlos-Lopez.jpg.jpg","type":"image\/jpeg"}],"author":"Santos Ochoa Logro\u00f1o","twitter_card":"summary_large_image","twitter_creator":"@santosochoalog","twitter_misc":{"Written by":"Santos Ochoa Logro\u00f1o","Est. reading time":"3 minutos"},"schema":{"@context":"https:\/\/schema.org","@graph":[{"@type":"Article","@id":"https:\/\/blogs.santosochoa.es\/logrono\/cuentos-navidenos-y-poesia\/#article","isPartOf":{"@id":"https:\/\/blogs.santosochoa.es\/logrono\/cuentos-navidenos-y-poesia\/"},"author":{"name":"Santos Ochoa Logro\u00f1o","@id":"https:\/\/blogs.santosochoa.es\/logrono\/#\/schema\/person\/103664eb8c60fbeea1880c704687c2e3"},"headline":"Cuentos navide\u00f1os y poes\u00eda","datePublished":"2025-12-03T09:43:50+00:00","dateModified":"2025-12-03T09:43:52+00:00","mainEntityOfPage":{"@id":"https:\/\/blogs.santosochoa.es\/logrono\/cuentos-navidenos-y-poesia\/"},"wordCount":621,"image":{"@id":"https:\/\/blogs.santosochoa.es\/logrono\/cuentos-navidenos-y-poesia\/#primaryimage"},"thumbnailUrl":"https:\/\/blogs.santosochoa.es\/logrono\/wp-content\/uploads\/sites\/2\/2025\/11\/la-familia-sagrada-belen_Carlos-Lopez.jpg.jpg","articleSection":["libros","libros do rioja","poes\u00eda"],"inLanguage":"es"},{"@type":"WebPage","@id":"https:\/\/blogs.santosochoa.es\/logrono\/cuentos-navidenos-y-poesia\/","url":"https:\/\/blogs.santosochoa.es\/logrono\/cuentos-navidenos-y-poesia\/","name":"Cuentos navide\u00f1os y poes\u00eda - Santos Ochoa Logro\u00f1o","isPartOf":{"@id":"https:\/\/blogs.santosochoa.es\/logrono\/#website"},"primaryImageOfPage":{"@id":"https:\/\/blogs.santosochoa.es\/logrono\/cuentos-navidenos-y-poesia\/#primaryimage"},"image":{"@id":"https:\/\/blogs.santosochoa.es\/logrono\/cuentos-navidenos-y-poesia\/#primaryimage"},"thumbnailUrl":"https:\/\/blogs.santosochoa.es\/logrono\/wp-content\/uploads\/sites\/2\/2025\/11\/la-familia-sagrada-belen_Carlos-Lopez.jpg.jpg","datePublished":"2025-12-03T09:43:50+00:00","dateModified":"2025-12-03T09:43:52+00:00","author":{"@id":"https:\/\/blogs.santosochoa.es\/logrono\/#\/schema\/person\/103664eb8c60fbeea1880c704687c2e3"},"description":"Carlos L\u00f3pez P\u00e9rez presenta \"La familia sagrada Bel\u00e9n\". Javier Asi\u00e1in presenta \"Raz\u00f3n del inconsciente\", poemas llenos de lucidez y sensibilidad.","breadcrumb":{"@id":"https:\/\/blogs.santosochoa.es\/logrono\/cuentos-navidenos-y-poesia\/#breadcrumb"},"inLanguage":"es","potentialAction":[{"@type":"ReadAction","target":["https:\/\/blogs.santosochoa.es\/logrono\/cuentos-navidenos-y-poesia\/"]}]},{"@type":"ImageObject","inLanguage":"es","@id":"https:\/\/blogs.santosochoa.es\/logrono\/cuentos-navidenos-y-poesia\/#primaryimage","url":"https:\/\/blogs.santosochoa.es\/logrono\/wp-content\/uploads\/sites\/2\/2025\/11\/la-familia-sagrada-belen_Carlos-Lopez.jpg.jpg","contentUrl":"https:\/\/blogs.santosochoa.es\/logrono\/wp-content\/uploads\/sites\/2\/2025\/11\/la-familia-sagrada-belen_Carlos-Lopez.jpg.jpg","width":1146,"height":1600},{"@type":"BreadcrumbList","@id":"https:\/\/blogs.santosochoa.es\/logrono\/cuentos-navidenos-y-poesia\/#breadcrumb","itemListElement":[{"@type":"ListItem","position":1,"name":"Home","item":"https:\/\/blogs.santosochoa.es\/logrono\/"},{"@type":"ListItem","position":2,"name":"Cuentos navide\u00f1os y poes\u00eda"}]},{"@type":"WebSite","@id":"https:\/\/blogs.santosochoa.es\/logrono\/#website","url":"https:\/\/blogs.santosochoa.es\/logrono\/","name":"Santos Ochoa Logro\u00f1o","description":"Tu Librer\u00eda Online","potentialAction":[{"@type":"SearchAction","target":{"@type":"EntryPoint","urlTemplate":"https:\/\/blogs.santosochoa.es\/logrono\/?s={search_term_string}"},"query-input":{"@type":"PropertyValueSpecification","valueRequired":true,"valueName":"search_term_string"}}],"inLanguage":"es"},{"@type":"Person","@id":"https:\/\/blogs.santosochoa.es\/logrono\/#\/schema\/person\/103664eb8c60fbeea1880c704687c2e3","name":"Santos Ochoa Logro\u00f1o","sameAs":["http:\/\/santosochoa.es","https:\/\/www.facebook.com\/santosochoalog","https:\/\/www.instagram.com\/santosochoalog\/","https:\/\/x.com\/santosochoalog","https:\/\/www.youtube.com\/c\/SantosOchoaLibros"]}]}},"_links":{"self":[{"href":"https:\/\/blogs.santosochoa.es\/logrono\/wp-json\/wp\/v2\/posts\/4966","targetHints":{"allow":["GET"]}}],"collection":[{"href":"https:\/\/blogs.santosochoa.es\/logrono\/wp-json\/wp\/v2\/posts"}],"about":[{"href":"https:\/\/blogs.santosochoa.es\/logrono\/wp-json\/wp\/v2\/types\/post"}],"author":[{"embeddable":true,"href":"https:\/\/blogs.santosochoa.es\/logrono\/wp-json\/wp\/v2\/users\/4"}],"replies":[{"embeddable":true,"href":"https:\/\/blogs.santosochoa.es\/logrono\/wp-json\/wp\/v2\/comments?post=4966"}],"version-history":[{"count":1,"href":"https:\/\/blogs.santosochoa.es\/logrono\/wp-json\/wp\/v2\/posts\/4966\/revisions"}],"predecessor-version":[{"id":4967,"href":"https:\/\/blogs.santosochoa.es\/logrono\/wp-json\/wp\/v2\/posts\/4966\/revisions\/4967"}],"wp:featuredmedia":[{"embeddable":true,"href":"https:\/\/blogs.santosochoa.es\/logrono\/wp-json\/wp\/v2\/media\/4945"}],"wp:attachment":[{"href":"https:\/\/blogs.santosochoa.es\/logrono\/wp-json\/wp\/v2\/media?parent=4966"}],"wp:term":[{"taxonomy":"category","embeddable":true,"href":"https:\/\/blogs.santosochoa.es\/logrono\/wp-json\/wp\/v2\/categories?post=4966"},{"taxonomy":"post_tag","embeddable":true,"href":"https:\/\/blogs.santosochoa.es\/logrono\/wp-json\/wp\/v2\/tags?post=4966"}],"curies":[{"name":"wp","href":"https:\/\/api.w.org\/{rel}","templated":true}]}}