{"id":4814,"date":"2025-06-27T10:59:10","date_gmt":"2025-06-27T08:59:10","guid":{"rendered":"https:\/\/blogs.santosochoa.es\/logrono\/?p=4814"},"modified":"2025-07-01T12:38:29","modified_gmt":"2025-07-01T10:38:29","slug":"angelica-morales-y-feria-veralibro","status":"publish","type":"post","link":"https:\/\/blogs.santosochoa.es\/logrono\/angelica-morales-y-feria-veralibro\/","title":{"rendered":"Ang\u00e9lica Morales y Feria VeraLibro"},"content":{"rendered":"\n<h3 class=\"wp-block-heading\">Charla con la Autora<\/h3>\n\n\n\n<h2 class=\"wp-block-heading\"><strong>Ang\u00e9lica Morales y <em>Est\u00e1s en mis ojos<\/em>. La fascinante vida de la fot\u00f3grafa H\u00e9l\u00e8ne Roger, una mujer adelantada a su tiempo<\/strong>.<\/h2>\n\n\n\n<h3 class=\"wp-block-heading\"><strong>\ud83d\udcc5<\/strong><strong>\u200b Martes 1 de julio | 19:00 h.<\/strong><\/h3>\n\n\n\n<h4 class=\"wp-block-heading\">\ud83d\udccc\u200b Santos Ochoa (Calvo Sotelo, 19, Logro\u00f1o)<\/h4>\n\n\n\n<p><strong>\u25b6\ufe0f Y en YouTube:<\/strong> <a href=\"https:\/\/www.youtube.com\/c\/SantosOchoaLibros\" target=\"_blank\" rel=\"noreferrer noopener\">youtube.com\/c\/SantosOchoaLibros<\/a><\/p>\n\n\n\n<p>Con la escritora Mar A\u00edsa Poderoso.<\/p>\n\n\n\n<div class=\"wp-block-image\"><figure class=\"alignright size-full is-resized\"><img decoding=\"async\" src=\"https:\/\/blogs.santosochoa.es\/logrono\/wp-content\/uploads\/sites\/2\/2025\/05\/estas-en-mis-ojos_angelica-morales.jpg\" alt=\"\" class=\"wp-image-4795\" width=\"300\" srcset=\"https:\/\/blogs.santosochoa.es\/logrono\/wp-content\/uploads\/sites\/2\/2025\/05\/estas-en-mis-ojos_angelica-morales.jpg 700w, https:\/\/blogs.santosochoa.es\/logrono\/wp-content\/uploads\/sites\/2\/2025\/05\/estas-en-mis-ojos_angelica-morales-176x300.jpg 176w, https:\/\/blogs.santosochoa.es\/logrono\/wp-content\/uploads\/sites\/2\/2025\/05\/estas-en-mis-ojos_angelica-morales-601x1024.jpg 601w\" sizes=\"(max-width: 700px) 100vw, 700px\" \/><\/figure><\/div>\n\n\n\n<h5 class=\"wp-block-heading\"><strong>Par\u00eds, 1985. La prestigiosa fot\u00f3grafa H\u00e9l\u00e8ne Roger, fundadora de la c\u00e9lebre agencia de fotograf\u00eda Roger-Viollet, es asesinada a los ochenta y tres a\u00f1os a manos de su marido y socio Jean Fisher. La inspectora de polic\u00eda Isabel Santolaria enseguida se pone al mando de la investigaci\u00f3n junto con el inspector Michel \u00c9tienne, con el que mantiene una relaci\u00f3n extramatrimonial basada en la dominaci\u00f3n y la violencia. Pero muy pronto Fisher se suicida en su celda antes de que comience el juicio. Debido al insoportable acoso de su compa\u00f1ero, Isabel toma una decisi\u00f3n que le marcar\u00e1 la vida.<\/strong><\/h5>\n\n\n\n<p>En 2019 Isabel, con sesenta a\u00f1os, se dedica a escribir en la sombra memorias de personajes c\u00e9lebres. Un d\u00eda recibe una llamada de Carlota Masson, una extrabajadora de la agencia Roger-Viollet que le encarga escribir la biograf\u00eda de H\u00e9l\u00e8ne para que su vida no quede sepultada en el olvido. A partir de entonces, Isabel deber\u00e1 recordar los a\u00f1os m\u00e1s duros de su vida y tejer los hilos de la historia de una mujer adelantada a su tiempo que se hizo un hueco en un mundo de hombres.<\/p>\n\n\n\n<p><strong>Ang\u00e9lica Morales<\/strong> (Teruel, 1970). Escritora, actriz y directora teatral. Galardonada con numerosos premios nacionales e internacionales de poes\u00eda, como el V Premio Internacional de Poes\u00eda Gabriel Celaya 2022, de la Diputaci\u00f3n Foral de Guip\u00fazcoa, por Mi padre cuenta monedas; y el XXXIV Premio Santa Isabel de Poes\u00eda 2024, de la Diputaci\u00f3n de Zaragoza, por el poemario <em>Dolor<\/em>. Entre sus \u00faltimas obras de narrativa se encuentra la novela <em>La casa de los hilos rotos<\/em> (Destino, 2023) y el relato ilustrado <em>Las envidiosas<\/em> (Rasmia Ediciones, 2024).<\/p>\n\n\n\n<div style=\"height:49px\" aria-hidden=\"true\" class=\"wp-block-spacer\"><\/div>\n\n\n\n<h2 class=\"wp-block-heading\"><strong>Feria VeraLibro y firmas de escritores riojanos<\/strong>.<\/h2>\n\n\n\n<h3 class=\"wp-block-heading\"><strong>\ud83d\udcc5<\/strong><strong>\u200b Del 3 al 5 de julio<\/strong><\/h3>\n\n\n\n<h4 class=\"wp-block-heading\">\ud83d\udccc\u200b Santos Ochoa (Calvo Sotelo, 19. &nbsp;Gran V\u00eda, 55. Av. de la Paz, 49. CC Parque Rioja)<\/h4>\n\n\n\n<div class=\"wp-block-image\"><figure class=\"alignleft size-large\"><img loading=\"lazy\" decoding=\"async\" width=\"1024\" height=\"1024\" src=\"https:\/\/blogs.santosochoa.es\/logrono\/wp-content\/uploads\/sites\/2\/2025\/06\/VERALIBRO-2025_firmas_feed_3-1024x1024.jpg\" alt=\"\" class=\"wp-image-4820\" srcset=\"https:\/\/blogs.santosochoa.es\/logrono\/wp-content\/uploads\/sites\/2\/2025\/06\/VERALIBRO-2025_firmas_feed_3-1024x1024.jpg 1024w, https:\/\/blogs.santosochoa.es\/logrono\/wp-content\/uploads\/sites\/2\/2025\/06\/VERALIBRO-2025_firmas_feed_3-300x300.jpg 300w, https:\/\/blogs.santosochoa.es\/logrono\/wp-content\/uploads\/sites\/2\/2025\/06\/VERALIBRO-2025_firmas_feed_3-150x150.jpg 150w, https:\/\/blogs.santosochoa.es\/logrono\/wp-content\/uploads\/sites\/2\/2025\/06\/VERALIBRO-2025_firmas_feed_3-768x768.jpg 768w, https:\/\/blogs.santosochoa.es\/logrono\/wp-content\/uploads\/sites\/2\/2025\/06\/VERALIBRO-2025_firmas_feed_3.jpg 1080w\" sizes=\"auto, (max-width: 1024px) 100vw, 1024px\" \/><\/figure><\/div>\n\n\n\n<h5 class=\"wp-block-heading\"><strong>Los libros son para el verano, como las bicicletas\u2026 Por eso, del 3 al 5 de julio salimos a la calle a ofrecerte las mejores lecturas. Habr\u00e1 una muestra especial de libros de autores y editoriales riojanas, 5% de descuento en todos los libros y regalo de una l\u00e1mina de La vida es sue\u00f1o edici\u00f3n limitada por las compras de m\u00e1s de 20 \u20ac.<\/strong><\/h5>\n\n\n\n<p>Adem\u00e1s, al caer la tarde, algunos escritores riojanos te esperan en Santos Ochoa Gran V\u00eda para charlar y dedicarte sus libros\u2026<\/p>\n\n\n\n<p><strong>Jueves 3. De 19 a 21 h. <\/strong>Santos Ochoa (Gran V\u00eda, 55)<\/p>\n\n\n\n<p>Isabel Lizarraga<\/p>\n\n\n\n<p>Pascual Mart\u00ednez<\/p>\n\n\n\n<p>Francisco Tapia<\/p>\n\n\n\n<p><strong>Viernes 4. De 19 a 21 h. <\/strong>Santos Ochoa (Gran V\u00eda, 55)<\/p>\n\n\n\n<p>Carlos Daun\u00e9s<\/p>\n\n\n\n<p>Ra\u00fal Ju\u00e1rez<\/p>\n\n\n\n<p>Francisco Mir<\/p>\n\n\n\n<p>Mila Ruiz<\/p>\n\n\n\n<p>Raquel Villar<\/p>\n\n\n\n<p><strong>S\u00e1bado 5. De 19 a 21 h. <\/strong>Santos Ochoa (Gran V\u00eda, 55)<\/p>\n\n\n\n<p>Irene Castellanos<\/p>\n\n\n\n<p>Enrique Marcos<\/p>\n\n\n\n<p>M\u00aa Jos\u00e9 Marrod\u00e1n<\/p>\n","protected":false},"excerpt":{"rendered":"<p>Charla con la Autora: Ang\u00e9lica Morales y \u00abEst\u00e1s en mis ojos\u00bb. Feria VeraLibro y firmas de escritores riojanos.<\/p>\n","protected":false},"author":4,"featured_media":4795,"comment_status":"closed","ping_status":"closed","sticky":false,"template":"","format":"standard","meta":{"footnotes":""},"categories":[14,12,13,1],"tags":[],"class_list":["post-4814","post","type-post","status-publish","format-standard","has-post-thumbnail","hentry","category-charla-con-el-autor","category-libros","category-libros-do-rioja","category-sin-categoria"],"yoast_head":"<!-- This site is optimized with the Yoast SEO plugin v27.2 - https:\/\/yoast.com\/product\/yoast-seo-wordpress\/ -->\n<title>Ang\u00e9lica Morales y Feria VeraLibro - Santos Ochoa Logro\u00f1o<\/title>\n<meta name=\"robots\" content=\"index, follow, max-snippet:-1, max-image-preview:large, max-video-preview:-1\" \/>\n<link rel=\"canonical\" href=\"https:\/\/blogs.santosochoa.es\/logrono\/angelica-morales-y-feria-veralibro\/\" \/>\n<meta property=\"og:locale\" content=\"es_ES\" \/>\n<meta property=\"og:type\" content=\"article\" \/>\n<meta property=\"og:title\" content=\"Ang\u00e9lica Morales y Feria VeraLibro - Santos Ochoa Logro\u00f1o\" \/>\n<meta property=\"og:description\" content=\"Charla con la Autora: Ang\u00e9lica Morales y &quot;Est\u00e1s en mis ojos&quot;. Feria VeraLibro y firmas de escritores riojanos.\" \/>\n<meta property=\"og:url\" content=\"https:\/\/blogs.santosochoa.es\/logrono\/angelica-morales-y-feria-veralibro\/\" \/>\n<meta property=\"og:site_name\" content=\"Santos Ochoa Logro\u00f1o\" \/>\n<meta property=\"article:author\" content=\"https:\/\/www.facebook.com\/santosochoalog\" \/>\n<meta property=\"article:published_time\" content=\"2025-06-27T08:59:10+00:00\" \/>\n<meta property=\"article:modified_time\" content=\"2025-07-01T10:38:29+00:00\" \/>\n<meta property=\"og:image\" content=\"https:\/\/blogs.santosochoa.es\/logrono\/wp-content\/uploads\/sites\/2\/2025\/05\/estas-en-mis-ojos_angelica-morales.jpg\" \/>\n\t<meta property=\"og:image:width\" content=\"700\" \/>\n\t<meta property=\"og:image:height\" content=\"1193\" \/>\n\t<meta property=\"og:image:type\" content=\"image\/jpeg\" \/>\n<meta name=\"author\" content=\"Santos Ochoa Logro\u00f1o\" \/>\n<meta name=\"twitter:card\" content=\"summary_large_image\" \/>\n<meta name=\"twitter:creator\" content=\"@santosochoalog\" \/>\n<meta name=\"twitter:label1\" content=\"Written by\" \/>\n\t<meta name=\"twitter:data1\" content=\"Santos Ochoa Logro\u00f1o\" \/>\n\t<meta name=\"twitter:label2\" content=\"Est. reading time\" \/>\n\t<meta name=\"twitter:data2\" content=\"3 minutos\" \/>\n<script type=\"application\/ld+json\" class=\"yoast-schema-graph\">{\"@context\":\"https:\/\/schema.org\",\"@graph\":[{\"@type\":\"Article\",\"@id\":\"https:\/\/blogs.santosochoa.es\/logrono\/angelica-morales-y-feria-veralibro\/#article\",\"isPartOf\":{\"@id\":\"https:\/\/blogs.santosochoa.es\/logrono\/angelica-morales-y-feria-veralibro\/\"},\"author\":{\"name\":\"Santos Ochoa Logro\u00f1o\",\"@id\":\"https:\/\/blogs.santosochoa.es\/logrono\/#\/schema\/person\/103664eb8c60fbeea1880c704687c2e3\"},\"headline\":\"Ang\u00e9lica Morales y Feria VeraLibro\",\"datePublished\":\"2025-06-27T08:59:10+00:00\",\"dateModified\":\"2025-07-01T10:38:29+00:00\",\"mainEntityOfPage\":{\"@id\":\"https:\/\/blogs.santosochoa.es\/logrono\/angelica-morales-y-feria-veralibro\/\"},\"wordCount\":517,\"image\":{\"@id\":\"https:\/\/blogs.santosochoa.es\/logrono\/angelica-morales-y-feria-veralibro\/#primaryimage\"},\"thumbnailUrl\":\"https:\/\/blogs.santosochoa.es\/logrono\/wp-content\/uploads\/sites\/2\/2025\/05\/estas-en-mis-ojos_angelica-morales.jpg\",\"articleSection\":[\"charla con el autor\",\"libros\",\"libros do rioja\"],\"inLanguage\":\"es\"},{\"@type\":\"WebPage\",\"@id\":\"https:\/\/blogs.santosochoa.es\/logrono\/angelica-morales-y-feria-veralibro\/\",\"url\":\"https:\/\/blogs.santosochoa.es\/logrono\/angelica-morales-y-feria-veralibro\/\",\"name\":\"Ang\u00e9lica Morales y Feria VeraLibro - Santos Ochoa Logro\u00f1o\",\"isPartOf\":{\"@id\":\"https:\/\/blogs.santosochoa.es\/logrono\/#website\"},\"primaryImageOfPage\":{\"@id\":\"https:\/\/blogs.santosochoa.es\/logrono\/angelica-morales-y-feria-veralibro\/#primaryimage\"},\"image\":{\"@id\":\"https:\/\/blogs.santosochoa.es\/logrono\/angelica-morales-y-feria-veralibro\/#primaryimage\"},\"thumbnailUrl\":\"https:\/\/blogs.santosochoa.es\/logrono\/wp-content\/uploads\/sites\/2\/2025\/05\/estas-en-mis-ojos_angelica-morales.jpg\",\"datePublished\":\"2025-06-27T08:59:10+00:00\",\"dateModified\":\"2025-07-01T10:38:29+00:00\",\"author\":{\"@id\":\"https:\/\/blogs.santosochoa.es\/logrono\/#\/schema\/person\/103664eb8c60fbeea1880c704687c2e3\"},\"breadcrumb\":{\"@id\":\"https:\/\/blogs.santosochoa.es\/logrono\/angelica-morales-y-feria-veralibro\/#breadcrumb\"},\"inLanguage\":\"es\",\"potentialAction\":[{\"@type\":\"ReadAction\",\"target\":[\"https:\/\/blogs.santosochoa.es\/logrono\/angelica-morales-y-feria-veralibro\/\"]}]},{\"@type\":\"ImageObject\",\"inLanguage\":\"es\",\"@id\":\"https:\/\/blogs.santosochoa.es\/logrono\/angelica-morales-y-feria-veralibro\/#primaryimage\",\"url\":\"https:\/\/blogs.santosochoa.es\/logrono\/wp-content\/uploads\/sites\/2\/2025\/05\/estas-en-mis-ojos_angelica-morales.jpg\",\"contentUrl\":\"https:\/\/blogs.santosochoa.es\/logrono\/wp-content\/uploads\/sites\/2\/2025\/05\/estas-en-mis-ojos_angelica-morales.jpg\",\"width\":700,\"height\":1193},{\"@type\":\"BreadcrumbList\",\"@id\":\"https:\/\/blogs.santosochoa.es\/logrono\/angelica-morales-y-feria-veralibro\/#breadcrumb\",\"itemListElement\":[{\"@type\":\"ListItem\",\"position\":1,\"name\":\"Home\",\"item\":\"https:\/\/blogs.santosochoa.es\/logrono\/\"},{\"@type\":\"ListItem\",\"position\":2,\"name\":\"Ang\u00e9lica Morales y Feria VeraLibro\"}]},{\"@type\":\"WebSite\",\"@id\":\"https:\/\/blogs.santosochoa.es\/logrono\/#website\",\"url\":\"https:\/\/blogs.santosochoa.es\/logrono\/\",\"name\":\"Santos Ochoa Logro\u00f1o\",\"description\":\"Tu Librer\u00eda Online\",\"potentialAction\":[{\"@type\":\"SearchAction\",\"target\":{\"@type\":\"EntryPoint\",\"urlTemplate\":\"https:\/\/blogs.santosochoa.es\/logrono\/?s={search_term_string}\"},\"query-input\":{\"@type\":\"PropertyValueSpecification\",\"valueRequired\":true,\"valueName\":\"search_term_string\"}}],\"inLanguage\":\"es\"},{\"@type\":\"Person\",\"@id\":\"https:\/\/blogs.santosochoa.es\/logrono\/#\/schema\/person\/103664eb8c60fbeea1880c704687c2e3\",\"name\":\"Santos Ochoa Logro\u00f1o\",\"sameAs\":[\"http:\/\/santosochoa.es\",\"https:\/\/www.facebook.com\/santosochoalog\",\"https:\/\/www.instagram.com\/santosochoalog\/\",\"https:\/\/x.com\/santosochoalog\",\"https:\/\/www.youtube.com\/c\/SantosOchoaLibros\"]}]}<\/script>\n<!-- \/ Yoast SEO plugin. -->","yoast_head_json":{"title":"Ang\u00e9lica Morales y Feria VeraLibro - Santos Ochoa Logro\u00f1o","robots":{"index":"index","follow":"follow","max-snippet":"max-snippet:-1","max-image-preview":"max-image-preview:large","max-video-preview":"max-video-preview:-1"},"canonical":"https:\/\/blogs.santosochoa.es\/logrono\/angelica-morales-y-feria-veralibro\/","og_locale":"es_ES","og_type":"article","og_title":"Ang\u00e9lica Morales y Feria VeraLibro - Santos Ochoa Logro\u00f1o","og_description":"Charla con la Autora: Ang\u00e9lica Morales y \"Est\u00e1s en mis ojos\". Feria VeraLibro y firmas de escritores riojanos.","og_url":"https:\/\/blogs.santosochoa.es\/logrono\/angelica-morales-y-feria-veralibro\/","og_site_name":"Santos Ochoa Logro\u00f1o","article_author":"https:\/\/www.facebook.com\/santosochoalog","article_published_time":"2025-06-27T08:59:10+00:00","article_modified_time":"2025-07-01T10:38:29+00:00","og_image":[{"width":700,"height":1193,"url":"https:\/\/blogs.santosochoa.es\/logrono\/wp-content\/uploads\/sites\/2\/2025\/05\/estas-en-mis-ojos_angelica-morales.jpg","type":"image\/jpeg"}],"author":"Santos Ochoa Logro\u00f1o","twitter_card":"summary_large_image","twitter_creator":"@santosochoalog","twitter_misc":{"Written by":"Santos Ochoa Logro\u00f1o","Est. reading time":"3 minutos"},"schema":{"@context":"https:\/\/schema.org","@graph":[{"@type":"Article","@id":"https:\/\/blogs.santosochoa.es\/logrono\/angelica-morales-y-feria-veralibro\/#article","isPartOf":{"@id":"https:\/\/blogs.santosochoa.es\/logrono\/angelica-morales-y-feria-veralibro\/"},"author":{"name":"Santos Ochoa Logro\u00f1o","@id":"https:\/\/blogs.santosochoa.es\/logrono\/#\/schema\/person\/103664eb8c60fbeea1880c704687c2e3"},"headline":"Ang\u00e9lica Morales y Feria VeraLibro","datePublished":"2025-06-27T08:59:10+00:00","dateModified":"2025-07-01T10:38:29+00:00","mainEntityOfPage":{"@id":"https:\/\/blogs.santosochoa.es\/logrono\/angelica-morales-y-feria-veralibro\/"},"wordCount":517,"image":{"@id":"https:\/\/blogs.santosochoa.es\/logrono\/angelica-morales-y-feria-veralibro\/#primaryimage"},"thumbnailUrl":"https:\/\/blogs.santosochoa.es\/logrono\/wp-content\/uploads\/sites\/2\/2025\/05\/estas-en-mis-ojos_angelica-morales.jpg","articleSection":["charla con el autor","libros","libros do rioja"],"inLanguage":"es"},{"@type":"WebPage","@id":"https:\/\/blogs.santosochoa.es\/logrono\/angelica-morales-y-feria-veralibro\/","url":"https:\/\/blogs.santosochoa.es\/logrono\/angelica-morales-y-feria-veralibro\/","name":"Ang\u00e9lica Morales y Feria VeraLibro - Santos Ochoa Logro\u00f1o","isPartOf":{"@id":"https:\/\/blogs.santosochoa.es\/logrono\/#website"},"primaryImageOfPage":{"@id":"https:\/\/blogs.santosochoa.es\/logrono\/angelica-morales-y-feria-veralibro\/#primaryimage"},"image":{"@id":"https:\/\/blogs.santosochoa.es\/logrono\/angelica-morales-y-feria-veralibro\/#primaryimage"},"thumbnailUrl":"https:\/\/blogs.santosochoa.es\/logrono\/wp-content\/uploads\/sites\/2\/2025\/05\/estas-en-mis-ojos_angelica-morales.jpg","datePublished":"2025-06-27T08:59:10+00:00","dateModified":"2025-07-01T10:38:29+00:00","author":{"@id":"https:\/\/blogs.santosochoa.es\/logrono\/#\/schema\/person\/103664eb8c60fbeea1880c704687c2e3"},"breadcrumb":{"@id":"https:\/\/blogs.santosochoa.es\/logrono\/angelica-morales-y-feria-veralibro\/#breadcrumb"},"inLanguage":"es","potentialAction":[{"@type":"ReadAction","target":["https:\/\/blogs.santosochoa.es\/logrono\/angelica-morales-y-feria-veralibro\/"]}]},{"@type":"ImageObject","inLanguage":"es","@id":"https:\/\/blogs.santosochoa.es\/logrono\/angelica-morales-y-feria-veralibro\/#primaryimage","url":"https:\/\/blogs.santosochoa.es\/logrono\/wp-content\/uploads\/sites\/2\/2025\/05\/estas-en-mis-ojos_angelica-morales.jpg","contentUrl":"https:\/\/blogs.santosochoa.es\/logrono\/wp-content\/uploads\/sites\/2\/2025\/05\/estas-en-mis-ojos_angelica-morales.jpg","width":700,"height":1193},{"@type":"BreadcrumbList","@id":"https:\/\/blogs.santosochoa.es\/logrono\/angelica-morales-y-feria-veralibro\/#breadcrumb","itemListElement":[{"@type":"ListItem","position":1,"name":"Home","item":"https:\/\/blogs.santosochoa.es\/logrono\/"},{"@type":"ListItem","position":2,"name":"Ang\u00e9lica Morales y Feria VeraLibro"}]},{"@type":"WebSite","@id":"https:\/\/blogs.santosochoa.es\/logrono\/#website","url":"https:\/\/blogs.santosochoa.es\/logrono\/","name":"Santos Ochoa Logro\u00f1o","description":"Tu Librer\u00eda Online","potentialAction":[{"@type":"SearchAction","target":{"@type":"EntryPoint","urlTemplate":"https:\/\/blogs.santosochoa.es\/logrono\/?s={search_term_string}"},"query-input":{"@type":"PropertyValueSpecification","valueRequired":true,"valueName":"search_term_string"}}],"inLanguage":"es"},{"@type":"Person","@id":"https:\/\/blogs.santosochoa.es\/logrono\/#\/schema\/person\/103664eb8c60fbeea1880c704687c2e3","name":"Santos Ochoa Logro\u00f1o","sameAs":["http:\/\/santosochoa.es","https:\/\/www.facebook.com\/santosochoalog","https:\/\/www.instagram.com\/santosochoalog\/","https:\/\/x.com\/santosochoalog","https:\/\/www.youtube.com\/c\/SantosOchoaLibros"]}]}},"_links":{"self":[{"href":"https:\/\/blogs.santosochoa.es\/logrono\/wp-json\/wp\/v2\/posts\/4814","targetHints":{"allow":["GET"]}}],"collection":[{"href":"https:\/\/blogs.santosochoa.es\/logrono\/wp-json\/wp\/v2\/posts"}],"about":[{"href":"https:\/\/blogs.santosochoa.es\/logrono\/wp-json\/wp\/v2\/types\/post"}],"author":[{"embeddable":true,"href":"https:\/\/blogs.santosochoa.es\/logrono\/wp-json\/wp\/v2\/users\/4"}],"replies":[{"embeddable":true,"href":"https:\/\/blogs.santosochoa.es\/logrono\/wp-json\/wp\/v2\/comments?post=4814"}],"version-history":[{"count":4,"href":"https:\/\/blogs.santosochoa.es\/logrono\/wp-json\/wp\/v2\/posts\/4814\/revisions"}],"predecessor-version":[{"id":4821,"href":"https:\/\/blogs.santosochoa.es\/logrono\/wp-json\/wp\/v2\/posts\/4814\/revisions\/4821"}],"wp:featuredmedia":[{"embeddable":true,"href":"https:\/\/blogs.santosochoa.es\/logrono\/wp-json\/wp\/v2\/media\/4795"}],"wp:attachment":[{"href":"https:\/\/blogs.santosochoa.es\/logrono\/wp-json\/wp\/v2\/media?parent=4814"}],"wp:term":[{"taxonomy":"category","embeddable":true,"href":"https:\/\/blogs.santosochoa.es\/logrono\/wp-json\/wp\/v2\/categories?post=4814"},{"taxonomy":"post_tag","embeddable":true,"href":"https:\/\/blogs.santosochoa.es\/logrono\/wp-json\/wp\/v2\/tags?post=4814"}],"curies":[{"name":"wp","href":"https:\/\/api.w.org\/{rel}","templated":true}]}}