{"id":4797,"date":"2025-05-28T12:49:37","date_gmt":"2025-05-28T10:49:37","guid":{"rendered":"https:\/\/blogs.santosochoa.es\/logrono\/?p=4797"},"modified":"2025-05-28T12:52:15","modified_gmt":"2025-05-28T10:52:15","slug":"aramburu-gellida-sendino","status":"publish","type":"post","link":"https:\/\/blogs.santosochoa.es\/logrono\/aramburu-gellida-sendino\/","title":{"rendered":"Fernando Aramburu, C\u00e9sar P\u00e9rez Gellida e Irene Sendino"},"content":{"rendered":"\n<h3 class=\"wp-block-heading\">Charla con el Autor<\/h3>\n\n\n\n<h2 class=\"wp-block-heading\"><strong>Fernando Aramburu y <em>Hombre ca\u00eddo<\/em>. Una inolvidable colecci\u00f3n de relatos<\/strong><\/h2>\n\n\n\n<h3 class=\"wp-block-heading\"><strong>\ud83d\udcc5<\/strong><strong>\u200b Lunes 2 de junio | 19:30 h.<\/strong><\/h3>\n\n\n\n<h4 class=\"wp-block-heading\">\ud83d\udccc\u200b Santos Ochoa (Calvo Sotelo, 19, Logro\u00f1o)<\/h4>\n\n\n\n<p><strong>\u25b6\ufe0f Y en YouTube:<\/strong> <a href=\"https:\/\/www.youtube.com\/c\/SantosOchoaLibros\" target=\"_blank\" rel=\"noreferrer noopener\">youtube.com\/c\/SantosOchoaLibros<\/a><\/p>\n\n\n\n<p>Con <strong>Miguel \u00c1ngel Muro Munilla<\/strong>, profesor de Literatura en la Universidad de La Rioja.<\/p>\n\n\n\n<div class=\"wp-block-image\"><figure class=\"alignright size-full is-resized\"><a href=\"https:\/\/www.santosochoa.es\/libros\/aramburu-fernando_hombre-caido_9788411075930\" target=\"_blank\" rel=\"noopener noreferrer\"><img decoding=\"async\" src=\"https:\/\/blogs.santosochoa.es\/logrono\/wp-content\/uploads\/sites\/2\/2025\/05\/hombre-caido_fernando-aramburu.jpg\" alt=\"\" class=\"wp-image-4779\" width=\"300\" srcset=\"https:\/\/blogs.santosochoa.es\/logrono\/wp-content\/uploads\/sites\/2\/2025\/05\/hombre-caido_fernando-aramburu.jpg 700w, https:\/\/blogs.santosochoa.es\/logrono\/wp-content\/uploads\/sites\/2\/2025\/05\/hombre-caido_fernando-aramburu-199x300.jpg 199w, https:\/\/blogs.santosochoa.es\/logrono\/wp-content\/uploads\/sites\/2\/2025\/05\/hombre-caido_fernando-aramburu-678x1024.jpg 678w\" sizes=\"(max-width: 700px) 100vw, 700px\" \/><\/a><\/figure><\/div>\n\n\n\n<blockquote class=\"wp-block-quote is-layout-flow wp-block-quote-is-layout-flow\"><p><em>\u00abRelatos que tratan sobre lo que nos inquieta\u2026 aderezados con un humor a menudo desternillante.\u00bb<\/em> Ascensi\u00f3n Rivas, El Cultural<\/p><\/blockquote>\n\n\n\n<h5 class=\"wp-block-heading\"><strong>Una mujer que deja de cuidar a sus padres enfermos para fotografiar ardillas en el parque, un joven que asegura a su hermano que le ha vengado de la paliza que le dieron, un padre que sale a comprar un gran peluche de segunda mano y se encuentra con una historia inesperada, un hombre ca\u00eddo al que no pueden ayudar los transe\u00fantes\u2026<\/strong><\/h5>\n\n\n\n<p>Los cuentos del nuevo libro de Aramburu van de la emoci\u00f3n al terror, del absurdo a la sorpresa y el humor, de la angustia a la m\u00e1s inquietante normalidad, y todas son inolvidables. El nuevo libro de Fernando Aramburu es una l\u00facida inmersi\u00f3n en la naturaleza humana: desde la soledad de quienes no son comprendidos hasta el comportamiento con nuestros vecinos ca\u00eddos en desgracia, desde las interioridades de las parejas a rivalidades de por vida, las envidas o los sentimientos m\u00e1s inconfesables.<\/p>\n\n\n\n<p><strong>Fernando Aramburu<\/strong>&nbsp;(San Sebasti\u00e1n, 1959) es autor de los libros de cuentos&nbsp;<em>Los peces de la amargura<\/em>&nbsp;(XI Premio Mario Vargas Llosa NH, IV Premio Dulce Chac\u00f3n y Premio Real Academia Espa\u00f1ola 2008) y&nbsp;<em>El vigilante del fiordo<\/em>, de las obras de no ficci\u00f3n&nbsp;<em>Autorretrato sin m\u00ed<\/em>,&nbsp;<em>Vetas profundas<\/em> y&nbsp;<em>Utilidad de las desgracias<\/em>, as\u00ed como de las novelas&nbsp;<em>Fuegos con lim\u00f3n<\/em>,&nbsp;<em>Los ojos vac\u00edos<\/em>&nbsp;(Premio Euskadi),&nbsp;<em>El trompetista del Utop\u00eda<\/em>,&nbsp;<em>Bami sin sombra<\/em>,&nbsp;<em>Viaje con Clara por Alemania<\/em>,&nbsp;<em>A\u00f1os lentos<\/em>&nbsp;(Premio Tusquets Editores de Novela y Premio de los Libreros de Madrid),&nbsp;<em>La gran Marivi\u00e1n<\/em>,&nbsp;<em>\u00c1vidas pretensiones<\/em>&nbsp;(Premio Biblioteca Breve) y&nbsp;<em>Patria<\/em>&nbsp;(Premio Nacional de Narrativa, Premio de la Cr\u00edtica, Premio Euskadi, Premio Francisco Umbral, Premio Dulce Chac\u00f3n, Premio Arcebispo Juan de San Clemente, Premio Strega Europeo, Premio Lampedusa, Premio Atenas&#8230;).&nbsp;<em>Los vencejos<\/em>, \u00e1cida y enternecedora,&nbsp;<em>Hijos de la f\u00e1bula<\/em> y&nbsp;<em>El ni\u00f1o<\/em> lo han confirmado como uno de los mejores escritores europeos. Ha recogido su poes\u00eda completa en&nbsp;<em>Sinfon\u00eda corporal<\/em>.<\/p>\n\n\n\n<div style=\"height:50px\" aria-hidden=\"true\" class=\"wp-block-spacer\"><\/div>\n\n\n\n<h3 class=\"wp-block-heading\">Charla con el Autor<\/h3>\n\n\n\n<h2 class=\"wp-block-heading\"><strong>C\u00e9sar P\u00e9rez Gellida y <em>Nada bueno germina<\/em>. La gran aventura de dos personajes unidos por el deseo y condenados por su destino<\/strong><\/h2>\n\n\n\n<h3 class=\"wp-block-heading\"><strong>\ud83d\udcc5\u200b Mi\u00e9rcoles 4 de junio | 19:00 h.<\/strong><\/h3>\n\n\n\n<h4 class=\"wp-block-heading\">\ud83d\udccc\u200b Santos Ochoa (Calvo Sotelo, 19, Logro\u00f1o)<\/h4>\n\n\n\n<p><strong>\u25b6\ufe0f Y en YouTube:<\/strong> <a href=\"https:\/\/www.youtube.com\/c\/SantosOchoaLibros\" target=\"_blank\" rel=\"noreferrer noopener\">youtube.com\/c\/SantosOchoaLibros<\/a><\/p>\n\n\n\n<div class=\"wp-block-image\"><figure class=\"alignleft size-full is-resized\"><a href=\"https:\/\/www.santosochoa.es\/libros\/perez-gellida-cesar_nada-bueno-germina_9788423367672\" target=\"_blank\" rel=\"noopener noreferrer\"><img decoding=\"async\" src=\"https:\/\/blogs.santosochoa.es\/logrono\/wp-content\/uploads\/sites\/2\/2025\/05\/nada-bueno-germina_cesar-perez-gellida.jpg\" alt=\"\" class=\"wp-image-4781\" width=\"300\" srcset=\"https:\/\/blogs.santosochoa.es\/logrono\/wp-content\/uploads\/sites\/2\/2025\/05\/nada-bueno-germina_cesar-perez-gellida.jpg 700w, https:\/\/blogs.santosochoa.es\/logrono\/wp-content\/uploads\/sites\/2\/2025\/05\/nada-bueno-germina_cesar-perez-gellida-177x300.jpg 177w, https:\/\/blogs.santosochoa.es\/logrono\/wp-content\/uploads\/sites\/2\/2025\/05\/nada-bueno-germina_cesar-perez-gellida-604x1024.jpg 604w\" sizes=\"(max-width: 700px) 100vw, 700px\" \/><\/a><\/figure><\/div>\n\n\n\n<h5 class=\"wp-block-heading\"><strong>En los a\u00f1os convulsos de la Espa\u00f1a de principios del siglo XX, mientras el pa\u00eds se desangra entre el hambre, la violencia y la amenaza de una epidemia, Sebasti\u00e1n Costa y Antonia Monterroso huyen hacia delante, atravesando Ja\u00e9n, C\u00f3rdoba, Madrid y Valladolid con la promesa de un futuro al otro lado del Atl\u00e1ntico. \u00c9l, un veterano de guerra convertido en atracador; ella, una mujer forjada en la supervivencia y la ambici\u00f3n. Juntos forman una alianza marcada por la sed de riqueza, la desconfianza y un deseo tan intenso como peligroso.<\/strong><\/h5>\n\n\n\n<p>Pero las deudas con el pasado nunca quedan saldadas. En su camino han dejado cad\u00e1veres, enemigos y un rastro de sangre que otros est\u00e1n decididos a seguir. Entre la persecuci\u00f3n de quienes ans\u00edan verlos caer y las grietas que se abren entre ellos, la duda se cierne sobre su vida: \u00bfhasta d\u00f3nde estar\u00e1n dispuestos a llegar para ser libres? Porque en un mundo donde la violencia echa ra\u00edces y la redenci\u00f3n es solo un espejismo, pronto descubrir\u00e1n que bajo tierra seca nada bueno germina.<\/p>\n\n\n\n<p>Con esta novela, C\u00e9sar P\u00e9rez Gellida culmina su implacable exploraci\u00f3n del deseo de poder, la lucha contra el destino y la crudeza de las decisiones, y construye un thriller vertiginoso en el que la lealtad es una moneda que se paga con sangre.<\/p>\n\n\n\n<p><strong>C\u00e9sar P\u00e9rez Gellida<\/strong>&nbsp;(Valladolid, 1974) es escritor. Ha publicado quince novelas, entre ellas las que componen las trilog\u00edas \u00abVersos, canciones y trocitos de carne\u00bb (<em>Memento mori<\/em>,&nbsp;<em>Dies irae<\/em>,&nbsp;<em>Consummatum est<\/em>) y \u00abRefranes, canciones y rastros de sangre\u00bb (<em>Sarna con gusto<\/em>,&nbsp;<em>Cuchillo de palo<\/em>,&nbsp;<em>A grandes males<\/em>); y otras como&nbsp;<em>Todo lo mejor<\/em>&nbsp;y&nbsp;<em>Todo lo peor<\/em>. Entre las m\u00e1s recientes,&nbsp;<em>Nos crecen los enanos<\/em>,&nbsp;<em>Astillas en la piel<\/em>&nbsp;y&nbsp;<em>La suerte del enano<\/em>. En 2023 se estren\u00f3 la adaptaci\u00f3n para serie de televisi\u00f3n de&nbsp;<em>Memento mori.&nbsp;<\/em>Es uno de los mayores referentes de la novela negra, con 500.000 lectores, y dirige junto con Dolores Redondo el festival literario Blacklladolid. Con su novela&nbsp;<em>Bajo tierra seca<\/em>&nbsp;(2024) se alz\u00f3 con el Premio Nadal.<\/p>\n\n\n\n<div style=\"height:50px\" aria-hidden=\"true\" class=\"wp-block-spacer\"><\/div>\n\n\n\n<h2 class=\"wp-block-heading\"><strong>Charla y libro con Irene Sendino.<em> Vive sin inflamaci\u00f3n<\/em>. Identifica las causas, equilibra tu sistema inmune y activa tu salud<\/strong><\/h2>\n\n\n\n<h3 class=\"wp-block-heading\"><strong>\ud83d\udcc5<\/strong><strong>\u200b Jueves 5 de junio | 19:00 h.<\/strong><\/h3>\n\n\n\n<h4 class=\"wp-block-heading\">\ud83d\udccc\u200b Santos Ochoa (Calvo Sotelo, 19, Logro\u00f1o)<\/h4>\n\n\n\n<p><strong>\u25b6\ufe0f Y en YouTube:<\/strong> <a href=\"https:\/\/www.youtube.com\/c\/SantosOchoaLibros\" target=\"_blank\" rel=\"noreferrer noopener\">youtube.com\/c\/SantosOchoaLibros<\/a><\/p>\n\n\n\n<p>Con <strong>Micaela Mart\u00ednez<\/strong>, psic\u00f3loga sanitaria.<\/p>\n\n\n\n<div class=\"wp-block-image\"><figure class=\"alignright size-full is-resized\"><a href=\"https:\/\/www.santosochoa.es\/libros\/sendino-at-drasendino-dra-irene_vive-sin-inflamacion_9788466679541\" target=\"_blank\" rel=\"noopener noreferrer\"><img decoding=\"async\" src=\"https:\/\/blogs.santosochoa.es\/logrono\/wp-content\/uploads\/sites\/2\/2025\/05\/vive-sin-inflamacion_Irene-Sendino.jpg\" alt=\"\" class=\"wp-image-4783\" width=\"300\" srcset=\"https:\/\/blogs.santosochoa.es\/logrono\/wp-content\/uploads\/sites\/2\/2025\/05\/vive-sin-inflamacion_Irene-Sendino.jpg 700w, https:\/\/blogs.santosochoa.es\/logrono\/wp-content\/uploads\/sites\/2\/2025\/05\/vive-sin-inflamacion_Irene-Sendino-196x300.jpg 196w, https:\/\/blogs.santosochoa.es\/logrono\/wp-content\/uploads\/sites\/2\/2025\/05\/vive-sin-inflamacion_Irene-Sendino-668x1024.jpg 668w\" sizes=\"(max-width: 700px) 100vw, 700px\" \/><\/a><\/figure><\/div>\n\n\n\n<h5 class=\"wp-block-heading\"><strong>\u00bfTe duele todo sin una raz\u00f3n aparente? \u00bfTu digesti\u00f3n es lenta y te provoca hinchaz\u00f3n? \u00bfTe levantas cansado y triste, aunque hayas dormido bien? \u00bfVives atrapado en un espiral de malestar que parece no tener soluci\u00f3n?<\/strong><\/h5>\n\n\n\n<p>Se calcula que el 45 por ciento de la poblaci\u00f3n padece patolog\u00edas digestivas y autoinmunes. A menudo se etiquetan como \u00abcr\u00f3nicas\u00bb y no se tratan de manera adecuada, pues no se ataca la ra\u00edz de los problemas que las causan. De la mano de la doctora Irene Sendino, m\u00e9dico integrativa y nutricionista especializada en patolog\u00eda digestiva y enfermedades autoinmunes, aprender\u00e1s a reconocer las se\u00f1ales de tu cuerpo que deben hacer saltar las alarmas y descubrir\u00e1s cu\u00e1les son los factores modificables que est\u00e1n en tu mano para recuperar el control de tu bienestar y vivir una verdadera revoluci\u00f3n en tu salud.<\/p>\n\n\n\n<p>En este libro encontrar\u00e1s un enfoque que, lejos de prometer soluciones m\u00e1gicas, se basa en la acci\u00f3n concreta y en la toma de decisiones informadas para entender lo que tu cuerpo lleva tiempo tratando de decirte, y poder as\u00ed prevenir y controlar la inflamaci\u00f3n y otros malestares.<\/p>\n\n\n\n<p>Hay una manera de recuperar tu salud. Y este libro te ense\u00f1ar\u00e1 c\u00f3mo.<\/p>\n\n\n\n<p>Natural de Logro\u00f1o, la&nbsp;<strong>Dra. Irene Sendino<\/strong>&nbsp;es m\u00e9dico integrativa y nutricionista especializada en patolog\u00eda digestiva y enfermedades autoinmunes o inflamatorias, principalmente.<\/p>\n","protected":false},"excerpt":{"rendered":"<p>Fernando Aramburu y \u00abHombre ca\u00eddo\u00bb. C\u00e9sar P\u00e9rez Gellida y \u00abNada bueno germina\u00bb. Irene Sendino y \u00abVive sin inflamaci\u00f3n\u00bb.<\/p>\n","protected":false},"author":4,"featured_media":4779,"comment_status":"closed","ping_status":"closed","sticky":false,"template":"","format":"standard","meta":{"footnotes":""},"categories":[14,10,16,12,13],"tags":[],"class_list":["post-4797","post","type-post","status-publish","format-standard","has-post-thumbnail","hentry","category-charla-con-el-autor","category-charlas","category-el-arte-de-vivir","category-libros","category-libros-do-rioja"],"yoast_head":"<!-- This site is optimized with the Yoast SEO plugin v27.2 - https:\/\/yoast.com\/product\/yoast-seo-wordpress\/ -->\n<title>Fernando Aramburu, C\u00e9sar P\u00e9rez Gellida e Irene Sendino - Santos Ochoa Logro\u00f1o<\/title>\n<meta name=\"description\" content=\"Fernando Aramburu y &quot;Hombre ca\u00eddo&quot;. C\u00e9sar P\u00e9rez Gellida y &quot;Nada bueno germina&quot;. Irene Sendino y &quot;Vive sin inflamaci\u00f3n&quot;.\" \/>\n<meta name=\"robots\" content=\"index, follow, max-snippet:-1, max-image-preview:large, max-video-preview:-1\" \/>\n<link rel=\"canonical\" href=\"https:\/\/blogs.santosochoa.es\/logrono\/aramburu-gellida-sendino\/\" \/>\n<meta property=\"og:locale\" content=\"es_ES\" \/>\n<meta property=\"og:type\" content=\"article\" \/>\n<meta property=\"og:title\" content=\"Fernando Aramburu, C\u00e9sar P\u00e9rez Gellida e Irene Sendino - Santos Ochoa Logro\u00f1o\" \/>\n<meta property=\"og:description\" content=\"Fernando Aramburu y &quot;Hombre ca\u00eddo&quot;. C\u00e9sar P\u00e9rez Gellida y &quot;Nada bueno germina&quot;. Irene Sendino y &quot;Vive sin inflamaci\u00f3n&quot;.\" \/>\n<meta property=\"og:url\" content=\"https:\/\/blogs.santosochoa.es\/logrono\/aramburu-gellida-sendino\/\" \/>\n<meta property=\"og:site_name\" content=\"Santos Ochoa Logro\u00f1o\" \/>\n<meta property=\"article:author\" content=\"https:\/\/www.facebook.com\/santosochoalog\" \/>\n<meta property=\"article:published_time\" content=\"2025-05-28T10:49:37+00:00\" \/>\n<meta property=\"article:modified_time\" content=\"2025-05-28T10:52:15+00:00\" \/>\n<meta property=\"og:image\" content=\"https:\/\/blogs.santosochoa.es\/logrono\/wp-content\/uploads\/sites\/2\/2025\/05\/hombre-caido_fernando-aramburu.jpg\" \/>\n\t<meta property=\"og:image:width\" content=\"700\" \/>\n\t<meta property=\"og:image:height\" content=\"1057\" \/>\n\t<meta property=\"og:image:type\" content=\"image\/jpeg\" \/>\n<meta name=\"author\" content=\"Santos Ochoa Logro\u00f1o\" \/>\n<meta name=\"twitter:card\" content=\"summary_large_image\" \/>\n<meta name=\"twitter:creator\" content=\"@santosochoalog\" \/>\n<meta name=\"twitter:label1\" content=\"Written by\" \/>\n\t<meta name=\"twitter:data1\" content=\"Santos Ochoa Logro\u00f1o\" \/>\n\t<meta name=\"twitter:label2\" content=\"Est. reading time\" \/>\n\t<meta name=\"twitter:data2\" content=\"6 minutos\" \/>\n<script type=\"application\/ld+json\" class=\"yoast-schema-graph\">{\"@context\":\"https:\/\/schema.org\",\"@graph\":[{\"@type\":\"Article\",\"@id\":\"https:\/\/blogs.santosochoa.es\/logrono\/aramburu-gellida-sendino\/#article\",\"isPartOf\":{\"@id\":\"https:\/\/blogs.santosochoa.es\/logrono\/aramburu-gellida-sendino\/\"},\"author\":{\"name\":\"Santos Ochoa Logro\u00f1o\",\"@id\":\"https:\/\/blogs.santosochoa.es\/logrono\/#\/schema\/person\/103664eb8c60fbeea1880c704687c2e3\"},\"headline\":\"Fernando Aramburu, C\u00e9sar P\u00e9rez Gellida e Irene Sendino\",\"datePublished\":\"2025-05-28T10:49:37+00:00\",\"dateModified\":\"2025-05-28T10:52:15+00:00\",\"mainEntityOfPage\":{\"@id\":\"https:\/\/blogs.santosochoa.es\/logrono\/aramburu-gellida-sendino\/\"},\"wordCount\":1140,\"image\":{\"@id\":\"https:\/\/blogs.santosochoa.es\/logrono\/aramburu-gellida-sendino\/#primaryimage\"},\"thumbnailUrl\":\"https:\/\/blogs.santosochoa.es\/logrono\/wp-content\/uploads\/sites\/2\/2025\/05\/hombre-caido_fernando-aramburu.jpg\",\"articleSection\":[\"charla con el autor\",\"charlas\",\"el arte de vivir\",\"libros\",\"libros do rioja\"],\"inLanguage\":\"es\"},{\"@type\":\"WebPage\",\"@id\":\"https:\/\/blogs.santosochoa.es\/logrono\/aramburu-gellida-sendino\/\",\"url\":\"https:\/\/blogs.santosochoa.es\/logrono\/aramburu-gellida-sendino\/\",\"name\":\"Fernando Aramburu, C\u00e9sar P\u00e9rez Gellida e Irene Sendino - Santos Ochoa Logro\u00f1o\",\"isPartOf\":{\"@id\":\"https:\/\/blogs.santosochoa.es\/logrono\/#website\"},\"primaryImageOfPage\":{\"@id\":\"https:\/\/blogs.santosochoa.es\/logrono\/aramburu-gellida-sendino\/#primaryimage\"},\"image\":{\"@id\":\"https:\/\/blogs.santosochoa.es\/logrono\/aramburu-gellida-sendino\/#primaryimage\"},\"thumbnailUrl\":\"https:\/\/blogs.santosochoa.es\/logrono\/wp-content\/uploads\/sites\/2\/2025\/05\/hombre-caido_fernando-aramburu.jpg\",\"datePublished\":\"2025-05-28T10:49:37+00:00\",\"dateModified\":\"2025-05-28T10:52:15+00:00\",\"author\":{\"@id\":\"https:\/\/blogs.santosochoa.es\/logrono\/#\/schema\/person\/103664eb8c60fbeea1880c704687c2e3\"},\"description\":\"Fernando Aramburu y \\\"Hombre ca\u00eddo\\\". C\u00e9sar P\u00e9rez Gellida y \\\"Nada bueno germina\\\". Irene Sendino y \\\"Vive sin inflamaci\u00f3n\\\".\",\"breadcrumb\":{\"@id\":\"https:\/\/blogs.santosochoa.es\/logrono\/aramburu-gellida-sendino\/#breadcrumb\"},\"inLanguage\":\"es\",\"potentialAction\":[{\"@type\":\"ReadAction\",\"target\":[\"https:\/\/blogs.santosochoa.es\/logrono\/aramburu-gellida-sendino\/\"]}]},{\"@type\":\"ImageObject\",\"inLanguage\":\"es\",\"@id\":\"https:\/\/blogs.santosochoa.es\/logrono\/aramburu-gellida-sendino\/#primaryimage\",\"url\":\"https:\/\/blogs.santosochoa.es\/logrono\/wp-content\/uploads\/sites\/2\/2025\/05\/hombre-caido_fernando-aramburu.jpg\",\"contentUrl\":\"https:\/\/blogs.santosochoa.es\/logrono\/wp-content\/uploads\/sites\/2\/2025\/05\/hombre-caido_fernando-aramburu.jpg\",\"width\":700,\"height\":1057},{\"@type\":\"BreadcrumbList\",\"@id\":\"https:\/\/blogs.santosochoa.es\/logrono\/aramburu-gellida-sendino\/#breadcrumb\",\"itemListElement\":[{\"@type\":\"ListItem\",\"position\":1,\"name\":\"Home\",\"item\":\"https:\/\/blogs.santosochoa.es\/logrono\/\"},{\"@type\":\"ListItem\",\"position\":2,\"name\":\"Fernando Aramburu, C\u00e9sar P\u00e9rez Gellida e Irene Sendino\"}]},{\"@type\":\"WebSite\",\"@id\":\"https:\/\/blogs.santosochoa.es\/logrono\/#website\",\"url\":\"https:\/\/blogs.santosochoa.es\/logrono\/\",\"name\":\"Santos Ochoa Logro\u00f1o\",\"description\":\"Tu Librer\u00eda Online\",\"potentialAction\":[{\"@type\":\"SearchAction\",\"target\":{\"@type\":\"EntryPoint\",\"urlTemplate\":\"https:\/\/blogs.santosochoa.es\/logrono\/?s={search_term_string}\"},\"query-input\":{\"@type\":\"PropertyValueSpecification\",\"valueRequired\":true,\"valueName\":\"search_term_string\"}}],\"inLanguage\":\"es\"},{\"@type\":\"Person\",\"@id\":\"https:\/\/blogs.santosochoa.es\/logrono\/#\/schema\/person\/103664eb8c60fbeea1880c704687c2e3\",\"name\":\"Santos Ochoa Logro\u00f1o\",\"sameAs\":[\"http:\/\/santosochoa.es\",\"https:\/\/www.facebook.com\/santosochoalog\",\"https:\/\/www.instagram.com\/santosochoalog\/\",\"https:\/\/x.com\/santosochoalog\",\"https:\/\/www.youtube.com\/c\/SantosOchoaLibros\"]}]}<\/script>\n<!-- \/ Yoast SEO plugin. -->","yoast_head_json":{"title":"Fernando Aramburu, C\u00e9sar P\u00e9rez Gellida e Irene Sendino - Santos Ochoa Logro\u00f1o","description":"Fernando Aramburu y \"Hombre ca\u00eddo\". C\u00e9sar P\u00e9rez Gellida y \"Nada bueno germina\". Irene Sendino y \"Vive sin inflamaci\u00f3n\".","robots":{"index":"index","follow":"follow","max-snippet":"max-snippet:-1","max-image-preview":"max-image-preview:large","max-video-preview":"max-video-preview:-1"},"canonical":"https:\/\/blogs.santosochoa.es\/logrono\/aramburu-gellida-sendino\/","og_locale":"es_ES","og_type":"article","og_title":"Fernando Aramburu, C\u00e9sar P\u00e9rez Gellida e Irene Sendino - Santos Ochoa Logro\u00f1o","og_description":"Fernando Aramburu y \"Hombre ca\u00eddo\". C\u00e9sar P\u00e9rez Gellida y \"Nada bueno germina\". Irene Sendino y \"Vive sin inflamaci\u00f3n\".","og_url":"https:\/\/blogs.santosochoa.es\/logrono\/aramburu-gellida-sendino\/","og_site_name":"Santos Ochoa Logro\u00f1o","article_author":"https:\/\/www.facebook.com\/santosochoalog","article_published_time":"2025-05-28T10:49:37+00:00","article_modified_time":"2025-05-28T10:52:15+00:00","og_image":[{"width":700,"height":1057,"url":"https:\/\/blogs.santosochoa.es\/logrono\/wp-content\/uploads\/sites\/2\/2025\/05\/hombre-caido_fernando-aramburu.jpg","type":"image\/jpeg"}],"author":"Santos Ochoa Logro\u00f1o","twitter_card":"summary_large_image","twitter_creator":"@santosochoalog","twitter_misc":{"Written by":"Santos Ochoa Logro\u00f1o","Est. reading time":"6 minutos"},"schema":{"@context":"https:\/\/schema.org","@graph":[{"@type":"Article","@id":"https:\/\/blogs.santosochoa.es\/logrono\/aramburu-gellida-sendino\/#article","isPartOf":{"@id":"https:\/\/blogs.santosochoa.es\/logrono\/aramburu-gellida-sendino\/"},"author":{"name":"Santos Ochoa Logro\u00f1o","@id":"https:\/\/blogs.santosochoa.es\/logrono\/#\/schema\/person\/103664eb8c60fbeea1880c704687c2e3"},"headline":"Fernando Aramburu, C\u00e9sar P\u00e9rez Gellida e Irene Sendino","datePublished":"2025-05-28T10:49:37+00:00","dateModified":"2025-05-28T10:52:15+00:00","mainEntityOfPage":{"@id":"https:\/\/blogs.santosochoa.es\/logrono\/aramburu-gellida-sendino\/"},"wordCount":1140,"image":{"@id":"https:\/\/blogs.santosochoa.es\/logrono\/aramburu-gellida-sendino\/#primaryimage"},"thumbnailUrl":"https:\/\/blogs.santosochoa.es\/logrono\/wp-content\/uploads\/sites\/2\/2025\/05\/hombre-caido_fernando-aramburu.jpg","articleSection":["charla con el autor","charlas","el arte de vivir","libros","libros do rioja"],"inLanguage":"es"},{"@type":"WebPage","@id":"https:\/\/blogs.santosochoa.es\/logrono\/aramburu-gellida-sendino\/","url":"https:\/\/blogs.santosochoa.es\/logrono\/aramburu-gellida-sendino\/","name":"Fernando Aramburu, C\u00e9sar P\u00e9rez Gellida e Irene Sendino - Santos Ochoa Logro\u00f1o","isPartOf":{"@id":"https:\/\/blogs.santosochoa.es\/logrono\/#website"},"primaryImageOfPage":{"@id":"https:\/\/blogs.santosochoa.es\/logrono\/aramburu-gellida-sendino\/#primaryimage"},"image":{"@id":"https:\/\/blogs.santosochoa.es\/logrono\/aramburu-gellida-sendino\/#primaryimage"},"thumbnailUrl":"https:\/\/blogs.santosochoa.es\/logrono\/wp-content\/uploads\/sites\/2\/2025\/05\/hombre-caido_fernando-aramburu.jpg","datePublished":"2025-05-28T10:49:37+00:00","dateModified":"2025-05-28T10:52:15+00:00","author":{"@id":"https:\/\/blogs.santosochoa.es\/logrono\/#\/schema\/person\/103664eb8c60fbeea1880c704687c2e3"},"description":"Fernando Aramburu y \"Hombre ca\u00eddo\". C\u00e9sar P\u00e9rez Gellida y \"Nada bueno germina\". Irene Sendino y \"Vive sin inflamaci\u00f3n\".","breadcrumb":{"@id":"https:\/\/blogs.santosochoa.es\/logrono\/aramburu-gellida-sendino\/#breadcrumb"},"inLanguage":"es","potentialAction":[{"@type":"ReadAction","target":["https:\/\/blogs.santosochoa.es\/logrono\/aramburu-gellida-sendino\/"]}]},{"@type":"ImageObject","inLanguage":"es","@id":"https:\/\/blogs.santosochoa.es\/logrono\/aramburu-gellida-sendino\/#primaryimage","url":"https:\/\/blogs.santosochoa.es\/logrono\/wp-content\/uploads\/sites\/2\/2025\/05\/hombre-caido_fernando-aramburu.jpg","contentUrl":"https:\/\/blogs.santosochoa.es\/logrono\/wp-content\/uploads\/sites\/2\/2025\/05\/hombre-caido_fernando-aramburu.jpg","width":700,"height":1057},{"@type":"BreadcrumbList","@id":"https:\/\/blogs.santosochoa.es\/logrono\/aramburu-gellida-sendino\/#breadcrumb","itemListElement":[{"@type":"ListItem","position":1,"name":"Home","item":"https:\/\/blogs.santosochoa.es\/logrono\/"},{"@type":"ListItem","position":2,"name":"Fernando Aramburu, C\u00e9sar P\u00e9rez Gellida e Irene Sendino"}]},{"@type":"WebSite","@id":"https:\/\/blogs.santosochoa.es\/logrono\/#website","url":"https:\/\/blogs.santosochoa.es\/logrono\/","name":"Santos Ochoa Logro\u00f1o","description":"Tu Librer\u00eda Online","potentialAction":[{"@type":"SearchAction","target":{"@type":"EntryPoint","urlTemplate":"https:\/\/blogs.santosochoa.es\/logrono\/?s={search_term_string}"},"query-input":{"@type":"PropertyValueSpecification","valueRequired":true,"valueName":"search_term_string"}}],"inLanguage":"es"},{"@type":"Person","@id":"https:\/\/blogs.santosochoa.es\/logrono\/#\/schema\/person\/103664eb8c60fbeea1880c704687c2e3","name":"Santos Ochoa Logro\u00f1o","sameAs":["http:\/\/santosochoa.es","https:\/\/www.facebook.com\/santosochoalog","https:\/\/www.instagram.com\/santosochoalog\/","https:\/\/x.com\/santosochoalog","https:\/\/www.youtube.com\/c\/SantosOchoaLibros"]}]}},"_links":{"self":[{"href":"https:\/\/blogs.santosochoa.es\/logrono\/wp-json\/wp\/v2\/posts\/4797","targetHints":{"allow":["GET"]}}],"collection":[{"href":"https:\/\/blogs.santosochoa.es\/logrono\/wp-json\/wp\/v2\/posts"}],"about":[{"href":"https:\/\/blogs.santosochoa.es\/logrono\/wp-json\/wp\/v2\/types\/post"}],"author":[{"embeddable":true,"href":"https:\/\/blogs.santosochoa.es\/logrono\/wp-json\/wp\/v2\/users\/4"}],"replies":[{"embeddable":true,"href":"https:\/\/blogs.santosochoa.es\/logrono\/wp-json\/wp\/v2\/comments?post=4797"}],"version-history":[{"count":4,"href":"https:\/\/blogs.santosochoa.es\/logrono\/wp-json\/wp\/v2\/posts\/4797\/revisions"}],"predecessor-version":[{"id":4801,"href":"https:\/\/blogs.santosochoa.es\/logrono\/wp-json\/wp\/v2\/posts\/4797\/revisions\/4801"}],"wp:featuredmedia":[{"embeddable":true,"href":"https:\/\/blogs.santosochoa.es\/logrono\/wp-json\/wp\/v2\/media\/4779"}],"wp:attachment":[{"href":"https:\/\/blogs.santosochoa.es\/logrono\/wp-json\/wp\/v2\/media?parent=4797"}],"wp:term":[{"taxonomy":"category","embeddable":true,"href":"https:\/\/blogs.santosochoa.es\/logrono\/wp-json\/wp\/v2\/categories?post=4797"},{"taxonomy":"post_tag","embeddable":true,"href":"https:\/\/blogs.santosochoa.es\/logrono\/wp-json\/wp\/v2\/tags?post=4797"}],"curies":[{"name":"wp","href":"https:\/\/api.w.org\/{rel}","templated":true}]}}