{"id":4695,"date":"2025-03-12T11:56:02","date_gmt":"2025-03-12T10:56:02","guid":{"rendered":"https:\/\/blogs.santosochoa.es\/logrono\/?p=4695"},"modified":"2025-03-12T11:56:03","modified_gmt":"2025-03-12T10:56:03","slug":"perez-escohotado-poesia-emociones-y-patricia-blanco","status":"publish","type":"post","link":"https:\/\/blogs.santosochoa.es\/logrono\/perez-escohotado-poesia-emociones-y-patricia-blanco\/","title":{"rendered":"Javier P\u00e9rez Escohotado, D\u00eda de la Poes\u00eda, Emociones en la infancia y Patricia Blanco El\u00edas"},"content":{"rendered":"\n<h2 class=\"wp-block-heading\"><strong>Javier P\u00e9rez Escohotado presenta <em>El giro gastron\u00f3mico.<\/em> De la vanguardia al desperdicio<\/strong>.<\/h2>\n\n\n\n<h3 class=\"wp-block-heading\"><strong>Martes 18 de marzo | 19:00 h.<\/strong><\/h3>\n\n\n\n<h4 class=\"wp-block-heading\">Santos Ochoa (Calvo Sotelo, 19, Logro\u00f1o)<\/h4>\n\n\n\n<p><strong>Y en YouTube:<\/strong> <a href=\"https:\/\/www.youtube.com\/c\/SantosOchoaLibros\" target=\"_blank\" rel=\"noreferrer noopener\">youtube.com\/c\/SantosOchoaLibros<\/a><\/p>\n\n\n\n<p>El autor conversar\u00e1 con el periodista y escritor <strong>Marcelino Izquierdo<\/strong>.<\/p>\n\n\n\n<div class=\"wp-block-image\"><figure class=\"alignright size-full is-resized\"><a href=\"https:\/\/www.santosochoa.es\/libros\/perez-escohotado-javier_giro-gastronomico-el_9788410263567\" target=\"_blank\" rel=\"noopener noreferrer\"><img decoding=\"async\" src=\"https:\/\/blogs.santosochoa.es\/logrono\/wp-content\/uploads\/sites\/2\/2025\/02\/el-giro-gastronomico_Javier-Perez-Escohotado.jpg\" alt=\"\" class=\"wp-image-4663\" width=\"300\" srcset=\"https:\/\/blogs.santosochoa.es\/logrono\/wp-content\/uploads\/sites\/2\/2025\/02\/el-giro-gastronomico_Javier-Perez-Escohotado.jpg 700w, https:\/\/blogs.santosochoa.es\/logrono\/wp-content\/uploads\/sites\/2\/2025\/02\/el-giro-gastronomico_Javier-Perez-Escohotado-215x300.jpg 215w\" sizes=\"(max-width: 700px) 100vw, 700px\" \/><\/a><\/figure><\/div>\n\n\n\n<h5 class=\"wp-block-heading\"><strong>Tras su libro <em>El mono gastron\u00f3mico<\/em>. <em>Ensayos de arte y gastronom\u00eda<\/em>, Javier P\u00e9rez Escohotado aborda desde la perspectiva de la Historia cultural el periodo que va de la irrupci\u00f3n de la burbuja gastron\u00f3mica en los a\u00f1os noventa hasta alcanzar el m\u00e1s fresco y reciente movimiento culinario: el Desperdicio Zero.<\/strong><\/h5>\n\n\n\n<p>As\u00ed, en esta colecci\u00f3n de ensayos, describe el proceso de museizaci\u00f3n que protagoniza Ferran Adri\u00e0, a la vez que pasa revista a las obras que difunden un pensamiento uniforme calificado como \u00abcocina de la libertad\u00bb y \u00abcocina de los valientes\u00bb. Cuando se dibuja la l\u00ednea que une la gastronom\u00eda de vanguardia con la doctrina del Desperdicio Zero, se constata el progresivo descenso de la llamada creatividad hasta rozar la simple innovaci\u00f3n disruptiva. Aplicando la metodolog\u00eda de Bourdieu, la alimentaci\u00f3n y la gastronom\u00eda se abordan aqu\u00ed como aut\u00e9ntico capital, no solo material, sino sobre todo simb\u00f3lico: muchas de sus realizaciones pertenecen ya al Patrimonio Cultural Inmaterial de la Humanidad.<\/p>\n\n\n\n<p><strong>Javier P\u00e9rez Escohotado<\/strong>, ensayista, poeta y cr\u00edtico, es doctor en Filolog\u00eda Hisp\u00e1nica por la Universidad de Barcelona. Es autor de los poemarios&nbsp;<em>Laura llueve<\/em> y&nbsp;<em>Papel jap\u00f3n<\/em>, y del experimento pl\u00e1stico literario&nbsp;<em>La vigilancia de los acantos<\/em>. Ha publicado las siguientes obras:&nbsp;<em>Sexo e Inquisici\u00f3n en Espa\u00f1a<\/em>,&nbsp;<em>Antonio de Medrano, alumbrado epic\u00fareo. Proceso inquisitorial, Toledo 1530<\/em>,&nbsp;<em>Donjuanes, b\u00edgamos y libertinos. El filo de la Historia<\/em>,&nbsp;<em>Cr\u00edtica de la raz\u00f3n gastron\u00f3mica,<\/em>&nbsp;<em>El mono gastron\u00f3mico. Ensayos de arte y gastronom\u00eda<\/em> y&nbsp;<em>Redes rivales en el Logro\u00f1o de 1500. Los Cazalla Vivero, los Cabredo y los Medrano<\/em>.<\/p>\n\n\n\n<p>Ha editado y prologado\u00a0<em>Jaime Gil de Biedma. Conversaciones<\/em>,\u00a0<em>Poemas memorables: antolog\u00eda consultada y comentada 1939\u20131999<\/em>. Asimismo, ha prologado las novelas\u00a0<em>El hereje<\/em>\u00a0y\u00a0<em>Los santos inocentes<\/em>\u00a0de Miguel Delibes. Sus trabajos de investigaci\u00f3n, opini\u00f3n y cr\u00edtica se hallan publicados en diversos peri\u00f3dicos y revistas. Desde 2014 colabora con regularidad en<em>\u00a0El cuaderno digital.<\/em><\/p>\n\n\n\n<div style=\"height:50px\" aria-hidden=\"true\" class=\"wp-block-spacer\"><\/div>\n\n\n\n<h2 class=\"wp-block-heading\"><strong><em>D\u00eda de la Poes\u00eda<\/em>. Recital de poetas riojanos, Generaci\u00f3n del 27 y Las Sin Sombrero<\/strong>.<\/h2>\n\n\n\n<h3 class=\"wp-block-heading\"><strong>Jueves 20 de marzo | 19:00 h.<\/strong><\/h3>\n\n\n\n<h4 class=\"wp-block-heading\">Santos Ochoa (Calvo Sotelo, 19, Logro\u00f1o)<\/h4>\n\n\n\n<p><strong>Y en YouTube:<\/strong> <a href=\"https:\/\/www.youtube.com\/c\/SantosOchoaLibros\" target=\"_blank\" rel=\"noreferrer noopener\">youtube.com\/c\/SantosOchoaLibros<\/a><\/p>\n\n\n\n<div class=\"wp-block-image\"><figure class=\"alignleft size-full is-resized\"><img decoding=\"async\" src=\"https:\/\/blogs.santosochoa.es\/logrono\/wp-content\/uploads\/sites\/2\/2025\/02\/Carteles-Agenda-LOG_202503_9.jpg\" alt=\"\" class=\"wp-image-4692\" width=\"300\" srcset=\"https:\/\/blogs.santosochoa.es\/logrono\/wp-content\/uploads\/sites\/2\/2025\/02\/Carteles-Agenda-LOG_202503_9.jpg 1080w, https:\/\/blogs.santosochoa.es\/logrono\/wp-content\/uploads\/sites\/2\/2025\/02\/Carteles-Agenda-LOG_202503_9-300x300.jpg 300w, https:\/\/blogs.santosochoa.es\/logrono\/wp-content\/uploads\/sites\/2\/2025\/02\/Carteles-Agenda-LOG_202503_9-1024x1024.jpg 1024w, https:\/\/blogs.santosochoa.es\/logrono\/wp-content\/uploads\/sites\/2\/2025\/02\/Carteles-Agenda-LOG_202503_9-150x150.jpg 150w, https:\/\/blogs.santosochoa.es\/logrono\/wp-content\/uploads\/sites\/2\/2025\/02\/Carteles-Agenda-LOG_202503_9-768x768.jpg 768w\" sizes=\"(max-width: 1080px) 100vw, 1080px\" \/><\/figure><\/div>\n\n\n\n<h5 class=\"wp-block-heading\"><strong>La Asociaci\u00f3n Riojana de Escritores celebra de v\u00edspera el D\u00eda de la Poes\u00eda y nos invita a un recital en el que podremos disfrutar de poemas escogidos de la Generaci\u00f3n del 27 y Las Sin Sombrero, de los versos propios de algunos autores de aqu\u00ed y la m\u00fasica de la pianista Patricia L\u00f3pez Pereda.<\/strong><\/h5>\n\n\n\n<p>La fiesta po\u00e9tica tendr\u00e1 tres partes. En primer lugar, algunos de los versos inolvidables de la Generaci\u00f3n del 27, como Federico Garc\u00eda Lorca, Rafael Alberti, Pedro Salinas, Vicente Aleixandre&#8230; Tambi\u00e9n recordaremos a las luchadoras Sin Sombrero: Ernestina de Champourc\u00edn, Concha M\u00e9ndez, Josefina de la Torre\u2026<\/p>\n\n\n\n<p>A continuaci\u00f3n <strong>Mar\u00eda Luisa Arenzana, Esther Castilla, Jos\u00e9 Granados, Rosa Laso, Valle&nbsp;Mozas, Javier Segura<\/strong> y <strong>Rayner V\u00e1zquez<\/strong> recitar\u00e1n sus propios poemas.<\/p>\n\n\n\n<p>Finalmente, quienes lo deseen, podr\u00e1n charlar con alguno de los poetas presentes y dejarse escribir un poema improvisado, un verso al instante.<\/p>\n\n\n\n<div style=\"height:50px\" aria-hidden=\"true\" class=\"wp-block-spacer\"><\/div>\n\n\n\n<h2 class=\"wp-block-heading\"><strong><em>Los mundos de Carely<\/em>. Relatos para conocer y acompa\u00f1ar las emociones infantiles. Charla y libro con Mayte Rod y Juan Mu\u00f1oz<\/strong>.<\/h2>\n\n\n\n<h3 class=\"wp-block-heading\"><strong>S\u00e1bado 22 de marzo<\/strong><strong> | 12:00 h.<\/strong><\/h3>\n\n\n\n<h4 class=\"wp-block-heading\">Santos Ochoa (Calvo Sotelo, 19, Logro\u00f1o)<\/h4>\n\n\n\n<p><em>La autora Mayte Rod conversar\u00e1 con padres y educadores. Entre tanto, si necesit\u00e1is venir con ni\u00f1os, podr\u00e1n hacer una din\u00e1mica y un dibujo con el ilustrador Juan Mu\u00f1oz.<\/em><\/p>\n\n\n\n<div class=\"wp-block-image\"><figure class=\"alignright size-full is-resized\"><a href=\"https:\/\/www.santosochoa.es\/libros\/rod-fraile-mayte_los-mundops-de-carely_9788412244229\" target=\"_blank\" rel=\"noopener noreferrer\"><img decoding=\"async\" src=\"https:\/\/blogs.santosochoa.es\/logrono\/wp-content\/uploads\/sites\/2\/2025\/02\/los-mundos-de-carely.jpg\" alt=\"\" class=\"wp-image-4667\" width=\"300\" srcset=\"https:\/\/blogs.santosochoa.es\/logrono\/wp-content\/uploads\/sites\/2\/2025\/02\/los-mundos-de-carely.jpg 700w, https:\/\/blogs.santosochoa.es\/logrono\/wp-content\/uploads\/sites\/2\/2025\/02\/los-mundos-de-carely-193x300.jpg 193w, https:\/\/blogs.santosochoa.es\/logrono\/wp-content\/uploads\/sites\/2\/2025\/02\/los-mundos-de-carely-658x1024.jpg 658w\" sizes=\"(max-width: 700px) 100vw, 700px\" \/><\/a><\/figure><\/div>\n\n\n\n<p><strong>Los relatos que contiene este libro son experiencias de su autora, Mayte Rod Fraile, como maestra y como madre. Se trata de episodios reales vividos a lo largo de su acompa\u00f1amiento a la infancia, cuya protagonista es una ni\u00f1a inquieta, llena de preguntas, que se llama Carely.<\/strong><\/p>\n\n\n\n<p>Carely le cuenta al mundo adulto lo maravilloso que es acercarse a la infancia con paciencia y con respeto, sin prisa, aprendiendo a disfrutar con ellas y ellos de cada momento.<\/p>\n\n\n\n<p>Carely representa la autenticidad y nos muestra la necesidad de comprender desde muy corta edad que el paso por la vida no es un camino solitario y tiene que estar lleno de empat\u00eda y solidaridad hacia el resto de seres humanos y hacia la naturaleza que nos rodea.<\/p>\n\n\n\n<p>Carely nos ense\u00f1a a dar valor a cada asombro que surge en la infancia por peque\u00f1os acontecimientos que pasan o pueden pasar desapercibidos a las personas adultas.<\/p>\n\n\n\n<div style=\"height:50px\" aria-hidden=\"true\" class=\"wp-block-spacer\"><\/div>\n\n\n\n<h2 class=\"wp-block-heading\"><strong>Patricia Blanco El\u00edas presenta \u00ab<em>Te quiero<\/em>\u00bb<em>, dije, y desvel\u00e9 el secreto de mi vida<\/em><\/strong>.<\/h2>\n\n\n\n<h3 class=\"wp-block-heading\"><strong>S\u00e1bado 22 de marzo | 19:00 h.<\/strong><\/h3>\n\n\n\n<h4 class=\"wp-block-heading\">Santos Ochoa (Calvo Sotelo, 19, Logro\u00f1o)<\/h4>\n\n\n\n<p><strong>Y en YouTube:<\/strong> <a href=\"https:\/\/www.youtube.com\/c\/SantosOchoaLibros\" target=\"_blank\" rel=\"noreferrer noopener\">youtube.com\/c\/SantosOchoaLibros<\/a><\/p>\n\n\n\n<div class=\"wp-block-image\"><figure class=\"alignleft size-full is-resized\"><a href=\"https:\/\/www.santosochoa.es\/libros\/blanco-elias-patricia_te-quiero-dije-y-desvele-el-secreto-de-mi-vida_9791387528041\" target=\"_blank\" rel=\"noopener noreferrer\"><img decoding=\"async\" src=\"https:\/\/blogs.santosochoa.es\/logrono\/wp-content\/uploads\/sites\/2\/2025\/02\/te-quiero-dije-y-desvele-el-secreto-de-mi-vida.jpg\" alt=\"\" class=\"wp-image-4669\" width=\"300\" srcset=\"https:\/\/blogs.santosochoa.es\/logrono\/wp-content\/uploads\/sites\/2\/2025\/02\/te-quiero-dije-y-desvele-el-secreto-de-mi-vida.jpg 700w, https:\/\/blogs.santosochoa.es\/logrono\/wp-content\/uploads\/sites\/2\/2025\/02\/te-quiero-dije-y-desvele-el-secreto-de-mi-vida-216x300.jpg 216w\" sizes=\"(max-width: 700px) 100vw, 700px\" \/><\/a><\/figure><\/div>\n\n\n\n<h5 class=\"wp-block-heading\"><strong>Si est\u00e1s buscando una lectura que te invite a reflexionar sobre la esencia del amor y la libertad, este es el libro perfecto. En esta obra, el amor es tratado desde una perspectiva filos\u00f3fica profunda, explorando sus m\u00faltiples dimensiones a trav\u00e9s de un lenguaje po\u00e9tico y accesible. Es ideal para quienes buscan una experiencia de lectura que les anime a cuestionar sus propias emociones y les deje una huella duradera.<\/strong><\/h5>\n\n\n\n<p>La superficialidad es el c\u00e1ncer de la modernidad. La mayor\u00eda viven anhelando placeres instant\u00e1neos. Unos pocos buscan el sentido de la existencia. \u00ab\u00bfPor y para qu\u00e9 existo?\u00bb, me pregunt\u00e9 un d\u00eda y, fruto del inconformismo de lo banal, escrib\u00ed este libro, que es radical, nuclear y lo abarca todo. Tan solo guarda un gran fundamento: concebirse a uno mismo como el n\u00facleo de todo lo que hay y todo lo que existe; mas de una forma especial; esto es, como expresi\u00f3n de Amor.<\/p>\n\n\n\n<p>As\u00ed, las siguientes p\u00e1ginas buscan defender una tesis: que el Amor es el radical existencial y antropol\u00f3gico; es decir, el n\u00facleo de la existencia y motor de la vida misma, as\u00ed como aquello a lo que est\u00e1 naturalmente orientado el ser humano. El tema es, por tanto, sencillo: el Amor; pero nos aproximamos a \u00e9l de manera novedosa. La obra est\u00e1 dividida en dos partes: una primera de tono po\u00e9tico, compuesta por un conjunto de frases ilustradas, y una segunda de naturaleza acad\u00e9mica, en la que se explica el tema de manera detallada. La lectura de ambas te permitir\u00e1 acceder al mismo contenido; pero de modo distinto y, por ello, se complementan de tal manera que puedes entender la idea desde diferentes prismas, todos ellos necesarios.<\/p>\n\n\n\n<p><strong>Patricia Blanco El\u00edas <\/strong>es estudiante de Derecho en la Universidad de Navarra. Con tan solo quince a\u00f1os inici\u00f3 su trayectoria como escritora y cre\u00f3 el blog <em>Las 22.939 palabras del Quijote<\/em>, todav\u00eda en activo. Ahora, con veintiuno, presenta esta obra, que a\u00fana los dos pilares centrales de su escritura: la poes\u00eda y prosa po\u00e9tica, por un lado, y el ensayo filos\u00f3fico, por el otro. A un a\u00f1o de graduarse como jurista, Patricia sabe que dejar\u00e1 una gran huella en este mundo. Aspira a dedicarse a la docencia y la investigaci\u00f3n universitarias, al tiempo que tiene conciencia de que este ser\u00e1 tan solo el primero de los vol\u00famenes de su corpus intelectual. Con una carrera como escritora profesional que reci\u00e9n comienza, todo dato adicional har\u00eda de esta una biograf\u00eda farragosa. Por eso, la suya no es una biograf\u00eda de las ya escritas, sino de las que est\u00e1n por escribir. Y es que lo grande no puede contenerse en textos breves.<\/p>\n","protected":false},"excerpt":{"rendered":"<p>\u00abEl giro gastron\u00f3minco\u00bb con Javier P\u00e9rez Escohotado. Recital D\u00eda de la Poes\u00eda. Emociones infantiles con Mayte Rod. Amor y libertad con Patricia Blanco El\u00edas.<\/p>\n","protected":false},"author":4,"featured_media":4665,"comment_status":"closed","ping_status":"closed","sticky":false,"template":"","format":"standard","meta":{"footnotes":""},"categories":[18,12,13],"tags":[],"class_list":["post-4695","post","type-post","status-publish","format-standard","has-post-thumbnail","hentry","category-taller-infantil","category-libros","category-libros-do-rioja"],"yoast_head":"<!-- This site is optimized with the Yoast SEO plugin v27.2 - https:\/\/yoast.com\/product\/yoast-seo-wordpress\/ -->\n<title>Javier P\u00e9rez Escohotado, D\u00eda de la Poes\u00eda, Emociones en la infancia y Patricia Blanco El\u00edas - Santos Ochoa Logro\u00f1o<\/title>\n<meta name=\"description\" content=\"&quot;El giro gastron\u00f3minco&quot; con Javier P\u00e9rez Escohotado. Recital D\u00eda de la Poes\u00eda. Emociones infantiles con Mayte Rod. Amor y libertad con Patricia Blanco El\u00edas.\" \/>\n<meta name=\"robots\" content=\"index, follow, max-snippet:-1, max-image-preview:large, max-video-preview:-1\" \/>\n<link rel=\"canonical\" href=\"https:\/\/blogs.santosochoa.es\/logrono\/perez-escohotado-poesia-emociones-y-patricia-blanco\/\" \/>\n<meta property=\"og:locale\" content=\"es_ES\" \/>\n<meta property=\"og:type\" content=\"article\" \/>\n<meta property=\"og:title\" content=\"Javier P\u00e9rez Escohotado, D\u00eda de la Poes\u00eda, Emociones en la infancia y Patricia Blanco El\u00edas - Santos Ochoa Logro\u00f1o\" \/>\n<meta property=\"og:description\" content=\"&quot;El giro gastron\u00f3minco&quot; con Javier P\u00e9rez Escohotado. Recital D\u00eda de la Poes\u00eda. Emociones infantiles con Mayte Rod. Amor y libertad con Patricia Blanco El\u00edas.\" \/>\n<meta property=\"og:url\" content=\"https:\/\/blogs.santosochoa.es\/logrono\/perez-escohotado-poesia-emociones-y-patricia-blanco\/\" \/>\n<meta property=\"og:site_name\" content=\"Santos Ochoa Logro\u00f1o\" \/>\n<meta property=\"article:author\" content=\"https:\/\/www.facebook.com\/santosochoalog\" \/>\n<meta property=\"article:published_time\" content=\"2025-03-12T10:56:02+00:00\" \/>\n<meta property=\"article:modified_time\" content=\"2025-03-12T10:56:03+00:00\" \/>\n<meta property=\"og:image\" content=\"https:\/\/blogs.santosochoa.es\/logrono\/wp-content\/uploads\/sites\/2\/2025\/02\/woman-reading-book-park_optim.jpg\" \/>\n\t<meta property=\"og:image:width\" content=\"2000\" \/>\n\t<meta property=\"og:image:height\" content=\"1333\" \/>\n\t<meta property=\"og:image:type\" content=\"image\/jpeg\" \/>\n<meta name=\"author\" content=\"Santos Ochoa Logro\u00f1o\" \/>\n<meta name=\"twitter:card\" content=\"summary_large_image\" \/>\n<meta name=\"twitter:creator\" content=\"@santosochoalog\" \/>\n<meta name=\"twitter:label1\" content=\"Written by\" \/>\n\t<meta name=\"twitter:data1\" content=\"Santos Ochoa Logro\u00f1o\" \/>\n\t<meta name=\"twitter:label2\" content=\"Est. reading time\" \/>\n\t<meta name=\"twitter:data2\" content=\"7 minutos\" \/>\n<script type=\"application\/ld+json\" class=\"yoast-schema-graph\">{\"@context\":\"https:\/\/schema.org\",\"@graph\":[{\"@type\":\"Article\",\"@id\":\"https:\/\/blogs.santosochoa.es\/logrono\/perez-escohotado-poesia-emociones-y-patricia-blanco\/#article\",\"isPartOf\":{\"@id\":\"https:\/\/blogs.santosochoa.es\/logrono\/perez-escohotado-poesia-emociones-y-patricia-blanco\/\"},\"author\":{\"name\":\"Santos Ochoa Logro\u00f1o\",\"@id\":\"https:\/\/blogs.santosochoa.es\/logrono\/#\/schema\/person\/103664eb8c60fbeea1880c704687c2e3\"},\"headline\":\"Javier P\u00e9rez Escohotado, D\u00eda de la Poes\u00eda, Emociones en la infancia y Patricia Blanco El\u00edas\",\"datePublished\":\"2025-03-12T10:56:02+00:00\",\"dateModified\":\"2025-03-12T10:56:03+00:00\",\"mainEntityOfPage\":{\"@id\":\"https:\/\/blogs.santosochoa.es\/logrono\/perez-escohotado-poesia-emociones-y-patricia-blanco\/\"},\"wordCount\":1328,\"image\":{\"@id\":\"https:\/\/blogs.santosochoa.es\/logrono\/perez-escohotado-poesia-emociones-y-patricia-blanco\/#primaryimage\"},\"thumbnailUrl\":\"https:\/\/blogs.santosochoa.es\/logrono\/wp-content\/uploads\/sites\/2\/2025\/02\/woman-reading-book-park_optim.jpg\",\"articleSection\":[\"infantil\",\"libros\",\"libros do rioja\"],\"inLanguage\":\"es\"},{\"@type\":\"WebPage\",\"@id\":\"https:\/\/blogs.santosochoa.es\/logrono\/perez-escohotado-poesia-emociones-y-patricia-blanco\/\",\"url\":\"https:\/\/blogs.santosochoa.es\/logrono\/perez-escohotado-poesia-emociones-y-patricia-blanco\/\",\"name\":\"Javier P\u00e9rez Escohotado, D\u00eda de la Poes\u00eda, Emociones en la infancia y Patricia Blanco El\u00edas - Santos Ochoa Logro\u00f1o\",\"isPartOf\":{\"@id\":\"https:\/\/blogs.santosochoa.es\/logrono\/#website\"},\"primaryImageOfPage\":{\"@id\":\"https:\/\/blogs.santosochoa.es\/logrono\/perez-escohotado-poesia-emociones-y-patricia-blanco\/#primaryimage\"},\"image\":{\"@id\":\"https:\/\/blogs.santosochoa.es\/logrono\/perez-escohotado-poesia-emociones-y-patricia-blanco\/#primaryimage\"},\"thumbnailUrl\":\"https:\/\/blogs.santosochoa.es\/logrono\/wp-content\/uploads\/sites\/2\/2025\/02\/woman-reading-book-park_optim.jpg\",\"datePublished\":\"2025-03-12T10:56:02+00:00\",\"dateModified\":\"2025-03-12T10:56:03+00:00\",\"author\":{\"@id\":\"https:\/\/blogs.santosochoa.es\/logrono\/#\/schema\/person\/103664eb8c60fbeea1880c704687c2e3\"},\"description\":\"\\\"El giro gastron\u00f3minco\\\" con Javier P\u00e9rez Escohotado. Recital D\u00eda de la Poes\u00eda. Emociones infantiles con Mayte Rod. Amor y libertad con Patricia Blanco El\u00edas.\",\"breadcrumb\":{\"@id\":\"https:\/\/blogs.santosochoa.es\/logrono\/perez-escohotado-poesia-emociones-y-patricia-blanco\/#breadcrumb\"},\"inLanguage\":\"es\",\"potentialAction\":[{\"@type\":\"ReadAction\",\"target\":[\"https:\/\/blogs.santosochoa.es\/logrono\/perez-escohotado-poesia-emociones-y-patricia-blanco\/\"]}]},{\"@type\":\"ImageObject\",\"inLanguage\":\"es\",\"@id\":\"https:\/\/blogs.santosochoa.es\/logrono\/perez-escohotado-poesia-emociones-y-patricia-blanco\/#primaryimage\",\"url\":\"https:\/\/blogs.santosochoa.es\/logrono\/wp-content\/uploads\/sites\/2\/2025\/02\/woman-reading-book-park_optim.jpg\",\"contentUrl\":\"https:\/\/blogs.santosochoa.es\/logrono\/wp-content\/uploads\/sites\/2\/2025\/02\/woman-reading-book-park_optim.jpg\",\"width\":2000,\"height\":1333},{\"@type\":\"BreadcrumbList\",\"@id\":\"https:\/\/blogs.santosochoa.es\/logrono\/perez-escohotado-poesia-emociones-y-patricia-blanco\/#breadcrumb\",\"itemListElement\":[{\"@type\":\"ListItem\",\"position\":1,\"name\":\"Home\",\"item\":\"https:\/\/blogs.santosochoa.es\/logrono\/\"},{\"@type\":\"ListItem\",\"position\":2,\"name\":\"Javier P\u00e9rez Escohotado, D\u00eda de la Poes\u00eda, Emociones en la infancia y Patricia Blanco El\u00edas\"}]},{\"@type\":\"WebSite\",\"@id\":\"https:\/\/blogs.santosochoa.es\/logrono\/#website\",\"url\":\"https:\/\/blogs.santosochoa.es\/logrono\/\",\"name\":\"Santos Ochoa Logro\u00f1o\",\"description\":\"Tu Librer\u00eda Online\",\"potentialAction\":[{\"@type\":\"SearchAction\",\"target\":{\"@type\":\"EntryPoint\",\"urlTemplate\":\"https:\/\/blogs.santosochoa.es\/logrono\/?s={search_term_string}\"},\"query-input\":{\"@type\":\"PropertyValueSpecification\",\"valueRequired\":true,\"valueName\":\"search_term_string\"}}],\"inLanguage\":\"es\"},{\"@type\":\"Person\",\"@id\":\"https:\/\/blogs.santosochoa.es\/logrono\/#\/schema\/person\/103664eb8c60fbeea1880c704687c2e3\",\"name\":\"Santos Ochoa Logro\u00f1o\",\"sameAs\":[\"http:\/\/santosochoa.es\",\"https:\/\/www.facebook.com\/santosochoalog\",\"https:\/\/www.instagram.com\/santosochoalog\/\",\"https:\/\/x.com\/santosochoalog\",\"https:\/\/www.youtube.com\/c\/SantosOchoaLibros\"]}]}<\/script>\n<!-- \/ Yoast SEO plugin. -->","yoast_head_json":{"title":"Javier P\u00e9rez Escohotado, D\u00eda de la Poes\u00eda, Emociones en la infancia y Patricia Blanco El\u00edas - Santos Ochoa Logro\u00f1o","description":"\"El giro gastron\u00f3minco\" con Javier P\u00e9rez Escohotado. Recital D\u00eda de la Poes\u00eda. Emociones infantiles con Mayte Rod. Amor y libertad con Patricia Blanco El\u00edas.","robots":{"index":"index","follow":"follow","max-snippet":"max-snippet:-1","max-image-preview":"max-image-preview:large","max-video-preview":"max-video-preview:-1"},"canonical":"https:\/\/blogs.santosochoa.es\/logrono\/perez-escohotado-poesia-emociones-y-patricia-blanco\/","og_locale":"es_ES","og_type":"article","og_title":"Javier P\u00e9rez Escohotado, D\u00eda de la Poes\u00eda, Emociones en la infancia y Patricia Blanco El\u00edas - Santos Ochoa Logro\u00f1o","og_description":"\"El giro gastron\u00f3minco\" con Javier P\u00e9rez Escohotado. Recital D\u00eda de la Poes\u00eda. Emociones infantiles con Mayte Rod. Amor y libertad con Patricia Blanco El\u00edas.","og_url":"https:\/\/blogs.santosochoa.es\/logrono\/perez-escohotado-poesia-emociones-y-patricia-blanco\/","og_site_name":"Santos Ochoa Logro\u00f1o","article_author":"https:\/\/www.facebook.com\/santosochoalog","article_published_time":"2025-03-12T10:56:02+00:00","article_modified_time":"2025-03-12T10:56:03+00:00","og_image":[{"width":2000,"height":1333,"url":"https:\/\/blogs.santosochoa.es\/logrono\/wp-content\/uploads\/sites\/2\/2025\/02\/woman-reading-book-park_optim.jpg","type":"image\/jpeg"}],"author":"Santos Ochoa Logro\u00f1o","twitter_card":"summary_large_image","twitter_creator":"@santosochoalog","twitter_misc":{"Written by":"Santos Ochoa Logro\u00f1o","Est. reading time":"7 minutos"},"schema":{"@context":"https:\/\/schema.org","@graph":[{"@type":"Article","@id":"https:\/\/blogs.santosochoa.es\/logrono\/perez-escohotado-poesia-emociones-y-patricia-blanco\/#article","isPartOf":{"@id":"https:\/\/blogs.santosochoa.es\/logrono\/perez-escohotado-poesia-emociones-y-patricia-blanco\/"},"author":{"name":"Santos Ochoa Logro\u00f1o","@id":"https:\/\/blogs.santosochoa.es\/logrono\/#\/schema\/person\/103664eb8c60fbeea1880c704687c2e3"},"headline":"Javier P\u00e9rez Escohotado, D\u00eda de la Poes\u00eda, Emociones en la infancia y Patricia Blanco El\u00edas","datePublished":"2025-03-12T10:56:02+00:00","dateModified":"2025-03-12T10:56:03+00:00","mainEntityOfPage":{"@id":"https:\/\/blogs.santosochoa.es\/logrono\/perez-escohotado-poesia-emociones-y-patricia-blanco\/"},"wordCount":1328,"image":{"@id":"https:\/\/blogs.santosochoa.es\/logrono\/perez-escohotado-poesia-emociones-y-patricia-blanco\/#primaryimage"},"thumbnailUrl":"https:\/\/blogs.santosochoa.es\/logrono\/wp-content\/uploads\/sites\/2\/2025\/02\/woman-reading-book-park_optim.jpg","articleSection":["infantil","libros","libros do rioja"],"inLanguage":"es"},{"@type":"WebPage","@id":"https:\/\/blogs.santosochoa.es\/logrono\/perez-escohotado-poesia-emociones-y-patricia-blanco\/","url":"https:\/\/blogs.santosochoa.es\/logrono\/perez-escohotado-poesia-emociones-y-patricia-blanco\/","name":"Javier P\u00e9rez Escohotado, D\u00eda de la Poes\u00eda, Emociones en la infancia y Patricia Blanco El\u00edas - Santos Ochoa Logro\u00f1o","isPartOf":{"@id":"https:\/\/blogs.santosochoa.es\/logrono\/#website"},"primaryImageOfPage":{"@id":"https:\/\/blogs.santosochoa.es\/logrono\/perez-escohotado-poesia-emociones-y-patricia-blanco\/#primaryimage"},"image":{"@id":"https:\/\/blogs.santosochoa.es\/logrono\/perez-escohotado-poesia-emociones-y-patricia-blanco\/#primaryimage"},"thumbnailUrl":"https:\/\/blogs.santosochoa.es\/logrono\/wp-content\/uploads\/sites\/2\/2025\/02\/woman-reading-book-park_optim.jpg","datePublished":"2025-03-12T10:56:02+00:00","dateModified":"2025-03-12T10:56:03+00:00","author":{"@id":"https:\/\/blogs.santosochoa.es\/logrono\/#\/schema\/person\/103664eb8c60fbeea1880c704687c2e3"},"description":"\"El giro gastron\u00f3minco\" con Javier P\u00e9rez Escohotado. Recital D\u00eda de la Poes\u00eda. Emociones infantiles con Mayte Rod. Amor y libertad con Patricia Blanco El\u00edas.","breadcrumb":{"@id":"https:\/\/blogs.santosochoa.es\/logrono\/perez-escohotado-poesia-emociones-y-patricia-blanco\/#breadcrumb"},"inLanguage":"es","potentialAction":[{"@type":"ReadAction","target":["https:\/\/blogs.santosochoa.es\/logrono\/perez-escohotado-poesia-emociones-y-patricia-blanco\/"]}]},{"@type":"ImageObject","inLanguage":"es","@id":"https:\/\/blogs.santosochoa.es\/logrono\/perez-escohotado-poesia-emociones-y-patricia-blanco\/#primaryimage","url":"https:\/\/blogs.santosochoa.es\/logrono\/wp-content\/uploads\/sites\/2\/2025\/02\/woman-reading-book-park_optim.jpg","contentUrl":"https:\/\/blogs.santosochoa.es\/logrono\/wp-content\/uploads\/sites\/2\/2025\/02\/woman-reading-book-park_optim.jpg","width":2000,"height":1333},{"@type":"BreadcrumbList","@id":"https:\/\/blogs.santosochoa.es\/logrono\/perez-escohotado-poesia-emociones-y-patricia-blanco\/#breadcrumb","itemListElement":[{"@type":"ListItem","position":1,"name":"Home","item":"https:\/\/blogs.santosochoa.es\/logrono\/"},{"@type":"ListItem","position":2,"name":"Javier P\u00e9rez Escohotado, D\u00eda de la Poes\u00eda, Emociones en la infancia y Patricia Blanco El\u00edas"}]},{"@type":"WebSite","@id":"https:\/\/blogs.santosochoa.es\/logrono\/#website","url":"https:\/\/blogs.santosochoa.es\/logrono\/","name":"Santos Ochoa Logro\u00f1o","description":"Tu Librer\u00eda Online","potentialAction":[{"@type":"SearchAction","target":{"@type":"EntryPoint","urlTemplate":"https:\/\/blogs.santosochoa.es\/logrono\/?s={search_term_string}"},"query-input":{"@type":"PropertyValueSpecification","valueRequired":true,"valueName":"search_term_string"}}],"inLanguage":"es"},{"@type":"Person","@id":"https:\/\/blogs.santosochoa.es\/logrono\/#\/schema\/person\/103664eb8c60fbeea1880c704687c2e3","name":"Santos Ochoa Logro\u00f1o","sameAs":["http:\/\/santosochoa.es","https:\/\/www.facebook.com\/santosochoalog","https:\/\/www.instagram.com\/santosochoalog\/","https:\/\/x.com\/santosochoalog","https:\/\/www.youtube.com\/c\/SantosOchoaLibros"]}]}},"_links":{"self":[{"href":"https:\/\/blogs.santosochoa.es\/logrono\/wp-json\/wp\/v2\/posts\/4695","targetHints":{"allow":["GET"]}}],"collection":[{"href":"https:\/\/blogs.santosochoa.es\/logrono\/wp-json\/wp\/v2\/posts"}],"about":[{"href":"https:\/\/blogs.santosochoa.es\/logrono\/wp-json\/wp\/v2\/types\/post"}],"author":[{"embeddable":true,"href":"https:\/\/blogs.santosochoa.es\/logrono\/wp-json\/wp\/v2\/users\/4"}],"replies":[{"embeddable":true,"href":"https:\/\/blogs.santosochoa.es\/logrono\/wp-json\/wp\/v2\/comments?post=4695"}],"version-history":[{"count":2,"href":"https:\/\/blogs.santosochoa.es\/logrono\/wp-json\/wp\/v2\/posts\/4695\/revisions"}],"predecessor-version":[{"id":4697,"href":"https:\/\/blogs.santosochoa.es\/logrono\/wp-json\/wp\/v2\/posts\/4695\/revisions\/4697"}],"wp:featuredmedia":[{"embeddable":true,"href":"https:\/\/blogs.santosochoa.es\/logrono\/wp-json\/wp\/v2\/media\/4665"}],"wp:attachment":[{"href":"https:\/\/blogs.santosochoa.es\/logrono\/wp-json\/wp\/v2\/media?parent=4695"}],"wp:term":[{"taxonomy":"category","embeddable":true,"href":"https:\/\/blogs.santosochoa.es\/logrono\/wp-json\/wp\/v2\/categories?post=4695"},{"taxonomy":"post_tag","embeddable":true,"href":"https:\/\/blogs.santosochoa.es\/logrono\/wp-json\/wp\/v2\/tags?post=4695"}],"curies":[{"name":"wp","href":"https:\/\/api.w.org\/{rel}","templated":true}]}}