{"id":4481,"date":"2024-11-27T14:16:50","date_gmt":"2024-11-27T13:16:50","guid":{"rendered":"https:\/\/blogs.santosochoa.es\/logrono\/?p=4481"},"modified":"2024-11-27T14:16:52","modified_gmt":"2024-11-27T13:16:52","slug":"javier-pena-y-domingo-dorado","status":"publish","type":"post","link":"https:\/\/blogs.santosochoa.es\/logrono\/javier-pena-y-domingo-dorado\/","title":{"rendered":"Javier Pe\u00f1a y Domingo Dorado"},"content":{"rendered":"\n<h2 class=\"wp-block-heading\"><strong>Javier Pe\u00f1a presenta<em> Tinta invisible<\/em>. Una historia de amor y p\u00e9rdida entre un padre y un hijo y los libros que los unen<\/strong>.<\/h2>\n\n\n\n<h3 class=\"wp-block-heading\"><strong>Lunes 2 de diciembre, a las 19:00 h.<\/strong><\/h3>\n\n\n\n<h4 class=\"wp-block-heading\">Santos Ochoa (Calvo Sotelo, 19, Logro\u00f1o)<\/h4>\n\n\n\n<p><strong><em>Tambi\u00e9n en YouTube:<\/em><\/strong> <a href=\"https:\/\/www.youtube.com\/c\/SantosOchoaLibros\" target=\"_blank\" rel=\"noreferrer noopener\">youtube.com\/c\/SantosOchoaLibros<\/a><\/p>\n\n\n\n<div class=\"wp-block-image\"><figure class=\"alignright size-full is-resized\"><a href=\"https:\/\/www.santosochoa.es\/libros\/pena-javier_tinta-invisible-la_9788410025110\" target=\"_blank\" rel=\"noopener noreferrer\"><img decoding=\"async\" src=\"https:\/\/blogs.santosochoa.es\/logrono\/wp-content\/uploads\/sites\/2\/2024\/11\/tinta-invisible_Javier-Pena.jpg\" alt=\"\" class=\"wp-image-4461\" width=\"300\" srcset=\"https:\/\/blogs.santosochoa.es\/logrono\/wp-content\/uploads\/sites\/2\/2024\/11\/tinta-invisible_Javier-Pena.jpg 591w, https:\/\/blogs.santosochoa.es\/logrono\/wp-content\/uploads\/sites\/2\/2024\/11\/tinta-invisible_Javier-Pena-205x300.jpg 205w\" sizes=\"(max-width: 591px) 100vw, 591px\" \/><\/a><\/figure><\/div>\n\n\n\n<p>El autor conversar\u00e1 con el escritor <strong>Kike Cherta<\/strong>.<\/p>\n\n\n\n<h5 class=\"wp-block-heading\"><strong>A medio camino entre en el ensayo y el memoir, una historia de amor y p\u00e9rdida entre un padre y un hijo y los libros que los unen. Secretos y silencios, angustias y esperanzas de los grandes escritores. Una odisea emocional que sumerge al lector en una indagaci\u00f3n sobre la creaci\u00f3n literaria y el poder transformador de las historias. Los grandes escritores son los compa\u00f1eros de este viaje emocional que habla de todos nosotros: Kafka, Toni Morrison, Margaret Atwood, Tolst\u00f3i, Sontag, Saramago, Dickens y muchos m\u00e1s.<\/strong><\/h5>\n\n\n\n<p>Mientras el padre de Javier Pe\u00f1a muere en una cama de hospital, en torno a ellos orbitan un mill\u00f3n de historias. Las historias de su familia, llenas de cargueros y casualidades, de enciclopedias, silencios y orgullo. Pero sobre todo las historias de los libros que atiborran sus estanter\u00edas y de los escritores que las inventaron en mitad del desamparo, como grietas por las que se cuela la luz. Matrioskas de historias compartidas abriendo sus tripas entre padre e hijo, como una \u00faltima celebraci\u00f3n de la vida, como un recordatorio de que el ser humano necesita narrarse para comprender qui\u00e9n es a trav\u00e9s del sinuoso limbo entre el mundo real y la imaginaci\u00f3n.<\/p>\n\n\n\n<p><strong>Javier Pe\u00f1a<\/strong> hace m\u00e1s de veinte a\u00f1os vive en Santiago de Compostela, adonde se mud\u00f3 para estudiar periodismo. Licenciado en Ciencias de la Informaci\u00f3n por la USC en 2001, ejerci\u00f3 la profesi\u00f3n durante nueve a\u00f1os en la, ahora ya extinta, delegaci\u00f3n del Diario AS en Galicia. En plena celebraci\u00f3n del Xacobeo 2010, acept\u00f3 una oferta para unirse al gabinete de la Conseller\u00eda de Cultura de la Xunta. Durante los siete a\u00f1os siguientes su cometido ser\u00eda escribir discursos para los conselleiros: lleg\u00f3 a contabilizar m\u00e1s de 1.000 discursos salidos del teclado de su ordenador. Tras una remodelaci\u00f3n de gobierno en 2012 fue reubicado en Traballo e Benestar. All\u00ed comenz\u00f3 la escritura de\u00a0<em>Infelices<\/em>, una novela sobre el fracaso y la tiran\u00eda de las expectativas que le ayud\u00f3 a enfrentarse a sus propias frustraciones. Al terminarla decidi\u00f3 abandonar su puesto en la Xunta. Desde entonces escribe novelas, codirige la web cultural\u00a0<em>Inorantes<\/em>, de la que tambi\u00e9n es fundador, colabora en diversas revistas y publicaciones, e imparte talleres de escritura creativa.<\/p>\n\n\n\n<div style=\"height:49px\" aria-hidden=\"true\" class=\"wp-block-spacer\"><\/div>\n\n\n\n<h2 class=\"wp-block-heading\"><strong>Domingo Dorado presenta<em> Historia de Clavijo y su castillo<\/em>. La fortaleza, el pueblo, las batallas\u2026<\/strong><\/h2>\n\n\n\n<h3 class=\"wp-block-heading\"><strong>Martes 3 de diciembre, a las 19:30 h.<\/strong><\/h3>\n\n\n\n<h4 class=\"wp-block-heading\">Santos Ochoa (Calvo Sotelo, 19, Logro\u00f1o)<\/h4>\n\n\n\n<p><strong><em>Tambi\u00e9n en YouTube:<\/em><\/strong> <a href=\"https:\/\/www.youtube.com\/c\/SantosOchoaLibros\" target=\"_blank\" rel=\"noreferrer noopener\">youtube.com\/c\/SantosOchoaLibros<\/a><\/p>\n\n\n\n<div class=\"wp-block-image\"><figure class=\"alignleft size-full is-resized\"><img decoding=\"async\" src=\"https:\/\/blogs.santosochoa.es\/logrono\/wp-content\/uploads\/sites\/2\/2024\/11\/historia-de-clavijo-y-su-castillo_Domingo-Dorado.jpg\" alt=\"\" class=\"wp-image-4464\" width=\"300\" srcset=\"https:\/\/blogs.santosochoa.es\/logrono\/wp-content\/uploads\/sites\/2\/2024\/11\/historia-de-clavijo-y-su-castillo_Domingo-Dorado.jpg 591w, https:\/\/blogs.santosochoa.es\/logrono\/wp-content\/uploads\/sites\/2\/2024\/11\/historia-de-clavijo-y-su-castillo_Domingo-Dorado-208x300.jpg 208w\" sizes=\"(max-width: 591px) 100vw, 591px\" \/><\/figure><\/div>\n\n\n\n<p>El autor conversar\u00e1 con el periodista y escritor <strong>Marcelino Izquierdo<\/strong>.<\/p>\n\n\n\n<h5 class=\"wp-block-heading\"><strong>Un enclave tan relevante como Clavijo no contaba con un estudio hist\u00f3rico propio y profundo. Tan solo se pod\u00edan encontrar referencias escasas y sueltas en investigaciones sobre otras materias. Esta obra recoge la historia de la fortaleza y del pueblo que se form\u00f3 a su abrigo, recopilando met\u00f3dicamente todos los datos antes conocidos y otros nuevos que la investigaci\u00f3n ha revelado.<\/strong><\/h5>\n\n\n\n<p>Este primer tomo se ocupa de la historia antigua de Clavijo, de c\u00f3mo su ubicaci\u00f3n y la geolog\u00eda del lugar han condicionado su historia y la de sus monumentos, la \u00e9poca previsig\u00f3tica, su relaci\u00f3n con el Monasterio de San Prudencio\u2026 Tambi\u00e9n nos asomamos a los acontecimientos m\u00e1s controvertidos y analizamos la veracidad de las tres batallas que se libraron a su alrededor: una falsa y dos verdaderas. Una ganada por los musulmanes de la familia Banu Qasi y otra por los cristianos del rey Ordo\u00f1o I. Precisamos la fecha de construcci\u00f3n del castillo en la d\u00e9cada del 880, su ampliaci\u00f3n tras la conquista en 923 y la construcci\u00f3n de una torre de vigilancia en Pe\u00f1a Aguda.<\/p>\n\n\n\n<p>Descubrimos al primer Se\u00f1or de Clavijo, Fernando de Rojas, y referenciamos las vidas de los otros seis se\u00f1ores, anteriores al siglo XVI, de los trece que tuvo. Documentamos las primeras referencias escritas sobre el barrio de La Uni\u00f3n y la villa de Clavijo y descubrimos a sus gentes, que vivieron y trabajaron en esta villa durante la Edad Media.<\/p>\n\n\n\n<p>Dejamos para el siguiente tomo la historia moderna, donde conoceremos su iglesia y sus cinco ermitas; daremos la importancia debida a su conversi\u00f3n en Condado de Clavijo y relacionaremos las vidas de sus trece condes, desde Marcos Baltasar de Lanuza hasta Monika Mart\u00ednez de las Rivas y Palomar, la actual condesa de Clavijo.<\/p>\n\n\n\n<p><strong>Domingo Dorado Garc\u00eda<\/strong> naci\u00f3 en Valencia de las Torres (Badajoz) en 1952 aunque es riojano desde los 12 a\u00f1os. Est\u00e1 casado y tiene dos hijos. Es Ingeniero T\u00e9cnico Electr\u00f3nico con estudios de Pedagog\u00eda. Profesor Universitario y de Instituto de Educaci\u00f3n Secundaria ya jubilado. Es vecino de Clavijo desde el a\u00f1o 2001.<\/p>\n","protected":false},"excerpt":{"rendered":"<p>Javier Pe\u00f1a, creador del podcast Grandes Infelices, presenta \u00abTinta invisible\u00bb. Domingo Dorado presenta \u00abHistoria de Clavijo y su castillo\u00bb<\/p>\n","protected":false},"author":4,"featured_media":4461,"comment_status":"closed","ping_status":"closed","sticky":false,"template":"","format":"standard","meta":{"footnotes":""},"categories":[14,12,13],"tags":[],"class_list":["post-4481","post","type-post","status-publish","format-standard","has-post-thumbnail","hentry","category-charla-con-el-autor","category-libros","category-libros-do-rioja"],"yoast_head":"<!-- This site is optimized with the Yoast SEO plugin v27.2 - https:\/\/yoast.com\/product\/yoast-seo-wordpress\/ -->\n<title>Javier Pe\u00f1a y Domingo Dorado - Santos Ochoa Logro\u00f1o<\/title>\n<meta name=\"description\" content=\"Javier Pe\u00f1a, creador del podcast Grandes Infelices, presenta &quot;Tinta invisible&quot;. Domingo Dorado presenta &quot;Historia de Clavijo y su castillo&quot;\" \/>\n<meta name=\"robots\" content=\"index, follow, max-snippet:-1, max-image-preview:large, max-video-preview:-1\" \/>\n<link rel=\"canonical\" href=\"https:\/\/blogs.santosochoa.es\/logrono\/javier-pena-y-domingo-dorado\/\" \/>\n<meta property=\"og:locale\" content=\"es_ES\" \/>\n<meta property=\"og:type\" content=\"article\" \/>\n<meta property=\"og:title\" content=\"Javier Pe\u00f1a y Domingo Dorado - Santos Ochoa Logro\u00f1o\" \/>\n<meta property=\"og:description\" content=\"Javier Pe\u00f1a, creador del podcast Grandes Infelices, presenta &quot;Tinta invisible&quot;. Domingo Dorado presenta &quot;Historia de Clavijo y su castillo&quot;\" \/>\n<meta property=\"og:url\" content=\"https:\/\/blogs.santosochoa.es\/logrono\/javier-pena-y-domingo-dorado\/\" \/>\n<meta property=\"og:site_name\" content=\"Santos Ochoa Logro\u00f1o\" \/>\n<meta property=\"article:author\" content=\"https:\/\/www.facebook.com\/santosochoalog\" \/>\n<meta property=\"article:published_time\" content=\"2024-11-27T13:16:50+00:00\" \/>\n<meta property=\"article:modified_time\" content=\"2024-11-27T13:16:52+00:00\" \/>\n<meta property=\"og:image\" content=\"https:\/\/blogs.santosochoa.es\/logrono\/wp-content\/uploads\/sites\/2\/2024\/11\/tinta-invisible_Javier-Pena.jpg\" \/>\n\t<meta property=\"og:image:width\" content=\"591\" \/>\n\t<meta property=\"og:image:height\" content=\"866\" \/>\n\t<meta property=\"og:image:type\" content=\"image\/jpeg\" \/>\n<meta name=\"author\" content=\"Santos Ochoa Logro\u00f1o\" \/>\n<meta name=\"twitter:card\" content=\"summary_large_image\" \/>\n<meta name=\"twitter:creator\" content=\"@santosochoalog\" \/>\n<meta name=\"twitter:label1\" content=\"Written by\" \/>\n\t<meta name=\"twitter:data1\" content=\"Santos Ochoa Logro\u00f1o\" \/>\n\t<meta name=\"twitter:label2\" content=\"Est. reading time\" \/>\n\t<meta name=\"twitter:data2\" content=\"4 minutos\" \/>\n<script type=\"application\/ld+json\" class=\"yoast-schema-graph\">{\"@context\":\"https:\/\/schema.org\",\"@graph\":[{\"@type\":\"Article\",\"@id\":\"https:\/\/blogs.santosochoa.es\/logrono\/javier-pena-y-domingo-dorado\/#article\",\"isPartOf\":{\"@id\":\"https:\/\/blogs.santosochoa.es\/logrono\/javier-pena-y-domingo-dorado\/\"},\"author\":{\"name\":\"Santos Ochoa Logro\u00f1o\",\"@id\":\"https:\/\/blogs.santosochoa.es\/logrono\/#\/schema\/person\/103664eb8c60fbeea1880c704687c2e3\"},\"headline\":\"Javier Pe\u00f1a y Domingo Dorado\",\"datePublished\":\"2024-11-27T13:16:50+00:00\",\"dateModified\":\"2024-11-27T13:16:52+00:00\",\"mainEntityOfPage\":{\"@id\":\"https:\/\/blogs.santosochoa.es\/logrono\/javier-pena-y-domingo-dorado\/\"},\"wordCount\":858,\"image\":{\"@id\":\"https:\/\/blogs.santosochoa.es\/logrono\/javier-pena-y-domingo-dorado\/#primaryimage\"},\"thumbnailUrl\":\"https:\/\/blogs.santosochoa.es\/logrono\/wp-content\/uploads\/sites\/2\/2024\/11\/tinta-invisible_Javier-Pena.jpg\",\"articleSection\":[\"charla con el autor\",\"libros\",\"libros do rioja\"],\"inLanguage\":\"es\"},{\"@type\":\"WebPage\",\"@id\":\"https:\/\/blogs.santosochoa.es\/logrono\/javier-pena-y-domingo-dorado\/\",\"url\":\"https:\/\/blogs.santosochoa.es\/logrono\/javier-pena-y-domingo-dorado\/\",\"name\":\"Javier Pe\u00f1a y Domingo Dorado - Santos Ochoa Logro\u00f1o\",\"isPartOf\":{\"@id\":\"https:\/\/blogs.santosochoa.es\/logrono\/#website\"},\"primaryImageOfPage\":{\"@id\":\"https:\/\/blogs.santosochoa.es\/logrono\/javier-pena-y-domingo-dorado\/#primaryimage\"},\"image\":{\"@id\":\"https:\/\/blogs.santosochoa.es\/logrono\/javier-pena-y-domingo-dorado\/#primaryimage\"},\"thumbnailUrl\":\"https:\/\/blogs.santosochoa.es\/logrono\/wp-content\/uploads\/sites\/2\/2024\/11\/tinta-invisible_Javier-Pena.jpg\",\"datePublished\":\"2024-11-27T13:16:50+00:00\",\"dateModified\":\"2024-11-27T13:16:52+00:00\",\"author\":{\"@id\":\"https:\/\/blogs.santosochoa.es\/logrono\/#\/schema\/person\/103664eb8c60fbeea1880c704687c2e3\"},\"description\":\"Javier Pe\u00f1a, creador del podcast Grandes Infelices, presenta \\\"Tinta invisible\\\". Domingo Dorado presenta \\\"Historia de Clavijo y su castillo\\\"\",\"breadcrumb\":{\"@id\":\"https:\/\/blogs.santosochoa.es\/logrono\/javier-pena-y-domingo-dorado\/#breadcrumb\"},\"inLanguage\":\"es\",\"potentialAction\":[{\"@type\":\"ReadAction\",\"target\":[\"https:\/\/blogs.santosochoa.es\/logrono\/javier-pena-y-domingo-dorado\/\"]}]},{\"@type\":\"ImageObject\",\"inLanguage\":\"es\",\"@id\":\"https:\/\/blogs.santosochoa.es\/logrono\/javier-pena-y-domingo-dorado\/#primaryimage\",\"url\":\"https:\/\/blogs.santosochoa.es\/logrono\/wp-content\/uploads\/sites\/2\/2024\/11\/tinta-invisible_Javier-Pena.jpg\",\"contentUrl\":\"https:\/\/blogs.santosochoa.es\/logrono\/wp-content\/uploads\/sites\/2\/2024\/11\/tinta-invisible_Javier-Pena.jpg\",\"width\":591,\"height\":866},{\"@type\":\"BreadcrumbList\",\"@id\":\"https:\/\/blogs.santosochoa.es\/logrono\/javier-pena-y-domingo-dorado\/#breadcrumb\",\"itemListElement\":[{\"@type\":\"ListItem\",\"position\":1,\"name\":\"Home\",\"item\":\"https:\/\/blogs.santosochoa.es\/logrono\/\"},{\"@type\":\"ListItem\",\"position\":2,\"name\":\"Javier Pe\u00f1a y Domingo Dorado\"}]},{\"@type\":\"WebSite\",\"@id\":\"https:\/\/blogs.santosochoa.es\/logrono\/#website\",\"url\":\"https:\/\/blogs.santosochoa.es\/logrono\/\",\"name\":\"Santos Ochoa Logro\u00f1o\",\"description\":\"Tu Librer\u00eda Online\",\"potentialAction\":[{\"@type\":\"SearchAction\",\"target\":{\"@type\":\"EntryPoint\",\"urlTemplate\":\"https:\/\/blogs.santosochoa.es\/logrono\/?s={search_term_string}\"},\"query-input\":{\"@type\":\"PropertyValueSpecification\",\"valueRequired\":true,\"valueName\":\"search_term_string\"}}],\"inLanguage\":\"es\"},{\"@type\":\"Person\",\"@id\":\"https:\/\/blogs.santosochoa.es\/logrono\/#\/schema\/person\/103664eb8c60fbeea1880c704687c2e3\",\"name\":\"Santos Ochoa Logro\u00f1o\",\"sameAs\":[\"http:\/\/santosochoa.es\",\"https:\/\/www.facebook.com\/santosochoalog\",\"https:\/\/www.instagram.com\/santosochoalog\/\",\"https:\/\/x.com\/santosochoalog\",\"https:\/\/www.youtube.com\/c\/SantosOchoaLibros\"]}]}<\/script>\n<!-- \/ Yoast SEO plugin. -->","yoast_head_json":{"title":"Javier Pe\u00f1a y Domingo Dorado - Santos Ochoa Logro\u00f1o","description":"Javier Pe\u00f1a, creador del podcast Grandes Infelices, presenta \"Tinta invisible\". Domingo Dorado presenta \"Historia de Clavijo y su castillo\"","robots":{"index":"index","follow":"follow","max-snippet":"max-snippet:-1","max-image-preview":"max-image-preview:large","max-video-preview":"max-video-preview:-1"},"canonical":"https:\/\/blogs.santosochoa.es\/logrono\/javier-pena-y-domingo-dorado\/","og_locale":"es_ES","og_type":"article","og_title":"Javier Pe\u00f1a y Domingo Dorado - Santos Ochoa Logro\u00f1o","og_description":"Javier Pe\u00f1a, creador del podcast Grandes Infelices, presenta \"Tinta invisible\". Domingo Dorado presenta \"Historia de Clavijo y su castillo\"","og_url":"https:\/\/blogs.santosochoa.es\/logrono\/javier-pena-y-domingo-dorado\/","og_site_name":"Santos Ochoa Logro\u00f1o","article_author":"https:\/\/www.facebook.com\/santosochoalog","article_published_time":"2024-11-27T13:16:50+00:00","article_modified_time":"2024-11-27T13:16:52+00:00","og_image":[{"width":591,"height":866,"url":"https:\/\/blogs.santosochoa.es\/logrono\/wp-content\/uploads\/sites\/2\/2024\/11\/tinta-invisible_Javier-Pena.jpg","type":"image\/jpeg"}],"author":"Santos Ochoa Logro\u00f1o","twitter_card":"summary_large_image","twitter_creator":"@santosochoalog","twitter_misc":{"Written by":"Santos Ochoa Logro\u00f1o","Est. reading time":"4 minutos"},"schema":{"@context":"https:\/\/schema.org","@graph":[{"@type":"Article","@id":"https:\/\/blogs.santosochoa.es\/logrono\/javier-pena-y-domingo-dorado\/#article","isPartOf":{"@id":"https:\/\/blogs.santosochoa.es\/logrono\/javier-pena-y-domingo-dorado\/"},"author":{"name":"Santos Ochoa Logro\u00f1o","@id":"https:\/\/blogs.santosochoa.es\/logrono\/#\/schema\/person\/103664eb8c60fbeea1880c704687c2e3"},"headline":"Javier Pe\u00f1a y Domingo Dorado","datePublished":"2024-11-27T13:16:50+00:00","dateModified":"2024-11-27T13:16:52+00:00","mainEntityOfPage":{"@id":"https:\/\/blogs.santosochoa.es\/logrono\/javier-pena-y-domingo-dorado\/"},"wordCount":858,"image":{"@id":"https:\/\/blogs.santosochoa.es\/logrono\/javier-pena-y-domingo-dorado\/#primaryimage"},"thumbnailUrl":"https:\/\/blogs.santosochoa.es\/logrono\/wp-content\/uploads\/sites\/2\/2024\/11\/tinta-invisible_Javier-Pena.jpg","articleSection":["charla con el autor","libros","libros do rioja"],"inLanguage":"es"},{"@type":"WebPage","@id":"https:\/\/blogs.santosochoa.es\/logrono\/javier-pena-y-domingo-dorado\/","url":"https:\/\/blogs.santosochoa.es\/logrono\/javier-pena-y-domingo-dorado\/","name":"Javier Pe\u00f1a y Domingo Dorado - Santos Ochoa Logro\u00f1o","isPartOf":{"@id":"https:\/\/blogs.santosochoa.es\/logrono\/#website"},"primaryImageOfPage":{"@id":"https:\/\/blogs.santosochoa.es\/logrono\/javier-pena-y-domingo-dorado\/#primaryimage"},"image":{"@id":"https:\/\/blogs.santosochoa.es\/logrono\/javier-pena-y-domingo-dorado\/#primaryimage"},"thumbnailUrl":"https:\/\/blogs.santosochoa.es\/logrono\/wp-content\/uploads\/sites\/2\/2024\/11\/tinta-invisible_Javier-Pena.jpg","datePublished":"2024-11-27T13:16:50+00:00","dateModified":"2024-11-27T13:16:52+00:00","author":{"@id":"https:\/\/blogs.santosochoa.es\/logrono\/#\/schema\/person\/103664eb8c60fbeea1880c704687c2e3"},"description":"Javier Pe\u00f1a, creador del podcast Grandes Infelices, presenta \"Tinta invisible\". Domingo Dorado presenta \"Historia de Clavijo y su castillo\"","breadcrumb":{"@id":"https:\/\/blogs.santosochoa.es\/logrono\/javier-pena-y-domingo-dorado\/#breadcrumb"},"inLanguage":"es","potentialAction":[{"@type":"ReadAction","target":["https:\/\/blogs.santosochoa.es\/logrono\/javier-pena-y-domingo-dorado\/"]}]},{"@type":"ImageObject","inLanguage":"es","@id":"https:\/\/blogs.santosochoa.es\/logrono\/javier-pena-y-domingo-dorado\/#primaryimage","url":"https:\/\/blogs.santosochoa.es\/logrono\/wp-content\/uploads\/sites\/2\/2024\/11\/tinta-invisible_Javier-Pena.jpg","contentUrl":"https:\/\/blogs.santosochoa.es\/logrono\/wp-content\/uploads\/sites\/2\/2024\/11\/tinta-invisible_Javier-Pena.jpg","width":591,"height":866},{"@type":"BreadcrumbList","@id":"https:\/\/blogs.santosochoa.es\/logrono\/javier-pena-y-domingo-dorado\/#breadcrumb","itemListElement":[{"@type":"ListItem","position":1,"name":"Home","item":"https:\/\/blogs.santosochoa.es\/logrono\/"},{"@type":"ListItem","position":2,"name":"Javier Pe\u00f1a y Domingo Dorado"}]},{"@type":"WebSite","@id":"https:\/\/blogs.santosochoa.es\/logrono\/#website","url":"https:\/\/blogs.santosochoa.es\/logrono\/","name":"Santos Ochoa Logro\u00f1o","description":"Tu Librer\u00eda Online","potentialAction":[{"@type":"SearchAction","target":{"@type":"EntryPoint","urlTemplate":"https:\/\/blogs.santosochoa.es\/logrono\/?s={search_term_string}"},"query-input":{"@type":"PropertyValueSpecification","valueRequired":true,"valueName":"search_term_string"}}],"inLanguage":"es"},{"@type":"Person","@id":"https:\/\/blogs.santosochoa.es\/logrono\/#\/schema\/person\/103664eb8c60fbeea1880c704687c2e3","name":"Santos Ochoa Logro\u00f1o","sameAs":["http:\/\/santosochoa.es","https:\/\/www.facebook.com\/santosochoalog","https:\/\/www.instagram.com\/santosochoalog\/","https:\/\/x.com\/santosochoalog","https:\/\/www.youtube.com\/c\/SantosOchoaLibros"]}]}},"_links":{"self":[{"href":"https:\/\/blogs.santosochoa.es\/logrono\/wp-json\/wp\/v2\/posts\/4481","targetHints":{"allow":["GET"]}}],"collection":[{"href":"https:\/\/blogs.santosochoa.es\/logrono\/wp-json\/wp\/v2\/posts"}],"about":[{"href":"https:\/\/blogs.santosochoa.es\/logrono\/wp-json\/wp\/v2\/types\/post"}],"author":[{"embeddable":true,"href":"https:\/\/blogs.santosochoa.es\/logrono\/wp-json\/wp\/v2\/users\/4"}],"replies":[{"embeddable":true,"href":"https:\/\/blogs.santosochoa.es\/logrono\/wp-json\/wp\/v2\/comments?post=4481"}],"version-history":[{"count":2,"href":"https:\/\/blogs.santosochoa.es\/logrono\/wp-json\/wp\/v2\/posts\/4481\/revisions"}],"predecessor-version":[{"id":4483,"href":"https:\/\/blogs.santosochoa.es\/logrono\/wp-json\/wp\/v2\/posts\/4481\/revisions\/4483"}],"wp:featuredmedia":[{"embeddable":true,"href":"https:\/\/blogs.santosochoa.es\/logrono\/wp-json\/wp\/v2\/media\/4461"}],"wp:attachment":[{"href":"https:\/\/blogs.santosochoa.es\/logrono\/wp-json\/wp\/v2\/media?parent=4481"}],"wp:term":[{"taxonomy":"category","embeddable":true,"href":"https:\/\/blogs.santosochoa.es\/logrono\/wp-json\/wp\/v2\/categories?post=4481"},{"taxonomy":"post_tag","embeddable":true,"href":"https:\/\/blogs.santosochoa.es\/logrono\/wp-json\/wp\/v2\/tags?post=4481"}],"curies":[{"name":"wp","href":"https:\/\/api.w.org\/{rel}","templated":true}]}}