{"id":4445,"date":"2024-11-07T14:28:23","date_gmt":"2024-11-07T13:28:23","guid":{"rendered":"https:\/\/blogs.santosochoa.es\/logrono\/?p=4445"},"modified":"2024-11-07T14:28:25","modified_gmt":"2024-11-07T13:28:25","slug":"fernando-saez-aldana-juan-gomez-barcena-alina-not-y-cuentos-infinitos","status":"publish","type":"post","link":"https:\/\/blogs.santosochoa.es\/logrono\/fernando-saez-aldana-juan-gomez-barcena-alina-not-y-cuentos-infinitos\/","title":{"rendered":"Fernando S\u00e1ez Aldana, Juan G\u00f3mez B\u00e1rcena, Alina Not y Cuentos Infinitos"},"content":{"rendered":"\n<h2 class=\"wp-block-heading\"><strong>Fernando S\u00e1ez Aldana presenta<em> Las perlas de la m\u00fasica cl\u00e1sica<\/em>. Antolog\u00eda de obras maestras comentadas<\/strong>.<\/h2>\n\n\n\n<h3 class=\"wp-block-heading\"><strong>Jueves 14 de noviembre, a las 19:30 h.<\/strong><\/h3>\n\n\n\n<h4 class=\"wp-block-heading\">Santos Ochoa (Calvo Sotelo, 19, Logro\u00f1o)<\/h4>\n\n\n\n<p><strong><em>Tambi\u00e9n en YouTube:<\/em><\/strong> <a href=\"https:\/\/www.youtube.com\/c\/SantosOchoaLibros\" target=\"_blank\" rel=\"noreferrer noopener\">youtube.com\/c\/SantosOchoaLibros<\/a><\/p>\n\n\n\n<div class=\"wp-block-image\"><figure class=\"alignright size-full is-resized\"><a href=\"https:\/\/www.santosochoa.es\/libros\/fernando-saez-aldana_las-perlas-de-la-musica-clasica_9788418703898\" target=\"_blank\" rel=\"noopener noreferrer\"><img decoding=\"async\" src=\"https:\/\/blogs.santosochoa.es\/logrono\/wp-content\/uploads\/sites\/2\/2024\/10\/las-perlas-de-la-musica-clasica_fernando-saez-aldana.jpg\" alt=\"\" class=\"wp-image-4422\" width=\"300\" srcset=\"https:\/\/blogs.santosochoa.es\/logrono\/wp-content\/uploads\/sites\/2\/2024\/10\/las-perlas-de-la-musica-clasica_fernando-saez-aldana.jpg 591w, https:\/\/blogs.santosochoa.es\/logrono\/wp-content\/uploads\/sites\/2\/2024\/10\/las-perlas-de-la-musica-clasica_fernando-saez-aldana-213x300.jpg 213w\" sizes=\"(max-width: 591px) 100vw, 591px\" \/><\/a><\/figure><\/div>\n\n\n\n<h5 class=\"wp-block-heading\"><strong>Este libro contiene un tesoro incalculable, un centenar de piezas musicales comentadas y que podr\u00e1n disfrutar gracias a la tecnolog\u00eda de los c\u00f3digos QR. Se trata de una antolog\u00eda de breves obras maestras, aut\u00e9nticas perlas musicales creadas por cien grandes compositores a lo largo de cuatro siglos.<\/strong><\/h5>\n\n\n\n<p>Para quienes desean adentrarse en el mundo de la m\u00fasica cl\u00e1sica, este libro pretende ser una gu\u00eda que los acompa\u00f1e y los oriente en un fascinante viaje inici\u00e1tico hacia la mayor belleza sonora creada por el ser humano. Y para los que ya son aficionados, conocer los entresijos de cada pieza seleccionada mediante una gu\u00eda de audici\u00f3n puede enriquecer su disfrute al escucharlas.<\/p>\n\n\n\n<p>Cada cap\u00edtulo contiene una breve semblanza del autor, la historia de la obra seleccionada y una gu\u00eda de audici\u00f3n para entender la pieza mientras se escucha. Adem\u00e1s, el libro cuenta con un pr\u00f3logo de Pablo S\u00e1inz-Villegas.<\/p>\n\n\n\n<p><strong>Fernando S\u00e1ez Aldana\u00a0<\/strong>(Haro, 1953) ha escrito y publicado colecciones de relatos breves (<em>La ouija y otros relatos, Armon\u00eda y otros cuentos, El decatl\u00f3n riojano, Sonata Pat\u00e9tica<\/em>), novelas (<em>Hasta los huesos, Kundry, La casa, El expediente Ad\u00e1n<\/em>), antolog\u00edas de columnas period\u00edsticas (<em>El bistur\u00ed, Columnas jocosas<\/em>), teatro (<em>Mujeres. Teatro a la carta<\/em>) y poes\u00eda (<em>En el crep\u00fasculo<\/em>) y ha obtenido varios premios literarios entre los que destacan el Juan de la Cuesta (1989) el Tiflos de Cuento (1992), el De buena fuente (1998) y el Premio de las Letras del Centro Riojano de Madrid (2009). Mel\u00f3mano consumado y pianista, ha participado en diversos talleres musicales y ha escrito, con notable \u00e9xito de cr\u00edtica y p\u00fablico, grandes joyas de la divulgaci\u00f3n musical. En Redbook Ediciones ha publicado\u00a0<em>Otra historia de la \u00d3pera, M\u00fasicas con historia, Gu\u00eda pr\u00e1ctica para escuchar m\u00fasica\u00a0<\/em>y<em>\u00a0Las perlas de la m\u00fasica cl\u00e1sica.\u00a0<\/em>Imparte charlas sobre m\u00fasica cl\u00e1sica y desde 2004 participa en temporadas de divulgaci\u00f3n oper\u00edstica organizadas por la Asociaci\u00f3n Riojana de Amigos de la \u00d3pera, de la que es cofundador.\u00a0<\/p>\n\n\n\n<div style=\"height:51px\" aria-hidden=\"true\" class=\"wp-block-spacer\"><\/div>\n\n\n\n<h2 class=\"wp-block-heading\"><strong>Juan G\u00f3mez B\u00e1rcena presenta<em> Mapa de soledades<\/em>. Un apasionante ensayo literario sobre la gran epidemia del siglo XXI: la soledad<\/strong>.<\/h2>\n\n\n\n<h3 class=\"wp-block-heading\"><strong>Viernes 15 de noviembre, a las 18:00 h.<\/strong><\/h3>\n\n\n\n<h4 class=\"wp-block-heading\">Santos Ochoa (Calvo Sotelo, 19, Logro\u00f1o)<\/h4>\n\n\n\n<p><strong><em>Tambi\u00e9n en YouTube:<\/em><\/strong> <a href=\"https:\/\/www.youtube.com\/c\/SantosOchoaLibros\" target=\"_blank\" rel=\"noreferrer noopener\">youtube.com\/c\/SantosOchoaLibros<\/a><\/p>\n\n\n\n<div class=\"wp-block-image\"><figure class=\"alignleft size-full is-resized\"><a href=\"https:\/\/www.santosochoa.es\/libros\/gomez-barcena-juan_mapa-de-soledades_9788432244032\" target=\"_blank\" rel=\"noopener noreferrer\"><img decoding=\"async\" src=\"https:\/\/blogs.santosochoa.es\/logrono\/wp-content\/uploads\/sites\/2\/2024\/11\/mapa-de-soledades_juan-gomez-barcena.jpg\" alt=\"\" class=\"wp-image-4432\" width=\"300\" srcset=\"https:\/\/blogs.santosochoa.es\/logrono\/wp-content\/uploads\/sites\/2\/2024\/11\/mapa-de-soledades_juan-gomez-barcena.jpg 591w, https:\/\/blogs.santosochoa.es\/logrono\/wp-content\/uploads\/sites\/2\/2024\/11\/mapa-de-soledades_juan-gomez-barcena-177x300.jpg 177w\" sizes=\"(max-width: 591px) 100vw, 591px\" \/><\/a><\/figure><\/div>\n\n\n\n<p>El autor conversar\u00e1 con el escritor <strong>Kike Cherta<\/strong>.<\/p>\n\n\n\n<p><em>\u00abUna extraordinaria radiograf\u00eda afectiva de la soledad, una cartograf\u00eda personal del desamparo, pero tambi\u00e9n del retiro voluntario, que es a la vez un mapa preciso y una red de conexiones entre tiempos, lugares, sujetos e historias. Juan G\u00f3mez B\u00e1rcena ha escrito un libro l\u00facido, sereno, conmovedor y hermoso que, parad\u00f3jicamente, se queda contigo y te acompa\u00f1a para siempre\u00bb<\/em> Miguel \u00c1ngel Hern\u00e1ndez<\/p>\n\n\n\n<h5 class=\"wp-block-heading\"><strong>Se puede estar solo por muchos motivos. Hay solitarios forzosos y solitarios por elecci\u00f3n; hay soledades pasajeras y eternas; soledades que desembocan en la locura y otras que nos llevan al placer y la creaci\u00f3n. Se puede estar solo en una isla, como Robinson Crusoe, y tambi\u00e9n est\u00e1 sola el ama de casa que plancha mientras espera, la estrella del pop que se refugia en su habitaci\u00f3n de hotel y la llamada \u00abballena de 52 hercios\u00bb, que lleva treinta y cinco a\u00f1os cantando en una frecuencia que ninguna otra ballena puede o\u00edr.<\/strong><\/h5>\n\n\n\n<p><em>Mapa de soledades <\/em>es un fascinante ensayo narrativo que intenta comprender este sentimiento no solo en la sociedad actual, sino en diferentes tiempos y lugares, desde los monjes de Santa Mar\u00eda de Huerta, en Soria, hasta los <em>hikikomori<\/em> japoneses, de Mar\u00eda Antonieta a Miley Cyrus, del nazi Albert Speer a la escritora Emily Dickinson.<\/p>\n\n\n\n<p>Sin abandonar los recursos narrativos de la novela y haciendo gala de un dominio absoluto del lenguaje, Juan G\u00f3mez B\u00e1rcena explora en estas p\u00e1ginas un tema universal y de vigencia incuestionable como es la soledad, que no distingue de fronteras, g\u00e9neros ni clases sociales, y que es considerada la gran epidemia del siglo XXI.<\/p>\n\n\n\n<p><strong>Juan G\u00f3mez Barcena<\/strong> (Santander, 1984) es licenciado en Teor\u00eda de la Literatura y Literatura Comparada, en Historia y en Filosof\u00eda. Con su primer libro de cuentos,\u00a0<em>Los que duermen<\/em>\u00a0(2012) obtuvo el Premio Tormenta al Mejor Autor Revelaci\u00f3n. En 2014 public\u00f3\u00a0<em>El cielo de Lima<\/em>, novela con la que obtuvo el Premio Ojo Cr\u00edtico de Narrativa y el Premio Ciudad de Alcal\u00e1 de Narrativa. Su siguiente novela,\u00a0<em>Kanada<\/em>\u00a0(2017) obtuvo el Premio Ciudad de Santander y el Premio C\u00e1lamo Otra Mirada, y result\u00f3 primer finalista del Premio internacional Tigre Juan. A continuaci\u00f3n, public\u00f3\u00a0<em>Ni siquiera los muertos<\/em>\u00a0(2020), que fue finalista del premio del Gremio de Libreros de Madrid.\u00a0La monumental\u00a0<em>Lo dem\u00e1s es aire<\/em>\u00a0(2023), Premio Ciutat de Barcelona de Literatura y Premio Vanity Fair a la mejor novela, lo consolid\u00f3 como uno de los autores m\u00e1s relevantes de la literatura espa\u00f1ola.<\/p>\n\n\n\n<div style=\"height:50px\" aria-hidden=\"true\" class=\"wp-block-spacer\"><\/div>\n\n\n\n<h2 class=\"wp-block-heading\"><strong>Firma de libros de Alina Not. <em>Nosotros, con buena suerte<\/em> cierra su trilog\u00eda <em>Azar<\/em><\/strong>.<\/h2>\n\n\n\n<h3 class=\"wp-block-heading\"><strong>S\u00e1bado 16 de noviembre, de 18:30 a 19:30 h.<\/strong><\/h3>\n\n\n\n<h4 class=\"wp-block-heading\">Santos Ochoa (Calvo Sotelo, 19, Logro\u00f1o)<\/h4>\n\n\n\n<div class=\"wp-block-image\"><figure class=\"alignright size-full is-resized\"><a href=\"https:\/\/www.santosochoa.es\/libros\/not-alina_nosotros-con-buena-suerte_9788408292111\" target=\"_blank\" rel=\"noopener noreferrer\"><img decoding=\"async\" src=\"https:\/\/blogs.santosochoa.es\/logrono\/wp-content\/uploads\/sites\/2\/2024\/11\/nosotros-con-buena-suerte_alina-not.jpg\" alt=\"\" class=\"wp-image-4435\" width=\"300\" srcset=\"https:\/\/blogs.santosochoa.es\/logrono\/wp-content\/uploads\/sites\/2\/2024\/11\/nosotros-con-buena-suerte_alina-not.jpg 591w, https:\/\/blogs.santosochoa.es\/logrono\/wp-content\/uploads\/sites\/2\/2024\/11\/nosotros-con-buena-suerte_alina-not-197x300.jpg 197w\" sizes=\"(max-width: 591px) 100vw, 591px\" \/><\/a><\/figure><\/div>\n\n\n\n<p><strong>\u00bfEs el destino el camino a la felicidad? Conoce el desenlace de la historia m\u00e1s m\u00e1gica.<\/strong><\/p>\n\n\n\n<h5 class=\"wp-block-heading\"><strong>Beth vuelve a la ciudad universitaria tras m\u00e1s de un a\u00f1o fuera. Esta vez sabe qui\u00e9n es y est\u00e1 dispuesta a crearse su propio destino a medida d\u00eda y a d\u00eda y a dejar que las mariposas desaten su efecto si es as\u00ed como tiene que ser.<\/strong><\/h5>\n\n\n\n<p>Ben sabe que una vez se meti\u00f3 de lleno en la boca del lobo y ni siquiera le preocupa que no exista la salida, porque tiene claras sus prioridades: no hay nada que pueda interponerse entre \u00e9l, el teatro y las personas a las que quiere.<\/p>\n\n\n\n<p>Y Chris\u2026 Chris hace tiempo que perdi\u00f3 la esperanza de que un \u00abpara siempre\u00bb no sea tan solo un imposible m\u00e1s.<\/p>\n\n\n\n<p>Al enfrentarse al destino y elegir el amor, \u00bfbastar\u00e1 con una pizca de suerte?<\/p>\n\n\n\n<p><strong>Alina Not<\/strong> naci\u00f3 en Logro\u00f1o, se licenci\u00f3 en Veterinaria por la Universidad de Zaragoza y se especializ\u00f3 en Bienestar Animal. Sin embargo, su principal afici\u00f3n desde su infancia ha sido la lectura, a la que muy pronto se unir\u00eda la escritura. Tras ser seleccionada en la convocatoria Nuevo Talento Crossbooks, su trilog\u00eda&nbsp;<em>Bad Ash<\/em>, a la que sigui\u00f3 la bilog\u00eda&nbsp;<em>Suelo Sagrado<\/em>, se convirti\u00f3 en un repentino fen\u00f3meno editorial.<\/p>\n\n\n\n<p>Tambi\u00e9n han sido publicados en Crossbooks su bilog\u00eda<em>\u00a0C\u00f3mo llamarte amor. En susurros<\/em>\u00a0y\u00a0<em>C\u00f3mo llamarte amor. A gritos\u00a0<\/em>y\u00a0<em>Fin de gira<\/em>.\u00a0<em>Nosotros, con buena suerte\u00a0<\/em>es el \u00faltimo volumen de la Trilog\u00eda Azar.<\/p>\n\n\n\n<div style=\"height:49px\" aria-hidden=\"true\" class=\"wp-block-spacer\"><\/div>\n\n\n\n<h2 class=\"wp-block-heading\"><strong><em>Cuentos Infinitos<\/em>. Cuentacuentos infantiles y solidarios<\/strong><\/h2>\n\n\n\n<h3 class=\"wp-block-heading\"><strong>13, 14 y 16 de noviembre<\/strong><strong><\/strong><\/h3>\n\n\n\n<h4 class=\"wp-block-heading\">Santos Ochoa (Calvo Sotelo, 19, Logro\u00f1o)<\/h4>\n\n\n\n<p><strong>Edad recomendada:<\/strong> de 2 a 5 a\u00f1os<\/p>\n\n\n\n<p><strong>Venta anticipada<\/strong> (1 \u20ac por ni\u00f1o) en Santos Ochoa Calvo Sotelo<\/p>\n\n\n\n<div class=\"wp-block-image\"><figure class=\"alignleft size-full is-resized\"><img decoding=\"async\" src=\"https:\/\/blogs.santosochoa.es\/logrono\/wp-content\/uploads\/sites\/2\/2021\/09\/Cuentos-Infinitos_2021.jpg\" alt=\"\" class=\"wp-image-2868\" width=\"300\" srcset=\"https:\/\/blogs.santosochoa.es\/logrono\/wp-content\/uploads\/sites\/2\/2021\/09\/Cuentos-Infinitos_2021.jpg 709w, https:\/\/blogs.santosochoa.es\/logrono\/wp-content\/uploads\/sites\/2\/2021\/09\/Cuentos-Infinitos_2021-300x218.jpg 300w\" sizes=\"(max-width: 709px) 100vw, 709px\" \/><\/figure><\/div>\n\n\n\n<h5 class=\"wp-block-heading\"><strong>Cuentos y m\u00e1s cuentos, hasta el infinito y m\u00e1s all\u00e1. Los hay de aventuras, de amor, de misterio&#8230; Con ellos aprendemos, nos re\u00edmos o lloramos, conocemos personajes maravillosos que nos llenan de ternura. Las libreras cuentistas siempre tienen uno a mano para hacer volar nuestra imaginaci\u00f3n.<\/strong><\/h5>\n\n\n\n<p>Los Cuentos Infinitos, adem\u00e1s de todo eso, sirven para pasar un buen rato en familia y colaborar con buenas causas. En esta ocasi\u00f3n, ayudamos a renovar la secci\u00f3n infantil de la Biblioteca de Enciso.<\/p>\n\n\n\n<p><strong>Mi\u00e9rcoles 13.<\/strong> 17:30 y 18:00 h. <strong><em>El pato al que no le gustaba el agua<\/em><\/strong><\/p>\n\n\n\n<p><strong>Jueves 14.<\/strong> 17:30 y 18:00 h. <strong><em>Sally Senses <\/em><\/strong>(cuento en ingl\u00e9s con Kids&amp;Us)<\/p>\n\n\n\n<p><strong>S\u00e1bado 16.<\/strong> 12:00 y 12:30 h. <strong><em>\u00a1Alehop! Un salto m\u00e1s<\/em><\/strong><\/p>\n\n\n\n<p><strong>Cuentos Infinitos<\/strong> es una iniciativa para ni\u00f1os curiosos y familias generosas. Para asistir solo hace falta una entrada al precio simb\u00f3lico de 1 \u20ac y todo el dinero recogido se destina a facilitar libros a colegios, bibliotecas o asociaciones para colaborar con sus proyectos de fomento de la lectura.<\/p>\n\n\n\n<p>Gracias a la colaboraci\u00f3n de Barbabuk, El Balc\u00f3n de Mateo y Gr\u00e1ficas Ochoa.<\/p>\n","protected":false},"excerpt":{"rendered":"<p>Fernando S\u00e1ez Aldana, \u00abLas perlas de la m\u00fasica cl\u00e1sica\u00bb. Juan G\u00f3mez B\u00e1rcena, \u00abMapa de soledades\u00bb. Alina Not, \u00abNosotros, con buena suerte\u00bb.<\/p>\n","protected":false},"author":4,"featured_media":4422,"comment_status":"closed","ping_status":"closed","sticky":false,"template":"","format":"standard","meta":{"footnotes":""},"categories":[14,18,29,12,13,17],"tags":[],"class_list":["post-4445","post","type-post","status-publish","format-standard","has-post-thumbnail","hentry","category-charla-con-el-autor","category-taller-infantil","category-juvenil","category-libros","category-libros-do-rioja","category-musica"],"yoast_head":"<!-- This site is optimized with the Yoast SEO plugin v27.2 - https:\/\/yoast.com\/product\/yoast-seo-wordpress\/ -->\n<title>Fernando S\u00e1ez Aldana, Juan G\u00f3mez B\u00e1rcena, Alina Not y Cuentos Infinitos - Santos Ochoa Logro\u00f1o<\/title>\n<meta name=\"description\" content=\"Fernando S\u00e1ez Aldana, &quot;Las perlas de la m\u00fasica cl\u00e1sica&quot;. Juan G\u00f3mez B\u00e1rcena, &quot;Mapa de soledades&quot;. Alina Not, &quot;Nosotros, con buena suerte&quot;.\" \/>\n<meta name=\"robots\" content=\"index, follow, max-snippet:-1, max-image-preview:large, max-video-preview:-1\" \/>\n<link rel=\"canonical\" href=\"https:\/\/blogs.santosochoa.es\/logrono\/fernando-saez-aldana-juan-gomez-barcena-alina-not-y-cuentos-infinitos\/\" \/>\n<meta property=\"og:locale\" content=\"es_ES\" \/>\n<meta property=\"og:type\" content=\"article\" \/>\n<meta property=\"og:title\" content=\"Fernando S\u00e1ez Aldana, Juan G\u00f3mez B\u00e1rcena, Alina Not y Cuentos Infinitos - Santos Ochoa Logro\u00f1o\" \/>\n<meta property=\"og:description\" content=\"Fernando S\u00e1ez Aldana, &quot;Las perlas de la m\u00fasica cl\u00e1sica&quot;. Juan G\u00f3mez B\u00e1rcena, &quot;Mapa de soledades&quot;. Alina Not, &quot;Nosotros, con buena suerte&quot;.\" \/>\n<meta property=\"og:url\" content=\"https:\/\/blogs.santosochoa.es\/logrono\/fernando-saez-aldana-juan-gomez-barcena-alina-not-y-cuentos-infinitos\/\" \/>\n<meta property=\"og:site_name\" content=\"Santos Ochoa Logro\u00f1o\" \/>\n<meta property=\"article:author\" content=\"https:\/\/www.facebook.com\/santosochoalog\" \/>\n<meta property=\"article:published_time\" content=\"2024-11-07T13:28:23+00:00\" \/>\n<meta property=\"article:modified_time\" content=\"2024-11-07T13:28:25+00:00\" \/>\n<meta property=\"og:image\" content=\"https:\/\/blogs.santosochoa.es\/logrono\/wp-content\/uploads\/sites\/2\/2024\/10\/las-perlas-de-la-musica-clasica_fernando-saez-aldana.jpg\" \/>\n\t<meta property=\"og:image:width\" content=\"591\" \/>\n\t<meta property=\"og:image:height\" content=\"834\" \/>\n\t<meta property=\"og:image:type\" content=\"image\/jpeg\" \/>\n<meta name=\"author\" content=\"Santos Ochoa Logro\u00f1o\" \/>\n<meta name=\"twitter:card\" content=\"summary_large_image\" \/>\n<meta name=\"twitter:creator\" content=\"@santosochoalog\" \/>\n<meta name=\"twitter:label1\" content=\"Written by\" \/>\n\t<meta name=\"twitter:data1\" content=\"Santos Ochoa Logro\u00f1o\" \/>\n\t<meta name=\"twitter:label2\" content=\"Est. reading time\" \/>\n\t<meta name=\"twitter:data2\" content=\"7 minutos\" \/>\n<script type=\"application\/ld+json\" class=\"yoast-schema-graph\">{\"@context\":\"https:\/\/schema.org\",\"@graph\":[{\"@type\":\"Article\",\"@id\":\"https:\/\/blogs.santosochoa.es\/logrono\/fernando-saez-aldana-juan-gomez-barcena-alina-not-y-cuentos-infinitos\/#article\",\"isPartOf\":{\"@id\":\"https:\/\/blogs.santosochoa.es\/logrono\/fernando-saez-aldana-juan-gomez-barcena-alina-not-y-cuentos-infinitos\/\"},\"author\":{\"name\":\"Santos Ochoa Logro\u00f1o\",\"@id\":\"https:\/\/blogs.santosochoa.es\/logrono\/#\/schema\/person\/103664eb8c60fbeea1880c704687c2e3\"},\"headline\":\"Fernando S\u00e1ez Aldana, Juan G\u00f3mez B\u00e1rcena, Alina Not y Cuentos Infinitos\",\"datePublished\":\"2024-11-07T13:28:23+00:00\",\"dateModified\":\"2024-11-07T13:28:25+00:00\",\"mainEntityOfPage\":{\"@id\":\"https:\/\/blogs.santosochoa.es\/logrono\/fernando-saez-aldana-juan-gomez-barcena-alina-not-y-cuentos-infinitos\/\"},\"wordCount\":1402,\"image\":{\"@id\":\"https:\/\/blogs.santosochoa.es\/logrono\/fernando-saez-aldana-juan-gomez-barcena-alina-not-y-cuentos-infinitos\/#primaryimage\"},\"thumbnailUrl\":\"https:\/\/blogs.santosochoa.es\/logrono\/wp-content\/uploads\/sites\/2\/2024\/10\/las-perlas-de-la-musica-clasica_fernando-saez-aldana.jpg\",\"articleSection\":[\"charla con el autor\",\"infantil\",\"juvenil\",\"libros\",\"libros do rioja\",\"m\u00fasica\"],\"inLanguage\":\"es\"},{\"@type\":\"WebPage\",\"@id\":\"https:\/\/blogs.santosochoa.es\/logrono\/fernando-saez-aldana-juan-gomez-barcena-alina-not-y-cuentos-infinitos\/\",\"url\":\"https:\/\/blogs.santosochoa.es\/logrono\/fernando-saez-aldana-juan-gomez-barcena-alina-not-y-cuentos-infinitos\/\",\"name\":\"Fernando S\u00e1ez Aldana, Juan G\u00f3mez B\u00e1rcena, Alina Not y Cuentos Infinitos - Santos Ochoa Logro\u00f1o\",\"isPartOf\":{\"@id\":\"https:\/\/blogs.santosochoa.es\/logrono\/#website\"},\"primaryImageOfPage\":{\"@id\":\"https:\/\/blogs.santosochoa.es\/logrono\/fernando-saez-aldana-juan-gomez-barcena-alina-not-y-cuentos-infinitos\/#primaryimage\"},\"image\":{\"@id\":\"https:\/\/blogs.santosochoa.es\/logrono\/fernando-saez-aldana-juan-gomez-barcena-alina-not-y-cuentos-infinitos\/#primaryimage\"},\"thumbnailUrl\":\"https:\/\/blogs.santosochoa.es\/logrono\/wp-content\/uploads\/sites\/2\/2024\/10\/las-perlas-de-la-musica-clasica_fernando-saez-aldana.jpg\",\"datePublished\":\"2024-11-07T13:28:23+00:00\",\"dateModified\":\"2024-11-07T13:28:25+00:00\",\"author\":{\"@id\":\"https:\/\/blogs.santosochoa.es\/logrono\/#\/schema\/person\/103664eb8c60fbeea1880c704687c2e3\"},\"description\":\"Fernando S\u00e1ez Aldana, \\\"Las perlas de la m\u00fasica cl\u00e1sica\\\". Juan G\u00f3mez B\u00e1rcena, \\\"Mapa de soledades\\\". Alina Not, \\\"Nosotros, con buena suerte\\\".\",\"breadcrumb\":{\"@id\":\"https:\/\/blogs.santosochoa.es\/logrono\/fernando-saez-aldana-juan-gomez-barcena-alina-not-y-cuentos-infinitos\/#breadcrumb\"},\"inLanguage\":\"es\",\"potentialAction\":[{\"@type\":\"ReadAction\",\"target\":[\"https:\/\/blogs.santosochoa.es\/logrono\/fernando-saez-aldana-juan-gomez-barcena-alina-not-y-cuentos-infinitos\/\"]}]},{\"@type\":\"ImageObject\",\"inLanguage\":\"es\",\"@id\":\"https:\/\/blogs.santosochoa.es\/logrono\/fernando-saez-aldana-juan-gomez-barcena-alina-not-y-cuentos-infinitos\/#primaryimage\",\"url\":\"https:\/\/blogs.santosochoa.es\/logrono\/wp-content\/uploads\/sites\/2\/2024\/10\/las-perlas-de-la-musica-clasica_fernando-saez-aldana.jpg\",\"contentUrl\":\"https:\/\/blogs.santosochoa.es\/logrono\/wp-content\/uploads\/sites\/2\/2024\/10\/las-perlas-de-la-musica-clasica_fernando-saez-aldana.jpg\",\"width\":591,\"height\":834},{\"@type\":\"BreadcrumbList\",\"@id\":\"https:\/\/blogs.santosochoa.es\/logrono\/fernando-saez-aldana-juan-gomez-barcena-alina-not-y-cuentos-infinitos\/#breadcrumb\",\"itemListElement\":[{\"@type\":\"ListItem\",\"position\":1,\"name\":\"Home\",\"item\":\"https:\/\/blogs.santosochoa.es\/logrono\/\"},{\"@type\":\"ListItem\",\"position\":2,\"name\":\"Fernando S\u00e1ez Aldana, Juan G\u00f3mez B\u00e1rcena, Alina Not y Cuentos Infinitos\"}]},{\"@type\":\"WebSite\",\"@id\":\"https:\/\/blogs.santosochoa.es\/logrono\/#website\",\"url\":\"https:\/\/blogs.santosochoa.es\/logrono\/\",\"name\":\"Santos Ochoa Logro\u00f1o\",\"description\":\"Tu Librer\u00eda Online\",\"potentialAction\":[{\"@type\":\"SearchAction\",\"target\":{\"@type\":\"EntryPoint\",\"urlTemplate\":\"https:\/\/blogs.santosochoa.es\/logrono\/?s={search_term_string}\"},\"query-input\":{\"@type\":\"PropertyValueSpecification\",\"valueRequired\":true,\"valueName\":\"search_term_string\"}}],\"inLanguage\":\"es\"},{\"@type\":\"Person\",\"@id\":\"https:\/\/blogs.santosochoa.es\/logrono\/#\/schema\/person\/103664eb8c60fbeea1880c704687c2e3\",\"name\":\"Santos Ochoa Logro\u00f1o\",\"sameAs\":[\"http:\/\/santosochoa.es\",\"https:\/\/www.facebook.com\/santosochoalog\",\"https:\/\/www.instagram.com\/santosochoalog\/\",\"https:\/\/x.com\/santosochoalog\",\"https:\/\/www.youtube.com\/c\/SantosOchoaLibros\"]}]}<\/script>\n<!-- \/ Yoast SEO plugin. -->","yoast_head_json":{"title":"Fernando S\u00e1ez Aldana, Juan G\u00f3mez B\u00e1rcena, Alina Not y Cuentos Infinitos - Santos Ochoa Logro\u00f1o","description":"Fernando S\u00e1ez Aldana, \"Las perlas de la m\u00fasica cl\u00e1sica\". Juan G\u00f3mez B\u00e1rcena, \"Mapa de soledades\". Alina Not, \"Nosotros, con buena suerte\".","robots":{"index":"index","follow":"follow","max-snippet":"max-snippet:-1","max-image-preview":"max-image-preview:large","max-video-preview":"max-video-preview:-1"},"canonical":"https:\/\/blogs.santosochoa.es\/logrono\/fernando-saez-aldana-juan-gomez-barcena-alina-not-y-cuentos-infinitos\/","og_locale":"es_ES","og_type":"article","og_title":"Fernando S\u00e1ez Aldana, Juan G\u00f3mez B\u00e1rcena, Alina Not y Cuentos Infinitos - Santos Ochoa Logro\u00f1o","og_description":"Fernando S\u00e1ez Aldana, \"Las perlas de la m\u00fasica cl\u00e1sica\". Juan G\u00f3mez B\u00e1rcena, \"Mapa de soledades\". Alina Not, \"Nosotros, con buena suerte\".","og_url":"https:\/\/blogs.santosochoa.es\/logrono\/fernando-saez-aldana-juan-gomez-barcena-alina-not-y-cuentos-infinitos\/","og_site_name":"Santos Ochoa Logro\u00f1o","article_author":"https:\/\/www.facebook.com\/santosochoalog","article_published_time":"2024-11-07T13:28:23+00:00","article_modified_time":"2024-11-07T13:28:25+00:00","og_image":[{"width":591,"height":834,"url":"https:\/\/blogs.santosochoa.es\/logrono\/wp-content\/uploads\/sites\/2\/2024\/10\/las-perlas-de-la-musica-clasica_fernando-saez-aldana.jpg","type":"image\/jpeg"}],"author":"Santos Ochoa Logro\u00f1o","twitter_card":"summary_large_image","twitter_creator":"@santosochoalog","twitter_misc":{"Written by":"Santos Ochoa Logro\u00f1o","Est. reading time":"7 minutos"},"schema":{"@context":"https:\/\/schema.org","@graph":[{"@type":"Article","@id":"https:\/\/blogs.santosochoa.es\/logrono\/fernando-saez-aldana-juan-gomez-barcena-alina-not-y-cuentos-infinitos\/#article","isPartOf":{"@id":"https:\/\/blogs.santosochoa.es\/logrono\/fernando-saez-aldana-juan-gomez-barcena-alina-not-y-cuentos-infinitos\/"},"author":{"name":"Santos Ochoa Logro\u00f1o","@id":"https:\/\/blogs.santosochoa.es\/logrono\/#\/schema\/person\/103664eb8c60fbeea1880c704687c2e3"},"headline":"Fernando S\u00e1ez Aldana, Juan G\u00f3mez B\u00e1rcena, Alina Not y Cuentos Infinitos","datePublished":"2024-11-07T13:28:23+00:00","dateModified":"2024-11-07T13:28:25+00:00","mainEntityOfPage":{"@id":"https:\/\/blogs.santosochoa.es\/logrono\/fernando-saez-aldana-juan-gomez-barcena-alina-not-y-cuentos-infinitos\/"},"wordCount":1402,"image":{"@id":"https:\/\/blogs.santosochoa.es\/logrono\/fernando-saez-aldana-juan-gomez-barcena-alina-not-y-cuentos-infinitos\/#primaryimage"},"thumbnailUrl":"https:\/\/blogs.santosochoa.es\/logrono\/wp-content\/uploads\/sites\/2\/2024\/10\/las-perlas-de-la-musica-clasica_fernando-saez-aldana.jpg","articleSection":["charla con el autor","infantil","juvenil","libros","libros do rioja","m\u00fasica"],"inLanguage":"es"},{"@type":"WebPage","@id":"https:\/\/blogs.santosochoa.es\/logrono\/fernando-saez-aldana-juan-gomez-barcena-alina-not-y-cuentos-infinitos\/","url":"https:\/\/blogs.santosochoa.es\/logrono\/fernando-saez-aldana-juan-gomez-barcena-alina-not-y-cuentos-infinitos\/","name":"Fernando S\u00e1ez Aldana, Juan G\u00f3mez B\u00e1rcena, Alina Not y Cuentos Infinitos - Santos Ochoa Logro\u00f1o","isPartOf":{"@id":"https:\/\/blogs.santosochoa.es\/logrono\/#website"},"primaryImageOfPage":{"@id":"https:\/\/blogs.santosochoa.es\/logrono\/fernando-saez-aldana-juan-gomez-barcena-alina-not-y-cuentos-infinitos\/#primaryimage"},"image":{"@id":"https:\/\/blogs.santosochoa.es\/logrono\/fernando-saez-aldana-juan-gomez-barcena-alina-not-y-cuentos-infinitos\/#primaryimage"},"thumbnailUrl":"https:\/\/blogs.santosochoa.es\/logrono\/wp-content\/uploads\/sites\/2\/2024\/10\/las-perlas-de-la-musica-clasica_fernando-saez-aldana.jpg","datePublished":"2024-11-07T13:28:23+00:00","dateModified":"2024-11-07T13:28:25+00:00","author":{"@id":"https:\/\/blogs.santosochoa.es\/logrono\/#\/schema\/person\/103664eb8c60fbeea1880c704687c2e3"},"description":"Fernando S\u00e1ez Aldana, \"Las perlas de la m\u00fasica cl\u00e1sica\". Juan G\u00f3mez B\u00e1rcena, \"Mapa de soledades\". Alina Not, \"Nosotros, con buena suerte\".","breadcrumb":{"@id":"https:\/\/blogs.santosochoa.es\/logrono\/fernando-saez-aldana-juan-gomez-barcena-alina-not-y-cuentos-infinitos\/#breadcrumb"},"inLanguage":"es","potentialAction":[{"@type":"ReadAction","target":["https:\/\/blogs.santosochoa.es\/logrono\/fernando-saez-aldana-juan-gomez-barcena-alina-not-y-cuentos-infinitos\/"]}]},{"@type":"ImageObject","inLanguage":"es","@id":"https:\/\/blogs.santosochoa.es\/logrono\/fernando-saez-aldana-juan-gomez-barcena-alina-not-y-cuentos-infinitos\/#primaryimage","url":"https:\/\/blogs.santosochoa.es\/logrono\/wp-content\/uploads\/sites\/2\/2024\/10\/las-perlas-de-la-musica-clasica_fernando-saez-aldana.jpg","contentUrl":"https:\/\/blogs.santosochoa.es\/logrono\/wp-content\/uploads\/sites\/2\/2024\/10\/las-perlas-de-la-musica-clasica_fernando-saez-aldana.jpg","width":591,"height":834},{"@type":"BreadcrumbList","@id":"https:\/\/blogs.santosochoa.es\/logrono\/fernando-saez-aldana-juan-gomez-barcena-alina-not-y-cuentos-infinitos\/#breadcrumb","itemListElement":[{"@type":"ListItem","position":1,"name":"Home","item":"https:\/\/blogs.santosochoa.es\/logrono\/"},{"@type":"ListItem","position":2,"name":"Fernando S\u00e1ez Aldana, Juan G\u00f3mez B\u00e1rcena, Alina Not y Cuentos Infinitos"}]},{"@type":"WebSite","@id":"https:\/\/blogs.santosochoa.es\/logrono\/#website","url":"https:\/\/blogs.santosochoa.es\/logrono\/","name":"Santos Ochoa Logro\u00f1o","description":"Tu Librer\u00eda Online","potentialAction":[{"@type":"SearchAction","target":{"@type":"EntryPoint","urlTemplate":"https:\/\/blogs.santosochoa.es\/logrono\/?s={search_term_string}"},"query-input":{"@type":"PropertyValueSpecification","valueRequired":true,"valueName":"search_term_string"}}],"inLanguage":"es"},{"@type":"Person","@id":"https:\/\/blogs.santosochoa.es\/logrono\/#\/schema\/person\/103664eb8c60fbeea1880c704687c2e3","name":"Santos Ochoa Logro\u00f1o","sameAs":["http:\/\/santosochoa.es","https:\/\/www.facebook.com\/santosochoalog","https:\/\/www.instagram.com\/santosochoalog\/","https:\/\/x.com\/santosochoalog","https:\/\/www.youtube.com\/c\/SantosOchoaLibros"]}]}},"_links":{"self":[{"href":"https:\/\/blogs.santosochoa.es\/logrono\/wp-json\/wp\/v2\/posts\/4445","targetHints":{"allow":["GET"]}}],"collection":[{"href":"https:\/\/blogs.santosochoa.es\/logrono\/wp-json\/wp\/v2\/posts"}],"about":[{"href":"https:\/\/blogs.santosochoa.es\/logrono\/wp-json\/wp\/v2\/types\/post"}],"author":[{"embeddable":true,"href":"https:\/\/blogs.santosochoa.es\/logrono\/wp-json\/wp\/v2\/users\/4"}],"replies":[{"embeddable":true,"href":"https:\/\/blogs.santosochoa.es\/logrono\/wp-json\/wp\/v2\/comments?post=4445"}],"version-history":[{"count":1,"href":"https:\/\/blogs.santosochoa.es\/logrono\/wp-json\/wp\/v2\/posts\/4445\/revisions"}],"predecessor-version":[{"id":4446,"href":"https:\/\/blogs.santosochoa.es\/logrono\/wp-json\/wp\/v2\/posts\/4445\/revisions\/4446"}],"wp:featuredmedia":[{"embeddable":true,"href":"https:\/\/blogs.santosochoa.es\/logrono\/wp-json\/wp\/v2\/media\/4422"}],"wp:attachment":[{"href":"https:\/\/blogs.santosochoa.es\/logrono\/wp-json\/wp\/v2\/media?parent=4445"}],"wp:term":[{"taxonomy":"category","embeddable":true,"href":"https:\/\/blogs.santosochoa.es\/logrono\/wp-json\/wp\/v2\/categories?post=4445"},{"taxonomy":"post_tag","embeddable":true,"href":"https:\/\/blogs.santosochoa.es\/logrono\/wp-json\/wp\/v2\/tags?post=4445"}],"curies":[{"name":"wp","href":"https:\/\/api.w.org\/{rel}","templated":true}]}}