{"id":4409,"date":"2024-10-23T10:44:07","date_gmt":"2024-10-23T08:44:07","guid":{"rendered":"https:\/\/blogs.santosochoa.es\/logrono\/?p=4409"},"modified":"2024-10-23T10:44:09","modified_gmt":"2024-10-23T08:44:09","slug":"andres-pascual-y-naoise-dolan","status":"publish","type":"post","link":"https:\/\/blogs.santosochoa.es\/logrono\/andres-pascual-y-naoise-dolan\/","title":{"rendered":"Andr\u00e9s Pascual y Naoise Dolan"},"content":{"rendered":"\n<h2 class=\"wp-block-heading\"><strong>Andr\u00e9s Pascual presenta <em>El \u00e1rbol de las palabras<\/em>. Entrega, coraje y b\u00fasqueda de uno mismo en el coraz\u00f3n del \u00c1frica colonial<\/strong><\/h2>\n\n\n\n<h3 class=\"wp-block-heading\"><strong>Lunes 28 de octubre<\/strong><strong>, a las 19:30 h.<\/strong><\/h3>\n\n\n\n<h4 class=\"wp-block-heading\">Santos Ochoa (Calvo Sotelo, 19, Logro\u00f1o)<\/h4>\n\n\n\n<p><strong><em>Tambi\u00e9n en YouTube:<\/em><\/strong> <a href=\"https:\/\/www.youtube.com\/c\/SantosOchoaLibros\" target=\"_blank\" rel=\"noreferrer noopener\">youtube.com\/c\/SantosOchoaLibros<\/a><\/p>\n\n\n\n<div class=\"wp-block-image\"><figure class=\"alignright size-full is-resized\"><a href=\"https:\/\/www.santosochoa.es\/libros\/pascual-andres_el-arbol-de-las-palabras_9788467072662\" target=\"_blank\" rel=\"noopener noreferrer\"><img decoding=\"async\" src=\"https:\/\/blogs.santosochoa.es\/logrono\/wp-content\/uploads\/sites\/2\/2024\/09\/el-arbol-de-las-palabras_andres-pascual.jpg\" alt=\"\" class=\"wp-image-4364\" width=\"300\" srcset=\"https:\/\/blogs.santosochoa.es\/logrono\/wp-content\/uploads\/sites\/2\/2024\/09\/el-arbol-de-las-palabras_andres-pascual.jpg 591w, https:\/\/blogs.santosochoa.es\/logrono\/wp-content\/uploads\/sites\/2\/2024\/09\/el-arbol-de-las-palabras_andres-pascual-197x300.jpg 197w\" sizes=\"(max-width: 591px) 100vw, 591px\" \/><\/a><\/figure><\/div>\n\n\n\n<p>El autor conversar\u00e1 con el poeta <strong>Jos\u00e9 Luis P\u00e9rez Pastor<\/strong>.<\/p>\n\n\n\n<h5 class=\"wp-block-heading\"><strong>En el coraz\u00f3n de \u00c1frica, el \u00e1rbol de las palabras era el lugar donde se escuchaba a los ancianos, se compart\u00edan sue\u00f1os y se dirim\u00edan los conflictos. Ahora es el lugar donde se cuenta el episodio m\u00e1s desconocido de nuestra historia.<\/strong><\/h5>\n\n\n\n<p>Guinea Ecuatorial, 1884: \u00d6kk\u00f3, un adolescente de la etnia bubi, presencia el naufragio de una goleta espa\u00f1ola en una rec\u00f3ndita playa de la isla de Fernando Poo.<\/p>\n\n\n\n<p>En la capital de la colonia, Bella, una chica de su misma edad con unos conocimientos bot\u00e1nicos poco comunes, espera noticias sobre su padre, que regresa de la metr\u00f3poli.<\/p>\n\n\n\n<p>Bella y \u00d6kk\u00f3 no lo saben, pero sus historias est\u00e1n a punto de cruzarse. De su mano viviremos el nacimiento de la colonia espa\u00f1ola, entre culturas enfrentadas y los avatares de los primeros exploradores de \u00c1frica, a trav\u00e9s de una naturaleza desbordante y muchas veces letal.<\/p>\n\n\n\n<p>Como no pod\u00eda ser menos trat\u00e1ndose de Andr\u00e9s Pascual, esta novela provocar\u00e1 una sugestiva reflexi\u00f3n sobre la entrega, el coraje y la b\u00fasqueda de uno mismo en un mundo en transformaci\u00f3n que llegar\u00e1 al coraz\u00f3n de los lectores.<\/p>\n\n\n\n<p><strong>Andr\u00e9s Pascual<\/strong>&nbsp;es escritor, conferenciante y un referente internacional en bienestar y felicidad en las organizaciones. Ha recorrido medio mundo buscando inspiraci\u00f3n para sus libros, que atesoran medio mill\u00f3n de ejemplares en nueve idiomas y los m\u00e1s importantes reconocimientos.<\/p>\n\n\n\n<p>Entre sus novelas m\u00e1s aclamadas destacan&nbsp;<em>El guardi\u00e1n de la flor de loto<\/em>,&nbsp;<em>El haiku de las palabras perdidas<\/em>,&nbsp;<em>Taj<\/em>&nbsp;(Premio Novela Hist\u00f3rica Alfonso X El Sabio),&nbsp;<em>A merced de un dios salvaje<\/em>&nbsp;y&nbsp;<em>El beso del \u00e1ngel.<\/em><\/p>\n\n\n\n<p>Su \u00faltima obra,\u00a0<em>El \u00e1rbol de las palabras<\/em>, nace de la fascinaci\u00f3n por Guinea Ecuatorial que le transmitieron sus abuelos, quienes vivieron all\u00ed muchos a\u00f1os, y de su viaje a la antigua colonia.<\/p>\n\n\n\n<div style=\"height:50px\" aria-hidden=\"true\" class=\"wp-block-spacer\"><\/div>\n\n\n\n<h2 class=\"wp-block-heading\"><strong>Encuentro con Naoise Dolan y su novela <em>La pareja feliz<\/em>, una mirada mordaz e inteligente al amor moderno<\/strong><\/h2>\n\n\n\n<h3 class=\"wp-block-heading\"><strong>Martes 29 de octubre<\/strong><strong>, a las 19:30 h.<\/strong><\/h3>\n\n\n\n<h4 class=\"wp-block-heading\">Santos Ochoa (Calvo Sotelo, 19, Logro\u00f1o)<\/h4>\n\n\n\n<p><strong><em>Tambi\u00e9n en YouTube:<\/em><\/strong> <a href=\"https:\/\/www.youtube.com\/c\/SantosOchoaLibros\" target=\"_blank\" rel=\"noreferrer noopener\">youtube.com\/c\/SantosOchoaLibros<\/a><\/p>\n\n\n\n<div class=\"wp-block-image\"><figure class=\"alignleft size-full is-resized\"><a href=\"https:\/\/www.santosochoa.es\/libros\/dolan-naoise_la-pareja-feliz_9788499989778\" target=\"_blank\" rel=\"noopener noreferrer\"><img decoding=\"async\" src=\"https:\/\/blogs.santosochoa.es\/logrono\/wp-content\/uploads\/sites\/2\/2024\/09\/la-pareja-feliz_naoise-dolan.jpg\" alt=\"\" class=\"wp-image-4366\" width=\"300\" srcset=\"https:\/\/blogs.santosochoa.es\/logrono\/wp-content\/uploads\/sites\/2\/2024\/09\/la-pareja-feliz_naoise-dolan.jpg 591w, https:\/\/blogs.santosochoa.es\/logrono\/wp-content\/uploads\/sites\/2\/2024\/09\/la-pareja-feliz_naoise-dolan-196x300.jpg 196w\" sizes=\"(max-width: 591px) 100vw, 591px\" \/><\/a><\/figure><\/div>\n\n\n\n<p>La autora conversar\u00e1 con <strong>Melania Terrazas<\/strong>, profesora de Filolog\u00eda Inglesa de la Universidad de La Rioja. <em>La charla ser\u00e1 en castellano<\/em>.<\/p>\n\n\n\n<p><strong>La soledad no consiste en no tener a nadie. La soledad es la brecha entre lo que deseas y lo que finalmente obtienes.<\/strong><\/p>\n\n\n\n<blockquote class=\"wp-block-quote is-layout-flow wp-block-quote-is-layout-flow\"><p><em>\u00abMordaz e inteligente mirada al amor moderno y a los enredos que dejamos tras nosotros. Estoy totalmente asombrado por el talento de Dolan.\u00bb<\/em>\u00a0Douglas Stuart<\/p><\/blockquote>\n\n\n\n<h5 class=\"wp-block-heading\"><strong>Os presentamos a la pareja: Luke, un infiel incorregible, y Celine, m\u00e1s interesada en el piano que en la vida familiar. Acaban de comprometerse y se van a casar dentro de un a\u00f1o. Por el camino, creen que tienen que encontrar la felicidad.<\/strong><\/h5>\n\n\n\n<p><strong>Los otros protagonistas de la boda:<\/strong><\/p>\n\n\n\n<p><strong>Phoebe<\/strong>, hermana de Celine, tiene que terminar la carrera y encontrar un trabajo de verdad. Pero, en cambio, sirve pintas en un pub irland\u00e9s de Londres, comparte piso con seis personas y sus aspiraciones a largo plazo no van m\u00e1s all\u00e1 de fumarse un cigarrillo de vez en cuando.<\/p>\n\n\n\n<p><strong>Archie<\/strong>&nbsp;fue el novio de Luke. Ahora que solo es su mejor amigo, se supone que va a escalar posiciones en el mundo de los negocios y a alejarse de \u00e9l. Sin embargo, por el momento se ha quedado cerca admirando las vistas.<\/p>\n\n\n\n<p><strong>Vivian<\/strong>, la otra gran amiga&nbsp;\u2014y expareja\u2014 de Luke, parec\u00eda que iba a aguantar las tonter\u00edas de Luke mientras sal\u00edan juntos&#8230; pero no lo hizo. A\u00f1os m\u00e1s tarde, se mantiene a cierta distancia y observa al resto de sus amigos como si fuesen hormigas.<\/p>\n\n\n\n<p><strong>Naoise Dolan<\/strong>&nbsp;es una&nbsp;escritora irlandesa. Estudi\u00f3 literatura inglesa en el Trinity College de Dubl\u00edn y en la Universidad de Oxford y ahora vive en Londres.&nbsp;<em>D\u00edas apasionantes<\/em>&nbsp;fue su primera novela, de la que se public\u00f3 un extracto en la revista&nbsp;<em>The Stinging Fly<\/em>.<\/p>\n\n\n\n<p><em>Esta actividad forma parte del \u2018EFACIS Irish Itinerary 2024\u2019 financiado por Culture Ireland y la Universidad de la Rioja.<\/em><\/p>\n","protected":false},"excerpt":{"rendered":"<p>Andr\u00e9s Pascual presenta El \u00e1rbol de las palabras. Entrega, coraje y b\u00fasqueda de uno mismo en el coraz\u00f3n del \u00c1frica colonial Lunes 28 de octubre, a las 19:30 h. Santos Ochoa (Calvo Sotelo, 19, Logro\u00f1o) Tambi\u00e9n en YouTube: youtube.com\/c\/SantosOchoaLibros El autor conversar\u00e1 con el poeta Jos\u00e9 Luis P\u00e9rez Pastor. En el coraz\u00f3n de \u00c1frica, el [&hellip;]<\/p>\n","protected":false},"author":4,"featured_media":4364,"comment_status":"closed","ping_status":"closed","sticky":false,"template":"","format":"standard","meta":{"footnotes":""},"categories":[14,12,13],"tags":[],"class_list":["post-4409","post","type-post","status-publish","format-standard","has-post-thumbnail","hentry","category-charla-con-el-autor","category-libros","category-libros-do-rioja"],"yoast_head":"<!-- This site is optimized with the Yoast SEO plugin v27.2 - https:\/\/yoast.com\/product\/yoast-seo-wordpress\/ -->\n<title>Andr\u00e9s Pascual y Naoise Dolan - Santos Ochoa Logro\u00f1o<\/title>\n<meta name=\"description\" content=\"Andr\u00e9s Pascual presenta &quot;El \u00e1rbol de las palabras&quot;. Encuentro con Naoise Dolan, que presenta su novela &quot;La pareja feliz&quot;.\" \/>\n<meta name=\"robots\" content=\"index, follow, max-snippet:-1, max-image-preview:large, max-video-preview:-1\" \/>\n<link rel=\"canonical\" href=\"https:\/\/blogs.santosochoa.es\/logrono\/andres-pascual-y-naoise-dolan\/\" \/>\n<meta property=\"og:locale\" content=\"es_ES\" \/>\n<meta property=\"og:type\" content=\"article\" \/>\n<meta property=\"og:title\" content=\"Andr\u00e9s Pascual y Naoise Dolan - Santos Ochoa Logro\u00f1o\" \/>\n<meta property=\"og:description\" content=\"Andr\u00e9s Pascual presenta &quot;El \u00e1rbol de las palabras&quot;. Encuentro con Naoise Dolan, que presenta su novela &quot;La pareja feliz&quot;.\" \/>\n<meta property=\"og:url\" content=\"https:\/\/blogs.santosochoa.es\/logrono\/andres-pascual-y-naoise-dolan\/\" \/>\n<meta property=\"og:site_name\" content=\"Santos Ochoa Logro\u00f1o\" \/>\n<meta property=\"article:author\" content=\"https:\/\/www.facebook.com\/santosochoalog\" \/>\n<meta property=\"article:published_time\" content=\"2024-10-23T08:44:07+00:00\" \/>\n<meta property=\"article:modified_time\" content=\"2024-10-23T08:44:09+00:00\" \/>\n<meta property=\"og:image\" content=\"https:\/\/blogs.santosochoa.es\/logrono\/wp-content\/uploads\/sites\/2\/2024\/09\/el-arbol-de-las-palabras_andres-pascual.jpg\" \/>\n\t<meta property=\"og:image:width\" content=\"591\" \/>\n\t<meta property=\"og:image:height\" content=\"900\" \/>\n\t<meta property=\"og:image:type\" content=\"image\/jpeg\" \/>\n<meta name=\"author\" content=\"Santos Ochoa Logro\u00f1o\" \/>\n<meta name=\"twitter:card\" content=\"summary_large_image\" \/>\n<meta name=\"twitter:creator\" content=\"@santosochoalog\" \/>\n<meta name=\"twitter:label1\" content=\"Written by\" \/>\n\t<meta name=\"twitter:data1\" content=\"Santos Ochoa Logro\u00f1o\" \/>\n\t<meta name=\"twitter:label2\" content=\"Est. reading time\" \/>\n\t<meta name=\"twitter:data2\" content=\"4 minutos\" \/>\n<script type=\"application\/ld+json\" class=\"yoast-schema-graph\">{\"@context\":\"https:\/\/schema.org\",\"@graph\":[{\"@type\":\"Article\",\"@id\":\"https:\/\/blogs.santosochoa.es\/logrono\/andres-pascual-y-naoise-dolan\/#article\",\"isPartOf\":{\"@id\":\"https:\/\/blogs.santosochoa.es\/logrono\/andres-pascual-y-naoise-dolan\/\"},\"author\":{\"name\":\"Santos Ochoa Logro\u00f1o\",\"@id\":\"https:\/\/blogs.santosochoa.es\/logrono\/#\/schema\/person\/103664eb8c60fbeea1880c704687c2e3\"},\"headline\":\"Andr\u00e9s Pascual y Naoise Dolan\",\"datePublished\":\"2024-10-23T08:44:07+00:00\",\"dateModified\":\"2024-10-23T08:44:09+00:00\",\"mainEntityOfPage\":{\"@id\":\"https:\/\/blogs.santosochoa.es\/logrono\/andres-pascual-y-naoise-dolan\/\"},\"wordCount\":761,\"image\":{\"@id\":\"https:\/\/blogs.santosochoa.es\/logrono\/andres-pascual-y-naoise-dolan\/#primaryimage\"},\"thumbnailUrl\":\"https:\/\/blogs.santosochoa.es\/logrono\/wp-content\/uploads\/sites\/2\/2024\/09\/el-arbol-de-las-palabras_andres-pascual.jpg\",\"articleSection\":[\"charla con el autor\",\"libros\",\"libros do rioja\"],\"inLanguage\":\"es\"},{\"@type\":\"WebPage\",\"@id\":\"https:\/\/blogs.santosochoa.es\/logrono\/andres-pascual-y-naoise-dolan\/\",\"url\":\"https:\/\/blogs.santosochoa.es\/logrono\/andres-pascual-y-naoise-dolan\/\",\"name\":\"Andr\u00e9s Pascual y Naoise Dolan - Santos Ochoa Logro\u00f1o\",\"isPartOf\":{\"@id\":\"https:\/\/blogs.santosochoa.es\/logrono\/#website\"},\"primaryImageOfPage\":{\"@id\":\"https:\/\/blogs.santosochoa.es\/logrono\/andres-pascual-y-naoise-dolan\/#primaryimage\"},\"image\":{\"@id\":\"https:\/\/blogs.santosochoa.es\/logrono\/andres-pascual-y-naoise-dolan\/#primaryimage\"},\"thumbnailUrl\":\"https:\/\/blogs.santosochoa.es\/logrono\/wp-content\/uploads\/sites\/2\/2024\/09\/el-arbol-de-las-palabras_andres-pascual.jpg\",\"datePublished\":\"2024-10-23T08:44:07+00:00\",\"dateModified\":\"2024-10-23T08:44:09+00:00\",\"author\":{\"@id\":\"https:\/\/blogs.santosochoa.es\/logrono\/#\/schema\/person\/103664eb8c60fbeea1880c704687c2e3\"},\"description\":\"Andr\u00e9s Pascual presenta \\\"El \u00e1rbol de las palabras\\\". Encuentro con Naoise Dolan, que presenta su novela \\\"La pareja feliz\\\".\",\"breadcrumb\":{\"@id\":\"https:\/\/blogs.santosochoa.es\/logrono\/andres-pascual-y-naoise-dolan\/#breadcrumb\"},\"inLanguage\":\"es\",\"potentialAction\":[{\"@type\":\"ReadAction\",\"target\":[\"https:\/\/blogs.santosochoa.es\/logrono\/andres-pascual-y-naoise-dolan\/\"]}]},{\"@type\":\"ImageObject\",\"inLanguage\":\"es\",\"@id\":\"https:\/\/blogs.santosochoa.es\/logrono\/andres-pascual-y-naoise-dolan\/#primaryimage\",\"url\":\"https:\/\/blogs.santosochoa.es\/logrono\/wp-content\/uploads\/sites\/2\/2024\/09\/el-arbol-de-las-palabras_andres-pascual.jpg\",\"contentUrl\":\"https:\/\/blogs.santosochoa.es\/logrono\/wp-content\/uploads\/sites\/2\/2024\/09\/el-arbol-de-las-palabras_andres-pascual.jpg\",\"width\":591,\"height\":900},{\"@type\":\"BreadcrumbList\",\"@id\":\"https:\/\/blogs.santosochoa.es\/logrono\/andres-pascual-y-naoise-dolan\/#breadcrumb\",\"itemListElement\":[{\"@type\":\"ListItem\",\"position\":1,\"name\":\"Home\",\"item\":\"https:\/\/blogs.santosochoa.es\/logrono\/\"},{\"@type\":\"ListItem\",\"position\":2,\"name\":\"Andr\u00e9s Pascual y Naoise Dolan\"}]},{\"@type\":\"WebSite\",\"@id\":\"https:\/\/blogs.santosochoa.es\/logrono\/#website\",\"url\":\"https:\/\/blogs.santosochoa.es\/logrono\/\",\"name\":\"Santos Ochoa Logro\u00f1o\",\"description\":\"Tu Librer\u00eda Online\",\"potentialAction\":[{\"@type\":\"SearchAction\",\"target\":{\"@type\":\"EntryPoint\",\"urlTemplate\":\"https:\/\/blogs.santosochoa.es\/logrono\/?s={search_term_string}\"},\"query-input\":{\"@type\":\"PropertyValueSpecification\",\"valueRequired\":true,\"valueName\":\"search_term_string\"}}],\"inLanguage\":\"es\"},{\"@type\":\"Person\",\"@id\":\"https:\/\/blogs.santosochoa.es\/logrono\/#\/schema\/person\/103664eb8c60fbeea1880c704687c2e3\",\"name\":\"Santos Ochoa Logro\u00f1o\",\"sameAs\":[\"http:\/\/santosochoa.es\",\"https:\/\/www.facebook.com\/santosochoalog\",\"https:\/\/www.instagram.com\/santosochoalog\/\",\"https:\/\/x.com\/santosochoalog\",\"https:\/\/www.youtube.com\/c\/SantosOchoaLibros\"]}]}<\/script>\n<!-- \/ Yoast SEO plugin. -->","yoast_head_json":{"title":"Andr\u00e9s Pascual y Naoise Dolan - Santos Ochoa Logro\u00f1o","description":"Andr\u00e9s Pascual presenta \"El \u00e1rbol de las palabras\". Encuentro con Naoise Dolan, que presenta su novela \"La pareja feliz\".","robots":{"index":"index","follow":"follow","max-snippet":"max-snippet:-1","max-image-preview":"max-image-preview:large","max-video-preview":"max-video-preview:-1"},"canonical":"https:\/\/blogs.santosochoa.es\/logrono\/andres-pascual-y-naoise-dolan\/","og_locale":"es_ES","og_type":"article","og_title":"Andr\u00e9s Pascual y Naoise Dolan - Santos Ochoa Logro\u00f1o","og_description":"Andr\u00e9s Pascual presenta \"El \u00e1rbol de las palabras\". Encuentro con Naoise Dolan, que presenta su novela \"La pareja feliz\".","og_url":"https:\/\/blogs.santosochoa.es\/logrono\/andres-pascual-y-naoise-dolan\/","og_site_name":"Santos Ochoa Logro\u00f1o","article_author":"https:\/\/www.facebook.com\/santosochoalog","article_published_time":"2024-10-23T08:44:07+00:00","article_modified_time":"2024-10-23T08:44:09+00:00","og_image":[{"width":591,"height":900,"url":"https:\/\/blogs.santosochoa.es\/logrono\/wp-content\/uploads\/sites\/2\/2024\/09\/el-arbol-de-las-palabras_andres-pascual.jpg","type":"image\/jpeg"}],"author":"Santos Ochoa Logro\u00f1o","twitter_card":"summary_large_image","twitter_creator":"@santosochoalog","twitter_misc":{"Written by":"Santos Ochoa Logro\u00f1o","Est. reading time":"4 minutos"},"schema":{"@context":"https:\/\/schema.org","@graph":[{"@type":"Article","@id":"https:\/\/blogs.santosochoa.es\/logrono\/andres-pascual-y-naoise-dolan\/#article","isPartOf":{"@id":"https:\/\/blogs.santosochoa.es\/logrono\/andres-pascual-y-naoise-dolan\/"},"author":{"name":"Santos Ochoa Logro\u00f1o","@id":"https:\/\/blogs.santosochoa.es\/logrono\/#\/schema\/person\/103664eb8c60fbeea1880c704687c2e3"},"headline":"Andr\u00e9s Pascual y Naoise Dolan","datePublished":"2024-10-23T08:44:07+00:00","dateModified":"2024-10-23T08:44:09+00:00","mainEntityOfPage":{"@id":"https:\/\/blogs.santosochoa.es\/logrono\/andres-pascual-y-naoise-dolan\/"},"wordCount":761,"image":{"@id":"https:\/\/blogs.santosochoa.es\/logrono\/andres-pascual-y-naoise-dolan\/#primaryimage"},"thumbnailUrl":"https:\/\/blogs.santosochoa.es\/logrono\/wp-content\/uploads\/sites\/2\/2024\/09\/el-arbol-de-las-palabras_andres-pascual.jpg","articleSection":["charla con el autor","libros","libros do rioja"],"inLanguage":"es"},{"@type":"WebPage","@id":"https:\/\/blogs.santosochoa.es\/logrono\/andres-pascual-y-naoise-dolan\/","url":"https:\/\/blogs.santosochoa.es\/logrono\/andres-pascual-y-naoise-dolan\/","name":"Andr\u00e9s Pascual y Naoise Dolan - Santos Ochoa Logro\u00f1o","isPartOf":{"@id":"https:\/\/blogs.santosochoa.es\/logrono\/#website"},"primaryImageOfPage":{"@id":"https:\/\/blogs.santosochoa.es\/logrono\/andres-pascual-y-naoise-dolan\/#primaryimage"},"image":{"@id":"https:\/\/blogs.santosochoa.es\/logrono\/andres-pascual-y-naoise-dolan\/#primaryimage"},"thumbnailUrl":"https:\/\/blogs.santosochoa.es\/logrono\/wp-content\/uploads\/sites\/2\/2024\/09\/el-arbol-de-las-palabras_andres-pascual.jpg","datePublished":"2024-10-23T08:44:07+00:00","dateModified":"2024-10-23T08:44:09+00:00","author":{"@id":"https:\/\/blogs.santosochoa.es\/logrono\/#\/schema\/person\/103664eb8c60fbeea1880c704687c2e3"},"description":"Andr\u00e9s Pascual presenta \"El \u00e1rbol de las palabras\". Encuentro con Naoise Dolan, que presenta su novela \"La pareja feliz\".","breadcrumb":{"@id":"https:\/\/blogs.santosochoa.es\/logrono\/andres-pascual-y-naoise-dolan\/#breadcrumb"},"inLanguage":"es","potentialAction":[{"@type":"ReadAction","target":["https:\/\/blogs.santosochoa.es\/logrono\/andres-pascual-y-naoise-dolan\/"]}]},{"@type":"ImageObject","inLanguage":"es","@id":"https:\/\/blogs.santosochoa.es\/logrono\/andres-pascual-y-naoise-dolan\/#primaryimage","url":"https:\/\/blogs.santosochoa.es\/logrono\/wp-content\/uploads\/sites\/2\/2024\/09\/el-arbol-de-las-palabras_andres-pascual.jpg","contentUrl":"https:\/\/blogs.santosochoa.es\/logrono\/wp-content\/uploads\/sites\/2\/2024\/09\/el-arbol-de-las-palabras_andres-pascual.jpg","width":591,"height":900},{"@type":"BreadcrumbList","@id":"https:\/\/blogs.santosochoa.es\/logrono\/andres-pascual-y-naoise-dolan\/#breadcrumb","itemListElement":[{"@type":"ListItem","position":1,"name":"Home","item":"https:\/\/blogs.santosochoa.es\/logrono\/"},{"@type":"ListItem","position":2,"name":"Andr\u00e9s Pascual y Naoise Dolan"}]},{"@type":"WebSite","@id":"https:\/\/blogs.santosochoa.es\/logrono\/#website","url":"https:\/\/blogs.santosochoa.es\/logrono\/","name":"Santos Ochoa Logro\u00f1o","description":"Tu Librer\u00eda Online","potentialAction":[{"@type":"SearchAction","target":{"@type":"EntryPoint","urlTemplate":"https:\/\/blogs.santosochoa.es\/logrono\/?s={search_term_string}"},"query-input":{"@type":"PropertyValueSpecification","valueRequired":true,"valueName":"search_term_string"}}],"inLanguage":"es"},{"@type":"Person","@id":"https:\/\/blogs.santosochoa.es\/logrono\/#\/schema\/person\/103664eb8c60fbeea1880c704687c2e3","name":"Santos Ochoa Logro\u00f1o","sameAs":["http:\/\/santosochoa.es","https:\/\/www.facebook.com\/santosochoalog","https:\/\/www.instagram.com\/santosochoalog\/","https:\/\/x.com\/santosochoalog","https:\/\/www.youtube.com\/c\/SantosOchoaLibros"]}]}},"_links":{"self":[{"href":"https:\/\/blogs.santosochoa.es\/logrono\/wp-json\/wp\/v2\/posts\/4409","targetHints":{"allow":["GET"]}}],"collection":[{"href":"https:\/\/blogs.santosochoa.es\/logrono\/wp-json\/wp\/v2\/posts"}],"about":[{"href":"https:\/\/blogs.santosochoa.es\/logrono\/wp-json\/wp\/v2\/types\/post"}],"author":[{"embeddable":true,"href":"https:\/\/blogs.santosochoa.es\/logrono\/wp-json\/wp\/v2\/users\/4"}],"replies":[{"embeddable":true,"href":"https:\/\/blogs.santosochoa.es\/logrono\/wp-json\/wp\/v2\/comments?post=4409"}],"version-history":[{"count":2,"href":"https:\/\/blogs.santosochoa.es\/logrono\/wp-json\/wp\/v2\/posts\/4409\/revisions"}],"predecessor-version":[{"id":4411,"href":"https:\/\/blogs.santosochoa.es\/logrono\/wp-json\/wp\/v2\/posts\/4409\/revisions\/4411"}],"wp:featuredmedia":[{"embeddable":true,"href":"https:\/\/blogs.santosochoa.es\/logrono\/wp-json\/wp\/v2\/media\/4364"}],"wp:attachment":[{"href":"https:\/\/blogs.santosochoa.es\/logrono\/wp-json\/wp\/v2\/media?parent=4409"}],"wp:term":[{"taxonomy":"category","embeddable":true,"href":"https:\/\/blogs.santosochoa.es\/logrono\/wp-json\/wp\/v2\/categories?post=4409"},{"taxonomy":"post_tag","embeddable":true,"href":"https:\/\/blogs.santosochoa.es\/logrono\/wp-json\/wp\/v2\/tags?post=4409"}],"curies":[{"name":"wp","href":"https:\/\/api.w.org\/{rel}","templated":true}]}}