{"id":4392,"date":"2024-10-09T14:06:27","date_gmt":"2024-10-09T12:06:27","guid":{"rendered":"https:\/\/blogs.santosochoa.es\/logrono\/?p=4392"},"modified":"2024-10-09T14:06:29","modified_gmt":"2024-10-09T12:06:29","slug":"antonio-de-benito-veronica-fumanal-yincana-y-exposiciones-de-asterix-y-mafalda","status":"publish","type":"post","link":"https:\/\/blogs.santosochoa.es\/logrono\/antonio-de-benito-veronica-fumanal-yincana-y-exposiciones-de-asterix-y-mafalda\/","title":{"rendered":"Antonio de Benito, Ver\u00f3nica Fumanal, Yincana y Exposiciones de Ast\u00e9rix y Mafalda"},"content":{"rendered":"\n<h2 class=\"wp-block-heading\"><strong>Antonio de Benito presenta su nuevo libro de poemas<em> El latido del musgo<\/em><\/strong><\/h2>\n\n\n\n<h3 class=\"wp-block-heading\"><strong>Martes 15 de octubre<\/strong><strong>, a las 19:30 h.<\/strong><\/h3>\n\n\n\n<h4 class=\"wp-block-heading\">Santos Ochoa (Calvo Sotelo, 19, Logro\u00f1o)<\/h4>\n\n\n\n<p><strong><em>Tambi\u00e9n en YouTube:<\/em><\/strong> <a href=\"https:\/\/www.youtube.com\/c\/SantosOchoaLibros\" target=\"_blank\" rel=\"noreferrer noopener\">youtube.com\/c\/SantosOchoaLibros<\/a><\/p>\n\n\n\n<div class=\"wp-block-image\"><figure class=\"alignright size-full is-resized\"><a href=\"https:\/\/www.santosochoa.es\/libros\/de-benito-antonio_el-latido-del-musgo_9788410367050\" target=\"_blank\" rel=\"noopener noreferrer\"><img decoding=\"async\" src=\"https:\/\/blogs.santosochoa.es\/logrono\/wp-content\/uploads\/sites\/2\/2024\/09\/el-latido-del-musgo_Antonio-de-Benito.jpg\" alt=\"\" class=\"wp-image-4358\" width=\"300\" srcset=\"https:\/\/blogs.santosochoa.es\/logrono\/wp-content\/uploads\/sites\/2\/2024\/09\/el-latido-del-musgo_Antonio-de-Benito.jpg 591w, https:\/\/blogs.santosochoa.es\/logrono\/wp-content\/uploads\/sites\/2\/2024\/09\/el-latido-del-musgo_Antonio-de-Benito-215x300.jpg 215w\" sizes=\"(max-width: 591px) 100vw, 591px\" \/><\/a><\/figure><\/div>\n\n\n\n<p>El autor conversar\u00e1 con <strong>Mar\u00eda Jos\u00e9 Marrod\u00e1n Giron\u00e9s<\/strong>, escritora, poeta y psicopedagoga.<\/p>\n\n\n\n<h5 class=\"wp-block-heading\"><strong><em>El latido del musgo<\/em> es el nuevo poemario de Antonio de Benito despu\u00e9s de ocho largos a\u00f1os sin publicar poes\u00eda. Tras <em>Haikus de Jal\u00f3n, La Guillotina, Atemporal Mente, Regreso a Haikus de Jal\u00f3n<\/em> y <em>En alg\u00fan lugar de tu mirada, El latido del musgo<\/em> sugiere un renacer de la poes\u00eda sencilla y directa del autor, sin medida en ning\u00fan sentido, con el \u00fanico prop\u00f3sito de desbordar su r\u00edo y el de sus lectores.<\/strong><\/h5>\n\n\n\n<p>Los 29 poemas que conforman el poemario cuestionan el paso del tiempo, la propia identidad, los sentimientos&#8230; Una mirada sutil hacia la propia naturaleza, el canto al mundo rural y el fluir de la vida podremos encontrar en poemas como En el pil\u00f3n, Pasajero del agua, Mutante&#8230; o el sincero canto al amor m\u00e1s profundo en Madre.<\/p>\n\n\n\n<p><strong>Antonio de Benito<\/strong> naci\u00f3 en Arcos de Jal\u00f3n (Soria) y lleva m\u00e1s de 25 a\u00f1os afincado en Logro\u00f1o, donde ha ejercido como profesor de E. Primaria. Actualmente se dedica en exclusiva a la literatura: creaci\u00f3n y edici\u00f3n, adem\u00e1s de impartir talleres de animaci\u00f3n a la lectura en colegios y centros culturales. Ha publicado m\u00e1s de 300 t\u00edtulos entre cuentos infantiles, novela, relato, teatro y poes\u00eda.<\/p>\n\n\n\n<div style=\"height:51px\" aria-hidden=\"true\" class=\"wp-block-spacer\"><\/div>\n\n\n\n<h2 class=\"wp-block-heading\"><strong>Ver\u00f3nica Fumanal presenta <em>El poder de la influencia<\/em>. As\u00ed se construye el liderazgo<\/strong><\/h2>\n\n\n\n<h3 class=\"wp-block-heading\"><strong>Jueves 17 de octubre<\/strong><strong>, a las 19:30 h.<\/strong><\/h3>\n\n\n\n<h4 class=\"wp-block-heading\">Santos Ochoa (Calvo Sotelo, 19, Logro\u00f1o)<\/h4>\n\n\n\n<p><strong><em>Tambi\u00e9n en YouTube:<\/em><\/strong> <a href=\"https:\/\/www.youtube.com\/c\/SantosOchoaLibros\" target=\"_blank\" rel=\"noreferrer noopener\">youtube.com\/c\/SantosOchoaLibros<\/a><\/p>\n\n\n\n<div class=\"wp-block-image\"><figure class=\"alignleft size-full is-resized\"><a href=\"https:\/\/www.santosochoa.es\/libros\/fumanal-veronica_poder-de-la-influencia-el_9788413847368\" target=\"_blank\" rel=\"noopener noreferrer\"><img decoding=\"async\" src=\"https:\/\/blogs.santosochoa.es\/logrono\/wp-content\/uploads\/sites\/2\/2024\/09\/el-poder-de-la-influencia_Veronica-Fumanal.jpg\" alt=\"\" class=\"wp-image-4360\" width=\"300\" srcset=\"https:\/\/blogs.santosochoa.es\/logrono\/wp-content\/uploads\/sites\/2\/2024\/09\/el-poder-de-la-influencia_Veronica-Fumanal.jpg 591w, https:\/\/blogs.santosochoa.es\/logrono\/wp-content\/uploads\/sites\/2\/2024\/09\/el-poder-de-la-influencia_Veronica-Fumanal-200x300.jpg 200w\" sizes=\"(max-width: 591px) 100vw, 591px\" \/><\/a><\/figure><\/div>\n\n\n\n<p>La autora conversar\u00e1 con <strong>Concha Andreu<\/strong>, expresidenta del Gobierno de La Rioja y <strong>Eva Baroja<\/strong>, periodista de El Pa\u00eds.<\/p>\n\n\n\n<h5 class=\"wp-block-heading\"><strong>\u00bfC\u00f3mo se construy\u00f3 la figura pol\u00edtica de Pedro S\u00e1nchez? \u00bfC\u00f3mo cre\u00f3 Pablo Iglesias un nuevo partido desde cero? \u00bfQui\u00e9n es m\u00e1s l\u00edder, Ayuso o Puigdemont? \u00bfQu\u00e9 atributos llevaron a Donald Trump a la Casa Blanca? \u00bfC\u00f3mo Isabel II recuper\u00f3 el cari\u00f1o del Reino Unido tras la muerte de Lady Di? \u00bfC\u00f3mo son los nuevos liderazgos (Milei, Meloni\u2026)? \u00bfPor qu\u00e9 la reina Letizia sufre tantas cr\u00edticas injustificadas? \u00bfLas mujeres tienen otra capacidad de influencia distinta a la de los hombres?<\/strong><\/h5>\n\n\n\n<p>Estas son cuestiones que tienen que ver con lo que necesita un l\u00edder para serlo en cualquier \u00e1mbito de la vida, y tambi\u00e9n con lo que precisa para no perder ese poder.<\/p>\n\n\n\n<p>&nbsp;Ver\u00f3nica Fumanal ha trabajado con l\u00edderes pol\u00edticos, empresariales y sindicales durante m\u00e1s de quince a\u00f1os. A lo largo de su carrera ha puesto en marcha algunas de las t\u00e9cnicas m\u00e1s innovadoras en comunicaci\u00f3n p\u00fablica, que le han valido el calificativo de la \u00abhumanizadora de pol\u00edticos\u00bb. En este libro desgrana a trav\u00e9s de ejemplos nacionales e internacionales los secretos de uno de los fen\u00f3menos sociales, humanos y narrativos m\u00e1s complejos e interesantes desde que el poder existe: el liderazgo.<\/p>\n\n\n\n<p><strong>Ver\u00f3nica Fumanal Callau<\/strong> es m\u00e1ster en Marketing Pol\u00edtico y licenciada en Ciencias Pol\u00edticas por la Universidad Aut\u00f3noma de Barcelona. En la actualidad est\u00e1 finalizando el grado de Psicolog\u00eda. Cuenta con una dilatada experiencia de m\u00e1s de quince a\u00f1os en el sector de la comunicaci\u00f3n p\u00fablica, as\u00ed como en la direcci\u00f3n de gabinetes de comunicaci\u00f3n, campa\u00f1as electorales, asesorando a l\u00edderes pol\u00edticos, empresariales y sindicales.<\/p>\n\n\n\n<p>Es docente en varios m\u00e1steres de comunicaci\u00f3n pol\u00edtica. Adem\u00e1s, colabora en diversos medios de prensa, radio y televisi\u00f3n como analista pol\u00edtica, as\u00ed como en publicaciones y ponencias especializadas. Adem\u00e1s ha sido la sexta presidenta de la Asociaci\u00f3n de Comunicaci\u00f3n Pol\u00edtica (ACOP).<\/p>\n\n\n\n<div style=\"height:50px\" aria-hidden=\"true\" class=\"wp-block-spacer\"><\/div>\n\n\n\n<h2 class=\"wp-block-heading\"><strong>Yincana familiar con Ast\u00e9rix y Ob\u00e9lix<\/strong><\/h2>\n\n\n\n<h3 class=\"wp-block-heading\"><strong>Del 18 al 28 de octubre<\/strong><\/h3>\n\n\n\n<h4 class=\"wp-block-heading\">Inicio en Santos Ochoa Gran V\u00eda<\/h4>\n\n\n\n<p><strong>Edad recomendada: <\/strong>a partir de 6 a\u00f1os.<\/p>\n\n\n\n<div class=\"wp-block-image\"><figure class=\"alignright size-full is-resized\"><img decoding=\"async\" src=\"https:\/\/blogs.santosochoa.es\/logrono\/wp-content\/uploads\/sites\/2\/2024\/10\/Carteles-Agenda-LOG_202410_asterix.jpg\" alt=\"\" class=\"wp-image-4381\" width=\"300\" srcset=\"https:\/\/blogs.santosochoa.es\/logrono\/wp-content\/uploads\/sites\/2\/2024\/10\/Carteles-Agenda-LOG_202410_asterix.jpg 827w, https:\/\/blogs.santosochoa.es\/logrono\/wp-content\/uploads\/sites\/2\/2024\/10\/Carteles-Agenda-LOG_202410_asterix-212x300.jpg 212w, https:\/\/blogs.santosochoa.es\/logrono\/wp-content\/uploads\/sites\/2\/2024\/10\/Carteles-Agenda-LOG_202410_asterix-724x1024.jpg 724w, https:\/\/blogs.santosochoa.es\/logrono\/wp-content\/uploads\/sites\/2\/2024\/10\/Carteles-Agenda-LOG_202410_asterix-768x1087.jpg 768w\" sizes=\"(max-width: 827px) 100vw, 827px\" \/><\/figure><\/div>\n\n\n\n<p><strong>\u00a1POR TUTATIS! \u00a1LOS ROMANOS ATACAN LOGRO\u00d1O!<\/strong><\/p>\n\n\n\n<h5 class=\"wp-block-heading\"><strong>Aprovechan el momento en que todos est\u00e1n cazando jabal\u00edes menos Ob\u00e9lix, que no le dejan ir porque se los come. El pobre Ob\u00e9lix, sorprendido por los romanos, consigue la receta de la p\u00f3cima de Panor\u00e1mix, pero le falta saber la cantidad exacta de cada ingrediente. Para averiguar las cantidades, deber\u00e1 fijarse bien en las anotaciones. Pero Ob\u00e9lix no puede hacerlo solo, necesita tu ayuda\u2026<\/strong><\/h5>\n\n\n\n<p>Hay que recorrer la ciudad en busca de los ingredientes que Panor\u00e1mix ha dejado anotados, contarlos y as\u00ed completar la receta m\u00e1gica. Recoge el mapa de pistas en Santos Ochoa Gran V\u00eda, sigue las instrucciones, resuelve el enigma, vuelve a la librer\u00eda con la soluci\u00f3n y entrar\u00e1s en un fant\u00e1stico sorteo.<\/p>\n\n\n\n<div style=\"height:35px\" aria-hidden=\"true\" class=\"wp-block-spacer\"><\/div>\n\n\n\n<p>Adem\u00e1s\u2026<\/p>\n\n\n\n<h2 class=\"wp-block-heading\"><strong>Visita la exposici\u00f3n <em>65 a\u00f1os de Ast\u00e9rix<\/em><\/strong><\/h2>\n\n\n\n<h3 class=\"wp-block-heading\"><strong>Del 19 al 26 de octubre<\/strong><\/h3>\n\n\n\n<h4 class=\"wp-block-heading\">En Santos Ochoa. Gran V\u00eda, 55<\/h4>\n\n\n\n<div class=\"wp-block-image\"><figure class=\"alignleft size-full is-resized\"><img decoding=\"async\" src=\"https:\/\/blogs.santosochoa.es\/logrono\/wp-content\/uploads\/sites\/2\/2024\/10\/ASTERIX_65-anos.jpg\" alt=\"\" class=\"wp-image-4383\" width=\"300\" srcset=\"https:\/\/blogs.santosochoa.es\/logrono\/wp-content\/uploads\/sites\/2\/2024\/10\/ASTERIX_65-anos.jpg 827w, https:\/\/blogs.santosochoa.es\/logrono\/wp-content\/uploads\/sites\/2\/2024\/10\/ASTERIX_65-anos-255x300.jpg 255w, https:\/\/blogs.santosochoa.es\/logrono\/wp-content\/uploads\/sites\/2\/2024\/10\/ASTERIX_65-anos-768x905.jpg 768w\" sizes=\"(max-width: 827px) 100vw, 827px\" \/><\/figure><\/div>\n\n\n\n<h5 class=\"wp-block-heading\"><strong>Ast\u00e9rix es sin duda una de las historietas m\u00e1s famosas y populares del mundo. En 1959 aparecieron por primera vez los personajes de Ast\u00e9rix y sus compa\u00f1eros galos, su inseparable amigo Ob\u00e9lix y su perro Ideafix, creados por el guionista Ren\u00e9 Goscinny y el dibujante Albert Uderzo. En 2024, los \u00abirreductibles Galos\u00bb festejan sus 65 a\u00f1os.<\/strong><\/h5>\n\n\n\n<p>Con motivo de este aniversario y de la Semana del C\u00f3mic, en Santos Ochoa podremos disfrutar de una preciosa exposici\u00f3n de figuras y l\u00e1minas con los personajes m\u00e1s emblem\u00e1ticos de la serie que sigue cautivando a miles de lectores. \u00a1No te la pierdas!<\/p>\n\n\n\n<p>De LUNES a VIERNES: de 9:30 a 14:00 h. y de 16:30 a 21:00 h.<br>S\u00c1BADO: de 10:00 a 14:00 y de 17:00 a 21:00 h.<\/p>\n\n\n\n<div style=\"height:50px\" aria-hidden=\"true\" class=\"wp-block-spacer\"><\/div>\n\n\n\n<h2 class=\"wp-block-heading\"><strong>Exposici\u00f3n <em>Quino, Mafalda y el Medio Ambiente<\/em><\/strong><\/h2>\n\n\n\n<h3 class=\"wp-block-heading\"><strong>Del 19 al 26 de octubre<\/strong><\/h3>\n\n\n\n<h4 class=\"wp-block-heading\">En Santos Ochoa. Calvo Sotelo, 19<\/h4>\n\n\n\n<div class=\"wp-block-image\"><figure class=\"alignright size-full is-resized\"><img decoding=\"async\" src=\"https:\/\/blogs.santosochoa.es\/logrono\/wp-content\/uploads\/sites\/2\/2024\/10\/mafalda_bola-mundo.jpg\" alt=\"\" class=\"wp-image-4385\" width=\"300\" srcset=\"https:\/\/blogs.santosochoa.es\/logrono\/wp-content\/uploads\/sites\/2\/2024\/10\/mafalda_bola-mundo.jpg 1200w, https:\/\/blogs.santosochoa.es\/logrono\/wp-content\/uploads\/sites\/2\/2024\/10\/mafalda_bola-mundo-300x200.jpg 300w, https:\/\/blogs.santosochoa.es\/logrono\/wp-content\/uploads\/sites\/2\/2024\/10\/mafalda_bola-mundo-1024x683.jpg 1024w, https:\/\/blogs.santosochoa.es\/logrono\/wp-content\/uploads\/sites\/2\/2024\/10\/mafalda_bola-mundo-768x512.jpg 768w, https:\/\/blogs.santosochoa.es\/logrono\/wp-content\/uploads\/sites\/2\/2024\/10\/mafalda_bola-mundo-1080x720.jpg 1080w\" sizes=\"(max-width: 1200px) 100vw, 1200px\" \/><\/figure><\/div>\n\n\n\n<h5 class=\"wp-block-heading\"><strong>La peque\u00f1a Mafalda ha cumplido 60 a\u00f1os de tiras y vi\u00f1etas, pero sigue tan joven, aguda y fresca como el primer d\u00eda. A trav\u00e9s de sus ingeniosas y perspicaces observaciones, Mafalda ha inspirado a muchas generaciones a reflexionar sobre el mundo que nos rodea y, entre otros muchos asuntos, se ha ocupado tambi\u00e9n de la importancia de proteger nuestro planeta.<\/strong><\/h5>\n\n\n\n<p>Para celebrar su cumplea\u00f1os y disfrutar de su delicioso sentido del humor, en Santos Ochoa Calvo Sotelo te espera una exposici\u00f3n de&nbsp;15 paneles que reproducen una buena muestra de c\u00f3mo Quino abord\u00f3 nuestra peculiar relaci\u00f3n con el planeta a trav\u00e9s de las tiras de Mafalda y tambi\u00e9n de sus vi\u00f1etas de humor m\u00e1s personales.<\/p>\n\n\n\n<p>De LUNES a VIERNES: de 9:30 a 14:00 h. y de 16:30 a 21:00 h.<br>S\u00c1BADO: de 10:00 a 14:00 y de 17:00 a 21:00 h.<\/p>\n","protected":false},"excerpt":{"rendered":"<p>\u00abEl latido del musgo\u00bb, con Antonio de Benito. \u00abEl poder de la influencia\u00bb, con Ver\u00f3nica Fumanal. Juego de ciudad y exposiciones de Ast\u00e9rix y Mafalda<\/p>\n","protected":false},"author":4,"featured_media":4360,"comment_status":"closed","ping_status":"closed","sticky":false,"template":"","format":"standard","meta":{"footnotes":""},"categories":[1],"tags":[],"class_list":["post-4392","post","type-post","status-publish","format-standard","has-post-thumbnail","hentry","category-sin-categoria"],"yoast_head":"<!-- This site is optimized with the Yoast SEO plugin v27.2 - https:\/\/yoast.com\/product\/yoast-seo-wordpress\/ -->\n<title>Antonio de Benito, Ver\u00f3nica Fumanal, Yincana y Exposiciones de Ast\u00e9rix y Mafalda - Santos Ochoa Logro\u00f1o<\/title>\n<meta name=\"description\" content=\"&quot;El latido del musgo&quot;, con Antonio de Benito. &quot;El poder de la influencia&quot;, con Ver\u00f3nica Fumanal. Juego de ciudad y exposiciones de Ast\u00e9rix y Mafalda\" \/>\n<meta name=\"robots\" content=\"index, follow, max-snippet:-1, max-image-preview:large, max-video-preview:-1\" \/>\n<link rel=\"canonical\" href=\"https:\/\/blogs.santosochoa.es\/logrono\/antonio-de-benito-veronica-fumanal-yincana-y-exposiciones-de-asterix-y-mafalda\/\" \/>\n<meta property=\"og:locale\" content=\"es_ES\" \/>\n<meta property=\"og:type\" content=\"article\" \/>\n<meta property=\"og:title\" content=\"Antonio de Benito, Ver\u00f3nica Fumanal, Yincana y Exposiciones de Ast\u00e9rix y Mafalda - Santos Ochoa Logro\u00f1o\" \/>\n<meta property=\"og:description\" content=\"&quot;El latido del musgo&quot;, con Antonio de Benito. &quot;El poder de la influencia&quot;, con Ver\u00f3nica Fumanal. Juego de ciudad y exposiciones de Ast\u00e9rix y Mafalda\" \/>\n<meta property=\"og:url\" content=\"https:\/\/blogs.santosochoa.es\/logrono\/antonio-de-benito-veronica-fumanal-yincana-y-exposiciones-de-asterix-y-mafalda\/\" \/>\n<meta property=\"og:site_name\" content=\"Santos Ochoa Logro\u00f1o\" \/>\n<meta property=\"article:author\" content=\"https:\/\/www.facebook.com\/santosochoalog\" \/>\n<meta property=\"article:published_time\" content=\"2024-10-09T12:06:27+00:00\" \/>\n<meta property=\"article:modified_time\" content=\"2024-10-09T12:06:29+00:00\" \/>\n<meta property=\"og:image\" content=\"https:\/\/blogs.santosochoa.es\/logrono\/wp-content\/uploads\/sites\/2\/2024\/09\/el-poder-de-la-influencia_Veronica-Fumanal.jpg\" \/>\n\t<meta property=\"og:image:width\" content=\"591\" \/>\n\t<meta property=\"og:image:height\" content=\"888\" \/>\n\t<meta property=\"og:image:type\" content=\"image\/jpeg\" \/>\n<meta name=\"author\" content=\"Santos Ochoa Logro\u00f1o\" \/>\n<meta name=\"twitter:card\" content=\"summary_large_image\" \/>\n<meta name=\"twitter:creator\" content=\"@santosochoalog\" \/>\n<meta name=\"twitter:label1\" content=\"Written by\" \/>\n\t<meta name=\"twitter:data1\" content=\"Santos Ochoa Logro\u00f1o\" \/>\n\t<meta name=\"twitter:label2\" content=\"Est. reading time\" \/>\n\t<meta name=\"twitter:data2\" content=\"6 minutos\" \/>\n<script type=\"application\/ld+json\" class=\"yoast-schema-graph\">{\"@context\":\"https:\/\/schema.org\",\"@graph\":[{\"@type\":\"Article\",\"@id\":\"https:\/\/blogs.santosochoa.es\/logrono\/antonio-de-benito-veronica-fumanal-yincana-y-exposiciones-de-asterix-y-mafalda\/#article\",\"isPartOf\":{\"@id\":\"https:\/\/blogs.santosochoa.es\/logrono\/antonio-de-benito-veronica-fumanal-yincana-y-exposiciones-de-asterix-y-mafalda\/\"},\"author\":{\"name\":\"Santos Ochoa Logro\u00f1o\",\"@id\":\"https:\/\/blogs.santosochoa.es\/logrono\/#\/schema\/person\/103664eb8c60fbeea1880c704687c2e3\"},\"headline\":\"Antonio de Benito, Ver\u00f3nica Fumanal, Yincana y Exposiciones de Ast\u00e9rix y Mafalda\",\"datePublished\":\"2024-10-09T12:06:27+00:00\",\"dateModified\":\"2024-10-09T12:06:29+00:00\",\"mainEntityOfPage\":{\"@id\":\"https:\/\/blogs.santosochoa.es\/logrono\/antonio-de-benito-veronica-fumanal-yincana-y-exposiciones-de-asterix-y-mafalda\/\"},\"wordCount\":1149,\"image\":{\"@id\":\"https:\/\/blogs.santosochoa.es\/logrono\/antonio-de-benito-veronica-fumanal-yincana-y-exposiciones-de-asterix-y-mafalda\/#primaryimage\"},\"thumbnailUrl\":\"https:\/\/blogs.santosochoa.es\/logrono\/wp-content\/uploads\/sites\/2\/2024\/09\/el-poder-de-la-influencia_Veronica-Fumanal.jpg\",\"inLanguage\":\"es\"},{\"@type\":\"WebPage\",\"@id\":\"https:\/\/blogs.santosochoa.es\/logrono\/antonio-de-benito-veronica-fumanal-yincana-y-exposiciones-de-asterix-y-mafalda\/\",\"url\":\"https:\/\/blogs.santosochoa.es\/logrono\/antonio-de-benito-veronica-fumanal-yincana-y-exposiciones-de-asterix-y-mafalda\/\",\"name\":\"Antonio de Benito, Ver\u00f3nica Fumanal, Yincana y Exposiciones de Ast\u00e9rix y Mafalda - Santos Ochoa Logro\u00f1o\",\"isPartOf\":{\"@id\":\"https:\/\/blogs.santosochoa.es\/logrono\/#website\"},\"primaryImageOfPage\":{\"@id\":\"https:\/\/blogs.santosochoa.es\/logrono\/antonio-de-benito-veronica-fumanal-yincana-y-exposiciones-de-asterix-y-mafalda\/#primaryimage\"},\"image\":{\"@id\":\"https:\/\/blogs.santosochoa.es\/logrono\/antonio-de-benito-veronica-fumanal-yincana-y-exposiciones-de-asterix-y-mafalda\/#primaryimage\"},\"thumbnailUrl\":\"https:\/\/blogs.santosochoa.es\/logrono\/wp-content\/uploads\/sites\/2\/2024\/09\/el-poder-de-la-influencia_Veronica-Fumanal.jpg\",\"datePublished\":\"2024-10-09T12:06:27+00:00\",\"dateModified\":\"2024-10-09T12:06:29+00:00\",\"author\":{\"@id\":\"https:\/\/blogs.santosochoa.es\/logrono\/#\/schema\/person\/103664eb8c60fbeea1880c704687c2e3\"},\"description\":\"\\\"El latido del musgo\\\", con Antonio de Benito. \\\"El poder de la influencia\\\", con Ver\u00f3nica Fumanal. Juego de ciudad y exposiciones de Ast\u00e9rix y Mafalda\",\"breadcrumb\":{\"@id\":\"https:\/\/blogs.santosochoa.es\/logrono\/antonio-de-benito-veronica-fumanal-yincana-y-exposiciones-de-asterix-y-mafalda\/#breadcrumb\"},\"inLanguage\":\"es\",\"potentialAction\":[{\"@type\":\"ReadAction\",\"target\":[\"https:\/\/blogs.santosochoa.es\/logrono\/antonio-de-benito-veronica-fumanal-yincana-y-exposiciones-de-asterix-y-mafalda\/\"]}]},{\"@type\":\"ImageObject\",\"inLanguage\":\"es\",\"@id\":\"https:\/\/blogs.santosochoa.es\/logrono\/antonio-de-benito-veronica-fumanal-yincana-y-exposiciones-de-asterix-y-mafalda\/#primaryimage\",\"url\":\"https:\/\/blogs.santosochoa.es\/logrono\/wp-content\/uploads\/sites\/2\/2024\/09\/el-poder-de-la-influencia_Veronica-Fumanal.jpg\",\"contentUrl\":\"https:\/\/blogs.santosochoa.es\/logrono\/wp-content\/uploads\/sites\/2\/2024\/09\/el-poder-de-la-influencia_Veronica-Fumanal.jpg\",\"width\":591,\"height\":888},{\"@type\":\"BreadcrumbList\",\"@id\":\"https:\/\/blogs.santosochoa.es\/logrono\/antonio-de-benito-veronica-fumanal-yincana-y-exposiciones-de-asterix-y-mafalda\/#breadcrumb\",\"itemListElement\":[{\"@type\":\"ListItem\",\"position\":1,\"name\":\"Home\",\"item\":\"https:\/\/blogs.santosochoa.es\/logrono\/\"},{\"@type\":\"ListItem\",\"position\":2,\"name\":\"Antonio de Benito, Ver\u00f3nica Fumanal, Yincana y Exposiciones de Ast\u00e9rix y Mafalda\"}]},{\"@type\":\"WebSite\",\"@id\":\"https:\/\/blogs.santosochoa.es\/logrono\/#website\",\"url\":\"https:\/\/blogs.santosochoa.es\/logrono\/\",\"name\":\"Santos Ochoa Logro\u00f1o\",\"description\":\"Tu Librer\u00eda Online\",\"potentialAction\":[{\"@type\":\"SearchAction\",\"target\":{\"@type\":\"EntryPoint\",\"urlTemplate\":\"https:\/\/blogs.santosochoa.es\/logrono\/?s={search_term_string}\"},\"query-input\":{\"@type\":\"PropertyValueSpecification\",\"valueRequired\":true,\"valueName\":\"search_term_string\"}}],\"inLanguage\":\"es\"},{\"@type\":\"Person\",\"@id\":\"https:\/\/blogs.santosochoa.es\/logrono\/#\/schema\/person\/103664eb8c60fbeea1880c704687c2e3\",\"name\":\"Santos Ochoa Logro\u00f1o\",\"sameAs\":[\"http:\/\/santosochoa.es\",\"https:\/\/www.facebook.com\/santosochoalog\",\"https:\/\/www.instagram.com\/santosochoalog\/\",\"https:\/\/x.com\/santosochoalog\",\"https:\/\/www.youtube.com\/c\/SantosOchoaLibros\"]}]}<\/script>\n<!-- \/ Yoast SEO plugin. -->","yoast_head_json":{"title":"Antonio de Benito, Ver\u00f3nica Fumanal, Yincana y Exposiciones de Ast\u00e9rix y Mafalda - Santos Ochoa Logro\u00f1o","description":"\"El latido del musgo\", con Antonio de Benito. \"El poder de la influencia\", con Ver\u00f3nica Fumanal. Juego de ciudad y exposiciones de Ast\u00e9rix y Mafalda","robots":{"index":"index","follow":"follow","max-snippet":"max-snippet:-1","max-image-preview":"max-image-preview:large","max-video-preview":"max-video-preview:-1"},"canonical":"https:\/\/blogs.santosochoa.es\/logrono\/antonio-de-benito-veronica-fumanal-yincana-y-exposiciones-de-asterix-y-mafalda\/","og_locale":"es_ES","og_type":"article","og_title":"Antonio de Benito, Ver\u00f3nica Fumanal, Yincana y Exposiciones de Ast\u00e9rix y Mafalda - Santos Ochoa Logro\u00f1o","og_description":"\"El latido del musgo\", con Antonio de Benito. \"El poder de la influencia\", con Ver\u00f3nica Fumanal. Juego de ciudad y exposiciones de Ast\u00e9rix y Mafalda","og_url":"https:\/\/blogs.santosochoa.es\/logrono\/antonio-de-benito-veronica-fumanal-yincana-y-exposiciones-de-asterix-y-mafalda\/","og_site_name":"Santos Ochoa Logro\u00f1o","article_author":"https:\/\/www.facebook.com\/santosochoalog","article_published_time":"2024-10-09T12:06:27+00:00","article_modified_time":"2024-10-09T12:06:29+00:00","og_image":[{"width":591,"height":888,"url":"https:\/\/blogs.santosochoa.es\/logrono\/wp-content\/uploads\/sites\/2\/2024\/09\/el-poder-de-la-influencia_Veronica-Fumanal.jpg","type":"image\/jpeg"}],"author":"Santos Ochoa Logro\u00f1o","twitter_card":"summary_large_image","twitter_creator":"@santosochoalog","twitter_misc":{"Written by":"Santos Ochoa Logro\u00f1o","Est. reading time":"6 minutos"},"schema":{"@context":"https:\/\/schema.org","@graph":[{"@type":"Article","@id":"https:\/\/blogs.santosochoa.es\/logrono\/antonio-de-benito-veronica-fumanal-yincana-y-exposiciones-de-asterix-y-mafalda\/#article","isPartOf":{"@id":"https:\/\/blogs.santosochoa.es\/logrono\/antonio-de-benito-veronica-fumanal-yincana-y-exposiciones-de-asterix-y-mafalda\/"},"author":{"name":"Santos Ochoa Logro\u00f1o","@id":"https:\/\/blogs.santosochoa.es\/logrono\/#\/schema\/person\/103664eb8c60fbeea1880c704687c2e3"},"headline":"Antonio de Benito, Ver\u00f3nica Fumanal, Yincana y Exposiciones de Ast\u00e9rix y Mafalda","datePublished":"2024-10-09T12:06:27+00:00","dateModified":"2024-10-09T12:06:29+00:00","mainEntityOfPage":{"@id":"https:\/\/blogs.santosochoa.es\/logrono\/antonio-de-benito-veronica-fumanal-yincana-y-exposiciones-de-asterix-y-mafalda\/"},"wordCount":1149,"image":{"@id":"https:\/\/blogs.santosochoa.es\/logrono\/antonio-de-benito-veronica-fumanal-yincana-y-exposiciones-de-asterix-y-mafalda\/#primaryimage"},"thumbnailUrl":"https:\/\/blogs.santosochoa.es\/logrono\/wp-content\/uploads\/sites\/2\/2024\/09\/el-poder-de-la-influencia_Veronica-Fumanal.jpg","inLanguage":"es"},{"@type":"WebPage","@id":"https:\/\/blogs.santosochoa.es\/logrono\/antonio-de-benito-veronica-fumanal-yincana-y-exposiciones-de-asterix-y-mafalda\/","url":"https:\/\/blogs.santosochoa.es\/logrono\/antonio-de-benito-veronica-fumanal-yincana-y-exposiciones-de-asterix-y-mafalda\/","name":"Antonio de Benito, Ver\u00f3nica Fumanal, Yincana y Exposiciones de Ast\u00e9rix y Mafalda - Santos Ochoa Logro\u00f1o","isPartOf":{"@id":"https:\/\/blogs.santosochoa.es\/logrono\/#website"},"primaryImageOfPage":{"@id":"https:\/\/blogs.santosochoa.es\/logrono\/antonio-de-benito-veronica-fumanal-yincana-y-exposiciones-de-asterix-y-mafalda\/#primaryimage"},"image":{"@id":"https:\/\/blogs.santosochoa.es\/logrono\/antonio-de-benito-veronica-fumanal-yincana-y-exposiciones-de-asterix-y-mafalda\/#primaryimage"},"thumbnailUrl":"https:\/\/blogs.santosochoa.es\/logrono\/wp-content\/uploads\/sites\/2\/2024\/09\/el-poder-de-la-influencia_Veronica-Fumanal.jpg","datePublished":"2024-10-09T12:06:27+00:00","dateModified":"2024-10-09T12:06:29+00:00","author":{"@id":"https:\/\/blogs.santosochoa.es\/logrono\/#\/schema\/person\/103664eb8c60fbeea1880c704687c2e3"},"description":"\"El latido del musgo\", con Antonio de Benito. \"El poder de la influencia\", con Ver\u00f3nica Fumanal. Juego de ciudad y exposiciones de Ast\u00e9rix y Mafalda","breadcrumb":{"@id":"https:\/\/blogs.santosochoa.es\/logrono\/antonio-de-benito-veronica-fumanal-yincana-y-exposiciones-de-asterix-y-mafalda\/#breadcrumb"},"inLanguage":"es","potentialAction":[{"@type":"ReadAction","target":["https:\/\/blogs.santosochoa.es\/logrono\/antonio-de-benito-veronica-fumanal-yincana-y-exposiciones-de-asterix-y-mafalda\/"]}]},{"@type":"ImageObject","inLanguage":"es","@id":"https:\/\/blogs.santosochoa.es\/logrono\/antonio-de-benito-veronica-fumanal-yincana-y-exposiciones-de-asterix-y-mafalda\/#primaryimage","url":"https:\/\/blogs.santosochoa.es\/logrono\/wp-content\/uploads\/sites\/2\/2024\/09\/el-poder-de-la-influencia_Veronica-Fumanal.jpg","contentUrl":"https:\/\/blogs.santosochoa.es\/logrono\/wp-content\/uploads\/sites\/2\/2024\/09\/el-poder-de-la-influencia_Veronica-Fumanal.jpg","width":591,"height":888},{"@type":"BreadcrumbList","@id":"https:\/\/blogs.santosochoa.es\/logrono\/antonio-de-benito-veronica-fumanal-yincana-y-exposiciones-de-asterix-y-mafalda\/#breadcrumb","itemListElement":[{"@type":"ListItem","position":1,"name":"Home","item":"https:\/\/blogs.santosochoa.es\/logrono\/"},{"@type":"ListItem","position":2,"name":"Antonio de Benito, Ver\u00f3nica Fumanal, Yincana y Exposiciones de Ast\u00e9rix y Mafalda"}]},{"@type":"WebSite","@id":"https:\/\/blogs.santosochoa.es\/logrono\/#website","url":"https:\/\/blogs.santosochoa.es\/logrono\/","name":"Santos Ochoa Logro\u00f1o","description":"Tu Librer\u00eda Online","potentialAction":[{"@type":"SearchAction","target":{"@type":"EntryPoint","urlTemplate":"https:\/\/blogs.santosochoa.es\/logrono\/?s={search_term_string}"},"query-input":{"@type":"PropertyValueSpecification","valueRequired":true,"valueName":"search_term_string"}}],"inLanguage":"es"},{"@type":"Person","@id":"https:\/\/blogs.santosochoa.es\/logrono\/#\/schema\/person\/103664eb8c60fbeea1880c704687c2e3","name":"Santos Ochoa Logro\u00f1o","sameAs":["http:\/\/santosochoa.es","https:\/\/www.facebook.com\/santosochoalog","https:\/\/www.instagram.com\/santosochoalog\/","https:\/\/x.com\/santosochoalog","https:\/\/www.youtube.com\/c\/SantosOchoaLibros"]}]}},"_links":{"self":[{"href":"https:\/\/blogs.santosochoa.es\/logrono\/wp-json\/wp\/v2\/posts\/4392","targetHints":{"allow":["GET"]}}],"collection":[{"href":"https:\/\/blogs.santosochoa.es\/logrono\/wp-json\/wp\/v2\/posts"}],"about":[{"href":"https:\/\/blogs.santosochoa.es\/logrono\/wp-json\/wp\/v2\/types\/post"}],"author":[{"embeddable":true,"href":"https:\/\/blogs.santosochoa.es\/logrono\/wp-json\/wp\/v2\/users\/4"}],"replies":[{"embeddable":true,"href":"https:\/\/blogs.santosochoa.es\/logrono\/wp-json\/wp\/v2\/comments?post=4392"}],"version-history":[{"count":4,"href":"https:\/\/blogs.santosochoa.es\/logrono\/wp-json\/wp\/v2\/posts\/4392\/revisions"}],"predecessor-version":[{"id":4396,"href":"https:\/\/blogs.santosochoa.es\/logrono\/wp-json\/wp\/v2\/posts\/4392\/revisions\/4396"}],"wp:featuredmedia":[{"embeddable":true,"href":"https:\/\/blogs.santosochoa.es\/logrono\/wp-json\/wp\/v2\/media\/4360"}],"wp:attachment":[{"href":"https:\/\/blogs.santosochoa.es\/logrono\/wp-json\/wp\/v2\/media?parent=4392"}],"wp:term":[{"taxonomy":"category","embeddable":true,"href":"https:\/\/blogs.santosochoa.es\/logrono\/wp-json\/wp\/v2\/categories?post=4392"},{"taxonomy":"post_tag","embeddable":true,"href":"https:\/\/blogs.santosochoa.es\/logrono\/wp-json\/wp\/v2\/tags?post=4392"}],"curies":[{"name":"wp","href":"https:\/\/api.w.org\/{rel}","templated":true}]}}