{"id":4313,"date":"2024-06-12T11:53:17","date_gmt":"2024-06-12T09:53:17","guid":{"rendered":"https:\/\/blogs.santosochoa.es\/logrono\/?p=4313"},"modified":"2024-06-12T11:53:19","modified_gmt":"2024-06-12T09:53:19","slug":"remon-ucles-diazvillanueva-garin","status":"publish","type":"post","link":"https:\/\/blogs.santosochoa.es\/logrono\/remon-ucles-diazvillanueva-garin\/","title":{"rendered":"Alejandra Rem\u00f3n, David Ucl\u00e9s, Fernando D\u00edaz Villanueva y Alberto Gar\u00edn"},"content":{"rendered":"\n<h2 class=\"wp-block-heading\"><strong>Alejandra Rem\u00f3n presenta <em>Mudanza<\/em>. Una obra evocadora sobre las relaciones personales, los objetos y sus recuerdos, el deseo y la esperanza<\/strong><\/h2>\n\n\n\n<h3 class=\"wp-block-heading\"><strong>Martes 18 de junio<\/strong><strong>, a las 19:30 h.<\/strong><\/h3>\n\n\n\n<h4 class=\"wp-block-heading\">Santos Ochoa (Calvo Sotelo, 19, Logro\u00f1o)<\/h4>\n\n\n\n<p><strong><em>Tambi\u00e9n en YouTube:<\/em><\/strong> <a href=\"https:\/\/www.youtube.com\/c\/SantosOchoaLibros\" target=\"_blank\" rel=\"noreferrer noopener\">youtube.com\/c\/SantosOchoaLibros<\/a><\/p>\n\n\n\n<div class=\"wp-block-image\"><figure class=\"alignright size-full is-resized\"><a href=\"https:\/\/www.santosochoa.es\/libros\/remon-alejandra-g_mudanza_9788419875402\" target=\"_blank\" rel=\"noopener noreferrer\"><img decoding=\"async\" src=\"https:\/\/blogs.santosochoa.es\/logrono\/wp-content\/uploads\/sites\/2\/2024\/05\/mudanza_alejandra-g-remon.jpg\" alt=\"\" class=\"wp-image-4294\" width=\"300\" srcset=\"https:\/\/blogs.santosochoa.es\/logrono\/wp-content\/uploads\/sites\/2\/2024\/05\/mudanza_alejandra-g-remon.jpg 591w, https:\/\/blogs.santosochoa.es\/logrono\/wp-content\/uploads\/sites\/2\/2024\/05\/mudanza_alejandra-g-remon-197x300.jpg 197w\" sizes=\"(max-width: 591px) 100vw, 591px\" \/><\/a><\/figure><\/div>\n\n\n\n<h5 class=\"wp-block-heading\"><strong>Una obra compuesta por un collage de historias que te llevar\u00e1n trav\u00e9s de las vivencias, recuerdos y miedos de la protagonista, Fabiola, quien se encuentra en pleno proceso de cambio. La acci\u00f3n transcurre durante una mudanza, durante la cual su protagonista comparte en primera persona sus experiencias y emociones a trav\u00e9s de los objetos y recuerdos, evocando la atm\u00f3sfera \u00fanica de cada momento.<\/strong><\/h5>\n\n\n\n<p>Una narraci\u00f3n intensa y evocadora que te lleva a reflexionar sobre la importancia de la vida y las conexiones que hacemos con los objetos y personas que nos rodean, a trav\u00e9s de las relaciones de su protagonista con amigos, familia y aquellas peque\u00f1as cosas compartidas que nos hacen ser quienes somos.<\/p>\n\n\n\n<p><strong>La primera novela de Alejandra G. Rem\u00f3n es una obra evocadora sobre las relaciones personales, los objetos y sus recuerdos, el deseo y la esperanza puesta en todos los grandes momentos que nos quedan por vivir.<\/strong><\/p>\n\n\n\n<p><strong>Alejandra G. Rem\u00f3n<\/strong>&nbsp;(La Rioja, 1985) tiene una curiosidad insaciable y practica una escritura desordenada que inunda cuadernos desde la adolescencia. A veces cree habitar en las pel\u00edculas de la&nbsp;<em>Nouvelle Vague<\/em>, y en su cabeza resuenan ritmos de la Motown, la bossa nova, la psicodelia y el jazz. Tiene predilecci\u00f3n por las fotograf\u00edas de Vivian Maier y Francesca Woodman y, en el terreno literario, por autores como Roald Dahl, Stefan Zweig, Clarice Lispector y los escritores de la generaci\u00f3n beat, que fueron su inspiraci\u00f3n para definir sensaciones, cuestionarse la vida y empezar a escribir.<\/p>\n\n\n\n<p>Ha colaborado en distintos medios (<em>Vogue<\/em>,<em>&nbsp;AD Spain<\/em>,<em>&nbsp;Glamour<\/em>,<em>&nbsp;SModa<\/em>,<em>&nbsp;Telva<\/em>&#8230;) y participado en varios proyectos editoriales. Numerosas firmas han contado con su creatividad y su imagen para diferentes campa\u00f1as. Merecen especial atenci\u00f3n sus facetas como fot\u00f3grafa de estilo intimista y como artista pl\u00e1stica, especializada en la t\u00e9cnica del&nbsp;<em>collage.<\/em><\/p>\n\n\n\n<p>Es autora de\u00a0<em>Cuando nadie mira<\/em>,\u00a0<em>Todas aquellas veces y otros asuntos pendientes<\/em>,\u00a0<em>A pesar de todo, te pienso<\/em>,\u00a0<em>Anatom\u00eda de las emociones<\/em> y\u00a0<em>Diario de AzuLES<\/em>,\u00a0libros de arte en los que combina prosa po\u00e9tica, fotograf\u00edas,\u00a0<em>collages<\/em>\u00a0y otras piezas de arte visual. Su estilo personal, art\u00edstico y singular ha conectado con miles de lectores que buscan en sus obras un objeto o pieza de arte que trasciende una simple lectura.<\/p>\n\n\n\n<div style=\"height:50px\" aria-hidden=\"true\" class=\"wp-block-spacer\"><\/div>\n\n\n\n<h2 class=\"wp-block-heading\"><strong>David Ucl\u00e9s presenta <em>La pen\u00ednsula de las casas vac\u00edas<\/em>. Una novela total sobre la Guerra Civil en clave de realismo m\u00e1gico<\/strong><\/h2>\n\n\n\n<h3 class=\"wp-block-heading\"><strong>Jueves 20 de junio<\/strong><strong>, a las 19:30 h.<\/strong><\/h3>\n\n\n\n<h4 class=\"wp-block-heading\">Santos Ochoa (Calvo Sotelo, 19, Logro\u00f1o)<\/h4>\n\n\n\n<p><strong><em>Tambi\u00e9n en YouTube:<\/em><\/strong> <a href=\"https:\/\/www.youtube.com\/c\/SantosOchoaLibros\" target=\"_blank\" rel=\"noreferrer noopener\">youtube.com\/c\/SantosOchoaLibros<\/a><\/p>\n\n\n\n<p>El autor conversar\u00e1 con el escritor <strong>Kike Cherta<\/strong>.<\/p>\n\n\n\n<div class=\"wp-block-image\"><figure class=\"alignleft size-full is-resized\"><a href=\"https:\/\/www.santosochoa.es\/libros\/ucles-david_la-peninsula-de-las-casas-vacias_9788419942319\" target=\"_blank\" rel=\"noopener noreferrer\"><img decoding=\"async\" src=\"https:\/\/blogs.santosochoa.es\/logrono\/wp-content\/uploads\/sites\/2\/2024\/05\/la-peninsula-de-las-casas-vacias_David-Ucles.jpg\" alt=\"\" class=\"wp-image-4279\" width=\"300\" srcset=\"https:\/\/blogs.santosochoa.es\/logrono\/wp-content\/uploads\/sites\/2\/2024\/05\/la-peninsula-de-las-casas-vacias_David-Ucles.jpg 591w, https:\/\/blogs.santosochoa.es\/logrono\/wp-content\/uploads\/sites\/2\/2024\/05\/la-peninsula-de-las-casas-vacias_David-Ucles-197x300.jpg 197w\" sizes=\"(max-width: 591px) 100vw, 591px\" \/><\/a><\/figure><\/div>\n\n\n\n<p>He aqu\u00ed la historia de la descomposici\u00f3n total de una familia, de la deshumanizaci\u00f3n de un pueblo, de la desintegraci\u00f3n de un territorio y de una pen\u00ednsula de casas vac\u00edas.<\/p>\n\n\n\n<h5 class=\"wp-block-heading\"><strong>La historia de un soldado que se raja la piel para dejar salir la ceniza acumulada, de un poeta que cose la sombra de una ni\u00f1a tras un bombardeo, y de un maestro que ense\u00f1a a sus alumnos a hacerse los muertos; de un general que duerme junto a la mano cortada de una santa, de un ni\u00f1o ciego que recupera la vista durante un apag\u00f3n, y de una campesina que pinta de negro todos los \u00e1rboles de su huerto; de un fot\u00f3grafo extranjero que pisa una mina cerca de Brunete y no levanta el pie en cuarenta a\u00f1os, de un gernikarra que conduce hasta el centro de Par\u00eds una camioneta con los restos humeantes de un ataque a\u00e9reo, y de un perro herido cuya sangre te\u00f1ir\u00e1 la \u00faltima franja de una bandera abandonada en Badajoz.<\/strong><\/h5>\n\n\n\n<p>He aqu\u00ed pues la historia total de la Guerra Civil espa\u00f1ola y de una Iberia agonizante donde lo fant\u00e1stico apuntala la crudeza de lo real; donde los an\u00f3nimos miembros de un extenso clan de olivareros de J\u00e1ndula cruzan sus destinos con los de Alberti, Lorca y Unamuno; Rodoreda, Zambrano y Kent; Hemingway, Orwell y Bernanos; Picasso y Mallo; Aza\u00f1a y Fox\u00e1; donde lo \u00e9pico y lo costumbrista se entrelazan para tejer un portentoso tapiz, po\u00e9tico y grotesco, bello y delirante.<\/p>\n\n\n\n<p><strong>David Ucl\u00e9s<\/strong> (\u00dabeda, 1990), licenciado y m\u00e1ster en Tra\u00adducci\u00f3n e Interpretaci\u00f3n, es, adem\u00e1s, escritor, m\u00fasico y dibujante. Ha publicado las novelas\u00a0<em>El llanto del le\u00f3n\u00a0<\/em>(Premio Complutense de Literatura, 2019) y\u00a0<em>Emilio y Octubre<\/em>\u00a0(2020).\u00a0<em>La pen\u00ednsula de las casas vac\u00edas<\/em>\u00a0es el fruto de quince a\u00f1os de trabajo y de un exhaustivo viaje de documentaci\u00f3n y memoria por la geograf\u00eda espa\u00f1ola. Para su creaci\u00f3n, ha recibido las becas Leonardo y Montserrat Roig.<\/p>\n\n\n\n<div style=\"height:50px\" aria-hidden=\"true\" class=\"wp-block-spacer\"><\/div>\n\n\n\n<h2 class=\"wp-block-heading\"><strong>Fernando D\u00edaz Villanueva y Alberto Gar\u00edn presentan <em>Contra la Revoluci\u00f3n Francesa<\/em>. Ni libertad, ni igualdad, ni fraternidad\u2026<\/strong><\/h2>\n\n\n\n<h3 class=\"wp-block-heading\"><strong>Viernes 21 de junio<\/strong><strong>, a las 19:00 h.<\/strong><\/h3>\n\n\n\n<h4 class=\"wp-block-heading\">Santos Ochoa (Calvo Sotelo, 19, Logro\u00f1o)<\/h4>\n\n\n\n<p><strong><em>Tambi\u00e9n en YouTube:<\/em><\/strong> <a href=\"https:\/\/www.youtube.com\/c\/SantosOchoaLibros\" target=\"_blank\" rel=\"noreferrer noopener\">youtube.com\/c\/SantosOchoaLibros<\/a><\/p>\n\n\n\n<div class=\"wp-block-image\"><figure class=\"alignright size-full is-resized\"><a href=\"https:\/\/www.santosochoa.es\/libros\/diaz-villanueva-fernando-garin-alberto_contra-la-revolucion-francesa_9788410640252\" target=\"_blank\" rel=\"noopener noreferrer\"><img decoding=\"async\" src=\"https:\/\/blogs.santosochoa.es\/logrono\/wp-content\/uploads\/sites\/2\/2024\/05\/contra-la-revolucion-francesa_Villanueva-Garin.jpg\" alt=\"\" class=\"wp-image-4282\" width=\"300\" srcset=\"https:\/\/blogs.santosochoa.es\/logrono\/wp-content\/uploads\/sites\/2\/2024\/05\/contra-la-revolucion-francesa_Villanueva-Garin.jpg 591w, https:\/\/blogs.santosochoa.es\/logrono\/wp-content\/uploads\/sites\/2\/2024\/05\/contra-la-revolucion-francesa_Villanueva-Garin-198x300.jpg 198w\" sizes=\"(max-width: 591px) 100vw, 591px\" \/><\/a><\/figure><\/div>\n\n\n\n<h5 class=\"wp-block-heading\"><strong>\u00bfFue la Revoluci\u00f3n Francesa el mito fundacional del mundo contempor\u00e1neo? \u00bfRecog\u00eda en su esp\u00edritu todo lo bueno y noble que habita en el alma humana? \u00bfRepresentaba el bien absoluto y cualquier cosa que se alejara de ella era el mal?<\/strong><\/h5>\n\n\n\n<p>Pocos acontecimientos hist\u00f3ricos son tan conocidos como la Revoluci\u00f3n Francesa, y, al mismo tiempo, tan poco entendidos. La historia se aceler\u00f3 en Francia durante la \u00faltima d\u00e9cada del siglo XVIII y sus consecuencias no tardaron en afectar a todo el mundo gracias a Napole\u00f3n Bonaparte, el m\u00e1s ilustre de los hijos de la revoluci\u00f3n. Los dos siglos posteriores son inexplicables sin esta convulsi\u00f3n que encontr\u00f3 infinidad de imitadores en todas las latitudes.<\/p>\n\n\n\n<p><strong>Fernando D\u00edaz Villanueva y Alberto Gar\u00edn diseccionan en este libro la historia de este momento hist\u00f3rico excepcional en todas sus vertientes para desmontar, con precisi\u00f3n y afilada cr\u00edtica, los mitos e ideas que han perdurado hasta nuestros d\u00edas.<\/strong><\/p>\n\n\n\n<p><strong>Fernando D\u00edaz Villanueva<\/strong>&nbsp;(Madrid, 1973) es periodista y divulgador hist\u00f3rico. Estudi\u00f3 historia moderna y contempor\u00e1nea y posteriormente se dedic\u00f3 al periodismo. Ha colaborado en numerosos medios de comunicaci\u00f3n a lo largo de las dos \u00faltimas d\u00e9cadas y sigue haci\u00e9ndolo semanalmente en el diario&nbsp;<em>Vozp\u00f3puli<\/em>. En su haber tiene publicados una docena de libros de divulgaci\u00f3n hist\u00f3rica centrados en la historia de Espa\u00f1a y las ideas pol\u00edticas del siglo XX. Actualmente presenta y dirige dos programas de radio en internet muy populares:&nbsp;<em>La ContraCr\u00f3nica<\/em>, en el que aborda a diario asuntos de actualidad econ\u00f3mica e internacional, y&nbsp;<em>La ContraHistoria<\/em>, en el que semanalmente trata grandes episodios hist\u00f3ricos para todos los p\u00fablicos. En los a\u00f1os 2020, 2021, 2022 y 2023 recibi\u00f3, por votaci\u00f3n de los oyentes, el Premio iVoox de la Audiencia, el m\u00e1s prestigioso de la radio online en lengua espa\u00f1ola.<\/p>\n\n\n\n<p><strong>Alberto Gar\u00edn&nbsp;<\/strong>(Madrid, 1971) es licenciado en Historia del Arte y Arqueolog\u00eda y doctor en Arquitectura. Desde 1998 divide su vida entre Espa\u00f1a y Guatemala, donde dirige el programa de doctorado de la Universidad Francisco Marroqu\u00edn. Es colaborador habitual del podcast&nbsp;<em>LaContrahistoria<\/em>, de Fernando D\u00edaz Villanueva, as\u00ed como del canal de YouTube&nbsp;de Academia Play. Es director y presentador del exitoso espacio&nbsp;<em>Pedazos de Historia<\/em>&nbsp;que se emite en la plataforma ViOne. Cuenta,&nbsp;adem\u00e1s, con su propio canal en YouTube e iVoox donde produce el programa&nbsp;<em>Sierra de historias<\/em>.<\/p>\n","protected":false},"excerpt":{"rendered":"<p>Alejandra Rem\u00f3n, \u00abMudanza\u00bb. David Ucl\u00e9s, \u00abLa pen\u00ednsula de las casas vac\u00edas\u00bb. Fernando D\u00edaz Villanueva y Alberto Gar\u00edn, \u00abContra la Revoluci\u00f3n Francesa\u00bb.<\/p>\n","protected":false},"author":4,"featured_media":4294,"comment_status":"closed","ping_status":"closed","sticky":false,"template":"","format":"standard","meta":{"footnotes":""},"categories":[14,10,12,13],"tags":[],"class_list":["post-4313","post","type-post","status-publish","format-standard","has-post-thumbnail","hentry","category-charla-con-el-autor","category-charlas","category-libros","category-libros-do-rioja"],"yoast_head":"<!-- This site is optimized with the Yoast SEO plugin v27.2 - https:\/\/yoast.com\/product\/yoast-seo-wordpress\/ -->\n<title>Alejandra Rem\u00f3n, David Ucl\u00e9s, Fernando D\u00edaz Villanueva y Alberto Gar\u00edn - Santos Ochoa Logro\u00f1o<\/title>\n<meta name=\"description\" content=\"Alejandra Rem\u00f3n, &quot;Mudanza&quot;. David Ucl\u00e9s, &quot;La pen\u00ednsula de las casas vac\u00edas&quot;. Fernando D\u00edaz Villanueva y Alberto Gar\u00edn, &quot;Contra la Revoluci\u00f3n Francesa&quot;.\" \/>\n<meta name=\"robots\" content=\"index, follow, max-snippet:-1, max-image-preview:large, max-video-preview:-1\" \/>\n<link rel=\"canonical\" href=\"https:\/\/blogs.santosochoa.es\/logrono\/remon-ucles-diazvillanueva-garin\/\" \/>\n<meta property=\"og:locale\" content=\"es_ES\" \/>\n<meta property=\"og:type\" content=\"article\" \/>\n<meta property=\"og:title\" content=\"Alejandra Rem\u00f3n, David Ucl\u00e9s, Fernando D\u00edaz Villanueva y Alberto Gar\u00edn - Santos Ochoa Logro\u00f1o\" \/>\n<meta property=\"og:description\" content=\"Alejandra Rem\u00f3n, &quot;Mudanza&quot;. David Ucl\u00e9s, &quot;La pen\u00ednsula de las casas vac\u00edas&quot;. Fernando D\u00edaz Villanueva y Alberto Gar\u00edn, &quot;Contra la Revoluci\u00f3n Francesa&quot;.\" \/>\n<meta property=\"og:url\" content=\"https:\/\/blogs.santosochoa.es\/logrono\/remon-ucles-diazvillanueva-garin\/\" \/>\n<meta property=\"og:site_name\" content=\"Santos Ochoa Logro\u00f1o\" \/>\n<meta property=\"article:author\" content=\"https:\/\/www.facebook.com\/santosochoalog\" \/>\n<meta property=\"article:published_time\" content=\"2024-06-12T09:53:17+00:00\" \/>\n<meta property=\"article:modified_time\" content=\"2024-06-12T09:53:19+00:00\" \/>\n<meta property=\"og:image\" content=\"https:\/\/blogs.santosochoa.es\/logrono\/wp-content\/uploads\/sites\/2\/2024\/05\/mudanza_alejandra-g-remon.jpg\" \/>\n\t<meta property=\"og:image:width\" content=\"591\" \/>\n\t<meta property=\"og:image:height\" content=\"902\" \/>\n\t<meta property=\"og:image:type\" content=\"image\/jpeg\" \/>\n<meta name=\"author\" content=\"Santos Ochoa Logro\u00f1o\" \/>\n<meta name=\"twitter:card\" content=\"summary_large_image\" \/>\n<meta name=\"twitter:creator\" content=\"@santosochoalog\" \/>\n<meta name=\"twitter:label1\" content=\"Written by\" \/>\n\t<meta name=\"twitter:data1\" content=\"Santos Ochoa Logro\u00f1o\" \/>\n\t<meta name=\"twitter:label2\" content=\"Est. reading time\" \/>\n\t<meta name=\"twitter:data2\" content=\"7 minutos\" \/>\n<script type=\"application\/ld+json\" class=\"yoast-schema-graph\">{\"@context\":\"https:\/\/schema.org\",\"@graph\":[{\"@type\":\"Article\",\"@id\":\"https:\/\/blogs.santosochoa.es\/logrono\/remon-ucles-diazvillanueva-garin\/#article\",\"isPartOf\":{\"@id\":\"https:\/\/blogs.santosochoa.es\/logrono\/remon-ucles-diazvillanueva-garin\/\"},\"author\":{\"name\":\"Santos Ochoa Logro\u00f1o\",\"@id\":\"https:\/\/blogs.santosochoa.es\/logrono\/#\/schema\/person\/103664eb8c60fbeea1880c704687c2e3\"},\"headline\":\"Alejandra Rem\u00f3n, David Ucl\u00e9s, Fernando D\u00edaz Villanueva y Alberto Gar\u00edn\",\"datePublished\":\"2024-06-12T09:53:17+00:00\",\"dateModified\":\"2024-06-12T09:53:19+00:00\",\"mainEntityOfPage\":{\"@id\":\"https:\/\/blogs.santosochoa.es\/logrono\/remon-ucles-diazvillanueva-garin\/\"},\"wordCount\":1322,\"image\":{\"@id\":\"https:\/\/blogs.santosochoa.es\/logrono\/remon-ucles-diazvillanueva-garin\/#primaryimage\"},\"thumbnailUrl\":\"https:\/\/blogs.santosochoa.es\/logrono\/wp-content\/uploads\/sites\/2\/2024\/05\/mudanza_alejandra-g-remon.jpg\",\"articleSection\":[\"charla con el autor\",\"charlas\",\"libros\",\"libros do rioja\"],\"inLanguage\":\"es\"},{\"@type\":\"WebPage\",\"@id\":\"https:\/\/blogs.santosochoa.es\/logrono\/remon-ucles-diazvillanueva-garin\/\",\"url\":\"https:\/\/blogs.santosochoa.es\/logrono\/remon-ucles-diazvillanueva-garin\/\",\"name\":\"Alejandra Rem\u00f3n, David Ucl\u00e9s, Fernando D\u00edaz Villanueva y Alberto Gar\u00edn - Santos Ochoa Logro\u00f1o\",\"isPartOf\":{\"@id\":\"https:\/\/blogs.santosochoa.es\/logrono\/#website\"},\"primaryImageOfPage\":{\"@id\":\"https:\/\/blogs.santosochoa.es\/logrono\/remon-ucles-diazvillanueva-garin\/#primaryimage\"},\"image\":{\"@id\":\"https:\/\/blogs.santosochoa.es\/logrono\/remon-ucles-diazvillanueva-garin\/#primaryimage\"},\"thumbnailUrl\":\"https:\/\/blogs.santosochoa.es\/logrono\/wp-content\/uploads\/sites\/2\/2024\/05\/mudanza_alejandra-g-remon.jpg\",\"datePublished\":\"2024-06-12T09:53:17+00:00\",\"dateModified\":\"2024-06-12T09:53:19+00:00\",\"author\":{\"@id\":\"https:\/\/blogs.santosochoa.es\/logrono\/#\/schema\/person\/103664eb8c60fbeea1880c704687c2e3\"},\"description\":\"Alejandra Rem\u00f3n, \\\"Mudanza\\\". David Ucl\u00e9s, \\\"La pen\u00ednsula de las casas vac\u00edas\\\". Fernando D\u00edaz Villanueva y Alberto Gar\u00edn, \\\"Contra la Revoluci\u00f3n Francesa\\\".\",\"breadcrumb\":{\"@id\":\"https:\/\/blogs.santosochoa.es\/logrono\/remon-ucles-diazvillanueva-garin\/#breadcrumb\"},\"inLanguage\":\"es\",\"potentialAction\":[{\"@type\":\"ReadAction\",\"target\":[\"https:\/\/blogs.santosochoa.es\/logrono\/remon-ucles-diazvillanueva-garin\/\"]}]},{\"@type\":\"ImageObject\",\"inLanguage\":\"es\",\"@id\":\"https:\/\/blogs.santosochoa.es\/logrono\/remon-ucles-diazvillanueva-garin\/#primaryimage\",\"url\":\"https:\/\/blogs.santosochoa.es\/logrono\/wp-content\/uploads\/sites\/2\/2024\/05\/mudanza_alejandra-g-remon.jpg\",\"contentUrl\":\"https:\/\/blogs.santosochoa.es\/logrono\/wp-content\/uploads\/sites\/2\/2024\/05\/mudanza_alejandra-g-remon.jpg\",\"width\":591,\"height\":902},{\"@type\":\"BreadcrumbList\",\"@id\":\"https:\/\/blogs.santosochoa.es\/logrono\/remon-ucles-diazvillanueva-garin\/#breadcrumb\",\"itemListElement\":[{\"@type\":\"ListItem\",\"position\":1,\"name\":\"Home\",\"item\":\"https:\/\/blogs.santosochoa.es\/logrono\/\"},{\"@type\":\"ListItem\",\"position\":2,\"name\":\"Alejandra Rem\u00f3n, David Ucl\u00e9s, Fernando D\u00edaz Villanueva y Alberto Gar\u00edn\"}]},{\"@type\":\"WebSite\",\"@id\":\"https:\/\/blogs.santosochoa.es\/logrono\/#website\",\"url\":\"https:\/\/blogs.santosochoa.es\/logrono\/\",\"name\":\"Santos Ochoa Logro\u00f1o\",\"description\":\"Tu Librer\u00eda Online\",\"potentialAction\":[{\"@type\":\"SearchAction\",\"target\":{\"@type\":\"EntryPoint\",\"urlTemplate\":\"https:\/\/blogs.santosochoa.es\/logrono\/?s={search_term_string}\"},\"query-input\":{\"@type\":\"PropertyValueSpecification\",\"valueRequired\":true,\"valueName\":\"search_term_string\"}}],\"inLanguage\":\"es\"},{\"@type\":\"Person\",\"@id\":\"https:\/\/blogs.santosochoa.es\/logrono\/#\/schema\/person\/103664eb8c60fbeea1880c704687c2e3\",\"name\":\"Santos Ochoa Logro\u00f1o\",\"sameAs\":[\"http:\/\/santosochoa.es\",\"https:\/\/www.facebook.com\/santosochoalog\",\"https:\/\/www.instagram.com\/santosochoalog\/\",\"https:\/\/x.com\/santosochoalog\",\"https:\/\/www.youtube.com\/c\/SantosOchoaLibros\"]}]}<\/script>\n<!-- \/ Yoast SEO plugin. -->","yoast_head_json":{"title":"Alejandra Rem\u00f3n, David Ucl\u00e9s, Fernando D\u00edaz Villanueva y Alberto Gar\u00edn - Santos Ochoa Logro\u00f1o","description":"Alejandra Rem\u00f3n, \"Mudanza\". David Ucl\u00e9s, \"La pen\u00ednsula de las casas vac\u00edas\". Fernando D\u00edaz Villanueva y Alberto Gar\u00edn, \"Contra la Revoluci\u00f3n Francesa\".","robots":{"index":"index","follow":"follow","max-snippet":"max-snippet:-1","max-image-preview":"max-image-preview:large","max-video-preview":"max-video-preview:-1"},"canonical":"https:\/\/blogs.santosochoa.es\/logrono\/remon-ucles-diazvillanueva-garin\/","og_locale":"es_ES","og_type":"article","og_title":"Alejandra Rem\u00f3n, David Ucl\u00e9s, Fernando D\u00edaz Villanueva y Alberto Gar\u00edn - Santos Ochoa Logro\u00f1o","og_description":"Alejandra Rem\u00f3n, \"Mudanza\". David Ucl\u00e9s, \"La pen\u00ednsula de las casas vac\u00edas\". Fernando D\u00edaz Villanueva y Alberto Gar\u00edn, \"Contra la Revoluci\u00f3n Francesa\".","og_url":"https:\/\/blogs.santosochoa.es\/logrono\/remon-ucles-diazvillanueva-garin\/","og_site_name":"Santos Ochoa Logro\u00f1o","article_author":"https:\/\/www.facebook.com\/santosochoalog","article_published_time":"2024-06-12T09:53:17+00:00","article_modified_time":"2024-06-12T09:53:19+00:00","og_image":[{"width":591,"height":902,"url":"https:\/\/blogs.santosochoa.es\/logrono\/wp-content\/uploads\/sites\/2\/2024\/05\/mudanza_alejandra-g-remon.jpg","type":"image\/jpeg"}],"author":"Santos Ochoa Logro\u00f1o","twitter_card":"summary_large_image","twitter_creator":"@santosochoalog","twitter_misc":{"Written by":"Santos Ochoa Logro\u00f1o","Est. reading time":"7 minutos"},"schema":{"@context":"https:\/\/schema.org","@graph":[{"@type":"Article","@id":"https:\/\/blogs.santosochoa.es\/logrono\/remon-ucles-diazvillanueva-garin\/#article","isPartOf":{"@id":"https:\/\/blogs.santosochoa.es\/logrono\/remon-ucles-diazvillanueva-garin\/"},"author":{"name":"Santos Ochoa Logro\u00f1o","@id":"https:\/\/blogs.santosochoa.es\/logrono\/#\/schema\/person\/103664eb8c60fbeea1880c704687c2e3"},"headline":"Alejandra Rem\u00f3n, David Ucl\u00e9s, Fernando D\u00edaz Villanueva y Alberto Gar\u00edn","datePublished":"2024-06-12T09:53:17+00:00","dateModified":"2024-06-12T09:53:19+00:00","mainEntityOfPage":{"@id":"https:\/\/blogs.santosochoa.es\/logrono\/remon-ucles-diazvillanueva-garin\/"},"wordCount":1322,"image":{"@id":"https:\/\/blogs.santosochoa.es\/logrono\/remon-ucles-diazvillanueva-garin\/#primaryimage"},"thumbnailUrl":"https:\/\/blogs.santosochoa.es\/logrono\/wp-content\/uploads\/sites\/2\/2024\/05\/mudanza_alejandra-g-remon.jpg","articleSection":["charla con el autor","charlas","libros","libros do rioja"],"inLanguage":"es"},{"@type":"WebPage","@id":"https:\/\/blogs.santosochoa.es\/logrono\/remon-ucles-diazvillanueva-garin\/","url":"https:\/\/blogs.santosochoa.es\/logrono\/remon-ucles-diazvillanueva-garin\/","name":"Alejandra Rem\u00f3n, David Ucl\u00e9s, Fernando D\u00edaz Villanueva y Alberto Gar\u00edn - Santos Ochoa Logro\u00f1o","isPartOf":{"@id":"https:\/\/blogs.santosochoa.es\/logrono\/#website"},"primaryImageOfPage":{"@id":"https:\/\/blogs.santosochoa.es\/logrono\/remon-ucles-diazvillanueva-garin\/#primaryimage"},"image":{"@id":"https:\/\/blogs.santosochoa.es\/logrono\/remon-ucles-diazvillanueva-garin\/#primaryimage"},"thumbnailUrl":"https:\/\/blogs.santosochoa.es\/logrono\/wp-content\/uploads\/sites\/2\/2024\/05\/mudanza_alejandra-g-remon.jpg","datePublished":"2024-06-12T09:53:17+00:00","dateModified":"2024-06-12T09:53:19+00:00","author":{"@id":"https:\/\/blogs.santosochoa.es\/logrono\/#\/schema\/person\/103664eb8c60fbeea1880c704687c2e3"},"description":"Alejandra Rem\u00f3n, \"Mudanza\". David Ucl\u00e9s, \"La pen\u00ednsula de las casas vac\u00edas\". Fernando D\u00edaz Villanueva y Alberto Gar\u00edn, \"Contra la Revoluci\u00f3n Francesa\".","breadcrumb":{"@id":"https:\/\/blogs.santosochoa.es\/logrono\/remon-ucles-diazvillanueva-garin\/#breadcrumb"},"inLanguage":"es","potentialAction":[{"@type":"ReadAction","target":["https:\/\/blogs.santosochoa.es\/logrono\/remon-ucles-diazvillanueva-garin\/"]}]},{"@type":"ImageObject","inLanguage":"es","@id":"https:\/\/blogs.santosochoa.es\/logrono\/remon-ucles-diazvillanueva-garin\/#primaryimage","url":"https:\/\/blogs.santosochoa.es\/logrono\/wp-content\/uploads\/sites\/2\/2024\/05\/mudanza_alejandra-g-remon.jpg","contentUrl":"https:\/\/blogs.santosochoa.es\/logrono\/wp-content\/uploads\/sites\/2\/2024\/05\/mudanza_alejandra-g-remon.jpg","width":591,"height":902},{"@type":"BreadcrumbList","@id":"https:\/\/blogs.santosochoa.es\/logrono\/remon-ucles-diazvillanueva-garin\/#breadcrumb","itemListElement":[{"@type":"ListItem","position":1,"name":"Home","item":"https:\/\/blogs.santosochoa.es\/logrono\/"},{"@type":"ListItem","position":2,"name":"Alejandra Rem\u00f3n, David Ucl\u00e9s, Fernando D\u00edaz Villanueva y Alberto Gar\u00edn"}]},{"@type":"WebSite","@id":"https:\/\/blogs.santosochoa.es\/logrono\/#website","url":"https:\/\/blogs.santosochoa.es\/logrono\/","name":"Santos Ochoa Logro\u00f1o","description":"Tu Librer\u00eda Online","potentialAction":[{"@type":"SearchAction","target":{"@type":"EntryPoint","urlTemplate":"https:\/\/blogs.santosochoa.es\/logrono\/?s={search_term_string}"},"query-input":{"@type":"PropertyValueSpecification","valueRequired":true,"valueName":"search_term_string"}}],"inLanguage":"es"},{"@type":"Person","@id":"https:\/\/blogs.santosochoa.es\/logrono\/#\/schema\/person\/103664eb8c60fbeea1880c704687c2e3","name":"Santos Ochoa Logro\u00f1o","sameAs":["http:\/\/santosochoa.es","https:\/\/www.facebook.com\/santosochoalog","https:\/\/www.instagram.com\/santosochoalog\/","https:\/\/x.com\/santosochoalog","https:\/\/www.youtube.com\/c\/SantosOchoaLibros"]}]}},"_links":{"self":[{"href":"https:\/\/blogs.santosochoa.es\/logrono\/wp-json\/wp\/v2\/posts\/4313","targetHints":{"allow":["GET"]}}],"collection":[{"href":"https:\/\/blogs.santosochoa.es\/logrono\/wp-json\/wp\/v2\/posts"}],"about":[{"href":"https:\/\/blogs.santosochoa.es\/logrono\/wp-json\/wp\/v2\/types\/post"}],"author":[{"embeddable":true,"href":"https:\/\/blogs.santosochoa.es\/logrono\/wp-json\/wp\/v2\/users\/4"}],"replies":[{"embeddable":true,"href":"https:\/\/blogs.santosochoa.es\/logrono\/wp-json\/wp\/v2\/comments?post=4313"}],"version-history":[{"count":3,"href":"https:\/\/blogs.santosochoa.es\/logrono\/wp-json\/wp\/v2\/posts\/4313\/revisions"}],"predecessor-version":[{"id":4316,"href":"https:\/\/blogs.santosochoa.es\/logrono\/wp-json\/wp\/v2\/posts\/4313\/revisions\/4316"}],"wp:featuredmedia":[{"embeddable":true,"href":"https:\/\/blogs.santosochoa.es\/logrono\/wp-json\/wp\/v2\/media\/4294"}],"wp:attachment":[{"href":"https:\/\/blogs.santosochoa.es\/logrono\/wp-json\/wp\/v2\/media?parent=4313"}],"wp:term":[{"taxonomy":"category","embeddable":true,"href":"https:\/\/blogs.santosochoa.es\/logrono\/wp-json\/wp\/v2\/categories?post=4313"},{"taxonomy":"post_tag","embeddable":true,"href":"https:\/\/blogs.santosochoa.es\/logrono\/wp-json\/wp\/v2\/tags?post=4313"}],"curies":[{"name":"wp","href":"https:\/\/api.w.org\/{rel}","templated":true}]}}