{"id":4164,"date":"2024-02-28T10:59:34","date_gmt":"2024-02-28T09:59:34","guid":{"rendered":"https:\/\/blogs.santosochoa.es\/logrono\/?p=4164"},"modified":"2024-02-28T10:59:36","modified_gmt":"2024-02-28T09:59:36","slug":"silvia-eguiluz-juan-aguilera-isabel-lizarraga-y-raquel-villar","status":"publish","type":"post","link":"https:\/\/blogs.santosochoa.es\/logrono\/silvia-eguiluz-juan-aguilera-isabel-lizarraga-y-raquel-villar\/","title":{"rendered":"Silvia Egu\u00edluz, Juan Aguilera, Isabel Lizarraga y Raquel Villar"},"content":{"rendered":"\n<h2 class=\"wp-block-heading\"><strong>Silvia Egu\u00edluz presenta <em>Vin\u00edcula<\/em>, un relato de horror fermentado entre paisajes, tradici\u00f3n y vi\u00f1edos<\/strong><\/h2>\n\n\n\n<h3 class=\"wp-block-heading\"><strong>Mi\u00e9rcoles 6 de marzo, a las 19:30 h.<\/strong><\/h3>\n\n\n\n<h4 class=\"wp-block-heading\">Santos Ochoa (Calvo Sotelo, 19, Logro\u00f1o)<\/h4>\n\n\n\n<p><strong><em>Tambi\u00e9n en YouTube:<\/em><\/strong> <a href=\"https:\/\/www.youtube.com\/c\/SantosOchoaLibros\" target=\"_blank\" rel=\"noreferrer noopener\">youtube.com\/c\/SantosOchoaLibros<\/a><\/p>\n\n\n\n<div class=\"wp-block-image\"><figure class=\"alignright size-large is-resized\"><a href=\"https:\/\/www.santosochoa.es\/libros\/eguiluz-gonzalez-silvia_vinicula_9788412681369\" target=\"_blank\" rel=\"noopener noreferrer\"><img decoding=\"async\" src=\"https:\/\/blogs.santosochoa.es\/logrono\/wp-content\/uploads\/sites\/2\/2024\/02\/vinicula_Silvia-Eguiluz.jpg\" alt=\"\" class=\"wp-image-4134\" width=\"300\" srcset=\"https:\/\/blogs.santosochoa.es\/logrono\/wp-content\/uploads\/sites\/2\/2024\/02\/vinicula_Silvia-Eguiluz.jpg 591w, https:\/\/blogs.santosochoa.es\/logrono\/wp-content\/uploads\/sites\/2\/2024\/02\/vinicula_Silvia-Eguiluz-204x300.jpg 204w\" sizes=\"(max-width: 591px) 100vw, 591px\" \/><\/a><\/figure><\/div>\n\n\n\n<p>Conversar\u00e1 con la autora el escritor y editor <strong>Francisco Tapia-Fuente<\/strong>.<\/p>\n\n\n\n<h5 class=\"wp-block-heading\"><strong>Haro, La Rioja, 1992<\/strong>. <strong>Oculta tras un muro en una antigua bodega, aparece una cuba cerrada y recubierta de cruces. Su mera presencia irradia un aura de terror y misterio que atrae a un grupo de j\u00f3venes y los incita a descubrir su secreto. Esta curiosidad ser\u00e1 la chispa que d\u00e9 inicio a una espantosa ola de cr\u00edmenes, una org\u00eda sangrienta asociada a una herencia y un linaje malditos.<\/strong><\/h5>\n\n\n\n<p>Silvia Egu\u00edluz Gonz\u00e1lez, autora de novela negra, nos deleita con un relato de horror fermentado entre paisajes, tradici\u00f3n y vi\u00f1edos. Porque toda tierra tiene su propio monstruo\u2026<\/p>\n\n\n\n<p><strong>M.\u00aa Silvia Egu\u00edluz Gonz\u00e1lez<\/strong> es \u00f3ptico-optometrista de profesi\u00f3n y escritora de vocaci\u00f3n. En 2017 publica por primera vez una breve antolog\u00eda de relatos con el t\u00edtulo <em>7 narraciones imposibles y un verso<\/em>. Es en 2019 cuando ve la luz su primera novela, <em>La Maldita de Aquende a Allende<\/em>. Tambi\u00e9n este a\u00f1o resulta ganadora del III premio de literatura ilustrada Villa de Nalda e Islallana con su obra <em>La bruja de Islallana<\/em>. Ha participado en varias antolog\u00edas, como <em>Esp\u00edritu de meiga 2, Meigas en Sama\u00edn, I Antolog\u00eda de relatos de oto\u00f1o<\/em>, o en el libro <em>25 relatos solidarios<\/em>, publicado por el Banco de Alimentos de La Rioja, adem\u00e1s de sendos relatos en <em>El mercader de Venus<\/em>, as\u00ed como en la antolog\u00eda <em>Vi\u00f1as de Marte<\/em>. Sus \u00faltimas obras son <em>Entre garnacha y tempranillo, El bienhechor dormido<\/em> y <em>Mira Randa<\/em>.<\/p>\n\n\n\n<div style=\"height:50px\" aria-hidden=\"true\" class=\"wp-block-spacer\"><\/div>\n\n\n\n<h2 class=\"wp-block-heading\"><strong>Isabel Lizarraga y Juan Aguilera presentan <em>Feminismo, feminidad<\/em>, de Mar\u00eda Lej\u00e1rraga y Gregorio Mart\u00ednez Sierra<\/strong><\/h2>\n\n\n\n<h3 class=\"wp-block-heading\"><strong>Jueves 7 de marzo, a las 19:30 h.<\/strong><\/h3>\n\n\n\n<h4 class=\"wp-block-heading\">Santos Ochoa (Calvo Sotelo, 19, Logro\u00f1o)<\/h4>\n\n\n\n<p><strong><em>Tambi\u00e9n en YouTube:<\/em><\/strong> <a href=\"https:\/\/www.youtube.com\/c\/SantosOchoaLibros\" target=\"_blank\" rel=\"noreferrer noopener\">youtube.com\/c\/SantosOchoaLibros<\/a><\/p>\n\n\n\n<div class=\"wp-block-image\"><figure class=\"alignleft size-large is-resized\"><a href=\"https:\/\/www.santosochoa.es\/libros\/lejarraga-maria-de-la-o-martinez-sierra-gregorio_feminismo-feminidad_9788419791726\" target=\"_blank\" rel=\"noopener noreferrer\"><img decoding=\"async\" src=\"https:\/\/blogs.santosochoa.es\/logrono\/wp-content\/uploads\/sites\/2\/2024\/02\/feminismo-feminidad_maria-lejarraga.jpg\" alt=\"\" class=\"wp-image-4136\" width=\"300\" srcset=\"https:\/\/blogs.santosochoa.es\/logrono\/wp-content\/uploads\/sites\/2\/2024\/02\/feminismo-feminidad_maria-lejarraga.jpg 591w, https:\/\/blogs.santosochoa.es\/logrono\/wp-content\/uploads\/sites\/2\/2024\/02\/feminismo-feminidad_maria-lejarraga-214x300.jpg 214w\" sizes=\"(max-width: 591px) 100vw, 591px\" \/><\/a><\/figure><\/div>\n\n\n\n<h5 class=\"wp-block-heading\"><strong>Tras el \u00e9xito de <em>Cartas a las mujeres de Espa\u00f1a<\/em> (1916), llegaba a las librer\u00edas, apenas un a\u00f1o m\u00e1s tarde, <em>Feminismo, feminidad<\/em> (1917), una nueva recopilaci\u00f3n de textos feministas de Mar\u00eda Lej\u00e1rraga, la mayor parte de ellos publicados previamente con la firma de Gregorio Mart\u00ednez Sierra, como las Cartas, en la secci\u00f3n \u00abLa mujer moderna\u00bb de Blanco y Negro.<\/strong><\/h5>\n\n\n\n<p>Este segundo volumen de la serie persegu\u00eda el mismo prop\u00f3sito que el primero: la divulgaci\u00f3n en Espa\u00f1a del ideario feminista y de sus logros en todo el mundo, as\u00ed como la reflexi\u00f3n cr\u00edtica, siempre desde el optimismo y la esperanza, sobre la realidad de la mujer espa\u00f1ola en aquel momento hist\u00f3rico. <em>\u00abY siempre venimos a parar a lo mismo: saber, saber&#8230;, y es que en nuestros d\u00edas y en nuestra Patria no hay m\u00e1s que una lecci\u00f3n posible&#8230; Saber, estudiar, aprender&#8230; Ciencia y conciencia, lo \u00fanico que ha de salvar a Espa\u00f1a\u00bb.<\/em><\/p>\n\n\n\n<p>M\u00e1s de cien a\u00f1os despu\u00e9s, esta compilaci\u00f3n de textos feministas de Lej\u00e1rraga-Mart\u00ednez Sierra sigue interpelando a las mujeres de Espa\u00f1a de hoy por su modernidad y por su clara visi\u00f3n de la teor\u00eda y de la pr\u00e1ctica del feminismo.<\/p>\n\n\n\n<p><strong>Mar\u00eda de la O Lej\u00e1rraga<\/strong> (San Mill\u00e1n de la Cogolla, 1874-Buenos Aires, 1974). Maestra, novelista, dramaturga, ensayista y traductora; ferviente feminista, activista contra la prostituci\u00f3n legalizada, contra la pena de muerte y contra la guerra y el fascismo; militante socialista y diputada en las Cortes de la Segunda Rep\u00fablica; exiliada, en fin, sin retorno, la mayor parte de su obra de creaci\u00f3n hab\u00eda aparecido en Espa\u00f1a firmada con el nombre de su marido, Gregorio Mart\u00ednez Sierra, cuyos apellidos adoptar\u00eda definitivamente como firma literaria, para ser conocida como Mar\u00eda Mart\u00ednez Sierra hasta su muerte.<\/p>\n\n\n\n<p><strong>Gregorio Mart\u00ednez Sierra<\/strong> (Madrid, 1881-1947), junto a Mar\u00eda de la O Lej\u00e1rraga, compartieron su producci\u00f3n literaria con la \u00fanica firma del marido, incluso desde antes de casarse en 1900. Fueron dos protagonistas esenciales de la historia del Modernismo en Espa\u00f1a, creadores de revistas literarias, novelistas, dramaturgos, libretistas de zarzuela, \u00f3pera y ballet, y autores de algunos de los ensayos feministas m\u00e1s importantes del primer tercio del siglo XX.<\/p>\n\n\n\n<div style=\"height:50px\" aria-hidden=\"true\" class=\"wp-block-spacer\"><\/div>\n\n\n\n<h2 class=\"wp-block-heading\"><strong><strong>Raquel Villar presenta <em>Bajo la piel<\/em>, una trama policiaca que se adentra en los rincones m\u00e1s oscuros<\/strong><\/strong><\/h2>\n\n\n\n<h3 class=\"wp-block-heading\"><strong>Viernes 8 de marzo, a las 19:30 h.<\/strong><\/h3>\n\n\n\n<h4 class=\"wp-block-heading\">Santos Ochoa (Calvo Sotelo, 19, Logro\u00f1o)<\/h4>\n\n\n\n<p><strong><em>Tambi\u00e9n en YouTube:<\/em><\/strong> <a href=\"https:\/\/www.youtube.com\/c\/SantosOchoaLibros\" target=\"_blank\" rel=\"noreferrer noopener\">youtube.com\/c\/SantosOchoaLibros<\/a><\/p>\n\n\n\n<div class=\"wp-block-image\"><figure class=\"alignright size-large is-resized\"><a href=\"https:\/\/www.santosochoa.es\/libros\/villarraquel_bajo-la-piel_9788410082908\" target=\"_blank\" rel=\"noopener noreferrer\"><img decoding=\"async\" src=\"https:\/\/blogs.santosochoa.es\/logrono\/wp-content\/uploads\/sites\/2\/2024\/02\/bajo-la-piel_Raquel-Villar.jpg\" alt=\"\" class=\"wp-image-4138\" width=\"300\" srcset=\"https:\/\/blogs.santosochoa.es\/logrono\/wp-content\/uploads\/sites\/2\/2024\/02\/bajo-la-piel_Raquel-Villar.jpg 591w, https:\/\/blogs.santosochoa.es\/logrono\/wp-content\/uploads\/sites\/2\/2024\/02\/bajo-la-piel_Raquel-Villar-196x300.jpg 196w\" sizes=\"(max-width: 591px) 100vw, 591px\" \/><\/a><\/figure><\/div>\n\n\n\n<p>Conversar\u00e1 con la autora la escritora <strong>Mar A\u00edsa Poderoso<\/strong>.<\/p>\n\n\n\n<h5 class=\"wp-block-heading\"><strong>El sol se qued\u00f3 sin alma aquella madrugada, cuando al desprender sus primeros rayos sobre la fachada de <em>Los Cristalitos<\/em> \u00e9stos se reflejaron sobre el cuerpo sin vida de Pedro Vega, tendido frente a la puerta del majestuoso edificio. Tres cad\u00e1veres de Tu\u00e9 Tu\u00e9s colocados boca arriba alrededor del patriarca, con sus alas extendidas formando una cruz, decoraban con ferocidad la macabra escena. Yac\u00eda en posici\u00f3n dec\u00fabito supino, completamente desnudo y con un bistur\u00ed clavado en el lado izquierdo de su pecho.<\/strong><\/h5>\n\n\n\n<p>No hab\u00eda restos de sangre alrededor, y el color cetrino de su piel denotaba que Pedro Vega llevaba muerto bastantes horas. Cuando Maravillas Vega despert\u00f3 aquella ma\u00f1ana y se asom\u00f3 al balc\u00f3n de su habitaci\u00f3n, un grito ahogado en el m\u00e1s absoluto silencio desgarr\u00f3 el cielo. Minutos despu\u00e9s las sirenas de varias patrullas de polic\u00eda, alertadas por un vecino, irrumpir\u00edan en la escena, para acabar ocultando la ausencia de vida bajo una s\u00e1bana blanca.<\/p>\n\n\n\n<p><em>Bajo la piel<\/em> se adentra en los rincones m\u00e1s secretos de distintos escenarios sociales y emocionales, como son la trata de menores, el alcoholismo o el duelo tras la muerte, a trav\u00e9s de la vida de unos personajes que luchan por salir adelante desde diferentes perspectivas al sufrir una p\u00e9rdida inesperada. Todo ello envuelto en una trama policiaca que te enganchar\u00e1 hasta el \u00faltimo suspiro. Los monstruos tambi\u00e9n necesitan que alguien les cure las heridas.<\/p>\n\n\n\n<p><strong>Raquel Villar Pajares<\/strong>, logro\u00f1esa, es Licenciada en Matem\u00e1ticas, Ingeniera Inform\u00e1tica y Pedagoga Terap\u00e9utica. Apasionada de viajar, del deporte y de la m\u00fasica, compagina su trabajo como profesora con la creaci\u00f3n literaria. Sorprendi\u00f3 con su primera novela&nbsp;<em>La libreta roja<\/em>, escrita con tan s\u00f3lo 18 a\u00f1os de edad, por su gran habilidad al describir las dificultades de la mujer ante el maltrato y recibir apoyo social; en 2013 public\u00f3&nbsp;<em>El inventor de melod\u00edas<\/em>&nbsp;y en 2015 <em>La sonrisa de L\u00faa<\/em>, finalizando as\u00ed una trilog\u00eda de novelas auto-concluyentes. En 2016 dio un giro a su estilo con una prosa m\u00e1s dura y profunda en su cuarta novela&nbsp;<em>El palacio de paredes verdes<\/em>,y en 2018 se adentr\u00f3 en el mundo de la novela policiaca con&nbsp;<em>La voz de las margaritas<\/em>. En 2020 vio la luz, de la mano de Editorial Adarve, su obra m\u00e1s intimista y personal: <em>Entre tu piel y mis grietas<\/em><strong>. <\/strong>En 2021 recibi\u00f3 el \u00c1ccesit del premio internacional Adarve de novela policiaca por su obra <em>El \u00faltimo caj\u00f3n<\/em>, publicada en 2022, a\u00f1o en el que tambi\u00e9n vio la luz su primer poemario, <em>Mar de tinta<\/em>, con el que lleg\u00f3 a las semifinales del programa de televisi\u00f3n Got Talent, recitando algunas de sus poes\u00edas acompa\u00f1ada de la m\u00fasica del cantautor Denorte.<\/p>\n","protected":false},"excerpt":{"rendered":"<p>Silvia Egu\u00edluz presenta \u00abVin\u00edcula\u00bb. Isabel Lizarraga y Juan Aguilera presentan \u00abFeminismo, feminidad\u00bb. Raquel Villar presenta \u00abBajo la piel\u00bb.<\/p>\n","protected":false},"author":4,"featured_media":4166,"comment_status":"closed","ping_status":"closed","sticky":false,"template":"","format":"standard","meta":{"footnotes":""},"categories":[12,13],"tags":[],"class_list":["post-4164","post","type-post","status-publish","format-standard","has-post-thumbnail","hentry","category-libros","category-libros-do-rioja"],"yoast_head":"<!-- This site is optimized with the Yoast SEO plugin v27.2 - https:\/\/yoast.com\/product\/yoast-seo-wordpress\/ -->\n<title>Silvia Egu\u00edluz, Juan Aguilera, Isabel Lizarraga y Raquel Villar - Santos Ochoa Logro\u00f1o<\/title>\n<meta name=\"description\" content=\"Silvia Egu\u00edluz presenta &quot;Vin\u00edcula&quot;. Isabel Lizarraga y Juan Aguilera presentan &quot;Feminismo, feminidad&quot;. Raquel Villar presenta &quot;Bajo la piel&quot;.\" \/>\n<meta name=\"robots\" content=\"index, follow, max-snippet:-1, max-image-preview:large, max-video-preview:-1\" \/>\n<link rel=\"canonical\" href=\"https:\/\/blogs.santosochoa.es\/logrono\/silvia-eguiluz-juan-aguilera-isabel-lizarraga-y-raquel-villar\/\" \/>\n<meta property=\"og:locale\" content=\"es_ES\" \/>\n<meta property=\"og:type\" content=\"article\" \/>\n<meta property=\"og:title\" content=\"Silvia Egu\u00edluz, Juan Aguilera, Isabel Lizarraga y Raquel Villar - Santos Ochoa Logro\u00f1o\" \/>\n<meta property=\"og:description\" content=\"Silvia Egu\u00edluz presenta &quot;Vin\u00edcula&quot;. Isabel Lizarraga y Juan Aguilera presentan &quot;Feminismo, feminidad&quot;. Raquel Villar presenta &quot;Bajo la piel&quot;.\" \/>\n<meta property=\"og:url\" content=\"https:\/\/blogs.santosochoa.es\/logrono\/silvia-eguiluz-juan-aguilera-isabel-lizarraga-y-raquel-villar\/\" \/>\n<meta property=\"og:site_name\" content=\"Santos Ochoa Logro\u00f1o\" \/>\n<meta property=\"article:author\" content=\"https:\/\/www.facebook.com\/santosochoalog\" \/>\n<meta property=\"article:published_time\" content=\"2024-02-28T09:59:34+00:00\" \/>\n<meta property=\"article:modified_time\" content=\"2024-02-28T09:59:36+00:00\" \/>\n<meta property=\"og:image\" content=\"https:\/\/blogs.santosochoa.es\/logrono\/wp-content\/uploads\/sites\/2\/2024\/02\/eguiluz-aguilera-villar.jpg\" \/>\n\t<meta property=\"og:image:width\" content=\"1280\" \/>\n\t<meta property=\"og:image:height\" content=\"720\" \/>\n\t<meta property=\"og:image:type\" content=\"image\/jpeg\" \/>\n<meta name=\"author\" content=\"Santos Ochoa Logro\u00f1o\" \/>\n<meta name=\"twitter:card\" content=\"summary_large_image\" \/>\n<meta name=\"twitter:creator\" content=\"@santosochoalog\" \/>\n<meta name=\"twitter:label1\" content=\"Written by\" \/>\n\t<meta name=\"twitter:data1\" content=\"Santos Ochoa Logro\u00f1o\" \/>\n\t<meta name=\"twitter:label2\" content=\"Est. reading time\" \/>\n\t<meta name=\"twitter:data2\" content=\"6 minutos\" \/>\n<script type=\"application\/ld+json\" class=\"yoast-schema-graph\">{\"@context\":\"https:\/\/schema.org\",\"@graph\":[{\"@type\":\"Article\",\"@id\":\"https:\/\/blogs.santosochoa.es\/logrono\/silvia-eguiluz-juan-aguilera-isabel-lizarraga-y-raquel-villar\/#article\",\"isPartOf\":{\"@id\":\"https:\/\/blogs.santosochoa.es\/logrono\/silvia-eguiluz-juan-aguilera-isabel-lizarraga-y-raquel-villar\/\"},\"author\":{\"name\":\"Santos Ochoa Logro\u00f1o\",\"@id\":\"https:\/\/blogs.santosochoa.es\/logrono\/#\/schema\/person\/103664eb8c60fbeea1880c704687c2e3\"},\"headline\":\"Silvia Egu\u00edluz, Juan Aguilera, Isabel Lizarraga y Raquel Villar\",\"datePublished\":\"2024-02-28T09:59:34+00:00\",\"dateModified\":\"2024-02-28T09:59:36+00:00\",\"mainEntityOfPage\":{\"@id\":\"https:\/\/blogs.santosochoa.es\/logrono\/silvia-eguiluz-juan-aguilera-isabel-lizarraga-y-raquel-villar\/\"},\"wordCount\":1268,\"image\":{\"@id\":\"https:\/\/blogs.santosochoa.es\/logrono\/silvia-eguiluz-juan-aguilera-isabel-lizarraga-y-raquel-villar\/#primaryimage\"},\"thumbnailUrl\":\"https:\/\/blogs.santosochoa.es\/logrono\/wp-content\/uploads\/sites\/2\/2024\/02\/eguiluz-aguilera-villar.jpg\",\"articleSection\":[\"libros\",\"libros do rioja\"],\"inLanguage\":\"es\"},{\"@type\":\"WebPage\",\"@id\":\"https:\/\/blogs.santosochoa.es\/logrono\/silvia-eguiluz-juan-aguilera-isabel-lizarraga-y-raquel-villar\/\",\"url\":\"https:\/\/blogs.santosochoa.es\/logrono\/silvia-eguiluz-juan-aguilera-isabel-lizarraga-y-raquel-villar\/\",\"name\":\"Silvia Egu\u00edluz, Juan Aguilera, Isabel Lizarraga y Raquel Villar - Santos Ochoa Logro\u00f1o\",\"isPartOf\":{\"@id\":\"https:\/\/blogs.santosochoa.es\/logrono\/#website\"},\"primaryImageOfPage\":{\"@id\":\"https:\/\/blogs.santosochoa.es\/logrono\/silvia-eguiluz-juan-aguilera-isabel-lizarraga-y-raquel-villar\/#primaryimage\"},\"image\":{\"@id\":\"https:\/\/blogs.santosochoa.es\/logrono\/silvia-eguiluz-juan-aguilera-isabel-lizarraga-y-raquel-villar\/#primaryimage\"},\"thumbnailUrl\":\"https:\/\/blogs.santosochoa.es\/logrono\/wp-content\/uploads\/sites\/2\/2024\/02\/eguiluz-aguilera-villar.jpg\",\"datePublished\":\"2024-02-28T09:59:34+00:00\",\"dateModified\":\"2024-02-28T09:59:36+00:00\",\"author\":{\"@id\":\"https:\/\/blogs.santosochoa.es\/logrono\/#\/schema\/person\/103664eb8c60fbeea1880c704687c2e3\"},\"description\":\"Silvia Egu\u00edluz presenta \\\"Vin\u00edcula\\\". Isabel Lizarraga y Juan Aguilera presentan \\\"Feminismo, feminidad\\\". Raquel Villar presenta \\\"Bajo la piel\\\".\",\"breadcrumb\":{\"@id\":\"https:\/\/blogs.santosochoa.es\/logrono\/silvia-eguiluz-juan-aguilera-isabel-lizarraga-y-raquel-villar\/#breadcrumb\"},\"inLanguage\":\"es\",\"potentialAction\":[{\"@type\":\"ReadAction\",\"target\":[\"https:\/\/blogs.santosochoa.es\/logrono\/silvia-eguiluz-juan-aguilera-isabel-lizarraga-y-raquel-villar\/\"]}]},{\"@type\":\"ImageObject\",\"inLanguage\":\"es\",\"@id\":\"https:\/\/blogs.santosochoa.es\/logrono\/silvia-eguiluz-juan-aguilera-isabel-lizarraga-y-raquel-villar\/#primaryimage\",\"url\":\"https:\/\/blogs.santosochoa.es\/logrono\/wp-content\/uploads\/sites\/2\/2024\/02\/eguiluz-aguilera-villar.jpg\",\"contentUrl\":\"https:\/\/blogs.santosochoa.es\/logrono\/wp-content\/uploads\/sites\/2\/2024\/02\/eguiluz-aguilera-villar.jpg\",\"width\":1280,\"height\":720},{\"@type\":\"BreadcrumbList\",\"@id\":\"https:\/\/blogs.santosochoa.es\/logrono\/silvia-eguiluz-juan-aguilera-isabel-lizarraga-y-raquel-villar\/#breadcrumb\",\"itemListElement\":[{\"@type\":\"ListItem\",\"position\":1,\"name\":\"Home\",\"item\":\"https:\/\/blogs.santosochoa.es\/logrono\/\"},{\"@type\":\"ListItem\",\"position\":2,\"name\":\"Silvia Egu\u00edluz, Juan Aguilera, Isabel Lizarraga y Raquel Villar\"}]},{\"@type\":\"WebSite\",\"@id\":\"https:\/\/blogs.santosochoa.es\/logrono\/#website\",\"url\":\"https:\/\/blogs.santosochoa.es\/logrono\/\",\"name\":\"Santos Ochoa Logro\u00f1o\",\"description\":\"Tu Librer\u00eda Online\",\"potentialAction\":[{\"@type\":\"SearchAction\",\"target\":{\"@type\":\"EntryPoint\",\"urlTemplate\":\"https:\/\/blogs.santosochoa.es\/logrono\/?s={search_term_string}\"},\"query-input\":{\"@type\":\"PropertyValueSpecification\",\"valueRequired\":true,\"valueName\":\"search_term_string\"}}],\"inLanguage\":\"es\"},{\"@type\":\"Person\",\"@id\":\"https:\/\/blogs.santosochoa.es\/logrono\/#\/schema\/person\/103664eb8c60fbeea1880c704687c2e3\",\"name\":\"Santos Ochoa Logro\u00f1o\",\"sameAs\":[\"http:\/\/santosochoa.es\",\"https:\/\/www.facebook.com\/santosochoalog\",\"https:\/\/www.instagram.com\/santosochoalog\/\",\"https:\/\/x.com\/santosochoalog\",\"https:\/\/www.youtube.com\/c\/SantosOchoaLibros\"]}]}<\/script>\n<!-- \/ Yoast SEO plugin. -->","yoast_head_json":{"title":"Silvia Egu\u00edluz, Juan Aguilera, Isabel Lizarraga y Raquel Villar - Santos Ochoa Logro\u00f1o","description":"Silvia Egu\u00edluz presenta \"Vin\u00edcula\". Isabel Lizarraga y Juan Aguilera presentan \"Feminismo, feminidad\". Raquel Villar presenta \"Bajo la piel\".","robots":{"index":"index","follow":"follow","max-snippet":"max-snippet:-1","max-image-preview":"max-image-preview:large","max-video-preview":"max-video-preview:-1"},"canonical":"https:\/\/blogs.santosochoa.es\/logrono\/silvia-eguiluz-juan-aguilera-isabel-lizarraga-y-raquel-villar\/","og_locale":"es_ES","og_type":"article","og_title":"Silvia Egu\u00edluz, Juan Aguilera, Isabel Lizarraga y Raquel Villar - Santos Ochoa Logro\u00f1o","og_description":"Silvia Egu\u00edluz presenta \"Vin\u00edcula\". Isabel Lizarraga y Juan Aguilera presentan \"Feminismo, feminidad\". Raquel Villar presenta \"Bajo la piel\".","og_url":"https:\/\/blogs.santosochoa.es\/logrono\/silvia-eguiluz-juan-aguilera-isabel-lizarraga-y-raquel-villar\/","og_site_name":"Santos Ochoa Logro\u00f1o","article_author":"https:\/\/www.facebook.com\/santosochoalog","article_published_time":"2024-02-28T09:59:34+00:00","article_modified_time":"2024-02-28T09:59:36+00:00","og_image":[{"width":1280,"height":720,"url":"https:\/\/blogs.santosochoa.es\/logrono\/wp-content\/uploads\/sites\/2\/2024\/02\/eguiluz-aguilera-villar.jpg","type":"image\/jpeg"}],"author":"Santos Ochoa Logro\u00f1o","twitter_card":"summary_large_image","twitter_creator":"@santosochoalog","twitter_misc":{"Written by":"Santos Ochoa Logro\u00f1o","Est. reading time":"6 minutos"},"schema":{"@context":"https:\/\/schema.org","@graph":[{"@type":"Article","@id":"https:\/\/blogs.santosochoa.es\/logrono\/silvia-eguiluz-juan-aguilera-isabel-lizarraga-y-raquel-villar\/#article","isPartOf":{"@id":"https:\/\/blogs.santosochoa.es\/logrono\/silvia-eguiluz-juan-aguilera-isabel-lizarraga-y-raquel-villar\/"},"author":{"name":"Santos Ochoa Logro\u00f1o","@id":"https:\/\/blogs.santosochoa.es\/logrono\/#\/schema\/person\/103664eb8c60fbeea1880c704687c2e3"},"headline":"Silvia Egu\u00edluz, Juan Aguilera, Isabel Lizarraga y Raquel Villar","datePublished":"2024-02-28T09:59:34+00:00","dateModified":"2024-02-28T09:59:36+00:00","mainEntityOfPage":{"@id":"https:\/\/blogs.santosochoa.es\/logrono\/silvia-eguiluz-juan-aguilera-isabel-lizarraga-y-raquel-villar\/"},"wordCount":1268,"image":{"@id":"https:\/\/blogs.santosochoa.es\/logrono\/silvia-eguiluz-juan-aguilera-isabel-lizarraga-y-raquel-villar\/#primaryimage"},"thumbnailUrl":"https:\/\/blogs.santosochoa.es\/logrono\/wp-content\/uploads\/sites\/2\/2024\/02\/eguiluz-aguilera-villar.jpg","articleSection":["libros","libros do rioja"],"inLanguage":"es"},{"@type":"WebPage","@id":"https:\/\/blogs.santosochoa.es\/logrono\/silvia-eguiluz-juan-aguilera-isabel-lizarraga-y-raquel-villar\/","url":"https:\/\/blogs.santosochoa.es\/logrono\/silvia-eguiluz-juan-aguilera-isabel-lizarraga-y-raquel-villar\/","name":"Silvia Egu\u00edluz, Juan Aguilera, Isabel Lizarraga y Raquel Villar - Santos Ochoa Logro\u00f1o","isPartOf":{"@id":"https:\/\/blogs.santosochoa.es\/logrono\/#website"},"primaryImageOfPage":{"@id":"https:\/\/blogs.santosochoa.es\/logrono\/silvia-eguiluz-juan-aguilera-isabel-lizarraga-y-raquel-villar\/#primaryimage"},"image":{"@id":"https:\/\/blogs.santosochoa.es\/logrono\/silvia-eguiluz-juan-aguilera-isabel-lizarraga-y-raquel-villar\/#primaryimage"},"thumbnailUrl":"https:\/\/blogs.santosochoa.es\/logrono\/wp-content\/uploads\/sites\/2\/2024\/02\/eguiluz-aguilera-villar.jpg","datePublished":"2024-02-28T09:59:34+00:00","dateModified":"2024-02-28T09:59:36+00:00","author":{"@id":"https:\/\/blogs.santosochoa.es\/logrono\/#\/schema\/person\/103664eb8c60fbeea1880c704687c2e3"},"description":"Silvia Egu\u00edluz presenta \"Vin\u00edcula\". Isabel Lizarraga y Juan Aguilera presentan \"Feminismo, feminidad\". Raquel Villar presenta \"Bajo la piel\".","breadcrumb":{"@id":"https:\/\/blogs.santosochoa.es\/logrono\/silvia-eguiluz-juan-aguilera-isabel-lizarraga-y-raquel-villar\/#breadcrumb"},"inLanguage":"es","potentialAction":[{"@type":"ReadAction","target":["https:\/\/blogs.santosochoa.es\/logrono\/silvia-eguiluz-juan-aguilera-isabel-lizarraga-y-raquel-villar\/"]}]},{"@type":"ImageObject","inLanguage":"es","@id":"https:\/\/blogs.santosochoa.es\/logrono\/silvia-eguiluz-juan-aguilera-isabel-lizarraga-y-raquel-villar\/#primaryimage","url":"https:\/\/blogs.santosochoa.es\/logrono\/wp-content\/uploads\/sites\/2\/2024\/02\/eguiluz-aguilera-villar.jpg","contentUrl":"https:\/\/blogs.santosochoa.es\/logrono\/wp-content\/uploads\/sites\/2\/2024\/02\/eguiluz-aguilera-villar.jpg","width":1280,"height":720},{"@type":"BreadcrumbList","@id":"https:\/\/blogs.santosochoa.es\/logrono\/silvia-eguiluz-juan-aguilera-isabel-lizarraga-y-raquel-villar\/#breadcrumb","itemListElement":[{"@type":"ListItem","position":1,"name":"Home","item":"https:\/\/blogs.santosochoa.es\/logrono\/"},{"@type":"ListItem","position":2,"name":"Silvia Egu\u00edluz, Juan Aguilera, Isabel Lizarraga y Raquel Villar"}]},{"@type":"WebSite","@id":"https:\/\/blogs.santosochoa.es\/logrono\/#website","url":"https:\/\/blogs.santosochoa.es\/logrono\/","name":"Santos Ochoa Logro\u00f1o","description":"Tu Librer\u00eda Online","potentialAction":[{"@type":"SearchAction","target":{"@type":"EntryPoint","urlTemplate":"https:\/\/blogs.santosochoa.es\/logrono\/?s={search_term_string}"},"query-input":{"@type":"PropertyValueSpecification","valueRequired":true,"valueName":"search_term_string"}}],"inLanguage":"es"},{"@type":"Person","@id":"https:\/\/blogs.santosochoa.es\/logrono\/#\/schema\/person\/103664eb8c60fbeea1880c704687c2e3","name":"Santos Ochoa Logro\u00f1o","sameAs":["http:\/\/santosochoa.es","https:\/\/www.facebook.com\/santosochoalog","https:\/\/www.instagram.com\/santosochoalog\/","https:\/\/x.com\/santosochoalog","https:\/\/www.youtube.com\/c\/SantosOchoaLibros"]}]}},"_links":{"self":[{"href":"https:\/\/blogs.santosochoa.es\/logrono\/wp-json\/wp\/v2\/posts\/4164","targetHints":{"allow":["GET"]}}],"collection":[{"href":"https:\/\/blogs.santosochoa.es\/logrono\/wp-json\/wp\/v2\/posts"}],"about":[{"href":"https:\/\/blogs.santosochoa.es\/logrono\/wp-json\/wp\/v2\/types\/post"}],"author":[{"embeddable":true,"href":"https:\/\/blogs.santosochoa.es\/logrono\/wp-json\/wp\/v2\/users\/4"}],"replies":[{"embeddable":true,"href":"https:\/\/blogs.santosochoa.es\/logrono\/wp-json\/wp\/v2\/comments?post=4164"}],"version-history":[{"count":2,"href":"https:\/\/blogs.santosochoa.es\/logrono\/wp-json\/wp\/v2\/posts\/4164\/revisions"}],"predecessor-version":[{"id":4168,"href":"https:\/\/blogs.santosochoa.es\/logrono\/wp-json\/wp\/v2\/posts\/4164\/revisions\/4168"}],"wp:featuredmedia":[{"embeddable":true,"href":"https:\/\/blogs.santosochoa.es\/logrono\/wp-json\/wp\/v2\/media\/4166"}],"wp:attachment":[{"href":"https:\/\/blogs.santosochoa.es\/logrono\/wp-json\/wp\/v2\/media?parent=4164"}],"wp:term":[{"taxonomy":"category","embeddable":true,"href":"https:\/\/blogs.santosochoa.es\/logrono\/wp-json\/wp\/v2\/categories?post=4164"},{"taxonomy":"post_tag","embeddable":true,"href":"https:\/\/blogs.santosochoa.es\/logrono\/wp-json\/wp\/v2\/tags?post=4164"}],"curies":[{"name":"wp","href":"https:\/\/api.w.org\/{rel}","templated":true}]}}