{"id":4109,"date":"2024-01-24T12:54:47","date_gmt":"2024-01-24T11:54:47","guid":{"rendered":"https:\/\/blogs.santosochoa.es\/logrono\/?p=4109"},"modified":"2024-01-24T12:58:10","modified_gmt":"2024-01-24T11:58:10","slug":"carlos-aurensanz-e-isabel-hualde","status":"publish","type":"post","link":"https:\/\/blogs.santosochoa.es\/logrono\/carlos-aurensanz-e-isabel-hualde\/","title":{"rendered":"Carlos Aurensanz e Isabel Hualde"},"content":{"rendered":"\n<h2 class=\"wp-block-heading\"><strong>[Charla con el Autor] Carlos Aurensanz y <em>El cementerio de cristal.<\/em> Una fuga hist\u00f3rica narrada a ritmo de thriller<\/strong><\/h2>\n\n\n\n<h3 class=\"wp-block-heading\"><strong>Mi\u00e9rcoles 31 de enero<\/strong><strong>, a las 19:30 h.<\/strong><\/h3>\n\n\n\n<h4 class=\"wp-block-heading\">Santos Ochoa (Calvo Sotelo, 19, Logro\u00f1o)<\/h4>\n\n\n\n<p><strong><em>Tambi\u00e9n en YouTube:<\/em><\/strong> <a href=\"https:\/\/www.youtube.com\/c\/SantosOchoaLibros\" target=\"_blank\" rel=\"noreferrer noopener\">youtube.com\/c\/SantosOchoaLibros<\/a><\/p>\n\n\n\n<div class=\"wp-block-image\"><figure class=\"alignright size-large is-resized\"><a href=\"https:\/\/www.santosochoa.es\/libros\/aurensanz-carlos_el-cementerio-de-cristal_9788466673648\" target=\"_blank\" rel=\"noopener noreferrer\"><img decoding=\"async\" src=\"https:\/\/blogs.santosochoa.es\/logrono\/wp-content\/uploads\/sites\/2\/2023\/12\/el-cementerio-de-cristal.jpg\" alt=\"\" class=\"wp-image-4072\" width=\"300\" srcset=\"https:\/\/blogs.santosochoa.es\/logrono\/wp-content\/uploads\/sites\/2\/2023\/12\/el-cementerio-de-cristal.jpg 591w, https:\/\/blogs.santosochoa.es\/logrono\/wp-content\/uploads\/sites\/2\/2023\/12\/el-cementerio-de-cristal-198x300.jpg 198w\" sizes=\"(max-width: 591px) 100vw, 591px\" \/><\/a><\/figure><\/div>\n\n\n\n<h5 class=\"wp-block-heading\"><strong>22 de mayo de 1938. Miles de hombres permanecen presos en el interior del penal de San Crist\u00f3bal. Tras sus muros, la Guerra Civil destruye sin piedad la vida de un pa\u00eds&#8230; Sin embargo ese domingo, festividad de Santa Rita, la patrona de los imposibles, algo est\u00e1 a punto de suceder: una fuga masiva abre una ventana a la esperanza.<\/strong><\/h5>\n\n\n\n<p>Esta novela arranca solo dos a\u00f1os antes, en 1936, cuando la guerra separa a dos j\u00f3venes enamorados. \u00c9l, como la mayor\u00eda de los presos, est\u00e1 encerrado en el penal por motivos pol\u00edticos; ella, en cambio, debe quedarse en el pueblo, testimonio de una guerra que crece y crece a su alrededor. Mientras ella hace todo lo posible por volver a verle, un secreto guardado durante demasiado tiempo sale a la luz y \u00e9l decidir\u00e1 escuchar con atenci\u00f3n los peligrosos rumores que recorren los pasillos de San Crist\u00f3bal. Es entonces cuando empieza la cuenta atr\u00e1s para una huida fren\u00e9tica que solo deja dos posibilidades de futuro: la libertad o el cementerio de cristal.<\/p>\n\n\n\n<p><strong>Carlos Aurensanz firma, con el rigor hist\u00f3rico que le caracteriza, una de sus novelas m\u00e1s emotivas y emocionantes. El autor de <em>El tejido de los d\u00edas<\/em> rinde homenaje a todos los valientes que nos demostraron que lo m\u00e1s preciado de la vida es aquello por lo que estar\u00edamos dispuestos a morir.<\/strong><\/p>\n\n\n\n<p><strong>Carlos Aurensanz<\/strong>&nbsp;es licenciado en Veterinaria por la Universidad de Zaragoza y desarrolla su actividad profesional en el campo de la salud p\u00fablica.<\/p>\n\n\n\n<p>En 2009 sali\u00f3 a la luz su primera novela&nbsp;<em>Banu Qasi. Los hijos de Casio<\/em>, a la que le siguieron&nbsp;<em>Banu Qasi. La guerra de Al \u00c1ndalus&nbsp;<\/em>y&nbsp;<em>Banu Qasi. La hora del califa<\/em>. Esta trilog\u00eda le ha valido un amplio reconocimiento por parte del p\u00fablico y la cr\u00edtica, que no ha dudado en considerarlo uno de los autores m\u00e1s importantes de la narrativa hist\u00f3rica en nuestro pa\u00eds. En 2015 public\u00f3&nbsp;<em>La puerta pintada<\/em>, una historia de suspense que lo consagr\u00f3 como un autor polifac\u00e9tico, capaz de adentrarse en cualquier g\u00e9nero narrativo, algo que ratific\u00f3 en 2021 con la saga familiar&nbsp;<em>El tejido de los d\u00edas<\/em>. En&nbsp;<em>El cementerio de cristal&nbsp;<\/em>se condensa todo su potencial narrativo: el del rigor hist\u00f3rico, la novela con tensi\u00f3n y una magn\u00edfica capacidad de creaci\u00f3n de personajes.<\/p>\n\n\n\n<div style=\"height:50px\" aria-hidden=\"true\" class=\"wp-block-spacer\"><\/div>\n\n\n\n<h2 class=\"wp-block-heading\"><strong>Poes\u00eda con Isabel Hualde. Presentaci\u00f3n y recital de su \u00faltimo libro <em>C\u00f3digo Deontol\u00f3gico<\/em><\/strong><\/h2>\n\n\n\n<h3 class=\"wp-block-heading\"><strong>Jueves 1 de febrero<\/strong><strong>, a las 19:30 h.<\/strong><\/h3>\n\n\n\n<h4 class=\"wp-block-heading\">Santos Ochoa (Calvo Sotelo, 19, Logro\u00f1o)<\/h4>\n\n\n\n<p><strong><em>Tambi\u00e9n en YouTube:<\/em><\/strong> <a href=\"https:\/\/www.youtube.com\/c\/SantosOchoaLibros\" target=\"_blank\" rel=\"noreferrer noopener\">youtube.com\/c\/SantosOchoaLibros<\/a><\/p>\n\n\n\n<div class=\"wp-block-image\"><figure class=\"alignleft size-large is-resized\"><a href=\"https:\/\/www.santosochoa.es\/libros\/hualde-isabel-garro-oihana-il_codigo-deontologico_9788412628227\" target=\"_blank\" rel=\"noopener noreferrer\"><img decoding=\"async\" src=\"https:\/\/blogs.santosochoa.es\/logrono\/wp-content\/uploads\/sites\/2\/2023\/12\/codigo-deontologico_isabel-hualde.jpg\" alt=\"\" class=\"wp-image-4074\" width=\"300\" srcset=\"https:\/\/blogs.santosochoa.es\/logrono\/wp-content\/uploads\/sites\/2\/2023\/12\/codigo-deontologico_isabel-hualde.jpg 591w, https:\/\/blogs.santosochoa.es\/logrono\/wp-content\/uploads\/sites\/2\/2023\/12\/codigo-deontologico_isabel-hualde-186x300.jpg 186w\" sizes=\"(max-width: 591px) 100vw, 591px\" \/><\/a><\/figure><\/div>\n\n\n\n<p>Charlar\u00e1n con la autora los poetas <strong>Sonia And\u00fajar<\/strong> y <strong>Enrique Cabez\u00f3n<\/strong>.<\/p>\n\n\n\n<h5 class=\"wp-block-heading\"><strong><em>C\u00f3digo Deontol\u00f3gico<\/em> es un poemario que va tejiendo una red de murmullos y de gritos, de luz y de noche, pero sobre todo es un escaparate a un mundo a menudo invisible. Entre las p\u00e1ginas del libro caminan, entre otros, ardillas, lobos, perros, lagartijas, luci\u00e9rnagas, ballenas\u2026 y belleza, una belleza doliente, una belleza que cruje, que se aleja del silencio obligado para hacerse escuchar con voz \u00e1gil y luminosa [\u2026] consiguiendo que por un momento la vida de los otros seres sea tambi\u00e9n la nuestra.<\/strong><\/h5>\n\n\n\n<p>(Del pr\u00f3logo de Marta Navarro)<\/p>\n\n\n\n<p><strong>Isabel Hualde<\/strong> ha publicado <em>El juego y el vuelo, El entramado luminoso, Cisne azul o cisne negro, El ojo cegado, Reconstrucciones,&nbsp; Caminar horas, Ashwayats <\/em>y<em> C\u00f3digo deontol\u00f3gico<\/em>. Su obra ha sido traducida al euskera, franc\u00e9s, \u00e1rabe y neerland\u00e9s, siendo incluida en una treintena de antolog\u00edas po\u00e9ticas y de microrelatos.<\/p>\n\n\n\n<p>Es impulsora de los proyectos literarios \u201cconlalunaporsombrero\u201d (Lumbier), Taller de poes\u00eda f\u00e1cil en Anfas, y colaboradora en el proyecto por la inclusi\u00f3n \u201cSomos esp@ciales\u201d (Sang\u00fcesa).<\/p>\n","protected":false},"excerpt":{"rendered":"<p>[Charla con el Autor] Carlos Aurensanz y \u00abEl cementerio de cristal\u00bb. Poes\u00eda con Isabel Hualde. Presentaci\u00f3n y recital de su libro \u00abC\u00f3digo Deontol\u00f3gico\u00bb.<\/p>\n","protected":false},"author":4,"featured_media":4072,"comment_status":"closed","ping_status":"closed","sticky":false,"template":"","format":"standard","meta":{"footnotes":""},"categories":[14,12,11],"tags":[],"class_list":["post-4109","post","type-post","status-publish","format-standard","has-post-thumbnail","hentry","category-charla-con-el-autor","category-libros","category-poesia"],"yoast_head":"<!-- This site is optimized with the Yoast SEO plugin v27.2 - https:\/\/yoast.com\/product\/yoast-seo-wordpress\/ -->\n<title>Carlos Aurensanz e Isabel Hualde - Santos Ochoa Logro\u00f1o<\/title>\n<meta name=\"description\" content=\"[Charla con el Autor] Carlos Aurensanz y &quot;El cementerio de cristal&quot;. Poes\u00eda con Isabel Hualde. Presentaci\u00f3n y recital de su libro &quot;C\u00f3digo Deontol\u00f3gico&quot;.\" \/>\n<meta name=\"robots\" content=\"index, follow, max-snippet:-1, max-image-preview:large, max-video-preview:-1\" \/>\n<link rel=\"canonical\" href=\"https:\/\/blogs.santosochoa.es\/logrono\/carlos-aurensanz-e-isabel-hualde\/\" \/>\n<meta property=\"og:locale\" content=\"es_ES\" \/>\n<meta property=\"og:type\" content=\"article\" \/>\n<meta property=\"og:title\" content=\"Carlos Aurensanz e Isabel Hualde - Santos Ochoa Logro\u00f1o\" \/>\n<meta property=\"og:description\" content=\"[Charla con el Autor] Carlos Aurensanz y &quot;El cementerio de cristal&quot;. Poes\u00eda con Isabel Hualde. Presentaci\u00f3n y recital de su libro &quot;C\u00f3digo Deontol\u00f3gico&quot;.\" \/>\n<meta property=\"og:url\" content=\"https:\/\/blogs.santosochoa.es\/logrono\/carlos-aurensanz-e-isabel-hualde\/\" \/>\n<meta property=\"og:site_name\" content=\"Santos Ochoa Logro\u00f1o\" \/>\n<meta property=\"article:author\" content=\"https:\/\/www.facebook.com\/santosochoalog\" \/>\n<meta property=\"article:published_time\" content=\"2024-01-24T11:54:47+00:00\" \/>\n<meta property=\"article:modified_time\" content=\"2024-01-24T11:58:10+00:00\" \/>\n<meta property=\"og:image\" content=\"https:\/\/blogs.santosochoa.es\/logrono\/wp-content\/uploads\/sites\/2\/2023\/12\/el-cementerio-de-cristal.jpg\" \/>\n\t<meta property=\"og:image:width\" content=\"591\" \/>\n\t<meta property=\"og:image:height\" content=\"895\" \/>\n\t<meta property=\"og:image:type\" content=\"image\/jpeg\" \/>\n<meta name=\"author\" content=\"Santos Ochoa Logro\u00f1o\" \/>\n<meta name=\"twitter:card\" content=\"summary_large_image\" \/>\n<meta name=\"twitter:creator\" content=\"@santosochoalog\" \/>\n<meta name=\"twitter:label1\" content=\"Written by\" \/>\n\t<meta name=\"twitter:data1\" content=\"Santos Ochoa Logro\u00f1o\" \/>\n\t<meta name=\"twitter:label2\" content=\"Est. reading time\" \/>\n\t<meta name=\"twitter:data2\" content=\"3 minutos\" \/>\n<script type=\"application\/ld+json\" class=\"yoast-schema-graph\">{\"@context\":\"https:\/\/schema.org\",\"@graph\":[{\"@type\":\"Article\",\"@id\":\"https:\/\/blogs.santosochoa.es\/logrono\/carlos-aurensanz-e-isabel-hualde\/#article\",\"isPartOf\":{\"@id\":\"https:\/\/blogs.santosochoa.es\/logrono\/carlos-aurensanz-e-isabel-hualde\/\"},\"author\":{\"name\":\"Santos Ochoa Logro\u00f1o\",\"@id\":\"https:\/\/blogs.santosochoa.es\/logrono\/#\/schema\/person\/103664eb8c60fbeea1880c704687c2e3\"},\"headline\":\"Carlos Aurensanz e Isabel Hualde\",\"datePublished\":\"2024-01-24T11:54:47+00:00\",\"dateModified\":\"2024-01-24T11:58:10+00:00\",\"mainEntityOfPage\":{\"@id\":\"https:\/\/blogs.santosochoa.es\/logrono\/carlos-aurensanz-e-isabel-hualde\/\"},\"wordCount\":689,\"image\":{\"@id\":\"https:\/\/blogs.santosochoa.es\/logrono\/carlos-aurensanz-e-isabel-hualde\/#primaryimage\"},\"thumbnailUrl\":\"https:\/\/blogs.santosochoa.es\/logrono\/wp-content\/uploads\/sites\/2\/2023\/12\/el-cementerio-de-cristal.jpg\",\"articleSection\":[\"charla con el autor\",\"libros\",\"poes\u00eda\"],\"inLanguage\":\"es\"},{\"@type\":\"WebPage\",\"@id\":\"https:\/\/blogs.santosochoa.es\/logrono\/carlos-aurensanz-e-isabel-hualde\/\",\"url\":\"https:\/\/blogs.santosochoa.es\/logrono\/carlos-aurensanz-e-isabel-hualde\/\",\"name\":\"Carlos Aurensanz e Isabel Hualde - Santos Ochoa Logro\u00f1o\",\"isPartOf\":{\"@id\":\"https:\/\/blogs.santosochoa.es\/logrono\/#website\"},\"primaryImageOfPage\":{\"@id\":\"https:\/\/blogs.santosochoa.es\/logrono\/carlos-aurensanz-e-isabel-hualde\/#primaryimage\"},\"image\":{\"@id\":\"https:\/\/blogs.santosochoa.es\/logrono\/carlos-aurensanz-e-isabel-hualde\/#primaryimage\"},\"thumbnailUrl\":\"https:\/\/blogs.santosochoa.es\/logrono\/wp-content\/uploads\/sites\/2\/2023\/12\/el-cementerio-de-cristal.jpg\",\"datePublished\":\"2024-01-24T11:54:47+00:00\",\"dateModified\":\"2024-01-24T11:58:10+00:00\",\"author\":{\"@id\":\"https:\/\/blogs.santosochoa.es\/logrono\/#\/schema\/person\/103664eb8c60fbeea1880c704687c2e3\"},\"description\":\"[Charla con el Autor] Carlos Aurensanz y \\\"El cementerio de cristal\\\". Poes\u00eda con Isabel Hualde. Presentaci\u00f3n y recital de su libro \\\"C\u00f3digo Deontol\u00f3gico\\\".\",\"breadcrumb\":{\"@id\":\"https:\/\/blogs.santosochoa.es\/logrono\/carlos-aurensanz-e-isabel-hualde\/#breadcrumb\"},\"inLanguage\":\"es\",\"potentialAction\":[{\"@type\":\"ReadAction\",\"target\":[\"https:\/\/blogs.santosochoa.es\/logrono\/carlos-aurensanz-e-isabel-hualde\/\"]}]},{\"@type\":\"ImageObject\",\"inLanguage\":\"es\",\"@id\":\"https:\/\/blogs.santosochoa.es\/logrono\/carlos-aurensanz-e-isabel-hualde\/#primaryimage\",\"url\":\"https:\/\/blogs.santosochoa.es\/logrono\/wp-content\/uploads\/sites\/2\/2023\/12\/el-cementerio-de-cristal.jpg\",\"contentUrl\":\"https:\/\/blogs.santosochoa.es\/logrono\/wp-content\/uploads\/sites\/2\/2023\/12\/el-cementerio-de-cristal.jpg\",\"width\":591,\"height\":895},{\"@type\":\"BreadcrumbList\",\"@id\":\"https:\/\/blogs.santosochoa.es\/logrono\/carlos-aurensanz-e-isabel-hualde\/#breadcrumb\",\"itemListElement\":[{\"@type\":\"ListItem\",\"position\":1,\"name\":\"Home\",\"item\":\"https:\/\/blogs.santosochoa.es\/logrono\/\"},{\"@type\":\"ListItem\",\"position\":2,\"name\":\"Carlos Aurensanz e Isabel Hualde\"}]},{\"@type\":\"WebSite\",\"@id\":\"https:\/\/blogs.santosochoa.es\/logrono\/#website\",\"url\":\"https:\/\/blogs.santosochoa.es\/logrono\/\",\"name\":\"Santos Ochoa Logro\u00f1o\",\"description\":\"Tu Librer\u00eda Online\",\"potentialAction\":[{\"@type\":\"SearchAction\",\"target\":{\"@type\":\"EntryPoint\",\"urlTemplate\":\"https:\/\/blogs.santosochoa.es\/logrono\/?s={search_term_string}\"},\"query-input\":{\"@type\":\"PropertyValueSpecification\",\"valueRequired\":true,\"valueName\":\"search_term_string\"}}],\"inLanguage\":\"es\"},{\"@type\":\"Person\",\"@id\":\"https:\/\/blogs.santosochoa.es\/logrono\/#\/schema\/person\/103664eb8c60fbeea1880c704687c2e3\",\"name\":\"Santos Ochoa Logro\u00f1o\",\"sameAs\":[\"http:\/\/santosochoa.es\",\"https:\/\/www.facebook.com\/santosochoalog\",\"https:\/\/www.instagram.com\/santosochoalog\/\",\"https:\/\/x.com\/santosochoalog\",\"https:\/\/www.youtube.com\/c\/SantosOchoaLibros\"]}]}<\/script>\n<!-- \/ Yoast SEO plugin. -->","yoast_head_json":{"title":"Carlos Aurensanz e Isabel Hualde - Santos Ochoa Logro\u00f1o","description":"[Charla con el Autor] Carlos Aurensanz y \"El cementerio de cristal\". Poes\u00eda con Isabel Hualde. Presentaci\u00f3n y recital de su libro \"C\u00f3digo Deontol\u00f3gico\".","robots":{"index":"index","follow":"follow","max-snippet":"max-snippet:-1","max-image-preview":"max-image-preview:large","max-video-preview":"max-video-preview:-1"},"canonical":"https:\/\/blogs.santosochoa.es\/logrono\/carlos-aurensanz-e-isabel-hualde\/","og_locale":"es_ES","og_type":"article","og_title":"Carlos Aurensanz e Isabel Hualde - Santos Ochoa Logro\u00f1o","og_description":"[Charla con el Autor] Carlos Aurensanz y \"El cementerio de cristal\". Poes\u00eda con Isabel Hualde. Presentaci\u00f3n y recital de su libro \"C\u00f3digo Deontol\u00f3gico\".","og_url":"https:\/\/blogs.santosochoa.es\/logrono\/carlos-aurensanz-e-isabel-hualde\/","og_site_name":"Santos Ochoa Logro\u00f1o","article_author":"https:\/\/www.facebook.com\/santosochoalog","article_published_time":"2024-01-24T11:54:47+00:00","article_modified_time":"2024-01-24T11:58:10+00:00","og_image":[{"width":591,"height":895,"url":"https:\/\/blogs.santosochoa.es\/logrono\/wp-content\/uploads\/sites\/2\/2023\/12\/el-cementerio-de-cristal.jpg","type":"image\/jpeg"}],"author":"Santos Ochoa Logro\u00f1o","twitter_card":"summary_large_image","twitter_creator":"@santosochoalog","twitter_misc":{"Written by":"Santos Ochoa Logro\u00f1o","Est. reading time":"3 minutos"},"schema":{"@context":"https:\/\/schema.org","@graph":[{"@type":"Article","@id":"https:\/\/blogs.santosochoa.es\/logrono\/carlos-aurensanz-e-isabel-hualde\/#article","isPartOf":{"@id":"https:\/\/blogs.santosochoa.es\/logrono\/carlos-aurensanz-e-isabel-hualde\/"},"author":{"name":"Santos Ochoa Logro\u00f1o","@id":"https:\/\/blogs.santosochoa.es\/logrono\/#\/schema\/person\/103664eb8c60fbeea1880c704687c2e3"},"headline":"Carlos Aurensanz e Isabel Hualde","datePublished":"2024-01-24T11:54:47+00:00","dateModified":"2024-01-24T11:58:10+00:00","mainEntityOfPage":{"@id":"https:\/\/blogs.santosochoa.es\/logrono\/carlos-aurensanz-e-isabel-hualde\/"},"wordCount":689,"image":{"@id":"https:\/\/blogs.santosochoa.es\/logrono\/carlos-aurensanz-e-isabel-hualde\/#primaryimage"},"thumbnailUrl":"https:\/\/blogs.santosochoa.es\/logrono\/wp-content\/uploads\/sites\/2\/2023\/12\/el-cementerio-de-cristal.jpg","articleSection":["charla con el autor","libros","poes\u00eda"],"inLanguage":"es"},{"@type":"WebPage","@id":"https:\/\/blogs.santosochoa.es\/logrono\/carlos-aurensanz-e-isabel-hualde\/","url":"https:\/\/blogs.santosochoa.es\/logrono\/carlos-aurensanz-e-isabel-hualde\/","name":"Carlos Aurensanz e Isabel Hualde - Santos Ochoa Logro\u00f1o","isPartOf":{"@id":"https:\/\/blogs.santosochoa.es\/logrono\/#website"},"primaryImageOfPage":{"@id":"https:\/\/blogs.santosochoa.es\/logrono\/carlos-aurensanz-e-isabel-hualde\/#primaryimage"},"image":{"@id":"https:\/\/blogs.santosochoa.es\/logrono\/carlos-aurensanz-e-isabel-hualde\/#primaryimage"},"thumbnailUrl":"https:\/\/blogs.santosochoa.es\/logrono\/wp-content\/uploads\/sites\/2\/2023\/12\/el-cementerio-de-cristal.jpg","datePublished":"2024-01-24T11:54:47+00:00","dateModified":"2024-01-24T11:58:10+00:00","author":{"@id":"https:\/\/blogs.santosochoa.es\/logrono\/#\/schema\/person\/103664eb8c60fbeea1880c704687c2e3"},"description":"[Charla con el Autor] Carlos Aurensanz y \"El cementerio de cristal\". Poes\u00eda con Isabel Hualde. Presentaci\u00f3n y recital de su libro \"C\u00f3digo Deontol\u00f3gico\".","breadcrumb":{"@id":"https:\/\/blogs.santosochoa.es\/logrono\/carlos-aurensanz-e-isabel-hualde\/#breadcrumb"},"inLanguage":"es","potentialAction":[{"@type":"ReadAction","target":["https:\/\/blogs.santosochoa.es\/logrono\/carlos-aurensanz-e-isabel-hualde\/"]}]},{"@type":"ImageObject","inLanguage":"es","@id":"https:\/\/blogs.santosochoa.es\/logrono\/carlos-aurensanz-e-isabel-hualde\/#primaryimage","url":"https:\/\/blogs.santosochoa.es\/logrono\/wp-content\/uploads\/sites\/2\/2023\/12\/el-cementerio-de-cristal.jpg","contentUrl":"https:\/\/blogs.santosochoa.es\/logrono\/wp-content\/uploads\/sites\/2\/2023\/12\/el-cementerio-de-cristal.jpg","width":591,"height":895},{"@type":"BreadcrumbList","@id":"https:\/\/blogs.santosochoa.es\/logrono\/carlos-aurensanz-e-isabel-hualde\/#breadcrumb","itemListElement":[{"@type":"ListItem","position":1,"name":"Home","item":"https:\/\/blogs.santosochoa.es\/logrono\/"},{"@type":"ListItem","position":2,"name":"Carlos Aurensanz e Isabel Hualde"}]},{"@type":"WebSite","@id":"https:\/\/blogs.santosochoa.es\/logrono\/#website","url":"https:\/\/blogs.santosochoa.es\/logrono\/","name":"Santos Ochoa Logro\u00f1o","description":"Tu Librer\u00eda Online","potentialAction":[{"@type":"SearchAction","target":{"@type":"EntryPoint","urlTemplate":"https:\/\/blogs.santosochoa.es\/logrono\/?s={search_term_string}"},"query-input":{"@type":"PropertyValueSpecification","valueRequired":true,"valueName":"search_term_string"}}],"inLanguage":"es"},{"@type":"Person","@id":"https:\/\/blogs.santosochoa.es\/logrono\/#\/schema\/person\/103664eb8c60fbeea1880c704687c2e3","name":"Santos Ochoa Logro\u00f1o","sameAs":["http:\/\/santosochoa.es","https:\/\/www.facebook.com\/santosochoalog","https:\/\/www.instagram.com\/santosochoalog\/","https:\/\/x.com\/santosochoalog","https:\/\/www.youtube.com\/c\/SantosOchoaLibros"]}]}},"_links":{"self":[{"href":"https:\/\/blogs.santosochoa.es\/logrono\/wp-json\/wp\/v2\/posts\/4109","targetHints":{"allow":["GET"]}}],"collection":[{"href":"https:\/\/blogs.santosochoa.es\/logrono\/wp-json\/wp\/v2\/posts"}],"about":[{"href":"https:\/\/blogs.santosochoa.es\/logrono\/wp-json\/wp\/v2\/types\/post"}],"author":[{"embeddable":true,"href":"https:\/\/blogs.santosochoa.es\/logrono\/wp-json\/wp\/v2\/users\/4"}],"replies":[{"embeddable":true,"href":"https:\/\/blogs.santosochoa.es\/logrono\/wp-json\/wp\/v2\/comments?post=4109"}],"version-history":[{"count":2,"href":"https:\/\/blogs.santosochoa.es\/logrono\/wp-json\/wp\/v2\/posts\/4109\/revisions"}],"predecessor-version":[{"id":4111,"href":"https:\/\/blogs.santosochoa.es\/logrono\/wp-json\/wp\/v2\/posts\/4109\/revisions\/4111"}],"wp:featuredmedia":[{"embeddable":true,"href":"https:\/\/blogs.santosochoa.es\/logrono\/wp-json\/wp\/v2\/media\/4072"}],"wp:attachment":[{"href":"https:\/\/blogs.santosochoa.es\/logrono\/wp-json\/wp\/v2\/media?parent=4109"}],"wp:term":[{"taxonomy":"category","embeddable":true,"href":"https:\/\/blogs.santosochoa.es\/logrono\/wp-json\/wp\/v2\/categories?post=4109"},{"taxonomy":"post_tag","embeddable":true,"href":"https:\/\/blogs.santosochoa.es\/logrono\/wp-json\/wp\/v2\/tags?post=4109"}],"curies":[{"name":"wp","href":"https:\/\/api.w.org\/{rel}","templated":true}]}}