{"id":4000,"date":"2023-11-15T13:20:56","date_gmt":"2023-11-15T12:20:56","guid":{"rendered":"https:\/\/blogs.santosochoa.es\/logrono\/?p=4000"},"modified":"2023-11-17T11:15:34","modified_gmt":"2023-11-17T10:15:34","slug":"antonio-crespo-massieu-santiago-castellanos-y-hector-garcia-barnes","status":"publish","type":"post","link":"https:\/\/blogs.santosochoa.es\/logrono\/antonio-crespo-massieu-santiago-castellanos-y-hector-garcia-barnes\/","title":{"rendered":"Antonio Crespo Massieu, Santiago Castellanos y H\u00e9ctor Garc\u00eda Barn\u00e9s"},"content":{"rendered":"\n<h2 class=\"wp-block-heading\"><strong>Antonio Crespo Massieu. Presentaci\u00f3n y recital de poes\u00eda. <em>El dolor que amamos<\/em><\/strong><\/h2>\n\n\n\n<h3 class=\"wp-block-heading\"><strong>Mi\u00e9rcoles 22 de noviembre<\/strong><strong>, a las 19:30 h.<\/strong><\/h3>\n\n\n\n<h4 class=\"wp-block-heading\">Santos Ochoa (Calvo Sotelo, 19, Logro\u00f1o)<\/h4>\n\n\n\n<p><strong><em>Tambi\u00e9n en YouTube:<\/em><\/strong> <a href=\"https:\/\/www.youtube.com\/c\/SantosOchoaLibros\" target=\"_blank\" rel=\"noreferrer noopener\">youtube.com\/c\/SantosOchoaLibros<\/a><\/p>\n\n\n\n<div class=\"wp-block-image\"><figure class=\"alignright size-large is-resized\"><a href=\"https:\/\/www.santosochoa.es\/libros\/crespo-massieu-antonio_el-dolor-que-amamos_9788412594003\" target=\"_blank\" rel=\"noopener noreferrer\"><img decoding=\"async\" src=\"https:\/\/blogs.santosochoa.es\/logrono\/wp-content\/uploads\/sites\/2\/2023\/10\/el-dolor-que-amamos_antonio-crespo-massieu.jpg\" alt=\"\" class=\"wp-image-3969\" width=\"300\" srcset=\"https:\/\/blogs.santosochoa.es\/logrono\/wp-content\/uploads\/sites\/2\/2023\/10\/el-dolor-que-amamos_antonio-crespo-massieu.jpg 591w, https:\/\/blogs.santosochoa.es\/logrono\/wp-content\/uploads\/sites\/2\/2023\/10\/el-dolor-que-amamos_antonio-crespo-massieu-203x300.jpg 203w\" sizes=\"(max-width: 591px) 100vw, 591px\" \/><\/a><\/figure><\/div>\n\n\n\n<p>El autor charlar\u00e1 con el poeta, editor e ilustrador <strong>Enrique Cabez\u00f3n.<\/strong><\/p>\n\n\n\n<h5 class=\"wp-block-heading\"><strong>Nacida del encuentro entre palabra y vida, la poes\u00eda nos ayuda a entender las zonas m\u00e1s dolorosas de la conciencia y de la experiencia, y a vislumbrar un mundo de luz contra la sombra.<\/strong><\/h5>\n\n\n\n<p>Antonio Crespo Massieu, con un lenguaje preciso y envolvente, nos ofrece en <em>El dolor que amamos<\/em> un hilo del tiempo que, como la presencia de un \u00e1ngel m\u00ednimo, recogiera, una a una, las hebras del cabello de todas las mujeres humilladas y perdidas en el sumidero de la historia, de aquellas heridas por la injusticia, la enfermedad y la muerte. Y, con ellas, la memoria de todos los ausentes. La palabra po\u00e9tica contra la disoluci\u00f3n y el olvido, como afirmaci\u00f3n de la vida: un hogar donde acoger el desamparo infinito de todas las ausencias. (Manuel Rico)<\/p>\n\n\n\n<p><strong>Antonio Crespo Massieu<\/strong> (Madrid, 1951) es licenciado en Filosof\u00eda y Letras por la Universidad Complutense, Diplomado en Estudios Portugueses por la Universidad de Lisboa y miembro del Consejo Asesor de la revista&nbsp;<em>Viento Sur.&nbsp;<\/em>Ha publicado poemarios como&nbsp;<em>En este lugar&nbsp;<\/em>(premio Ciudad de Ir\u00fan),&nbsp;<em>Orilla del tiempo, Obstinada memoria&nbsp;<\/em>y, entre otros,&nbsp;<em>Compartir<\/em>. Tambi\u00e9n ha escrito el libro de relatos&nbsp;<em>El peluquero de Dios&nbsp;<\/em>y la novela&nbsp;<em>Portbou: estaci\u00f3n t\u00e9rmino&nbsp;<\/em>(finalista del Premio de Novela Ateneo de Madrid).<\/p>\n\n\n\n<div style=\"height:50px\" aria-hidden=\"true\" class=\"wp-block-spacer\"><\/div>\n\n\n\n<h2 class=\"wp-block-heading\"><strong>Santiago Castellanos presenta <em>Rey de los godos.<\/em> Uno de los episodios decisivos de la historia de Occidente<\/strong><\/h2>\n\n\n\n<h3 class=\"wp-block-heading\"><strong>Jueves 23 de noviembre<\/strong><strong>, a las 19:30 h.<\/strong><\/h3>\n\n\n\n<h4 class=\"wp-block-heading\">Santos Ochoa (Calvo Sotelo, 19, Logro\u00f1o)<\/h4>\n\n\n\n<p><strong><em>Tambi\u00e9n en YouTube:<\/em><\/strong> <a href=\"https:\/\/www.youtube.com\/c\/SantosOchoaLibros\" target=\"_blank\" rel=\"noreferrer noopener\">youtube.com\/c\/SantosOchoaLibros<\/a><\/p>\n\n\n\n<div class=\"wp-block-image\"><figure class=\"alignleft size-large is-resized\"><a href=\"https:\/\/www.santosochoa.es\/libros\/castellanos-santiago_rey-de-los-godos_9788435062701\" target=\"_blank\" rel=\"noopener noreferrer\"><img decoding=\"async\" src=\"https:\/\/blogs.santosochoa.es\/logrono\/wp-content\/uploads\/sites\/2\/2023\/10\/rey-de-los-godos_santiago-castellanos.jpg\" alt=\"\" class=\"wp-image-3971\" width=\"300\" srcset=\"https:\/\/blogs.santosochoa.es\/logrono\/wp-content\/uploads\/sites\/2\/2023\/10\/rey-de-los-godos_santiago-castellanos.jpg 591w, https:\/\/blogs.santosochoa.es\/logrono\/wp-content\/uploads\/sites\/2\/2023\/10\/rey-de-los-godos_santiago-castellanos-190x300.jpg 190w\" sizes=\"(max-width: 591px) 100vw, 591px\" \/><\/a><\/figure><\/div>\n\n\n\n<p>Charlar\u00e1 con el autor <strong>\u00d3scar Soto Col\u00e1s<\/strong>, escritor y presidente de la Asociaci\u00f3n de Escritores de La Rioja.<\/p>\n\n\n\n<h5 class=\"wp-block-heading\"><strong>Toletum, siglo VII. Sergio mira hacia atr\u00e1s, hacia su pasado. Son muchas las cosas vividas y los hechos por los que ha transcurrido su existencia: el asesinato de Agila, las guerras civiles, las querellas religiosas, el ascenso al trono de Leovigildo, cuya ingente obra pol\u00edtica sigue a\u00fan viva\u2026 y la formaci\u00f3n del reino godo en Hispania.<\/strong><\/h5>\n\n\n\n<p>Desde que guarda memoria, desde aquel d\u00eda que entr\u00f3 en el monasterio de Santa Eulalia, en su Em\u00e9rita natal, su mundo ha dado un vuelco. \u00c9l, que se inici\u00f3 como puer al servicio de Dios, march\u00f3 luego junto a Recaredo, rex Gothorum, como consejero, mu\u00f1idor de las entretelas y tejemanejes de la gran partida por el poder del reino. A resguardo de los a\u00f1os y el fr\u00edo en el complejo palatino de la capital, sabe que debe dar cuenta de todo. Han sido a\u00f1os de luchas y traiciones, disputas y pactos, pero tambi\u00e9n de recelos, amistades y amores perdidos. Y ahora, cuando todo ha cambiado y el reino vive una paz tan ansiada como delicada, es el momento de contarlo.<\/p>\n\n\n\n<p><em>Rey de los godos<\/em> es la historia de Sergio y, con ella, la de los convulsos tiempos que decidieron el futuro de lo que hab\u00eda sido la Hispania romana; una tierra peligrosa en la que imperan el caos y la batalla, donde las ambiciones y el ansia por el poder chocan con el amor y las pasiones. Santiago Castellanos nos adentra, con una narrativa \u00e1gil y poderosa, y siempre con rigor hist\u00f3rico, en un mundo repleto de amarguras, esperanzas, anhelos y aventuras que dio lugar a uno de los episodios m\u00e1s decisivos de la historia de Occidente. Es, en definitiva, una simbiosis perfecta entre historia y literatura de unos tiempos que hoy d\u00eda nos siguen sorprendiendo.<\/p>\n\n\n\n<p><strong>Santiago Castellanos<\/strong> (Logro\u00f1o, 1971) es profesor titular de Historia Antigua en la Universidad de Le\u00f3n. Doctor en Historia por la Universidad de Salamanca, ha sido Visiting Scholar invitado en la Universidad de Oxford y profesor de investigaci\u00f3n por la Universidad de Notre Dame, Estados Unidos.<\/p>\n\n\n\n<p>Entre sus ensayos, cabe mencionar <em>En el final de Roma<\/em>, <em>Constantino. Crear un emperador<\/em> o <em>Los Godos y la Cruz<\/em>, sobre la conversi\u00f3n del reino visigodo al catolicismo. Sus \u00faltimos libros acad\u00e9micos son <em>Los visigodos<\/em>, <em>Diocleciano y la Gran Persecuci\u00f3n<\/em> y <em>The Visigothic Kingdom in Iberia<\/em>.<\/p>\n\n\n\n<p>Inmerso en la Historia, otra de sus grandes pasiones es la novela, g\u00e9nero al que pertenecen obras como <em>Gothia. Muerte en Barcinona<\/em> o <em>El libro de los cr\u00edmenes<\/em>. <em>Rey de los godos<\/em> es su \u00faltima novela, y sin duda lo consagra entre los grandes del g\u00e9nero de la narrativa hist\u00f3rica en nuestro pa\u00eds.<\/p>\n\n\n\n<div style=\"height:50px\" aria-hidden=\"true\" class=\"wp-block-spacer\"><\/div>\n\n\n\n<h2 class=\"wp-block-heading\"><strong><em>Futurofobia.<\/em> Charla y libro con H\u00e9ctor Garc\u00eda Barn\u00e9s. Una generaci\u00f3n atrapada entre la nostalgia y el apocalipsis<\/strong><\/h2>\n\n\n\n<h3 class=\"wp-block-heading\"><strong>Viernes 24 de noviembre<\/strong><strong>, a las 19:30 h.<\/strong><\/h3>\n\n\n\n<h4 class=\"wp-block-heading\">Santos Ochoa (Calvo Sotelo, 19, Logro\u00f1o)<\/h4>\n\n\n\n<p><strong><em>Tambi\u00e9n en YouTube:<\/em><\/strong> <a href=\"https:\/\/www.youtube.com\/c\/SantosOchoaLibros\" target=\"_blank\" rel=\"noreferrer noopener\">youtube.com\/c\/SantosOchoaLibros<\/a><\/p>\n\n\n\n<div class=\"wp-block-image\"><figure class=\"alignright size-large is-resized\"><a href=\"https:\/\/www.santosochoa.es\/libros\/garcia-barnes-hector_futurofobia_9788401028465\" target=\"_blank\" rel=\"noopener noreferrer\"><img decoding=\"async\" src=\"https:\/\/blogs.santosochoa.es\/logrono\/wp-content\/uploads\/sites\/2\/2023\/10\/futurofobia_hector-garcia-barnes.jpg\" alt=\"\" class=\"wp-image-3973\" width=\"300\" srcset=\"https:\/\/blogs.santosochoa.es\/logrono\/wp-content\/uploads\/sites\/2\/2023\/10\/futurofobia_hector-garcia-barnes.jpg 591w, https:\/\/blogs.santosochoa.es\/logrono\/wp-content\/uploads\/sites\/2\/2023\/10\/futurofobia_hector-garcia-barnes-196x300.jpg 196w\" sizes=\"(max-width: 591px) 100vw, 591px\" \/><\/a><\/figure><\/div>\n\n\n\n<p>El autor charlar\u00e1 con <strong>Sergio Andr\u00e9s Cabello<\/strong>, soci\u00f3logo y profesor de la Universidad de La Rioja.<\/p>\n\n\n\n<p><strong>El libro de una generaci\u00f3n que ha dejado de creer en el futuro.<\/strong><\/p>\n\n\n\n<h5 class=\"wp-block-heading\"><strong>Futurofobia es esa sensaci\u00f3n que nos hace imaginar que todo lo que est\u00e1 por venir va a ser peor que lo que ya tenemos. Futurofobia es pensar que nada de lo que puedas hacer cambiar\u00e1 las cosas. \u00bfPara qu\u00e9 pelear si todas las luchas est\u00e1n condenadas al fracaso? Futurofobia es solo una palabra.<\/strong><\/h5>\n\n\n\n<p>Los nacidos a partir de los ochenta crecimos en una burbuja de optimismo que un d\u00eda estall\u00f3. Desde entonces, hemos vivido con la palabra crisis cosida a nuestros destinos y hemos visto c\u00f3mo todas las ideas que ten\u00edamos sobre el futuro se han esfumado.<\/p>\n\n\n\n<p>La futurofobia es nuestra reacci\u00f3n a la sensaci\u00f3n decepcionante de que a la vuelta de la esquina acecha el invierno, como en la letan\u00eda de Juego de Tronos. Caminamos en precario equilibrio por un alambre que conecta dos formas extremas de enfrentarse a esta vida incierta: la de refugiarnos en la nostalgia de una \u00e9poca en la que ve\u00edamos pel\u00edculas en VHS o la de abrazar el apocalipsis mientras compartimos memes.<\/p>\n\n\n\n<p>Nost\u00e1lgicos y apocal\u00edpticos nos hemos dado por vencidos consiguiendo que el pesimismo se convierta en la principal se\u00f1a de esta generaci\u00f3n. Este libro es, al mismo tiempo, un an\u00e1lisis de c\u00f3mo hemos llegado hasta aqu\u00ed y una invitaci\u00f3n a cambiar el rumbo, porque el futuro s\u00ed est\u00e1 en nuestras manos y podemos reescribir nuestra historia.<\/p>\n\n\n\n<p><strong>H\u00e9ctor Garc\u00eda Barn\u00e9s<\/strong>&nbsp;(Madrid, 1985). Cumpl\u00ed siete a\u00f1os el d\u00eda que Espa\u00f1a fue el lugar m\u00e1s divertido del mundo, como dec\u00eda un art\u00edculo de&nbsp;<em>Vanity Fair<\/em>: no recuerdo los regalos, pero s\u00ed la inauguraci\u00f3n de la Expo de Sevilla. Soy uno de los hijos del extrarradio de los a\u00f1os noventa, cuyo optimismo me llev\u00f3 a estudiar Comunicaci\u00f3n Audiovisual en la Universidad Complutense y a encontrarme con el desierto laboral tras la crisis de 2008. He escrito sobre m\u00fasica en&nbsp;<em>Ruta 66<\/em>, sobre cine en&nbsp;<em>Dirigido Por&nbsp;<\/em>y de todo un poco en&nbsp;<em>El Confidencial&nbsp;<\/em>desde hace una d\u00e9cada, peri\u00f3dico donde llevo cinco a\u00f1os publicando cada fin de semana una columna sobre nuestra vida moderna.<\/p>\n\n\n\n<p><em>Organiza el Departamento de Ciencias Humanas de la Universidad de La Rioja.<\/em><\/p>\n","protected":false},"excerpt":{"rendered":"<p>\u00abEl dolor que amamos\u00bb, poes\u00eda con Antonio Crespo Massieu. Santiago Castellanos presenta \u00abRey de los godos\u00bb. \u00abFuturofobia\u00bb, charla con H\u00e9ctor Garc\u00eda Barn\u00e9s.<\/p>\n","protected":false},"author":4,"featured_media":3971,"comment_status":"closed","ping_status":"closed","sticky":false,"template":"","format":"standard","meta":{"footnotes":""},"categories":[12,13,11],"tags":[],"class_list":["post-4000","post","type-post","status-publish","format-standard","has-post-thumbnail","hentry","category-libros","category-libros-do-rioja","category-poesia"],"yoast_head":"<!-- This site is optimized with the Yoast SEO plugin v27.2 - https:\/\/yoast.com\/product\/yoast-seo-wordpress\/ -->\n<title>Antonio Crespo Massieu, Santiago Castellanos y H\u00e9ctor Garc\u00eda Barn\u00e9s - Santos Ochoa Logro\u00f1o<\/title>\n<meta name=\"description\" content=\"&quot;El dolor que amamos&quot;, poes\u00eda con Antonio Crespo Massieu. Santiago Castellanos presenta &quot;Rey de los godos&quot;. &quot;Futurofobia&quot;, charla con H\u00e9ctor Garc\u00eda Barn\u00e9s.\" \/>\n<meta name=\"robots\" content=\"index, follow, max-snippet:-1, max-image-preview:large, max-video-preview:-1\" \/>\n<link rel=\"canonical\" href=\"https:\/\/blogs.santosochoa.es\/logrono\/antonio-crespo-massieu-santiago-castellanos-y-hector-garcia-barnes\/\" \/>\n<meta property=\"og:locale\" content=\"es_ES\" \/>\n<meta property=\"og:type\" content=\"article\" \/>\n<meta property=\"og:title\" content=\"Antonio Crespo Massieu, Santiago Castellanos y H\u00e9ctor Garc\u00eda Barn\u00e9s - Santos Ochoa Logro\u00f1o\" \/>\n<meta property=\"og:description\" content=\"&quot;El dolor que amamos&quot;, poes\u00eda con Antonio Crespo Massieu. Santiago Castellanos presenta &quot;Rey de los godos&quot;. &quot;Futurofobia&quot;, charla con H\u00e9ctor Garc\u00eda Barn\u00e9s.\" \/>\n<meta property=\"og:url\" content=\"https:\/\/blogs.santosochoa.es\/logrono\/antonio-crespo-massieu-santiago-castellanos-y-hector-garcia-barnes\/\" \/>\n<meta property=\"og:site_name\" content=\"Santos Ochoa Logro\u00f1o\" \/>\n<meta property=\"article:author\" content=\"https:\/\/www.facebook.com\/santosochoalog\" \/>\n<meta property=\"article:published_time\" content=\"2023-11-15T12:20:56+00:00\" \/>\n<meta property=\"article:modified_time\" content=\"2023-11-17T10:15:34+00:00\" \/>\n<meta property=\"og:image\" content=\"https:\/\/blogs.santosochoa.es\/logrono\/wp-content\/uploads\/sites\/2\/2023\/10\/rey-de-los-godos_santiago-castellanos.jpg\" \/>\n\t<meta property=\"og:image:width\" content=\"591\" \/>\n\t<meta property=\"og:image:height\" content=\"932\" \/>\n\t<meta property=\"og:image:type\" content=\"image\/jpeg\" \/>\n<meta name=\"author\" content=\"Santos Ochoa Logro\u00f1o\" \/>\n<meta name=\"twitter:card\" content=\"summary_large_image\" \/>\n<meta name=\"twitter:creator\" content=\"@santosochoalog\" \/>\n<meta name=\"twitter:label1\" content=\"Written by\" \/>\n\t<meta name=\"twitter:data1\" content=\"Santos Ochoa Logro\u00f1o\" \/>\n\t<meta name=\"twitter:label2\" content=\"Est. reading time\" \/>\n\t<meta name=\"twitter:data2\" content=\"6 minutos\" \/>\n<script type=\"application\/ld+json\" class=\"yoast-schema-graph\">{\"@context\":\"https:\/\/schema.org\",\"@graph\":[{\"@type\":\"Article\",\"@id\":\"https:\/\/blogs.santosochoa.es\/logrono\/antonio-crespo-massieu-santiago-castellanos-y-hector-garcia-barnes\/#article\",\"isPartOf\":{\"@id\":\"https:\/\/blogs.santosochoa.es\/logrono\/antonio-crespo-massieu-santiago-castellanos-y-hector-garcia-barnes\/\"},\"author\":{\"name\":\"Santos Ochoa Logro\u00f1o\",\"@id\":\"https:\/\/blogs.santosochoa.es\/logrono\/#\/schema\/person\/103664eb8c60fbeea1880c704687c2e3\"},\"headline\":\"Antonio Crespo Massieu, Santiago Castellanos y H\u00e9ctor Garc\u00eda Barn\u00e9s\",\"datePublished\":\"2023-11-15T12:20:56+00:00\",\"dateModified\":\"2023-11-17T10:15:34+00:00\",\"mainEntityOfPage\":{\"@id\":\"https:\/\/blogs.santosochoa.es\/logrono\/antonio-crespo-massieu-santiago-castellanos-y-hector-garcia-barnes\/\"},\"wordCount\":1266,\"image\":{\"@id\":\"https:\/\/blogs.santosochoa.es\/logrono\/antonio-crespo-massieu-santiago-castellanos-y-hector-garcia-barnes\/#primaryimage\"},\"thumbnailUrl\":\"https:\/\/blogs.santosochoa.es\/logrono\/wp-content\/uploads\/sites\/2\/2023\/10\/rey-de-los-godos_santiago-castellanos.jpg\",\"articleSection\":[\"libros\",\"libros do rioja\",\"poes\u00eda\"],\"inLanguage\":\"es\"},{\"@type\":\"WebPage\",\"@id\":\"https:\/\/blogs.santosochoa.es\/logrono\/antonio-crespo-massieu-santiago-castellanos-y-hector-garcia-barnes\/\",\"url\":\"https:\/\/blogs.santosochoa.es\/logrono\/antonio-crespo-massieu-santiago-castellanos-y-hector-garcia-barnes\/\",\"name\":\"Antonio Crespo Massieu, Santiago Castellanos y H\u00e9ctor Garc\u00eda Barn\u00e9s - Santos Ochoa Logro\u00f1o\",\"isPartOf\":{\"@id\":\"https:\/\/blogs.santosochoa.es\/logrono\/#website\"},\"primaryImageOfPage\":{\"@id\":\"https:\/\/blogs.santosochoa.es\/logrono\/antonio-crespo-massieu-santiago-castellanos-y-hector-garcia-barnes\/#primaryimage\"},\"image\":{\"@id\":\"https:\/\/blogs.santosochoa.es\/logrono\/antonio-crespo-massieu-santiago-castellanos-y-hector-garcia-barnes\/#primaryimage\"},\"thumbnailUrl\":\"https:\/\/blogs.santosochoa.es\/logrono\/wp-content\/uploads\/sites\/2\/2023\/10\/rey-de-los-godos_santiago-castellanos.jpg\",\"datePublished\":\"2023-11-15T12:20:56+00:00\",\"dateModified\":\"2023-11-17T10:15:34+00:00\",\"author\":{\"@id\":\"https:\/\/blogs.santosochoa.es\/logrono\/#\/schema\/person\/103664eb8c60fbeea1880c704687c2e3\"},\"description\":\"\\\"El dolor que amamos\\\", poes\u00eda con Antonio Crespo Massieu. Santiago Castellanos presenta \\\"Rey de los godos\\\". \\\"Futurofobia\\\", charla con H\u00e9ctor Garc\u00eda Barn\u00e9s.\",\"breadcrumb\":{\"@id\":\"https:\/\/blogs.santosochoa.es\/logrono\/antonio-crespo-massieu-santiago-castellanos-y-hector-garcia-barnes\/#breadcrumb\"},\"inLanguage\":\"es\",\"potentialAction\":[{\"@type\":\"ReadAction\",\"target\":[\"https:\/\/blogs.santosochoa.es\/logrono\/antonio-crespo-massieu-santiago-castellanos-y-hector-garcia-barnes\/\"]}]},{\"@type\":\"ImageObject\",\"inLanguage\":\"es\",\"@id\":\"https:\/\/blogs.santosochoa.es\/logrono\/antonio-crespo-massieu-santiago-castellanos-y-hector-garcia-barnes\/#primaryimage\",\"url\":\"https:\/\/blogs.santosochoa.es\/logrono\/wp-content\/uploads\/sites\/2\/2023\/10\/rey-de-los-godos_santiago-castellanos.jpg\",\"contentUrl\":\"https:\/\/blogs.santosochoa.es\/logrono\/wp-content\/uploads\/sites\/2\/2023\/10\/rey-de-los-godos_santiago-castellanos.jpg\",\"width\":591,\"height\":932},{\"@type\":\"BreadcrumbList\",\"@id\":\"https:\/\/blogs.santosochoa.es\/logrono\/antonio-crespo-massieu-santiago-castellanos-y-hector-garcia-barnes\/#breadcrumb\",\"itemListElement\":[{\"@type\":\"ListItem\",\"position\":1,\"name\":\"Home\",\"item\":\"https:\/\/blogs.santosochoa.es\/logrono\/\"},{\"@type\":\"ListItem\",\"position\":2,\"name\":\"Antonio Crespo Massieu, Santiago Castellanos y H\u00e9ctor Garc\u00eda Barn\u00e9s\"}]},{\"@type\":\"WebSite\",\"@id\":\"https:\/\/blogs.santosochoa.es\/logrono\/#website\",\"url\":\"https:\/\/blogs.santosochoa.es\/logrono\/\",\"name\":\"Santos Ochoa Logro\u00f1o\",\"description\":\"Tu Librer\u00eda Online\",\"potentialAction\":[{\"@type\":\"SearchAction\",\"target\":{\"@type\":\"EntryPoint\",\"urlTemplate\":\"https:\/\/blogs.santosochoa.es\/logrono\/?s={search_term_string}\"},\"query-input\":{\"@type\":\"PropertyValueSpecification\",\"valueRequired\":true,\"valueName\":\"search_term_string\"}}],\"inLanguage\":\"es\"},{\"@type\":\"Person\",\"@id\":\"https:\/\/blogs.santosochoa.es\/logrono\/#\/schema\/person\/103664eb8c60fbeea1880c704687c2e3\",\"name\":\"Santos Ochoa Logro\u00f1o\",\"sameAs\":[\"http:\/\/santosochoa.es\",\"https:\/\/www.facebook.com\/santosochoalog\",\"https:\/\/www.instagram.com\/santosochoalog\/\",\"https:\/\/x.com\/santosochoalog\",\"https:\/\/www.youtube.com\/c\/SantosOchoaLibros\"]}]}<\/script>\n<!-- \/ Yoast SEO plugin. -->","yoast_head_json":{"title":"Antonio Crespo Massieu, Santiago Castellanos y H\u00e9ctor Garc\u00eda Barn\u00e9s - Santos Ochoa Logro\u00f1o","description":"\"El dolor que amamos\", poes\u00eda con Antonio Crespo Massieu. Santiago Castellanos presenta \"Rey de los godos\". \"Futurofobia\", charla con H\u00e9ctor Garc\u00eda Barn\u00e9s.","robots":{"index":"index","follow":"follow","max-snippet":"max-snippet:-1","max-image-preview":"max-image-preview:large","max-video-preview":"max-video-preview:-1"},"canonical":"https:\/\/blogs.santosochoa.es\/logrono\/antonio-crespo-massieu-santiago-castellanos-y-hector-garcia-barnes\/","og_locale":"es_ES","og_type":"article","og_title":"Antonio Crespo Massieu, Santiago Castellanos y H\u00e9ctor Garc\u00eda Barn\u00e9s - Santos Ochoa Logro\u00f1o","og_description":"\"El dolor que amamos\", poes\u00eda con Antonio Crespo Massieu. Santiago Castellanos presenta \"Rey de los godos\". \"Futurofobia\", charla con H\u00e9ctor Garc\u00eda Barn\u00e9s.","og_url":"https:\/\/blogs.santosochoa.es\/logrono\/antonio-crespo-massieu-santiago-castellanos-y-hector-garcia-barnes\/","og_site_name":"Santos Ochoa Logro\u00f1o","article_author":"https:\/\/www.facebook.com\/santosochoalog","article_published_time":"2023-11-15T12:20:56+00:00","article_modified_time":"2023-11-17T10:15:34+00:00","og_image":[{"width":591,"height":932,"url":"https:\/\/blogs.santosochoa.es\/logrono\/wp-content\/uploads\/sites\/2\/2023\/10\/rey-de-los-godos_santiago-castellanos.jpg","type":"image\/jpeg"}],"author":"Santos Ochoa Logro\u00f1o","twitter_card":"summary_large_image","twitter_creator":"@santosochoalog","twitter_misc":{"Written by":"Santos Ochoa Logro\u00f1o","Est. reading time":"6 minutos"},"schema":{"@context":"https:\/\/schema.org","@graph":[{"@type":"Article","@id":"https:\/\/blogs.santosochoa.es\/logrono\/antonio-crespo-massieu-santiago-castellanos-y-hector-garcia-barnes\/#article","isPartOf":{"@id":"https:\/\/blogs.santosochoa.es\/logrono\/antonio-crespo-massieu-santiago-castellanos-y-hector-garcia-barnes\/"},"author":{"name":"Santos Ochoa Logro\u00f1o","@id":"https:\/\/blogs.santosochoa.es\/logrono\/#\/schema\/person\/103664eb8c60fbeea1880c704687c2e3"},"headline":"Antonio Crespo Massieu, Santiago Castellanos y H\u00e9ctor Garc\u00eda Barn\u00e9s","datePublished":"2023-11-15T12:20:56+00:00","dateModified":"2023-11-17T10:15:34+00:00","mainEntityOfPage":{"@id":"https:\/\/blogs.santosochoa.es\/logrono\/antonio-crespo-massieu-santiago-castellanos-y-hector-garcia-barnes\/"},"wordCount":1266,"image":{"@id":"https:\/\/blogs.santosochoa.es\/logrono\/antonio-crespo-massieu-santiago-castellanos-y-hector-garcia-barnes\/#primaryimage"},"thumbnailUrl":"https:\/\/blogs.santosochoa.es\/logrono\/wp-content\/uploads\/sites\/2\/2023\/10\/rey-de-los-godos_santiago-castellanos.jpg","articleSection":["libros","libros do rioja","poes\u00eda"],"inLanguage":"es"},{"@type":"WebPage","@id":"https:\/\/blogs.santosochoa.es\/logrono\/antonio-crespo-massieu-santiago-castellanos-y-hector-garcia-barnes\/","url":"https:\/\/blogs.santosochoa.es\/logrono\/antonio-crespo-massieu-santiago-castellanos-y-hector-garcia-barnes\/","name":"Antonio Crespo Massieu, Santiago Castellanos y H\u00e9ctor Garc\u00eda Barn\u00e9s - Santos Ochoa Logro\u00f1o","isPartOf":{"@id":"https:\/\/blogs.santosochoa.es\/logrono\/#website"},"primaryImageOfPage":{"@id":"https:\/\/blogs.santosochoa.es\/logrono\/antonio-crespo-massieu-santiago-castellanos-y-hector-garcia-barnes\/#primaryimage"},"image":{"@id":"https:\/\/blogs.santosochoa.es\/logrono\/antonio-crespo-massieu-santiago-castellanos-y-hector-garcia-barnes\/#primaryimage"},"thumbnailUrl":"https:\/\/blogs.santosochoa.es\/logrono\/wp-content\/uploads\/sites\/2\/2023\/10\/rey-de-los-godos_santiago-castellanos.jpg","datePublished":"2023-11-15T12:20:56+00:00","dateModified":"2023-11-17T10:15:34+00:00","author":{"@id":"https:\/\/blogs.santosochoa.es\/logrono\/#\/schema\/person\/103664eb8c60fbeea1880c704687c2e3"},"description":"\"El dolor que amamos\", poes\u00eda con Antonio Crespo Massieu. Santiago Castellanos presenta \"Rey de los godos\". \"Futurofobia\", charla con H\u00e9ctor Garc\u00eda Barn\u00e9s.","breadcrumb":{"@id":"https:\/\/blogs.santosochoa.es\/logrono\/antonio-crespo-massieu-santiago-castellanos-y-hector-garcia-barnes\/#breadcrumb"},"inLanguage":"es","potentialAction":[{"@type":"ReadAction","target":["https:\/\/blogs.santosochoa.es\/logrono\/antonio-crespo-massieu-santiago-castellanos-y-hector-garcia-barnes\/"]}]},{"@type":"ImageObject","inLanguage":"es","@id":"https:\/\/blogs.santosochoa.es\/logrono\/antonio-crespo-massieu-santiago-castellanos-y-hector-garcia-barnes\/#primaryimage","url":"https:\/\/blogs.santosochoa.es\/logrono\/wp-content\/uploads\/sites\/2\/2023\/10\/rey-de-los-godos_santiago-castellanos.jpg","contentUrl":"https:\/\/blogs.santosochoa.es\/logrono\/wp-content\/uploads\/sites\/2\/2023\/10\/rey-de-los-godos_santiago-castellanos.jpg","width":591,"height":932},{"@type":"BreadcrumbList","@id":"https:\/\/blogs.santosochoa.es\/logrono\/antonio-crespo-massieu-santiago-castellanos-y-hector-garcia-barnes\/#breadcrumb","itemListElement":[{"@type":"ListItem","position":1,"name":"Home","item":"https:\/\/blogs.santosochoa.es\/logrono\/"},{"@type":"ListItem","position":2,"name":"Antonio Crespo Massieu, Santiago Castellanos y H\u00e9ctor Garc\u00eda Barn\u00e9s"}]},{"@type":"WebSite","@id":"https:\/\/blogs.santosochoa.es\/logrono\/#website","url":"https:\/\/blogs.santosochoa.es\/logrono\/","name":"Santos Ochoa Logro\u00f1o","description":"Tu Librer\u00eda Online","potentialAction":[{"@type":"SearchAction","target":{"@type":"EntryPoint","urlTemplate":"https:\/\/blogs.santosochoa.es\/logrono\/?s={search_term_string}"},"query-input":{"@type":"PropertyValueSpecification","valueRequired":true,"valueName":"search_term_string"}}],"inLanguage":"es"},{"@type":"Person","@id":"https:\/\/blogs.santosochoa.es\/logrono\/#\/schema\/person\/103664eb8c60fbeea1880c704687c2e3","name":"Santos Ochoa Logro\u00f1o","sameAs":["http:\/\/santosochoa.es","https:\/\/www.facebook.com\/santosochoalog","https:\/\/www.instagram.com\/santosochoalog\/","https:\/\/x.com\/santosochoalog","https:\/\/www.youtube.com\/c\/SantosOchoaLibros"]}]}},"_links":{"self":[{"href":"https:\/\/blogs.santosochoa.es\/logrono\/wp-json\/wp\/v2\/posts\/4000","targetHints":{"allow":["GET"]}}],"collection":[{"href":"https:\/\/blogs.santosochoa.es\/logrono\/wp-json\/wp\/v2\/posts"}],"about":[{"href":"https:\/\/blogs.santosochoa.es\/logrono\/wp-json\/wp\/v2\/types\/post"}],"author":[{"embeddable":true,"href":"https:\/\/blogs.santosochoa.es\/logrono\/wp-json\/wp\/v2\/users\/4"}],"replies":[{"embeddable":true,"href":"https:\/\/blogs.santosochoa.es\/logrono\/wp-json\/wp\/v2\/comments?post=4000"}],"version-history":[{"count":4,"href":"https:\/\/blogs.santosochoa.es\/logrono\/wp-json\/wp\/v2\/posts\/4000\/revisions"}],"predecessor-version":[{"id":4005,"href":"https:\/\/blogs.santosochoa.es\/logrono\/wp-json\/wp\/v2\/posts\/4000\/revisions\/4005"}],"wp:featuredmedia":[{"embeddable":true,"href":"https:\/\/blogs.santosochoa.es\/logrono\/wp-json\/wp\/v2\/media\/3971"}],"wp:attachment":[{"href":"https:\/\/blogs.santosochoa.es\/logrono\/wp-json\/wp\/v2\/media?parent=4000"}],"wp:term":[{"taxonomy":"category","embeddable":true,"href":"https:\/\/blogs.santosochoa.es\/logrono\/wp-json\/wp\/v2\/categories?post=4000"},{"taxonomy":"post_tag","embeddable":true,"href":"https:\/\/blogs.santosochoa.es\/logrono\/wp-json\/wp\/v2\/tags?post=4000"}],"curies":[{"name":"wp","href":"https:\/\/api.w.org\/{rel}","templated":true}]}}