{"id":3948,"date":"2023-10-18T13:39:10","date_gmt":"2023-10-18T11:39:10","guid":{"rendered":"https:\/\/blogs.santosochoa.es\/logrono\/?p=3948"},"modified":"2023-10-18T13:39:11","modified_gmt":"2023-10-18T11:39:11","slug":"libros-para-crecer-eduardo-saenz-de-cabezon-y-arcadi-espada","status":"publish","type":"post","link":"https:\/\/blogs.santosochoa.es\/logrono\/libros-para-crecer-eduardo-saenz-de-cabezon-y-arcadi-espada\/","title":{"rendered":"Libros Para Crecer, Eduardo S\u00e1enz de Cabez\u00f3n y Arcadi Espada"},"content":{"rendered":"\n<h2 class=\"wp-block-heading\"><strong><em>Libros para crecer<\/em>. Con Vanesa G. Urbina, de la Escuela GanasdeVivir<\/strong><\/h2>\n\n\n\n<h3 class=\"wp-block-heading\"><strong>Lunes 23 de octubre<\/strong><strong>, a las 19:00 h.<\/strong><\/h3>\n\n\n\n<h4 class=\"wp-block-heading\">Santos Ochoa (Calvo Sotelo, 19, Logro\u00f1o)<\/h4>\n\n\n\n<div class=\"wp-block-image\"><figure class=\"alignright size-large is-resized\"><a href=\"https:\/\/www.santosochoa.es\/libros\/alex-rovira-celma-fernando-trias-de-bes_la-buena-suerte-tapa-blanda_9788408222422\" target=\"_blank\" rel=\"noopener noreferrer\"><img decoding=\"async\" src=\"https:\/\/blogs.santosochoa.es\/logrono\/wp-content\/uploads\/sites\/2\/2023\/09\/la-buena-suerte_fernando-trias-de-bes.jpg\" alt=\"\" class=\"wp-image-3912\" width=\"300\" srcset=\"https:\/\/blogs.santosochoa.es\/logrono\/wp-content\/uploads\/sites\/2\/2023\/09\/la-buena-suerte_fernando-trias-de-bes.jpg 591w, https:\/\/blogs.santosochoa.es\/logrono\/wp-content\/uploads\/sites\/2\/2023\/09\/la-buena-suerte_fernando-trias-de-bes-209x300.jpg 209w\" sizes=\"(max-width: 591px) 100vw, 591px\" \/><\/a><\/figure><\/div>\n\n\n\n<h5 class=\"wp-block-heading\"><strong>Vuelve Vanesa G. Urbina y su tertulia para crecer leyendo. Esta vez nos propone <em>La buena suerte<\/em>, de \u00c1lex Rovira y Fernando Tr\u00edas de Bes<em>.<\/em> Un libro extraordinariamente inspirador y positivo: una f\u00e1bula que desvela las claves de la Buena Suerte y la prosperidad. Su mensaje sobre la capacidad de las personas para labrar su propio destino es m\u00e1s vigente que nunca, y su sencilla pero poderosa filosof\u00eda resuena en lectores de todas las edades y culturas.<\/strong><\/h5>\n\n\n\n<p>Hace mucho tiempo, en un reino lejano, Merl\u00edn convoc\u00f3 a todos los caballeros y les dijo: \u00abHe sabido que en el Bosque Encantado, en un plazo de siete noches, nacer\u00e1 el Tr\u00e9bol M\u00e1gico. Es un tr\u00e9bol de cuatro hojas \u00fanico, que proporcionar\u00e1 a quien lo posea una suerte ilimitada.\u00bb Pero los caballeros saben que encontrar un min\u00fasculo tr\u00e9bol en un bosque tan extenso ser\u00e1 como buscar una aguja en un pajar. \u00bfQui\u00e9n aceptar\u00e1 el reto?<\/p>\n\n\n\n<p>Santos Ochoa y la escuela GanasdeVivir te invitan a adentrarte o evolucionar en tu desarrollo personal a trav\u00e9s de la lectura, una maravillosa oportunidad para conocerte y mejorar tu vida, tu salud emocional, tus relaciones\u2026 En estos encuentros, de la mano de la psic\u00f3loga Vanesa Garc\u00eda Urbina, exploramos y comentamos las ense\u00f1anzas de un libro, que nos sirve para comprobar la importancia de la psicolog\u00eda y la salud mental en nuestras vidas.<\/p>\n\n\n\n<p><strong>Vanesa G. Urbina<\/strong> es psic\u00f3loga y fundadora de la escuela GanasdeVivir, con veinte a\u00f1os de experiencia profesional impartiendo formaciones relacionadas con el Desarrollo Personal y la Inteligencia Emocional.<\/p>\n\n\n\n<div style=\"height:51px\" aria-hidden=\"true\" class=\"wp-block-spacer\"><\/div>\n\n\n\n<h2 class=\"wp-block-heading\"><strong>Eduardo S\u00e1enz de Cabez\u00f3n presenta <em>Invitaci\u00f3n al aprendizaje.<\/em> El placer de aprender durante toda la vida<\/strong><\/h2>\n\n\n\n<h3 class=\"wp-block-heading\"><strong>Mi\u00e9rcoles 25 de octubre<\/strong><strong>, a las 19:30 h.<\/strong><\/h3>\n\n\n\n<h4 class=\"wp-block-heading\">Santos Ochoa (Calvo Sotelo, 19, Logro\u00f1o)<\/h4>\n\n\n\n<p><strong><em>Tambi\u00e9n en YouTube:<\/em><\/strong> <a href=\"https:\/\/www.youtube.com\/c\/SantosOchoaLibros\" target=\"_blank\" rel=\"noreferrer noopener\">youtube.com\/c\/SantosOchoaLibros<\/a><\/p>\n\n\n\n<div class=\"wp-block-image\"><figure class=\"alignleft size-large is-resized\"><a href=\"https:\/\/www.santosochoa.es\/libros\/saenz-de-cabezon-eduardo_invitacion-al-aprendizaje_9788466676137\" target=\"_blank\" rel=\"noopener noreferrer\"><img decoding=\"async\" src=\"https:\/\/blogs.santosochoa.es\/logrono\/wp-content\/uploads\/sites\/2\/2023\/09\/invitacion-al-aprendizaje_eduardo-saenz-de-cabezon.jpg\" alt=\"\" class=\"wp-image-3914\" width=\"300\" srcset=\"https:\/\/blogs.santosochoa.es\/logrono\/wp-content\/uploads\/sites\/2\/2023\/09\/invitacion-al-aprendizaje_eduardo-saenz-de-cabezon.jpg 591w, https:\/\/blogs.santosochoa.es\/logrono\/wp-content\/uploads\/sites\/2\/2023\/09\/invitacion-al-aprendizaje_eduardo-saenz-de-cabezon-198x300.jpg 198w\" sizes=\"(max-width: 591px) 100vw, 591px\" \/><\/a><\/figure><\/div>\n\n\n\n<p><strong>C\u00f3mo disfrutar de una vida plena gracias a la curiosidad y el aprendizaje.<\/strong><\/p>\n\n\n\n<h5 class=\"wp-block-heading\"><strong>\u00bfSe puede aprender durante toda la vida? \u00bfSoy capaz de aprender algo nuevo? \u00bfCu\u00e1les son los mejores m\u00e9todos para aprender? \u00bfEs verdad que la buena salud se relaciona con el aprendizaje? \u00bfY qu\u00e9 tiene que ver el aprendizaje con la felicidad?<\/strong><\/h5>\n\n\n\n<p>El aprendizaje es la capacidad m\u00e1s extraordinaria de nuestro cerebro, lo que equivale a decir que es la capacidad m\u00e1s extraordinaria del ser humano. Que nuestro propio cerebro se modifique, f\u00edsicamente, para ser capaz de leer, de tocar la guitarra, de realizar complejos c\u00e1lculos matem\u00e1ticos&#8230;, es una maravilla que no tiene igual en el resto de la naturaleza. Adem\u00e1s, esta habilidad la podemos cultivar y alimentar para tener una experiencia del mundo m\u00e1s rica, o bien podemos descuidarla y perder la oportunidad que cada d\u00eda tenemos al alcance de nuestros sentidos.<\/p>\n\n\n\n<p>A trav\u00e9s de estudios cient\u00edficos de psicolog\u00eda cognitiva y neurociencia, y a partir de su propia experiencia como aprendiz y ense\u00f1ante, Eduardo S\u00e1enz de Cabez\u00f3n -matem\u00e1tico, profesor y divulgador- nos invita a un viaje fascinante por los misterios del aprendizaje y, de una manera pr\u00e1ctica, nos invita a aprender a aprender, a disfrutar de la curiosidad y as\u00ed a gozar de una vida mucho m\u00e1s plena.<\/p>\n\n\n\n<p>\u00bfEST\u00c1S LISTO PARA APRENDER A APRENDER?<\/p>\n\n\n\n<p><em>\u00abMantener una curiosidad activa es uno de los ingredientes principales de una vida plena. Por eso es tan importante que sepamos disfrutar del aprendizaje, que sepamos c\u00f3mo aprender mejor, y as\u00ed gozar de una vida de aprendizajes enriquecedores\u00bb.<\/em><\/p>\n\n\n\n<p><strong>Eduardo S\u00e1enz de Cabez\u00f3n<\/strong>\u00a0(Logro\u00f1o, 1972) es doctor en Matem\u00e1ticas, a las que dedica sus esfuerzos en labores de docencia, investigaci\u00f3n y divulgaci\u00f3n. Es profesor en el Departamento de Matem\u00e1ticas y Computaci\u00f3n de la Universidad de La Rioja. Desarrolla su investigaci\u00f3n en el \u00e1rea del \u00e1lgebra computacional, a la que ha contribuido con numerosos art\u00edculos de investigaci\u00f3n y colaboraciones con matem\u00e1ticos espa\u00f1oles y europeos. Adem\u00e1s, realiza una intensa labor de divulgaci\u00f3n de las matem\u00e1ticas mediante conferencias, espect\u00e1culos, charlas y talleres por todo el mundo que han disfrutado miles de personas de todas las edades. Ganador del concurso de mon\u00f3logos cient\u00edficos FameLab en 2013, y miembro fundador del grupo Big Van Cient\u00edficos Sobre Ruedas, presenta en YouTube el canal\u00a0<em>Derivando<\/em>, dedicado a las matem\u00e1ticas y su disfrute. Colabora tambi\u00e9n en diversos medios de comunicaci\u00f3n y es el conductor del programa\u00a0<em>\u00d3rbita Laika<\/em>\u00a0de TVE.<\/p>\n\n\n\n<div style=\"height:50px\" aria-hidden=\"true\" class=\"wp-block-spacer\"><\/div>\n\n\n\n<h2 class=\"wp-block-heading\"><strong>Arcadi Espada presenta <em>Vida de Arcadio.<\/em> Un reportaje \u00edntimo, memoria personal y social<\/strong><\/h2>\n\n\n\n<h3 class=\"wp-block-heading\"><strong>Jueves 26 de octubre<\/strong><strong>, a las 19:30 h.<\/strong><\/h3>\n\n\n\n<h4 class=\"wp-block-heading\">Santos Ochoa (Calvo Sotelo, 19, Logro\u00f1o)<\/h4>\n\n\n\n<p><strong><em>Tambi\u00e9n en YouTube:<\/em><\/strong> <a href=\"https:\/\/www.youtube.com\/c\/SantosOchoaLibros\" target=\"_blank\" rel=\"noreferrer noopener\">youtube.com\/c\/SantosOchoaLibros<\/a><\/p>\n\n\n\n<div class=\"wp-block-image\"><figure class=\"alignright size-large is-resized\"><a href=\"https:\/\/www.santosochoa.es\/libros\/espada-arcadi_vida-de-arcadio_9788411001700\" target=\"_blank\" rel=\"noopener noreferrer\"><img decoding=\"async\" src=\"https:\/\/blogs.santosochoa.es\/logrono\/wp-content\/uploads\/sites\/2\/2023\/09\/vida-de-arcadio_arcadi-espada.jpg\" alt=\"\" class=\"wp-image-3916\" width=\"300\" srcset=\"https:\/\/blogs.santosochoa.es\/logrono\/wp-content\/uploads\/sites\/2\/2023\/09\/vida-de-arcadio_arcadi-espada.jpg 591w, https:\/\/blogs.santosochoa.es\/logrono\/wp-content\/uploads\/sites\/2\/2023\/09\/vida-de-arcadio_arcadi-espada-194x300.jpg 194w\" sizes=\"(max-width: 591px) 100vw, 591px\" \/><\/a><\/figure><\/div>\n\n\n\n<h5 class=\"wp-block-heading\"><strong><em>Vida de Arcadio<\/em> es un reportaje \u00edntimo, escrito en segunda persona, que tiene como asuntos coincidentes la juventud del autor y la juventud de la democracia espa\u00f1ola.<\/strong><\/h5>\n\n\n\n<p>La lucha por hacerse un hombre, detallada sin pudor ni contemplaciones, se cruza con las mentiras de su tiempo y con la primera y principal: que la juventud sea el almac\u00e9n de los sue\u00f1os perdidos. Aunque esta indagaci\u00f3n sobre lo \u00edntimo que el autor acomete con la voluntad de verdad que usa en su oficio para narrar la vida de los otros es tambi\u00e9n una celebraci\u00f3n alegre y sensible de muchos momentos inaugurales de la experiencia.<\/p>\n\n\n\n<p>Escrito desde la convicci\u00f3n de que el pasado solo puede observarse con los ojos del presente, el libro ajusta las cuentas con algunas crisis contempor\u00e1neas, extra\u00f1amente vinculadas con las de hace cuatro d\u00e9cadas; como si el tiempo fuera esa ilusi\u00f3n que documentan los f\u00edsicos y los poetas.<\/p>\n\n\n\n<p><strong>Arcadi Espada<\/strong>&nbsp;(Barcelona, 1957)&nbsp;es periodista desde hace m\u00e1s de cuarenta a\u00f1os. Escribe en&nbsp;<em>El Mundo<\/em>&nbsp;y antes lo hizo en&nbsp;<em>El Pa\u00eds<\/em>&nbsp;y&nbsp;<em>La Vanguardia<\/em>. Fue profesor de Periodismo en la Universidad Pompeu Fabra y director de&nbsp;<em>Factual<\/em>. Y es autor, entre otros libros, de&nbsp;<em>Contra Catalunya<\/em>,&nbsp;<em>Raval<\/em>,&nbsp;<em>Diarios<\/em>,&nbsp;<em>En nombre de Franco<\/em>,&nbsp;<em>Un buen t\u00edo<\/em>,&nbsp;<em>Sed de lex<\/em>&nbsp;y&nbsp;<em>La verdad<\/em>.<\/p>\n\n\n\n<p>El autor charlar\u00e1 con el m\u00e9dico <strong>Pedro Barrio<\/strong> y el periodista <strong>Pablo Garc\u00eda Mancha.<\/strong><\/p>\n","protected":false},"excerpt":{"rendered":"<p>\u00abLa buena suerte\u00bb, con Vanesa G. Urbina. Eduardo S\u00e1enz de Cabez\u00f3n presenta \u00abInvitaci\u00f3n al aprendizaje\u00bb. Arcadi Espada presenta \u00abVida de Arcadio\u00bb<\/p>\n","protected":false},"author":4,"featured_media":3914,"comment_status":"closed","ping_status":"closed","sticky":false,"template":"","format":"standard","meta":{"footnotes":""},"categories":[10,12,13],"tags":[],"class_list":["post-3948","post","type-post","status-publish","format-standard","has-post-thumbnail","hentry","category-charlas","category-libros","category-libros-do-rioja"],"yoast_head":"<!-- This site is optimized with the Yoast SEO plugin v27.2 - https:\/\/yoast.com\/product\/yoast-seo-wordpress\/ -->\n<title>Libros Para Crecer, Eduardo S\u00e1enz de Cabez\u00f3n y Arcadi Espada - Santos Ochoa Logro\u00f1o<\/title>\n<meta name=\"description\" content=\"&quot;La buena suerte&quot;, con Vanesa G. Urbina. Eduardo S\u00e1enz de Cabez\u00f3n presenta &quot;Invitaci\u00f3n al aprendizaje&quot;. Arcadi Espada presenta &quot;Vida de Arcadio&quot;\" \/>\n<meta name=\"robots\" content=\"index, follow, max-snippet:-1, max-image-preview:large, max-video-preview:-1\" \/>\n<link rel=\"canonical\" href=\"https:\/\/blogs.santosochoa.es\/logrono\/libros-para-crecer-eduardo-saenz-de-cabezon-y-arcadi-espada\/\" \/>\n<meta property=\"og:locale\" content=\"es_ES\" \/>\n<meta property=\"og:type\" content=\"article\" \/>\n<meta property=\"og:title\" content=\"Libros Para Crecer, Eduardo S\u00e1enz de Cabez\u00f3n y Arcadi Espada - Santos Ochoa Logro\u00f1o\" \/>\n<meta property=\"og:description\" content=\"&quot;La buena suerte&quot;, con Vanesa G. Urbina. Eduardo S\u00e1enz de Cabez\u00f3n presenta &quot;Invitaci\u00f3n al aprendizaje&quot;. Arcadi Espada presenta &quot;Vida de Arcadio&quot;\" \/>\n<meta property=\"og:url\" content=\"https:\/\/blogs.santosochoa.es\/logrono\/libros-para-crecer-eduardo-saenz-de-cabezon-y-arcadi-espada\/\" \/>\n<meta property=\"og:site_name\" content=\"Santos Ochoa Logro\u00f1o\" \/>\n<meta property=\"article:author\" content=\"https:\/\/www.facebook.com\/santosochoalog\" \/>\n<meta property=\"article:published_time\" content=\"2023-10-18T11:39:10+00:00\" \/>\n<meta property=\"article:modified_time\" content=\"2023-10-18T11:39:11+00:00\" \/>\n<meta property=\"og:image\" content=\"https:\/\/blogs.santosochoa.es\/logrono\/wp-content\/uploads\/sites\/2\/2023\/09\/invitacion-al-aprendizaje_eduardo-saenz-de-cabezon.jpg\" \/>\n\t<meta property=\"og:image:width\" content=\"591\" \/>\n\t<meta property=\"og:image:height\" content=\"896\" \/>\n\t<meta property=\"og:image:type\" content=\"image\/jpeg\" \/>\n<meta name=\"author\" content=\"Santos Ochoa Logro\u00f1o\" \/>\n<meta name=\"twitter:card\" content=\"summary_large_image\" \/>\n<meta name=\"twitter:creator\" content=\"@santosochoalog\" \/>\n<meta name=\"twitter:label1\" content=\"Written by\" \/>\n\t<meta name=\"twitter:data1\" content=\"Santos Ochoa Logro\u00f1o\" \/>\n\t<meta name=\"twitter:label2\" content=\"Est. reading time\" \/>\n\t<meta name=\"twitter:data2\" content=\"5 minutos\" \/>\n<script type=\"application\/ld+json\" class=\"yoast-schema-graph\">{\"@context\":\"https:\/\/schema.org\",\"@graph\":[{\"@type\":\"Article\",\"@id\":\"https:\/\/blogs.santosochoa.es\/logrono\/libros-para-crecer-eduardo-saenz-de-cabezon-y-arcadi-espada\/#article\",\"isPartOf\":{\"@id\":\"https:\/\/blogs.santosochoa.es\/logrono\/libros-para-crecer-eduardo-saenz-de-cabezon-y-arcadi-espada\/\"},\"author\":{\"name\":\"Santos Ochoa Logro\u00f1o\",\"@id\":\"https:\/\/blogs.santosochoa.es\/logrono\/#\/schema\/person\/103664eb8c60fbeea1880c704687c2e3\"},\"headline\":\"Libros Para Crecer, Eduardo S\u00e1enz de Cabez\u00f3n y Arcadi Espada\",\"datePublished\":\"2023-10-18T11:39:10+00:00\",\"dateModified\":\"2023-10-18T11:39:11+00:00\",\"mainEntityOfPage\":{\"@id\":\"https:\/\/blogs.santosochoa.es\/logrono\/libros-para-crecer-eduardo-saenz-de-cabezon-y-arcadi-espada\/\"},\"wordCount\":1079,\"image\":{\"@id\":\"https:\/\/blogs.santosochoa.es\/logrono\/libros-para-crecer-eduardo-saenz-de-cabezon-y-arcadi-espada\/#primaryimage\"},\"thumbnailUrl\":\"https:\/\/blogs.santosochoa.es\/logrono\/wp-content\/uploads\/sites\/2\/2023\/09\/invitacion-al-aprendizaje_eduardo-saenz-de-cabezon.jpg\",\"articleSection\":[\"charlas\",\"libros\",\"libros do rioja\"],\"inLanguage\":\"es\"},{\"@type\":\"WebPage\",\"@id\":\"https:\/\/blogs.santosochoa.es\/logrono\/libros-para-crecer-eduardo-saenz-de-cabezon-y-arcadi-espada\/\",\"url\":\"https:\/\/blogs.santosochoa.es\/logrono\/libros-para-crecer-eduardo-saenz-de-cabezon-y-arcadi-espada\/\",\"name\":\"Libros Para Crecer, Eduardo S\u00e1enz de Cabez\u00f3n y Arcadi Espada - Santos Ochoa Logro\u00f1o\",\"isPartOf\":{\"@id\":\"https:\/\/blogs.santosochoa.es\/logrono\/#website\"},\"primaryImageOfPage\":{\"@id\":\"https:\/\/blogs.santosochoa.es\/logrono\/libros-para-crecer-eduardo-saenz-de-cabezon-y-arcadi-espada\/#primaryimage\"},\"image\":{\"@id\":\"https:\/\/blogs.santosochoa.es\/logrono\/libros-para-crecer-eduardo-saenz-de-cabezon-y-arcadi-espada\/#primaryimage\"},\"thumbnailUrl\":\"https:\/\/blogs.santosochoa.es\/logrono\/wp-content\/uploads\/sites\/2\/2023\/09\/invitacion-al-aprendizaje_eduardo-saenz-de-cabezon.jpg\",\"datePublished\":\"2023-10-18T11:39:10+00:00\",\"dateModified\":\"2023-10-18T11:39:11+00:00\",\"author\":{\"@id\":\"https:\/\/blogs.santosochoa.es\/logrono\/#\/schema\/person\/103664eb8c60fbeea1880c704687c2e3\"},\"description\":\"\\\"La buena suerte\\\", con Vanesa G. Urbina. Eduardo S\u00e1enz de Cabez\u00f3n presenta \\\"Invitaci\u00f3n al aprendizaje\\\". Arcadi Espada presenta \\\"Vida de Arcadio\\\"\",\"breadcrumb\":{\"@id\":\"https:\/\/blogs.santosochoa.es\/logrono\/libros-para-crecer-eduardo-saenz-de-cabezon-y-arcadi-espada\/#breadcrumb\"},\"inLanguage\":\"es\",\"potentialAction\":[{\"@type\":\"ReadAction\",\"target\":[\"https:\/\/blogs.santosochoa.es\/logrono\/libros-para-crecer-eduardo-saenz-de-cabezon-y-arcadi-espada\/\"]}]},{\"@type\":\"ImageObject\",\"inLanguage\":\"es\",\"@id\":\"https:\/\/blogs.santosochoa.es\/logrono\/libros-para-crecer-eduardo-saenz-de-cabezon-y-arcadi-espada\/#primaryimage\",\"url\":\"https:\/\/blogs.santosochoa.es\/logrono\/wp-content\/uploads\/sites\/2\/2023\/09\/invitacion-al-aprendizaje_eduardo-saenz-de-cabezon.jpg\",\"contentUrl\":\"https:\/\/blogs.santosochoa.es\/logrono\/wp-content\/uploads\/sites\/2\/2023\/09\/invitacion-al-aprendizaje_eduardo-saenz-de-cabezon.jpg\",\"width\":591,\"height\":896},{\"@type\":\"BreadcrumbList\",\"@id\":\"https:\/\/blogs.santosochoa.es\/logrono\/libros-para-crecer-eduardo-saenz-de-cabezon-y-arcadi-espada\/#breadcrumb\",\"itemListElement\":[{\"@type\":\"ListItem\",\"position\":1,\"name\":\"Home\",\"item\":\"https:\/\/blogs.santosochoa.es\/logrono\/\"},{\"@type\":\"ListItem\",\"position\":2,\"name\":\"Libros Para Crecer, Eduardo S\u00e1enz de Cabez\u00f3n y Arcadi Espada\"}]},{\"@type\":\"WebSite\",\"@id\":\"https:\/\/blogs.santosochoa.es\/logrono\/#website\",\"url\":\"https:\/\/blogs.santosochoa.es\/logrono\/\",\"name\":\"Santos Ochoa Logro\u00f1o\",\"description\":\"Tu Librer\u00eda Online\",\"potentialAction\":[{\"@type\":\"SearchAction\",\"target\":{\"@type\":\"EntryPoint\",\"urlTemplate\":\"https:\/\/blogs.santosochoa.es\/logrono\/?s={search_term_string}\"},\"query-input\":{\"@type\":\"PropertyValueSpecification\",\"valueRequired\":true,\"valueName\":\"search_term_string\"}}],\"inLanguage\":\"es\"},{\"@type\":\"Person\",\"@id\":\"https:\/\/blogs.santosochoa.es\/logrono\/#\/schema\/person\/103664eb8c60fbeea1880c704687c2e3\",\"name\":\"Santos Ochoa Logro\u00f1o\",\"sameAs\":[\"http:\/\/santosochoa.es\",\"https:\/\/www.facebook.com\/santosochoalog\",\"https:\/\/www.instagram.com\/santosochoalog\/\",\"https:\/\/x.com\/santosochoalog\",\"https:\/\/www.youtube.com\/c\/SantosOchoaLibros\"]}]}<\/script>\n<!-- \/ Yoast SEO plugin. -->","yoast_head_json":{"title":"Libros Para Crecer, Eduardo S\u00e1enz de Cabez\u00f3n y Arcadi Espada - Santos Ochoa Logro\u00f1o","description":"\"La buena suerte\", con Vanesa G. Urbina. Eduardo S\u00e1enz de Cabez\u00f3n presenta \"Invitaci\u00f3n al aprendizaje\". Arcadi Espada presenta \"Vida de Arcadio\"","robots":{"index":"index","follow":"follow","max-snippet":"max-snippet:-1","max-image-preview":"max-image-preview:large","max-video-preview":"max-video-preview:-1"},"canonical":"https:\/\/blogs.santosochoa.es\/logrono\/libros-para-crecer-eduardo-saenz-de-cabezon-y-arcadi-espada\/","og_locale":"es_ES","og_type":"article","og_title":"Libros Para Crecer, Eduardo S\u00e1enz de Cabez\u00f3n y Arcadi Espada - Santos Ochoa Logro\u00f1o","og_description":"\"La buena suerte\", con Vanesa G. Urbina. Eduardo S\u00e1enz de Cabez\u00f3n presenta \"Invitaci\u00f3n al aprendizaje\". Arcadi Espada presenta \"Vida de Arcadio\"","og_url":"https:\/\/blogs.santosochoa.es\/logrono\/libros-para-crecer-eduardo-saenz-de-cabezon-y-arcadi-espada\/","og_site_name":"Santos Ochoa Logro\u00f1o","article_author":"https:\/\/www.facebook.com\/santosochoalog","article_published_time":"2023-10-18T11:39:10+00:00","article_modified_time":"2023-10-18T11:39:11+00:00","og_image":[{"width":591,"height":896,"url":"https:\/\/blogs.santosochoa.es\/logrono\/wp-content\/uploads\/sites\/2\/2023\/09\/invitacion-al-aprendizaje_eduardo-saenz-de-cabezon.jpg","type":"image\/jpeg"}],"author":"Santos Ochoa Logro\u00f1o","twitter_card":"summary_large_image","twitter_creator":"@santosochoalog","twitter_misc":{"Written by":"Santos Ochoa Logro\u00f1o","Est. reading time":"5 minutos"},"schema":{"@context":"https:\/\/schema.org","@graph":[{"@type":"Article","@id":"https:\/\/blogs.santosochoa.es\/logrono\/libros-para-crecer-eduardo-saenz-de-cabezon-y-arcadi-espada\/#article","isPartOf":{"@id":"https:\/\/blogs.santosochoa.es\/logrono\/libros-para-crecer-eduardo-saenz-de-cabezon-y-arcadi-espada\/"},"author":{"name":"Santos Ochoa Logro\u00f1o","@id":"https:\/\/blogs.santosochoa.es\/logrono\/#\/schema\/person\/103664eb8c60fbeea1880c704687c2e3"},"headline":"Libros Para Crecer, Eduardo S\u00e1enz de Cabez\u00f3n y Arcadi Espada","datePublished":"2023-10-18T11:39:10+00:00","dateModified":"2023-10-18T11:39:11+00:00","mainEntityOfPage":{"@id":"https:\/\/blogs.santosochoa.es\/logrono\/libros-para-crecer-eduardo-saenz-de-cabezon-y-arcadi-espada\/"},"wordCount":1079,"image":{"@id":"https:\/\/blogs.santosochoa.es\/logrono\/libros-para-crecer-eduardo-saenz-de-cabezon-y-arcadi-espada\/#primaryimage"},"thumbnailUrl":"https:\/\/blogs.santosochoa.es\/logrono\/wp-content\/uploads\/sites\/2\/2023\/09\/invitacion-al-aprendizaje_eduardo-saenz-de-cabezon.jpg","articleSection":["charlas","libros","libros do rioja"],"inLanguage":"es"},{"@type":"WebPage","@id":"https:\/\/blogs.santosochoa.es\/logrono\/libros-para-crecer-eduardo-saenz-de-cabezon-y-arcadi-espada\/","url":"https:\/\/blogs.santosochoa.es\/logrono\/libros-para-crecer-eduardo-saenz-de-cabezon-y-arcadi-espada\/","name":"Libros Para Crecer, Eduardo S\u00e1enz de Cabez\u00f3n y Arcadi Espada - Santos Ochoa Logro\u00f1o","isPartOf":{"@id":"https:\/\/blogs.santosochoa.es\/logrono\/#website"},"primaryImageOfPage":{"@id":"https:\/\/blogs.santosochoa.es\/logrono\/libros-para-crecer-eduardo-saenz-de-cabezon-y-arcadi-espada\/#primaryimage"},"image":{"@id":"https:\/\/blogs.santosochoa.es\/logrono\/libros-para-crecer-eduardo-saenz-de-cabezon-y-arcadi-espada\/#primaryimage"},"thumbnailUrl":"https:\/\/blogs.santosochoa.es\/logrono\/wp-content\/uploads\/sites\/2\/2023\/09\/invitacion-al-aprendizaje_eduardo-saenz-de-cabezon.jpg","datePublished":"2023-10-18T11:39:10+00:00","dateModified":"2023-10-18T11:39:11+00:00","author":{"@id":"https:\/\/blogs.santosochoa.es\/logrono\/#\/schema\/person\/103664eb8c60fbeea1880c704687c2e3"},"description":"\"La buena suerte\", con Vanesa G. Urbina. Eduardo S\u00e1enz de Cabez\u00f3n presenta \"Invitaci\u00f3n al aprendizaje\". Arcadi Espada presenta \"Vida de Arcadio\"","breadcrumb":{"@id":"https:\/\/blogs.santosochoa.es\/logrono\/libros-para-crecer-eduardo-saenz-de-cabezon-y-arcadi-espada\/#breadcrumb"},"inLanguage":"es","potentialAction":[{"@type":"ReadAction","target":["https:\/\/blogs.santosochoa.es\/logrono\/libros-para-crecer-eduardo-saenz-de-cabezon-y-arcadi-espada\/"]}]},{"@type":"ImageObject","inLanguage":"es","@id":"https:\/\/blogs.santosochoa.es\/logrono\/libros-para-crecer-eduardo-saenz-de-cabezon-y-arcadi-espada\/#primaryimage","url":"https:\/\/blogs.santosochoa.es\/logrono\/wp-content\/uploads\/sites\/2\/2023\/09\/invitacion-al-aprendizaje_eduardo-saenz-de-cabezon.jpg","contentUrl":"https:\/\/blogs.santosochoa.es\/logrono\/wp-content\/uploads\/sites\/2\/2023\/09\/invitacion-al-aprendizaje_eduardo-saenz-de-cabezon.jpg","width":591,"height":896},{"@type":"BreadcrumbList","@id":"https:\/\/blogs.santosochoa.es\/logrono\/libros-para-crecer-eduardo-saenz-de-cabezon-y-arcadi-espada\/#breadcrumb","itemListElement":[{"@type":"ListItem","position":1,"name":"Home","item":"https:\/\/blogs.santosochoa.es\/logrono\/"},{"@type":"ListItem","position":2,"name":"Libros Para Crecer, Eduardo S\u00e1enz de Cabez\u00f3n y Arcadi Espada"}]},{"@type":"WebSite","@id":"https:\/\/blogs.santosochoa.es\/logrono\/#website","url":"https:\/\/blogs.santosochoa.es\/logrono\/","name":"Santos Ochoa Logro\u00f1o","description":"Tu Librer\u00eda Online","potentialAction":[{"@type":"SearchAction","target":{"@type":"EntryPoint","urlTemplate":"https:\/\/blogs.santosochoa.es\/logrono\/?s={search_term_string}"},"query-input":{"@type":"PropertyValueSpecification","valueRequired":true,"valueName":"search_term_string"}}],"inLanguage":"es"},{"@type":"Person","@id":"https:\/\/blogs.santosochoa.es\/logrono\/#\/schema\/person\/103664eb8c60fbeea1880c704687c2e3","name":"Santos Ochoa Logro\u00f1o","sameAs":["http:\/\/santosochoa.es","https:\/\/www.facebook.com\/santosochoalog","https:\/\/www.instagram.com\/santosochoalog\/","https:\/\/x.com\/santosochoalog","https:\/\/www.youtube.com\/c\/SantosOchoaLibros"]}]}},"_links":{"self":[{"href":"https:\/\/blogs.santosochoa.es\/logrono\/wp-json\/wp\/v2\/posts\/3948","targetHints":{"allow":["GET"]}}],"collection":[{"href":"https:\/\/blogs.santosochoa.es\/logrono\/wp-json\/wp\/v2\/posts"}],"about":[{"href":"https:\/\/blogs.santosochoa.es\/logrono\/wp-json\/wp\/v2\/types\/post"}],"author":[{"embeddable":true,"href":"https:\/\/blogs.santosochoa.es\/logrono\/wp-json\/wp\/v2\/users\/4"}],"replies":[{"embeddable":true,"href":"https:\/\/blogs.santosochoa.es\/logrono\/wp-json\/wp\/v2\/comments?post=3948"}],"version-history":[{"count":2,"href":"https:\/\/blogs.santosochoa.es\/logrono\/wp-json\/wp\/v2\/posts\/3948\/revisions"}],"predecessor-version":[{"id":3950,"href":"https:\/\/blogs.santosochoa.es\/logrono\/wp-json\/wp\/v2\/posts\/3948\/revisions\/3950"}],"wp:featuredmedia":[{"embeddable":true,"href":"https:\/\/blogs.santosochoa.es\/logrono\/wp-json\/wp\/v2\/media\/3914"}],"wp:attachment":[{"href":"https:\/\/blogs.santosochoa.es\/logrono\/wp-json\/wp\/v2\/media?parent=3948"}],"wp:term":[{"taxonomy":"category","embeddable":true,"href":"https:\/\/blogs.santosochoa.es\/logrono\/wp-json\/wp\/v2\/categories?post=3948"},{"taxonomy":"post_tag","embeddable":true,"href":"https:\/\/blogs.santosochoa.es\/logrono\/wp-json\/wp\/v2\/tags?post=3948"}],"curies":[{"name":"wp","href":"https:\/\/api.w.org\/{rel}","templated":true}]}}