{"id":389,"date":"2011-09-07T13:18:00","date_gmt":"2011-09-07T13:18:00","guid":{"rendered":"https:\/\/blogs.santosochoa.es\/logrono\/concierto-folk-illo-gronio-presenta-nuevo-disco\/"},"modified":"2011-09-07T13:18:00","modified_gmt":"2011-09-07T13:18:00","slug":"concierto-folk-illo-gronio-presenta-nuevo-disco","status":"publish","type":"post","link":"https:\/\/blogs.santosochoa.es\/logrono\/concierto-folk-illo-gronio-presenta-nuevo-disco\/","title":{"rendered":"Concierto folk, Illo Gronio presenta nuevo disco"},"content":{"rendered":"<p><span style=\"font-family: 'Trebuchet MS', Trebuchet, Verdana, sans-serif;font-size: x-small\"><span style=\"line-height: 18px\"><\/span><\/span><br \/><span style=\"color: #990000;font-family: inherit;font-size: large\"><b><i>Jueves, 8 de septiembre. 19:30 h.<\/i><\/b><\/span><\/p>\n<div style=\"clear: both;text-align: center\"><span style=\"font-family: 'Trebuchet MS', Trebuchet, Verdana, sans-serif;font-size: x-small\"><a href=\"http:\/\/2.bp.blogspot.com\/-WDOTt4M3oN0\/TkTaFDBkcKI\/AAAAAAAAAAw\/Fh5nUYJpEKI\/s1600\/illo-gronio.jpg\" style=\"clear: left;float: left;margin-bottom: 1em;margin-right: 1em\"><img loading=\"lazy\" decoding=\"async\" border=\"0\" height=\"200\" src=\"http:\/\/2.bp.blogspot.com\/-WDOTt4M3oN0\/TkTaFDBkcKI\/AAAAAAAAAAw\/Fh5nUYJpEKI\/s200\/illo-gronio.jpg\" width=\"190\" \/><\/a><\/span><\/div>\n<p><span style=\"font-family: inherit\"><i><b>Camino de Encuentros<\/b><\/i> es el sugerente t\u00edtulo del \u00faltimo trabajo de <a href=\"http:\/\/www.myspace.com\/illogronio\">Illo Gronio<\/a>. Sus temas est\u00e1n inspirados en melod\u00edas de canciones y danzas populares de La Rioja. Combinan instrumentos cl\u00e1sicos y tradicionales logrando un sonido muy personal: m\u00fasica de fusi\u00f3n con ra\u00edces celtas, ritmos \u00e9tnicos e influencias de rock, jazz y pop.<\/span><br \/><span style=\"font-family: inherit\"><br \/><\/span><span style=\"font-family: inherit\">En el concierto ac\u00fastico de este jueves, el cuarteto nos hablar\u00e1 de las canciones, de sus or\u00edgenes e inspiraciones, tocar\u00e1 en directo y dedicar\u00e1 el disco a los asistentes que lo deseen. <b>Pilar Rubio<\/b> al acorde\u00f3n, <b>Alfredo Rodr\u00edguez<\/b> con su viol\u00edn, <b>Rafael Ibarrula<\/b> en los teclados y <b>Jos\u00e9 Mar\u00eda Rosc\u00f3n<\/b> con flautas, whistles y gaita de bota. Suena muy muy bien&#8230;<\/span><\/p>\n","protected":false},"excerpt":{"rendered":"<p>Jueves, 8 de septiembre. 19:30 h. Camino de Encuentros es el sugerente t\u00edtulo del \u00faltimo trabajo de Illo Gronio. Sus temas est\u00e1n inspirados en melod\u00edas de canciones y danzas populares de La Rioja. Combinan instrumentos cl\u00e1sicos y tradicionales logrando un sonido muy personal: m\u00fasica de fusi\u00f3n con ra\u00edces celtas, ritmos \u00e9tnicos e influencias de rock, [&hellip;]<\/p>\n","protected":false},"author":4,"featured_media":0,"comment_status":"open","ping_status":"open","sticky":false,"template":"","format":"standard","meta":{"footnotes":""},"categories":[17],"tags":[],"class_list":["post-389","post","type-post","status-publish","format-standard","hentry","category-musica"],"yoast_head":"<!-- This site is optimized with the Yoast SEO plugin v27.2 - https:\/\/yoast.com\/product\/yoast-seo-wordpress\/ -->\n<title>Concierto folk, Illo Gronio presenta nuevo disco - Santos Ochoa Logro\u00f1o<\/title>\n<meta name=\"robots\" content=\"index, follow, max-snippet:-1, max-image-preview:large, max-video-preview:-1\" \/>\n<link rel=\"canonical\" href=\"https:\/\/blogs.santosochoa.es\/logrono\/concierto-folk-illo-gronio-presenta-nuevo-disco\/\" \/>\n<meta property=\"og:locale\" content=\"es_ES\" \/>\n<meta property=\"og:type\" content=\"article\" \/>\n<meta property=\"og:title\" content=\"Concierto folk, Illo Gronio presenta nuevo disco - Santos Ochoa Logro\u00f1o\" \/>\n<meta property=\"og:description\" content=\"Jueves, 8 de septiembre. 19:30 h. Camino de Encuentros es el sugerente t\u00edtulo del \u00faltimo trabajo de Illo Gronio. Sus temas est\u00e1n inspirados en melod\u00edas de canciones y danzas populares de La Rioja. Combinan instrumentos cl\u00e1sicos y tradicionales logrando un sonido muy personal: m\u00fasica de fusi\u00f3n con ra\u00edces celtas, ritmos \u00e9tnicos e influencias de rock, [&hellip;]\" \/>\n<meta property=\"og:url\" content=\"https:\/\/blogs.santosochoa.es\/logrono\/concierto-folk-illo-gronio-presenta-nuevo-disco\/\" \/>\n<meta property=\"og:site_name\" content=\"Santos Ochoa Logro\u00f1o\" \/>\n<meta property=\"article:author\" content=\"https:\/\/www.facebook.com\/santosochoalog\" \/>\n<meta property=\"article:published_time\" content=\"2011-09-07T13:18:00+00:00\" \/>\n<meta property=\"og:image\" content=\"http:\/\/2.bp.blogspot.com\/-WDOTt4M3oN0\/TkTaFDBkcKI\/AAAAAAAAAAw\/Fh5nUYJpEKI\/s200\/illo-gronio.jpg\" \/>\n<meta name=\"author\" content=\"Santos Ochoa Logro\u00f1o\" \/>\n<meta name=\"twitter:card\" content=\"summary_large_image\" \/>\n<meta name=\"twitter:creator\" content=\"@santosochoalog\" \/>\n<meta name=\"twitter:label1\" content=\"Written by\" \/>\n\t<meta name=\"twitter:data1\" content=\"Santos Ochoa Logro\u00f1o\" \/>\n\t<meta name=\"twitter:label2\" content=\"Est. reading time\" \/>\n\t<meta name=\"twitter:data2\" content=\"1 minuto\" \/>\n<script type=\"application\/ld+json\" class=\"yoast-schema-graph\">{\"@context\":\"https:\/\/schema.org\",\"@graph\":[{\"@type\":\"Article\",\"@id\":\"https:\/\/blogs.santosochoa.es\/logrono\/concierto-folk-illo-gronio-presenta-nuevo-disco\/#article\",\"isPartOf\":{\"@id\":\"https:\/\/blogs.santosochoa.es\/logrono\/concierto-folk-illo-gronio-presenta-nuevo-disco\/\"},\"author\":{\"name\":\"Santos Ochoa Logro\u00f1o\",\"@id\":\"https:\/\/blogs.santosochoa.es\/logrono\/#\/schema\/person\/103664eb8c60fbeea1880c704687c2e3\"},\"headline\":\"Concierto folk, Illo Gronio presenta nuevo disco\",\"datePublished\":\"2011-09-07T13:18:00+00:00\",\"mainEntityOfPage\":{\"@id\":\"https:\/\/blogs.santosochoa.es\/logrono\/concierto-folk-illo-gronio-presenta-nuevo-disco\/\"},\"wordCount\":138,\"commentCount\":0,\"image\":{\"@id\":\"https:\/\/blogs.santosochoa.es\/logrono\/concierto-folk-illo-gronio-presenta-nuevo-disco\/#primaryimage\"},\"thumbnailUrl\":\"http:\/\/2.bp.blogspot.com\/-WDOTt4M3oN0\/TkTaFDBkcKI\/AAAAAAAAAAw\/Fh5nUYJpEKI\/s200\/illo-gronio.jpg\",\"articleSection\":[\"m\u00fasica\"],\"inLanguage\":\"es\",\"potentialAction\":[{\"@type\":\"CommentAction\",\"name\":\"Comment\",\"target\":[\"https:\/\/blogs.santosochoa.es\/logrono\/concierto-folk-illo-gronio-presenta-nuevo-disco\/#respond\"]}]},{\"@type\":\"WebPage\",\"@id\":\"https:\/\/blogs.santosochoa.es\/logrono\/concierto-folk-illo-gronio-presenta-nuevo-disco\/\",\"url\":\"https:\/\/blogs.santosochoa.es\/logrono\/concierto-folk-illo-gronio-presenta-nuevo-disco\/\",\"name\":\"Concierto folk, Illo Gronio presenta nuevo disco - Santos Ochoa Logro\u00f1o\",\"isPartOf\":{\"@id\":\"https:\/\/blogs.santosochoa.es\/logrono\/#website\"},\"primaryImageOfPage\":{\"@id\":\"https:\/\/blogs.santosochoa.es\/logrono\/concierto-folk-illo-gronio-presenta-nuevo-disco\/#primaryimage\"},\"image\":{\"@id\":\"https:\/\/blogs.santosochoa.es\/logrono\/concierto-folk-illo-gronio-presenta-nuevo-disco\/#primaryimage\"},\"thumbnailUrl\":\"http:\/\/2.bp.blogspot.com\/-WDOTt4M3oN0\/TkTaFDBkcKI\/AAAAAAAAAAw\/Fh5nUYJpEKI\/s200\/illo-gronio.jpg\",\"datePublished\":\"2011-09-07T13:18:00+00:00\",\"author\":{\"@id\":\"https:\/\/blogs.santosochoa.es\/logrono\/#\/schema\/person\/103664eb8c60fbeea1880c704687c2e3\"},\"breadcrumb\":{\"@id\":\"https:\/\/blogs.santosochoa.es\/logrono\/concierto-folk-illo-gronio-presenta-nuevo-disco\/#breadcrumb\"},\"inLanguage\":\"es\",\"potentialAction\":[{\"@type\":\"ReadAction\",\"target\":[\"https:\/\/blogs.santosochoa.es\/logrono\/concierto-folk-illo-gronio-presenta-nuevo-disco\/\"]}]},{\"@type\":\"ImageObject\",\"inLanguage\":\"es\",\"@id\":\"https:\/\/blogs.santosochoa.es\/logrono\/concierto-folk-illo-gronio-presenta-nuevo-disco\/#primaryimage\",\"url\":\"http:\/\/2.bp.blogspot.com\/-WDOTt4M3oN0\/TkTaFDBkcKI\/AAAAAAAAAAw\/Fh5nUYJpEKI\/s200\/illo-gronio.jpg\",\"contentUrl\":\"http:\/\/2.bp.blogspot.com\/-WDOTt4M3oN0\/TkTaFDBkcKI\/AAAAAAAAAAw\/Fh5nUYJpEKI\/s200\/illo-gronio.jpg\"},{\"@type\":\"BreadcrumbList\",\"@id\":\"https:\/\/blogs.santosochoa.es\/logrono\/concierto-folk-illo-gronio-presenta-nuevo-disco\/#breadcrumb\",\"itemListElement\":[{\"@type\":\"ListItem\",\"position\":1,\"name\":\"Home\",\"item\":\"https:\/\/blogs.santosochoa.es\/logrono\/\"},{\"@type\":\"ListItem\",\"position\":2,\"name\":\"Concierto folk, Illo Gronio presenta nuevo disco\"}]},{\"@type\":\"WebSite\",\"@id\":\"https:\/\/blogs.santosochoa.es\/logrono\/#website\",\"url\":\"https:\/\/blogs.santosochoa.es\/logrono\/\",\"name\":\"Santos Ochoa Logro\u00f1o\",\"description\":\"Tu Librer\u00eda Online\",\"potentialAction\":[{\"@type\":\"SearchAction\",\"target\":{\"@type\":\"EntryPoint\",\"urlTemplate\":\"https:\/\/blogs.santosochoa.es\/logrono\/?s={search_term_string}\"},\"query-input\":{\"@type\":\"PropertyValueSpecification\",\"valueRequired\":true,\"valueName\":\"search_term_string\"}}],\"inLanguage\":\"es\"},{\"@type\":\"Person\",\"@id\":\"https:\/\/blogs.santosochoa.es\/logrono\/#\/schema\/person\/103664eb8c60fbeea1880c704687c2e3\",\"name\":\"Santos Ochoa Logro\u00f1o\",\"sameAs\":[\"http:\/\/santosochoa.es\",\"https:\/\/www.facebook.com\/santosochoalog\",\"https:\/\/www.instagram.com\/santosochoalog\/\",\"https:\/\/x.com\/santosochoalog\",\"https:\/\/www.youtube.com\/c\/SantosOchoaLibros\"]}]}<\/script>\n<!-- \/ Yoast SEO plugin. -->","yoast_head_json":{"title":"Concierto folk, Illo Gronio presenta nuevo disco - Santos Ochoa Logro\u00f1o","robots":{"index":"index","follow":"follow","max-snippet":"max-snippet:-1","max-image-preview":"max-image-preview:large","max-video-preview":"max-video-preview:-1"},"canonical":"https:\/\/blogs.santosochoa.es\/logrono\/concierto-folk-illo-gronio-presenta-nuevo-disco\/","og_locale":"es_ES","og_type":"article","og_title":"Concierto folk, Illo Gronio presenta nuevo disco - Santos Ochoa Logro\u00f1o","og_description":"Jueves, 8 de septiembre. 19:30 h. Camino de Encuentros es el sugerente t\u00edtulo del \u00faltimo trabajo de Illo Gronio. Sus temas est\u00e1n inspirados en melod\u00edas de canciones y danzas populares de La Rioja. Combinan instrumentos cl\u00e1sicos y tradicionales logrando un sonido muy personal: m\u00fasica de fusi\u00f3n con ra\u00edces celtas, ritmos \u00e9tnicos e influencias de rock, [&hellip;]","og_url":"https:\/\/blogs.santosochoa.es\/logrono\/concierto-folk-illo-gronio-presenta-nuevo-disco\/","og_site_name":"Santos Ochoa Logro\u00f1o","article_author":"https:\/\/www.facebook.com\/santosochoalog","article_published_time":"2011-09-07T13:18:00+00:00","og_image":[{"url":"http:\/\/2.bp.blogspot.com\/-WDOTt4M3oN0\/TkTaFDBkcKI\/AAAAAAAAAAw\/Fh5nUYJpEKI\/s200\/illo-gronio.jpg","type":"","width":"","height":""}],"author":"Santos Ochoa Logro\u00f1o","twitter_card":"summary_large_image","twitter_creator":"@santosochoalog","twitter_misc":{"Written by":"Santos Ochoa Logro\u00f1o","Est. reading time":"1 minuto"},"schema":{"@context":"https:\/\/schema.org","@graph":[{"@type":"Article","@id":"https:\/\/blogs.santosochoa.es\/logrono\/concierto-folk-illo-gronio-presenta-nuevo-disco\/#article","isPartOf":{"@id":"https:\/\/blogs.santosochoa.es\/logrono\/concierto-folk-illo-gronio-presenta-nuevo-disco\/"},"author":{"name":"Santos Ochoa Logro\u00f1o","@id":"https:\/\/blogs.santosochoa.es\/logrono\/#\/schema\/person\/103664eb8c60fbeea1880c704687c2e3"},"headline":"Concierto folk, Illo Gronio presenta nuevo disco","datePublished":"2011-09-07T13:18:00+00:00","mainEntityOfPage":{"@id":"https:\/\/blogs.santosochoa.es\/logrono\/concierto-folk-illo-gronio-presenta-nuevo-disco\/"},"wordCount":138,"commentCount":0,"image":{"@id":"https:\/\/blogs.santosochoa.es\/logrono\/concierto-folk-illo-gronio-presenta-nuevo-disco\/#primaryimage"},"thumbnailUrl":"http:\/\/2.bp.blogspot.com\/-WDOTt4M3oN0\/TkTaFDBkcKI\/AAAAAAAAAAw\/Fh5nUYJpEKI\/s200\/illo-gronio.jpg","articleSection":["m\u00fasica"],"inLanguage":"es","potentialAction":[{"@type":"CommentAction","name":"Comment","target":["https:\/\/blogs.santosochoa.es\/logrono\/concierto-folk-illo-gronio-presenta-nuevo-disco\/#respond"]}]},{"@type":"WebPage","@id":"https:\/\/blogs.santosochoa.es\/logrono\/concierto-folk-illo-gronio-presenta-nuevo-disco\/","url":"https:\/\/blogs.santosochoa.es\/logrono\/concierto-folk-illo-gronio-presenta-nuevo-disco\/","name":"Concierto folk, Illo Gronio presenta nuevo disco - Santos Ochoa Logro\u00f1o","isPartOf":{"@id":"https:\/\/blogs.santosochoa.es\/logrono\/#website"},"primaryImageOfPage":{"@id":"https:\/\/blogs.santosochoa.es\/logrono\/concierto-folk-illo-gronio-presenta-nuevo-disco\/#primaryimage"},"image":{"@id":"https:\/\/blogs.santosochoa.es\/logrono\/concierto-folk-illo-gronio-presenta-nuevo-disco\/#primaryimage"},"thumbnailUrl":"http:\/\/2.bp.blogspot.com\/-WDOTt4M3oN0\/TkTaFDBkcKI\/AAAAAAAAAAw\/Fh5nUYJpEKI\/s200\/illo-gronio.jpg","datePublished":"2011-09-07T13:18:00+00:00","author":{"@id":"https:\/\/blogs.santosochoa.es\/logrono\/#\/schema\/person\/103664eb8c60fbeea1880c704687c2e3"},"breadcrumb":{"@id":"https:\/\/blogs.santosochoa.es\/logrono\/concierto-folk-illo-gronio-presenta-nuevo-disco\/#breadcrumb"},"inLanguage":"es","potentialAction":[{"@type":"ReadAction","target":["https:\/\/blogs.santosochoa.es\/logrono\/concierto-folk-illo-gronio-presenta-nuevo-disco\/"]}]},{"@type":"ImageObject","inLanguage":"es","@id":"https:\/\/blogs.santosochoa.es\/logrono\/concierto-folk-illo-gronio-presenta-nuevo-disco\/#primaryimage","url":"http:\/\/2.bp.blogspot.com\/-WDOTt4M3oN0\/TkTaFDBkcKI\/AAAAAAAAAAw\/Fh5nUYJpEKI\/s200\/illo-gronio.jpg","contentUrl":"http:\/\/2.bp.blogspot.com\/-WDOTt4M3oN0\/TkTaFDBkcKI\/AAAAAAAAAAw\/Fh5nUYJpEKI\/s200\/illo-gronio.jpg"},{"@type":"BreadcrumbList","@id":"https:\/\/blogs.santosochoa.es\/logrono\/concierto-folk-illo-gronio-presenta-nuevo-disco\/#breadcrumb","itemListElement":[{"@type":"ListItem","position":1,"name":"Home","item":"https:\/\/blogs.santosochoa.es\/logrono\/"},{"@type":"ListItem","position":2,"name":"Concierto folk, Illo Gronio presenta nuevo disco"}]},{"@type":"WebSite","@id":"https:\/\/blogs.santosochoa.es\/logrono\/#website","url":"https:\/\/blogs.santosochoa.es\/logrono\/","name":"Santos Ochoa Logro\u00f1o","description":"Tu Librer\u00eda Online","potentialAction":[{"@type":"SearchAction","target":{"@type":"EntryPoint","urlTemplate":"https:\/\/blogs.santosochoa.es\/logrono\/?s={search_term_string}"},"query-input":{"@type":"PropertyValueSpecification","valueRequired":true,"valueName":"search_term_string"}}],"inLanguage":"es"},{"@type":"Person","@id":"https:\/\/blogs.santosochoa.es\/logrono\/#\/schema\/person\/103664eb8c60fbeea1880c704687c2e3","name":"Santos Ochoa Logro\u00f1o","sameAs":["http:\/\/santosochoa.es","https:\/\/www.facebook.com\/santosochoalog","https:\/\/www.instagram.com\/santosochoalog\/","https:\/\/x.com\/santosochoalog","https:\/\/www.youtube.com\/c\/SantosOchoaLibros"]}]}},"_links":{"self":[{"href":"https:\/\/blogs.santosochoa.es\/logrono\/wp-json\/wp\/v2\/posts\/389","targetHints":{"allow":["GET"]}}],"collection":[{"href":"https:\/\/blogs.santosochoa.es\/logrono\/wp-json\/wp\/v2\/posts"}],"about":[{"href":"https:\/\/blogs.santosochoa.es\/logrono\/wp-json\/wp\/v2\/types\/post"}],"author":[{"embeddable":true,"href":"https:\/\/blogs.santosochoa.es\/logrono\/wp-json\/wp\/v2\/users\/4"}],"replies":[{"embeddable":true,"href":"https:\/\/blogs.santosochoa.es\/logrono\/wp-json\/wp\/v2\/comments?post=389"}],"version-history":[{"count":0,"href":"https:\/\/blogs.santosochoa.es\/logrono\/wp-json\/wp\/v2\/posts\/389\/revisions"}],"wp:attachment":[{"href":"https:\/\/blogs.santosochoa.es\/logrono\/wp-json\/wp\/v2\/media?parent=389"}],"wp:term":[{"taxonomy":"category","embeddable":true,"href":"https:\/\/blogs.santosochoa.es\/logrono\/wp-json\/wp\/v2\/categories?post=389"},{"taxonomy":"post_tag","embeddable":true,"href":"https:\/\/blogs.santosochoa.es\/logrono\/wp-json\/wp\/v2\/tags?post=389"}],"curies":[{"name":"wp","href":"https:\/\/api.w.org\/{rel}","templated":true}]}}