{"id":3887,"date":"2023-08-08T11:16:37","date_gmt":"2023-08-08T09:16:37","guid":{"rendered":"https:\/\/blogs.santosochoa.es\/logrono\/?p=3887"},"modified":"2023-08-08T11:16:38","modified_gmt":"2023-08-08T09:16:38","slug":"agosto-clandestino-en-santos-ochoa","status":"publish","type":"post","link":"https:\/\/blogs.santosochoa.es\/logrono\/agosto-clandestino-en-santos-ochoa\/","title":{"rendered":"Caf\u00e9s con Hielo y Poes\u00eda. Agosto Clandestino en Santos Ochoa"},"content":{"rendered":"\n<h2 class=\"wp-block-heading\"><strong>Alba Seoane presenta <em>Homog\u00e9nesis<\/em><\/strong><\/h2>\n\n\n\n<h3 class=\"wp-block-heading\"><strong>S\u00e1bado 12 de agosto<\/strong><strong>, a las 17:30 h.<\/strong><\/h3>\n\n\n\n<h4 class=\"wp-block-heading\">Espacio Santos Ochoa. Calvo Sotelo, 19, Logro\u00f1o<\/h4>\n\n\n\n<div class=\"wp-block-image\"><figure class=\"alignright size-large is-resized\"><img decoding=\"async\" src=\"https:\/\/blogs.santosochoa.es\/logrono\/wp-content\/uploads\/sites\/2\/2023\/08\/cart23alba.jpg\" alt=\"\" class=\"wp-image-3882\" width=\"300\" srcset=\"https:\/\/blogs.santosochoa.es\/logrono\/wp-content\/uploads\/sites\/2\/2023\/08\/cart23alba.jpg 500w, https:\/\/blogs.santosochoa.es\/logrono\/wp-content\/uploads\/sites\/2\/2023\/08\/cart23alba-300x300.jpg 300w, https:\/\/blogs.santosochoa.es\/logrono\/wp-content\/uploads\/sites\/2\/2023\/08\/cart23alba-150x150.jpg 150w\" sizes=\"(max-width: 500px) 100vw, 500px\" \/><\/figure><\/div>\n\n\n\n<h5 class=\"wp-block-heading\"><strong><em>Homog\u00e9nesis<\/em> es un latido, una vibraci\u00f3n familiar que nos conecta con el primer recuerdo, con el miedo a la muerte y el doloroso apego a la vida.<\/strong><\/h5>\n\n\n\n<p>Nos hace transitar por nuestros lugares m\u00e1s inh\u00f3spitos, m\u00e1s escondidos, para devolvernos al amor que todo lo ilumina. Es un punto de encuentro entre la vida y la muerte, un espacio simbi\u00f3tico donde ambos mundos, estas dos realidades, confluyen y desaparecen.<\/p>\n\n\n\n<p><strong>Alba Seoane<\/strong> siempre fue una \u00e1vida lectora y empez\u00f3 a escribir poes\u00eda y relatos cortos a la edad de siete a\u00f1os. Estudi\u00f3 traducci\u00f3n e interpretaci\u00f3n y se especializ\u00f3 en traducci\u00f3n literaria de franc\u00e9s. Es autora de los poemarios <em>De tu boca, el despertar<\/em> y <em>Todas las primaveras son pecado<\/em>. Ha publicado relatos cortos en varias antolog\u00edas y el cuento infantil <em>Ferro<\/em>.<\/p>\n\n\n\n<div style=\"height:49px\" aria-hidden=\"true\" class=\"wp-block-spacer\"><\/div>\n\n\n\n<h2 class=\"wp-block-heading\"><strong>Tere Irastorza Garmendia presenta <em>Son nueve, los p\u00e1jaros<\/em><\/strong><\/h2>\n\n\n\n<h3 class=\"wp-block-heading\"><strong>Mi\u00e9rcoles 16 de agosto<\/strong><strong>, a las 17:30 h.<\/strong><\/h3>\n\n\n\n<h4 class=\"wp-block-heading\">Espacio Santos Ochoa. Calvo Sotelo, 19, Logro\u00f1o<\/h4>\n\n\n\n<div class=\"wp-block-image\"><figure class=\"alignleft size-large is-resized\"><img decoding=\"async\" src=\"https:\/\/blogs.santosochoa.es\/logrono\/wp-content\/uploads\/sites\/2\/2023\/08\/cart23tere.jpg\" alt=\"\" class=\"wp-image-3884\" width=\"300\" srcset=\"https:\/\/blogs.santosochoa.es\/logrono\/wp-content\/uploads\/sites\/2\/2023\/08\/cart23tere.jpg 500w, https:\/\/blogs.santosochoa.es\/logrono\/wp-content\/uploads\/sites\/2\/2023\/08\/cart23tere-300x300.jpg 300w, https:\/\/blogs.santosochoa.es\/logrono\/wp-content\/uploads\/sites\/2\/2023\/08\/cart23tere-150x150.jpg 150w\" sizes=\"(max-width: 500px) 100vw, 500px\" \/><\/figure><\/div>\n\n\n\n<h5 class=\"wp-block-heading\"><strong><em>Son nueve, los p\u00e1jaros<\/em> es un libro fragmentario y apasionado, que re\u00fane notas, reflexiones, b\u00fasquedas y rememoraciones. En palabras de Dolors Udina i Abell\u00f2: \u00ab es como un testamento de todo lo le\u00eddo y aprendido a lo largo de la vida, una destilaci\u00f3n de pensamientos que incitan a pensar y a escribir. [\u2026].<\/strong><\/h5>\n\n\n\n<p>Es destacable la generosidad de la autora que, en esta amalgama de ideas procedentes de sus lecturas y de su vida, genera pensamiento y la necesidad de profundizar en cada idea. [\u2026] Muchas p\u00e1ginas de este libro acompa\u00f1ar\u00e1n al lector tiempo despu\u00e9s de haberlo le\u00eddo. Hay en \u00e9l cientos de perlas que, parafraseando a Flaubert, con el hilo que las une forman el collar de la literatura\u00bb.<\/p>\n\n\n\n<p><strong>Tere Irastortza Garmendia<\/strong> (Zaldibia 1961) inici\u00f3 su andadura literaria publicando en 1961 su primer libro <em>Gabeziak<\/em>, por el que recibi\u00f3 el Premio a la Cr\u00edtica de poes\u00eda en euskera en 1980. En su posterior obra po\u00e9tica ha recibido tambi\u00e9n en 2003 el Premio a la Cr\u00edtica de poes\u00eda en euskera, con su obra <em>Glosak, esana zetorrenaz<\/em>. Ha publicado once libros de poes\u00eda y ha participado y participa en diversas antolog\u00edas y revistas. Olifante ha publicado en 2021 la edici\u00f3n biling\u00fce traducida por la autora de su \u00faltimo libro de poes\u00eda <em>Llenabais el Mundo. Mundua betetzen zenuten<\/em>.<\/p>\n\n\n\n<div style=\"height:50px\" aria-hidden=\"true\" class=\"wp-block-spacer\"><\/div>\n\n\n\n<h2 class=\"wp-block-heading\"><strong>Iosu Moracho Cort\u00e9s presenta <em>Iceberg<\/em><\/strong><\/h2>\n\n\n\n<h3 class=\"wp-block-heading\"><strong>Jueves 17 de agosto<\/strong><strong>, a las 17:30 h.<\/strong><\/h3>\n\n\n\n<h4 class=\"wp-block-heading\">Espacio Santos Ochoa. Calvo Sotelo, 19, Logro\u00f1o<\/h4>\n\n\n\n<div class=\"wp-block-image\"><figure class=\"alignright size-large is-resized\"><img decoding=\"async\" src=\"https:\/\/blogs.santosochoa.es\/logrono\/wp-content\/uploads\/sites\/2\/2023\/08\/cart23iosu.jpg\" alt=\"\" class=\"wp-image-3886\" width=\"300\" srcset=\"https:\/\/blogs.santosochoa.es\/logrono\/wp-content\/uploads\/sites\/2\/2023\/08\/cart23iosu.jpg 500w, https:\/\/blogs.santosochoa.es\/logrono\/wp-content\/uploads\/sites\/2\/2023\/08\/cart23iosu-300x300.jpg 300w, https:\/\/blogs.santosochoa.es\/logrono\/wp-content\/uploads\/sites\/2\/2023\/08\/cart23iosu-150x150.jpg 150w\" sizes=\"(max-width: 500px) 100vw, 500px\" \/><\/figure><\/div>\n\n\n\n<p><strong>Iosu Moracho Cort\u00e9s<\/strong> naci\u00f3 en Pamplona en 1963. Es Licenciado en Ciencias de la Educaci\u00f3n, especialista en Pedagog\u00eda Terap\u00e9utica, director de Tiempo Libre y maestro de Primaria. Es autor, entre otros, de los poemarios: <em>El vuelo del navegante, 9 poetas 9, Naci\u00f3n de sue\u00f1os, Caf\u00e9 Tr\u00e9vere,&nbsp; La mu\u00f1eca de hierbas y otros poemas de \u00c1frica, Antolog\u00eda de poemas de la madrugada, La utop\u00eda tiene los pies descalzos, Grulla m\u00edstica, Antolog\u00eda de poes\u00eda hispano boliviana<\/em>. Adem\u00e1s de numerosas colaboraciones en diferentes medios en revistas virtuales, antolog\u00edas, p\u00e1ginas web\u2026<\/p>\n\n\n\n<p>Pertenece al colectivo Voces del Extremo en donde ha publicado poemas en sus antolog\u00edas. Es miembro de los colectivos de solidaridad con Am\u00e9rica Latina de Navarra \u00d3scar Romero, donde durante m\u00e1s de treinta a\u00f1os edit\u00f3 la revista MILPA.<\/p>\n","protected":false},"excerpt":{"rendered":"<p>Alba Seoane presenta \u00abHomog\u00e9nesis\u00bb. Tere Irastorza Garmendia presenta \u00abSon nueve, los p\u00e1jaros\u00bb. Iosu Moracho Cort\u00e9s presenta \u00abIceberg\u00bb.<\/p>\n","protected":false},"author":4,"featured_media":3888,"comment_status":"closed","ping_status":"closed","sticky":false,"template":"","format":"standard","meta":{"footnotes":""},"categories":[12,11],"tags":[],"class_list":["post-3887","post","type-post","status-publish","format-standard","has-post-thumbnail","hentry","category-libros","category-poesia"],"yoast_head":"<!-- This site is optimized with the Yoast SEO plugin v27.2 - https:\/\/yoast.com\/product\/yoast-seo-wordpress\/ -->\n<title>Caf\u00e9s con Hielo y Poes\u00eda. Agosto Clandestino en Santos Ochoa - Santos Ochoa Logro\u00f1o<\/title>\n<meta name=\"description\" content=\"Alba Seoane presenta &quot;Homog\u00e9nesis&quot;. Tere Irastorza Garmendia presenta &quot;Son nueve, los p\u00e1jaros&quot;. Iosu Moracho Cort\u00e9s presenta &quot;Iceberg&quot;.\" \/>\n<meta name=\"robots\" content=\"index, follow, max-snippet:-1, max-image-preview:large, max-video-preview:-1\" \/>\n<link rel=\"canonical\" href=\"https:\/\/blogs.santosochoa.es\/logrono\/agosto-clandestino-en-santos-ochoa\/\" \/>\n<meta property=\"og:locale\" content=\"es_ES\" \/>\n<meta property=\"og:type\" content=\"article\" \/>\n<meta property=\"og:title\" content=\"Caf\u00e9s con Hielo y Poes\u00eda. Agosto Clandestino en Santos Ochoa - Santos Ochoa Logro\u00f1o\" \/>\n<meta property=\"og:description\" content=\"Alba Seoane presenta &quot;Homog\u00e9nesis&quot;. Tere Irastorza Garmendia presenta &quot;Son nueve, los p\u00e1jaros&quot;. Iosu Moracho Cort\u00e9s presenta &quot;Iceberg&quot;.\" \/>\n<meta property=\"og:url\" content=\"https:\/\/blogs.santosochoa.es\/logrono\/agosto-clandestino-en-santos-ochoa\/\" \/>\n<meta property=\"og:site_name\" content=\"Santos Ochoa Logro\u00f1o\" \/>\n<meta property=\"article:author\" content=\"https:\/\/www.facebook.com\/santosochoalog\" \/>\n<meta property=\"article:published_time\" content=\"2023-08-08T09:16:37+00:00\" \/>\n<meta property=\"article:modified_time\" content=\"2023-08-08T09:16:38+00:00\" \/>\n<meta property=\"og:image\" content=\"https:\/\/blogs.santosochoa.es\/logrono\/wp-content\/uploads\/sites\/2\/2023\/08\/cartel-agosto-clandestino_2023.jpg\" \/>\n\t<meta property=\"og:image:width\" content=\"827\" \/>\n\t<meta property=\"og:image:height\" content=\"1220\" \/>\n\t<meta property=\"og:image:type\" content=\"image\/jpeg\" \/>\n<meta name=\"author\" content=\"Santos Ochoa Logro\u00f1o\" \/>\n<meta name=\"twitter:card\" content=\"summary_large_image\" \/>\n<meta name=\"twitter:creator\" content=\"@santosochoalog\" \/>\n<meta name=\"twitter:label1\" content=\"Written by\" \/>\n\t<meta name=\"twitter:data1\" content=\"Santos Ochoa Logro\u00f1o\" \/>\n\t<meta name=\"twitter:label2\" content=\"Est. reading time\" \/>\n\t<meta name=\"twitter:data2\" content=\"3 minutos\" \/>\n<script type=\"application\/ld+json\" class=\"yoast-schema-graph\">{\"@context\":\"https:\/\/schema.org\",\"@graph\":[{\"@type\":\"Article\",\"@id\":\"https:\/\/blogs.santosochoa.es\/logrono\/agosto-clandestino-en-santos-ochoa\/#article\",\"isPartOf\":{\"@id\":\"https:\/\/blogs.santosochoa.es\/logrono\/agosto-clandestino-en-santos-ochoa\/\"},\"author\":{\"name\":\"Santos Ochoa Logro\u00f1o\",\"@id\":\"https:\/\/blogs.santosochoa.es\/logrono\/#\/schema\/person\/103664eb8c60fbeea1880c704687c2e3\"},\"headline\":\"Caf\u00e9s con Hielo y Poes\u00eda. Agosto Clandestino en Santos Ochoa\",\"datePublished\":\"2023-08-08T09:16:37+00:00\",\"dateModified\":\"2023-08-08T09:16:38+00:00\",\"mainEntityOfPage\":{\"@id\":\"https:\/\/blogs.santosochoa.es\/logrono\/agosto-clandestino-en-santos-ochoa\/\"},\"wordCount\":587,\"image\":{\"@id\":\"https:\/\/blogs.santosochoa.es\/logrono\/agosto-clandestino-en-santos-ochoa\/#primaryimage\"},\"thumbnailUrl\":\"https:\/\/blogs.santosochoa.es\/logrono\/wp-content\/uploads\/sites\/2\/2023\/08\/cartel-agosto-clandestino_2023.jpg\",\"articleSection\":[\"libros\",\"poes\u00eda\"],\"inLanguage\":\"es\"},{\"@type\":\"WebPage\",\"@id\":\"https:\/\/blogs.santosochoa.es\/logrono\/agosto-clandestino-en-santos-ochoa\/\",\"url\":\"https:\/\/blogs.santosochoa.es\/logrono\/agosto-clandestino-en-santos-ochoa\/\",\"name\":\"Caf\u00e9s con Hielo y Poes\u00eda. Agosto Clandestino en Santos Ochoa - Santos Ochoa Logro\u00f1o\",\"isPartOf\":{\"@id\":\"https:\/\/blogs.santosochoa.es\/logrono\/#website\"},\"primaryImageOfPage\":{\"@id\":\"https:\/\/blogs.santosochoa.es\/logrono\/agosto-clandestino-en-santos-ochoa\/#primaryimage\"},\"image\":{\"@id\":\"https:\/\/blogs.santosochoa.es\/logrono\/agosto-clandestino-en-santos-ochoa\/#primaryimage\"},\"thumbnailUrl\":\"https:\/\/blogs.santosochoa.es\/logrono\/wp-content\/uploads\/sites\/2\/2023\/08\/cartel-agosto-clandestino_2023.jpg\",\"datePublished\":\"2023-08-08T09:16:37+00:00\",\"dateModified\":\"2023-08-08T09:16:38+00:00\",\"author\":{\"@id\":\"https:\/\/blogs.santosochoa.es\/logrono\/#\/schema\/person\/103664eb8c60fbeea1880c704687c2e3\"},\"description\":\"Alba Seoane presenta \\\"Homog\u00e9nesis\\\". Tere Irastorza Garmendia presenta \\\"Son nueve, los p\u00e1jaros\\\". Iosu Moracho Cort\u00e9s presenta \\\"Iceberg\\\".\",\"breadcrumb\":{\"@id\":\"https:\/\/blogs.santosochoa.es\/logrono\/agosto-clandestino-en-santos-ochoa\/#breadcrumb\"},\"inLanguage\":\"es\",\"potentialAction\":[{\"@type\":\"ReadAction\",\"target\":[\"https:\/\/blogs.santosochoa.es\/logrono\/agosto-clandestino-en-santos-ochoa\/\"]}]},{\"@type\":\"ImageObject\",\"inLanguage\":\"es\",\"@id\":\"https:\/\/blogs.santosochoa.es\/logrono\/agosto-clandestino-en-santos-ochoa\/#primaryimage\",\"url\":\"https:\/\/blogs.santosochoa.es\/logrono\/wp-content\/uploads\/sites\/2\/2023\/08\/cartel-agosto-clandestino_2023.jpg\",\"contentUrl\":\"https:\/\/blogs.santosochoa.es\/logrono\/wp-content\/uploads\/sites\/2\/2023\/08\/cartel-agosto-clandestino_2023.jpg\",\"width\":827,\"height\":1220},{\"@type\":\"BreadcrumbList\",\"@id\":\"https:\/\/blogs.santosochoa.es\/logrono\/agosto-clandestino-en-santos-ochoa\/#breadcrumb\",\"itemListElement\":[{\"@type\":\"ListItem\",\"position\":1,\"name\":\"Home\",\"item\":\"https:\/\/blogs.santosochoa.es\/logrono\/\"},{\"@type\":\"ListItem\",\"position\":2,\"name\":\"Caf\u00e9s con Hielo y Poes\u00eda. Agosto Clandestino en Santos Ochoa\"}]},{\"@type\":\"WebSite\",\"@id\":\"https:\/\/blogs.santosochoa.es\/logrono\/#website\",\"url\":\"https:\/\/blogs.santosochoa.es\/logrono\/\",\"name\":\"Santos Ochoa Logro\u00f1o\",\"description\":\"Tu Librer\u00eda Online\",\"potentialAction\":[{\"@type\":\"SearchAction\",\"target\":{\"@type\":\"EntryPoint\",\"urlTemplate\":\"https:\/\/blogs.santosochoa.es\/logrono\/?s={search_term_string}\"},\"query-input\":{\"@type\":\"PropertyValueSpecification\",\"valueRequired\":true,\"valueName\":\"search_term_string\"}}],\"inLanguage\":\"es\"},{\"@type\":\"Person\",\"@id\":\"https:\/\/blogs.santosochoa.es\/logrono\/#\/schema\/person\/103664eb8c60fbeea1880c704687c2e3\",\"name\":\"Santos Ochoa Logro\u00f1o\",\"sameAs\":[\"http:\/\/santosochoa.es\",\"https:\/\/www.facebook.com\/santosochoalog\",\"https:\/\/www.instagram.com\/santosochoalog\/\",\"https:\/\/x.com\/santosochoalog\",\"https:\/\/www.youtube.com\/c\/SantosOchoaLibros\"]}]}<\/script>\n<!-- \/ Yoast SEO plugin. -->","yoast_head_json":{"title":"Caf\u00e9s con Hielo y Poes\u00eda. Agosto Clandestino en Santos Ochoa - Santos Ochoa Logro\u00f1o","description":"Alba Seoane presenta \"Homog\u00e9nesis\". Tere Irastorza Garmendia presenta \"Son nueve, los p\u00e1jaros\". Iosu Moracho Cort\u00e9s presenta \"Iceberg\".","robots":{"index":"index","follow":"follow","max-snippet":"max-snippet:-1","max-image-preview":"max-image-preview:large","max-video-preview":"max-video-preview:-1"},"canonical":"https:\/\/blogs.santosochoa.es\/logrono\/agosto-clandestino-en-santos-ochoa\/","og_locale":"es_ES","og_type":"article","og_title":"Caf\u00e9s con Hielo y Poes\u00eda. Agosto Clandestino en Santos Ochoa - Santos Ochoa Logro\u00f1o","og_description":"Alba Seoane presenta \"Homog\u00e9nesis\". Tere Irastorza Garmendia presenta \"Son nueve, los p\u00e1jaros\". Iosu Moracho Cort\u00e9s presenta \"Iceberg\".","og_url":"https:\/\/blogs.santosochoa.es\/logrono\/agosto-clandestino-en-santos-ochoa\/","og_site_name":"Santos Ochoa Logro\u00f1o","article_author":"https:\/\/www.facebook.com\/santosochoalog","article_published_time":"2023-08-08T09:16:37+00:00","article_modified_time":"2023-08-08T09:16:38+00:00","og_image":[{"width":827,"height":1220,"url":"https:\/\/blogs.santosochoa.es\/logrono\/wp-content\/uploads\/sites\/2\/2023\/08\/cartel-agosto-clandestino_2023.jpg","type":"image\/jpeg"}],"author":"Santos Ochoa Logro\u00f1o","twitter_card":"summary_large_image","twitter_creator":"@santosochoalog","twitter_misc":{"Written by":"Santos Ochoa Logro\u00f1o","Est. reading time":"3 minutos"},"schema":{"@context":"https:\/\/schema.org","@graph":[{"@type":"Article","@id":"https:\/\/blogs.santosochoa.es\/logrono\/agosto-clandestino-en-santos-ochoa\/#article","isPartOf":{"@id":"https:\/\/blogs.santosochoa.es\/logrono\/agosto-clandestino-en-santos-ochoa\/"},"author":{"name":"Santos Ochoa Logro\u00f1o","@id":"https:\/\/blogs.santosochoa.es\/logrono\/#\/schema\/person\/103664eb8c60fbeea1880c704687c2e3"},"headline":"Caf\u00e9s con Hielo y Poes\u00eda. Agosto Clandestino en Santos Ochoa","datePublished":"2023-08-08T09:16:37+00:00","dateModified":"2023-08-08T09:16:38+00:00","mainEntityOfPage":{"@id":"https:\/\/blogs.santosochoa.es\/logrono\/agosto-clandestino-en-santos-ochoa\/"},"wordCount":587,"image":{"@id":"https:\/\/blogs.santosochoa.es\/logrono\/agosto-clandestino-en-santos-ochoa\/#primaryimage"},"thumbnailUrl":"https:\/\/blogs.santosochoa.es\/logrono\/wp-content\/uploads\/sites\/2\/2023\/08\/cartel-agosto-clandestino_2023.jpg","articleSection":["libros","poes\u00eda"],"inLanguage":"es"},{"@type":"WebPage","@id":"https:\/\/blogs.santosochoa.es\/logrono\/agosto-clandestino-en-santos-ochoa\/","url":"https:\/\/blogs.santosochoa.es\/logrono\/agosto-clandestino-en-santos-ochoa\/","name":"Caf\u00e9s con Hielo y Poes\u00eda. Agosto Clandestino en Santos Ochoa - Santos Ochoa Logro\u00f1o","isPartOf":{"@id":"https:\/\/blogs.santosochoa.es\/logrono\/#website"},"primaryImageOfPage":{"@id":"https:\/\/blogs.santosochoa.es\/logrono\/agosto-clandestino-en-santos-ochoa\/#primaryimage"},"image":{"@id":"https:\/\/blogs.santosochoa.es\/logrono\/agosto-clandestino-en-santos-ochoa\/#primaryimage"},"thumbnailUrl":"https:\/\/blogs.santosochoa.es\/logrono\/wp-content\/uploads\/sites\/2\/2023\/08\/cartel-agosto-clandestino_2023.jpg","datePublished":"2023-08-08T09:16:37+00:00","dateModified":"2023-08-08T09:16:38+00:00","author":{"@id":"https:\/\/blogs.santosochoa.es\/logrono\/#\/schema\/person\/103664eb8c60fbeea1880c704687c2e3"},"description":"Alba Seoane presenta \"Homog\u00e9nesis\". Tere Irastorza Garmendia presenta \"Son nueve, los p\u00e1jaros\". Iosu Moracho Cort\u00e9s presenta \"Iceberg\".","breadcrumb":{"@id":"https:\/\/blogs.santosochoa.es\/logrono\/agosto-clandestino-en-santos-ochoa\/#breadcrumb"},"inLanguage":"es","potentialAction":[{"@type":"ReadAction","target":["https:\/\/blogs.santosochoa.es\/logrono\/agosto-clandestino-en-santos-ochoa\/"]}]},{"@type":"ImageObject","inLanguage":"es","@id":"https:\/\/blogs.santosochoa.es\/logrono\/agosto-clandestino-en-santos-ochoa\/#primaryimage","url":"https:\/\/blogs.santosochoa.es\/logrono\/wp-content\/uploads\/sites\/2\/2023\/08\/cartel-agosto-clandestino_2023.jpg","contentUrl":"https:\/\/blogs.santosochoa.es\/logrono\/wp-content\/uploads\/sites\/2\/2023\/08\/cartel-agosto-clandestino_2023.jpg","width":827,"height":1220},{"@type":"BreadcrumbList","@id":"https:\/\/blogs.santosochoa.es\/logrono\/agosto-clandestino-en-santos-ochoa\/#breadcrumb","itemListElement":[{"@type":"ListItem","position":1,"name":"Home","item":"https:\/\/blogs.santosochoa.es\/logrono\/"},{"@type":"ListItem","position":2,"name":"Caf\u00e9s con Hielo y Poes\u00eda. Agosto Clandestino en Santos Ochoa"}]},{"@type":"WebSite","@id":"https:\/\/blogs.santosochoa.es\/logrono\/#website","url":"https:\/\/blogs.santosochoa.es\/logrono\/","name":"Santos Ochoa Logro\u00f1o","description":"Tu Librer\u00eda Online","potentialAction":[{"@type":"SearchAction","target":{"@type":"EntryPoint","urlTemplate":"https:\/\/blogs.santosochoa.es\/logrono\/?s={search_term_string}"},"query-input":{"@type":"PropertyValueSpecification","valueRequired":true,"valueName":"search_term_string"}}],"inLanguage":"es"},{"@type":"Person","@id":"https:\/\/blogs.santosochoa.es\/logrono\/#\/schema\/person\/103664eb8c60fbeea1880c704687c2e3","name":"Santos Ochoa Logro\u00f1o","sameAs":["http:\/\/santosochoa.es","https:\/\/www.facebook.com\/santosochoalog","https:\/\/www.instagram.com\/santosochoalog\/","https:\/\/x.com\/santosochoalog","https:\/\/www.youtube.com\/c\/SantosOchoaLibros"]}]}},"_links":{"self":[{"href":"https:\/\/blogs.santosochoa.es\/logrono\/wp-json\/wp\/v2\/posts\/3887","targetHints":{"allow":["GET"]}}],"collection":[{"href":"https:\/\/blogs.santosochoa.es\/logrono\/wp-json\/wp\/v2\/posts"}],"about":[{"href":"https:\/\/blogs.santosochoa.es\/logrono\/wp-json\/wp\/v2\/types\/post"}],"author":[{"embeddable":true,"href":"https:\/\/blogs.santosochoa.es\/logrono\/wp-json\/wp\/v2\/users\/4"}],"replies":[{"embeddable":true,"href":"https:\/\/blogs.santosochoa.es\/logrono\/wp-json\/wp\/v2\/comments?post=3887"}],"version-history":[{"count":3,"href":"https:\/\/blogs.santosochoa.es\/logrono\/wp-json\/wp\/v2\/posts\/3887\/revisions"}],"predecessor-version":[{"id":3891,"href":"https:\/\/blogs.santosochoa.es\/logrono\/wp-json\/wp\/v2\/posts\/3887\/revisions\/3891"}],"wp:featuredmedia":[{"embeddable":true,"href":"https:\/\/blogs.santosochoa.es\/logrono\/wp-json\/wp\/v2\/media\/3888"}],"wp:attachment":[{"href":"https:\/\/blogs.santosochoa.es\/logrono\/wp-json\/wp\/v2\/media?parent=3887"}],"wp:term":[{"taxonomy":"category","embeddable":true,"href":"https:\/\/blogs.santosochoa.es\/logrono\/wp-json\/wp\/v2\/categories?post=3887"},{"taxonomy":"post_tag","embeddable":true,"href":"https:\/\/blogs.santosochoa.es\/logrono\/wp-json\/wp\/v2\/tags?post=3887"}],"curies":[{"name":"wp","href":"https:\/\/api.w.org\/{rel}","templated":true}]}}