{"id":3863,"date":"2023-06-21T13:15:38","date_gmt":"2023-06-21T11:15:38","guid":{"rendered":"https:\/\/blogs.santosochoa.es\/logrono\/?p=3863"},"modified":"2023-06-21T13:16:25","modified_gmt":"2023-06-21T11:16:25","slug":"empresa-familiar-manuel-vilas-y-jj-benitez","status":"publish","type":"post","link":"https:\/\/blogs.santosochoa.es\/logrono\/empresa-familiar-manuel-vilas-y-jj-benitez\/","title":{"rendered":"Empresa familiar, Manuel Vilas y JJ Ben\u00edtez"},"content":{"rendered":"\n<h2 class=\"wp-block-heading\"><strong><em>Empresa familiar y gobierno corporativo: el potencial de los consejeros externos<\/em>. Charla y coloquio con las expertas Krista Walochik y Susana G\u00f3mez Foronda<\/strong><\/h2>\n\n\n\n<h3 class=\"wp-block-heading\"><strong>Martes 27 de junio<\/strong><strong>, a las 19:00 h.<\/strong><\/h3>\n\n\n\n<h4 class=\"wp-block-heading\">Espacio Santos Ochoa. Calvo Sotelo, 19, Logro\u00f1o<\/h4>\n\n\n\n<div class=\"wp-block-image\"><figure class=\"alignright size-large is-resized\"><img decoding=\"async\" src=\"https:\/\/blogs.santosochoa.es\/logrono\/wp-content\/uploads\/sites\/2\/2023\/05\/20230627-Cartel-SantosOchoaLog-1-819x1024.jpg\" alt=\"\" class=\"wp-image-3849\" width=\"300\" srcset=\"https:\/\/blogs.santosochoa.es\/logrono\/wp-content\/uploads\/sites\/2\/2023\/05\/20230627-Cartel-SantosOchoaLog-1-819x1024.jpg 819w, https:\/\/blogs.santosochoa.es\/logrono\/wp-content\/uploads\/sites\/2\/2023\/05\/20230627-Cartel-SantosOchoaLog-1-240x300.jpg 240w, https:\/\/blogs.santosochoa.es\/logrono\/wp-content\/uploads\/sites\/2\/2023\/05\/20230627-Cartel-SantosOchoaLog-1-768x960.jpg 768w, https:\/\/blogs.santosochoa.es\/logrono\/wp-content\/uploads\/sites\/2\/2023\/05\/20230627-Cartel-SantosOchoaLog-1-1228x1536.jpg 1228w, https:\/\/blogs.santosochoa.es\/logrono\/wp-content\/uploads\/sites\/2\/2023\/05\/20230627-Cartel-SantosOchoaLog-1-1080x1350.jpg 1080w, https:\/\/blogs.santosochoa.es\/logrono\/wp-content\/uploads\/sites\/2\/2023\/05\/20230627-Cartel-SantosOchoaLog-1.jpg 1474w\" sizes=\"(max-width: 819px) 100vw, 819px\" \/><\/figure><\/div>\n\n\n\n<h5 class=\"wp-block-heading\"><strong>En este encuentro tendremos la oportunidad de escuchar y charlar con dos expertas de acreditada experiencia en gobierno corporativo, transformaci\u00f3n cultural y liderazgo empresarial. Krista Walochik y Susana G\u00f3mez Foronda son autoras de los libros <em>C\u00f3mo ser un consejero de \u00e9xito<\/em> y <em>Organizaciones Inteligentes<\/em>. La Asociaci\u00f3n Riojana de la Empresa Familiar y la C\u00e1tedra de Empresa Familiar de la Universidad de La Rioja nos ofrecen esta interesante charla coloquio.<\/strong><\/h5>\n\n\n\n<p><strong>Krista Walochik<\/strong> est\u00e1 especializada, desde hace m\u00e1s de 20 a\u00f1os, en el asesoramiento a consejos de administraci\u00f3n y a profesionales que aspiran a ser consejeros. En su larga trayectoria ejecutiva en Espa\u00f1a y en el Reino Unido, ha liderado firmas internacionales de consultor\u00eda de liderazgo y b\u00fasqueda de altos directivos y consejeros. En su libro recoge las claves para acceder, ejercer y consolidarse en un consejo de administraci\u00f3n.<\/p>\n\n\n\n<p><strong>Susana G\u00f3mez Foronda<\/strong> es experta en cultura, liderazgo y talento. Su s\u00f3lida y dilatada experiencia como empresaria, directiva, consejera y consultora en multinacionales de reconocido prestigio la posicionan como un referente en Transformaci\u00f3n Cultural, Desarrollo Organizativo, Gesti\u00f3n de Talento y Liderazgo para el desarrollo de Equipos y Organizaciones de Alto Rendimiento Sostenible. En su libro <em>Organizaciones Inteligentes<\/em> define las empresas, equipos y l\u00edderes de alto rendimiento sostenible para un mundo en transformaci\u00f3n.<\/p>\n\n\n\n<p>Tras la charla-presentaci\u00f3n de los libros, abriremos un coloquio moderado por <strong>Manuel Clavel<\/strong>, headhunter socio de Talengo, y <strong>Rafa Oc\u00f3n<\/strong>, director regional del Sur de Europa en UCC Coffee.<\/p>\n\n\n\n<p>Organizan <strong>AREF<\/strong> y la <strong>C\u00e1tedra de Empresa Familiar de la UR<\/strong>.<\/p>\n\n\n\n<div style=\"height:50px\" aria-hidden=\"true\" class=\"wp-block-spacer\"><\/div>\n\n\n\n<h2 class=\"wp-block-heading\"><strong>[Charla con el Autor] Manuel Vilas y <em>Nosotros.<\/em> Una historia de amor sorprendente y magistral<\/strong><\/h2>\n\n\n\n<h3 class=\"wp-block-heading\"><strong>Mi\u00e9rcoles 28 de junio<\/strong><strong>, a las 19:30 h.<\/strong><\/h3>\n\n\n\n<h4 class=\"wp-block-heading\">Espacio Santos Ochoa. Calvo Sotelo, 19, Logro\u00f1o<\/h4>\n\n\n\n<p><strong><em>Tambi\u00e9n en YouTube:<\/em><\/strong> <a href=\"https:\/\/www.youtube.com\/c\/SantosOchoaLibros\">youtube.com\/c\/SantosOchoaLibros<\/a><\/p>\n\n\n\n<div class=\"wp-block-image\"><figure class=\"alignleft size-large is-resized\"><a href=\"https:\/\/www.santosochoa.es\/libros\/vilas-manuel_nosotros_9788423362752\" target=\"_blank\" rel=\"noopener noreferrer\"><img decoding=\"async\" src=\"https:\/\/blogs.santosochoa.es\/logrono\/wp-content\/uploads\/sites\/2\/2023\/05\/nosotros_manuel-vilas.jpg\" alt=\"\" class=\"wp-image-3830\" width=\"300\" srcset=\"https:\/\/blogs.santosochoa.es\/logrono\/wp-content\/uploads\/sites\/2\/2023\/05\/nosotros_manuel-vilas.jpg 591w, https:\/\/blogs.santosochoa.es\/logrono\/wp-content\/uploads\/sites\/2\/2023\/05\/nosotros_manuel-vilas-174x300.jpg 174w\" sizes=\"(max-width: 591px) 100vw, 591px\" \/><\/a><\/figure><\/div>\n\n\n\n<h5 class=\"wp-block-heading\"><strong>Irene cree haber vivido el matrimonio m\u00e1s perfecto del mundo. A\u00f1os de absoluta entrega y pasi\u00f3n entre dos seres humanos, as\u00ed evoca ella su amor con Marcelo, su difunto marido.<\/strong><\/h5>\n\n\n\n<p>Ten\u00edan una conexi\u00f3n que maravillaba y extra\u00f1aba a su c\u00edrculo m\u00e1s cercano: era una pareja que viv\u00eda el uno para el otro, como si cada d\u00eda fuera el primero. Esta relaci\u00f3n, la mayor de las historias de amor, los mantuvo aislados de su entorno, en los m\u00e1rgenes de la realidad com\u00fan.<\/p>\n\n\n\n<p>Con la p\u00e9rdida de Marcelo, el mundo de Irene se rompe, pero ella descubre una ins\u00f3lita forma de seguir viviendo junto a \u00e9l para salir adelante. Esa manera de recordar e invocar a quien fue el amor de su vida construye esta fantas\u00eda literaria.<\/p>\n\n\n\n<p><em>Nosotros<\/em> es una novela que explora los l\u00edmites del sentimiento amoroso y a su vez un viaje a las profundidades del alma de una mujer atrapada en una utop\u00eda \u00edntima, imaginativa y mortal. Sin embargo, poco a poco iremos descubriendo que la soledad impone su ley y su desgarro.<\/p>\n\n\n\n<p><strong>Manuel Vilas<\/strong>&nbsp;(Barbastro, 1962) es autor de seis poemarios y su obra l\u00edrica se ha compilado en&nbsp;<em>Amor<\/em>&nbsp;(2010), en&nbsp;<em>Poes\u00eda completa<\/em>&nbsp;(2016) y en&nbsp;<em>Una sola vida<\/em>&nbsp;(2022). Su obra narrativa la inicia&nbsp;<em>Espa\u00f1a<\/em>, a la que le siguen&nbsp;<em>Aire nuestro<\/em>,&nbsp;<em>Los inmortales<\/em>,&nbsp;<em>El luminoso regalo&nbsp;<\/em>y los libros de relatos&nbsp;<em>Zeta<\/em>&nbsp;y&nbsp;<em>Setecientos millones de rinocerontes<\/em>. Es autor del libro de viajes&nbsp;<em>Am\u00e9rica<\/em>, de&nbsp;<em>Listen to me<\/em>&nbsp;y de&nbsp;<em>Lou Reed era espa\u00f1ol<\/em>. Su novela<em>&nbsp;Ordesa<\/em>&nbsp;(2018) fue traducida a m\u00e1s de veinte lenguas y elegida libro del a\u00f1o por&nbsp;<em>Babelia<\/em>&nbsp;y obtuvo el Premio Femina, concedido en Francia a la mejor novela extranjera.&nbsp;<em>Alegr\u00eda<\/em>&nbsp;(2019), traducida a varias lenguas, fue novela finalista del Premio Planeta. En 2021 publica&nbsp;<em>Los besos<\/em>.&nbsp;<em>Nosotros<\/em>&nbsp;es su novela m\u00e1s reciente y ha sido galardonada con el Premio Nadal de Novela 2023. Colabora en&nbsp;<em>El Pa\u00eds<\/em>&nbsp;y otros medios.<\/p>\n\n\n\n<div style=\"height:50px\" aria-hidden=\"true\" class=\"wp-block-spacer\"><\/div>\n\n\n\n<h2 class=\"wp-block-heading\"><strong>J.J. Ben\u00edtez presenta <em>Bel\u00e9n. Caballo de Troya 12.<\/em> El final de una aventura literaria que comenz\u00f3 en 1984<\/strong><\/h2>\n\n\n\n<h3 class=\"wp-block-heading\"><strong>Jueves 29 de junio<\/strong><strong>, a las 19:00 h.<\/strong><\/h3>\n\n\n\n<h4 class=\"wp-block-heading\">Espacio Santos Ochoa. Calvo Sotelo, 19, Logro\u00f1o<\/h4>\n\n\n\n<p><strong><em>Tambi\u00e9n en YouTube:<\/em><\/strong> <a href=\"https:\/\/www.youtube.com\/c\/SantosOchoaLibros\">youtube.com\/c\/SantosOchoaLibros<\/a><\/p>\n\n\n\n<div class=\"wp-block-image\"><figure class=\"alignright size-large is-resized\"><a href=\"https:\/\/www.santosochoa.es\/libros\/benitez-j-j_belen-caballo-de-troya-12_9788408263456\" target=\"_blank\" rel=\"noopener noreferrer\"><img decoding=\"async\" src=\"https:\/\/blogs.santosochoa.es\/logrono\/wp-content\/uploads\/sites\/2\/2023\/06\/belen-caballo-de-troya-12_j-j-benitez.jpg\" alt=\"\" class=\"wp-image-3851\" width=\"300\" srcset=\"https:\/\/blogs.santosochoa.es\/logrono\/wp-content\/uploads\/sites\/2\/2023\/06\/belen-caballo-de-troya-12_j-j-benitez.jpg 591w, https:\/\/blogs.santosochoa.es\/logrono\/wp-content\/uploads\/sites\/2\/2023\/06\/belen-caballo-de-troya-12_j-j-benitez-197x300.jpg 197w\" sizes=\"(max-width: 591px) 100vw, 591px\" \/><\/a><\/figure><\/div>\n\n\n\n<h5 class=\"wp-block-heading\"><strong><em>Can\u00e1. Caballo de Troya 9<\/em>&nbsp;fue publicado en 2011, pero estaba incompleto. Por razones t\u00e9cnicas, algunas de las p\u00e1ginas del diario del mayor de la USAF fueron retiradas por la editorial. Ahora son publicadas en su absoluta totalidad.<\/strong><\/h5>\n\n\n\n<p>Durante seis meses \u2014entre abril y octubre del a\u00f1o 27 de nuestra era\u2014 Jes\u00fas se vio obligado a huir para no ser capturado por el Sanedr\u00edn; huy\u00f3 sin cesar.&nbsp;<em>Bel\u00e9n<\/em>&nbsp;es un libro que descubre por qu\u00e9 Jes\u00fas no pudo ser un esenio, as\u00ed como un repaso por las principales sectas jud\u00edas: fariseos, saduceos, escribas, cenotas, esenios, nazirs\u2026 Los prodigios de Jes\u00fas que nunca fueron relatados. \u00bfQu\u00e9 sucedi\u00f3 durante ese tiempo? No se lo pierda\u2026 Le sorprender\u00e1 y emocionar\u00e1: pasajes desconocidos de la vida del Maestro.<\/p>\n\n\n\n<p><strong>Con&nbsp;<em>Bel\u00e9n,<\/em>&nbsp;J. J. Ben\u00edtez termina la serie&nbsp;<em>Caballo de Troya.<\/em>&nbsp;Una aventura literaria que empez\u00f3 en 1984 con la publicaci\u00f3n del primer volumen.<\/strong><\/p>\n\n\n\n<p><strong>J. J. Ben\u00edtez&nbsp;<\/strong>tiene 76 a\u00f1os. Asegura que \u00e9l no tiene la culpa. M\u00e1s de la mitad de su vida la ha pasado en las carreteras y en los aviones, persiguiendo sue\u00f1os. De vez en cuando escribe. Fruto de esa tenacidad son 64 libros publicados y algunos in\u00e9ditos. S\u00f3lo aspira a morir frente a su mar, en Barbate.<\/p>\n\n\n\n<p>Periodista, autor e investigador, J. J. Ben\u00edtez recorri\u00f3 el mundo como enviado especial y trabaj\u00f3 en varios diarios como La Gaceta del Norte, donde se especializ\u00f3 en uno de los temas por los que es m\u00e1s conocido: la ufolog\u00eda. Interesado por todo lo desconocido, public\u00f3 numerosos ensayos sobre el pasado de la humanidad, ovnis, o sucesos inexplicables para la ciencia as\u00ed como experiencias cercanas a la muerte.<\/p>\n\n\n\n<p>Dedicado por completo a la investigaci\u00f3n y la escritura desde 1979, Ben\u00edtez se convirti\u00f3 en uno de los autores m\u00e1s vendidos de Espa\u00f1a tras la publicaci\u00f3n de su primera novela, <em>Caballo de Troya<\/em>, que dio comienzo a una larga serie de libros de gran \u00e9xito internacional.<\/p>\n\n\n\n<p>Adem\u00e1s, es un colaborador habitual de numerosos programas y medios de comunicaci\u00f3n dedicados al misterio, destacando tambi\u00e9n por su labor como director y presentador de la serie documental <em>Planeta encantado<\/em> que realiz\u00f3 para Televisi\u00f3n Espa\u00f1ola.<\/p>\n","protected":false},"excerpt":{"rendered":"<p>Charla coloquio \u00abEmpresa familiar y gobierno corporativo\u00bb. Manuel Vilas presenta \u00abNosotros\u00bb. JJ Ben\u00edtez presenta \u00abBel\u00e9n. Caballo de Troya 12\u00bb<\/p>\n","protected":false},"author":4,"featured_media":3830,"comment_status":"closed","ping_status":"closed","sticky":false,"template":"","format":"standard","meta":{"footnotes":""},"categories":[14,10,12],"tags":[],"class_list":["post-3863","post","type-post","status-publish","format-standard","has-post-thumbnail","hentry","category-charla-con-el-autor","category-charlas","category-libros"],"yoast_head":"<!-- This site is optimized with the Yoast SEO plugin v27.2 - https:\/\/yoast.com\/product\/yoast-seo-wordpress\/ -->\n<title>Empresa familiar, Manuel Vilas y JJ Ben\u00edtez - Santos Ochoa Logro\u00f1o<\/title>\n<meta name=\"description\" content=\"Charla coloquio &quot;Empresa familiar y gobierno corporativo&quot;. Manuel Vilas presenta &quot;Nosotros&quot;. JJ Ben\u00edtez presenta &quot;Bel\u00e9n. Caballo de Troya 12&quot;\" \/>\n<meta name=\"robots\" content=\"index, follow, max-snippet:-1, max-image-preview:large, max-video-preview:-1\" \/>\n<link rel=\"canonical\" href=\"https:\/\/blogs.santosochoa.es\/logrono\/empresa-familiar-manuel-vilas-y-jj-benitez\/\" \/>\n<meta property=\"og:locale\" content=\"es_ES\" \/>\n<meta property=\"og:type\" content=\"article\" \/>\n<meta property=\"og:title\" content=\"Empresa familiar, Manuel Vilas y JJ Ben\u00edtez - Santos Ochoa Logro\u00f1o\" \/>\n<meta property=\"og:description\" content=\"Charla coloquio &quot;Empresa familiar y gobierno corporativo&quot;. Manuel Vilas presenta &quot;Nosotros&quot;. JJ Ben\u00edtez presenta &quot;Bel\u00e9n. Caballo de Troya 12&quot;\" \/>\n<meta property=\"og:url\" content=\"https:\/\/blogs.santosochoa.es\/logrono\/empresa-familiar-manuel-vilas-y-jj-benitez\/\" \/>\n<meta property=\"og:site_name\" content=\"Santos Ochoa Logro\u00f1o\" \/>\n<meta property=\"article:author\" content=\"https:\/\/www.facebook.com\/santosochoalog\" \/>\n<meta property=\"article:published_time\" content=\"2023-06-21T11:15:38+00:00\" \/>\n<meta property=\"article:modified_time\" content=\"2023-06-21T11:16:25+00:00\" \/>\n<meta property=\"og:image\" content=\"https:\/\/blogs.santosochoa.es\/logrono\/wp-content\/uploads\/sites\/2\/2023\/05\/nosotros_manuel-vilas.jpg\" \/>\n\t<meta property=\"og:image:width\" content=\"591\" \/>\n\t<meta property=\"og:image:height\" content=\"1018\" \/>\n\t<meta property=\"og:image:type\" content=\"image\/jpeg\" \/>\n<meta name=\"author\" content=\"Santos Ochoa Logro\u00f1o\" \/>\n<meta name=\"twitter:card\" content=\"summary_large_image\" \/>\n<meta name=\"twitter:creator\" content=\"@santosochoalog\" \/>\n<meta name=\"twitter:label1\" content=\"Written by\" \/>\n\t<meta name=\"twitter:data1\" content=\"Santos Ochoa Logro\u00f1o\" \/>\n\t<meta name=\"twitter:label2\" content=\"Est. reading time\" \/>\n\t<meta name=\"twitter:data2\" content=\"6 minutos\" \/>\n<script type=\"application\/ld+json\" class=\"yoast-schema-graph\">{\"@context\":\"https:\/\/schema.org\",\"@graph\":[{\"@type\":\"Article\",\"@id\":\"https:\/\/blogs.santosochoa.es\/logrono\/empresa-familiar-manuel-vilas-y-jj-benitez\/#article\",\"isPartOf\":{\"@id\":\"https:\/\/blogs.santosochoa.es\/logrono\/empresa-familiar-manuel-vilas-y-jj-benitez\/\"},\"author\":{\"name\":\"Santos Ochoa Logro\u00f1o\",\"@id\":\"https:\/\/blogs.santosochoa.es\/logrono\/#\/schema\/person\/103664eb8c60fbeea1880c704687c2e3\"},\"headline\":\"Empresa familiar, Manuel Vilas y JJ Ben\u00edtez\",\"datePublished\":\"2023-06-21T11:15:38+00:00\",\"dateModified\":\"2023-06-21T11:16:25+00:00\",\"mainEntityOfPage\":{\"@id\":\"https:\/\/blogs.santosochoa.es\/logrono\/empresa-familiar-manuel-vilas-y-jj-benitez\/\"},\"wordCount\":1148,\"image\":{\"@id\":\"https:\/\/blogs.santosochoa.es\/logrono\/empresa-familiar-manuel-vilas-y-jj-benitez\/#primaryimage\"},\"thumbnailUrl\":\"https:\/\/blogs.santosochoa.es\/logrono\/wp-content\/uploads\/sites\/2\/2023\/05\/nosotros_manuel-vilas.jpg\",\"articleSection\":[\"charla con el autor\",\"charlas\",\"libros\"],\"inLanguage\":\"es\"},{\"@type\":\"WebPage\",\"@id\":\"https:\/\/blogs.santosochoa.es\/logrono\/empresa-familiar-manuel-vilas-y-jj-benitez\/\",\"url\":\"https:\/\/blogs.santosochoa.es\/logrono\/empresa-familiar-manuel-vilas-y-jj-benitez\/\",\"name\":\"Empresa familiar, Manuel Vilas y JJ Ben\u00edtez - Santos Ochoa Logro\u00f1o\",\"isPartOf\":{\"@id\":\"https:\/\/blogs.santosochoa.es\/logrono\/#website\"},\"primaryImageOfPage\":{\"@id\":\"https:\/\/blogs.santosochoa.es\/logrono\/empresa-familiar-manuel-vilas-y-jj-benitez\/#primaryimage\"},\"image\":{\"@id\":\"https:\/\/blogs.santosochoa.es\/logrono\/empresa-familiar-manuel-vilas-y-jj-benitez\/#primaryimage\"},\"thumbnailUrl\":\"https:\/\/blogs.santosochoa.es\/logrono\/wp-content\/uploads\/sites\/2\/2023\/05\/nosotros_manuel-vilas.jpg\",\"datePublished\":\"2023-06-21T11:15:38+00:00\",\"dateModified\":\"2023-06-21T11:16:25+00:00\",\"author\":{\"@id\":\"https:\/\/blogs.santosochoa.es\/logrono\/#\/schema\/person\/103664eb8c60fbeea1880c704687c2e3\"},\"description\":\"Charla coloquio \\\"Empresa familiar y gobierno corporativo\\\". Manuel Vilas presenta \\\"Nosotros\\\". JJ Ben\u00edtez presenta \\\"Bel\u00e9n. Caballo de Troya 12\\\"\",\"breadcrumb\":{\"@id\":\"https:\/\/blogs.santosochoa.es\/logrono\/empresa-familiar-manuel-vilas-y-jj-benitez\/#breadcrumb\"},\"inLanguage\":\"es\",\"potentialAction\":[{\"@type\":\"ReadAction\",\"target\":[\"https:\/\/blogs.santosochoa.es\/logrono\/empresa-familiar-manuel-vilas-y-jj-benitez\/\"]}]},{\"@type\":\"ImageObject\",\"inLanguage\":\"es\",\"@id\":\"https:\/\/blogs.santosochoa.es\/logrono\/empresa-familiar-manuel-vilas-y-jj-benitez\/#primaryimage\",\"url\":\"https:\/\/blogs.santosochoa.es\/logrono\/wp-content\/uploads\/sites\/2\/2023\/05\/nosotros_manuel-vilas.jpg\",\"contentUrl\":\"https:\/\/blogs.santosochoa.es\/logrono\/wp-content\/uploads\/sites\/2\/2023\/05\/nosotros_manuel-vilas.jpg\",\"width\":591,\"height\":1018},{\"@type\":\"BreadcrumbList\",\"@id\":\"https:\/\/blogs.santosochoa.es\/logrono\/empresa-familiar-manuel-vilas-y-jj-benitez\/#breadcrumb\",\"itemListElement\":[{\"@type\":\"ListItem\",\"position\":1,\"name\":\"Home\",\"item\":\"https:\/\/blogs.santosochoa.es\/logrono\/\"},{\"@type\":\"ListItem\",\"position\":2,\"name\":\"Empresa familiar, Manuel Vilas y JJ Ben\u00edtez\"}]},{\"@type\":\"WebSite\",\"@id\":\"https:\/\/blogs.santosochoa.es\/logrono\/#website\",\"url\":\"https:\/\/blogs.santosochoa.es\/logrono\/\",\"name\":\"Santos Ochoa Logro\u00f1o\",\"description\":\"Tu Librer\u00eda Online\",\"potentialAction\":[{\"@type\":\"SearchAction\",\"target\":{\"@type\":\"EntryPoint\",\"urlTemplate\":\"https:\/\/blogs.santosochoa.es\/logrono\/?s={search_term_string}\"},\"query-input\":{\"@type\":\"PropertyValueSpecification\",\"valueRequired\":true,\"valueName\":\"search_term_string\"}}],\"inLanguage\":\"es\"},{\"@type\":\"Person\",\"@id\":\"https:\/\/blogs.santosochoa.es\/logrono\/#\/schema\/person\/103664eb8c60fbeea1880c704687c2e3\",\"name\":\"Santos Ochoa Logro\u00f1o\",\"sameAs\":[\"http:\/\/santosochoa.es\",\"https:\/\/www.facebook.com\/santosochoalog\",\"https:\/\/www.instagram.com\/santosochoalog\/\",\"https:\/\/x.com\/santosochoalog\",\"https:\/\/www.youtube.com\/c\/SantosOchoaLibros\"]}]}<\/script>\n<!-- \/ Yoast SEO plugin. -->","yoast_head_json":{"title":"Empresa familiar, Manuel Vilas y JJ Ben\u00edtez - Santos Ochoa Logro\u00f1o","description":"Charla coloquio \"Empresa familiar y gobierno corporativo\". Manuel Vilas presenta \"Nosotros\". JJ Ben\u00edtez presenta \"Bel\u00e9n. Caballo de Troya 12\"","robots":{"index":"index","follow":"follow","max-snippet":"max-snippet:-1","max-image-preview":"max-image-preview:large","max-video-preview":"max-video-preview:-1"},"canonical":"https:\/\/blogs.santosochoa.es\/logrono\/empresa-familiar-manuel-vilas-y-jj-benitez\/","og_locale":"es_ES","og_type":"article","og_title":"Empresa familiar, Manuel Vilas y JJ Ben\u00edtez - Santos Ochoa Logro\u00f1o","og_description":"Charla coloquio \"Empresa familiar y gobierno corporativo\". Manuel Vilas presenta \"Nosotros\". JJ Ben\u00edtez presenta \"Bel\u00e9n. Caballo de Troya 12\"","og_url":"https:\/\/blogs.santosochoa.es\/logrono\/empresa-familiar-manuel-vilas-y-jj-benitez\/","og_site_name":"Santos Ochoa Logro\u00f1o","article_author":"https:\/\/www.facebook.com\/santosochoalog","article_published_time":"2023-06-21T11:15:38+00:00","article_modified_time":"2023-06-21T11:16:25+00:00","og_image":[{"width":591,"height":1018,"url":"https:\/\/blogs.santosochoa.es\/logrono\/wp-content\/uploads\/sites\/2\/2023\/05\/nosotros_manuel-vilas.jpg","type":"image\/jpeg"}],"author":"Santos Ochoa Logro\u00f1o","twitter_card":"summary_large_image","twitter_creator":"@santosochoalog","twitter_misc":{"Written by":"Santos Ochoa Logro\u00f1o","Est. reading time":"6 minutos"},"schema":{"@context":"https:\/\/schema.org","@graph":[{"@type":"Article","@id":"https:\/\/blogs.santosochoa.es\/logrono\/empresa-familiar-manuel-vilas-y-jj-benitez\/#article","isPartOf":{"@id":"https:\/\/blogs.santosochoa.es\/logrono\/empresa-familiar-manuel-vilas-y-jj-benitez\/"},"author":{"name":"Santos Ochoa Logro\u00f1o","@id":"https:\/\/blogs.santosochoa.es\/logrono\/#\/schema\/person\/103664eb8c60fbeea1880c704687c2e3"},"headline":"Empresa familiar, Manuel Vilas y JJ Ben\u00edtez","datePublished":"2023-06-21T11:15:38+00:00","dateModified":"2023-06-21T11:16:25+00:00","mainEntityOfPage":{"@id":"https:\/\/blogs.santosochoa.es\/logrono\/empresa-familiar-manuel-vilas-y-jj-benitez\/"},"wordCount":1148,"image":{"@id":"https:\/\/blogs.santosochoa.es\/logrono\/empresa-familiar-manuel-vilas-y-jj-benitez\/#primaryimage"},"thumbnailUrl":"https:\/\/blogs.santosochoa.es\/logrono\/wp-content\/uploads\/sites\/2\/2023\/05\/nosotros_manuel-vilas.jpg","articleSection":["charla con el autor","charlas","libros"],"inLanguage":"es"},{"@type":"WebPage","@id":"https:\/\/blogs.santosochoa.es\/logrono\/empresa-familiar-manuel-vilas-y-jj-benitez\/","url":"https:\/\/blogs.santosochoa.es\/logrono\/empresa-familiar-manuel-vilas-y-jj-benitez\/","name":"Empresa familiar, Manuel Vilas y JJ Ben\u00edtez - Santos Ochoa Logro\u00f1o","isPartOf":{"@id":"https:\/\/blogs.santosochoa.es\/logrono\/#website"},"primaryImageOfPage":{"@id":"https:\/\/blogs.santosochoa.es\/logrono\/empresa-familiar-manuel-vilas-y-jj-benitez\/#primaryimage"},"image":{"@id":"https:\/\/blogs.santosochoa.es\/logrono\/empresa-familiar-manuel-vilas-y-jj-benitez\/#primaryimage"},"thumbnailUrl":"https:\/\/blogs.santosochoa.es\/logrono\/wp-content\/uploads\/sites\/2\/2023\/05\/nosotros_manuel-vilas.jpg","datePublished":"2023-06-21T11:15:38+00:00","dateModified":"2023-06-21T11:16:25+00:00","author":{"@id":"https:\/\/blogs.santosochoa.es\/logrono\/#\/schema\/person\/103664eb8c60fbeea1880c704687c2e3"},"description":"Charla coloquio \"Empresa familiar y gobierno corporativo\". Manuel Vilas presenta \"Nosotros\". JJ Ben\u00edtez presenta \"Bel\u00e9n. Caballo de Troya 12\"","breadcrumb":{"@id":"https:\/\/blogs.santosochoa.es\/logrono\/empresa-familiar-manuel-vilas-y-jj-benitez\/#breadcrumb"},"inLanguage":"es","potentialAction":[{"@type":"ReadAction","target":["https:\/\/blogs.santosochoa.es\/logrono\/empresa-familiar-manuel-vilas-y-jj-benitez\/"]}]},{"@type":"ImageObject","inLanguage":"es","@id":"https:\/\/blogs.santosochoa.es\/logrono\/empresa-familiar-manuel-vilas-y-jj-benitez\/#primaryimage","url":"https:\/\/blogs.santosochoa.es\/logrono\/wp-content\/uploads\/sites\/2\/2023\/05\/nosotros_manuel-vilas.jpg","contentUrl":"https:\/\/blogs.santosochoa.es\/logrono\/wp-content\/uploads\/sites\/2\/2023\/05\/nosotros_manuel-vilas.jpg","width":591,"height":1018},{"@type":"BreadcrumbList","@id":"https:\/\/blogs.santosochoa.es\/logrono\/empresa-familiar-manuel-vilas-y-jj-benitez\/#breadcrumb","itemListElement":[{"@type":"ListItem","position":1,"name":"Home","item":"https:\/\/blogs.santosochoa.es\/logrono\/"},{"@type":"ListItem","position":2,"name":"Empresa familiar, Manuel Vilas y JJ Ben\u00edtez"}]},{"@type":"WebSite","@id":"https:\/\/blogs.santosochoa.es\/logrono\/#website","url":"https:\/\/blogs.santosochoa.es\/logrono\/","name":"Santos Ochoa Logro\u00f1o","description":"Tu Librer\u00eda Online","potentialAction":[{"@type":"SearchAction","target":{"@type":"EntryPoint","urlTemplate":"https:\/\/blogs.santosochoa.es\/logrono\/?s={search_term_string}"},"query-input":{"@type":"PropertyValueSpecification","valueRequired":true,"valueName":"search_term_string"}}],"inLanguage":"es"},{"@type":"Person","@id":"https:\/\/blogs.santosochoa.es\/logrono\/#\/schema\/person\/103664eb8c60fbeea1880c704687c2e3","name":"Santos Ochoa Logro\u00f1o","sameAs":["http:\/\/santosochoa.es","https:\/\/www.facebook.com\/santosochoalog","https:\/\/www.instagram.com\/santosochoalog\/","https:\/\/x.com\/santosochoalog","https:\/\/www.youtube.com\/c\/SantosOchoaLibros"]}]}},"_links":{"self":[{"href":"https:\/\/blogs.santosochoa.es\/logrono\/wp-json\/wp\/v2\/posts\/3863","targetHints":{"allow":["GET"]}}],"collection":[{"href":"https:\/\/blogs.santosochoa.es\/logrono\/wp-json\/wp\/v2\/posts"}],"about":[{"href":"https:\/\/blogs.santosochoa.es\/logrono\/wp-json\/wp\/v2\/types\/post"}],"author":[{"embeddable":true,"href":"https:\/\/blogs.santosochoa.es\/logrono\/wp-json\/wp\/v2\/users\/4"}],"replies":[{"embeddable":true,"href":"https:\/\/blogs.santosochoa.es\/logrono\/wp-json\/wp\/v2\/comments?post=3863"}],"version-history":[{"count":4,"href":"https:\/\/blogs.santosochoa.es\/logrono\/wp-json\/wp\/v2\/posts\/3863\/revisions"}],"predecessor-version":[{"id":3867,"href":"https:\/\/blogs.santosochoa.es\/logrono\/wp-json\/wp\/v2\/posts\/3863\/revisions\/3867"}],"wp:featuredmedia":[{"embeddable":true,"href":"https:\/\/blogs.santosochoa.es\/logrono\/wp-json\/wp\/v2\/media\/3830"}],"wp:attachment":[{"href":"https:\/\/blogs.santosochoa.es\/logrono\/wp-json\/wp\/v2\/media?parent=3863"}],"wp:term":[{"taxonomy":"category","embeddable":true,"href":"https:\/\/blogs.santosochoa.es\/logrono\/wp-json\/wp\/v2\/categories?post=3863"},{"taxonomy":"post_tag","embeddable":true,"href":"https:\/\/blogs.santosochoa.es\/logrono\/wp-json\/wp\/v2\/tags?post=3863"}],"curies":[{"name":"wp","href":"https:\/\/api.w.org\/{rel}","templated":true}]}}