{"id":3846,"date":"2023-06-13T13:23:25","date_gmt":"2023-06-13T11:23:25","guid":{"rendered":"https:\/\/blogs.santosochoa.es\/logrono\/?p=3846"},"modified":"2023-06-13T13:24:06","modified_gmt":"2023-06-13T11:24:06","slug":"valvanera-camina-cuento-asprodema-y-enrique-marcos","status":"publish","type":"post","link":"https:\/\/blogs.santosochoa.es\/logrono\/valvanera-camina-cuento-asprodema-y-enrique-marcos\/","title":{"rendered":"Valvanera Camina, Cuento Asprodema y Enrique Marcos"},"content":{"rendered":"\n<h2 class=\"wp-block-heading\"><strong><em>Valvanera Camina. \u00a1Vuelve el reto!<\/em> Charla sobre la motivaci\u00f3n y la experiencia de la marcha a Valvanera<\/strong><\/h2>\n\n\n\n<h3 class=\"wp-block-heading\"><strong>Lunes 19 de junio<\/strong><strong>, a las 19:30 h.<\/strong><\/h3>\n\n\n\n<h4 class=\"wp-block-heading\">Espacio Santos Ochoa. Calvo Sotelo, 19, Logro\u00f1o<\/h4>\n\n\n\n<p><strong><em>Tambi\u00e9n en YouTube:<\/em><\/strong> <a href=\"https:\/\/www.youtube.com\/c\/SantosOchoaLibros\" target=\"_blank\" rel=\"noreferrer noopener\">youtube.com\/c\/SantosOchoaLibros<\/a><\/p>\n\n\n\n<div class=\"wp-block-image\"><figure class=\"alignright size-large is-resized\"><img decoding=\"async\" src=\"https:\/\/blogs.santosochoa.es\/logrono\/wp-content\/uploads\/sites\/2\/2023\/05\/valvanera-camina-2023.jpg\" alt=\"\" class=\"wp-image-3835\" width=\"300\" srcset=\"https:\/\/blogs.santosochoa.es\/logrono\/wp-content\/uploads\/sites\/2\/2023\/05\/valvanera-camina-2023.jpg 659w, https:\/\/blogs.santosochoa.es\/logrono\/wp-content\/uploads\/sites\/2\/2023\/05\/valvanera-camina-2023-210x300.jpg 210w\" sizes=\"(max-width: 659px) 100vw, 659px\" \/><\/figure><\/div>\n\n\n\n<h5 class=\"wp-block-heading\"><strong>63 kil\u00f3metros colmados de entusiasmo. Vanesa G. Urbina y Diego Ochoa explorar\u00e1n la psicolog\u00eda durante el camino y compartir\u00e1n testimonios inspiradores. Un encuentro para comprender la fuerza interior que impulsa a superar&nbsp;los&nbsp;l\u00edmites.<\/strong><\/h5>\n\n\n\n<p>El Santuario de la Virgen de Valvanera es el centro de referencia espiritual de La Rioja. Aunque muchos municipios riojanos tienen un d\u00eda concreto para celebrar su romer\u00eda anual, la Comunidad de Monjes de Valvanera, ayudados por diversas instituciones, organismos y empresas convoca una Peregrinaci\u00f3n hasta el Monasterio de car\u00e1cter abierto, festivo y religioso que se convierte en una gran marcha que pone a prueba la fuerza de voluntad y de sacrificio de todos los que participan.<\/p>\n\n\n\n<p>No se trata en esencia de una prueba deportiva competitiva, sino de una romer\u00eda multitudinaria, de sentimiento romero, de esfuerzo, de promesa personal, de reto; lo que supone que como tal, todos los participantes son peregrinos al Monasterio de Valvanera, y como peregrinos que son, se les recibir\u00e1. No importa el tiempo que inviertan en la marcha; sino que lleguen y que lleguen en buenas condiciones.<\/p>\n\n\n\n<div style=\"height:50px\" aria-hidden=\"true\" class=\"wp-block-spacer\"><\/div>\n\n\n\n<h2 class=\"wp-block-heading\"><strong>Asprodema y Carlos L\u00f3pez P\u00e9rez presentan el libro infantil <em>Mr. Down. Detective para casos dif\u00edciles<\/em><\/strong><\/h2>\n\n\n\n<h3 class=\"wp-block-heading\"><strong>Martes 20 de junio<\/strong><strong>, a las 18:00 h.<\/strong><\/h3>\n\n\n\n<h4 class=\"wp-block-heading\">Espacio Santos Ochoa. Calvo Sotelo, 19, Logro\u00f1o<\/h4>\n\n\n\n<div class=\"wp-block-image\"><figure class=\"alignleft size-large is-resized\"><a href=\"https:\/\/www.santosochoa.es\/libros\/lopez-carlos_mr-down-detective-para-casos-dificiles_9788473599740\" target=\"_blank\" rel=\"noopener noreferrer\"><img decoding=\"async\" src=\"https:\/\/blogs.santosochoa.es\/logrono\/wp-content\/uploads\/sites\/2\/2023\/05\/mr-down-detective-para-casos-dificiles.jpg\" alt=\"\" class=\"wp-image-3825\" width=\"300\" srcset=\"https:\/\/blogs.santosochoa.es\/logrono\/wp-content\/uploads\/sites\/2\/2023\/05\/mr-down-detective-para-casos-dificiles.jpg 591w, https:\/\/blogs.santosochoa.es\/logrono\/wp-content\/uploads\/sites\/2\/2023\/05\/mr-down-detective-para-casos-dificiles-218x300.jpg 218w\" sizes=\"(max-width: 591px) 100vw, 591px\" \/><\/a><\/figure><\/div>\n\n\n\n<h5 class=\"wp-block-heading\"><strong>Mr. Down es un detective con un hijo que tiene S\u00edndrome de Down. Su especialidad son los casos complicados, inveros\u00edmiles, con peticiones dif\u00edciles de creer y resoluciones incre\u00edbles. Pero quien resuelve en realidad todos los casos es Javier, su hijo, con una intuici\u00f3n y l\u00f3gica que no es normal, al igual que los casos.<\/strong><\/h5>\n\n\n\n<p>Este libro recoge tres historias con un hilo en com\u00fan: lo extra\u00f1o de los casos, la glotoner\u00eda del detective e hijo, y las resoluciones que se escapan a la l\u00f3gica. Es un libro infantil para ni\u00f1os y ni\u00f1as a partir de 10 a\u00f1os.<\/p>\n\n\n\n<p><strong>Carlos L\u00f3pez P\u00e9rez<\/strong>, economista de formaci\u00f3n y profesi\u00f3n, hace incursiones en la literatura, especialmente la dedicada al p\u00fablico infantil. Ha publicado cuatro libros y dos sobre la figura de <em>Mr. Down<\/em>. Ganador de numerosos premios en concursos de toda la geograf\u00eda nacional. De siempre ha tenido un inter\u00e9s por la escritura, pero con continuidad, a partir de 2008, a\u00f1o de la publicaci\u00f3n del primer libro de <em>Mr. Down<\/em> y la consecuci\u00f3n del primer premio F\u00e9lix Pardo de Gij\u00f3n.<\/p>\n\n\n\n<p><strong>ASPRODEMA-RIOJA<\/strong> es la Asociaci\u00f3n Promotora de personas con Discapacidad intelectual Adultas, una Asociaci\u00f3n que vio la luz en el a\u00f1o 1985, gracias a un grupo de padres, madres y profesionales que con gran entusiasmo y sin grandes medios comenzaron la aventura de ir generando apoyos a las personas con discapacidad intelectual, ir cambiando las actitudes de la sociedad para que incluya, que acepte la diferencia, que respete a la persona con discapacidad intelectual.<\/p>\n\n\n\n<p>Un movimiento familiar y social, sin \u00e1nimo de lucro con vocaci\u00f3n de servicio a las personas con discapacidad intelectual de La Rioja y a sus familias, que a lo largo de los a\u00f1os ha ido creando diversos Centros, servicios y programas, orientados todos ellos a mejorar la calidad de vida de estas personas.<\/p>\n\n\n\n<div style=\"height:50px\" aria-hidden=\"true\" class=\"wp-block-spacer\"><\/div>\n\n\n\n<h2 class=\"wp-block-heading\"><strong>Enrique Marcos presenta <em>Sue\u00f1os desde una patera<\/em>. La odisea de una joven cooperante secuestrada<\/strong><\/h2>\n\n\n\n<h3 class=\"wp-block-heading\"><strong>Mi\u00e9rcoles 21 de junio<\/strong><strong>, a las 19:30 h.<\/strong><\/h3>\n\n\n\n<h4 class=\"wp-block-heading\">Espacio Santos Ochoa. Calvo Sotelo, 19, Logro\u00f1o<\/h4>\n\n\n\n<p><strong><em>Tambi\u00e9n en YouTube:<\/em><\/strong> <a href=\"https:\/\/www.youtube.com\/c\/SantosOchoaLibros\" target=\"_blank\" rel=\"noreferrer noopener\">youtube.com\/c\/SantosOchoaLibros<\/a><\/p>\n\n\n\n<div class=\"wp-block-image\"><figure class=\"alignright size-large is-resized\"><a href=\"https:\/\/www.santosochoa.es\/libros\/marcos-pascualenrique_suenos-desde-una-patera_9788412670684\" target=\"_blank\" rel=\"noopener noreferrer\"><img decoding=\"async\" src=\"https:\/\/blogs.santosochoa.es\/logrono\/wp-content\/uploads\/sites\/2\/2022\/12\/suenos-desde-una-patera_enrique-marcos.jpg\" alt=\"\" class=\"wp-image-3588\" width=\"300\" srcset=\"https:\/\/blogs.santosochoa.es\/logrono\/wp-content\/uploads\/sites\/2\/2022\/12\/suenos-desde-una-patera_enrique-marcos.jpg 591w, https:\/\/blogs.santosochoa.es\/logrono\/wp-content\/uploads\/sites\/2\/2022\/12\/suenos-desde-una-patera_enrique-marcos-192x300.jpg 192w\" sizes=\"(max-width: 591px) 100vw, 591px\" \/><\/a><\/figure><\/div>\n\n\n\n<p>Acompa\u00f1an al autor la periodista <strong>Ana Lumbreras <\/strong>y el presidente de la ONG Coopera, <strong>Luis Miguel Belvis<\/strong>.<\/p>\n\n\n\n<h5 class=\"wp-block-heading\"><strong>Un Sargento de la Guardia Civil, Eduardo Montero, destinado en Santo\u00f1a, recibe la noticia de que su hija Nieves, voluntaria de la ONG Coopera en Mali, ha sido secuestrada. Montero, que es un padre coraje, va en su b\u00fasqueda. En su particular calvario, tendr\u00e1 que luchar contra organizaciones mafiosas de trata de blancas y de narcotraficantes, hasta conseguir encontrar a su hija. Su \u00fanica salida para escapar del pa\u00eds ser\u00e1 volver en patera, como unos inmigrantes m\u00e1s, indocumentada, sin DNI.<\/strong><\/h5>\n\n\n\n<p>Por si eso fuera poco, una pandemia asola el mundo entero y las medidas de seguridad para salir de Mali se endurecen, llevando a Montero y a su hija a desesperarse por volver a casa.<\/p>\n\n\n\n<p>Enrique Marcos Pascual nos presenta una novela sobre el derecho internacional y las mafias que gobiernan y generan el caos en \u00c1frica Occidental, que suponen un verdadero riesgo para todos los voluntarios de las ONGs que trabajan all\u00ed.<\/p>\n\n\n\n<p><strong>Enrique Marcos Pascual<\/strong>&nbsp;es doctor en Derecho, diplomado en Criminolog\u00eda, m\u00e1ster en Administraci\u00f3n Local y funcionario de la Administraci\u00f3n de Justicia y de Derecho en la Universidad de La Rioja y Burgos. Ha participado en grupos de investigaci\u00f3n de la Universidad de Burgos y la UNIR. Tambi\u00e9n ha realizado estancias de investigaci\u00f3n como profesor invitado en la Universidad de Coimbra (Portugal) y de Paris-Sur, en Francia.<\/p>\n\n\n\n<p>Entre sus publicaciones profesionales destacan:&nbsp;<em>El derecho a la educaci\u00f3n y el principio de igualdad en la Constituci\u00f3n Espa\u00f1ola<\/em>&nbsp;y&nbsp;<em>El derecho a la intimidad y tecnolog\u00eda inform\u00e1tica: uso del email en el trabajo<\/em>. Ha participado en numerosos talleres literarios y en varios concursos con su novela negra&nbsp;<em>Sue\u00f1os desde una patera<\/em>. Tambi\u00e9n es autor de la novela <em>El Rey Halc\u00f3n<\/em> y el&nbsp;<em>Diccionario de Jugadores del Real Madrid<\/em>.<\/p>\n","protected":false},"excerpt":{"rendered":"<p>Charla \u00abValvanera Camina\u00bb. Asprodema y Carlos L\u00f3pez P\u00e9rez presentan \u00abMr. Down\u00bb. Enrique Marcos presenta \u00abSue\u00f1os desde una patera\u00bb<\/p>\n","protected":false},"author":4,"featured_media":3588,"comment_status":"closed","ping_status":"closed","sticky":false,"template":"","format":"standard","meta":{"footnotes":""},"categories":[10,18,12,13],"tags":[],"class_list":["post-3846","post","type-post","status-publish","format-standard","has-post-thumbnail","hentry","category-charlas","category-taller-infantil","category-libros","category-libros-do-rioja"],"yoast_head":"<!-- This site is optimized with the Yoast SEO plugin v27.2 - https:\/\/yoast.com\/product\/yoast-seo-wordpress\/ -->\n<title>Valvanera Camina, Cuento Asprodema y Enrique Marcos - Santos Ochoa Logro\u00f1o<\/title>\n<meta name=\"description\" content=\"Charla &quot;Valvanera Camina&quot;. Asprodema y Carlos L\u00f3pez P\u00e9rez presentan &quot;Mr. Down&quot;. Enrique Marcos presenta &quot;Sue\u00f1os desde una patera&quot;\" \/>\n<meta name=\"robots\" content=\"index, follow, max-snippet:-1, max-image-preview:large, max-video-preview:-1\" \/>\n<link rel=\"canonical\" href=\"https:\/\/blogs.santosochoa.es\/logrono\/valvanera-camina-cuento-asprodema-y-enrique-marcos\/\" \/>\n<meta property=\"og:locale\" content=\"es_ES\" \/>\n<meta property=\"og:type\" content=\"article\" \/>\n<meta property=\"og:title\" content=\"Valvanera Camina, Cuento Asprodema y Enrique Marcos - Santos Ochoa Logro\u00f1o\" \/>\n<meta property=\"og:description\" content=\"Charla &quot;Valvanera Camina&quot;. Asprodema y Carlos L\u00f3pez P\u00e9rez presentan &quot;Mr. Down&quot;. Enrique Marcos presenta &quot;Sue\u00f1os desde una patera&quot;\" \/>\n<meta property=\"og:url\" content=\"https:\/\/blogs.santosochoa.es\/logrono\/valvanera-camina-cuento-asprodema-y-enrique-marcos\/\" \/>\n<meta property=\"og:site_name\" content=\"Santos Ochoa Logro\u00f1o\" \/>\n<meta property=\"article:author\" content=\"https:\/\/www.facebook.com\/santosochoalog\" \/>\n<meta property=\"article:published_time\" content=\"2023-06-13T11:23:25+00:00\" \/>\n<meta property=\"article:modified_time\" content=\"2023-06-13T11:24:06+00:00\" \/>\n<meta property=\"og:image\" content=\"https:\/\/blogs.santosochoa.es\/logrono\/wp-content\/uploads\/sites\/2\/2022\/12\/suenos-desde-una-patera_enrique-marcos.jpg\" \/>\n\t<meta property=\"og:image:width\" content=\"591\" \/>\n\t<meta property=\"og:image:height\" content=\"923\" \/>\n\t<meta property=\"og:image:type\" content=\"image\/jpeg\" \/>\n<meta name=\"author\" content=\"Santos Ochoa Logro\u00f1o\" \/>\n<meta name=\"twitter:card\" content=\"summary_large_image\" \/>\n<meta name=\"twitter:creator\" content=\"@santosochoalog\" \/>\n<meta name=\"twitter:label1\" content=\"Written by\" \/>\n\t<meta name=\"twitter:data1\" content=\"Santos Ochoa Logro\u00f1o\" \/>\n\t<meta name=\"twitter:label2\" content=\"Est. reading time\" \/>\n\t<meta name=\"twitter:data2\" content=\"5 minutos\" \/>\n<script type=\"application\/ld+json\" class=\"yoast-schema-graph\">{\"@context\":\"https:\/\/schema.org\",\"@graph\":[{\"@type\":\"Article\",\"@id\":\"https:\/\/blogs.santosochoa.es\/logrono\/valvanera-camina-cuento-asprodema-y-enrique-marcos\/#article\",\"isPartOf\":{\"@id\":\"https:\/\/blogs.santosochoa.es\/logrono\/valvanera-camina-cuento-asprodema-y-enrique-marcos\/\"},\"author\":{\"name\":\"Santos Ochoa Logro\u00f1o\",\"@id\":\"https:\/\/blogs.santosochoa.es\/logrono\/#\/schema\/person\/103664eb8c60fbeea1880c704687c2e3\"},\"headline\":\"Valvanera Camina, Cuento Asprodema y Enrique Marcos\",\"datePublished\":\"2023-06-13T11:23:25+00:00\",\"dateModified\":\"2023-06-13T11:24:06+00:00\",\"mainEntityOfPage\":{\"@id\":\"https:\/\/blogs.santosochoa.es\/logrono\/valvanera-camina-cuento-asprodema-y-enrique-marcos\/\"},\"wordCount\":961,\"image\":{\"@id\":\"https:\/\/blogs.santosochoa.es\/logrono\/valvanera-camina-cuento-asprodema-y-enrique-marcos\/#primaryimage\"},\"thumbnailUrl\":\"https:\/\/blogs.santosochoa.es\/logrono\/wp-content\/uploads\/sites\/2\/2022\/12\/suenos-desde-una-patera_enrique-marcos.jpg\",\"articleSection\":[\"charlas\",\"infantil\",\"libros\",\"libros do rioja\"],\"inLanguage\":\"es\"},{\"@type\":\"WebPage\",\"@id\":\"https:\/\/blogs.santosochoa.es\/logrono\/valvanera-camina-cuento-asprodema-y-enrique-marcos\/\",\"url\":\"https:\/\/blogs.santosochoa.es\/logrono\/valvanera-camina-cuento-asprodema-y-enrique-marcos\/\",\"name\":\"Valvanera Camina, Cuento Asprodema y Enrique Marcos - Santos Ochoa Logro\u00f1o\",\"isPartOf\":{\"@id\":\"https:\/\/blogs.santosochoa.es\/logrono\/#website\"},\"primaryImageOfPage\":{\"@id\":\"https:\/\/blogs.santosochoa.es\/logrono\/valvanera-camina-cuento-asprodema-y-enrique-marcos\/#primaryimage\"},\"image\":{\"@id\":\"https:\/\/blogs.santosochoa.es\/logrono\/valvanera-camina-cuento-asprodema-y-enrique-marcos\/#primaryimage\"},\"thumbnailUrl\":\"https:\/\/blogs.santosochoa.es\/logrono\/wp-content\/uploads\/sites\/2\/2022\/12\/suenos-desde-una-patera_enrique-marcos.jpg\",\"datePublished\":\"2023-06-13T11:23:25+00:00\",\"dateModified\":\"2023-06-13T11:24:06+00:00\",\"author\":{\"@id\":\"https:\/\/blogs.santosochoa.es\/logrono\/#\/schema\/person\/103664eb8c60fbeea1880c704687c2e3\"},\"description\":\"Charla \\\"Valvanera Camina\\\". Asprodema y Carlos L\u00f3pez P\u00e9rez presentan \\\"Mr. Down\\\". Enrique Marcos presenta \\\"Sue\u00f1os desde una patera\\\"\",\"breadcrumb\":{\"@id\":\"https:\/\/blogs.santosochoa.es\/logrono\/valvanera-camina-cuento-asprodema-y-enrique-marcos\/#breadcrumb\"},\"inLanguage\":\"es\",\"potentialAction\":[{\"@type\":\"ReadAction\",\"target\":[\"https:\/\/blogs.santosochoa.es\/logrono\/valvanera-camina-cuento-asprodema-y-enrique-marcos\/\"]}]},{\"@type\":\"ImageObject\",\"inLanguage\":\"es\",\"@id\":\"https:\/\/blogs.santosochoa.es\/logrono\/valvanera-camina-cuento-asprodema-y-enrique-marcos\/#primaryimage\",\"url\":\"https:\/\/blogs.santosochoa.es\/logrono\/wp-content\/uploads\/sites\/2\/2022\/12\/suenos-desde-una-patera_enrique-marcos.jpg\",\"contentUrl\":\"https:\/\/blogs.santosochoa.es\/logrono\/wp-content\/uploads\/sites\/2\/2022\/12\/suenos-desde-una-patera_enrique-marcos.jpg\",\"width\":591,\"height\":923},{\"@type\":\"BreadcrumbList\",\"@id\":\"https:\/\/blogs.santosochoa.es\/logrono\/valvanera-camina-cuento-asprodema-y-enrique-marcos\/#breadcrumb\",\"itemListElement\":[{\"@type\":\"ListItem\",\"position\":1,\"name\":\"Home\",\"item\":\"https:\/\/blogs.santosochoa.es\/logrono\/\"},{\"@type\":\"ListItem\",\"position\":2,\"name\":\"Valvanera Camina, Cuento Asprodema y Enrique Marcos\"}]},{\"@type\":\"WebSite\",\"@id\":\"https:\/\/blogs.santosochoa.es\/logrono\/#website\",\"url\":\"https:\/\/blogs.santosochoa.es\/logrono\/\",\"name\":\"Santos Ochoa Logro\u00f1o\",\"description\":\"Tu Librer\u00eda Online\",\"potentialAction\":[{\"@type\":\"SearchAction\",\"target\":{\"@type\":\"EntryPoint\",\"urlTemplate\":\"https:\/\/blogs.santosochoa.es\/logrono\/?s={search_term_string}\"},\"query-input\":{\"@type\":\"PropertyValueSpecification\",\"valueRequired\":true,\"valueName\":\"search_term_string\"}}],\"inLanguage\":\"es\"},{\"@type\":\"Person\",\"@id\":\"https:\/\/blogs.santosochoa.es\/logrono\/#\/schema\/person\/103664eb8c60fbeea1880c704687c2e3\",\"name\":\"Santos Ochoa Logro\u00f1o\",\"sameAs\":[\"http:\/\/santosochoa.es\",\"https:\/\/www.facebook.com\/santosochoalog\",\"https:\/\/www.instagram.com\/santosochoalog\/\",\"https:\/\/x.com\/santosochoalog\",\"https:\/\/www.youtube.com\/c\/SantosOchoaLibros\"]}]}<\/script>\n<!-- \/ Yoast SEO plugin. -->","yoast_head_json":{"title":"Valvanera Camina, Cuento Asprodema y Enrique Marcos - Santos Ochoa Logro\u00f1o","description":"Charla \"Valvanera Camina\". Asprodema y Carlos L\u00f3pez P\u00e9rez presentan \"Mr. Down\". Enrique Marcos presenta \"Sue\u00f1os desde una patera\"","robots":{"index":"index","follow":"follow","max-snippet":"max-snippet:-1","max-image-preview":"max-image-preview:large","max-video-preview":"max-video-preview:-1"},"canonical":"https:\/\/blogs.santosochoa.es\/logrono\/valvanera-camina-cuento-asprodema-y-enrique-marcos\/","og_locale":"es_ES","og_type":"article","og_title":"Valvanera Camina, Cuento Asprodema y Enrique Marcos - Santos Ochoa Logro\u00f1o","og_description":"Charla \"Valvanera Camina\". Asprodema y Carlos L\u00f3pez P\u00e9rez presentan \"Mr. Down\". Enrique Marcos presenta \"Sue\u00f1os desde una patera\"","og_url":"https:\/\/blogs.santosochoa.es\/logrono\/valvanera-camina-cuento-asprodema-y-enrique-marcos\/","og_site_name":"Santos Ochoa Logro\u00f1o","article_author":"https:\/\/www.facebook.com\/santosochoalog","article_published_time":"2023-06-13T11:23:25+00:00","article_modified_time":"2023-06-13T11:24:06+00:00","og_image":[{"width":591,"height":923,"url":"https:\/\/blogs.santosochoa.es\/logrono\/wp-content\/uploads\/sites\/2\/2022\/12\/suenos-desde-una-patera_enrique-marcos.jpg","type":"image\/jpeg"}],"author":"Santos Ochoa Logro\u00f1o","twitter_card":"summary_large_image","twitter_creator":"@santosochoalog","twitter_misc":{"Written by":"Santos Ochoa Logro\u00f1o","Est. reading time":"5 minutos"},"schema":{"@context":"https:\/\/schema.org","@graph":[{"@type":"Article","@id":"https:\/\/blogs.santosochoa.es\/logrono\/valvanera-camina-cuento-asprodema-y-enrique-marcos\/#article","isPartOf":{"@id":"https:\/\/blogs.santosochoa.es\/logrono\/valvanera-camina-cuento-asprodema-y-enrique-marcos\/"},"author":{"name":"Santos Ochoa Logro\u00f1o","@id":"https:\/\/blogs.santosochoa.es\/logrono\/#\/schema\/person\/103664eb8c60fbeea1880c704687c2e3"},"headline":"Valvanera Camina, Cuento Asprodema y Enrique Marcos","datePublished":"2023-06-13T11:23:25+00:00","dateModified":"2023-06-13T11:24:06+00:00","mainEntityOfPage":{"@id":"https:\/\/blogs.santosochoa.es\/logrono\/valvanera-camina-cuento-asprodema-y-enrique-marcos\/"},"wordCount":961,"image":{"@id":"https:\/\/blogs.santosochoa.es\/logrono\/valvanera-camina-cuento-asprodema-y-enrique-marcos\/#primaryimage"},"thumbnailUrl":"https:\/\/blogs.santosochoa.es\/logrono\/wp-content\/uploads\/sites\/2\/2022\/12\/suenos-desde-una-patera_enrique-marcos.jpg","articleSection":["charlas","infantil","libros","libros do rioja"],"inLanguage":"es"},{"@type":"WebPage","@id":"https:\/\/blogs.santosochoa.es\/logrono\/valvanera-camina-cuento-asprodema-y-enrique-marcos\/","url":"https:\/\/blogs.santosochoa.es\/logrono\/valvanera-camina-cuento-asprodema-y-enrique-marcos\/","name":"Valvanera Camina, Cuento Asprodema y Enrique Marcos - Santos Ochoa Logro\u00f1o","isPartOf":{"@id":"https:\/\/blogs.santosochoa.es\/logrono\/#website"},"primaryImageOfPage":{"@id":"https:\/\/blogs.santosochoa.es\/logrono\/valvanera-camina-cuento-asprodema-y-enrique-marcos\/#primaryimage"},"image":{"@id":"https:\/\/blogs.santosochoa.es\/logrono\/valvanera-camina-cuento-asprodema-y-enrique-marcos\/#primaryimage"},"thumbnailUrl":"https:\/\/blogs.santosochoa.es\/logrono\/wp-content\/uploads\/sites\/2\/2022\/12\/suenos-desde-una-patera_enrique-marcos.jpg","datePublished":"2023-06-13T11:23:25+00:00","dateModified":"2023-06-13T11:24:06+00:00","author":{"@id":"https:\/\/blogs.santosochoa.es\/logrono\/#\/schema\/person\/103664eb8c60fbeea1880c704687c2e3"},"description":"Charla \"Valvanera Camina\". Asprodema y Carlos L\u00f3pez P\u00e9rez presentan \"Mr. Down\". Enrique Marcos presenta \"Sue\u00f1os desde una patera\"","breadcrumb":{"@id":"https:\/\/blogs.santosochoa.es\/logrono\/valvanera-camina-cuento-asprodema-y-enrique-marcos\/#breadcrumb"},"inLanguage":"es","potentialAction":[{"@type":"ReadAction","target":["https:\/\/blogs.santosochoa.es\/logrono\/valvanera-camina-cuento-asprodema-y-enrique-marcos\/"]}]},{"@type":"ImageObject","inLanguage":"es","@id":"https:\/\/blogs.santosochoa.es\/logrono\/valvanera-camina-cuento-asprodema-y-enrique-marcos\/#primaryimage","url":"https:\/\/blogs.santosochoa.es\/logrono\/wp-content\/uploads\/sites\/2\/2022\/12\/suenos-desde-una-patera_enrique-marcos.jpg","contentUrl":"https:\/\/blogs.santosochoa.es\/logrono\/wp-content\/uploads\/sites\/2\/2022\/12\/suenos-desde-una-patera_enrique-marcos.jpg","width":591,"height":923},{"@type":"BreadcrumbList","@id":"https:\/\/blogs.santosochoa.es\/logrono\/valvanera-camina-cuento-asprodema-y-enrique-marcos\/#breadcrumb","itemListElement":[{"@type":"ListItem","position":1,"name":"Home","item":"https:\/\/blogs.santosochoa.es\/logrono\/"},{"@type":"ListItem","position":2,"name":"Valvanera Camina, Cuento Asprodema y Enrique Marcos"}]},{"@type":"WebSite","@id":"https:\/\/blogs.santosochoa.es\/logrono\/#website","url":"https:\/\/blogs.santosochoa.es\/logrono\/","name":"Santos Ochoa Logro\u00f1o","description":"Tu Librer\u00eda Online","potentialAction":[{"@type":"SearchAction","target":{"@type":"EntryPoint","urlTemplate":"https:\/\/blogs.santosochoa.es\/logrono\/?s={search_term_string}"},"query-input":{"@type":"PropertyValueSpecification","valueRequired":true,"valueName":"search_term_string"}}],"inLanguage":"es"},{"@type":"Person","@id":"https:\/\/blogs.santosochoa.es\/logrono\/#\/schema\/person\/103664eb8c60fbeea1880c704687c2e3","name":"Santos Ochoa Logro\u00f1o","sameAs":["http:\/\/santosochoa.es","https:\/\/www.facebook.com\/santosochoalog","https:\/\/www.instagram.com\/santosochoalog\/","https:\/\/x.com\/santosochoalog","https:\/\/www.youtube.com\/c\/SantosOchoaLibros"]}]}},"_links":{"self":[{"href":"https:\/\/blogs.santosochoa.es\/logrono\/wp-json\/wp\/v2\/posts\/3846","targetHints":{"allow":["GET"]}}],"collection":[{"href":"https:\/\/blogs.santosochoa.es\/logrono\/wp-json\/wp\/v2\/posts"}],"about":[{"href":"https:\/\/blogs.santosochoa.es\/logrono\/wp-json\/wp\/v2\/types\/post"}],"author":[{"embeddable":true,"href":"https:\/\/blogs.santosochoa.es\/logrono\/wp-json\/wp\/v2\/users\/4"}],"replies":[{"embeddable":true,"href":"https:\/\/blogs.santosochoa.es\/logrono\/wp-json\/wp\/v2\/comments?post=3846"}],"version-history":[{"count":2,"href":"https:\/\/blogs.santosochoa.es\/logrono\/wp-json\/wp\/v2\/posts\/3846\/revisions"}],"predecessor-version":[{"id":3848,"href":"https:\/\/blogs.santosochoa.es\/logrono\/wp-json\/wp\/v2\/posts\/3846\/revisions\/3848"}],"wp:featuredmedia":[{"embeddable":true,"href":"https:\/\/blogs.santosochoa.es\/logrono\/wp-json\/wp\/v2\/media\/3588"}],"wp:attachment":[{"href":"https:\/\/blogs.santosochoa.es\/logrono\/wp-json\/wp\/v2\/media?parent=3846"}],"wp:term":[{"taxonomy":"category","embeddable":true,"href":"https:\/\/blogs.santosochoa.es\/logrono\/wp-json\/wp\/v2\/categories?post=3846"},{"taxonomy":"post_tag","embeddable":true,"href":"https:\/\/blogs.santosochoa.es\/logrono\/wp-json\/wp\/v2\/tags?post=3846"}],"curies":[{"name":"wp","href":"https:\/\/api.w.org\/{rel}","templated":true}]}}