{"id":3807,"date":"2023-05-16T12:16:47","date_gmt":"2023-05-16T10:16:47","guid":{"rendered":"https:\/\/blogs.santosochoa.es\/logrono\/?p=3807"},"modified":"2023-05-16T12:19:57","modified_gmt":"2023-05-16T10:19:57","slug":"libros-crecer-libros-y-mas-javier-moro","status":"publish","type":"post","link":"https:\/\/blogs.santosochoa.es\/logrono\/libros-crecer-libros-y-mas-javier-moro\/","title":{"rendered":"Libros para Crecer, Libros y M\u00e1s, Javier Moro, Encuentro Cient\u00edfico Literario"},"content":{"rendered":"\n<h2 class=\"wp-block-heading\"><strong><em>Libros para crecer<\/em>. Encuentro de desarrollo personal a trav\u00e9s de la lectura, con Vanesa G. Urbina de la Escuela GanasdeVivir<\/strong><\/h2>\n\n\n\n<h3 class=\"wp-block-heading\"><strong>Lunes 22 de mayo<\/strong><strong>, a las 19:00 h.<\/strong><\/h3>\n\n\n\n<h4 class=\"wp-block-heading\">Espacio Santos Ochoa. Calvo Sotelo, 19, Logro\u00f1o<\/h4>\n\n\n\n<div class=\"wp-block-image\"><figure class=\"alignright size-large is-resized\"><a href=\"https:\/\/www.santosochoa.es\/libros\/johnson-spencer_quien-se-ha-llevado-mi-queso_9788416997091\" target=\"_blank\" rel=\"noopener noreferrer\"><img decoding=\"async\" src=\"https:\/\/blogs.santosochoa.es\/logrono\/wp-content\/uploads\/sites\/2\/2023\/04\/quien-se-ha-levado-mi-queso.jpg\" alt=\"\" class=\"wp-image-3779\" width=\"300\" srcset=\"https:\/\/blogs.santosochoa.es\/logrono\/wp-content\/uploads\/sites\/2\/2023\/04\/quien-se-ha-levado-mi-queso.jpg 591w, https:\/\/blogs.santosochoa.es\/logrono\/wp-content\/uploads\/sites\/2\/2023\/04\/quien-se-ha-levado-mi-queso-190x300.jpg 190w\" sizes=\"(max-width: 591px) 100vw, 591px\" \/><\/a><\/figure><\/div>\n\n\n\n<h5 class=\"wp-block-heading\"><strong>En esta ocasi\u00f3n, Vanesa nos propone otro peque\u00f1o gran libro: <em>\u00bfQui\u00e9n se ha llevado mi queso?<\/em> Una f\u00e1bula simple e ingeniosa que puede aplicarse a todos los \u00e1mbitos de la vida. Con palabras y ejemplos comprensibles incluso para un ni\u00f1o, nos ense\u00f1a que todo cambia, y que las f\u00f3rmulas que sirvieron en su momento pueden quedar obsoletas.<\/strong><\/h5>\n\n\n\n<p>El queso del relato representa cualquier cosa que queramos alcanzar, la felicidad, el trabajo, el dinero, el amor, y el laberinto es la realidad, con zonas desconocidas y peligrosas, callejones sin salida, oscuros recovecos&#8230; y habitaciones llenas de queso.<\/p>\n\n\n\n<p>Santos Ochoa y la escuela GanasdeVivir te invitan a adentrarte o evolucionar en tu desarrollo personal a trav\u00e9s de la lectura, una maravillosa oportunidad para conocerte y mejorar tu vida, tu salud emocional, tus relaciones\u2026 En estos encuentros grupales, de la mano de la psic\u00f3loga Vanesa Garc\u00eda Urbina, exploramos y comentamos las ense\u00f1anzas de un libro, que nos sirve para comprobar la importancia de la psicolog\u00eda y la salud mental en nuestras vidas.<\/p>\n\n\n\n<p><strong>Vanesa G. Urbina<\/strong> es psic\u00f3loga y fundadora de la escuela GanasdeVivir, con veinte a\u00f1os de experiencia profesional impartiendo formaciones relacionadas con el Desarrollo Personal y la Inteligencia Emocional.<\/p>\n\n\n\n<div style=\"height:50px\" aria-hidden=\"true\" class=\"wp-block-spacer\"><\/div>\n\n\n\n<h2 class=\"wp-block-heading\"><strong><em>Libros y M\u00e1s<\/em>. Magazine de actualidad cultural con Raquel D\u00e1valos y Diego Ochoa<\/strong><\/h2>\n\n\n\n<h3 class=\"wp-block-heading\"><strong>Mi\u00e9rcoles 24 de mayo<\/strong><strong>, a las 19:30 h.<\/strong><\/h3>\n\n\n\n<h4 class=\"wp-block-heading\">Espacio Santos Ochoa. Calvo Sotelo, 19, Logro\u00f1o<\/h4>\n\n\n\n<p><strong>Tambi\u00e9n en Instagram <\/strong><a href=\"https:\/\/www.instagram.com\/raquelldavalos\/\" target=\"_blank\" rel=\"noreferrer noopener\">@raquelldavalos<\/a><strong> o <\/strong><a href=\"https:\/\/www.instagram.com\/santosochoalog\/\" target=\"_blank\" rel=\"noreferrer noopener\">@santosochoalog<\/a><strong> y en YouTube:<\/strong> <a href=\"https:\/\/www.youtube.com\/c\/SantosOchoaLibros\" target=\"_blank\" rel=\"noreferrer noopener\">youtube.com\/c\/SantosOchoaLibros<\/a><\/p>\n\n\n\n<div class=\"wp-block-image\"><figure class=\"alignleft size-large is-resized\"><img decoding=\"async\" src=\"https:\/\/blogs.santosochoa.es\/logrono\/wp-content\/uploads\/sites\/2\/2022\/12\/Libros-Y-Mas_ene2023-2-714x1024.jpg\" alt=\"\" class=\"wp-image-3596\" width=\"300\" srcset=\"https:\/\/blogs.santosochoa.es\/logrono\/wp-content\/uploads\/sites\/2\/2022\/12\/Libros-Y-Mas_ene2023-2-714x1024.jpg 714w, https:\/\/blogs.santosochoa.es\/logrono\/wp-content\/uploads\/sites\/2\/2022\/12\/Libros-Y-Mas_ene2023-2-209x300.jpg 209w, https:\/\/blogs.santosochoa.es\/logrono\/wp-content\/uploads\/sites\/2\/2022\/12\/Libros-Y-Mas_ene2023-2-768x1101.jpg 768w, https:\/\/blogs.santosochoa.es\/logrono\/wp-content\/uploads\/sites\/2\/2022\/12\/Libros-Y-Mas_ene2023-2.jpg 863w\" sizes=\"(max-width: 714px) 100vw, 714px\" \/><\/figure><\/div>\n\n\n\n<h5 class=\"wp-block-heading\"><strong>En este magazine cultural, la periodista Raquel D\u00e1valos y el librero Diego Ochoa nos muestran y comentan las \u00faltimas novedades editoriales, los autores m\u00e1s le\u00eddos, juegos por descubrir u otros temas de actualidad. Si te apetece asistir en directo a la grabaci\u00f3n, an\u00edmate, te esperamos. Si prefieres disfrutarlo desde casa, atenci\u00f3n a las redes sociales\u2026 <\/strong><\/h5>\n\n\n\n<p>Conectamos con la magia que siempre nos regala un buen libro, donde sumergirnos en mil y una aventuras, viajar a incre\u00edbles lugares, conocer grandes historias y personajes, evocar recuerdos, buscar soluciones o aprender de grandes errores.<\/p>\n\n\n\n<p>Siempre es un buen momento para un libro. Siempre es un buen momento para hablar de libros y m\u00e1s.<\/p>\n\n\n\n<div style=\"height:50px\" aria-hidden=\"true\" class=\"wp-block-spacer\"><\/div>\n\n\n\n<h2 class=\"wp-block-heading\"><strong>Encuentro con Javier Moro y entrega de premios del Concurso Cient\u00edfico-Literario de la Universidad de La Rioja<\/strong><\/h2>\n\n\n\n<h3 class=\"wp-block-heading\"><strong>Viernes 26 de mayo<\/strong><strong>, de 18:30 a 21 h.<\/strong><\/h3>\n\n\n\n<h4 class=\"wp-block-heading\">Espacio Santos Ochoa. Calvo Sotelo, 19, Logro\u00f1o<\/h4>\n\n\n\n<p><strong><em>Tambi\u00e9n en YouTube:<\/em><\/strong> <a href=\"https:\/\/www.youtube.com\/c\/SantosOchoaLibros\">youtube.com\/c\/SantosOchoaLibros<\/a><\/p>\n\n\n\n<div class=\"wp-block-image\"><figure class=\"alignright size-large is-resized\"><img decoding=\"async\" src=\"https:\/\/blogs.santosochoa.es\/logrono\/wp-content\/uploads\/sites\/2\/2023\/05\/20230526_Carte-Premios-Concurso-Cientiifico-Literario-728x1024.jpg\" alt=\"\" class=\"wp-image-3808\" width=\"300\" srcset=\"https:\/\/blogs.santosochoa.es\/logrono\/wp-content\/uploads\/sites\/2\/2023\/05\/20230526_Carte-Premios-Concurso-Cientiifico-Literario-728x1024.jpg 728w, https:\/\/blogs.santosochoa.es\/logrono\/wp-content\/uploads\/sites\/2\/2023\/05\/20230526_Carte-Premios-Concurso-Cientiifico-Literario-213x300.jpg 213w, https:\/\/blogs.santosochoa.es\/logrono\/wp-content\/uploads\/sites\/2\/2023\/05\/20230526_Carte-Premios-Concurso-Cientiifico-Literario-768x1081.jpg 768w, https:\/\/blogs.santosochoa.es\/logrono\/wp-content\/uploads\/sites\/2\/2023\/05\/20230526_Carte-Premios-Concurso-Cientiifico-Literario.jpg 827w\" sizes=\"(max-width: 728px) 100vw, 728px\" \/><\/figure><\/div>\n\n\n\n<h5 class=\"wp-block-heading\"><strong>La Universidad de La Rioja organiza este encuentro con motivo de la entrega de premios del X Concurso Cient\u00edfico-Literario, que este a\u00f1o ha girado en torno a la obra <em>A flor de piel<\/em> de Javier Moro. La velada tendr\u00e1 dos charlas cient\u00edficas una charla literaria y el reconocimiento a los ganadores del concurso.<\/strong><\/h5>\n\n\n\n<p><strong>18:30 h.<\/strong> Presentaci\u00f3n del acto<\/p>\n\n\n\n<p><strong>18:35 h.<\/strong> Charla cient\u00edfica. <strong><em>El arte del cuidado<\/em>. Elena Andrade<\/strong>, profesora de la Universidad de La Rioja.<\/p>\n\n\n\n<p><strong>18:55 h.<\/strong> Charla cient\u00edfica. <strong><em>Un mundo con vacunas, un mundo mejor<\/em>. Federico Castillo<\/strong>, m\u00e9dico especialista en Neurolog\u00eda de Riojasalud.<\/p>\n\n\n\n<p><strong>19:15 h.<\/strong> Charla literaria. <strong>Javier Moro<\/strong>, Escritor y autor de la novela <em>A flor de piel<\/em> en la que narra la aventura filantr\u00f3pica y cient\u00edfica protagonizada por Isabel Zendal. El 30 de noviembre de 1803, la corbeta Mar\u00eda Pita zarp\u00f3 del del puerto de La Coru\u00f1a con 22 ni\u00f1os hu\u00e9rfanos cuya misi\u00f3n consist\u00eda en llevar la reci\u00e9n descubierta vacuna de la viruela a los territorios de Ultramar.<\/p>\n\n\n\n<p><strong>20:00 h.<\/strong> Entrega de premios<\/p>\n\n\n\n<p><strong>20:30-21:00 h.<\/strong> Firma de libros<\/p>\n\n\n\n<div class=\"wp-block-image\"><figure class=\"alignleft size-large is-resized\"><a href=\"https:\/\/www.santosochoa.es\/libros\/javier-moro_a-flor-de-piel_9788432229350\" target=\"_blank\" rel=\"noopener noreferrer\"><img decoding=\"async\" src=\"https:\/\/blogs.santosochoa.es\/logrono\/wp-content\/uploads\/sites\/2\/2023\/04\/a-flor-de-piel_javier-moro.jpg\" alt=\"\" class=\"wp-image-3783\" width=\"300\" srcset=\"https:\/\/blogs.santosochoa.es\/logrono\/wp-content\/uploads\/sites\/2\/2023\/04\/a-flor-de-piel_javier-moro.jpg 591w, https:\/\/blogs.santosochoa.es\/logrono\/wp-content\/uploads\/sites\/2\/2023\/04\/a-flor-de-piel_javier-moro-196x300.jpg 196w\" sizes=\"(max-width: 591px) 100vw, 591px\" \/><\/a><\/figure><\/div>\n\n\n\n<p><strong>Una mujer. Dos adversarios. Veintid\u00f3s ni\u00f1os. Una aventura que cambi\u00f3 el rumbo de la Historia.<\/strong><\/p>\n\n\n\n<h5 class=\"wp-block-heading\"><strong>El 30 de noviembre de 1803, una corbeta zarpa del puerto de La Coru\u00f1a entre v\u00edtores y aplausos. En su interior viajan veintid\u00f3s ni\u00f1os hu\u00e9rfanos cuya misi\u00f3n consiste en llevar la reci\u00e9n descubierta vacuna de la viruela a los territorios de Ultramar. Los acompa\u00f1a Isabel Zendal, encargada de cuidarlos. Los h\u00e9roes de esta descabellada expedici\u00f3n, dirigida por el m\u00e9dico Francisco Xavier Balmis y su ayudante Josep Salvany, sobrevivir\u00e1n a temporales y naufragios, se enfrentar\u00e1n a la oposici\u00f3n del clero, a la corrupci\u00f3n de los oficiales y a la codicia de quienes buscan lucrarse a costa de los desamparados.<\/strong><\/h5>\n\n\n\n<p>Si al final esta aventura se convirti\u00f3 en la mayor proeza humanitaria de la Historia, se debi\u00f3 no s\u00f3lo al coraje de aquellos ni\u00f1os que se vieron abocados a salvar las vidas de tant\u00edsima gente, sino tambi\u00e9n al arrojo de los dos directores, hombres sin miedo que se disputaron el amor de la \u00fanica mujer a bordo.<\/p>\n\n\n\n<p>A ra\u00edz del descubrimiento de la identidad de Isabel Zendal, Javier Moro, autor de <em>Pasi\u00f3n india<\/em> y <em>El imperio eres t\u00fa<\/em>, reconstruye una prodigiosa epopeya de la mano de un personaje femenino inolvidable. Los protagonistas de <em>A flor de piel<\/em>, desgarrados entre la pasi\u00f3n de salvar al mundo y la necesidad de salvarse a s\u00ed mismos, son como luces en el horizonte oscuro del final de una \u00e9poca.<\/p>\n","protected":false},"excerpt":{"rendered":"<p>Vanesa Garc\u00eda Urbina y \u00ab\u00bfQui\u00e9n se ha llevado mi queso?. Magazine con Raquel D\u00e1valos y Diego Ochoa. Javier Moro y Premios Concurso Cient\u00edfico-Literario<\/p>\n","protected":false},"author":4,"featured_media":3783,"comment_status":"closed","ping_status":"closed","sticky":false,"template":"","format":"standard","meta":{"footnotes":""},"categories":[10,16,12],"tags":[],"class_list":["post-3807","post","type-post","status-publish","format-standard","has-post-thumbnail","hentry","category-charlas","category-el-arte-de-vivir","category-libros"],"yoast_head":"<!-- This site is optimized with the Yoast SEO plugin v27.2 - https:\/\/yoast.com\/product\/yoast-seo-wordpress\/ -->\n<title>Libros para Crecer, Libros y M\u00e1s, Javier Moro, Encuentro Cient\u00edfico Literario - Santos Ochoa Logro\u00f1o<\/title>\n<meta name=\"description\" content=\"Vanesa Garc\u00eda Urbina y &quot;\u00bfQui\u00e9n se ha llevado mi queso?. Magazine con Raquel D\u00e1valos y Diego Ochoa. Javier Moro y Premios Concurso Cient\u00edfico-Literario\" \/>\n<meta name=\"robots\" content=\"index, follow, max-snippet:-1, max-image-preview:large, max-video-preview:-1\" \/>\n<link rel=\"canonical\" href=\"https:\/\/blogs.santosochoa.es\/logrono\/libros-crecer-libros-y-mas-javier-moro\/\" \/>\n<meta property=\"og:locale\" content=\"es_ES\" \/>\n<meta property=\"og:type\" content=\"article\" \/>\n<meta property=\"og:title\" content=\"Libros para Crecer, Libros y M\u00e1s, Javier Moro, Encuentro Cient\u00edfico Literario - Santos Ochoa Logro\u00f1o\" \/>\n<meta property=\"og:description\" content=\"Vanesa Garc\u00eda Urbina y &quot;\u00bfQui\u00e9n se ha llevado mi queso?. Magazine con Raquel D\u00e1valos y Diego Ochoa. Javier Moro y Premios Concurso Cient\u00edfico-Literario\" \/>\n<meta property=\"og:url\" content=\"https:\/\/blogs.santosochoa.es\/logrono\/libros-crecer-libros-y-mas-javier-moro\/\" \/>\n<meta property=\"og:site_name\" content=\"Santos Ochoa Logro\u00f1o\" \/>\n<meta property=\"article:author\" content=\"https:\/\/www.facebook.com\/santosochoalog\" \/>\n<meta property=\"article:published_time\" content=\"2023-05-16T10:16:47+00:00\" \/>\n<meta property=\"article:modified_time\" content=\"2023-05-16T10:19:57+00:00\" \/>\n<meta property=\"og:image\" content=\"https:\/\/blogs.santosochoa.es\/logrono\/wp-content\/uploads\/sites\/2\/2023\/04\/a-flor-de-piel_javier-moro.jpg\" \/>\n\t<meta property=\"og:image:width\" content=\"591\" \/>\n\t<meta property=\"og:image:height\" content=\"904\" \/>\n\t<meta property=\"og:image:type\" content=\"image\/jpeg\" \/>\n<meta name=\"author\" content=\"Santos Ochoa Logro\u00f1o\" \/>\n<meta name=\"twitter:card\" content=\"summary_large_image\" \/>\n<meta name=\"twitter:creator\" content=\"@santosochoalog\" \/>\n<meta name=\"twitter:label1\" content=\"Written by\" \/>\n\t<meta name=\"twitter:data1\" content=\"Santos Ochoa Logro\u00f1o\" \/>\n\t<meta name=\"twitter:label2\" content=\"Est. reading time\" \/>\n\t<meta name=\"twitter:data2\" content=\"4 minutos\" \/>\n<script type=\"application\/ld+json\" class=\"yoast-schema-graph\">{\"@context\":\"https:\/\/schema.org\",\"@graph\":[{\"@type\":\"Article\",\"@id\":\"https:\/\/blogs.santosochoa.es\/logrono\/libros-crecer-libros-y-mas-javier-moro\/#article\",\"isPartOf\":{\"@id\":\"https:\/\/blogs.santosochoa.es\/logrono\/libros-crecer-libros-y-mas-javier-moro\/\"},\"author\":{\"name\":\"Santos Ochoa Logro\u00f1o\",\"@id\":\"https:\/\/blogs.santosochoa.es\/logrono\/#\/schema\/person\/103664eb8c60fbeea1880c704687c2e3\"},\"headline\":\"Libros para Crecer, Libros y M\u00e1s, Javier Moro, Encuentro Cient\u00edfico Literario\",\"datePublished\":\"2023-05-16T10:16:47+00:00\",\"dateModified\":\"2023-05-16T10:19:57+00:00\",\"mainEntityOfPage\":{\"@id\":\"https:\/\/blogs.santosochoa.es\/logrono\/libros-crecer-libros-y-mas-javier-moro\/\"},\"wordCount\":898,\"image\":{\"@id\":\"https:\/\/blogs.santosochoa.es\/logrono\/libros-crecer-libros-y-mas-javier-moro\/#primaryimage\"},\"thumbnailUrl\":\"https:\/\/blogs.santosochoa.es\/logrono\/wp-content\/uploads\/sites\/2\/2023\/04\/a-flor-de-piel_javier-moro.jpg\",\"articleSection\":[\"charlas\",\"el arte de vivir\",\"libros\"],\"inLanguage\":\"es\"},{\"@type\":\"WebPage\",\"@id\":\"https:\/\/blogs.santosochoa.es\/logrono\/libros-crecer-libros-y-mas-javier-moro\/\",\"url\":\"https:\/\/blogs.santosochoa.es\/logrono\/libros-crecer-libros-y-mas-javier-moro\/\",\"name\":\"Libros para Crecer, Libros y M\u00e1s, Javier Moro, Encuentro Cient\u00edfico Literario - Santos Ochoa Logro\u00f1o\",\"isPartOf\":{\"@id\":\"https:\/\/blogs.santosochoa.es\/logrono\/#website\"},\"primaryImageOfPage\":{\"@id\":\"https:\/\/blogs.santosochoa.es\/logrono\/libros-crecer-libros-y-mas-javier-moro\/#primaryimage\"},\"image\":{\"@id\":\"https:\/\/blogs.santosochoa.es\/logrono\/libros-crecer-libros-y-mas-javier-moro\/#primaryimage\"},\"thumbnailUrl\":\"https:\/\/blogs.santosochoa.es\/logrono\/wp-content\/uploads\/sites\/2\/2023\/04\/a-flor-de-piel_javier-moro.jpg\",\"datePublished\":\"2023-05-16T10:16:47+00:00\",\"dateModified\":\"2023-05-16T10:19:57+00:00\",\"author\":{\"@id\":\"https:\/\/blogs.santosochoa.es\/logrono\/#\/schema\/person\/103664eb8c60fbeea1880c704687c2e3\"},\"description\":\"Vanesa Garc\u00eda Urbina y \\\"\u00bfQui\u00e9n se ha llevado mi queso?. Magazine con Raquel D\u00e1valos y Diego Ochoa. Javier Moro y Premios Concurso Cient\u00edfico-Literario\",\"breadcrumb\":{\"@id\":\"https:\/\/blogs.santosochoa.es\/logrono\/libros-crecer-libros-y-mas-javier-moro\/#breadcrumb\"},\"inLanguage\":\"es\",\"potentialAction\":[{\"@type\":\"ReadAction\",\"target\":[\"https:\/\/blogs.santosochoa.es\/logrono\/libros-crecer-libros-y-mas-javier-moro\/\"]}]},{\"@type\":\"ImageObject\",\"inLanguage\":\"es\",\"@id\":\"https:\/\/blogs.santosochoa.es\/logrono\/libros-crecer-libros-y-mas-javier-moro\/#primaryimage\",\"url\":\"https:\/\/blogs.santosochoa.es\/logrono\/wp-content\/uploads\/sites\/2\/2023\/04\/a-flor-de-piel_javier-moro.jpg\",\"contentUrl\":\"https:\/\/blogs.santosochoa.es\/logrono\/wp-content\/uploads\/sites\/2\/2023\/04\/a-flor-de-piel_javier-moro.jpg\",\"width\":591,\"height\":904},{\"@type\":\"BreadcrumbList\",\"@id\":\"https:\/\/blogs.santosochoa.es\/logrono\/libros-crecer-libros-y-mas-javier-moro\/#breadcrumb\",\"itemListElement\":[{\"@type\":\"ListItem\",\"position\":1,\"name\":\"Home\",\"item\":\"https:\/\/blogs.santosochoa.es\/logrono\/\"},{\"@type\":\"ListItem\",\"position\":2,\"name\":\"Libros para Crecer, Libros y M\u00e1s, Javier Moro, Encuentro Cient\u00edfico Literario\"}]},{\"@type\":\"WebSite\",\"@id\":\"https:\/\/blogs.santosochoa.es\/logrono\/#website\",\"url\":\"https:\/\/blogs.santosochoa.es\/logrono\/\",\"name\":\"Santos Ochoa Logro\u00f1o\",\"description\":\"Tu Librer\u00eda Online\",\"potentialAction\":[{\"@type\":\"SearchAction\",\"target\":{\"@type\":\"EntryPoint\",\"urlTemplate\":\"https:\/\/blogs.santosochoa.es\/logrono\/?s={search_term_string}\"},\"query-input\":{\"@type\":\"PropertyValueSpecification\",\"valueRequired\":true,\"valueName\":\"search_term_string\"}}],\"inLanguage\":\"es\"},{\"@type\":\"Person\",\"@id\":\"https:\/\/blogs.santosochoa.es\/logrono\/#\/schema\/person\/103664eb8c60fbeea1880c704687c2e3\",\"name\":\"Santos Ochoa Logro\u00f1o\",\"sameAs\":[\"http:\/\/santosochoa.es\",\"https:\/\/www.facebook.com\/santosochoalog\",\"https:\/\/www.instagram.com\/santosochoalog\/\",\"https:\/\/x.com\/santosochoalog\",\"https:\/\/www.youtube.com\/c\/SantosOchoaLibros\"]}]}<\/script>\n<!-- \/ Yoast SEO plugin. -->","yoast_head_json":{"title":"Libros para Crecer, Libros y M\u00e1s, Javier Moro, Encuentro Cient\u00edfico Literario - Santos Ochoa Logro\u00f1o","description":"Vanesa Garc\u00eda Urbina y \"\u00bfQui\u00e9n se ha llevado mi queso?. Magazine con Raquel D\u00e1valos y Diego Ochoa. Javier Moro y Premios Concurso Cient\u00edfico-Literario","robots":{"index":"index","follow":"follow","max-snippet":"max-snippet:-1","max-image-preview":"max-image-preview:large","max-video-preview":"max-video-preview:-1"},"canonical":"https:\/\/blogs.santosochoa.es\/logrono\/libros-crecer-libros-y-mas-javier-moro\/","og_locale":"es_ES","og_type":"article","og_title":"Libros para Crecer, Libros y M\u00e1s, Javier Moro, Encuentro Cient\u00edfico Literario - Santos Ochoa Logro\u00f1o","og_description":"Vanesa Garc\u00eda Urbina y \"\u00bfQui\u00e9n se ha llevado mi queso?. Magazine con Raquel D\u00e1valos y Diego Ochoa. Javier Moro y Premios Concurso Cient\u00edfico-Literario","og_url":"https:\/\/blogs.santosochoa.es\/logrono\/libros-crecer-libros-y-mas-javier-moro\/","og_site_name":"Santos Ochoa Logro\u00f1o","article_author":"https:\/\/www.facebook.com\/santosochoalog","article_published_time":"2023-05-16T10:16:47+00:00","article_modified_time":"2023-05-16T10:19:57+00:00","og_image":[{"width":591,"height":904,"url":"https:\/\/blogs.santosochoa.es\/logrono\/wp-content\/uploads\/sites\/2\/2023\/04\/a-flor-de-piel_javier-moro.jpg","type":"image\/jpeg"}],"author":"Santos Ochoa Logro\u00f1o","twitter_card":"summary_large_image","twitter_creator":"@santosochoalog","twitter_misc":{"Written by":"Santos Ochoa Logro\u00f1o","Est. reading time":"4 minutos"},"schema":{"@context":"https:\/\/schema.org","@graph":[{"@type":"Article","@id":"https:\/\/blogs.santosochoa.es\/logrono\/libros-crecer-libros-y-mas-javier-moro\/#article","isPartOf":{"@id":"https:\/\/blogs.santosochoa.es\/logrono\/libros-crecer-libros-y-mas-javier-moro\/"},"author":{"name":"Santos Ochoa Logro\u00f1o","@id":"https:\/\/blogs.santosochoa.es\/logrono\/#\/schema\/person\/103664eb8c60fbeea1880c704687c2e3"},"headline":"Libros para Crecer, Libros y M\u00e1s, Javier Moro, Encuentro Cient\u00edfico Literario","datePublished":"2023-05-16T10:16:47+00:00","dateModified":"2023-05-16T10:19:57+00:00","mainEntityOfPage":{"@id":"https:\/\/blogs.santosochoa.es\/logrono\/libros-crecer-libros-y-mas-javier-moro\/"},"wordCount":898,"image":{"@id":"https:\/\/blogs.santosochoa.es\/logrono\/libros-crecer-libros-y-mas-javier-moro\/#primaryimage"},"thumbnailUrl":"https:\/\/blogs.santosochoa.es\/logrono\/wp-content\/uploads\/sites\/2\/2023\/04\/a-flor-de-piel_javier-moro.jpg","articleSection":["charlas","el arte de vivir","libros"],"inLanguage":"es"},{"@type":"WebPage","@id":"https:\/\/blogs.santosochoa.es\/logrono\/libros-crecer-libros-y-mas-javier-moro\/","url":"https:\/\/blogs.santosochoa.es\/logrono\/libros-crecer-libros-y-mas-javier-moro\/","name":"Libros para Crecer, Libros y M\u00e1s, Javier Moro, Encuentro Cient\u00edfico Literario - Santos Ochoa Logro\u00f1o","isPartOf":{"@id":"https:\/\/blogs.santosochoa.es\/logrono\/#website"},"primaryImageOfPage":{"@id":"https:\/\/blogs.santosochoa.es\/logrono\/libros-crecer-libros-y-mas-javier-moro\/#primaryimage"},"image":{"@id":"https:\/\/blogs.santosochoa.es\/logrono\/libros-crecer-libros-y-mas-javier-moro\/#primaryimage"},"thumbnailUrl":"https:\/\/blogs.santosochoa.es\/logrono\/wp-content\/uploads\/sites\/2\/2023\/04\/a-flor-de-piel_javier-moro.jpg","datePublished":"2023-05-16T10:16:47+00:00","dateModified":"2023-05-16T10:19:57+00:00","author":{"@id":"https:\/\/blogs.santosochoa.es\/logrono\/#\/schema\/person\/103664eb8c60fbeea1880c704687c2e3"},"description":"Vanesa Garc\u00eda Urbina y \"\u00bfQui\u00e9n se ha llevado mi queso?. Magazine con Raquel D\u00e1valos y Diego Ochoa. Javier Moro y Premios Concurso Cient\u00edfico-Literario","breadcrumb":{"@id":"https:\/\/blogs.santosochoa.es\/logrono\/libros-crecer-libros-y-mas-javier-moro\/#breadcrumb"},"inLanguage":"es","potentialAction":[{"@type":"ReadAction","target":["https:\/\/blogs.santosochoa.es\/logrono\/libros-crecer-libros-y-mas-javier-moro\/"]}]},{"@type":"ImageObject","inLanguage":"es","@id":"https:\/\/blogs.santosochoa.es\/logrono\/libros-crecer-libros-y-mas-javier-moro\/#primaryimage","url":"https:\/\/blogs.santosochoa.es\/logrono\/wp-content\/uploads\/sites\/2\/2023\/04\/a-flor-de-piel_javier-moro.jpg","contentUrl":"https:\/\/blogs.santosochoa.es\/logrono\/wp-content\/uploads\/sites\/2\/2023\/04\/a-flor-de-piel_javier-moro.jpg","width":591,"height":904},{"@type":"BreadcrumbList","@id":"https:\/\/blogs.santosochoa.es\/logrono\/libros-crecer-libros-y-mas-javier-moro\/#breadcrumb","itemListElement":[{"@type":"ListItem","position":1,"name":"Home","item":"https:\/\/blogs.santosochoa.es\/logrono\/"},{"@type":"ListItem","position":2,"name":"Libros para Crecer, Libros y M\u00e1s, Javier Moro, Encuentro Cient\u00edfico Literario"}]},{"@type":"WebSite","@id":"https:\/\/blogs.santosochoa.es\/logrono\/#website","url":"https:\/\/blogs.santosochoa.es\/logrono\/","name":"Santos Ochoa Logro\u00f1o","description":"Tu Librer\u00eda Online","potentialAction":[{"@type":"SearchAction","target":{"@type":"EntryPoint","urlTemplate":"https:\/\/blogs.santosochoa.es\/logrono\/?s={search_term_string}"},"query-input":{"@type":"PropertyValueSpecification","valueRequired":true,"valueName":"search_term_string"}}],"inLanguage":"es"},{"@type":"Person","@id":"https:\/\/blogs.santosochoa.es\/logrono\/#\/schema\/person\/103664eb8c60fbeea1880c704687c2e3","name":"Santos Ochoa Logro\u00f1o","sameAs":["http:\/\/santosochoa.es","https:\/\/www.facebook.com\/santosochoalog","https:\/\/www.instagram.com\/santosochoalog\/","https:\/\/x.com\/santosochoalog","https:\/\/www.youtube.com\/c\/SantosOchoaLibros"]}]}},"_links":{"self":[{"href":"https:\/\/blogs.santosochoa.es\/logrono\/wp-json\/wp\/v2\/posts\/3807","targetHints":{"allow":["GET"]}}],"collection":[{"href":"https:\/\/blogs.santosochoa.es\/logrono\/wp-json\/wp\/v2\/posts"}],"about":[{"href":"https:\/\/blogs.santosochoa.es\/logrono\/wp-json\/wp\/v2\/types\/post"}],"author":[{"embeddable":true,"href":"https:\/\/blogs.santosochoa.es\/logrono\/wp-json\/wp\/v2\/users\/4"}],"replies":[{"embeddable":true,"href":"https:\/\/blogs.santosochoa.es\/logrono\/wp-json\/wp\/v2\/comments?post=3807"}],"version-history":[{"count":2,"href":"https:\/\/blogs.santosochoa.es\/logrono\/wp-json\/wp\/v2\/posts\/3807\/revisions"}],"predecessor-version":[{"id":3810,"href":"https:\/\/blogs.santosochoa.es\/logrono\/wp-json\/wp\/v2\/posts\/3807\/revisions\/3810"}],"wp:featuredmedia":[{"embeddable":true,"href":"https:\/\/blogs.santosochoa.es\/logrono\/wp-json\/wp\/v2\/media\/3783"}],"wp:attachment":[{"href":"https:\/\/blogs.santosochoa.es\/logrono\/wp-json\/wp\/v2\/media?parent=3807"}],"wp:term":[{"taxonomy":"category","embeddable":true,"href":"https:\/\/blogs.santosochoa.es\/logrono\/wp-json\/wp\/v2\/categories?post=3807"},{"taxonomy":"post_tag","embeddable":true,"href":"https:\/\/blogs.santosochoa.es\/logrono\/wp-json\/wp\/v2\/tags?post=3807"}],"curies":[{"name":"wp","href":"https:\/\/api.w.org\/{rel}","templated":true}]}}