{"id":3789,"date":"2023-04-26T10:44:56","date_gmt":"2023-04-26T08:44:56","guid":{"rendered":"https:\/\/blogs.santosochoa.es\/logrono\/?p=3789"},"modified":"2023-04-26T10:44:58","modified_gmt":"2023-04-26T08:44:58","slug":"la-rioja-festival-y-silvia-eguiluz","status":"publish","type":"post","link":"https:\/\/blogs.santosochoa.es\/logrono\/la-rioja-festival-y-silvia-eguiluz\/","title":{"rendered":"La Rioja Festival y Silvia Egu\u00edluz"},"content":{"rendered":"\n<h2 class=\"wp-block-heading\"><strong><em>La Rioja Festival: banda sonora de nuestro patrimonio<\/em>. Charla con Sara Illana y Eduardo A\u00edsa<\/strong><\/h2>\n\n\n\n<h3 class=\"wp-block-heading\"><strong>Martes 2 de mayo<\/strong><strong>, a las 19:00 h.<\/strong><\/h3>\n\n\n\n<h4 class=\"wp-block-heading\">Espacio Santos Ochoa. Calvo Sotelo, 19, Logro\u00f1o<\/h4>\n\n\n\n<p><strong><em>Tambi\u00e9n en YouTube:<\/em><\/strong> <a href=\"https:\/\/www.youtube.com\/c\/SantosOchoaLibros\" target=\"_blank\" rel=\"noreferrer noopener\">youtube.com\/c\/SantosOchoaLibros<\/a><\/p>\n\n\n\n<div class=\"wp-block-image\"><figure class=\"alignleft size-large is-resized\"><img decoding=\"async\" src=\"https:\/\/blogs.santosochoa.es\/logrono\/wp-content\/uploads\/sites\/2\/2023\/04\/La-Rioja-Festival-con-logo.jpg\" alt=\"\" class=\"wp-image-3765\" width=\"300\" srcset=\"https:\/\/blogs.santosochoa.es\/logrono\/wp-content\/uploads\/sites\/2\/2023\/04\/La-Rioja-Festival-con-logo.jpg 591w, https:\/\/blogs.santosochoa.es\/logrono\/wp-content\/uploads\/sites\/2\/2023\/04\/La-Rioja-Festival-con-logo-212x300.jpg 212w\" sizes=\"(max-width: 591px) 100vw, 591px\" \/><\/figure><\/div>\n\n\n\n<h5 class=\"wp-block-heading\"><strong>La Rioja Festival se consolida como referencia de la m\u00fasica cl\u00e1sica con conciertos y actividades por toda la geograf\u00eda riojana. La iniciativa, que celebra su segunda edici\u00f3n, es el mayor evento de m\u00fasica cl\u00e1sica de La Rioja y cuenta con una ambiciosa programaci\u00f3n entre el 5 y el 14 de mayo. En total, est\u00e1n previstas 35 actividades, entre las que destacan 10 conciertos, 10 experiencias y 4 clases magistrales.<\/strong><\/h5>\n\n\n\n<p>Su director art\u00edstico, Pablo Sainz-Villegas, afirma que este a\u00f1o La Rioja Festival siembra y consolida las bases de su primera edici\u00f3n \u2018Ra\u00edces\u2019 para convertirse en \u2018Camino\u2019, lema de este a\u00f1o. La Rioja Festival es el cruce de caminos que da la bienvenida a sus visitantes que llegan de los cuatro puntos cardinales, sin tener como objetivo la meta, sino disfrutar de la traves\u00eda y de su aprendizaje.<\/p>\n\n\n\n<p>Pianista, flautista y gestora cultural. <strong>Sara Illana<\/strong> (Asturias, 1986) estudia en los conservatorios de Oviedo y de Colonia (Alemania). Se especializa en los masters de comunicaci\u00f3n y de gesti\u00f3n cultural por la Universidad Complutense de Madrid. Ha editado dos libros de cancioneros asturianos para el Gobierno del Principado de Asturias. Ha trabajado en el Festival Internacional de Arte Sacro de la Comunidad de Madrid y ha sido gerente del ensemble barroco Forma Antiqva y gerente de la orquesta de c\u00e1mara del Festival de Verbier. Desde 2022 es directora t\u00e9cnica de La Rioja Festival y fundadora del mismo junto al guitarrista y director art\u00edstico Pablo Sainz-Villegas.<\/p>\n\n\n\n<p><strong>Eduardo A\u00edsa<\/strong> es presidente fundador de la Asociaci\u00f3n Riojana de la \u00d3pera.<\/p>\n\n\n\n<div style=\"height:51px\" aria-hidden=\"true\" class=\"wp-block-spacer\"><\/div>\n\n\n\n<h2 class=\"wp-block-heading\"><strong>Silvia Egu\u00edluz presenta <em>Mira Randa<\/em>, una fortaleza con nombre de mujer<\/strong><\/h2>\n\n\n\n<h3 class=\"wp-block-heading\"><strong>Mi\u00e9rcoles 3 de mayo<\/strong><strong>, a las 19:30 h.<\/strong><\/h3>\n\n\n\n<h4 class=\"wp-block-heading\">Espacio Santos Ochoa. Calvo Sotelo, 19, Logro\u00f1o<\/h4>\n\n\n\n<p><strong><em>Tambi\u00e9n en YouTube:<\/em><\/strong> <a href=\"https:\/\/www.youtube.com\/c\/SantosOchoaLibros\" target=\"_blank\" rel=\"noreferrer noopener\">youtube.com\/c\/SantosOchoaLibros<\/a><\/p>\n\n\n\n<div class=\"wp-block-image\"><figure class=\"alignright size-large is-resized\"><a href=\"https:\/\/www.santosochoa.es\/libros\/eguiluz-gonzalezma-silvia_mira-randa_9788412670615\" target=\"_blank\" rel=\"noopener noreferrer\"><img decoding=\"async\" src=\"https:\/\/blogs.santosochoa.es\/logrono\/wp-content\/uploads\/sites\/2\/2023\/04\/mira-randa_silvia-eguiluz.jpg\" alt=\"\" class=\"wp-image-3767\" width=\"300\" srcset=\"https:\/\/blogs.santosochoa.es\/logrono\/wp-content\/uploads\/sites\/2\/2023\/04\/mira-randa_silvia-eguiluz.jpg 591w, https:\/\/blogs.santosochoa.es\/logrono\/wp-content\/uploads\/sites\/2\/2023\/04\/mira-randa_silvia-eguiluz-196x300.jpg 196w\" sizes=\"(max-width: 591px) 100vw, 591px\" \/><\/a><\/figure><\/div>\n\n\n\n<p>Acompa\u00f1a a la autora la escritora <strong>Mar\u00eda Cestafe.<\/strong><\/p>\n\n\n\n<h5 class=\"wp-block-heading\"><strong>Gadea es una joven arque\u00f3loga y becaria del Museo Provincial de Burgos. Est\u00e1 entusiasmada porque hasta sus manos ha llegado una curiosa pieza arqueol\u00f3gica pendiente de dataci\u00f3n. Una caja adornada con un antiguo s\u00edmbolo celta, un trisquel, formado por las cabezas de un lobo, un \u00e1guila, y un lince.<\/strong><\/h5>\n\n\n\n<p>Pero desde que la caja cae en sus manos una serie de desgraciados hechos, y extra\u00f1as visiones, interrumpen su d\u00eda a d\u00eda. El sentimiento de que est\u00e1 empezando a perder la raz\u00f3n se apoderar\u00e1 de ella. Aunque no todo ser\u00e1 malo. Pero empieza a experimentar la sensaci\u00f3n de vivir otras vidas a parte de la suya.<\/p>\n\n\n\n<p>Gadea se niega a creer en la existencia de una memoria de nuestros antepasados escondida en nuestra sangre, pero\u2026 \u00bfy si fuera posible?<\/p>\n\n\n\n<p>Una historia contada en dos tiempos. Una historia de mujeres y del nacimiento de un nuevo asentamiento con sus reglas. Una ciudad que hoy existe, y tiene nombre de mujer.<\/p>\n\n\n\n<p><strong>Silvia Egu\u00edluz Gonz\u00e1lez<\/strong> (Miranda de Ebro, 1978) es \u00f3ptico-optometrista de profesi\u00f3n y escritora por vocaci\u00f3n. En 2017 public\u00f3 por primera vez una breve antolog\u00eda de relatos con el t\u00edtulo <em>7 narraciones imposibles y un verso<\/em>. En 2019 vio la luz su primera novela, <em>La Maldita de Aquende a Allende<\/em>. Ese mismo a\u00f1o result\u00f3 ganadora del III Premio de Literatura Ilustrada Villa de Nalda e Islallana con su oba <em>La bruja de Islallana<\/em>. En 2022, bajo el t\u00edtulo de <em>El bienhechor dormido<\/em>, public\u00f3 una ficci\u00f3n hist\u00f3rica ambientada durante la Guerra de la Independencia Espa\u00f1ola. Tambi\u00e9n ha participado en numerosas antolog\u00edas. Entre ellas <em>Vi\u00f1as de Marte<\/em>, con un relato de ciencia ficci\u00f3n de sabor muy riojano. Es miembro de la Asociaci\u00f3n Riojana de Escritores.<\/p>\n","protected":false},"excerpt":{"rendered":"<p>\u00abLa Rioja Festival: banda sonora de nuestro patrimonio\u00bb. Charla con Sara Illana y Eduardo A\u00edsa. Silvia Egu\u00edluz presenta \u00abMira Randa\u00bb.<\/p>\n","protected":false},"author":4,"featured_media":3767,"comment_status":"closed","ping_status":"closed","sticky":false,"template":"","format":"standard","meta":{"footnotes":""},"categories":[10,12,13,17],"tags":[],"class_list":["post-3789","post","type-post","status-publish","format-standard","has-post-thumbnail","hentry","category-charlas","category-libros","category-libros-do-rioja","category-musica"],"yoast_head":"<!-- This site is optimized with the Yoast SEO plugin v27.2 - https:\/\/yoast.com\/product\/yoast-seo-wordpress\/ -->\n<title>La Rioja Festival y Silvia Egu\u00edluz - Santos Ochoa Logro\u00f1o<\/title>\n<meta name=\"description\" content=\"&quot;La Rioja Festival: banda sonora de nuestro patrimonio&quot;. Charla con Sara Illana y Eduardo A\u00edsa. Silvia Egu\u00edluz presenta &quot;Mira Randa&quot;.\" \/>\n<meta name=\"robots\" content=\"index, follow, max-snippet:-1, max-image-preview:large, max-video-preview:-1\" \/>\n<link rel=\"canonical\" href=\"https:\/\/blogs.santosochoa.es\/logrono\/la-rioja-festival-y-silvia-eguiluz\/\" \/>\n<meta property=\"og:locale\" content=\"es_ES\" \/>\n<meta property=\"og:type\" content=\"article\" \/>\n<meta property=\"og:title\" content=\"La Rioja Festival y Silvia Egu\u00edluz - Santos Ochoa Logro\u00f1o\" \/>\n<meta property=\"og:description\" content=\"&quot;La Rioja Festival: banda sonora de nuestro patrimonio&quot;. Charla con Sara Illana y Eduardo A\u00edsa. Silvia Egu\u00edluz presenta &quot;Mira Randa&quot;.\" \/>\n<meta property=\"og:url\" content=\"https:\/\/blogs.santosochoa.es\/logrono\/la-rioja-festival-y-silvia-eguiluz\/\" \/>\n<meta property=\"og:site_name\" content=\"Santos Ochoa Logro\u00f1o\" \/>\n<meta property=\"article:author\" content=\"https:\/\/www.facebook.com\/santosochoalog\" \/>\n<meta property=\"article:published_time\" content=\"2023-04-26T08:44:56+00:00\" \/>\n<meta property=\"article:modified_time\" content=\"2023-04-26T08:44:58+00:00\" \/>\n<meta property=\"og:image\" content=\"https:\/\/blogs.santosochoa.es\/logrono\/wp-content\/uploads\/sites\/2\/2023\/04\/mira-randa_silvia-eguiluz.jpg\" \/>\n\t<meta property=\"og:image:width\" content=\"591\" \/>\n\t<meta property=\"og:image:height\" content=\"906\" \/>\n\t<meta property=\"og:image:type\" content=\"image\/jpeg\" \/>\n<meta name=\"author\" content=\"Santos Ochoa Logro\u00f1o\" \/>\n<meta name=\"twitter:card\" content=\"summary_large_image\" \/>\n<meta name=\"twitter:creator\" content=\"@santosochoalog\" \/>\n<meta name=\"twitter:label1\" content=\"Written by\" \/>\n\t<meta name=\"twitter:data1\" content=\"Santos Ochoa Logro\u00f1o\" \/>\n\t<meta name=\"twitter:label2\" content=\"Est. reading time\" \/>\n\t<meta name=\"twitter:data2\" content=\"3 minutos\" \/>\n<script type=\"application\/ld+json\" class=\"yoast-schema-graph\">{\"@context\":\"https:\/\/schema.org\",\"@graph\":[{\"@type\":\"Article\",\"@id\":\"https:\/\/blogs.santosochoa.es\/logrono\/la-rioja-festival-y-silvia-eguiluz\/#article\",\"isPartOf\":{\"@id\":\"https:\/\/blogs.santosochoa.es\/logrono\/la-rioja-festival-y-silvia-eguiluz\/\"},\"author\":{\"name\":\"Santos Ochoa Logro\u00f1o\",\"@id\":\"https:\/\/blogs.santosochoa.es\/logrono\/#\/schema\/person\/103664eb8c60fbeea1880c704687c2e3\"},\"headline\":\"La Rioja Festival y Silvia Egu\u00edluz\",\"datePublished\":\"2023-04-26T08:44:56+00:00\",\"dateModified\":\"2023-04-26T08:44:58+00:00\",\"mainEntityOfPage\":{\"@id\":\"https:\/\/blogs.santosochoa.es\/logrono\/la-rioja-festival-y-silvia-eguiluz\/\"},\"wordCount\":654,\"image\":{\"@id\":\"https:\/\/blogs.santosochoa.es\/logrono\/la-rioja-festival-y-silvia-eguiluz\/#primaryimage\"},\"thumbnailUrl\":\"https:\/\/blogs.santosochoa.es\/logrono\/wp-content\/uploads\/sites\/2\/2023\/04\/mira-randa_silvia-eguiluz.jpg\",\"articleSection\":[\"charlas\",\"libros\",\"libros do rioja\",\"m\u00fasica\"],\"inLanguage\":\"es\"},{\"@type\":\"WebPage\",\"@id\":\"https:\/\/blogs.santosochoa.es\/logrono\/la-rioja-festival-y-silvia-eguiluz\/\",\"url\":\"https:\/\/blogs.santosochoa.es\/logrono\/la-rioja-festival-y-silvia-eguiluz\/\",\"name\":\"La Rioja Festival y Silvia Egu\u00edluz - Santos Ochoa Logro\u00f1o\",\"isPartOf\":{\"@id\":\"https:\/\/blogs.santosochoa.es\/logrono\/#website\"},\"primaryImageOfPage\":{\"@id\":\"https:\/\/blogs.santosochoa.es\/logrono\/la-rioja-festival-y-silvia-eguiluz\/#primaryimage\"},\"image\":{\"@id\":\"https:\/\/blogs.santosochoa.es\/logrono\/la-rioja-festival-y-silvia-eguiluz\/#primaryimage\"},\"thumbnailUrl\":\"https:\/\/blogs.santosochoa.es\/logrono\/wp-content\/uploads\/sites\/2\/2023\/04\/mira-randa_silvia-eguiluz.jpg\",\"datePublished\":\"2023-04-26T08:44:56+00:00\",\"dateModified\":\"2023-04-26T08:44:58+00:00\",\"author\":{\"@id\":\"https:\/\/blogs.santosochoa.es\/logrono\/#\/schema\/person\/103664eb8c60fbeea1880c704687c2e3\"},\"description\":\"\\\"La Rioja Festival: banda sonora de nuestro patrimonio\\\". Charla con Sara Illana y Eduardo A\u00edsa. Silvia Egu\u00edluz presenta \\\"Mira Randa\\\".\",\"breadcrumb\":{\"@id\":\"https:\/\/blogs.santosochoa.es\/logrono\/la-rioja-festival-y-silvia-eguiluz\/#breadcrumb\"},\"inLanguage\":\"es\",\"potentialAction\":[{\"@type\":\"ReadAction\",\"target\":[\"https:\/\/blogs.santosochoa.es\/logrono\/la-rioja-festival-y-silvia-eguiluz\/\"]}]},{\"@type\":\"ImageObject\",\"inLanguage\":\"es\",\"@id\":\"https:\/\/blogs.santosochoa.es\/logrono\/la-rioja-festival-y-silvia-eguiluz\/#primaryimage\",\"url\":\"https:\/\/blogs.santosochoa.es\/logrono\/wp-content\/uploads\/sites\/2\/2023\/04\/mira-randa_silvia-eguiluz.jpg\",\"contentUrl\":\"https:\/\/blogs.santosochoa.es\/logrono\/wp-content\/uploads\/sites\/2\/2023\/04\/mira-randa_silvia-eguiluz.jpg\",\"width\":591,\"height\":906},{\"@type\":\"BreadcrumbList\",\"@id\":\"https:\/\/blogs.santosochoa.es\/logrono\/la-rioja-festival-y-silvia-eguiluz\/#breadcrumb\",\"itemListElement\":[{\"@type\":\"ListItem\",\"position\":1,\"name\":\"Home\",\"item\":\"https:\/\/blogs.santosochoa.es\/logrono\/\"},{\"@type\":\"ListItem\",\"position\":2,\"name\":\"La Rioja Festival y Silvia Egu\u00edluz\"}]},{\"@type\":\"WebSite\",\"@id\":\"https:\/\/blogs.santosochoa.es\/logrono\/#website\",\"url\":\"https:\/\/blogs.santosochoa.es\/logrono\/\",\"name\":\"Santos Ochoa Logro\u00f1o\",\"description\":\"Tu Librer\u00eda Online\",\"potentialAction\":[{\"@type\":\"SearchAction\",\"target\":{\"@type\":\"EntryPoint\",\"urlTemplate\":\"https:\/\/blogs.santosochoa.es\/logrono\/?s={search_term_string}\"},\"query-input\":{\"@type\":\"PropertyValueSpecification\",\"valueRequired\":true,\"valueName\":\"search_term_string\"}}],\"inLanguage\":\"es\"},{\"@type\":\"Person\",\"@id\":\"https:\/\/blogs.santosochoa.es\/logrono\/#\/schema\/person\/103664eb8c60fbeea1880c704687c2e3\",\"name\":\"Santos Ochoa Logro\u00f1o\",\"sameAs\":[\"http:\/\/santosochoa.es\",\"https:\/\/www.facebook.com\/santosochoalog\",\"https:\/\/www.instagram.com\/santosochoalog\/\",\"https:\/\/x.com\/santosochoalog\",\"https:\/\/www.youtube.com\/c\/SantosOchoaLibros\"]}]}<\/script>\n<!-- \/ Yoast SEO plugin. -->","yoast_head_json":{"title":"La Rioja Festival y Silvia Egu\u00edluz - Santos Ochoa Logro\u00f1o","description":"\"La Rioja Festival: banda sonora de nuestro patrimonio\". Charla con Sara Illana y Eduardo A\u00edsa. Silvia Egu\u00edluz presenta \"Mira Randa\".","robots":{"index":"index","follow":"follow","max-snippet":"max-snippet:-1","max-image-preview":"max-image-preview:large","max-video-preview":"max-video-preview:-1"},"canonical":"https:\/\/blogs.santosochoa.es\/logrono\/la-rioja-festival-y-silvia-eguiluz\/","og_locale":"es_ES","og_type":"article","og_title":"La Rioja Festival y Silvia Egu\u00edluz - Santos Ochoa Logro\u00f1o","og_description":"\"La Rioja Festival: banda sonora de nuestro patrimonio\". Charla con Sara Illana y Eduardo A\u00edsa. Silvia Egu\u00edluz presenta \"Mira Randa\".","og_url":"https:\/\/blogs.santosochoa.es\/logrono\/la-rioja-festival-y-silvia-eguiluz\/","og_site_name":"Santos Ochoa Logro\u00f1o","article_author":"https:\/\/www.facebook.com\/santosochoalog","article_published_time":"2023-04-26T08:44:56+00:00","article_modified_time":"2023-04-26T08:44:58+00:00","og_image":[{"width":591,"height":906,"url":"https:\/\/blogs.santosochoa.es\/logrono\/wp-content\/uploads\/sites\/2\/2023\/04\/mira-randa_silvia-eguiluz.jpg","type":"image\/jpeg"}],"author":"Santos Ochoa Logro\u00f1o","twitter_card":"summary_large_image","twitter_creator":"@santosochoalog","twitter_misc":{"Written by":"Santos Ochoa Logro\u00f1o","Est. reading time":"3 minutos"},"schema":{"@context":"https:\/\/schema.org","@graph":[{"@type":"Article","@id":"https:\/\/blogs.santosochoa.es\/logrono\/la-rioja-festival-y-silvia-eguiluz\/#article","isPartOf":{"@id":"https:\/\/blogs.santosochoa.es\/logrono\/la-rioja-festival-y-silvia-eguiluz\/"},"author":{"name":"Santos Ochoa Logro\u00f1o","@id":"https:\/\/blogs.santosochoa.es\/logrono\/#\/schema\/person\/103664eb8c60fbeea1880c704687c2e3"},"headline":"La Rioja Festival y Silvia Egu\u00edluz","datePublished":"2023-04-26T08:44:56+00:00","dateModified":"2023-04-26T08:44:58+00:00","mainEntityOfPage":{"@id":"https:\/\/blogs.santosochoa.es\/logrono\/la-rioja-festival-y-silvia-eguiluz\/"},"wordCount":654,"image":{"@id":"https:\/\/blogs.santosochoa.es\/logrono\/la-rioja-festival-y-silvia-eguiluz\/#primaryimage"},"thumbnailUrl":"https:\/\/blogs.santosochoa.es\/logrono\/wp-content\/uploads\/sites\/2\/2023\/04\/mira-randa_silvia-eguiluz.jpg","articleSection":["charlas","libros","libros do rioja","m\u00fasica"],"inLanguage":"es"},{"@type":"WebPage","@id":"https:\/\/blogs.santosochoa.es\/logrono\/la-rioja-festival-y-silvia-eguiluz\/","url":"https:\/\/blogs.santosochoa.es\/logrono\/la-rioja-festival-y-silvia-eguiluz\/","name":"La Rioja Festival y Silvia Egu\u00edluz - Santos Ochoa Logro\u00f1o","isPartOf":{"@id":"https:\/\/blogs.santosochoa.es\/logrono\/#website"},"primaryImageOfPage":{"@id":"https:\/\/blogs.santosochoa.es\/logrono\/la-rioja-festival-y-silvia-eguiluz\/#primaryimage"},"image":{"@id":"https:\/\/blogs.santosochoa.es\/logrono\/la-rioja-festival-y-silvia-eguiluz\/#primaryimage"},"thumbnailUrl":"https:\/\/blogs.santosochoa.es\/logrono\/wp-content\/uploads\/sites\/2\/2023\/04\/mira-randa_silvia-eguiluz.jpg","datePublished":"2023-04-26T08:44:56+00:00","dateModified":"2023-04-26T08:44:58+00:00","author":{"@id":"https:\/\/blogs.santosochoa.es\/logrono\/#\/schema\/person\/103664eb8c60fbeea1880c704687c2e3"},"description":"\"La Rioja Festival: banda sonora de nuestro patrimonio\". Charla con Sara Illana y Eduardo A\u00edsa. Silvia Egu\u00edluz presenta \"Mira Randa\".","breadcrumb":{"@id":"https:\/\/blogs.santosochoa.es\/logrono\/la-rioja-festival-y-silvia-eguiluz\/#breadcrumb"},"inLanguage":"es","potentialAction":[{"@type":"ReadAction","target":["https:\/\/blogs.santosochoa.es\/logrono\/la-rioja-festival-y-silvia-eguiluz\/"]}]},{"@type":"ImageObject","inLanguage":"es","@id":"https:\/\/blogs.santosochoa.es\/logrono\/la-rioja-festival-y-silvia-eguiluz\/#primaryimage","url":"https:\/\/blogs.santosochoa.es\/logrono\/wp-content\/uploads\/sites\/2\/2023\/04\/mira-randa_silvia-eguiluz.jpg","contentUrl":"https:\/\/blogs.santosochoa.es\/logrono\/wp-content\/uploads\/sites\/2\/2023\/04\/mira-randa_silvia-eguiluz.jpg","width":591,"height":906},{"@type":"BreadcrumbList","@id":"https:\/\/blogs.santosochoa.es\/logrono\/la-rioja-festival-y-silvia-eguiluz\/#breadcrumb","itemListElement":[{"@type":"ListItem","position":1,"name":"Home","item":"https:\/\/blogs.santosochoa.es\/logrono\/"},{"@type":"ListItem","position":2,"name":"La Rioja Festival y Silvia Egu\u00edluz"}]},{"@type":"WebSite","@id":"https:\/\/blogs.santosochoa.es\/logrono\/#website","url":"https:\/\/blogs.santosochoa.es\/logrono\/","name":"Santos Ochoa Logro\u00f1o","description":"Tu Librer\u00eda Online","potentialAction":[{"@type":"SearchAction","target":{"@type":"EntryPoint","urlTemplate":"https:\/\/blogs.santosochoa.es\/logrono\/?s={search_term_string}"},"query-input":{"@type":"PropertyValueSpecification","valueRequired":true,"valueName":"search_term_string"}}],"inLanguage":"es"},{"@type":"Person","@id":"https:\/\/blogs.santosochoa.es\/logrono\/#\/schema\/person\/103664eb8c60fbeea1880c704687c2e3","name":"Santos Ochoa Logro\u00f1o","sameAs":["http:\/\/santosochoa.es","https:\/\/www.facebook.com\/santosochoalog","https:\/\/www.instagram.com\/santosochoalog\/","https:\/\/x.com\/santosochoalog","https:\/\/www.youtube.com\/c\/SantosOchoaLibros"]}]}},"_links":{"self":[{"href":"https:\/\/blogs.santosochoa.es\/logrono\/wp-json\/wp\/v2\/posts\/3789","targetHints":{"allow":["GET"]}}],"collection":[{"href":"https:\/\/blogs.santosochoa.es\/logrono\/wp-json\/wp\/v2\/posts"}],"about":[{"href":"https:\/\/blogs.santosochoa.es\/logrono\/wp-json\/wp\/v2\/types\/post"}],"author":[{"embeddable":true,"href":"https:\/\/blogs.santosochoa.es\/logrono\/wp-json\/wp\/v2\/users\/4"}],"replies":[{"embeddable":true,"href":"https:\/\/blogs.santosochoa.es\/logrono\/wp-json\/wp\/v2\/comments?post=3789"}],"version-history":[{"count":2,"href":"https:\/\/blogs.santosochoa.es\/logrono\/wp-json\/wp\/v2\/posts\/3789\/revisions"}],"predecessor-version":[{"id":3791,"href":"https:\/\/blogs.santosochoa.es\/logrono\/wp-json\/wp\/v2\/posts\/3789\/revisions\/3791"}],"wp:featuredmedia":[{"embeddable":true,"href":"https:\/\/blogs.santosochoa.es\/logrono\/wp-json\/wp\/v2\/media\/3767"}],"wp:attachment":[{"href":"https:\/\/blogs.santosochoa.es\/logrono\/wp-json\/wp\/v2\/media?parent=3789"}],"wp:term":[{"taxonomy":"category","embeddable":true,"href":"https:\/\/blogs.santosochoa.es\/logrono\/wp-json\/wp\/v2\/categories?post=3789"},{"taxonomy":"post_tag","embeddable":true,"href":"https:\/\/blogs.santosochoa.es\/logrono\/wp-json\/wp\/v2\/tags?post=3789"}],"curies":[{"name":"wp","href":"https:\/\/api.w.org\/{rel}","templated":true}]}}