{"id":3713,"date":"2023-03-15T12:10:26","date_gmt":"2023-03-15T11:10:26","guid":{"rendered":"https:\/\/blogs.santosochoa.es\/logrono\/?p=3713"},"modified":"2023-03-15T12:14:10","modified_gmt":"2023-03-15T11:14:10","slug":"libros-para-crecer-familia-empresaria-psicologia-ilustrada","status":"publish","type":"post","link":"https:\/\/blogs.santosochoa.es\/logrono\/libros-para-crecer-familia-empresaria-psicologia-ilustrada\/","title":{"rendered":"Libros para crecer, la familia empresaria y psicolog\u00eda ilustrada"},"content":{"rendered":"\n<p><strong>[EL ARTE DE VIVIR]<\/strong><\/p>\n\n\n\n<h2 class=\"wp-block-heading\"><strong><em>Libros para crecer<\/em>. Encuentros de desarrollo personal a trav\u00e9s de la lectura, con Vanesa G. Urbina de la Escuela GanasdeVivir<\/strong>.<\/h2>\n\n\n\n<h3 class=\"wp-block-heading\"><strong>Lunes 20 de marzo<\/strong><strong>, a las 19:00 h.<\/strong><\/h3>\n\n\n\n<h4 class=\"wp-block-heading\">Espacio Santos Ochoa. Calvo Sotelo, 19, Logro\u00f1o<\/h4>\n\n\n\n<div class=\"wp-block-image\"><figure class=\"alignright size-large is-resized\"><img decoding=\"async\" src=\"https:\/\/blogs.santosochoa.es\/logrono\/wp-content\/uploads\/sites\/2\/2023\/02\/el-monje-que-vendio-su-ferrari.jpg\" alt=\"\" class=\"wp-image-3687\" width=\"300\" srcset=\"https:\/\/blogs.santosochoa.es\/logrono\/wp-content\/uploads\/sites\/2\/2023\/02\/el-monje-que-vendio-su-ferrari.jpg 591w, https:\/\/blogs.santosochoa.es\/logrono\/wp-content\/uploads\/sites\/2\/2023\/02\/el-monje-que-vendio-su-ferrari-196x300.jpg 196w\" sizes=\"(max-width: 591px) 100vw, 591px\" \/><\/figure><\/div>\n\n\n\n<h5 class=\"wp-block-heading\"><strong>Santos Ochoa y la escuela GanasdeVivir te invitan a adentrarte o evolucionar en tu desarrollo personal a trav\u00e9s de la lectura, una maravillosa oportunidad para conocerte y mejorar tu vida, tu salud emocional, tus relaciones\u2026 En estos encuentros grupales, de la mano de la psic\u00f3loga Vanesa Garc\u00eda Urbina, exploraremos y comentaremos las ense\u00f1anzas de un libro, que nos servir\u00e1 para comprobar la importancia de la psicolog\u00eda y la salud mental en nuestras vidas.<\/strong><\/h5>\n\n\n\n<p>Para este segundo encuentro, Vanesa ha escogido el libro <strong><em>El monje que vendi\u00f3 su ferrari<\/em><\/strong><em>.<\/em> Con esta historia tan especial e inolvidable, Robin Sharma nos ense\u00f1a, paso a paso, una nueva manera de enfocar la vida personal, profesional y familiar. Nos muestra lo importante que es emprender un recorrido vital con una direcci\u00f3n clara, con pasi\u00f3n y armon\u00eda interior. A trav\u00e9s de las ense\u00f1anzas de los monjes del Himalaya revisaremos sabias y profundas lecciones sobre la felicidad, el coraje, el equilibrio y la paz interior.<\/p>\n\n\n\n<p><em>El pr\u00f3ximo encuentro tendr\u00e1 lugar el 22 de mayo. Si quieres apuntarte para recibir un recordatorio, escribe un email a vanesa@escuelaganasdevivir.com.<\/em><\/p>\n\n\n\n<p><strong>Vanesa G. Urbina<\/strong> es psic\u00f3loga y fundadora de la escuela GanasdeVivir, con veinte a\u00f1os de experiencia profesional impartiendo formaciones relacionadas con el Desarrollo Personal y la Inteligencia Emocional.<\/p>\n\n\n\n<div style=\"height:50px\" aria-hidden=\"true\" class=\"wp-block-spacer\"><\/div>\n\n\n\n<h2 class=\"wp-block-heading\"><strong><em>Retos de las familias empresarias en tiempos de complejidad<\/em>. Conferencia y coloquio con Manuel Bermejo, profesor del IE Business School<\/strong>.<\/h2>\n\n\n\n<h3 class=\"wp-block-heading\"><strong>Mi\u00e9rcoles 22 de marzo<\/strong><strong>, a las 19:00 h.<\/strong><\/h3>\n\n\n\n<h4 class=\"wp-block-heading\">Espacio Santos Ochoa. Calvo Sotelo, 19, Logro\u00f1o<\/h4>\n\n\n\n<div class=\"wp-block-image\"><figure class=\"alignleft size-large is-resized\"><img decoding=\"async\" src=\"https:\/\/blogs.santosochoa.es\/logrono\/wp-content\/uploads\/sites\/2\/2023\/02\/la-familia-empresaria_manuel-bermejo.jpg\" alt=\"\" class=\"wp-image-3690\" width=\"300\" srcset=\"https:\/\/blogs.santosochoa.es\/logrono\/wp-content\/uploads\/sites\/2\/2023\/02\/la-familia-empresaria_manuel-bermejo.jpg 591w, https:\/\/blogs.santosochoa.es\/logrono\/wp-content\/uploads\/sites\/2\/2023\/02\/la-familia-empresaria_manuel-bermejo-205x300.jpg 205w\" sizes=\"(max-width: 591px) 100vw, 591px\" \/><\/figure><\/div>\n\n\n\n<p>Organizan: <strong>Asociaci\u00f3n Riojana de la Empresa Familiar, Universidad de La Rioja<\/strong>, <strong>IE Business School<\/strong>.<\/p>\n\n\n\n<h5 class=\"wp-block-heading\"><strong>Las familias empresarias deben abordar su tarea en un contexto particularmente complejo y din\u00e1mico donde las transformaciones se producen a velocidad de v\u00e9rtigo por efecto de fen\u00f3menos como la digitalizaci\u00f3n y la globalizaci\u00f3n. Estos cambios del entorno dificultan especialmente la sostenibilidad de los negocios y tambi\u00e9n acrecientan la brecha generacional, lo que supone un problema para la necesaria cohesi\u00f3n familiar. Por estos motivos, las familias empresarias deben hacer especial \u00e9nfasis en trabajar las palancas clave que faciliten su continuidad.<\/strong><\/h5>\n\n\n\n<p>El v\u00ednculo de <strong>Manuel Bermejo<\/strong> con la empresa familiar es triple. Por v\u00eda gen\u00e9tica es hijo y nieto de exitosos empresarios y ha convivido desde ni\u00f1o con la realidad singular de la empresa familiar, habiendo ostentado posiciones de alta direcci\u00f3n en compa\u00f1\u00edas se sectores como el capital riesgo, la agroindustria o el entretenimiento.<\/p>\n\n\n\n<p>Ha trabajado la tem\u00e1tica de la empresa familiar en el \u00e1mbito acad\u00e9mico como profesor titular en IE Business School desde 1992. Conferenciante internacional, profesor visitante en las principales escuelas de negocio de Latinoam\u00e9rica, colaborador habitual de medios de comunicaci\u00f3n. En la actualidad es director general de Programas de Empresa Familiar en la Unidad de Executive Education de IE Business School desde donde lidera diferentes programas acad\u00e9micos para familias empresarias.<\/p>\n\n\n\n<p>El Doctor Bermejo es considerado uno de los mayores expertos en emprendedurismo y empresa familiar. A lo largo de m\u00e1s de dos d\u00e9cadas de vida profesional, ha asesorado a numerosas familias empresarias. En la actualidad es presidente en The Familiy Advisoy Board, firma global desde donde acompa\u00f1a como consejero experto a numerosas familias empresarias de Europa y Latinoam\u00e9rica.<\/p>\n\n\n\n<p>Es autor de los libros: <em>Hacia la empresa Familiar L\u00edder, Gente Emprendedora, gente de calidad, Gobernando la empresa familiar, Empresa Familiar: An\u00e1lisis Estrat\u00e9gico, Familias Empresarias: 21 claves para su continuidad<\/em> y <em>La familia empresaria<\/em>.<\/p>\n\n\n\n<div style=\"height:50px\" aria-hidden=\"true\" class=\"wp-block-spacer\"><\/div>\n\n\n\n<p><strong>[EL ARTE DE VIVIR]<\/strong><\/p>\n\n\n\n<h2 class=\"wp-block-heading\"><strong><em>\u00bfQui\u00e9n decide por ti cuando decides t\u00fa?<\/em> Charla y libro con el psic\u00f3logo Pedro Jara y la ilustradora DommCobb<\/strong>.<\/h2>\n\n\n\n<h3 class=\"wp-block-heading\"><strong>Jueves 23 de marzo<\/strong><strong>, a las 19:00 h.<\/strong><\/h3>\n\n\n\n<h4 class=\"wp-block-heading\">Espacio Santos Ochoa. Calvo Sotelo, 19, Logro\u00f1o<\/h4>\n\n\n\n<p><strong><em>Tambi\u00e9n en YouTube:<\/em><\/strong> <a href=\"https:\/\/www.youtube.com\/c\/SantosOchoaLibros\">youtube.com\/c\/SantosOchoaLibros<\/a><\/p>\n\n\n\n<div class=\"wp-block-image\"><figure class=\"alignright size-large is-resized\"><img decoding=\"async\" src=\"https:\/\/blogs.santosochoa.es\/logrono\/wp-content\/uploads\/sites\/2\/2022\/10\/quien-decide-por-ti-cuando-decides-tu.jpg\" alt=\"\" class=\"wp-image-3478\" width=\"300\" srcset=\"https:\/\/blogs.santosochoa.es\/logrono\/wp-content\/uploads\/sites\/2\/2022\/10\/quien-decide-por-ti-cuando-decides-tu.jpg 591w, https:\/\/blogs.santosochoa.es\/logrono\/wp-content\/uploads\/sites\/2\/2022\/10\/quien-decide-por-ti-cuando-decides-tu-211x300.jpg 211w\" sizes=\"(max-width: 591px) 100vw, 591px\" \/><\/figure><\/div>\n\n\n\n<p><strong>Organiza el Tel\u00e9fono de la Esperanza de La Rioja<\/strong> entre los actos de celebraci\u00f3n del D\u00eda de la Escucha.<\/p>\n\n\n\n<p><strong><em>\u00bfQui\u00e9n lleva el tim\u00f3n de tu vida? En este mundo ruidoso que insiste en decirte lo que tienes que ser, toma la decisi\u00f3n de ser t\u00fa.<\/em><\/strong><\/p>\n\n\n\n<h5 class=\"wp-block-heading\"><strong>Peque\u00f1as o grandes, conscientes o inconscientes, los seres humanos nos pasamos la vida tomando decisiones, pero \u00bfhasta qu\u00e9 punto decidimos con verdadera libertad y autonom\u00eda? \u00bfDe d\u00f3nde sale aquello que t\u00fa, de forma casi autom\u00e1tica, consideras \u00abverdad\u00bb? Aunque no te des ni cuenta, las voces, discursos, im\u00e1genes, mensajes, aprendizajes, tradiciones e inercias que nos rodean y que aprendimos e imitamos constantemente, tienen mucho que ver con los caminos que eliges. As\u00ed que, \u00bfc\u00f3mo decidir por ti mismo cuando tal vez no sepas qui\u00e9n eres en realidad t\u00fa mismo?<\/strong><\/h5>\n\n\n\n<p>El psic\u00f3logo Pedro Jara y la vi\u00f1etista y creativa Domm Cobb se unen para crear un libro verdaderamente pionero y original que inaugura un g\u00e9nero: la psicolog\u00eda ilustrada. Una combinaci\u00f3n de texto y vi\u00f1etas, seriedad y humor, reflexi\u00f3n e iron\u00eda, para ayudarte a tomar, de manera aut\u00e9ntica y real, las riendas de tu vida.<\/p>\n\n\n\n<p>Soy&nbsp;<strong>Pedro Jara<\/strong>, especialista en Psicolog\u00eda Cl\u00ednica, psicoterapeuta con treinta a\u00f1os de experiencia y profesor asociado en la Universidad de Murcia. Adem\u00e1s de numerosos art\u00edculos en \u00e1mbitos acad\u00e9micos y profesionales, antes de&nbsp;<em>\u00bfQui\u00e9n decide por ti cuando decides t\u00fa?<\/em>&nbsp;he publicado otras tres obras divulgativas:&nbsp;<em>El mundo necesita terapia, Po\u00e9tica-mente<\/em>&nbsp;y&nbsp;<em>Adicci\u00f3n al pensamiento.<\/em>&nbsp;Todas ellas destilan una mirada profundamente reflexiva, cr\u00edtica y sist\u00e9mica de la psicolog\u00eda.<\/p>\n\n\n\n<p>Soy&nbsp;<strong>DommCobb<\/strong>&nbsp;o Ana Bel\u00e9n, nac\u00ed hace un mont\u00f3n en la aldea de Murcia y fui dando vueltas a lo largo de mi propio planeta sin saber ni a d\u00f3nde iba ni de d\u00f3nde ven\u00eda. Amo el color azul, la cerveza, a mis sobrinas y sobrinos y fumo demasiado sabiendo que es mal\u00edsimo (un dato imprescindible que dice mucho de mi cociente intelectual). A los veintiocho me atropell\u00f3 un autob\u00fas. He visto cuarenta y dos conciertos de Bruce Springsteen, he sido delineante y dibujo monosaciones desde 2016. Dibuescrib\u00ed&nbsp;<em>La vida es ahora&#8230;despu\u00e9s, Balcosaciones; vi\u00f1etas en cuarentena,&nbsp;<\/em>y&nbsp;<em>El 1% de lo que cabe en un ser humano.<\/em>&nbsp; Creo firmemente que andamos faltos de amor, de humor y de verdad.<\/p>\n","protected":false},"excerpt":{"rendered":"<p>Charla coloquio con Vanesa G. Urbina. Charla y libro de Manuel Bermejo. Charla y libro del psic\u00f3logo Pedro Jara y la ilustradora Ana Bel\u00e9n L\u00f3pez (DommCobb)<\/p>\n","protected":false},"author":4,"featured_media":3478,"comment_status":"closed","ping_status":"closed","sticky":false,"template":"","format":"standard","meta":{"footnotes":""},"categories":[10,16,12],"tags":[],"class_list":["post-3713","post","type-post","status-publish","format-standard","has-post-thumbnail","hentry","category-charlas","category-el-arte-de-vivir","category-libros"],"yoast_head":"<!-- This site is optimized with the Yoast SEO plugin v27.2 - https:\/\/yoast.com\/product\/yoast-seo-wordpress\/ -->\n<title>Libros para crecer, la familia empresaria y psicolog\u00eda ilustrada - Santos Ochoa Logro\u00f1o<\/title>\n<meta name=\"description\" content=\"Charla coloquio con Vanesa G. Urbina. Charla y libro de Manuel Bermejo. Charla y libro del psic\u00f3logo Pedro Jara y la ilustradora Ana Bel\u00e9n L\u00f3pez (DommCobb)\" \/>\n<meta name=\"robots\" content=\"index, follow, max-snippet:-1, max-image-preview:large, max-video-preview:-1\" \/>\n<link rel=\"canonical\" href=\"https:\/\/blogs.santosochoa.es\/logrono\/libros-para-crecer-familia-empresaria-psicologia-ilustrada\/\" \/>\n<meta property=\"og:locale\" content=\"es_ES\" \/>\n<meta property=\"og:type\" content=\"article\" \/>\n<meta property=\"og:title\" content=\"Libros para crecer, la familia empresaria y psicolog\u00eda ilustrada - Santos Ochoa Logro\u00f1o\" \/>\n<meta property=\"og:description\" content=\"Charla coloquio con Vanesa G. Urbina. Charla y libro de Manuel Bermejo. Charla y libro del psic\u00f3logo Pedro Jara y la ilustradora Ana Bel\u00e9n L\u00f3pez (DommCobb)\" \/>\n<meta property=\"og:url\" content=\"https:\/\/blogs.santosochoa.es\/logrono\/libros-para-crecer-familia-empresaria-psicologia-ilustrada\/\" \/>\n<meta property=\"og:site_name\" content=\"Santos Ochoa Logro\u00f1o\" \/>\n<meta property=\"article:author\" content=\"https:\/\/www.facebook.com\/santosochoalog\" \/>\n<meta property=\"article:published_time\" content=\"2023-03-15T11:10:26+00:00\" \/>\n<meta property=\"article:modified_time\" content=\"2023-03-15T11:14:10+00:00\" \/>\n<meta property=\"og:image\" content=\"https:\/\/blogs.santosochoa.es\/logrono\/wp-content\/uploads\/sites\/2\/2022\/10\/quien-decide-por-ti-cuando-decides-tu.jpg\" \/>\n\t<meta property=\"og:image:width\" content=\"591\" \/>\n\t<meta property=\"og:image:height\" content=\"839\" \/>\n\t<meta property=\"og:image:type\" content=\"image\/jpeg\" \/>\n<meta name=\"author\" content=\"Santos Ochoa Logro\u00f1o\" \/>\n<meta name=\"twitter:card\" content=\"summary_large_image\" \/>\n<meta name=\"twitter:creator\" content=\"@santosochoalog\" \/>\n<meta name=\"twitter:label1\" content=\"Written by\" \/>\n\t<meta name=\"twitter:data1\" content=\"Santos Ochoa Logro\u00f1o\" \/>\n\t<meta name=\"twitter:label2\" content=\"Est. reading time\" \/>\n\t<meta name=\"twitter:data2\" content=\"5 minutos\" \/>\n<script type=\"application\/ld+json\" class=\"yoast-schema-graph\">{\"@context\":\"https:\/\/schema.org\",\"@graph\":[{\"@type\":\"Article\",\"@id\":\"https:\/\/blogs.santosochoa.es\/logrono\/libros-para-crecer-familia-empresaria-psicologia-ilustrada\/#article\",\"isPartOf\":{\"@id\":\"https:\/\/blogs.santosochoa.es\/logrono\/libros-para-crecer-familia-empresaria-psicologia-ilustrada\/\"},\"author\":{\"name\":\"Santos Ochoa Logro\u00f1o\",\"@id\":\"https:\/\/blogs.santosochoa.es\/logrono\/#\/schema\/person\/103664eb8c60fbeea1880c704687c2e3\"},\"headline\":\"Libros para crecer, la familia empresaria y psicolog\u00eda ilustrada\",\"datePublished\":\"2023-03-15T11:10:26+00:00\",\"dateModified\":\"2023-03-15T11:14:10+00:00\",\"mainEntityOfPage\":{\"@id\":\"https:\/\/blogs.santosochoa.es\/logrono\/libros-para-crecer-familia-empresaria-psicologia-ilustrada\/\"},\"wordCount\":1109,\"image\":{\"@id\":\"https:\/\/blogs.santosochoa.es\/logrono\/libros-para-crecer-familia-empresaria-psicologia-ilustrada\/#primaryimage\"},\"thumbnailUrl\":\"https:\/\/blogs.santosochoa.es\/logrono\/wp-content\/uploads\/sites\/2\/2022\/10\/quien-decide-por-ti-cuando-decides-tu.jpg\",\"articleSection\":[\"charlas\",\"el arte de vivir\",\"libros\"],\"inLanguage\":\"es\"},{\"@type\":\"WebPage\",\"@id\":\"https:\/\/blogs.santosochoa.es\/logrono\/libros-para-crecer-familia-empresaria-psicologia-ilustrada\/\",\"url\":\"https:\/\/blogs.santosochoa.es\/logrono\/libros-para-crecer-familia-empresaria-psicologia-ilustrada\/\",\"name\":\"Libros para crecer, la familia empresaria y psicolog\u00eda ilustrada - Santos Ochoa Logro\u00f1o\",\"isPartOf\":{\"@id\":\"https:\/\/blogs.santosochoa.es\/logrono\/#website\"},\"primaryImageOfPage\":{\"@id\":\"https:\/\/blogs.santosochoa.es\/logrono\/libros-para-crecer-familia-empresaria-psicologia-ilustrada\/#primaryimage\"},\"image\":{\"@id\":\"https:\/\/blogs.santosochoa.es\/logrono\/libros-para-crecer-familia-empresaria-psicologia-ilustrada\/#primaryimage\"},\"thumbnailUrl\":\"https:\/\/blogs.santosochoa.es\/logrono\/wp-content\/uploads\/sites\/2\/2022\/10\/quien-decide-por-ti-cuando-decides-tu.jpg\",\"datePublished\":\"2023-03-15T11:10:26+00:00\",\"dateModified\":\"2023-03-15T11:14:10+00:00\",\"author\":{\"@id\":\"https:\/\/blogs.santosochoa.es\/logrono\/#\/schema\/person\/103664eb8c60fbeea1880c704687c2e3\"},\"description\":\"Charla coloquio con Vanesa G. Urbina. Charla y libro de Manuel Bermejo. Charla y libro del psic\u00f3logo Pedro Jara y la ilustradora Ana Bel\u00e9n L\u00f3pez (DommCobb)\",\"breadcrumb\":{\"@id\":\"https:\/\/blogs.santosochoa.es\/logrono\/libros-para-crecer-familia-empresaria-psicologia-ilustrada\/#breadcrumb\"},\"inLanguage\":\"es\",\"potentialAction\":[{\"@type\":\"ReadAction\",\"target\":[\"https:\/\/blogs.santosochoa.es\/logrono\/libros-para-crecer-familia-empresaria-psicologia-ilustrada\/\"]}]},{\"@type\":\"ImageObject\",\"inLanguage\":\"es\",\"@id\":\"https:\/\/blogs.santosochoa.es\/logrono\/libros-para-crecer-familia-empresaria-psicologia-ilustrada\/#primaryimage\",\"url\":\"https:\/\/blogs.santosochoa.es\/logrono\/wp-content\/uploads\/sites\/2\/2022\/10\/quien-decide-por-ti-cuando-decides-tu.jpg\",\"contentUrl\":\"https:\/\/blogs.santosochoa.es\/logrono\/wp-content\/uploads\/sites\/2\/2022\/10\/quien-decide-por-ti-cuando-decides-tu.jpg\",\"width\":591,\"height\":839},{\"@type\":\"BreadcrumbList\",\"@id\":\"https:\/\/blogs.santosochoa.es\/logrono\/libros-para-crecer-familia-empresaria-psicologia-ilustrada\/#breadcrumb\",\"itemListElement\":[{\"@type\":\"ListItem\",\"position\":1,\"name\":\"Home\",\"item\":\"https:\/\/blogs.santosochoa.es\/logrono\/\"},{\"@type\":\"ListItem\",\"position\":2,\"name\":\"Libros para crecer, la familia empresaria y psicolog\u00eda ilustrada\"}]},{\"@type\":\"WebSite\",\"@id\":\"https:\/\/blogs.santosochoa.es\/logrono\/#website\",\"url\":\"https:\/\/blogs.santosochoa.es\/logrono\/\",\"name\":\"Santos Ochoa Logro\u00f1o\",\"description\":\"Tu Librer\u00eda Online\",\"potentialAction\":[{\"@type\":\"SearchAction\",\"target\":{\"@type\":\"EntryPoint\",\"urlTemplate\":\"https:\/\/blogs.santosochoa.es\/logrono\/?s={search_term_string}\"},\"query-input\":{\"@type\":\"PropertyValueSpecification\",\"valueRequired\":true,\"valueName\":\"search_term_string\"}}],\"inLanguage\":\"es\"},{\"@type\":\"Person\",\"@id\":\"https:\/\/blogs.santosochoa.es\/logrono\/#\/schema\/person\/103664eb8c60fbeea1880c704687c2e3\",\"name\":\"Santos Ochoa Logro\u00f1o\",\"sameAs\":[\"http:\/\/santosochoa.es\",\"https:\/\/www.facebook.com\/santosochoalog\",\"https:\/\/www.instagram.com\/santosochoalog\/\",\"https:\/\/x.com\/santosochoalog\",\"https:\/\/www.youtube.com\/c\/SantosOchoaLibros\"]}]}<\/script>\n<!-- \/ Yoast SEO plugin. -->","yoast_head_json":{"title":"Libros para crecer, la familia empresaria y psicolog\u00eda ilustrada - Santos Ochoa Logro\u00f1o","description":"Charla coloquio con Vanesa G. Urbina. Charla y libro de Manuel Bermejo. Charla y libro del psic\u00f3logo Pedro Jara y la ilustradora Ana Bel\u00e9n L\u00f3pez (DommCobb)","robots":{"index":"index","follow":"follow","max-snippet":"max-snippet:-1","max-image-preview":"max-image-preview:large","max-video-preview":"max-video-preview:-1"},"canonical":"https:\/\/blogs.santosochoa.es\/logrono\/libros-para-crecer-familia-empresaria-psicologia-ilustrada\/","og_locale":"es_ES","og_type":"article","og_title":"Libros para crecer, la familia empresaria y psicolog\u00eda ilustrada - Santos Ochoa Logro\u00f1o","og_description":"Charla coloquio con Vanesa G. Urbina. Charla y libro de Manuel Bermejo. Charla y libro del psic\u00f3logo Pedro Jara y la ilustradora Ana Bel\u00e9n L\u00f3pez (DommCobb)","og_url":"https:\/\/blogs.santosochoa.es\/logrono\/libros-para-crecer-familia-empresaria-psicologia-ilustrada\/","og_site_name":"Santos Ochoa Logro\u00f1o","article_author":"https:\/\/www.facebook.com\/santosochoalog","article_published_time":"2023-03-15T11:10:26+00:00","article_modified_time":"2023-03-15T11:14:10+00:00","og_image":[{"width":591,"height":839,"url":"https:\/\/blogs.santosochoa.es\/logrono\/wp-content\/uploads\/sites\/2\/2022\/10\/quien-decide-por-ti-cuando-decides-tu.jpg","type":"image\/jpeg"}],"author":"Santos Ochoa Logro\u00f1o","twitter_card":"summary_large_image","twitter_creator":"@santosochoalog","twitter_misc":{"Written by":"Santos Ochoa Logro\u00f1o","Est. reading time":"5 minutos"},"schema":{"@context":"https:\/\/schema.org","@graph":[{"@type":"Article","@id":"https:\/\/blogs.santosochoa.es\/logrono\/libros-para-crecer-familia-empresaria-psicologia-ilustrada\/#article","isPartOf":{"@id":"https:\/\/blogs.santosochoa.es\/logrono\/libros-para-crecer-familia-empresaria-psicologia-ilustrada\/"},"author":{"name":"Santos Ochoa Logro\u00f1o","@id":"https:\/\/blogs.santosochoa.es\/logrono\/#\/schema\/person\/103664eb8c60fbeea1880c704687c2e3"},"headline":"Libros para crecer, la familia empresaria y psicolog\u00eda ilustrada","datePublished":"2023-03-15T11:10:26+00:00","dateModified":"2023-03-15T11:14:10+00:00","mainEntityOfPage":{"@id":"https:\/\/blogs.santosochoa.es\/logrono\/libros-para-crecer-familia-empresaria-psicologia-ilustrada\/"},"wordCount":1109,"image":{"@id":"https:\/\/blogs.santosochoa.es\/logrono\/libros-para-crecer-familia-empresaria-psicologia-ilustrada\/#primaryimage"},"thumbnailUrl":"https:\/\/blogs.santosochoa.es\/logrono\/wp-content\/uploads\/sites\/2\/2022\/10\/quien-decide-por-ti-cuando-decides-tu.jpg","articleSection":["charlas","el arte de vivir","libros"],"inLanguage":"es"},{"@type":"WebPage","@id":"https:\/\/blogs.santosochoa.es\/logrono\/libros-para-crecer-familia-empresaria-psicologia-ilustrada\/","url":"https:\/\/blogs.santosochoa.es\/logrono\/libros-para-crecer-familia-empresaria-psicologia-ilustrada\/","name":"Libros para crecer, la familia empresaria y psicolog\u00eda ilustrada - Santos Ochoa Logro\u00f1o","isPartOf":{"@id":"https:\/\/blogs.santosochoa.es\/logrono\/#website"},"primaryImageOfPage":{"@id":"https:\/\/blogs.santosochoa.es\/logrono\/libros-para-crecer-familia-empresaria-psicologia-ilustrada\/#primaryimage"},"image":{"@id":"https:\/\/blogs.santosochoa.es\/logrono\/libros-para-crecer-familia-empresaria-psicologia-ilustrada\/#primaryimage"},"thumbnailUrl":"https:\/\/blogs.santosochoa.es\/logrono\/wp-content\/uploads\/sites\/2\/2022\/10\/quien-decide-por-ti-cuando-decides-tu.jpg","datePublished":"2023-03-15T11:10:26+00:00","dateModified":"2023-03-15T11:14:10+00:00","author":{"@id":"https:\/\/blogs.santosochoa.es\/logrono\/#\/schema\/person\/103664eb8c60fbeea1880c704687c2e3"},"description":"Charla coloquio con Vanesa G. Urbina. Charla y libro de Manuel Bermejo. Charla y libro del psic\u00f3logo Pedro Jara y la ilustradora Ana Bel\u00e9n L\u00f3pez (DommCobb)","breadcrumb":{"@id":"https:\/\/blogs.santosochoa.es\/logrono\/libros-para-crecer-familia-empresaria-psicologia-ilustrada\/#breadcrumb"},"inLanguage":"es","potentialAction":[{"@type":"ReadAction","target":["https:\/\/blogs.santosochoa.es\/logrono\/libros-para-crecer-familia-empresaria-psicologia-ilustrada\/"]}]},{"@type":"ImageObject","inLanguage":"es","@id":"https:\/\/blogs.santosochoa.es\/logrono\/libros-para-crecer-familia-empresaria-psicologia-ilustrada\/#primaryimage","url":"https:\/\/blogs.santosochoa.es\/logrono\/wp-content\/uploads\/sites\/2\/2022\/10\/quien-decide-por-ti-cuando-decides-tu.jpg","contentUrl":"https:\/\/blogs.santosochoa.es\/logrono\/wp-content\/uploads\/sites\/2\/2022\/10\/quien-decide-por-ti-cuando-decides-tu.jpg","width":591,"height":839},{"@type":"BreadcrumbList","@id":"https:\/\/blogs.santosochoa.es\/logrono\/libros-para-crecer-familia-empresaria-psicologia-ilustrada\/#breadcrumb","itemListElement":[{"@type":"ListItem","position":1,"name":"Home","item":"https:\/\/blogs.santosochoa.es\/logrono\/"},{"@type":"ListItem","position":2,"name":"Libros para crecer, la familia empresaria y psicolog\u00eda ilustrada"}]},{"@type":"WebSite","@id":"https:\/\/blogs.santosochoa.es\/logrono\/#website","url":"https:\/\/blogs.santosochoa.es\/logrono\/","name":"Santos Ochoa Logro\u00f1o","description":"Tu Librer\u00eda Online","potentialAction":[{"@type":"SearchAction","target":{"@type":"EntryPoint","urlTemplate":"https:\/\/blogs.santosochoa.es\/logrono\/?s={search_term_string}"},"query-input":{"@type":"PropertyValueSpecification","valueRequired":true,"valueName":"search_term_string"}}],"inLanguage":"es"},{"@type":"Person","@id":"https:\/\/blogs.santosochoa.es\/logrono\/#\/schema\/person\/103664eb8c60fbeea1880c704687c2e3","name":"Santos Ochoa Logro\u00f1o","sameAs":["http:\/\/santosochoa.es","https:\/\/www.facebook.com\/santosochoalog","https:\/\/www.instagram.com\/santosochoalog\/","https:\/\/x.com\/santosochoalog","https:\/\/www.youtube.com\/c\/SantosOchoaLibros"]}]}},"_links":{"self":[{"href":"https:\/\/blogs.santosochoa.es\/logrono\/wp-json\/wp\/v2\/posts\/3713","targetHints":{"allow":["GET"]}}],"collection":[{"href":"https:\/\/blogs.santosochoa.es\/logrono\/wp-json\/wp\/v2\/posts"}],"about":[{"href":"https:\/\/blogs.santosochoa.es\/logrono\/wp-json\/wp\/v2\/types\/post"}],"author":[{"embeddable":true,"href":"https:\/\/blogs.santosochoa.es\/logrono\/wp-json\/wp\/v2\/users\/4"}],"replies":[{"embeddable":true,"href":"https:\/\/blogs.santosochoa.es\/logrono\/wp-json\/wp\/v2\/comments?post=3713"}],"version-history":[{"count":5,"href":"https:\/\/blogs.santosochoa.es\/logrono\/wp-json\/wp\/v2\/posts\/3713\/revisions"}],"predecessor-version":[{"id":3718,"href":"https:\/\/blogs.santosochoa.es\/logrono\/wp-json\/wp\/v2\/posts\/3713\/revisions\/3718"}],"wp:featuredmedia":[{"embeddable":true,"href":"https:\/\/blogs.santosochoa.es\/logrono\/wp-json\/wp\/v2\/media\/3478"}],"wp:attachment":[{"href":"https:\/\/blogs.santosochoa.es\/logrono\/wp-json\/wp\/v2\/media?parent=3713"}],"wp:term":[{"taxonomy":"category","embeddable":true,"href":"https:\/\/blogs.santosochoa.es\/logrono\/wp-json\/wp\/v2\/categories?post=3713"},{"taxonomy":"post_tag","embeddable":true,"href":"https:\/\/blogs.santosochoa.es\/logrono\/wp-json\/wp\/v2\/tags?post=3713"}],"curies":[{"name":"wp","href":"https:\/\/api.w.org\/{rel}","templated":true}]}}