{"id":3699,"date":"2023-03-01T11:59:12","date_gmt":"2023-03-01T10:59:12","guid":{"rendered":"https:\/\/blogs.santosochoa.es\/logrono\/?p=3699"},"modified":"2023-03-01T12:06:36","modified_gmt":"2023-03-01T11:06:36","slug":"paraisos-sonados-fernando-aldana-ibon-martin-y-cuentos-infinitos","status":"publish","type":"post","link":"https:\/\/blogs.santosochoa.es\/logrono\/paraisos-sonados-fernando-aldana-ibon-martin-y-cuentos-infinitos\/","title":{"rendered":"Para\u00edsos so\u00f1ados, Fernando S\u00e1ez Aldana, Ibon Mart\u00edn y Cuentos Infinitos"},"content":{"rendered":"\n<h2 class=\"wp-block-heading\"><strong><em>Para\u00edsos so\u00f1ados y un secreto<\/em>. Charla coloquio con Izaskun Fern\u00e1ndez, Eduardo Gil Bera y Bernardo S\u00e1nchez.<\/strong><\/h2>\n\n\n\n<h3 class=\"wp-block-heading\"><strong>Martes 7 de marzo<\/strong><strong>, a las 19:30 h.<\/strong><\/h3>\n\n\n\n<h4 class=\"wp-block-heading\">Espacio Santos Ochoa. Calvo Sotelo, 19, Logro\u00f1o<\/h4>\n\n\n\n<div class=\"wp-block-image\"><figure class=\"alignright size-large is-resized\"><img decoding=\"async\" src=\"https:\/\/blogs.santosochoa.es\/logrono\/wp-content\/uploads\/sites\/2\/2023\/02\/1200x1200px_Paraisos-Viaje_RRSS-1024x1024.jpg\" alt=\"\" class=\"wp-image-3673\" width=\"300\" srcset=\"https:\/\/blogs.santosochoa.es\/logrono\/wp-content\/uploads\/sites\/2\/2023\/02\/1200x1200px_Paraisos-Viaje_RRSS-1024x1024.jpg 1024w, https:\/\/blogs.santosochoa.es\/logrono\/wp-content\/uploads\/sites\/2\/2023\/02\/1200x1200px_Paraisos-Viaje_RRSS-300x300.jpg 300w, https:\/\/blogs.santosochoa.es\/logrono\/wp-content\/uploads\/sites\/2\/2023\/02\/1200x1200px_Paraisos-Viaje_RRSS-150x150.jpg 150w, https:\/\/blogs.santosochoa.es\/logrono\/wp-content\/uploads\/sites\/2\/2023\/02\/1200x1200px_Paraisos-Viaje_RRSS-768x768.jpg 768w, https:\/\/blogs.santosochoa.es\/logrono\/wp-content\/uploads\/sites\/2\/2023\/02\/1200x1200px_Paraisos-Viaje_RRSS-1536x1536.jpg 1536w, https:\/\/blogs.santosochoa.es\/logrono\/wp-content\/uploads\/sites\/2\/2023\/02\/1200x1200px_Paraisos-Viaje_RRSS-2048x2048.jpg 2048w, https:\/\/blogs.santosochoa.es\/logrono\/wp-content\/uploads\/sites\/2\/2023\/02\/1200x1200px_Paraisos-Viaje_RRSS-1080x1080.jpg 1080w\" sizes=\"(max-width: 1024px) 100vw, 1024px\" \/><\/figure><\/div>\n\n\n\n<h5 class=\"wp-block-heading\"><strong>\u00bfQu\u00e9 hay en tu para\u00edso? \u00bfBelleza? \u00bfEsperanza? \u00bfSilencio? \u00bfCompa\u00f1\u00eda? \u00bfSosiego? Nuestro \u201cpara\u00edso ideal\u201d es nuestro refugio \u00edntimo. Por naturaleza, siempre ocupamos dos lugares: el del presente y el que imaginamos. Es este un lugar donde ser otro, donde refugiarnos y experimentar el consuelo. So\u00f1amos con para\u00edsos que nos acoger\u00e1n en futuros inminentes o distantes en el tiempo, con estancias cortas o largas, con la promesa del encuentro con paisajes \u00fanicos&#8230;<\/strong><\/h5>\n\n\n\n<p>\u00bfQu\u00e9 mejor lugar que la literatura y los libros para explorar y descubrir el \u201cpara\u00edso ideal\u201d que anhelamos? Imaginaremos nuestro para\u00edso con el motivo del viaje, con <strong>Izaskun Fern\u00e1ndez<\/strong>, actriz y dramaturga, quien nos hablar\u00e1 de <em>Los viajes de Gulliver<\/em>, de Jonathan Swift y <em>La Cruz del Sur: Poes\u00eda completa<\/em>, de Nicos Cavad\u00edas y con <strong>Eduardo Gil Bera<\/strong>, escritor y traductor, que nos hablar\u00e1 <em>El \u00faltimo verano de Klingsor<\/em>, de Hermann Hesse y <em>Odisea<\/em>, de Homero. Introduce y modera: <strong>Bernardo S\u00e1nchez Salas<\/strong>, guionista y dramaturgo.<\/p>\n\n\n\n<p><strong>Izaskun Fern\u00e1ndez<\/strong>, actriz y dramaturga. Galardonada en 2006 y 2007 como mejor actriz principal en el certamen de Teatro Joven de La Rioja. Lidera la compa\u00f1\u00eda El Patio Teatro.&nbsp;Desde 2012 la compa\u00f1\u00eda ha actuado en los m\u00e1s relevantes festivales y teatros espa\u00f1oles y ha llevado a cabo importantes giras internacionales. En 2021 la compa\u00f1\u00eda fue galardonada con el Premio \u201cEl Ojo Cr\u00edtico\u201d de Teatro de RNE.<\/p>\n\n\n\n<p><strong>Eduardo Gil Bera<\/strong>, escritor y traductor. Es autor de narrativa viajera (<em>Sobre la marcha<\/em>), novela (<em>Cuando el mundo era m\u00edo<\/em>, <em>Atraves\u00e9 las B\u00e1rdenas<\/em>), ensayos biogr\u00e1ficos (<em>Esta canalla de literatura<\/em>, <em>El bot\u00e1nico Lacoizqueta y su mundo<\/em> y estudios sobre \u00e9pica antigua (<em>Certamen de Homero y Hes\u00edodo<\/em>). Ha traducido a numerosos autores cl\u00e1sicos y modernos.<\/p>\n\n\n\n<p><strong>Bernardo S\u00e1nchez Salas<\/strong> (Logro\u00f1o, 1961). Guionista y dramaturgo. Premio Max de Artes Esc\u00e9nicas por su adaptaci\u00f3n de <em>El verdugo<\/em>, de Berlanga y Azcona, y nominado a los Premios Goya por su adaptaci\u00f3n de <em>Los europeos<\/em>, tambi\u00e9n de Azcona. Se dedica a la escritura de teatro, guiones, art\u00edculos y libros.<\/p>\n\n\n\n<div style=\"height:51px\" aria-hidden=\"true\" class=\"wp-block-spacer\"><\/div>\n\n\n\n<h2 class=\"wp-block-heading\"><strong>Fernando S\u00e1ez Aldana presenta <em>Gu\u00eda pr\u00e1ctica para escuchar m\u00fasica.<\/em> C\u00f3mo comprender y sentir una obra musical.<\/strong><\/h2>\n\n\n\n<h3 class=\"wp-block-heading\"><strong>Mi\u00e9rcoles 8 de marzo<\/strong><strong>, a las 19:30 h.<\/strong><\/h3>\n\n\n\n<h4 class=\"wp-block-heading\">Espacio Santos Ochoa. Calvo Sotelo, 19, Logro\u00f1o<\/h4>\n\n\n\n<p><strong><em>Tambi\u00e9n en YouTube:<\/em><\/strong> <a href=\"https:\/\/www.youtube.com\/c\/SantosOchoaLibros\" target=\"_blank\" rel=\"noreferrer noopener\">youtube.com\/c\/SantosOchoaLibros<\/a><\/p>\n\n\n\n<div class=\"wp-block-image\"><figure class=\"alignleft size-large is-resized\"><img decoding=\"async\" src=\"https:\/\/blogs.santosochoa.es\/logrono\/wp-content\/uploads\/sites\/2\/2023\/02\/guia-practica-para-escuchar-musica.jpg\" alt=\"\" class=\"wp-image-3675\" width=\"300\" srcset=\"https:\/\/blogs.santosochoa.es\/logrono\/wp-content\/uploads\/sites\/2\/2023\/02\/guia-practica-para-escuchar-musica.jpg 591w, https:\/\/blogs.santosochoa.es\/logrono\/wp-content\/uploads\/sites\/2\/2023\/02\/guia-practica-para-escuchar-musica-213x300.jpg 213w\" sizes=\"(max-width: 591px) 100vw, 591px\" \/><\/figure><\/div>\n\n\n\n<p>Acompa\u00f1a al autor <strong>\u00d3scar Hierro Yag\u00fce<\/strong>, catedr\u00e1tico jubilado de Lengua y Literatura en el Instituto Sagasta y miembro de la Asociaci\u00f3n Riojana de Amigos de la \u00d3pera.<\/p>\n\n\n\n<h5 class=\"wp-block-heading\"><strong>Aunque no es necesario poseer conocimientos musicales para escuchar y sentir un concierto, una sinfon\u00eda o una \u00f3pera, adquirirlos ayuda a gozar m\u00e1s a fondo de su interpretaci\u00f3n. Este libro te permitir\u00e1 adquirir esos conocimientos y comprender cualquier obra musical, de un modo b\u00e1sico pero suficiente para experimentar el disfrute de \u00abentender\u00bb la m\u00fasica que tanto te gusta escuchar.<\/strong><\/h5>\n\n\n\n<p>De forma rigurosa y amena el autor explica, sin complejidades t\u00e9cnicas, cap\u00edtulos como el lenguaje y la notaci\u00f3n, las estructuras musicales y la rica variedad de formas, g\u00e9neros y estilos, desde el canto gregoriano medieval hasta la atonalidad del siglo XX.<\/p>\n\n\n\n<p>Un libro que te ense\u00f1a a escuchar m\u00fasica y disfrutarla al m\u00e1ximo. Te explica c\u00f3mo escuchamos, el proceso creativo, las propiedades del sonido, la melod\u00eda y la armon\u00eda, el lenguaje de la m\u00fasica, las estructuras y formas musicales, as\u00ed como los recursos de los m\u00fasicos y los grandes g\u00e9neros, como la \u00f3pera, el ballet o la m\u00fasica en el cine. Adem\u00e1s, incluye c\u00f3digos QR para seguir la audici\u00f3n de cada obra musical.<\/p>\n\n\n\n<p>De manera grata y asequible, el autor te acompa\u00f1a en este particular viaje, gui\u00e1ndote con seguridad en la b\u00fasqueda de unos fant\u00e1sticos tesoros musicales y as\u00ed comprender las claves de un lenguaje que te ayudar\u00e1n a cumplir la verdadera raz\u00f3n de su ser: emocionar.<\/p>\n\n\n\n<p><strong>Fernando S\u00e1ez Aldana <\/strong>(Haro, 1953) ha escrito y publicado colecciones de relatos breves (<em>La ouija y otros relatos<\/em>, <em>Armon\u00eda y otros cuentos<\/em>, <em>El decatl\u00f3n rio\u00adjano<\/em>, <em>Sonata Pat\u00e9tica<\/em>), novelas (<em>Hasta los huesos<\/em>, <em>Kundry<\/em>, <em>La casa<\/em>, <em>El expediente Ad\u00e1n<\/em>), antolog\u00edas de columnas period\u00edsticas (<em>El bistur\u00ed<\/em>, <em>Columnas jocosas<\/em>), teatro (<em>Mujeres. Teatro a la carta<\/em>) y poes\u00eda (<em>En el crep\u00fasculo<\/em>) y ha obtenido varios premios literarios entre los que destacan el Juan de la Cuesta (1989) el Tiflos de Cuento (1992), el De buena fuen\u00adte (1998) y el Premio de las Letras del Centro Riojano de Madrid (2009). Mel\u00f3mano y pianista aficionado, tras la publicaci\u00f3n de <em>Otra historia de la \u00d3pera <\/em>(2021) y <em>M\u00fasicas con historia<\/em> (2022), <em>Gu\u00eda pr\u00e1ctica para escuchar M\u00fasica<\/em> es su tercer ensayo sobre m\u00fasica cl\u00e1sica. Desde 2004 escribe una columna de opini\u00f3n semanal en Diario La Rioja y participa en las temporadas divulgativas de \u00d3pera en DVD organizadas por la Asociaci\u00f3n Riojana de Amigos de la \u00d3pera, de la que es cofundador.<\/p>\n\n\n\n<div style=\"height:50px\" aria-hidden=\"true\" class=\"wp-block-spacer\"><\/div>\n\n\n\n<h2 class=\"wp-block-heading\"><strong>Ibon Mart\u00edn presenta <em>El ladr\u00f3n de rostros<\/em>. Un peligroso asesino ritual surge en las monta\u00f1as que guardan los mitos y leyendas de los vascos.<\/strong><\/h2>\n\n\n\n<h3 class=\"wp-block-heading\"><strong>Jueves 9 de marzo, a las 19:30 h.<\/strong><\/h3>\n\n\n\n<h4 class=\"wp-block-heading\">Espacio Santos Ochoa. Calvo Sotelo, 19, Logro\u00f1o<\/h4>\n\n\n\n<p><strong><em>Tambi\u00e9n en YouTube:<\/em><\/strong> <a href=\"https:\/\/www.youtube.com\/c\/SantosOchoaLibros\" target=\"_blank\" rel=\"noreferrer noopener\">youtube.com\/c\/SantosOchoaLibros<\/a><\/p>\n\n\n\n<div class=\"wp-block-image\"><figure class=\"alignright size-large is-resized\"><img decoding=\"async\" src=\"https:\/\/blogs.santosochoa.es\/logrono\/wp-content\/uploads\/sites\/2\/2023\/02\/el-ladron-de-rostros-inspectora_ibon-martin.jpg\" alt=\"\" class=\"wp-image-3679\" width=\"300\" srcset=\"https:\/\/blogs.santosochoa.es\/logrono\/wp-content\/uploads\/sites\/2\/2023\/02\/el-ladron-de-rostros-inspectora_ibon-martin.jpg 591w, https:\/\/blogs.santosochoa.es\/logrono\/wp-content\/uploads\/sites\/2\/2023\/02\/el-ladron-de-rostros-inspectora_ibon-martin-196x300.jpg 196w\" sizes=\"(max-width: 591px) 100vw, 591px\" \/><\/figure><\/div>\n\n\n\n<p><strong>Reza cuanto sepas. Nadie est\u00e1 a salvo.<\/strong><\/p>\n\n\n\n<h5 class=\"wp-block-heading\"><strong>En Sandaili, una humilde ermita excavada en la roca, ha aparecido el cuerpo mutilado de una mujer asesinada mientras practicaba un antiguo rito de fertilidad. Su torso ha sido abierto y vaciado y las manos han sido colocadas a ambos lados de su abdomen en actitud de entrega. La escena reproduce, con macabra exactitud, las figuras de los ap\u00f3stoles que Oteiza esculpi\u00f3 en la fachada de la bas\u00edlica de Arantzazu. Las pruebas se\u00f1alan que alguien realiz\u00f3 una copia de su rostro en el momento de su muerte.<\/strong><\/h5>\n\n\n\n<p>Un peligroso asesino ritual ha nacido al abrigo de las verdes monta\u00f1as que guardan desde tiempos inmemoriales los mitos y las leyendas de los vascos. Un enclave aislado, moldeado por el agua que ha dejado sus cicatrices en forma de desfiladeros majestuosos y profundas cuevas. Ane Cestero y la Unidad de Homicidios de Impacto emprender\u00e1n un viaje a las entra\u00f1as de la tierra donde se oculta lo m\u00e1s oscuro del alma humana.<\/p>\n\n\n\n<p><strong>Ibon Mart\u00edn<\/strong>&nbsp;(Donostia, 1976) ha conquistado un lugar propio en el thriller nacional e internacional gracias a sus pasiones: viajar, escribir, describir. Su primera novela,&nbsp;<em>El valle sin nombre<\/em>, naci\u00f3 con el deseo de devolver a la vida los vestigios hist\u00f3ricos y mitol\u00f3gicos que sus pasos descubr\u00edan. Tras ella llegaron <em>Los cr\u00edmenes del faro<\/em>, una serie de cuatro libros inspirados por el thriller n\u00f3rdico que se convirtieron en un \u00e9xito rotundo.<\/p>\n\n\n\n<p><em>La danza de los tulipanes<\/em> alcanz\u00f3 los primeros puestos en las listas de m\u00e1s vendidos, consagr\u00e1ndolo como uno de los autores m\u00e1s destacados de thriller en Espa\u00f1a y en el extranjero.&nbsp;<em>La hora de las gaviotas&nbsp;<\/em>fue galardonada con el Premio Paco Camarasa a la mejor novela negra del a\u00f1o, y lo confirm\u00f3 como el maestro vasco del suspense.<\/p>\n\n\n\n<div style=\"height:50px\" aria-hidden=\"true\" class=\"wp-block-spacer\"><\/div>\n\n\n\n<h2 class=\"wp-block-heading\"><strong>Cuentos Infinitos. Cuentacuentos solidarios.<\/strong><\/h2>\n\n\n\n<h3 class=\"wp-block-heading\"><strong>Jueves 9, viernes 10 y s\u00e1bado 11 de marzo<\/strong><\/h3>\n\n\n\n<h4 class=\"wp-block-heading\">Espacio Santos Ochoa. Calvo Sotelo, 19, Logro\u00f1o<\/h4>\n\n\n\n<p><strong>Edad:<\/strong> a partir de 2 a\u00f1os<\/p>\n\n\n\n<p><strong>Venta anticipada<\/strong> (1 \u20ac por ni\u00f1o) en Santos Ochoa Calvo Sotelo<\/p>\n\n\n\n<div class=\"wp-block-image\"><figure class=\"alignleft size-large is-resized\"><img decoding=\"async\" src=\"https:\/\/blogs.santosochoa.es\/logrono\/wp-content\/uploads\/sites\/2\/2023\/03\/202303_Cartel_Cuentos-Infinitos-724x1024.png\" alt=\"\" class=\"wp-image-3700\" width=\"300\" srcset=\"https:\/\/blogs.santosochoa.es\/logrono\/wp-content\/uploads\/sites\/2\/2023\/03\/202303_Cartel_Cuentos-Infinitos-724x1024.png 724w, https:\/\/blogs.santosochoa.es\/logrono\/wp-content\/uploads\/sites\/2\/2023\/03\/202303_Cartel_Cuentos-Infinitos-212x300.png 212w, https:\/\/blogs.santosochoa.es\/logrono\/wp-content\/uploads\/sites\/2\/2023\/03\/202303_Cartel_Cuentos-Infinitos-768x1086.png 768w, https:\/\/blogs.santosochoa.es\/logrono\/wp-content\/uploads\/sites\/2\/2023\/03\/202303_Cartel_Cuentos-Infinitos.png 842w\" sizes=\"(max-width: 724px) 100vw, 724px\" \/><\/figure><\/div>\n\n\n\n<h5 class=\"wp-block-heading\"><strong>Cuentos y m\u00e1s cuentos, hasta el infinito y m\u00e1s all\u00e1. Los hay de aventuras, de amor, de misterio&#8230; Con ellos aprendemos, nos re\u00edmos o lloramos, conocemos personajes maravillosos que nos llenan de ternura. Las libreras cuentistas siempre tienen uno a mano para hacer volar nuestra imaginaci\u00f3n.<\/strong><\/h5>\n\n\n\n<p>Los Cuentos Infinitos, adem\u00e1s de todo eso, sirven para pasar un buen rato en familia y colaborar con buenas causas. En esta ocasi\u00f3n, vamos a ayudar al colegio Beato Jer\u00f3nimo Hermosilla de Santo Domingo de la Calzada.<\/p>\n\n\n\n<p><strong>Jueves 9.<\/strong> 17:45 y 18:15 h. <strong><em>Dientes bestiales<\/em><\/strong><\/p>\n\n\n\n<p><strong>Viernes 10.<\/strong> 17:45 y 18:15 h. <strong><em>La oveja que incub\u00f3 un huevo<\/em><\/strong><\/p>\n\n\n\n<p><strong>S\u00e1bado 11.<\/strong> 12:00 y 12:30 h. <strong><em>Caca en el zoo<\/em><\/strong><\/p>\n\n\n\n<p><strong>Cuentos Infinitos<\/strong> es una iniciativa para ni\u00f1os curiosos y familias generosas. Para asistir solo hace falta una entrada al precio simb\u00f3lico de 1 \u20ac y todo el dinero recogido se destina a facilitar libros a colegios, bibliotecas o asociaciones para colaborar con sus proyectos de fomento de la lectura.<\/p>\n\n\n\n<p>Gracias a la colaboraci\u00f3n de Barbabuk, El Balc\u00f3n de Mateo y Gr\u00e1ficas Ochoa.<\/p>\n","protected":false},"excerpt":{"rendered":"<p>Agenda cultural. Charla coloquio sobre libros de viajes, G\u00faia pr\u00e1ctica para escuchar m\u00fasca, El ladr\u00f3n de rostros y cuentacuentos infantiles.<\/p>\n","protected":false},"author":4,"featured_media":3679,"comment_status":"closed","ping_status":"closed","sticky":false,"template":"","format":"standard","meta":{"footnotes":""},"categories":[14,15,12,13],"tags":[],"class_list":["post-3699","post","type-post","status-publish","format-standard","has-post-thumbnail","hentry","category-charla-con-el-autor","category-cuentacuentos","category-libros","category-libros-do-rioja"],"yoast_head":"<!-- This site is optimized with the Yoast SEO plugin v27.2 - https:\/\/yoast.com\/product\/yoast-seo-wordpress\/ -->\n<title>Para\u00edsos so\u00f1ados, Fernando S\u00e1ez Aldana, Ibon Mart\u00edn y Cuentos Infinitos - Santos Ochoa Logro\u00f1o<\/title>\n<meta name=\"description\" content=\"Agenda cultural. Charla coloquio sobre libros de viajes, G\u00faia pr\u00e1ctica para escuchar m\u00fasca, El ladr\u00f3n de rostros y cuentacuentos infantiles.\" \/>\n<meta name=\"robots\" content=\"index, follow, max-snippet:-1, max-image-preview:large, max-video-preview:-1\" \/>\n<link rel=\"canonical\" href=\"https:\/\/blogs.santosochoa.es\/logrono\/paraisos-sonados-fernando-aldana-ibon-martin-y-cuentos-infinitos\/\" \/>\n<meta property=\"og:locale\" content=\"es_ES\" \/>\n<meta property=\"og:type\" content=\"article\" \/>\n<meta property=\"og:title\" content=\"Para\u00edsos so\u00f1ados, Fernando S\u00e1ez Aldana, Ibon Mart\u00edn y Cuentos Infinitos - Santos Ochoa Logro\u00f1o\" \/>\n<meta property=\"og:description\" content=\"Agenda cultural. Charla coloquio sobre libros de viajes, G\u00faia pr\u00e1ctica para escuchar m\u00fasca, El ladr\u00f3n de rostros y cuentacuentos infantiles.\" \/>\n<meta property=\"og:url\" content=\"https:\/\/blogs.santosochoa.es\/logrono\/paraisos-sonados-fernando-aldana-ibon-martin-y-cuentos-infinitos\/\" \/>\n<meta property=\"og:site_name\" content=\"Santos Ochoa Logro\u00f1o\" \/>\n<meta property=\"article:author\" content=\"https:\/\/www.facebook.com\/santosochoalog\" \/>\n<meta property=\"article:published_time\" content=\"2023-03-01T10:59:12+00:00\" \/>\n<meta property=\"article:modified_time\" content=\"2023-03-01T11:06:36+00:00\" \/>\n<meta property=\"og:image\" content=\"https:\/\/blogs.santosochoa.es\/logrono\/wp-content\/uploads\/sites\/2\/2023\/02\/el-ladron-de-rostros-inspectora_ibon-martin.jpg\" \/>\n\t<meta property=\"og:image:width\" content=\"591\" \/>\n\t<meta property=\"og:image:height\" content=\"904\" \/>\n\t<meta property=\"og:image:type\" content=\"image\/jpeg\" \/>\n<meta name=\"author\" content=\"Santos Ochoa Logro\u00f1o\" \/>\n<meta name=\"twitter:card\" content=\"summary_large_image\" \/>\n<meta name=\"twitter:creator\" content=\"@santosochoalog\" \/>\n<meta name=\"twitter:label1\" content=\"Written by\" \/>\n\t<meta name=\"twitter:data1\" content=\"Santos Ochoa Logro\u00f1o\" \/>\n\t<meta name=\"twitter:label2\" content=\"Est. reading time\" \/>\n\t<meta name=\"twitter:data2\" content=\"7 minutos\" \/>\n<script type=\"application\/ld+json\" class=\"yoast-schema-graph\">{\"@context\":\"https:\/\/schema.org\",\"@graph\":[{\"@type\":\"Article\",\"@id\":\"https:\/\/blogs.santosochoa.es\/logrono\/paraisos-sonados-fernando-aldana-ibon-martin-y-cuentos-infinitos\/#article\",\"isPartOf\":{\"@id\":\"https:\/\/blogs.santosochoa.es\/logrono\/paraisos-sonados-fernando-aldana-ibon-martin-y-cuentos-infinitos\/\"},\"author\":{\"name\":\"Santos Ochoa Logro\u00f1o\",\"@id\":\"https:\/\/blogs.santosochoa.es\/logrono\/#\/schema\/person\/103664eb8c60fbeea1880c704687c2e3\"},\"headline\":\"Para\u00edsos so\u00f1ados, Fernando S\u00e1ez Aldana, Ibon Mart\u00edn y Cuentos Infinitos\",\"datePublished\":\"2023-03-01T10:59:12+00:00\",\"dateModified\":\"2023-03-01T11:06:36+00:00\",\"mainEntityOfPage\":{\"@id\":\"https:\/\/blogs.santosochoa.es\/logrono\/paraisos-sonados-fernando-aldana-ibon-martin-y-cuentos-infinitos\/\"},\"wordCount\":1468,\"image\":{\"@id\":\"https:\/\/blogs.santosochoa.es\/logrono\/paraisos-sonados-fernando-aldana-ibon-martin-y-cuentos-infinitos\/#primaryimage\"},\"thumbnailUrl\":\"https:\/\/blogs.santosochoa.es\/logrono\/wp-content\/uploads\/sites\/2\/2023\/02\/el-ladron-de-rostros-inspectora_ibon-martin.jpg\",\"articleSection\":[\"charla con el autor\",\"cuentacuentos\",\"libros\",\"libros do rioja\"],\"inLanguage\":\"es\"},{\"@type\":\"WebPage\",\"@id\":\"https:\/\/blogs.santosochoa.es\/logrono\/paraisos-sonados-fernando-aldana-ibon-martin-y-cuentos-infinitos\/\",\"url\":\"https:\/\/blogs.santosochoa.es\/logrono\/paraisos-sonados-fernando-aldana-ibon-martin-y-cuentos-infinitos\/\",\"name\":\"Para\u00edsos so\u00f1ados, Fernando S\u00e1ez Aldana, Ibon Mart\u00edn y Cuentos Infinitos - Santos Ochoa Logro\u00f1o\",\"isPartOf\":{\"@id\":\"https:\/\/blogs.santosochoa.es\/logrono\/#website\"},\"primaryImageOfPage\":{\"@id\":\"https:\/\/blogs.santosochoa.es\/logrono\/paraisos-sonados-fernando-aldana-ibon-martin-y-cuentos-infinitos\/#primaryimage\"},\"image\":{\"@id\":\"https:\/\/blogs.santosochoa.es\/logrono\/paraisos-sonados-fernando-aldana-ibon-martin-y-cuentos-infinitos\/#primaryimage\"},\"thumbnailUrl\":\"https:\/\/blogs.santosochoa.es\/logrono\/wp-content\/uploads\/sites\/2\/2023\/02\/el-ladron-de-rostros-inspectora_ibon-martin.jpg\",\"datePublished\":\"2023-03-01T10:59:12+00:00\",\"dateModified\":\"2023-03-01T11:06:36+00:00\",\"author\":{\"@id\":\"https:\/\/blogs.santosochoa.es\/logrono\/#\/schema\/person\/103664eb8c60fbeea1880c704687c2e3\"},\"description\":\"Agenda cultural. Charla coloquio sobre libros de viajes, G\u00faia pr\u00e1ctica para escuchar m\u00fasca, El ladr\u00f3n de rostros y cuentacuentos infantiles.\",\"breadcrumb\":{\"@id\":\"https:\/\/blogs.santosochoa.es\/logrono\/paraisos-sonados-fernando-aldana-ibon-martin-y-cuentos-infinitos\/#breadcrumb\"},\"inLanguage\":\"es\",\"potentialAction\":[{\"@type\":\"ReadAction\",\"target\":[\"https:\/\/blogs.santosochoa.es\/logrono\/paraisos-sonados-fernando-aldana-ibon-martin-y-cuentos-infinitos\/\"]}]},{\"@type\":\"ImageObject\",\"inLanguage\":\"es\",\"@id\":\"https:\/\/blogs.santosochoa.es\/logrono\/paraisos-sonados-fernando-aldana-ibon-martin-y-cuentos-infinitos\/#primaryimage\",\"url\":\"https:\/\/blogs.santosochoa.es\/logrono\/wp-content\/uploads\/sites\/2\/2023\/02\/el-ladron-de-rostros-inspectora_ibon-martin.jpg\",\"contentUrl\":\"https:\/\/blogs.santosochoa.es\/logrono\/wp-content\/uploads\/sites\/2\/2023\/02\/el-ladron-de-rostros-inspectora_ibon-martin.jpg\",\"width\":591,\"height\":904},{\"@type\":\"BreadcrumbList\",\"@id\":\"https:\/\/blogs.santosochoa.es\/logrono\/paraisos-sonados-fernando-aldana-ibon-martin-y-cuentos-infinitos\/#breadcrumb\",\"itemListElement\":[{\"@type\":\"ListItem\",\"position\":1,\"name\":\"Home\",\"item\":\"https:\/\/blogs.santosochoa.es\/logrono\/\"},{\"@type\":\"ListItem\",\"position\":2,\"name\":\"Para\u00edsos so\u00f1ados, Fernando S\u00e1ez Aldana, Ibon Mart\u00edn y Cuentos Infinitos\"}]},{\"@type\":\"WebSite\",\"@id\":\"https:\/\/blogs.santosochoa.es\/logrono\/#website\",\"url\":\"https:\/\/blogs.santosochoa.es\/logrono\/\",\"name\":\"Santos Ochoa Logro\u00f1o\",\"description\":\"Tu Librer\u00eda Online\",\"potentialAction\":[{\"@type\":\"SearchAction\",\"target\":{\"@type\":\"EntryPoint\",\"urlTemplate\":\"https:\/\/blogs.santosochoa.es\/logrono\/?s={search_term_string}\"},\"query-input\":{\"@type\":\"PropertyValueSpecification\",\"valueRequired\":true,\"valueName\":\"search_term_string\"}}],\"inLanguage\":\"es\"},{\"@type\":\"Person\",\"@id\":\"https:\/\/blogs.santosochoa.es\/logrono\/#\/schema\/person\/103664eb8c60fbeea1880c704687c2e3\",\"name\":\"Santos Ochoa Logro\u00f1o\",\"sameAs\":[\"http:\/\/santosochoa.es\",\"https:\/\/www.facebook.com\/santosochoalog\",\"https:\/\/www.instagram.com\/santosochoalog\/\",\"https:\/\/x.com\/santosochoalog\",\"https:\/\/www.youtube.com\/c\/SantosOchoaLibros\"]}]}<\/script>\n<!-- \/ Yoast SEO plugin. -->","yoast_head_json":{"title":"Para\u00edsos so\u00f1ados, Fernando S\u00e1ez Aldana, Ibon Mart\u00edn y Cuentos Infinitos - Santos Ochoa Logro\u00f1o","description":"Agenda cultural. Charla coloquio sobre libros de viajes, G\u00faia pr\u00e1ctica para escuchar m\u00fasca, El ladr\u00f3n de rostros y cuentacuentos infantiles.","robots":{"index":"index","follow":"follow","max-snippet":"max-snippet:-1","max-image-preview":"max-image-preview:large","max-video-preview":"max-video-preview:-1"},"canonical":"https:\/\/blogs.santosochoa.es\/logrono\/paraisos-sonados-fernando-aldana-ibon-martin-y-cuentos-infinitos\/","og_locale":"es_ES","og_type":"article","og_title":"Para\u00edsos so\u00f1ados, Fernando S\u00e1ez Aldana, Ibon Mart\u00edn y Cuentos Infinitos - Santos Ochoa Logro\u00f1o","og_description":"Agenda cultural. Charla coloquio sobre libros de viajes, G\u00faia pr\u00e1ctica para escuchar m\u00fasca, El ladr\u00f3n de rostros y cuentacuentos infantiles.","og_url":"https:\/\/blogs.santosochoa.es\/logrono\/paraisos-sonados-fernando-aldana-ibon-martin-y-cuentos-infinitos\/","og_site_name":"Santos Ochoa Logro\u00f1o","article_author":"https:\/\/www.facebook.com\/santosochoalog","article_published_time":"2023-03-01T10:59:12+00:00","article_modified_time":"2023-03-01T11:06:36+00:00","og_image":[{"width":591,"height":904,"url":"https:\/\/blogs.santosochoa.es\/logrono\/wp-content\/uploads\/sites\/2\/2023\/02\/el-ladron-de-rostros-inspectora_ibon-martin.jpg","type":"image\/jpeg"}],"author":"Santos Ochoa Logro\u00f1o","twitter_card":"summary_large_image","twitter_creator":"@santosochoalog","twitter_misc":{"Written by":"Santos Ochoa Logro\u00f1o","Est. reading time":"7 minutos"},"schema":{"@context":"https:\/\/schema.org","@graph":[{"@type":"Article","@id":"https:\/\/blogs.santosochoa.es\/logrono\/paraisos-sonados-fernando-aldana-ibon-martin-y-cuentos-infinitos\/#article","isPartOf":{"@id":"https:\/\/blogs.santosochoa.es\/logrono\/paraisos-sonados-fernando-aldana-ibon-martin-y-cuentos-infinitos\/"},"author":{"name":"Santos Ochoa Logro\u00f1o","@id":"https:\/\/blogs.santosochoa.es\/logrono\/#\/schema\/person\/103664eb8c60fbeea1880c704687c2e3"},"headline":"Para\u00edsos so\u00f1ados, Fernando S\u00e1ez Aldana, Ibon Mart\u00edn y Cuentos Infinitos","datePublished":"2023-03-01T10:59:12+00:00","dateModified":"2023-03-01T11:06:36+00:00","mainEntityOfPage":{"@id":"https:\/\/blogs.santosochoa.es\/logrono\/paraisos-sonados-fernando-aldana-ibon-martin-y-cuentos-infinitos\/"},"wordCount":1468,"image":{"@id":"https:\/\/blogs.santosochoa.es\/logrono\/paraisos-sonados-fernando-aldana-ibon-martin-y-cuentos-infinitos\/#primaryimage"},"thumbnailUrl":"https:\/\/blogs.santosochoa.es\/logrono\/wp-content\/uploads\/sites\/2\/2023\/02\/el-ladron-de-rostros-inspectora_ibon-martin.jpg","articleSection":["charla con el autor","cuentacuentos","libros","libros do rioja"],"inLanguage":"es"},{"@type":"WebPage","@id":"https:\/\/blogs.santosochoa.es\/logrono\/paraisos-sonados-fernando-aldana-ibon-martin-y-cuentos-infinitos\/","url":"https:\/\/blogs.santosochoa.es\/logrono\/paraisos-sonados-fernando-aldana-ibon-martin-y-cuentos-infinitos\/","name":"Para\u00edsos so\u00f1ados, Fernando S\u00e1ez Aldana, Ibon Mart\u00edn y Cuentos Infinitos - Santos Ochoa Logro\u00f1o","isPartOf":{"@id":"https:\/\/blogs.santosochoa.es\/logrono\/#website"},"primaryImageOfPage":{"@id":"https:\/\/blogs.santosochoa.es\/logrono\/paraisos-sonados-fernando-aldana-ibon-martin-y-cuentos-infinitos\/#primaryimage"},"image":{"@id":"https:\/\/blogs.santosochoa.es\/logrono\/paraisos-sonados-fernando-aldana-ibon-martin-y-cuentos-infinitos\/#primaryimage"},"thumbnailUrl":"https:\/\/blogs.santosochoa.es\/logrono\/wp-content\/uploads\/sites\/2\/2023\/02\/el-ladron-de-rostros-inspectora_ibon-martin.jpg","datePublished":"2023-03-01T10:59:12+00:00","dateModified":"2023-03-01T11:06:36+00:00","author":{"@id":"https:\/\/blogs.santosochoa.es\/logrono\/#\/schema\/person\/103664eb8c60fbeea1880c704687c2e3"},"description":"Agenda cultural. Charla coloquio sobre libros de viajes, G\u00faia pr\u00e1ctica para escuchar m\u00fasca, El ladr\u00f3n de rostros y cuentacuentos infantiles.","breadcrumb":{"@id":"https:\/\/blogs.santosochoa.es\/logrono\/paraisos-sonados-fernando-aldana-ibon-martin-y-cuentos-infinitos\/#breadcrumb"},"inLanguage":"es","potentialAction":[{"@type":"ReadAction","target":["https:\/\/blogs.santosochoa.es\/logrono\/paraisos-sonados-fernando-aldana-ibon-martin-y-cuentos-infinitos\/"]}]},{"@type":"ImageObject","inLanguage":"es","@id":"https:\/\/blogs.santosochoa.es\/logrono\/paraisos-sonados-fernando-aldana-ibon-martin-y-cuentos-infinitos\/#primaryimage","url":"https:\/\/blogs.santosochoa.es\/logrono\/wp-content\/uploads\/sites\/2\/2023\/02\/el-ladron-de-rostros-inspectora_ibon-martin.jpg","contentUrl":"https:\/\/blogs.santosochoa.es\/logrono\/wp-content\/uploads\/sites\/2\/2023\/02\/el-ladron-de-rostros-inspectora_ibon-martin.jpg","width":591,"height":904},{"@type":"BreadcrumbList","@id":"https:\/\/blogs.santosochoa.es\/logrono\/paraisos-sonados-fernando-aldana-ibon-martin-y-cuentos-infinitos\/#breadcrumb","itemListElement":[{"@type":"ListItem","position":1,"name":"Home","item":"https:\/\/blogs.santosochoa.es\/logrono\/"},{"@type":"ListItem","position":2,"name":"Para\u00edsos so\u00f1ados, Fernando S\u00e1ez Aldana, Ibon Mart\u00edn y Cuentos Infinitos"}]},{"@type":"WebSite","@id":"https:\/\/blogs.santosochoa.es\/logrono\/#website","url":"https:\/\/blogs.santosochoa.es\/logrono\/","name":"Santos Ochoa Logro\u00f1o","description":"Tu Librer\u00eda Online","potentialAction":[{"@type":"SearchAction","target":{"@type":"EntryPoint","urlTemplate":"https:\/\/blogs.santosochoa.es\/logrono\/?s={search_term_string}"},"query-input":{"@type":"PropertyValueSpecification","valueRequired":true,"valueName":"search_term_string"}}],"inLanguage":"es"},{"@type":"Person","@id":"https:\/\/blogs.santosochoa.es\/logrono\/#\/schema\/person\/103664eb8c60fbeea1880c704687c2e3","name":"Santos Ochoa Logro\u00f1o","sameAs":["http:\/\/santosochoa.es","https:\/\/www.facebook.com\/santosochoalog","https:\/\/www.instagram.com\/santosochoalog\/","https:\/\/x.com\/santosochoalog","https:\/\/www.youtube.com\/c\/SantosOchoaLibros"]}]}},"_links":{"self":[{"href":"https:\/\/blogs.santosochoa.es\/logrono\/wp-json\/wp\/v2\/posts\/3699","targetHints":{"allow":["GET"]}}],"collection":[{"href":"https:\/\/blogs.santosochoa.es\/logrono\/wp-json\/wp\/v2\/posts"}],"about":[{"href":"https:\/\/blogs.santosochoa.es\/logrono\/wp-json\/wp\/v2\/types\/post"}],"author":[{"embeddable":true,"href":"https:\/\/blogs.santosochoa.es\/logrono\/wp-json\/wp\/v2\/users\/4"}],"replies":[{"embeddable":true,"href":"https:\/\/blogs.santosochoa.es\/logrono\/wp-json\/wp\/v2\/comments?post=3699"}],"version-history":[{"count":3,"href":"https:\/\/blogs.santosochoa.es\/logrono\/wp-json\/wp\/v2\/posts\/3699\/revisions"}],"predecessor-version":[{"id":3703,"href":"https:\/\/blogs.santosochoa.es\/logrono\/wp-json\/wp\/v2\/posts\/3699\/revisions\/3703"}],"wp:featuredmedia":[{"embeddable":true,"href":"https:\/\/blogs.santosochoa.es\/logrono\/wp-json\/wp\/v2\/media\/3679"}],"wp:attachment":[{"href":"https:\/\/blogs.santosochoa.es\/logrono\/wp-json\/wp\/v2\/media?parent=3699"}],"wp:term":[{"taxonomy":"category","embeddable":true,"href":"https:\/\/blogs.santosochoa.es\/logrono\/wp-json\/wp\/v2\/categories?post=3699"},{"taxonomy":"post_tag","embeddable":true,"href":"https:\/\/blogs.santosochoa.es\/logrono\/wp-json\/wp\/v2\/tags?post=3699"}],"curies":[{"name":"wp","href":"https:\/\/api.w.org\/{rel}","templated":true}]}}