{"id":3670,"date":"2023-02-22T12:45:21","date_gmt":"2023-02-22T11:45:21","guid":{"rendered":"https:\/\/blogs.santosochoa.es\/logrono\/?p=3670"},"modified":"2023-02-22T12:45:23","modified_gmt":"2023-02-22T11:45:23","slug":"el-arte-de-vivir-charla-con-la-autora-y-poesia","status":"publish","type":"post","link":"https:\/\/blogs.santosochoa.es\/logrono\/el-arte-de-vivir-charla-con-la-autora-y-poesia\/","title":{"rendered":"El Arte de Vivir, Charla con la Autora y Poes\u00eda"},"content":{"rendered":"\n<h2 class=\"wp-block-heading\"><strong><em>Coordenadas psicol\u00f3gicas para la espiritualidad<\/em>. Charla de los psic\u00f3logos Amparo Estevan y Antonio Sell\u00e9s<\/strong>.<\/h2>\n\n\n\n<h3 class=\"wp-block-heading\"><strong>Lunes 27 de febrero<\/strong><strong>, a las 19:00 h.<\/strong><\/h3>\n\n\n\n<h4 class=\"wp-block-heading\">Espacio Santos Ochoa. Calvo Sotelo, 19, Logro\u00f1o<\/h4>\n\n\n\n<p><strong><em>Tambi\u00e9n en YouTube:<\/em><\/strong> <a href=\"https:\/\/www.youtube.com\/c\/SantosOchoaLibros\" target=\"_blank\" rel=\"noreferrer noopener\">youtube.com\/c\/SantosOchoaLibros<\/a><\/p>\n\n\n\n<div class=\"wp-block-image\"><figure class=\"alignright size-large is-resized\"><img decoding=\"async\" src=\"https:\/\/blogs.santosochoa.es\/logrono\/wp-content\/uploads\/sites\/2\/2023\/01\/Amparo-Estevan_Antonio-Selles-1024x729.jpg\" alt=\"\" class=\"wp-image-3648\" width=\"300\" srcset=\"https:\/\/blogs.santosochoa.es\/logrono\/wp-content\/uploads\/sites\/2\/2023\/01\/Amparo-Estevan_Antonio-Selles-1024x729.jpg 1024w, https:\/\/blogs.santosochoa.es\/logrono\/wp-content\/uploads\/sites\/2\/2023\/01\/Amparo-Estevan_Antonio-Selles-300x214.jpg 300w, https:\/\/blogs.santosochoa.es\/logrono\/wp-content\/uploads\/sites\/2\/2023\/01\/Amparo-Estevan_Antonio-Selles-768x547.jpg 768w, https:\/\/blogs.santosochoa.es\/logrono\/wp-content\/uploads\/sites\/2\/2023\/01\/Amparo-Estevan_Antonio-Selles-400x284.jpg 400w, https:\/\/blogs.santosochoa.es\/logrono\/wp-content\/uploads\/sites\/2\/2023\/01\/Amparo-Estevan_Antonio-Selles-1080x769.jpg 1080w, https:\/\/blogs.santosochoa.es\/logrono\/wp-content\/uploads\/sites\/2\/2023\/01\/Amparo-Estevan_Antonio-Selles.jpg 1181w\" sizes=\"(max-width: 1024px) 100vw, 1024px\" \/><\/figure><\/div>\n\n\n\n<p><strong>Organiza la Red Cultural GFU para la fraternidad humana.<\/strong><\/p>\n\n\n\n<h5 class=\"wp-block-heading\"><strong>Desde sus or\u00edgenes, la psicolog\u00eda se ha ocupado del Alma. Es desde este prop\u00f3sito, que analizamos el papel de la psicolog\u00eda en la explicaci\u00f3n de la constituci\u00f3n del Ego: la necesidad de su existencia, sus utilidades, etc. Pero tambi\u00e9n la posible evoluci\u00f3n de este fen\u00f3meno humano, que puede llevar a la persona hacia el bienestar y la serenidad espiritual, y a la sociedad a un nivel de entendimiento mutuo que permita resolver conflictos y una convivencia m\u00e1s arm\u00f3nica.<\/strong><\/h5>\n\n\n\n<p>\u00bfPodemos construir futuros m\u00e1s satisfactorios para todos? \u00bfQu\u00e9 necesitamos para ello? El trabajo personal, tanto psicol\u00f3gico como espiritual, es uno de los caminos para una proyecci\u00f3n hacia los dem\u00e1s que facilite un profundo cambio social. La psicolog\u00eda, al fin y al cabo, es una ciencia del alma.<\/p>\n\n\n\n<p><strong>Amparo Estevan Mu\u00f1oz<\/strong> es ingeniera t\u00e9cnica en qu\u00edmica industrial, Licenciada en Psicolog\u00eda, M\u00e1ster en Terapia Gestalt, An\u00e1lisis Transaccional, Baile como terapia, Crecimiento er\u00f3tico y desarrollo personal. Profesora de Formaci\u00f3n Profesional y Secundaria m\u00e1s de 30 a\u00f1os. Psicoterapeuta Gestalt de adultos, parejas y grupos. Formadora de psicoterapeutas. Conductora de grupos de terapia y de crecimiento. Miembro de la Asociaci\u00f3n Espa\u00f1ola de Terapia Gestalt. Ha impartido cursos para mujeres, comunicaci\u00f3n respetuosa, sensibilizaci\u00f3n corporal y emocional, polaridades, etc. Profesora de yoga y meditaci\u00f3n. Ha coordinado escuelas, trabajos y manejo de grupos en la RedGFU.<\/p>\n\n\n\n<p><strong>Antonio Sell\u00e9s Mart\u00ednez<\/strong> es ingeniero t\u00e9cnico en qu\u00edmica industrial, Licenciado en Psicolog\u00eda, Especialista en Psicolog\u00eda Cl\u00ednica, Master en Psicopatolog\u00eda, en Terapia Gestalt, en An\u00e1lisis Transaccional y en Terapia corporal. Psic\u00f3logo cl\u00ednico por 30 a\u00f1os. Psicoterapeuta Gestalt de adultos, parejas y grupos. Formador de psicoterapeutas. Profesor y formador de yoga y meditaci\u00f3n. Ha coordinado escuelas, trabajos y manejo de grupos en la RedGFU. Cientos de conferencias sobre psicolog\u00eda, Gestalt, emociones, estilos de vida saludable, meditaci\u00f3n, yoga y espiritualidad laica. Ha sido Editor y Director de la Revista \u201cCuadernos Gestalt\u201d. Miembro did\u00e1ctico y supervisor de la Asociaci\u00f3n Espa\u00f1ola de Terapia Gestalt. <\/p>\n\n\n\n<div style=\"height:49px\" aria-hidden=\"true\" class=\"wp-block-spacer\"><\/div>\n\n\n\n<h2 class=\"wp-block-heading\"><strong>[Charla con la Autora] Cristina Campos presenta <em>Historias de mujeres casadas.<\/em> Una novela sincera y actual sobre el matrimonio, la amistad, el deseo y el amor<\/strong>.<\/h2>\n\n\n\n<h3 class=\"wp-block-heading\"><strong>Martes 28 de febrero<\/strong><strong>, a las 19:30 h.<\/strong><\/h3>\n\n\n\n<h4 class=\"wp-block-heading\">Espacio Santos Ochoa. Calvo Sotelo, 19, Logro\u00f1o<\/h4>\n\n\n\n<p><strong><em>Tambi\u00e9n en YouTube:<\/em><\/strong> <a href=\"https:\/\/www.youtube.com\/c\/SantosOchoaLibros\" target=\"_blank\" rel=\"noreferrer noopener\">youtube.com\/c\/SantosOchoaLibros<\/a><\/p>\n\n\n\n<div class=\"wp-block-image\"><figure class=\"alignleft size-large is-resized\"><img decoding=\"async\" src=\"https:\/\/blogs.santosochoa.es\/logrono\/wp-content\/uploads\/sites\/2\/2023\/01\/historias-de-mujeres-casadas_cristina-campos.jpg\" alt=\"\" class=\"wp-image-3650\" width=\"300\" srcset=\"https:\/\/blogs.santosochoa.es\/logrono\/wp-content\/uploads\/sites\/2\/2023\/01\/historias-de-mujeres-casadas_cristina-campos.jpg 591w, https:\/\/blogs.santosochoa.es\/logrono\/wp-content\/uploads\/sites\/2\/2023\/01\/historias-de-mujeres-casadas_cristina-campos-197x300.jpg 197w\" sizes=\"(max-width: 591px) 100vw, 591px\" \/><\/figure><\/div>\n\n\n\n<p><strong>Maridos, amantes y amigas van y vienen, pero el amor, el verdadero amor, permanece para siempre.<\/strong><\/p>\n\n\n\n<h5 class=\"wp-block-heading\"><strong>Gabriela es una mujer casada con un hombre al que quiere. Al que adora. Un hombre que le mendiga sexo una vez al mes. Y Gabriela, porque le quiere, porque adora a su marido, sin desearlo, se lo concede. Pero cada ma\u00f1ana, Gabriela se cruza con un desconocido, un hombre al que, incomprensiblemente, desea.<\/strong><\/h5>\n\n\n\n<p>Gabriela es periodista y trabaja junto a sus compa\u00f1eras de redacci\u00f3n, Silvia y C\u00f3sima, mujeres con las que ha forjado una preciosa y s\u00f3lida amistad. Como Gabriela, tambi\u00e9n ellas esconden peque\u00f1os secretos a sus maridos.<\/p>\n\n\n\n<p><em>Historias de mujeres casadas<\/em> es una poderosa novela que ahonda en la intimidad femenina y narra con naturalidad la realidad de muchas mujeres contempor\u00e1neas atrapadas en unas vidas que nunca imaginaron.<\/p>\n\n\n\n<p><strong>Cristina Campos<\/strong>, finalista del Premio Planeta 2022, triunf\u00f3 entre los lectores con su primera novela, <em>Pan de lim\u00f3n con semillas de amapola<\/em>. Esta acab\u00f3 convirti\u00e9ndose en un <em>longseller<\/em> desde su publicaci\u00f3n en 2016, se ha traducido a diez idiomas y su adaptaci\u00f3n cinematogr\u00e1fica ha logrado un gran \u00e9xito de p\u00fablico.<\/p>\n\n\n\n<div style=\"height:50px\" aria-hidden=\"true\" class=\"wp-block-spacer\"><\/div>\n\n\n\n<h2 class=\"wp-block-heading\"><strong>Recital po\u00e9tico. Sara L\u00f3pez Jim\u00e9nez presenta <em>Cabeza y coraz\u00f3n<\/em>,una operaci\u00f3n a alma descubierta.<\/strong><\/h2>\n\n\n\n<h3 class=\"wp-block-heading\"><strong>Mi\u00e9rcoles 1 de marzo<\/strong><strong>, a las 19:30 h.<\/strong><\/h3>\n\n\n\n<h4 class=\"wp-block-heading\">Espacio Santos Ochoa. Calvo Sotelo, 19, Logro\u00f1o<\/h4>\n\n\n\n<p><strong><em>Tambi\u00e9n en YouTube:<\/em><\/strong> <a href=\"https:\/\/www.youtube.com\/c\/SantosOchoaLibros\" target=\"_blank\" rel=\"noreferrer noopener\">youtube.com\/c\/SantosOchoaLibros<\/a><\/p>\n\n\n\n<div class=\"wp-block-image\"><figure class=\"alignright size-large is-resized\"><img decoding=\"async\" src=\"https:\/\/blogs.santosochoa.es\/logrono\/wp-content\/uploads\/sites\/2\/2023\/01\/cabeza-y-corazon_sara-lopez.jpg\" alt=\"\" class=\"wp-image-3652\" width=\"300\" srcset=\"https:\/\/blogs.santosochoa.es\/logrono\/wp-content\/uploads\/sites\/2\/2023\/01\/cabeza-y-corazon_sara-lopez.jpg 591w, https:\/\/blogs.santosochoa.es\/logrono\/wp-content\/uploads\/sites\/2\/2023\/01\/cabeza-y-corazon_sara-lopez-192x300.jpg 192w\" sizes=\"(max-width: 591px) 100vw, 591px\" \/><\/figure><\/div>\n\n\n\n<p>Acompa\u00f1a a la autora la actriz <strong>Mar\u00eda Naharro<\/strong>.<\/p>\n\n\n\n<h5 class=\"wp-block-heading\"><strong>Es esta obra una operaci\u00f3n a alma descubierta. Ni todo son ilusiones ni tampoco hay que romperlas antes del primer destrozo. Hago de las palabras un escudo y de los silencios un tesoro. Escribo sobre aquello que no se puede decir, pero mucho menos se puede callar. Soy una persona incoherentemente corriente, sentimental y pasional hasta la m\u00e9dula, pero decidida a volar.<\/strong><\/h5>\n\n\n\n<p><strong>Sara L\u00f3pez Jim\u00e9nez<\/strong>, nacida, criada y madurada en La Rioja (cosecha de 1993). Logro\u00f1esa de m\u00e1s de cinco generaciones, est\u00e1 decidida a alzar su vuelo con la cabeza de su padre y el coraz\u00f3n de su madre. La peque\u00f1a de tres sonrisas a la que ense\u00f1aron que no hay m\u00e1s hogar que aquel en el que reside su coraz\u00f3n y no hay sue\u00f1os m\u00e1s imposibles que los que dejas de intentar. Graduada en Administraci\u00f3n y Direcci\u00f3n de Empresas por la Universidad de La Rioja y enamorada de la log\u00edstica y de la literatura por igual, actualmente est\u00e1 asentada en B\u00e9lgica, donde siempre le llevaron sus pasos y donde se enamor\u00f3 su coraz\u00f3n.<\/p>\n","protected":false},"excerpt":{"rendered":"<p>Amparo Estevan y Antonio Sell\u00e9s, \u00abPsicolog\u00eda y espiritualidad\u00bb. Cristina Campos, \u00abHistorias de mujeres casadas\u00bb. Sara L\u00f3pez \u00abCabeza y coraz\u00f3n\u00bb<\/p>\n","protected":false},"author":4,"featured_media":3650,"comment_status":"closed","ping_status":"closed","sticky":false,"template":"","format":"standard","meta":{"footnotes":""},"categories":[14,16,12,13],"tags":[],"class_list":["post-3670","post","type-post","status-publish","format-standard","has-post-thumbnail","hentry","category-charla-con-el-autor","category-el-arte-de-vivir","category-libros","category-libros-do-rioja"],"yoast_head":"<!-- This site is optimized with the Yoast SEO plugin v27.2 - https:\/\/yoast.com\/product\/yoast-seo-wordpress\/ -->\n<title>El Arte de Vivir, Charla con la Autora y Poes\u00eda - Santos Ochoa Logro\u00f1o<\/title>\n<meta name=\"description\" content=\"Amparo Estevan y Antonio Sell\u00e9s, &quot;Psicolog\u00eda y espiritualidad&quot;. Cristina Campos, &quot;Historias de mujeres casadas&quot;. Sara L\u00f3pez &quot;Cabeza y coraz\u00f3n&quot;\" \/>\n<meta name=\"robots\" content=\"index, follow, max-snippet:-1, max-image-preview:large, max-video-preview:-1\" \/>\n<link rel=\"canonical\" href=\"https:\/\/blogs.santosochoa.es\/logrono\/el-arte-de-vivir-charla-con-la-autora-y-poesia\/\" \/>\n<meta property=\"og:locale\" content=\"es_ES\" \/>\n<meta property=\"og:type\" content=\"article\" \/>\n<meta property=\"og:title\" content=\"El Arte de Vivir, Charla con la Autora y Poes\u00eda - Santos Ochoa Logro\u00f1o\" \/>\n<meta property=\"og:description\" content=\"Amparo Estevan y Antonio Sell\u00e9s, &quot;Psicolog\u00eda y espiritualidad&quot;. Cristina Campos, &quot;Historias de mujeres casadas&quot;. Sara L\u00f3pez &quot;Cabeza y coraz\u00f3n&quot;\" \/>\n<meta property=\"og:url\" content=\"https:\/\/blogs.santosochoa.es\/logrono\/el-arte-de-vivir-charla-con-la-autora-y-poesia\/\" \/>\n<meta property=\"og:site_name\" content=\"Santos Ochoa Logro\u00f1o\" \/>\n<meta property=\"article:author\" content=\"https:\/\/www.facebook.com\/santosochoalog\" \/>\n<meta property=\"article:published_time\" content=\"2023-02-22T11:45:21+00:00\" \/>\n<meta property=\"article:modified_time\" content=\"2023-02-22T11:45:23+00:00\" \/>\n<meta property=\"og:image\" content=\"https:\/\/blogs.santosochoa.es\/logrono\/wp-content\/uploads\/sites\/2\/2023\/01\/historias-de-mujeres-casadas_cristina-campos.jpg\" \/>\n\t<meta property=\"og:image:width\" content=\"591\" \/>\n\t<meta property=\"og:image:height\" content=\"900\" \/>\n\t<meta property=\"og:image:type\" content=\"image\/jpeg\" \/>\n<meta name=\"author\" content=\"Santos Ochoa Logro\u00f1o\" \/>\n<meta name=\"twitter:card\" content=\"summary_large_image\" \/>\n<meta name=\"twitter:creator\" content=\"@santosochoalog\" \/>\n<meta name=\"twitter:label1\" content=\"Written by\" \/>\n\t<meta name=\"twitter:data1\" content=\"Santos Ochoa Logro\u00f1o\" \/>\n\t<meta name=\"twitter:label2\" content=\"Est. reading time\" \/>\n\t<meta name=\"twitter:data2\" content=\"4 minutos\" \/>\n<script type=\"application\/ld+json\" class=\"yoast-schema-graph\">{\"@context\":\"https:\/\/schema.org\",\"@graph\":[{\"@type\":\"Article\",\"@id\":\"https:\/\/blogs.santosochoa.es\/logrono\/el-arte-de-vivir-charla-con-la-autora-y-poesia\/#article\",\"isPartOf\":{\"@id\":\"https:\/\/blogs.santosochoa.es\/logrono\/el-arte-de-vivir-charla-con-la-autora-y-poesia\/\"},\"author\":{\"name\":\"Santos Ochoa Logro\u00f1o\",\"@id\":\"https:\/\/blogs.santosochoa.es\/logrono\/#\/schema\/person\/103664eb8c60fbeea1880c704687c2e3\"},\"headline\":\"El Arte de Vivir, Charla con la Autora y Poes\u00eda\",\"datePublished\":\"2023-02-22T11:45:21+00:00\",\"dateModified\":\"2023-02-22T11:45:23+00:00\",\"mainEntityOfPage\":{\"@id\":\"https:\/\/blogs.santosochoa.es\/logrono\/el-arte-de-vivir-charla-con-la-autora-y-poesia\/\"},\"wordCount\":907,\"image\":{\"@id\":\"https:\/\/blogs.santosochoa.es\/logrono\/el-arte-de-vivir-charla-con-la-autora-y-poesia\/#primaryimage\"},\"thumbnailUrl\":\"https:\/\/blogs.santosochoa.es\/logrono\/wp-content\/uploads\/sites\/2\/2023\/01\/historias-de-mujeres-casadas_cristina-campos.jpg\",\"articleSection\":[\"charla con el autor\",\"el arte de vivir\",\"libros\",\"libros do rioja\"],\"inLanguage\":\"es\"},{\"@type\":\"WebPage\",\"@id\":\"https:\/\/blogs.santosochoa.es\/logrono\/el-arte-de-vivir-charla-con-la-autora-y-poesia\/\",\"url\":\"https:\/\/blogs.santosochoa.es\/logrono\/el-arte-de-vivir-charla-con-la-autora-y-poesia\/\",\"name\":\"El Arte de Vivir, Charla con la Autora y Poes\u00eda - Santos Ochoa Logro\u00f1o\",\"isPartOf\":{\"@id\":\"https:\/\/blogs.santosochoa.es\/logrono\/#website\"},\"primaryImageOfPage\":{\"@id\":\"https:\/\/blogs.santosochoa.es\/logrono\/el-arte-de-vivir-charla-con-la-autora-y-poesia\/#primaryimage\"},\"image\":{\"@id\":\"https:\/\/blogs.santosochoa.es\/logrono\/el-arte-de-vivir-charla-con-la-autora-y-poesia\/#primaryimage\"},\"thumbnailUrl\":\"https:\/\/blogs.santosochoa.es\/logrono\/wp-content\/uploads\/sites\/2\/2023\/01\/historias-de-mujeres-casadas_cristina-campos.jpg\",\"datePublished\":\"2023-02-22T11:45:21+00:00\",\"dateModified\":\"2023-02-22T11:45:23+00:00\",\"author\":{\"@id\":\"https:\/\/blogs.santosochoa.es\/logrono\/#\/schema\/person\/103664eb8c60fbeea1880c704687c2e3\"},\"description\":\"Amparo Estevan y Antonio Sell\u00e9s, \\\"Psicolog\u00eda y espiritualidad\\\". Cristina Campos, \\\"Historias de mujeres casadas\\\". Sara L\u00f3pez \\\"Cabeza y coraz\u00f3n\\\"\",\"breadcrumb\":{\"@id\":\"https:\/\/blogs.santosochoa.es\/logrono\/el-arte-de-vivir-charla-con-la-autora-y-poesia\/#breadcrumb\"},\"inLanguage\":\"es\",\"potentialAction\":[{\"@type\":\"ReadAction\",\"target\":[\"https:\/\/blogs.santosochoa.es\/logrono\/el-arte-de-vivir-charla-con-la-autora-y-poesia\/\"]}]},{\"@type\":\"ImageObject\",\"inLanguage\":\"es\",\"@id\":\"https:\/\/blogs.santosochoa.es\/logrono\/el-arte-de-vivir-charla-con-la-autora-y-poesia\/#primaryimage\",\"url\":\"https:\/\/blogs.santosochoa.es\/logrono\/wp-content\/uploads\/sites\/2\/2023\/01\/historias-de-mujeres-casadas_cristina-campos.jpg\",\"contentUrl\":\"https:\/\/blogs.santosochoa.es\/logrono\/wp-content\/uploads\/sites\/2\/2023\/01\/historias-de-mujeres-casadas_cristina-campos.jpg\",\"width\":591,\"height\":900},{\"@type\":\"BreadcrumbList\",\"@id\":\"https:\/\/blogs.santosochoa.es\/logrono\/el-arte-de-vivir-charla-con-la-autora-y-poesia\/#breadcrumb\",\"itemListElement\":[{\"@type\":\"ListItem\",\"position\":1,\"name\":\"Home\",\"item\":\"https:\/\/blogs.santosochoa.es\/logrono\/\"},{\"@type\":\"ListItem\",\"position\":2,\"name\":\"El Arte de Vivir, Charla con la Autora y Poes\u00eda\"}]},{\"@type\":\"WebSite\",\"@id\":\"https:\/\/blogs.santosochoa.es\/logrono\/#website\",\"url\":\"https:\/\/blogs.santosochoa.es\/logrono\/\",\"name\":\"Santos Ochoa Logro\u00f1o\",\"description\":\"Tu Librer\u00eda Online\",\"potentialAction\":[{\"@type\":\"SearchAction\",\"target\":{\"@type\":\"EntryPoint\",\"urlTemplate\":\"https:\/\/blogs.santosochoa.es\/logrono\/?s={search_term_string}\"},\"query-input\":{\"@type\":\"PropertyValueSpecification\",\"valueRequired\":true,\"valueName\":\"search_term_string\"}}],\"inLanguage\":\"es\"},{\"@type\":\"Person\",\"@id\":\"https:\/\/blogs.santosochoa.es\/logrono\/#\/schema\/person\/103664eb8c60fbeea1880c704687c2e3\",\"name\":\"Santos Ochoa Logro\u00f1o\",\"sameAs\":[\"http:\/\/santosochoa.es\",\"https:\/\/www.facebook.com\/santosochoalog\",\"https:\/\/www.instagram.com\/santosochoalog\/\",\"https:\/\/x.com\/santosochoalog\",\"https:\/\/www.youtube.com\/c\/SantosOchoaLibros\"]}]}<\/script>\n<!-- \/ Yoast SEO plugin. -->","yoast_head_json":{"title":"El Arte de Vivir, Charla con la Autora y Poes\u00eda - Santos Ochoa Logro\u00f1o","description":"Amparo Estevan y Antonio Sell\u00e9s, \"Psicolog\u00eda y espiritualidad\". Cristina Campos, \"Historias de mujeres casadas\". Sara L\u00f3pez \"Cabeza y coraz\u00f3n\"","robots":{"index":"index","follow":"follow","max-snippet":"max-snippet:-1","max-image-preview":"max-image-preview:large","max-video-preview":"max-video-preview:-1"},"canonical":"https:\/\/blogs.santosochoa.es\/logrono\/el-arte-de-vivir-charla-con-la-autora-y-poesia\/","og_locale":"es_ES","og_type":"article","og_title":"El Arte de Vivir, Charla con la Autora y Poes\u00eda - Santos Ochoa Logro\u00f1o","og_description":"Amparo Estevan y Antonio Sell\u00e9s, \"Psicolog\u00eda y espiritualidad\". Cristina Campos, \"Historias de mujeres casadas\". Sara L\u00f3pez \"Cabeza y coraz\u00f3n\"","og_url":"https:\/\/blogs.santosochoa.es\/logrono\/el-arte-de-vivir-charla-con-la-autora-y-poesia\/","og_site_name":"Santos Ochoa Logro\u00f1o","article_author":"https:\/\/www.facebook.com\/santosochoalog","article_published_time":"2023-02-22T11:45:21+00:00","article_modified_time":"2023-02-22T11:45:23+00:00","og_image":[{"width":591,"height":900,"url":"https:\/\/blogs.santosochoa.es\/logrono\/wp-content\/uploads\/sites\/2\/2023\/01\/historias-de-mujeres-casadas_cristina-campos.jpg","type":"image\/jpeg"}],"author":"Santos Ochoa Logro\u00f1o","twitter_card":"summary_large_image","twitter_creator":"@santosochoalog","twitter_misc":{"Written by":"Santos Ochoa Logro\u00f1o","Est. reading time":"4 minutos"},"schema":{"@context":"https:\/\/schema.org","@graph":[{"@type":"Article","@id":"https:\/\/blogs.santosochoa.es\/logrono\/el-arte-de-vivir-charla-con-la-autora-y-poesia\/#article","isPartOf":{"@id":"https:\/\/blogs.santosochoa.es\/logrono\/el-arte-de-vivir-charla-con-la-autora-y-poesia\/"},"author":{"name":"Santos Ochoa Logro\u00f1o","@id":"https:\/\/blogs.santosochoa.es\/logrono\/#\/schema\/person\/103664eb8c60fbeea1880c704687c2e3"},"headline":"El Arte de Vivir, Charla con la Autora y Poes\u00eda","datePublished":"2023-02-22T11:45:21+00:00","dateModified":"2023-02-22T11:45:23+00:00","mainEntityOfPage":{"@id":"https:\/\/blogs.santosochoa.es\/logrono\/el-arte-de-vivir-charla-con-la-autora-y-poesia\/"},"wordCount":907,"image":{"@id":"https:\/\/blogs.santosochoa.es\/logrono\/el-arte-de-vivir-charla-con-la-autora-y-poesia\/#primaryimage"},"thumbnailUrl":"https:\/\/blogs.santosochoa.es\/logrono\/wp-content\/uploads\/sites\/2\/2023\/01\/historias-de-mujeres-casadas_cristina-campos.jpg","articleSection":["charla con el autor","el arte de vivir","libros","libros do rioja"],"inLanguage":"es"},{"@type":"WebPage","@id":"https:\/\/blogs.santosochoa.es\/logrono\/el-arte-de-vivir-charla-con-la-autora-y-poesia\/","url":"https:\/\/blogs.santosochoa.es\/logrono\/el-arte-de-vivir-charla-con-la-autora-y-poesia\/","name":"El Arte de Vivir, Charla con la Autora y Poes\u00eda - Santos Ochoa Logro\u00f1o","isPartOf":{"@id":"https:\/\/blogs.santosochoa.es\/logrono\/#website"},"primaryImageOfPage":{"@id":"https:\/\/blogs.santosochoa.es\/logrono\/el-arte-de-vivir-charla-con-la-autora-y-poesia\/#primaryimage"},"image":{"@id":"https:\/\/blogs.santosochoa.es\/logrono\/el-arte-de-vivir-charla-con-la-autora-y-poesia\/#primaryimage"},"thumbnailUrl":"https:\/\/blogs.santosochoa.es\/logrono\/wp-content\/uploads\/sites\/2\/2023\/01\/historias-de-mujeres-casadas_cristina-campos.jpg","datePublished":"2023-02-22T11:45:21+00:00","dateModified":"2023-02-22T11:45:23+00:00","author":{"@id":"https:\/\/blogs.santosochoa.es\/logrono\/#\/schema\/person\/103664eb8c60fbeea1880c704687c2e3"},"description":"Amparo Estevan y Antonio Sell\u00e9s, \"Psicolog\u00eda y espiritualidad\". Cristina Campos, \"Historias de mujeres casadas\". Sara L\u00f3pez \"Cabeza y coraz\u00f3n\"","breadcrumb":{"@id":"https:\/\/blogs.santosochoa.es\/logrono\/el-arte-de-vivir-charla-con-la-autora-y-poesia\/#breadcrumb"},"inLanguage":"es","potentialAction":[{"@type":"ReadAction","target":["https:\/\/blogs.santosochoa.es\/logrono\/el-arte-de-vivir-charla-con-la-autora-y-poesia\/"]}]},{"@type":"ImageObject","inLanguage":"es","@id":"https:\/\/blogs.santosochoa.es\/logrono\/el-arte-de-vivir-charla-con-la-autora-y-poesia\/#primaryimage","url":"https:\/\/blogs.santosochoa.es\/logrono\/wp-content\/uploads\/sites\/2\/2023\/01\/historias-de-mujeres-casadas_cristina-campos.jpg","contentUrl":"https:\/\/blogs.santosochoa.es\/logrono\/wp-content\/uploads\/sites\/2\/2023\/01\/historias-de-mujeres-casadas_cristina-campos.jpg","width":591,"height":900},{"@type":"BreadcrumbList","@id":"https:\/\/blogs.santosochoa.es\/logrono\/el-arte-de-vivir-charla-con-la-autora-y-poesia\/#breadcrumb","itemListElement":[{"@type":"ListItem","position":1,"name":"Home","item":"https:\/\/blogs.santosochoa.es\/logrono\/"},{"@type":"ListItem","position":2,"name":"El Arte de Vivir, Charla con la Autora y Poes\u00eda"}]},{"@type":"WebSite","@id":"https:\/\/blogs.santosochoa.es\/logrono\/#website","url":"https:\/\/blogs.santosochoa.es\/logrono\/","name":"Santos Ochoa Logro\u00f1o","description":"Tu Librer\u00eda Online","potentialAction":[{"@type":"SearchAction","target":{"@type":"EntryPoint","urlTemplate":"https:\/\/blogs.santosochoa.es\/logrono\/?s={search_term_string}"},"query-input":{"@type":"PropertyValueSpecification","valueRequired":true,"valueName":"search_term_string"}}],"inLanguage":"es"},{"@type":"Person","@id":"https:\/\/blogs.santosochoa.es\/logrono\/#\/schema\/person\/103664eb8c60fbeea1880c704687c2e3","name":"Santos Ochoa Logro\u00f1o","sameAs":["http:\/\/santosochoa.es","https:\/\/www.facebook.com\/santosochoalog","https:\/\/www.instagram.com\/santosochoalog\/","https:\/\/x.com\/santosochoalog","https:\/\/www.youtube.com\/c\/SantosOchoaLibros"]}]}},"_links":{"self":[{"href":"https:\/\/blogs.santosochoa.es\/logrono\/wp-json\/wp\/v2\/posts\/3670","targetHints":{"allow":["GET"]}}],"collection":[{"href":"https:\/\/blogs.santosochoa.es\/logrono\/wp-json\/wp\/v2\/posts"}],"about":[{"href":"https:\/\/blogs.santosochoa.es\/logrono\/wp-json\/wp\/v2\/types\/post"}],"author":[{"embeddable":true,"href":"https:\/\/blogs.santosochoa.es\/logrono\/wp-json\/wp\/v2\/users\/4"}],"replies":[{"embeddable":true,"href":"https:\/\/blogs.santosochoa.es\/logrono\/wp-json\/wp\/v2\/comments?post=3670"}],"version-history":[{"count":1,"href":"https:\/\/blogs.santosochoa.es\/logrono\/wp-json\/wp\/v2\/posts\/3670\/revisions"}],"predecessor-version":[{"id":3671,"href":"https:\/\/blogs.santosochoa.es\/logrono\/wp-json\/wp\/v2\/posts\/3670\/revisions\/3671"}],"wp:featuredmedia":[{"embeddable":true,"href":"https:\/\/blogs.santosochoa.es\/logrono\/wp-json\/wp\/v2\/media\/3650"}],"wp:attachment":[{"href":"https:\/\/blogs.santosochoa.es\/logrono\/wp-json\/wp\/v2\/media?parent=3670"}],"wp:term":[{"taxonomy":"category","embeddable":true,"href":"https:\/\/blogs.santosochoa.es\/logrono\/wp-json\/wp\/v2\/categories?post=3670"},{"taxonomy":"post_tag","embeddable":true,"href":"https:\/\/blogs.santosochoa.es\/logrono\/wp-json\/wp\/v2\/tags?post=3670"}],"curies":[{"name":"wp","href":"https:\/\/api.w.org\/{rel}","templated":true}]}}