{"id":3659,"date":"2023-02-08T12:12:00","date_gmt":"2023-02-08T11:12:00","guid":{"rendered":"https:\/\/blogs.santosochoa.es\/logrono\/?p=3659"},"modified":"2023-02-07T12:44:07","modified_gmt":"2023-02-07T11:44:07","slug":"beatriz-salas-gabriel-gatti-libros-y-mas-y-cuentos-infinitos","status":"publish","type":"post","link":"https:\/\/blogs.santosochoa.es\/logrono\/beatriz-salas-gabriel-gatti-libros-y-mas-y-cuentos-infinitos\/","title":{"rendered":"Beatriz Salas, Gabriel Gatti, Libros y M\u00e1s y Cuentos Infinitos"},"content":{"rendered":"\n<h2 class=\"wp-block-heading\"><strong><em>Libros y M\u00e1s, especial San Valent\u00edn<\/em>. Magazine de actualidad cultural con Raquel D\u00e1valos y Diego Ochoa<\/strong><\/h2>\n\n\n\n<h3 class=\"wp-block-heading\"><strong>Martes 14 de febrero<\/strong><strong>, a las 19:30 h.<\/strong><\/h3>\n\n\n\n<h4 class=\"wp-block-heading\">Espacio Santos Ochoa. Calvo Sotelo, 19, Logro\u00f1o<\/h4>\n\n\n\n<p><strong>Tambi\u00e9n en Instagram <\/strong><a href=\"https:\/\/www.instagram.com\/raquelldavalos\/\" target=\"_blank\" rel=\"noreferrer noopener\">@raquelldavalos<\/a><strong> o <\/strong><a href=\"https:\/\/www.instagram.com\/santosochoalog\/\" target=\"_blank\" rel=\"noreferrer noopener\">@santosochoalog<\/a><strong> y en YouTube:<\/strong> <a href=\"https:\/\/www.youtube.com\/c\/SantosOchoaLibros\" target=\"_blank\" rel=\"noreferrer noopener\">youtube.com\/c\/SantosOchoaLibros<\/a><\/p>\n\n\n\n<div class=\"wp-block-image\"><figure class=\"alignright size-large is-resized\"><img decoding=\"async\" src=\"https:\/\/blogs.santosochoa.es\/logrono\/wp-content\/uploads\/sites\/2\/2022\/12\/Libros-Y-Mas_ene2023-2-714x1024.jpg\" alt=\"\" class=\"wp-image-3596\" width=\"300\" srcset=\"https:\/\/blogs.santosochoa.es\/logrono\/wp-content\/uploads\/sites\/2\/2022\/12\/Libros-Y-Mas_ene2023-2-714x1024.jpg 714w, https:\/\/blogs.santosochoa.es\/logrono\/wp-content\/uploads\/sites\/2\/2022\/12\/Libros-Y-Mas_ene2023-2-209x300.jpg 209w, https:\/\/blogs.santosochoa.es\/logrono\/wp-content\/uploads\/sites\/2\/2022\/12\/Libros-Y-Mas_ene2023-2-768x1101.jpg 768w, https:\/\/blogs.santosochoa.es\/logrono\/wp-content\/uploads\/sites\/2\/2022\/12\/Libros-Y-Mas_ene2023-2.jpg 863w\" sizes=\"(max-width: 714px) 100vw, 714px\" \/><\/figure><\/div>\n\n\n\n<h5 class=\"wp-block-heading\"><strong>En este magazine cultural, la periodista Raquel D\u00e1valos y el librero Diego Ochoa nos muestran y comentan las \u00faltimas novedades editoriales, los autores m\u00e1s le\u00eddos, juegos por descubrir u otros temas de actualidad. Si te apetece asistir en directo a la grabaci\u00f3n, an\u00edmate, te esperamos. Si prefieres disfrutarlo desde casa, atenci\u00f3n a las redes sociales\u2026 @raquelldavalos y @santosochoalog<\/strong><\/h5>\n\n\n\n<p>Conectamos con la magia que siempre nos regala un buen libro, donde sumergirnos en mil y una aventuras, viajar a incre\u00edbles lugares, conocer grandes historias y personajes, evocar recuerdos, buscar soluciones o aprender de grandes errores.<\/p>\n\n\n\n<p>Siempre es un buen momento para un libro. Siempre es un buen momento para hablar de libros y m\u00e1s.<\/p>\n\n\n\n<div style=\"height:50px\" aria-hidden=\"true\" class=\"wp-block-spacer\"><\/div>\n\n\n\n<h2 class=\"wp-block-heading\"><strong>La logro\u00f1esa Beatriz Salas Sierra presenta <em>Las sombras de Sade<\/em>, un misterioso asesinato en la costa guipuzcoana<\/strong><\/h2>\n\n\n\n<h3 class=\"wp-block-heading\"><strong>Mi\u00e9rcoles 15 de febrero<\/strong><strong>, a las 19:30 h.<\/strong><\/h3>\n\n\n\n<h4 class=\"wp-block-heading\">Espacio Santos Ochoa. Calvo Sotelo, 19, Logro\u00f1o<\/h4>\n\n\n\n<p><strong><em>Tambi\u00e9n en YouTube:<\/em><\/strong> <a href=\"https:\/\/www.youtube.com\/c\/SantosOchoaLibros\" target=\"_blank\" rel=\"noreferrer noopener\">youtube.com\/c\/SantosOchoaLibros<\/a><\/p>\n\n\n\n<div class=\"wp-block-image\"><figure class=\"alignleft size-large is-resized\"><img decoding=\"async\" src=\"https:\/\/blogs.santosochoa.es\/logrono\/wp-content\/uploads\/sites\/2\/2023\/01\/las-sombras-de-sade_beatriz-salas.jpg\" alt=\"\" class=\"wp-image-3640\" width=\"300\" srcset=\"https:\/\/blogs.santosochoa.es\/logrono\/wp-content\/uploads\/sites\/2\/2023\/01\/las-sombras-de-sade_beatriz-salas.jpg 591w, https:\/\/blogs.santosochoa.es\/logrono\/wp-content\/uploads\/sites\/2\/2023\/01\/las-sombras-de-sade_beatriz-salas-212x300.jpg 212w\" sizes=\"(max-width: 591px) 100vw, 591px\" \/><\/figure><\/div>\n\n\n\n<h5 class=\"wp-block-heading\"><strong>Aparece en la costa guipuzcoana un cuerpo de mujer, con evidentes se\u00f1ales de violencia. El comisario Javier San Mart\u00edn y la inspectora Izaskun Olarte deber\u00e1n resolver su primer caso juntos.<\/strong><\/h5>\n\n\n\n<p>Izaskun ha vuelto a su ciudad natal para cuidar de su hermano, en silla de ruedas tras un accidente de moto, y tendr\u00e1 que amoldarse a un nuevo equipo de trabajo, liderado por el comisario, al que conoci\u00f3 en la Academia de la Polic\u00eda Nacional.<\/p>\n\n\n\n<p>El estado del cad\u00e1ver complica su identificaci\u00f3n, pero la agresi\u00f3n sufrida concuerda con un caso de hace unos a\u00f1os, en el que la v\u00edctima logr\u00f3 sobrevivir. Katrina, la joven polaca secuestrada y violada estando de Erasmus en San Sebasti\u00e1n, no recuerda nada de ese episodio, pero acepta colaborar con ellos para intentar atrapar al agresor.<\/p>\n\n\n\n<p><strong>Beatriz Salas Sierra<\/strong>, nacida en Logro\u00f1o en marzo de 1975, pero \u00abde Bilbao de toda la vida\u00bb, es ingeniera industrial y trabaja para una compa\u00f1\u00eda multinacional. Creci\u00f3 devorando novelas de Agatha Christie y Stephen King; estudi\u00f3, encontr\u00f3 trabaj\u00f3 y se cas\u00f3. Es una apasionada de la lectura, la fotograf\u00eda y los viajes a lugares antiguos. Los \u00faltimos a\u00f1os los ha dedicado a educar a sus hijos peque\u00f1os, trabajar y viajar por Espa\u00f1a. La primavera de 2019, tras una peque\u00f1a crisis de los cuarenta, decidi\u00f3 cumplir su sue\u00f1o de escribir una novela y plasmar una idea que llevaba en su mente demasiado tiempo.<\/p>\n\n\n\n<div style=\"height:50px\" aria-hidden=\"true\" class=\"wp-block-spacer\"><\/div>\n\n\n\n<h2 class=\"wp-block-heading\"><strong>Gabriel Gatti presenta <em>Desaparecidos.<\/em> Cr\u00f3nica, denuncia y cr\u00edtica filos\u00f3fica para entender el dolor de los sin nombre<\/strong><\/h2>\n\n\n\n<h3 class=\"wp-block-heading\"><strong>Viernes 17 de febrero<\/strong><strong>, a las 19:30 h.<\/strong><\/h3>\n\n\n\n<h4 class=\"wp-block-heading\">Espacio Santos Ochoa. Calvo Sotelo, 19, Logro\u00f1o<\/h4>\n\n\n\n<p><strong><em>Tambi\u00e9n en YouTube:<\/em><\/strong> <a href=\"https:\/\/www.youtube.com\/c\/SantosOchoaLibros\" target=\"_blank\" rel=\"noreferrer noopener\">youtube.com\/c\/SantosOchoaLibros<\/a><\/p>\n\n\n\n<div class=\"wp-block-image\"><figure class=\"alignright size-large is-resized\"><img decoding=\"async\" src=\"https:\/\/blogs.santosochoa.es\/logrono\/wp-content\/uploads\/sites\/2\/2023\/01\/desaparecidos_gabriel-gatti.jpg\" alt=\"\" class=\"wp-image-3642\" width=\"300\" srcset=\"https:\/\/blogs.santosochoa.es\/logrono\/wp-content\/uploads\/sites\/2\/2023\/01\/desaparecidos_gabriel-gatti.jpg 591w, https:\/\/blogs.santosochoa.es\/logrono\/wp-content\/uploads\/sites\/2\/2023\/01\/desaparecidos_gabriel-gatti-191x300.jpg 191w\" sizes=\"(max-width: 591px) 100vw, 591px\" \/><\/figure><\/div>\n\n\n\n<p>Organiza el <strong>Departamento de Ciencias Humanas de la Universidad de La Rioja.<\/strong> Acompa\u00f1a al autor <strong>Sergio Andr\u00e9s Cabello<\/strong>, profesor de la Universidad de la Rioja.<\/p>\n\n\n\n<p><strong>Un dram\u00e1tico recorrido por los enclaves donde a\u00fan hoy se produce la desaparici\u00f3n forzada de personas ante la indiferencia de la mayor\u00eda.<\/strong><\/p>\n\n\n\n<h5 class=\"wp-block-heading\"><strong>Desaparecidos es la investigaci\u00f3n acad\u00e9mica, a caballo entre la cr\u00f3nica y la cr\u00edtica filos\u00f3fica, en la que el profesor Gabriel Gatti, hijo de un desaparecido por la dictadura uruguaya, recorre el mundo \u2013la frontera sur de Europa en busca de los indocumentados que viajan en patera; las dos fronteras mexicanas, de Tijuana a Tenosique, donde se atestigua el maltrato a los migrantes; las cunetas de la guerra civil espa\u00f1ola y las cl\u00ednicas donde se robaron ni\u00f1os en el tardofranquismo; las ciudades perdidas que generan las grandes capitales latinoamericanas\u2013 para atestiguar, documentar y comprender que el horror que dio nombre al fen\u00f3meno de los desaparecidos, por obra y gracia de las dictaduras sudamericanas, sigue actuando en el mundo actual.<\/strong><\/h5>\n\n\n\n<p>Este libro es un grito de denuncia y, al mismo tiempo, un mapa para entender el dolor de los sin nombre, los expulsados, los borrados, los invisibles y los vulnerables de nuestro tiempo.<\/p>\n\n\n\n<p><strong>Gabriel Gatti<\/strong> (Montevideo, 1967). Doctor en Sociolog\u00eda, profesor de la Universidad del Pa\u00eds Vasco. Coordina el programa de investigaci\u00f3n \u201cUn mundo de v\u00edctimas\u201d. Ha sido profesor invitado en Stanford (Edward Larocque Tinker Visiting Professor) y Sorbonne Nouvelle (chaire Pablo Neruda). Ha publicado los libros <em>Surviving forced disappearance in Argentina and Uruguay<\/em>, <em>Identidades desaparecidas<\/em> e <em>Identidades d\u00e9biles<\/em>. Es Premio Nacional de Ensayo en Ciencias Sociales de Uruguay por <em>El detenido-desaparecido<\/em>.<\/p>\n\n\n\n<div style=\"height:50px\" aria-hidden=\"true\" class=\"wp-block-spacer\"><\/div>\n\n\n\n<h2 class=\"wp-block-heading\"><strong>Cuentos Infinitos. Cuentacuentos solidarios<\/strong><\/h2>\n\n\n\n<h3 class=\"wp-block-heading\"><strong>Jueves 16, viernes 17 y s\u00e1bado 18 de febrero<\/strong><\/h3>\n\n\n\n<h4 class=\"wp-block-heading\">Espacio Santos Ochoa. Calvo Sotelo, 19, Logro\u00f1o<\/h4>\n\n\n\n<p><strong>Edad:<\/strong> a partir de 2 a\u00f1os<\/p>\n\n\n\n<p><strong>Venta anticipada<\/strong> (1 \u20ac por ni\u00f1o) en Santos Ochoa Calvo Sotelo<\/p>\n\n\n\n<div class=\"wp-block-image\"><figure class=\"alignleft size-large is-resized\"><img decoding=\"async\" src=\"https:\/\/blogs.santosochoa.es\/logrono\/wp-content\/uploads\/sites\/2\/2023\/02\/202302_Cartel_Cuentos-Infinitos-724x1024.png\" alt=\"\" class=\"wp-image-3660\" width=\"300\" srcset=\"https:\/\/blogs.santosochoa.es\/logrono\/wp-content\/uploads\/sites\/2\/2023\/02\/202302_Cartel_Cuentos-Infinitos-724x1024.png 724w, https:\/\/blogs.santosochoa.es\/logrono\/wp-content\/uploads\/sites\/2\/2023\/02\/202302_Cartel_Cuentos-Infinitos-212x300.png 212w, https:\/\/blogs.santosochoa.es\/logrono\/wp-content\/uploads\/sites\/2\/2023\/02\/202302_Cartel_Cuentos-Infinitos-768x1086.png 768w, https:\/\/blogs.santosochoa.es\/logrono\/wp-content\/uploads\/sites\/2\/2023\/02\/202302_Cartel_Cuentos-Infinitos.png 842w\" sizes=\"(max-width: 724px) 100vw, 724px\" \/><\/figure><\/div>\n\n\n\n<h5 class=\"wp-block-heading\"><strong>Cuentos y m\u00e1s cuentos, hasta el infinito y m\u00e1s all\u00e1. Los hay de aventuras, de amor, de misterio&#8230; Con ellos aprendemos, nos re\u00edmos o lloramos, conocemos personajes maravillosos que nos llenan de ternura. Las libreras cuentistas siempre tienen uno a mano para hacer volar nuestra imaginaci\u00f3n.<\/strong><\/h5>\n\n\n\n<p>Los Cuentos Infinitos, adem\u00e1s de todo eso, sirven para pasar un buen rato en familia y colaborar con buenas causas. En esta ocasi\u00f3n, vamos a ayudar a la Guarder\u00eda Carrusel.<\/p>\n\n\n\n<p><strong>Jueves 16.<\/strong> 17:45 y 18:15 h. <strong><em>Por una mosca de nada<\/em><\/strong><\/p>\n\n\n\n<p><strong>Viernes 17.<\/strong> 17:45 y 18:15 h. <strong><em>Marcelina en la cocina<\/em><\/strong><\/p>\n\n\n\n<p><strong>S\u00e1bado 18.<\/strong> 12:00 y 12:30 h. <strong><em>Los malotes<\/em><\/strong><\/p>\n\n\n\n<p><strong>Cuentos Infinitos<\/strong> es una iniciativa para ni\u00f1os curiosos y familias generosas. Para asistir solo hace falta una entrada al precio simb\u00f3lico de 1 \u20ac y todo el dinero recogido se destina a facilitar libros a colegios, bibliotecas o asociaciones para colaborar con sus proyectos de fomento de la lectura.<\/p>\n\n\n\n<p>Gracias a la colaboraci\u00f3n de Barbabuk, El Balc\u00f3n de Mateo y Gr\u00e1ficas Ochoa.<\/p>\n","protected":false},"excerpt":{"rendered":"<p>Beatriz Salas presenta \u00abLas sombras de Sade\u00bb. Gabriel Gatti, \u00abDesaparecidos\u00bb. Libros y M\u00e1s especial San Valent\u00edn y Cuentos Infinitos<\/p>\n","protected":false},"author":4,"featured_media":3640,"comment_status":"closed","ping_status":"closed","sticky":false,"template":"","format":"standard","meta":{"footnotes":""},"categories":[18,12,13],"tags":[],"class_list":["post-3659","post","type-post","status-publish","format-standard","has-post-thumbnail","hentry","category-taller-infantil","category-libros","category-libros-do-rioja"],"yoast_head":"<!-- This site is optimized with the Yoast SEO plugin v27.2 - https:\/\/yoast.com\/product\/yoast-seo-wordpress\/ -->\n<title>Beatriz Salas, Gabriel Gatti, Libros y M\u00e1s y Cuentos Infinitos - Santos Ochoa Logro\u00f1o<\/title>\n<meta name=\"description\" content=\"Beatriz Salas presenta &quot;Las sombras de Sade&quot;. Gabriel Gatti, &quot;Desaparecidos&quot;. Libros y M\u00e1s especial San Valent\u00edn y Cuentos Infinitos\" \/>\n<meta name=\"robots\" content=\"index, follow, max-snippet:-1, max-image-preview:large, max-video-preview:-1\" \/>\n<link rel=\"canonical\" href=\"https:\/\/blogs.santosochoa.es\/logrono\/beatriz-salas-gabriel-gatti-libros-y-mas-y-cuentos-infinitos\/\" \/>\n<meta property=\"og:locale\" content=\"es_ES\" \/>\n<meta property=\"og:type\" content=\"article\" \/>\n<meta property=\"og:title\" content=\"Beatriz Salas, Gabriel Gatti, Libros y M\u00e1s y Cuentos Infinitos - Santos Ochoa Logro\u00f1o\" \/>\n<meta property=\"og:description\" content=\"Beatriz Salas presenta &quot;Las sombras de Sade&quot;. Gabriel Gatti, &quot;Desaparecidos&quot;. Libros y M\u00e1s especial San Valent\u00edn y Cuentos Infinitos\" \/>\n<meta property=\"og:url\" content=\"https:\/\/blogs.santosochoa.es\/logrono\/beatriz-salas-gabriel-gatti-libros-y-mas-y-cuentos-infinitos\/\" \/>\n<meta property=\"og:site_name\" content=\"Santos Ochoa Logro\u00f1o\" \/>\n<meta property=\"article:author\" content=\"https:\/\/www.facebook.com\/santosochoalog\" \/>\n<meta property=\"article:published_time\" content=\"2023-02-08T11:12:00+00:00\" \/>\n<meta property=\"og:image\" content=\"https:\/\/blogs.santosochoa.es\/logrono\/wp-content\/uploads\/sites\/2\/2023\/01\/las-sombras-de-sade_beatriz-salas.jpg\" \/>\n\t<meta property=\"og:image:width\" content=\"591\" \/>\n\t<meta property=\"og:image:height\" content=\"838\" \/>\n\t<meta property=\"og:image:type\" content=\"image\/jpeg\" \/>\n<meta name=\"author\" content=\"Santos Ochoa Logro\u00f1o\" \/>\n<meta name=\"twitter:card\" content=\"summary_large_image\" \/>\n<meta name=\"twitter:creator\" content=\"@santosochoalog\" \/>\n<meta name=\"twitter:label1\" content=\"Written by\" \/>\n\t<meta name=\"twitter:data1\" content=\"Santos Ochoa Logro\u00f1o\" \/>\n\t<meta name=\"twitter:label2\" content=\"Est. reading time\" \/>\n\t<meta name=\"twitter:data2\" content=\"5 minutos\" \/>\n<script type=\"application\/ld+json\" class=\"yoast-schema-graph\">{\"@context\":\"https:\/\/schema.org\",\"@graph\":[{\"@type\":\"Article\",\"@id\":\"https:\/\/blogs.santosochoa.es\/logrono\/beatriz-salas-gabriel-gatti-libros-y-mas-y-cuentos-infinitos\/#article\",\"isPartOf\":{\"@id\":\"https:\/\/blogs.santosochoa.es\/logrono\/beatriz-salas-gabriel-gatti-libros-y-mas-y-cuentos-infinitos\/\"},\"author\":{\"name\":\"Santos Ochoa Logro\u00f1o\",\"@id\":\"https:\/\/blogs.santosochoa.es\/logrono\/#\/schema\/person\/103664eb8c60fbeea1880c704687c2e3\"},\"headline\":\"Beatriz Salas, Gabriel Gatti, Libros y M\u00e1s y Cuentos Infinitos\",\"datePublished\":\"2023-02-08T11:12:00+00:00\",\"mainEntityOfPage\":{\"@id\":\"https:\/\/blogs.santosochoa.es\/logrono\/beatriz-salas-gabriel-gatti-libros-y-mas-y-cuentos-infinitos\/\"},\"wordCount\":996,\"image\":{\"@id\":\"https:\/\/blogs.santosochoa.es\/logrono\/beatriz-salas-gabriel-gatti-libros-y-mas-y-cuentos-infinitos\/#primaryimage\"},\"thumbnailUrl\":\"https:\/\/blogs.santosochoa.es\/logrono\/wp-content\/uploads\/sites\/2\/2023\/01\/las-sombras-de-sade_beatriz-salas.jpg\",\"articleSection\":[\"infantil\",\"libros\",\"libros do rioja\"],\"inLanguage\":\"es\"},{\"@type\":\"WebPage\",\"@id\":\"https:\/\/blogs.santosochoa.es\/logrono\/beatriz-salas-gabriel-gatti-libros-y-mas-y-cuentos-infinitos\/\",\"url\":\"https:\/\/blogs.santosochoa.es\/logrono\/beatriz-salas-gabriel-gatti-libros-y-mas-y-cuentos-infinitos\/\",\"name\":\"Beatriz Salas, Gabriel Gatti, Libros y M\u00e1s y Cuentos Infinitos - Santos Ochoa Logro\u00f1o\",\"isPartOf\":{\"@id\":\"https:\/\/blogs.santosochoa.es\/logrono\/#website\"},\"primaryImageOfPage\":{\"@id\":\"https:\/\/blogs.santosochoa.es\/logrono\/beatriz-salas-gabriel-gatti-libros-y-mas-y-cuentos-infinitos\/#primaryimage\"},\"image\":{\"@id\":\"https:\/\/blogs.santosochoa.es\/logrono\/beatriz-salas-gabriel-gatti-libros-y-mas-y-cuentos-infinitos\/#primaryimage\"},\"thumbnailUrl\":\"https:\/\/blogs.santosochoa.es\/logrono\/wp-content\/uploads\/sites\/2\/2023\/01\/las-sombras-de-sade_beatriz-salas.jpg\",\"datePublished\":\"2023-02-08T11:12:00+00:00\",\"author\":{\"@id\":\"https:\/\/blogs.santosochoa.es\/logrono\/#\/schema\/person\/103664eb8c60fbeea1880c704687c2e3\"},\"description\":\"Beatriz Salas presenta \\\"Las sombras de Sade\\\". Gabriel Gatti, \\\"Desaparecidos\\\". Libros y M\u00e1s especial San Valent\u00edn y Cuentos Infinitos\",\"breadcrumb\":{\"@id\":\"https:\/\/blogs.santosochoa.es\/logrono\/beatriz-salas-gabriel-gatti-libros-y-mas-y-cuentos-infinitos\/#breadcrumb\"},\"inLanguage\":\"es\",\"potentialAction\":[{\"@type\":\"ReadAction\",\"target\":[\"https:\/\/blogs.santosochoa.es\/logrono\/beatriz-salas-gabriel-gatti-libros-y-mas-y-cuentos-infinitos\/\"]}]},{\"@type\":\"ImageObject\",\"inLanguage\":\"es\",\"@id\":\"https:\/\/blogs.santosochoa.es\/logrono\/beatriz-salas-gabriel-gatti-libros-y-mas-y-cuentos-infinitos\/#primaryimage\",\"url\":\"https:\/\/blogs.santosochoa.es\/logrono\/wp-content\/uploads\/sites\/2\/2023\/01\/las-sombras-de-sade_beatriz-salas.jpg\",\"contentUrl\":\"https:\/\/blogs.santosochoa.es\/logrono\/wp-content\/uploads\/sites\/2\/2023\/01\/las-sombras-de-sade_beatriz-salas.jpg\",\"width\":591,\"height\":838},{\"@type\":\"BreadcrumbList\",\"@id\":\"https:\/\/blogs.santosochoa.es\/logrono\/beatriz-salas-gabriel-gatti-libros-y-mas-y-cuentos-infinitos\/#breadcrumb\",\"itemListElement\":[{\"@type\":\"ListItem\",\"position\":1,\"name\":\"Home\",\"item\":\"https:\/\/blogs.santosochoa.es\/logrono\/\"},{\"@type\":\"ListItem\",\"position\":2,\"name\":\"Beatriz Salas, Gabriel Gatti, Libros y M\u00e1s y Cuentos Infinitos\"}]},{\"@type\":\"WebSite\",\"@id\":\"https:\/\/blogs.santosochoa.es\/logrono\/#website\",\"url\":\"https:\/\/blogs.santosochoa.es\/logrono\/\",\"name\":\"Santos Ochoa Logro\u00f1o\",\"description\":\"Tu Librer\u00eda Online\",\"potentialAction\":[{\"@type\":\"SearchAction\",\"target\":{\"@type\":\"EntryPoint\",\"urlTemplate\":\"https:\/\/blogs.santosochoa.es\/logrono\/?s={search_term_string}\"},\"query-input\":{\"@type\":\"PropertyValueSpecification\",\"valueRequired\":true,\"valueName\":\"search_term_string\"}}],\"inLanguage\":\"es\"},{\"@type\":\"Person\",\"@id\":\"https:\/\/blogs.santosochoa.es\/logrono\/#\/schema\/person\/103664eb8c60fbeea1880c704687c2e3\",\"name\":\"Santos Ochoa Logro\u00f1o\",\"sameAs\":[\"http:\/\/santosochoa.es\",\"https:\/\/www.facebook.com\/santosochoalog\",\"https:\/\/www.instagram.com\/santosochoalog\/\",\"https:\/\/x.com\/santosochoalog\",\"https:\/\/www.youtube.com\/c\/SantosOchoaLibros\"]}]}<\/script>\n<!-- \/ Yoast SEO plugin. -->","yoast_head_json":{"title":"Beatriz Salas, Gabriel Gatti, Libros y M\u00e1s y Cuentos Infinitos - Santos Ochoa Logro\u00f1o","description":"Beatriz Salas presenta \"Las sombras de Sade\". Gabriel Gatti, \"Desaparecidos\". Libros y M\u00e1s especial San Valent\u00edn y Cuentos Infinitos","robots":{"index":"index","follow":"follow","max-snippet":"max-snippet:-1","max-image-preview":"max-image-preview:large","max-video-preview":"max-video-preview:-1"},"canonical":"https:\/\/blogs.santosochoa.es\/logrono\/beatriz-salas-gabriel-gatti-libros-y-mas-y-cuentos-infinitos\/","og_locale":"es_ES","og_type":"article","og_title":"Beatriz Salas, Gabriel Gatti, Libros y M\u00e1s y Cuentos Infinitos - Santos Ochoa Logro\u00f1o","og_description":"Beatriz Salas presenta \"Las sombras de Sade\". Gabriel Gatti, \"Desaparecidos\". Libros y M\u00e1s especial San Valent\u00edn y Cuentos Infinitos","og_url":"https:\/\/blogs.santosochoa.es\/logrono\/beatriz-salas-gabriel-gatti-libros-y-mas-y-cuentos-infinitos\/","og_site_name":"Santos Ochoa Logro\u00f1o","article_author":"https:\/\/www.facebook.com\/santosochoalog","article_published_time":"2023-02-08T11:12:00+00:00","og_image":[{"width":591,"height":838,"url":"https:\/\/blogs.santosochoa.es\/logrono\/wp-content\/uploads\/sites\/2\/2023\/01\/las-sombras-de-sade_beatriz-salas.jpg","type":"image\/jpeg"}],"author":"Santos Ochoa Logro\u00f1o","twitter_card":"summary_large_image","twitter_creator":"@santosochoalog","twitter_misc":{"Written by":"Santos Ochoa Logro\u00f1o","Est. reading time":"5 minutos"},"schema":{"@context":"https:\/\/schema.org","@graph":[{"@type":"Article","@id":"https:\/\/blogs.santosochoa.es\/logrono\/beatriz-salas-gabriel-gatti-libros-y-mas-y-cuentos-infinitos\/#article","isPartOf":{"@id":"https:\/\/blogs.santosochoa.es\/logrono\/beatriz-salas-gabriel-gatti-libros-y-mas-y-cuentos-infinitos\/"},"author":{"name":"Santos Ochoa Logro\u00f1o","@id":"https:\/\/blogs.santosochoa.es\/logrono\/#\/schema\/person\/103664eb8c60fbeea1880c704687c2e3"},"headline":"Beatriz Salas, Gabriel Gatti, Libros y M\u00e1s y Cuentos Infinitos","datePublished":"2023-02-08T11:12:00+00:00","mainEntityOfPage":{"@id":"https:\/\/blogs.santosochoa.es\/logrono\/beatriz-salas-gabriel-gatti-libros-y-mas-y-cuentos-infinitos\/"},"wordCount":996,"image":{"@id":"https:\/\/blogs.santosochoa.es\/logrono\/beatriz-salas-gabriel-gatti-libros-y-mas-y-cuentos-infinitos\/#primaryimage"},"thumbnailUrl":"https:\/\/blogs.santosochoa.es\/logrono\/wp-content\/uploads\/sites\/2\/2023\/01\/las-sombras-de-sade_beatriz-salas.jpg","articleSection":["infantil","libros","libros do rioja"],"inLanguage":"es"},{"@type":"WebPage","@id":"https:\/\/blogs.santosochoa.es\/logrono\/beatriz-salas-gabriel-gatti-libros-y-mas-y-cuentos-infinitos\/","url":"https:\/\/blogs.santosochoa.es\/logrono\/beatriz-salas-gabriel-gatti-libros-y-mas-y-cuentos-infinitos\/","name":"Beatriz Salas, Gabriel Gatti, Libros y M\u00e1s y Cuentos Infinitos - Santos Ochoa Logro\u00f1o","isPartOf":{"@id":"https:\/\/blogs.santosochoa.es\/logrono\/#website"},"primaryImageOfPage":{"@id":"https:\/\/blogs.santosochoa.es\/logrono\/beatriz-salas-gabriel-gatti-libros-y-mas-y-cuentos-infinitos\/#primaryimage"},"image":{"@id":"https:\/\/blogs.santosochoa.es\/logrono\/beatriz-salas-gabriel-gatti-libros-y-mas-y-cuentos-infinitos\/#primaryimage"},"thumbnailUrl":"https:\/\/blogs.santosochoa.es\/logrono\/wp-content\/uploads\/sites\/2\/2023\/01\/las-sombras-de-sade_beatriz-salas.jpg","datePublished":"2023-02-08T11:12:00+00:00","author":{"@id":"https:\/\/blogs.santosochoa.es\/logrono\/#\/schema\/person\/103664eb8c60fbeea1880c704687c2e3"},"description":"Beatriz Salas presenta \"Las sombras de Sade\". Gabriel Gatti, \"Desaparecidos\". Libros y M\u00e1s especial San Valent\u00edn y Cuentos Infinitos","breadcrumb":{"@id":"https:\/\/blogs.santosochoa.es\/logrono\/beatriz-salas-gabriel-gatti-libros-y-mas-y-cuentos-infinitos\/#breadcrumb"},"inLanguage":"es","potentialAction":[{"@type":"ReadAction","target":["https:\/\/blogs.santosochoa.es\/logrono\/beatriz-salas-gabriel-gatti-libros-y-mas-y-cuentos-infinitos\/"]}]},{"@type":"ImageObject","inLanguage":"es","@id":"https:\/\/blogs.santosochoa.es\/logrono\/beatriz-salas-gabriel-gatti-libros-y-mas-y-cuentos-infinitos\/#primaryimage","url":"https:\/\/blogs.santosochoa.es\/logrono\/wp-content\/uploads\/sites\/2\/2023\/01\/las-sombras-de-sade_beatriz-salas.jpg","contentUrl":"https:\/\/blogs.santosochoa.es\/logrono\/wp-content\/uploads\/sites\/2\/2023\/01\/las-sombras-de-sade_beatriz-salas.jpg","width":591,"height":838},{"@type":"BreadcrumbList","@id":"https:\/\/blogs.santosochoa.es\/logrono\/beatriz-salas-gabriel-gatti-libros-y-mas-y-cuentos-infinitos\/#breadcrumb","itemListElement":[{"@type":"ListItem","position":1,"name":"Home","item":"https:\/\/blogs.santosochoa.es\/logrono\/"},{"@type":"ListItem","position":2,"name":"Beatriz Salas, Gabriel Gatti, Libros y M\u00e1s y Cuentos Infinitos"}]},{"@type":"WebSite","@id":"https:\/\/blogs.santosochoa.es\/logrono\/#website","url":"https:\/\/blogs.santosochoa.es\/logrono\/","name":"Santos Ochoa Logro\u00f1o","description":"Tu Librer\u00eda Online","potentialAction":[{"@type":"SearchAction","target":{"@type":"EntryPoint","urlTemplate":"https:\/\/blogs.santosochoa.es\/logrono\/?s={search_term_string}"},"query-input":{"@type":"PropertyValueSpecification","valueRequired":true,"valueName":"search_term_string"}}],"inLanguage":"es"},{"@type":"Person","@id":"https:\/\/blogs.santosochoa.es\/logrono\/#\/schema\/person\/103664eb8c60fbeea1880c704687c2e3","name":"Santos Ochoa Logro\u00f1o","sameAs":["http:\/\/santosochoa.es","https:\/\/www.facebook.com\/santosochoalog","https:\/\/www.instagram.com\/santosochoalog\/","https:\/\/x.com\/santosochoalog","https:\/\/www.youtube.com\/c\/SantosOchoaLibros"]}]}},"_links":{"self":[{"href":"https:\/\/blogs.santosochoa.es\/logrono\/wp-json\/wp\/v2\/posts\/3659","targetHints":{"allow":["GET"]}}],"collection":[{"href":"https:\/\/blogs.santosochoa.es\/logrono\/wp-json\/wp\/v2\/posts"}],"about":[{"href":"https:\/\/blogs.santosochoa.es\/logrono\/wp-json\/wp\/v2\/types\/post"}],"author":[{"embeddable":true,"href":"https:\/\/blogs.santosochoa.es\/logrono\/wp-json\/wp\/v2\/users\/4"}],"replies":[{"embeddable":true,"href":"https:\/\/blogs.santosochoa.es\/logrono\/wp-json\/wp\/v2\/comments?post=3659"}],"version-history":[{"count":1,"href":"https:\/\/blogs.santosochoa.es\/logrono\/wp-json\/wp\/v2\/posts\/3659\/revisions"}],"predecessor-version":[{"id":3661,"href":"https:\/\/blogs.santosochoa.es\/logrono\/wp-json\/wp\/v2\/posts\/3659\/revisions\/3661"}],"wp:featuredmedia":[{"embeddable":true,"href":"https:\/\/blogs.santosochoa.es\/logrono\/wp-json\/wp\/v2\/media\/3640"}],"wp:attachment":[{"href":"https:\/\/blogs.santosochoa.es\/logrono\/wp-json\/wp\/v2\/media?parent=3659"}],"wp:term":[{"taxonomy":"category","embeddable":true,"href":"https:\/\/blogs.santosochoa.es\/logrono\/wp-json\/wp\/v2\/categories?post=3659"},{"taxonomy":"post_tag","embeddable":true,"href":"https:\/\/blogs.santosochoa.es\/logrono\/wp-json\/wp\/v2\/tags?post=3659"}],"curies":[{"name":"wp","href":"https:\/\/api.w.org\/{rel}","templated":true}]}}