{"id":3534,"date":"2022-11-23T12:57:09","date_gmt":"2022-11-23T11:57:09","guid":{"rendered":"https:\/\/blogs.santosochoa.es\/logrono\/?p=3534"},"modified":"2022-11-23T12:57:11","modified_gmt":"2022-11-23T11:57:11","slug":"sumilleres-ivan-sanchez-moises-orta-raul-bonafaux-futbolisimos","status":"publish","type":"post","link":"https:\/\/blogs.santosochoa.es\/logrono\/sumilleres-ivan-sanchez-moises-orta-raul-bonafaux-futbolisimos\/","title":{"rendered":"Asociaci\u00f3n de Sumilleres, Iv\u00e1n S\u00e1nchez, Mois\u00e9s Orta y Ra\u00fal Bonafaux, Futbol\u00edsimos"},"content":{"rendered":"\n<h2 class=\"wp-block-heading\"><strong>La Asociaci\u00f3n Cultural Sumilleres de La Rioja presenta el libro <em>Carta de vinos en tiempos de pandemia<\/em><\/strong><\/h2>\n\n\n\n<h3 class=\"wp-block-heading\"><strong>Lunes 28 de noviembre<\/strong><strong>, a las 19:30 h.<\/strong><\/h3>\n\n\n\n<h4 class=\"wp-block-heading\">Espacio Santos Ochoa. Calvo Sotelo, 19, Logro\u00f1o<\/h4>\n\n\n\n<p><strong><em>Tambi\u00e9n en YouTube:<\/em><\/strong> <a href=\"https:\/\/www.youtube.com\/c\/SantosOchoaLibros\" target=\"_blank\" rel=\"noreferrer noopener\">youtube.com\/c\/SantosOchoaLibros<\/a><\/p>\n\n\n\n<div class=\"wp-block-image\"><figure class=\"alignleft size-large is-resized\"><a href=\"https:\/\/www.santosochoa.es\/a\/9788493710842\/carta-de-vinos-en-tiempos-de-pandemia\" target=\"_blank\" rel=\"noopener noreferrer\"><img decoding=\"async\" src=\"https:\/\/blogs.santosochoa.es\/logrono\/wp-content\/uploads\/sites\/2\/2022\/10\/carta-de-vinos-en-tiempos-de-pandemia.jpg\" alt=\"\" class=\"wp-image-3480\" width=\"300\" srcset=\"https:\/\/blogs.santosochoa.es\/logrono\/wp-content\/uploads\/sites\/2\/2022\/10\/carta-de-vinos-en-tiempos-de-pandemia.jpg 591w, https:\/\/blogs.santosochoa.es\/logrono\/wp-content\/uploads\/sites\/2\/2022\/10\/carta-de-vinos-en-tiempos-de-pandemia-216x300.jpg 216w\" sizes=\"(max-width: 591px) 100vw, 591px\" \/><\/a><\/figure><\/div>\n\n\n\n<p>Presentan <strong>Jos\u00e9 F\u00e9lix Paniego<\/strong>, sumiller del Echaurren y Presidente de la Asociaci\u00f3n Cultural Sumilleres Rioja, y el <strong>Dr. Jos\u00e9 Antonio Oteo<\/strong>, autor del pr\u00f3logo y jefe de Enfermedades Infecciosas del Hospital San Pedro.<\/p>\n\n\n\n<h5 class=\"wp-block-heading\"><strong>El libro \u2018Carta de Vinos en Tiempos de Pandemia\u2019, editado por la Asociaci\u00f3n Cultural de Sumilleres de La Rioja, refleja el car\u00e1cter tan personal y humano que inspir\u00f3 la creaci\u00f3n del \u2018Premio 50 Riojas con Coraz\u00f3n\u2019 con el que la Asociaci\u00f3n reconoci\u00f3 al investigador Luis Enjuanes su trabajo para descubrir una vacuna eficaz contra el coronavirus. \u201cLo mejor de esta tierra no es el vino, sino sus gentes -asegur\u00f3 al recoger el Premio en Logro\u00f1o-, gente hospitalaria y amable, siempre acogedora y con esa capacidad de hacer cosas en com\u00fan, tan dif\u00edcil de encontrar en otros lugares\u201d.<\/strong><\/h5>\n\n\n\n<p>Esta carta de vinos escrita por los sumilleres de la Rioja, habla de suelos, paisaje, vi\u00f1edos y gentes del vino. Recoge tambi\u00e9n mensajes de colaboradores muy especiales, que deben entrar en nuestro coraz\u00f3n y recorrer nuestro terru\u00f1o como personas. Los textos expresan de forma breve la particular reflexi\u00f3n de medio centenar de comunicadores, investigadores, bodegueros, viticultores, pol\u00edticos, artistas\u2026, sobre el impacto de la pandemia en la sociedad y lo que representa para \u00e9sta el trabajo de Luis Enjuanes y su equipo de investigadores.<\/p>\n\n\n\n<blockquote class=\"wp-block-quote is-layout-flow wp-block-quote-is-layout-flow\"><p><strong>La lectura de estos testimonios nos sumerge de lleno en esa esfera de los sentimientos y el pensamiento solidario. Si estos principios se pudieran convertir en alg\u00fan momento en gu\u00eda de la convivencia, a buen seguro estar\u00edamos construyendo, entre todos, un mundo mejor.<\/strong><\/p><\/blockquote>\n\n\n\n<p>El libro incorpora un cap\u00edtulo con textos sobre la historia, viticultura y caracter\u00edsticas generales de la DOCa Rioja, ilustrados con fotograf\u00edas del banco de im\u00e1genes del Consejo Regulador de la DOCa Rioja, que ha colaborado en el patrocinio de la edici\u00f3n del libro junto a la Consejer\u00eda de Turismo del Gobierno de La Rioja y el Ayuntamiento de Logro\u00f1o.<\/p>\n\n\n\n<div style=\"height:50px\" aria-hidden=\"true\" class=\"wp-block-spacer\"><\/div>\n\n\n\n<h2 class=\"wp-block-heading\"><strong>El actor Iv\u00e1n S\u00e1nchez Zapardiel presenta <em>Sue\u00f1o<\/em>. Una novela intimista y reflexiva sobre las relaciones y las distintas etapas del amor<\/strong><\/h2>\n\n\n\n<h3 class=\"wp-block-heading\"><strong>Mi\u00e9rcoles 30 de noviembre<\/strong><strong>, a las 19:30 h.<\/strong><\/h3>\n\n\n\n<h4 class=\"wp-block-heading\">Espacio Santos Ochoa. Calvo Sotelo, 19, Logro\u00f1o<\/h4>\n\n\n\n<p><strong><em>Tambi\u00e9n en YouTube:<\/em><\/strong> <a href=\"https:\/\/www.youtube.com\/c\/SantosOchoaLibros\" target=\"_blank\" rel=\"noreferrer noopener\">youtube.com\/c\/SantosOchoaLibros<\/a><\/p>\n\n\n\n<div class=\"wp-block-image\"><figure class=\"alignright size-large is-resized\"><a href=\"https:\/\/www.santosochoa.es\/libros\/sanchez-zapardiel-ivan_sueno_9788408263432\" target=\"_blank\" rel=\"noopener noreferrer\"><img decoding=\"async\" src=\"https:\/\/blogs.santosochoa.es\/logrono\/wp-content\/uploads\/sites\/2\/2022\/10\/sueNo_ivan-sanchez-zapardiel.jpg\" alt=\"\" class=\"wp-image-3482\" width=\"300\" srcset=\"https:\/\/blogs.santosochoa.es\/logrono\/wp-content\/uploads\/sites\/2\/2022\/10\/sueNo_ivan-sanchez-zapardiel.jpg 591w, https:\/\/blogs.santosochoa.es\/logrono\/wp-content\/uploads\/sites\/2\/2022\/10\/sueNo_ivan-sanchez-zapardiel-197x300.jpg 197w\" sizes=\"(max-width: 591px) 100vw, 591px\" \/><\/a><\/figure><\/div>\n\n\n\n<p><strong>A veces, la verdadera naturaleza del amor se manifiesta solo a trav\u00e9s de los sue\u00f1os.<\/strong><\/p>\n\n\n\n<h5 class=\"wp-block-heading\"><strong>Mientras un hombre misterioso no puede despertar de un terrible sue\u00f1o en el que inquietantes escenas de desamor se van solapando, la hermosa Sof\u00eda viaja a un enclave paradisiaco para intentar resolver las dudas que pesan sobre su relaci\u00f3n tras m\u00e1s de una d\u00e9cada junto a su pareja. Sus largos paseos por la isla y un fascinante hombre llamado Alexandro le har\u00e1n revivir sensaciones hace tiempo olvidadas y replantearse en qu\u00e9 consiste el amor y las razones que la han llevado hasta all\u00ed.<\/strong><\/h5>\n\n\n\n<p>Entretanto, la joven Danae, disgustada por tener que pasar las vacaciones alejada de su mejor amiga, descubre lo que significa que, por primera vez, se te desboque el coraz\u00f3n.<\/p>\n\n\n\n<blockquote class=\"wp-block-quote is-layout-flow wp-block-quote-is-layout-flow\"><p><strong>Una novela intimista y reflexiva, a veces desgarradora, otras ilusionante y evocadora, sobre la naturaleza de las relaciones de pareja y las distintas etapas del amor.<\/strong><\/p><\/blockquote>\n\n\n\n<p><strong>Iv\u00e1n S\u00e1nchez Zapardiel<\/strong> (Madrid, 1974) siempre supo que su gran ilusi\u00f3n era viajar por todo el mundo y con tan solo dieciocho a\u00f1os comenz\u00f3 a hacerlo gracias a la moda, desfilando en algunas de las pasarelas m\u00e1s importantes y famosas del mundo. En el 2000 dio el salto al mundo de la interpretaci\u00f3n, trabajando en series de gran \u00e9xito como&nbsp;<em>Periodistas, El comisario, Con dos tacones, El aut\u00e9ntico Rodrigo Leal<\/em>, pero su gran oportunidad llegar\u00eda un a\u00f1o despu\u00e9s en la serie&nbsp;<em>Hospital Central,<\/em>&nbsp;como m\u00e9dico del Samur.<\/p>\n\n\n\n<p>En 2010 la serie hispano-estadounidense\u00a0<em>La Reina del Sur<\/em>\u00a0le lleva a trabajar intensamente en Am\u00e9rica abri\u00e9ndole un mercado importante. En 2017 protagoniza en Espa\u00f1a el musical\u00a0<em>El Guardaespaldas<\/em>\u00a0en el Teatro Coliseum de Madrid, lo que supuso un \u00e9xito de taquilla. Estrena en Netflix la serie\u00a0<em>No te puedes esconder\u00a0<\/em>en 2019 y pasa en 2021 por MasterChef Celebrity. Estrenar\u00e1 la serie biogr\u00e1fica\u00a0<em>Bos\u00e9<\/em>\u00a0para Paramount+ este 2022. Ha producido teatro y cine, tanto en Espa\u00f1a como en Latinoam\u00e9rica, y esta es su primera novela.<\/p>\n\n\n\n<div style=\"height:50px\" aria-hidden=\"true\" class=\"wp-block-spacer\"><\/div>\n\n\n\n<h2 class=\"wp-block-heading\"><strong>Mois\u00e9s Orta y Ra\u00fal Bonafaux presentan la novela infantil <em>Carl, una aventura calcetinesca<\/em><\/strong><\/h2>\n\n\n\n<h3 class=\"wp-block-heading\"><strong>Jueves 1 de diciembre<\/strong><strong>, a las 18:00 h.<\/strong><\/h3>\n\n\n\n<h4 class=\"wp-block-heading\">Espacio Santos Ochoa. Calvo Sotelo, 19, Logro\u00f1o<\/h4>\n\n\n\n<p><strong><em>Tambi\u00e9n en YouTube:<\/em><\/strong> <a href=\"https:\/\/www.youtube.com\/c\/SantosOchoaLibros\" target=\"_blank\" rel=\"noreferrer noopener\">youtube.com\/c\/SantosOchoaLibros<\/a><\/p>\n\n\n\n<div class=\"wp-block-image\"><figure class=\"alignleft size-large is-resized\"><a href=\"https:\/\/www.santosochoa.es\/libros\/bonafaux-raul-orta-angos-moises_carl-una-aventura-calcetinesca_9788419454409\" target=\"_blank\" rel=\"noopener noreferrer\"><img decoding=\"async\" src=\"https:\/\/blogs.santosochoa.es\/logrono\/wp-content\/uploads\/sites\/2\/2022\/10\/carl-una-aventura-calcetinesca.jpg\" alt=\"\" class=\"wp-image-3484\" width=\"300\" srcset=\"https:\/\/blogs.santosochoa.es\/logrono\/wp-content\/uploads\/sites\/2\/2022\/10\/carl-una-aventura-calcetinesca.jpg 591w, https:\/\/blogs.santosochoa.es\/logrono\/wp-content\/uploads\/sites\/2\/2022\/10\/carl-una-aventura-calcetinesca-215x300.jpg 215w\" sizes=\"(max-width: 591px) 100vw, 591px\" \/><\/a><\/figure><\/div>\n\n\n\n<h5 class=\"wp-block-heading\"><strong>Carl era un calcet\u00edn amante de la rutina y con una peculiaridad al hablar, pues a todas las palabras que ten\u00edan la s\u00edlaba \u00abcal\u00bb, \u00e9l las pronunciaba \u00abcarl\u00bb. \u00abP\u00e1same la carltera\u00bb, \u00abSin suavizante me siento acarltonado\u00bb, \u00ab\u00a1Qu\u00e9 carlor hace aqu\u00ed!\u00bb. Sus compa\u00f1eros de armario se burlaban de \u00e9l y ni siquiera su hermano gemelo lo defend\u00eda. Afortunadamente, siempre pod\u00eda contar con Zoncillos, un enorme gayumbo color crema y algo miedica.<\/strong><\/h5>\n\n\n\n<p>Las coladas se suced\u00edan, hasta que una salvaje ventisca lo cambi\u00f3 todo. Ni Zonci pudo salvarlo de su fat\u00eddico destino. En ese mismo instante, comienza su aventura y la del resto de personajes: un sargento cacahuete, Pili la pila, do\u00f1a Braga, la camiseta interior del abuelo, e incluso un gato rabioso y malhumorado.<\/p>\n\n\n\n<p>Una historia repleta de humor, acci\u00f3n, infinidad de disparates y alg\u00fan que otro romance, que llevar\u00e1n a nuestros protagonistas a superar sus propias barreras y a descubrir lo que realmente quieren ser.<\/p>\n\n\n\n<blockquote class=\"wp-block-quote is-layout-flow wp-block-quote-is-layout-flow\"><p><strong>A trav\u00e9s de esta obra, descubriremos la importancia y el valore de la amistad, el respeto por los dem\u00e1s y la b\u00fasqueda de la libertad a trav\u00e9s del esfuerzo y el trabajo en equipo.<\/strong><\/p><\/blockquote>\n\n\n\n<p><em>Lectura recomendada a partir de 10 a\u00f1os.<\/em><\/p>\n\n\n\n<p><strong>Mois\u00e9s Orta y Ra\u00fal Bonafaux<\/strong>, trabaron amistad en su \u00e9poca universitaria, diplom\u00e1ndose en Magisterio por la Universidad de La Rioja, trabajando como maestros hasta el d\u00eda de hoy. Mois\u00e9s cultiv\u00f3 desde peque\u00f1o su afici\u00f3n por la escritura, imaginando personajes, historias y di\u00e1logos frente a la pantalla de su primer ordenador, mientras que Ra\u00fal desarroll\u00f3 su amor por el cine y la escritura estudiando Cinematograf\u00eda y Artes Visuales en la Universidad de Le\u00f3n. La pasi\u00f3n por la m\u00fasica, la literatura y el humor ha mantenido durante muchos a\u00f1os esta amistad. <em>Carl, una aventura calcetinesca<\/em> es su primera incursi\u00f3n en la literatura infantil. Un sue\u00f1o cumplido&#8230;<\/p>\n\n\n\n<div style=\"height:50px\" aria-hidden=\"true\" class=\"wp-block-spacer\"><\/div>\n\n\n\n<h2 class=\"wp-block-heading\"><strong>Juega una partida de Futbol\u00edsimos con los creadores del juego y las nuevas cartas de La Roja<\/strong><\/h2>\n\n\n\n<h3 class=\"wp-block-heading\"><strong>S\u00e1bado 3 de diciembre. De 18:00 a 20:00 h.<\/strong><\/h3>\n\n\n\n<h4 class=\"wp-block-heading\">Espacio Santos Ochoa. Calvo Sotelo, 19, Logro\u00f1o<\/h4>\n\n\n\n<p><strong>Edad:<\/strong> a partir de 7 a\u00f1os. <strong>Duraci\u00f3n:<\/strong> 30 minutos<\/p>\n\n\n\n<div class=\"wp-block-image\"><figure class=\"alignright size-large is-resized\"><img decoding=\"async\" src=\"https:\/\/blogs.santosochoa.es\/logrono\/wp-content\/uploads\/sites\/2\/2022\/10\/futbolisimos-con-la-roja.jpg\" alt=\"\" class=\"wp-image-3486\" width=\"300\" srcset=\"https:\/\/blogs.santosochoa.es\/logrono\/wp-content\/uploads\/sites\/2\/2022\/10\/futbolisimos-con-la-roja.jpg 591w, https:\/\/blogs.santosochoa.es\/logrono\/wp-content\/uploads\/sites\/2\/2022\/10\/futbolisimos-con-la-roja-229x300.jpg 229w\" sizes=\"(max-width: 591px) 100vw, 591px\" \/><\/figure><\/div>\n\n\n\n<h5 class=\"wp-block-heading\"><strong>Los creadores de Futbol\u00edsimos te invitan a una partida con especialistas que nos ense\u00f1ar\u00e1n las reglas, trucos, estrategias\u2026 todo lo necesario para aprender a jugar y divertirnos con este exitoso juego de cartas y con la nueva extensi\u00f3n <em>Los Futbol\u00edsimos con La Roja<\/em>.<\/strong><\/h5>\n\n\n\n<p>Esta vez, los conocidos personajes de la famosa colecci\u00f3n de libros de SM, estrenan camiseta para hacer frente al gran torneo. Toda la diversi\u00f3n de Los Futbol\u00edsimos.Campo4 y ahora nuevas cartas para a\u00f1adir a tu juego. Tendr\u00e1s que jug\u00e1rtela a penaltis, tener cuidado con los fuera de juego y sobre todo prestar mucha atenci\u00f3n a la afici\u00f3n para no ser el \u00faltimo en animar.<\/p>\n\n\n\n<blockquote class=\"wp-block-quote is-layout-flow wp-block-quote-is-layout-flow\"><p><strong>Las mesas est\u00e1n preparadas, las cartas tambi\u00e9n. Se puede venir en grupo o individual, cada cual a su gusto. El autor del juego, David de Juan, nos acompa\u00f1ar\u00e1 en las partidas y dedicando el juego a quien lo desee.<\/strong><\/p><\/blockquote>\n\n\n\n<p>Pero esto no acaba aqu\u00ed, todos los participantes entrar\u00e1n en el sorteo de productos oficiales de Los Futbol\u00edsimos. \u00a1\u00a1\u00a1Te esperamos!!!<\/p>\n","protected":false},"excerpt":{"rendered":"<p>Carta de vinos en tiempos de pandemia. Sue\u00f1o. Carl, una aventura calcetinesca. Futbol\u00edsimos con La Roja.<\/p>\n","protected":false},"author":4,"featured_media":3482,"comment_status":"closed","ping_status":"closed","sticky":false,"template":"","format":"standard","meta":{"footnotes":""},"categories":[18,29,12,13],"tags":[],"class_list":["post-3534","post","type-post","status-publish","format-standard","has-post-thumbnail","hentry","category-taller-infantil","category-juvenil","category-libros","category-libros-do-rioja"],"yoast_head":"<!-- This site is optimized with the Yoast SEO plugin v27.2 - https:\/\/yoast.com\/product\/yoast-seo-wordpress\/ -->\n<title>Asociaci\u00f3n de Sumilleres, Iv\u00e1n S\u00e1nchez, Mois\u00e9s Orta y Ra\u00fal Bonafaux, Futbol\u00edsimos - Santos Ochoa Logro\u00f1o<\/title>\n<meta name=\"description\" content=\"Carta de vinos en tiempos de pandemia. Sue\u00f1o. Carl, una aventura calcetinesca. Futbol\u00edsimos con La Roja.\" \/>\n<meta name=\"robots\" content=\"index, follow, max-snippet:-1, max-image-preview:large, max-video-preview:-1\" \/>\n<link rel=\"canonical\" href=\"https:\/\/blogs.santosochoa.es\/logrono\/sumilleres-ivan-sanchez-moises-orta-raul-bonafaux-futbolisimos\/\" \/>\n<meta property=\"og:locale\" content=\"es_ES\" \/>\n<meta property=\"og:type\" content=\"article\" \/>\n<meta property=\"og:title\" content=\"Asociaci\u00f3n de Sumilleres, Iv\u00e1n S\u00e1nchez, Mois\u00e9s Orta y Ra\u00fal Bonafaux, Futbol\u00edsimos - Santos Ochoa Logro\u00f1o\" \/>\n<meta property=\"og:description\" content=\"Carta de vinos en tiempos de pandemia. Sue\u00f1o. Carl, una aventura calcetinesca. Futbol\u00edsimos con La Roja.\" \/>\n<meta property=\"og:url\" content=\"https:\/\/blogs.santosochoa.es\/logrono\/sumilleres-ivan-sanchez-moises-orta-raul-bonafaux-futbolisimos\/\" \/>\n<meta property=\"og:site_name\" content=\"Santos Ochoa Logro\u00f1o\" \/>\n<meta property=\"article:author\" content=\"https:\/\/www.facebook.com\/santosochoalog\" \/>\n<meta property=\"article:published_time\" content=\"2022-11-23T11:57:09+00:00\" \/>\n<meta property=\"article:modified_time\" content=\"2022-11-23T11:57:11+00:00\" \/>\n<meta property=\"og:image\" content=\"https:\/\/blogs.santosochoa.es\/logrono\/wp-content\/uploads\/sites\/2\/2022\/10\/sueNo_ivan-sanchez-zapardiel.jpg\" \/>\n\t<meta property=\"og:image:width\" content=\"591\" \/>\n\t<meta property=\"og:image:height\" content=\"900\" \/>\n\t<meta property=\"og:image:type\" content=\"image\/jpeg\" \/>\n<meta name=\"author\" content=\"Santos Ochoa Logro\u00f1o\" \/>\n<meta name=\"twitter:card\" content=\"summary_large_image\" \/>\n<meta name=\"twitter:creator\" content=\"@santosochoalog\" \/>\n<meta name=\"twitter:label1\" content=\"Written by\" \/>\n\t<meta name=\"twitter:data1\" content=\"Santos Ochoa Logro\u00f1o\" \/>\n\t<meta name=\"twitter:label2\" content=\"Est. reading time\" \/>\n\t<meta name=\"twitter:data2\" content=\"7 minutos\" \/>\n<script type=\"application\/ld+json\" class=\"yoast-schema-graph\">{\"@context\":\"https:\/\/schema.org\",\"@graph\":[{\"@type\":\"Article\",\"@id\":\"https:\/\/blogs.santosochoa.es\/logrono\/sumilleres-ivan-sanchez-moises-orta-raul-bonafaux-futbolisimos\/#article\",\"isPartOf\":{\"@id\":\"https:\/\/blogs.santosochoa.es\/logrono\/sumilleres-ivan-sanchez-moises-orta-raul-bonafaux-futbolisimos\/\"},\"author\":{\"name\":\"Santos Ochoa Logro\u00f1o\",\"@id\":\"https:\/\/blogs.santosochoa.es\/logrono\/#\/schema\/person\/103664eb8c60fbeea1880c704687c2e3\"},\"headline\":\"Asociaci\u00f3n de Sumilleres, Iv\u00e1n S\u00e1nchez, Mois\u00e9s Orta y Ra\u00fal Bonafaux, Futbol\u00edsimos\",\"datePublished\":\"2022-11-23T11:57:09+00:00\",\"dateModified\":\"2022-11-23T11:57:11+00:00\",\"mainEntityOfPage\":{\"@id\":\"https:\/\/blogs.santosochoa.es\/logrono\/sumilleres-ivan-sanchez-moises-orta-raul-bonafaux-futbolisimos\/\"},\"wordCount\":1386,\"image\":{\"@id\":\"https:\/\/blogs.santosochoa.es\/logrono\/sumilleres-ivan-sanchez-moises-orta-raul-bonafaux-futbolisimos\/#primaryimage\"},\"thumbnailUrl\":\"https:\/\/blogs.santosochoa.es\/logrono\/wp-content\/uploads\/sites\/2\/2022\/10\/sueNo_ivan-sanchez-zapardiel.jpg\",\"articleSection\":[\"infantil\",\"juvenil\",\"libros\",\"libros do rioja\"],\"inLanguage\":\"es\"},{\"@type\":\"WebPage\",\"@id\":\"https:\/\/blogs.santosochoa.es\/logrono\/sumilleres-ivan-sanchez-moises-orta-raul-bonafaux-futbolisimos\/\",\"url\":\"https:\/\/blogs.santosochoa.es\/logrono\/sumilleres-ivan-sanchez-moises-orta-raul-bonafaux-futbolisimos\/\",\"name\":\"Asociaci\u00f3n de Sumilleres, Iv\u00e1n S\u00e1nchez, Mois\u00e9s Orta y Ra\u00fal Bonafaux, Futbol\u00edsimos - Santos Ochoa Logro\u00f1o\",\"isPartOf\":{\"@id\":\"https:\/\/blogs.santosochoa.es\/logrono\/#website\"},\"primaryImageOfPage\":{\"@id\":\"https:\/\/blogs.santosochoa.es\/logrono\/sumilleres-ivan-sanchez-moises-orta-raul-bonafaux-futbolisimos\/#primaryimage\"},\"image\":{\"@id\":\"https:\/\/blogs.santosochoa.es\/logrono\/sumilleres-ivan-sanchez-moises-orta-raul-bonafaux-futbolisimos\/#primaryimage\"},\"thumbnailUrl\":\"https:\/\/blogs.santosochoa.es\/logrono\/wp-content\/uploads\/sites\/2\/2022\/10\/sueNo_ivan-sanchez-zapardiel.jpg\",\"datePublished\":\"2022-11-23T11:57:09+00:00\",\"dateModified\":\"2022-11-23T11:57:11+00:00\",\"author\":{\"@id\":\"https:\/\/blogs.santosochoa.es\/logrono\/#\/schema\/person\/103664eb8c60fbeea1880c704687c2e3\"},\"description\":\"Carta de vinos en tiempos de pandemia. Sue\u00f1o. Carl, una aventura calcetinesca. Futbol\u00edsimos con La Roja.\",\"breadcrumb\":{\"@id\":\"https:\/\/blogs.santosochoa.es\/logrono\/sumilleres-ivan-sanchez-moises-orta-raul-bonafaux-futbolisimos\/#breadcrumb\"},\"inLanguage\":\"es\",\"potentialAction\":[{\"@type\":\"ReadAction\",\"target\":[\"https:\/\/blogs.santosochoa.es\/logrono\/sumilleres-ivan-sanchez-moises-orta-raul-bonafaux-futbolisimos\/\"]}]},{\"@type\":\"ImageObject\",\"inLanguage\":\"es\",\"@id\":\"https:\/\/blogs.santosochoa.es\/logrono\/sumilleres-ivan-sanchez-moises-orta-raul-bonafaux-futbolisimos\/#primaryimage\",\"url\":\"https:\/\/blogs.santosochoa.es\/logrono\/wp-content\/uploads\/sites\/2\/2022\/10\/sueNo_ivan-sanchez-zapardiel.jpg\",\"contentUrl\":\"https:\/\/blogs.santosochoa.es\/logrono\/wp-content\/uploads\/sites\/2\/2022\/10\/sueNo_ivan-sanchez-zapardiel.jpg\",\"width\":591,\"height\":900},{\"@type\":\"BreadcrumbList\",\"@id\":\"https:\/\/blogs.santosochoa.es\/logrono\/sumilleres-ivan-sanchez-moises-orta-raul-bonafaux-futbolisimos\/#breadcrumb\",\"itemListElement\":[{\"@type\":\"ListItem\",\"position\":1,\"name\":\"Home\",\"item\":\"https:\/\/blogs.santosochoa.es\/logrono\/\"},{\"@type\":\"ListItem\",\"position\":2,\"name\":\"Asociaci\u00f3n de Sumilleres, Iv\u00e1n S\u00e1nchez, Mois\u00e9s Orta y Ra\u00fal Bonafaux, Futbol\u00edsimos\"}]},{\"@type\":\"WebSite\",\"@id\":\"https:\/\/blogs.santosochoa.es\/logrono\/#website\",\"url\":\"https:\/\/blogs.santosochoa.es\/logrono\/\",\"name\":\"Santos Ochoa Logro\u00f1o\",\"description\":\"Tu Librer\u00eda Online\",\"potentialAction\":[{\"@type\":\"SearchAction\",\"target\":{\"@type\":\"EntryPoint\",\"urlTemplate\":\"https:\/\/blogs.santosochoa.es\/logrono\/?s={search_term_string}\"},\"query-input\":{\"@type\":\"PropertyValueSpecification\",\"valueRequired\":true,\"valueName\":\"search_term_string\"}}],\"inLanguage\":\"es\"},{\"@type\":\"Person\",\"@id\":\"https:\/\/blogs.santosochoa.es\/logrono\/#\/schema\/person\/103664eb8c60fbeea1880c704687c2e3\",\"name\":\"Santos Ochoa Logro\u00f1o\",\"sameAs\":[\"http:\/\/santosochoa.es\",\"https:\/\/www.facebook.com\/santosochoalog\",\"https:\/\/www.instagram.com\/santosochoalog\/\",\"https:\/\/x.com\/santosochoalog\",\"https:\/\/www.youtube.com\/c\/SantosOchoaLibros\"]}]}<\/script>\n<!-- \/ Yoast SEO plugin. -->","yoast_head_json":{"title":"Asociaci\u00f3n de Sumilleres, Iv\u00e1n S\u00e1nchez, Mois\u00e9s Orta y Ra\u00fal Bonafaux, Futbol\u00edsimos - Santos Ochoa Logro\u00f1o","description":"Carta de vinos en tiempos de pandemia. Sue\u00f1o. Carl, una aventura calcetinesca. Futbol\u00edsimos con La Roja.","robots":{"index":"index","follow":"follow","max-snippet":"max-snippet:-1","max-image-preview":"max-image-preview:large","max-video-preview":"max-video-preview:-1"},"canonical":"https:\/\/blogs.santosochoa.es\/logrono\/sumilleres-ivan-sanchez-moises-orta-raul-bonafaux-futbolisimos\/","og_locale":"es_ES","og_type":"article","og_title":"Asociaci\u00f3n de Sumilleres, Iv\u00e1n S\u00e1nchez, Mois\u00e9s Orta y Ra\u00fal Bonafaux, Futbol\u00edsimos - Santos Ochoa Logro\u00f1o","og_description":"Carta de vinos en tiempos de pandemia. Sue\u00f1o. Carl, una aventura calcetinesca. Futbol\u00edsimos con La Roja.","og_url":"https:\/\/blogs.santosochoa.es\/logrono\/sumilleres-ivan-sanchez-moises-orta-raul-bonafaux-futbolisimos\/","og_site_name":"Santos Ochoa Logro\u00f1o","article_author":"https:\/\/www.facebook.com\/santosochoalog","article_published_time":"2022-11-23T11:57:09+00:00","article_modified_time":"2022-11-23T11:57:11+00:00","og_image":[{"width":591,"height":900,"url":"https:\/\/blogs.santosochoa.es\/logrono\/wp-content\/uploads\/sites\/2\/2022\/10\/sueNo_ivan-sanchez-zapardiel.jpg","type":"image\/jpeg"}],"author":"Santos Ochoa Logro\u00f1o","twitter_card":"summary_large_image","twitter_creator":"@santosochoalog","twitter_misc":{"Written by":"Santos Ochoa Logro\u00f1o","Est. reading time":"7 minutos"},"schema":{"@context":"https:\/\/schema.org","@graph":[{"@type":"Article","@id":"https:\/\/blogs.santosochoa.es\/logrono\/sumilleres-ivan-sanchez-moises-orta-raul-bonafaux-futbolisimos\/#article","isPartOf":{"@id":"https:\/\/blogs.santosochoa.es\/logrono\/sumilleres-ivan-sanchez-moises-orta-raul-bonafaux-futbolisimos\/"},"author":{"name":"Santos Ochoa Logro\u00f1o","@id":"https:\/\/blogs.santosochoa.es\/logrono\/#\/schema\/person\/103664eb8c60fbeea1880c704687c2e3"},"headline":"Asociaci\u00f3n de Sumilleres, Iv\u00e1n S\u00e1nchez, Mois\u00e9s Orta y Ra\u00fal Bonafaux, Futbol\u00edsimos","datePublished":"2022-11-23T11:57:09+00:00","dateModified":"2022-11-23T11:57:11+00:00","mainEntityOfPage":{"@id":"https:\/\/blogs.santosochoa.es\/logrono\/sumilleres-ivan-sanchez-moises-orta-raul-bonafaux-futbolisimos\/"},"wordCount":1386,"image":{"@id":"https:\/\/blogs.santosochoa.es\/logrono\/sumilleres-ivan-sanchez-moises-orta-raul-bonafaux-futbolisimos\/#primaryimage"},"thumbnailUrl":"https:\/\/blogs.santosochoa.es\/logrono\/wp-content\/uploads\/sites\/2\/2022\/10\/sueNo_ivan-sanchez-zapardiel.jpg","articleSection":["infantil","juvenil","libros","libros do rioja"],"inLanguage":"es"},{"@type":"WebPage","@id":"https:\/\/blogs.santosochoa.es\/logrono\/sumilleres-ivan-sanchez-moises-orta-raul-bonafaux-futbolisimos\/","url":"https:\/\/blogs.santosochoa.es\/logrono\/sumilleres-ivan-sanchez-moises-orta-raul-bonafaux-futbolisimos\/","name":"Asociaci\u00f3n de Sumilleres, Iv\u00e1n S\u00e1nchez, Mois\u00e9s Orta y Ra\u00fal Bonafaux, Futbol\u00edsimos - Santos Ochoa Logro\u00f1o","isPartOf":{"@id":"https:\/\/blogs.santosochoa.es\/logrono\/#website"},"primaryImageOfPage":{"@id":"https:\/\/blogs.santosochoa.es\/logrono\/sumilleres-ivan-sanchez-moises-orta-raul-bonafaux-futbolisimos\/#primaryimage"},"image":{"@id":"https:\/\/blogs.santosochoa.es\/logrono\/sumilleres-ivan-sanchez-moises-orta-raul-bonafaux-futbolisimos\/#primaryimage"},"thumbnailUrl":"https:\/\/blogs.santosochoa.es\/logrono\/wp-content\/uploads\/sites\/2\/2022\/10\/sueNo_ivan-sanchez-zapardiel.jpg","datePublished":"2022-11-23T11:57:09+00:00","dateModified":"2022-11-23T11:57:11+00:00","author":{"@id":"https:\/\/blogs.santosochoa.es\/logrono\/#\/schema\/person\/103664eb8c60fbeea1880c704687c2e3"},"description":"Carta de vinos en tiempos de pandemia. Sue\u00f1o. Carl, una aventura calcetinesca. Futbol\u00edsimos con La Roja.","breadcrumb":{"@id":"https:\/\/blogs.santosochoa.es\/logrono\/sumilleres-ivan-sanchez-moises-orta-raul-bonafaux-futbolisimos\/#breadcrumb"},"inLanguage":"es","potentialAction":[{"@type":"ReadAction","target":["https:\/\/blogs.santosochoa.es\/logrono\/sumilleres-ivan-sanchez-moises-orta-raul-bonafaux-futbolisimos\/"]}]},{"@type":"ImageObject","inLanguage":"es","@id":"https:\/\/blogs.santosochoa.es\/logrono\/sumilleres-ivan-sanchez-moises-orta-raul-bonafaux-futbolisimos\/#primaryimage","url":"https:\/\/blogs.santosochoa.es\/logrono\/wp-content\/uploads\/sites\/2\/2022\/10\/sueNo_ivan-sanchez-zapardiel.jpg","contentUrl":"https:\/\/blogs.santosochoa.es\/logrono\/wp-content\/uploads\/sites\/2\/2022\/10\/sueNo_ivan-sanchez-zapardiel.jpg","width":591,"height":900},{"@type":"BreadcrumbList","@id":"https:\/\/blogs.santosochoa.es\/logrono\/sumilleres-ivan-sanchez-moises-orta-raul-bonafaux-futbolisimos\/#breadcrumb","itemListElement":[{"@type":"ListItem","position":1,"name":"Home","item":"https:\/\/blogs.santosochoa.es\/logrono\/"},{"@type":"ListItem","position":2,"name":"Asociaci\u00f3n de Sumilleres, Iv\u00e1n S\u00e1nchez, Mois\u00e9s Orta y Ra\u00fal Bonafaux, Futbol\u00edsimos"}]},{"@type":"WebSite","@id":"https:\/\/blogs.santosochoa.es\/logrono\/#website","url":"https:\/\/blogs.santosochoa.es\/logrono\/","name":"Santos Ochoa Logro\u00f1o","description":"Tu Librer\u00eda Online","potentialAction":[{"@type":"SearchAction","target":{"@type":"EntryPoint","urlTemplate":"https:\/\/blogs.santosochoa.es\/logrono\/?s={search_term_string}"},"query-input":{"@type":"PropertyValueSpecification","valueRequired":true,"valueName":"search_term_string"}}],"inLanguage":"es"},{"@type":"Person","@id":"https:\/\/blogs.santosochoa.es\/logrono\/#\/schema\/person\/103664eb8c60fbeea1880c704687c2e3","name":"Santos Ochoa Logro\u00f1o","sameAs":["http:\/\/santosochoa.es","https:\/\/www.facebook.com\/santosochoalog","https:\/\/www.instagram.com\/santosochoalog\/","https:\/\/x.com\/santosochoalog","https:\/\/www.youtube.com\/c\/SantosOchoaLibros"]}]}},"_links":{"self":[{"href":"https:\/\/blogs.santosochoa.es\/logrono\/wp-json\/wp\/v2\/posts\/3534","targetHints":{"allow":["GET"]}}],"collection":[{"href":"https:\/\/blogs.santosochoa.es\/logrono\/wp-json\/wp\/v2\/posts"}],"about":[{"href":"https:\/\/blogs.santosochoa.es\/logrono\/wp-json\/wp\/v2\/types\/post"}],"author":[{"embeddable":true,"href":"https:\/\/blogs.santosochoa.es\/logrono\/wp-json\/wp\/v2\/users\/4"}],"replies":[{"embeddable":true,"href":"https:\/\/blogs.santosochoa.es\/logrono\/wp-json\/wp\/v2\/comments?post=3534"}],"version-history":[{"count":4,"href":"https:\/\/blogs.santosochoa.es\/logrono\/wp-json\/wp\/v2\/posts\/3534\/revisions"}],"predecessor-version":[{"id":3538,"href":"https:\/\/blogs.santosochoa.es\/logrono\/wp-json\/wp\/v2\/posts\/3534\/revisions\/3538"}],"wp:featuredmedia":[{"embeddable":true,"href":"https:\/\/blogs.santosochoa.es\/logrono\/wp-json\/wp\/v2\/media\/3482"}],"wp:attachment":[{"href":"https:\/\/blogs.santosochoa.es\/logrono\/wp-json\/wp\/v2\/media?parent=3534"}],"wp:term":[{"taxonomy":"category","embeddable":true,"href":"https:\/\/blogs.santosochoa.es\/logrono\/wp-json\/wp\/v2\/categories?post=3534"},{"taxonomy":"post_tag","embeddable":true,"href":"https:\/\/blogs.santosochoa.es\/logrono\/wp-json\/wp\/v2\/tags?post=3534"}],"curies":[{"name":"wp","href":"https:\/\/api.w.org\/{rel}","templated":true}]}}