{"id":3524,"date":"2022-11-17T10:08:53","date_gmt":"2022-11-17T09:08:53","guid":{"rendered":"https:\/\/blogs.santosochoa.es\/logrono\/?p=3524"},"modified":"2022-11-21T11:01:43","modified_gmt":"2022-11-21T10:01:43","slug":"umar-cabezon-jara-lopez-cuentos","status":"publish","type":"post","link":"https:\/\/blogs.santosochoa.es\/logrono\/umar-cabezon-jara-lopez-cuentos\/","title":{"rendered":"Ousman Umar, Enrique Cabez\u00f3n, Pedro Jara y Ana Bel\u00e9n L\u00f3pez, Cuentos Infinitos"},"content":{"rendered":"\n<h2 class=\"wp-block-heading\"><strong>Conferencia de Ousman Umar: <em>Una historia que cambia vidas<\/em>. Resiliencia, superaci\u00f3n, adaptaci\u00f3n al cambio\u2026<\/strong><\/h2>\n\n\n\n<h3 class=\"wp-block-heading\"><strong>Lunes 21 de noviembre<\/strong><strong>, a las 19:30 h.<\/strong><\/h3>\n\n\n\n<h4 class=\"wp-block-heading\">Espacio Santos Ochoa. Calvo Sotelo, 19, Logro\u00f1o<\/h4>\n\n\n\n<p>Organizado por la <strong>Asociaci\u00f3n Riojana de la Empresa Familiar<\/strong> y patrocinado por <strong>La Caixa<\/strong>.<\/p>\n\n\n\n<div class=\"wp-block-image\"><figure class=\"alignleft size-large is-resized\"><a href=\"https:\/\/www.santosochoa.es\/buscar\/form?data=ousman+umar&amp;_token=9z5SnMvweEc8BF4rWZHMG16jxQIYRMPWnp9S6rMN\" target=\"_blank\" rel=\"noopener noreferrer\"><img decoding=\"async\" src=\"https:\/\/blogs.santosochoa.es\/logrono\/wp-content\/uploads\/sites\/2\/2022\/11\/ousman-umar.jpg\" alt=\"\" class=\"wp-image-3513\" width=\"300\" srcset=\"https:\/\/blogs.santosochoa.es\/logrono\/wp-content\/uploads\/sites\/2\/2022\/11\/ousman-umar.jpg 626w, https:\/\/blogs.santosochoa.es\/logrono\/wp-content\/uploads\/sites\/2\/2022\/11\/ousman-umar-300x300.jpg 300w, https:\/\/blogs.santosochoa.es\/logrono\/wp-content\/uploads\/sites\/2\/2022\/11\/ousman-umar-150x150.jpg 150w\" sizes=\"(max-width: 626px) 100vw, 626px\" \/><\/a><\/figure><\/div>\n\n\n\n<h5 class=\"wp-block-heading\"><strong>A trav\u00e9s de su historia personal, Ousman Umar nos ofrece una conferencia, que promueve e inspira valores fundamentales como la resiliencia, la capacidad de superaci\u00f3n y de adaptaci\u00f3n a los cambios, y que consigue que los asistentes salgan inspirados y con la convicci\u00f3n de que pueden conseguir cualquier reto que se propongan.<\/strong><\/h5>\n\n\n\n<p><em>\u00abLa primera noche que dorm\u00ed en la casa de la familia que me acogi\u00f3, pese a las comodidades y el confort, me puse a llorar como un ni\u00f1o. \u00bfPor qu\u00e9 hab\u00eda sufrido tanto? \u00bfPor qu\u00e9 tanta lucha? \u00bfQu\u00e9 hab\u00eda hecho mal? Ahora, necesito contar esta historia, hasta que no haya m\u00e1s historias como esta que contar.\u00bb<\/em><\/p>\n\n\n\n<p><strong>Ousman Umar<\/strong> naci\u00f3 en Ghana. A los trece a\u00f1os emprendi\u00f3 un viaje a Europa para conseguir un futuro mejor. Cuatro a\u00f1os despu\u00e9s, tras cruzar el S\u00e1hara a pie y el mar en patera, y tras haber visto morir a la mayor\u00eda de sus compa\u00f1eros de viaje, lleg\u00f3 a Espa\u00f1a. Tras varios meses durmiendo en la calle, una familia lo acogi\u00f3.<\/p>\n\n\n\n<p>A partir de ese momento comenz\u00f3 sus estudios, aprendi\u00f3 ingl\u00e9s, espa\u00f1ol y catal\u00e1n. Se gradu\u00f3 en Relaciones P\u00fablicas, Marketing y Administraci\u00f3n de Empresas y tiene un m\u00e1ster en Cooperaci\u00f3n Internacional por el ESADE. Es Fundador de Nasco Feeding Minds, una ONG con sede en Ghana y Barcelona a trav\u00e9s de la cual brinda educaci\u00f3n en su pa\u00eds natal, y que pretende dar a conocer los problemas de la inmigraci\u00f3n y propone la formaci\u00f3n en nuevas tecnolog\u00edas como la mejor salida de la pobreza.<\/p>\n\n\n\n<p>Ha publicado los libros <em>Viaje al pa\u00eds de los blancos<\/em> y <em>Desde el pa\u00eds de los blancos<\/em> en los que relata su viaje a Europa. En 2021 fue galardonado con el Premio Princesa de Girona Social por su labor en la \u00abconstrucci\u00f3n de un proyecto transformador que a\u00fana educaci\u00f3n, tecnolog\u00eda y alianzas aportando soluciones al fen\u00f3meno migratorio\u00bb. Actualmente imparte conferencias en foros de todo el mundo, en empresas, centros educativos, para contar su historia y evitar que otros ni\u00f1os como \u00e9l emprendan el viaje a Europa.<\/p>\n\n\n\n<div style=\"height:50px\" aria-hidden=\"true\" class=\"wp-block-spacer\"><\/div>\n\n\n\n<h2 class=\"wp-block-heading\"><strong>Enrique Cabez\u00f3n presenta su nuevo libro de poemas <em>28.48 minutos de lectura<\/em><\/strong><\/h2>\n\n\n\n<h3 class=\"wp-block-heading\"><strong>Mi\u00e9rcoles 23 de noviembre<\/strong><strong>, a las 19:30 h.<\/strong><\/h3>\n\n\n\n<h4 class=\"wp-block-heading\">Espacio Santos Ochoa. Calvo Sotelo, 19, Logro\u00f1o<\/h4>\n\n\n\n<p><strong><em>Tambi\u00e9n en YouTube:<\/em><\/strong> <a href=\"https:\/\/www.youtube.com\/c\/SantosOchoaLibros\" target=\"_blank\" rel=\"noreferrer noopener\">youtube.com\/c\/SantosOchoaLibros<\/a><\/p>\n\n\n\n<div class=\"wp-block-image\"><figure class=\"alignright size-large is-resized\"><a href=\"https:\/\/www.santosochoa.es\/libros\/cabezon-enrique_2848-minutos-de-lectura_9788418718830\" target=\"_blank\" rel=\"noopener noreferrer\"><img decoding=\"async\" src=\"https:\/\/blogs.santosochoa.es\/logrono\/wp-content\/uploads\/sites\/2\/2022\/10\/28-48-Minutos-De-Lectura_Enrique-Cabezon.jpg\" alt=\"\" class=\"wp-image-3476\" width=\"300\" srcset=\"https:\/\/blogs.santosochoa.es\/logrono\/wp-content\/uploads\/sites\/2\/2022\/10\/28-48-Minutos-De-Lectura_Enrique-Cabezon.jpg 591w, https:\/\/blogs.santosochoa.es\/logrono\/wp-content\/uploads\/sites\/2\/2022\/10\/28-48-Minutos-De-Lectura_Enrique-Cabezon-202x300.jpg 202w\" sizes=\"(max-width: 591px) 100vw, 591px\" \/><\/a><\/figure><\/div>\n\n\n\n<h5 class=\"wp-block-heading\"><strong>Alguien ha muerto, dedicamos apenas unos minutos de lectura al suceso y lo olvidamos. Alguien mata a alguien, nada sabemos, nada queremos saber. Sin embargo, alguien lo escribe, alguien lo cuenta, consciente de lo in\u00fatil de su acto, consciente de que el olvido ser\u00e1 el destino de sus palabras si es que alguien se molesta en leerlas.<\/strong><\/h5>\n\n\n\n<p><em>\u00bfD\u00f3nde te encuentras t\u00fa?<\/em><\/p>\n\n\n\n<p><em>\u00bfCrees estar a salvo?<\/em><\/p>\n\n\n\n<p><em>\u00bfHay espacios donde uno puede divertirse sin presagiar el fin?<\/em><\/p>\n\n\n\n<p><strong>Enrique Cabez\u00f3n<\/strong> (Logro\u00f1o, 1976). Escritor, editor, dise\u00f1ador gr\u00e1fico, poeta y activista cultural y de barrio, es autor de los poemarios <em>Territorio de ceniza<\/em>, <em>El lenguaje de las serpientes<\/em>, <em>Dios cabalga los lomos de las muchachas<\/em>, <em>Existir en los d\u00edas<\/em>, <em>Besar el paisaje<\/em>, <em>Desdecir<\/em> o el reciente <em>28.48 minutos de lectura<\/em>, entre otros. Tambi\u00e9n ha publicado el e-libro <em>La traici\u00f3n en los colores<\/em>, la novela <em>Una semilla<\/em> y el dietario <em>S\u00edlabas trabadas<\/em>. Como ilustrador e historietista destacamos <em>Cementerio de las horas<\/em> o <em>El contorno<\/em>. Forma parte del proyecto Ediciones del 4 de agosto y es coordinador del festival \u2018Agosto clandestino. Poetas en La Rioja\u2019 desde su origen. Adem\u00e1s, ha grabado tres discos con su banda de rock enBlanco.<\/p>\n\n\n\n<div style=\"height:50px\" aria-hidden=\"true\" class=\"wp-block-spacer\"><\/div>\n\n\n\n<h2 class=\"wp-block-heading\"><strong><em>\u00bfQui\u00e9n decide por ti cuando decides t\u00fa? <\/em>Charla y libro con el psic\u00f3logo Pedro Jara y la ilustradora Ana Bel\u00e9n L\u00f3pez<\/strong><\/h2>\n\n\n\n<h3 class=\"wp-block-heading\"><strong>APLAZADO<\/strong><\/h3>\n\n\n\n<div class=\"wp-block-image\"><figure class=\"alignleft size-large is-resized\"><a href=\"https:\/\/www.santosochoa.es\/libros\/domm-cobb_quien-decide-por-ti-cuando-decides-tu_9788403522671\" target=\"_blank\" rel=\"noopener noreferrer\"><img decoding=\"async\" src=\"https:\/\/blogs.santosochoa.es\/logrono\/wp-content\/uploads\/sites\/2\/2022\/10\/quien-decide-por-ti-cuando-decides-tu.jpg\" alt=\"\" class=\"wp-image-3478\" width=\"300\" srcset=\"https:\/\/blogs.santosochoa.es\/logrono\/wp-content\/uploads\/sites\/2\/2022\/10\/quien-decide-por-ti-cuando-decides-tu.jpg 591w, https:\/\/blogs.santosochoa.es\/logrono\/wp-content\/uploads\/sites\/2\/2022\/10\/quien-decide-por-ti-cuando-decides-tu-211x300.jpg 211w\" sizes=\"(max-width: 591px) 100vw, 591px\" \/><\/a><\/figure><\/div>\n\n\n\n<p><strong>\u00bfQui\u00e9n lleva el tim\u00f3n de tu vida? <\/strong><strong>En este mundo ruidoso que insiste en decirte lo que tienes que ser, toma la decisi\u00f3n de ser t\u00fa.<\/strong><\/p>\n\n\n\n<h5 class=\"wp-block-heading\"><strong>Peque\u00f1as o grandes, conscientes o inconscientes, los seres humanos nos pasamos la vida tomando decisiones, pero \u00bfhasta qu\u00e9 punto decidimos con verdadera libertad y autonom\u00eda? \u00bfDe d\u00f3nde sale aquello que t\u00fa, de forma casi autom\u00e1tica, consideras \u00abverdad\u00bb? Aunque no te des ni cuenta, las voces, discursos, im\u00e1genes, mensajes, aprendizajes, tradiciones e inercias que nos rodean y que aprendimos e imitamos constantemente, tienen mucho que ver con los caminos que eliges. As\u00ed que, \u00bfc\u00f3mo decidir por ti mismo cuando tal vez no sepas qui\u00e9n eres en realidad t\u00fa mismo?<\/strong><\/h5>\n\n\n\n<p>El psic\u00f3logo Pedro Jara y la vi\u00f1etista y creativa Domm Cobb se unen para crear un libro verdaderamente pionero y original que inaugura un g\u00e9nero: la psicolog\u00eda ilustrada. Una combinaci\u00f3n de texto y vi\u00f1etas, seriedad y humor, reflexi\u00f3n e iron\u00eda, para ayudarte a tomar, de manera aut\u00e9ntica y real, las riendas de tu vida.<\/p>\n\n\n\n<p>Soy&nbsp;<strong>Pedro Jara<\/strong>, especialista en Psicolog\u00eda Cl\u00ednica, psicoterapeuta con treinta a\u00f1os de experiencia y profesor asociado en la Universidad de Murcia. Adem\u00e1s de numerosos art\u00edculos en \u00e1mbitos acad\u00e9micos y profesionales, antes de&nbsp;<em>\u00bfQui\u00e9n decide por ti cuando decides t\u00fa?<\/em>&nbsp;he publicado otras tres obras divulgativas:&nbsp;<em>El mundo necesita terapia, Po\u00e9tica-mente<\/em>&nbsp;y&nbsp;<em>Adicci\u00f3n al pensamiento.<\/em>&nbsp;Todas ellas destilan una mirada profundamente reflexiva, cr\u00edtica y sist\u00e9mica de la psicolog\u00eda.<\/p>\n\n\n\n<p>Soy&nbsp;<strong>DommCobb<\/strong>&nbsp;o <strong>Ana Bel\u00e9n<\/strong>, nac\u00ed hace un mont\u00f3n en la aldea de Murcia y fui dando vueltas a lo largo de mi propio planeta sin saber ni a d\u00f3nde iba ni de d\u00f3nde ven\u00eda. Amo el color azul, la cerveza, a mis sobrinas y sobrinos y fumo demasiado sabiendo que es mal\u00edsimo (un dato imprescindible que dice mucho de mi cociente intelectual). A los veintiocho me atropell\u00f3 un autob\u00fas. He visto cuarenta y dos conciertos de Bruce Springsteen, he sido delineante y dibujo monosaciones desde 2016. Dibuescrib\u00ed&nbsp;<em>La vida es ahora&#8230;despu\u00e9s, Balcosaciones; vi\u00f1etas en cuarentena,&nbsp;<\/em>y&nbsp;<em>El 1% de lo que cabe en un ser humano.<\/em>&nbsp; Creo firmemente que andamos faltos de amor, de humor y de verdad.<\/p>\n\n\n\n<div style=\"height:50px\" aria-hidden=\"true\" class=\"wp-block-spacer\"><\/div>\n\n\n\n<h2 class=\"wp-block-heading\"><strong>Cuentos Infinitos. Cuentacuentos solidarios<\/strong><\/h2>\n\n\n\n<h3 class=\"wp-block-heading\"><strong>Lunes 21, martes 22 y s\u00e1bado 26 de noviembre.<\/strong><\/h3>\n\n\n\n<h4 class=\"wp-block-heading\">Espacio Santos Ochoa. Calvo Sotelo, 19, Logro\u00f1o<\/h4>\n\n\n\n<p><strong>Edad:<\/strong> a partir de 2 a\u00f1os<\/p>\n\n\n\n<p><strong>Venta anticipada<\/strong> (1 \u20ac por ni\u00f1o) en Santos Ochoa Calvo Sotelo<\/p>\n\n\n\n<div class=\"wp-block-image\"><figure class=\"alignright size-large is-resized\"><img decoding=\"async\" src=\"https:\/\/blogs.santosochoa.es\/logrono\/wp-content\/uploads\/sites\/2\/2022\/11\/202211_Cartel_CuentosInfinitos-generico.jpg\" alt=\"\" class=\"wp-image-3502\" width=\"300\" srcset=\"https:\/\/blogs.santosochoa.es\/logrono\/wp-content\/uploads\/sites\/2\/2022\/11\/202211_Cartel_CuentosInfinitos-generico.jpg 547w, https:\/\/blogs.santosochoa.es\/logrono\/wp-content\/uploads\/sites\/2\/2022\/11\/202211_Cartel_CuentosInfinitos-generico-300x300.jpg 300w, https:\/\/blogs.santosochoa.es\/logrono\/wp-content\/uploads\/sites\/2\/2022\/11\/202211_Cartel_CuentosInfinitos-generico-150x150.jpg 150w\" sizes=\"(max-width: 547px) 100vw, 547px\" \/><\/figure><\/div>\n\n\n\n<h5 class=\"wp-block-heading\"><strong>\u00bfPara qu\u00e9 sirven los cuentos? Ufff, para cantidad de cosas\u2026 Despiertan la imaginaci\u00f3n y la creatividad, permiten empatizar con el mundo y ense\u00f1an valores, favorecen la memoria, desarrollan habilidades ling\u00fc\u00edsticas, ayudan a superar los miedos\u2026<\/strong><\/h5>\n\n\n\n<p>Los Cuentos Infinitos, adem\u00e1s de todo eso, sirven para pasar un buen rato en familia y colaborar con buenas causas. En esta ocasi\u00f3n, vamos a ayudar a la Asociaci\u00f3n de Enfermedades Raras de La Rioja (ARER).<\/p>\n\n\n\n<p><strong>Lunes 21.<\/strong> 17:30 y 18:00 h. <strong><em>Felipe tiene gripe<\/em><\/strong><\/p>\n\n\n\n<p><strong>Martes 22.<\/strong> 17:30 y 18:00 h. <strong><em>Buenas noches, \u00d1ac-\u00f1ac<\/em><\/strong><\/p>\n\n\n\n<p><strong>S\u00e1bado 26.<\/strong> 18:00 y 18:45 h. <strong><em>Federito, el tr\u00e9bol de cuatro hojas<\/em><\/strong><\/p>\n\n\n\n<p><strong>Cuentos Infinitos<\/strong> es una iniciativa para ni\u00f1os curiosos y familias generosas. Para asistir solo hace falta una entrada al precio simb\u00f3lico de 1 \u20ac y todo el dinero recogido se destina a facilitar libros a colegios, bibliotecas o asociaciones para colaborar con sus proyectos de fomento de la lectura.<\/p>\n\n\n\n<p>Gracias a la colaboraci\u00f3n de Barbabuk, El Balc\u00f3n de Mateo y Gr\u00e1ficas Ochoa.<\/p>\n\n\n\n<p><em>Si eres un cole y quieres participar, escribe un correo a cuentosinfinitos@santosochoa.es.<\/em><\/p>\n","protected":false},"excerpt":{"rendered":"<p>Conferencia \u00abUna historia que cambia vidas\u00bb. Poes\u00eda \u00ab28.48 minutos de lectura\u00bb. Charla y libro \u00ab\u00bfQui\u00e9n decide por ti cuando decides T\u00fa?<\/p>\n","protected":false},"author":4,"featured_media":3476,"comment_status":"closed","ping_status":"closed","sticky":false,"template":"","format":"standard","meta":{"footnotes":""},"categories":[10,15,16,18,12,13],"tags":[],"class_list":["post-3524","post","type-post","status-publish","format-standard","has-post-thumbnail","hentry","category-charlas","category-cuentacuentos","category-el-arte-de-vivir","category-taller-infantil","category-libros","category-libros-do-rioja"],"yoast_head":"<!-- This site is optimized with the Yoast SEO plugin v27.2 - https:\/\/yoast.com\/product\/yoast-seo-wordpress\/ -->\n<title>Ousman Umar, Enrique Cabez\u00f3n, Pedro Jara y Ana Bel\u00e9n L\u00f3pez, Cuentos Infinitos - Santos Ochoa Logro\u00f1o<\/title>\n<meta name=\"description\" content=\"Conferencia &quot;Una historia que cambia vidas&quot;. Poes\u00eda &quot;28.48 minutos de lectura&quot;. Charla y libro &quot;\u00bfQui\u00e9n decide por ti cuando decides T\u00fa?\" \/>\n<meta name=\"robots\" content=\"index, follow, max-snippet:-1, max-image-preview:large, max-video-preview:-1\" \/>\n<link rel=\"canonical\" href=\"https:\/\/blogs.santosochoa.es\/logrono\/umar-cabezon-jara-lopez-cuentos\/\" \/>\n<meta property=\"og:locale\" content=\"es_ES\" \/>\n<meta property=\"og:type\" content=\"article\" \/>\n<meta property=\"og:title\" content=\"Ousman Umar, Enrique Cabez\u00f3n, Pedro Jara y Ana Bel\u00e9n L\u00f3pez, Cuentos Infinitos - Santos Ochoa Logro\u00f1o\" \/>\n<meta property=\"og:description\" content=\"Conferencia &quot;Una historia que cambia vidas&quot;. Poes\u00eda &quot;28.48 minutos de lectura&quot;. Charla y libro &quot;\u00bfQui\u00e9n decide por ti cuando decides T\u00fa?\" \/>\n<meta property=\"og:url\" content=\"https:\/\/blogs.santosochoa.es\/logrono\/umar-cabezon-jara-lopez-cuentos\/\" \/>\n<meta property=\"og:site_name\" content=\"Santos Ochoa Logro\u00f1o\" \/>\n<meta property=\"article:author\" content=\"https:\/\/www.facebook.com\/santosochoalog\" \/>\n<meta property=\"article:published_time\" content=\"2022-11-17T09:08:53+00:00\" \/>\n<meta property=\"article:modified_time\" content=\"2022-11-21T10:01:43+00:00\" \/>\n<meta property=\"og:image\" content=\"https:\/\/blogs.santosochoa.es\/logrono\/wp-content\/uploads\/sites\/2\/2022\/10\/28-48-Minutos-De-Lectura_Enrique-Cabezon.jpg\" \/>\n\t<meta property=\"og:image:width\" content=\"591\" \/>\n\t<meta property=\"og:image:height\" content=\"877\" \/>\n\t<meta property=\"og:image:type\" content=\"image\/jpeg\" \/>\n<meta name=\"author\" content=\"Santos Ochoa Logro\u00f1o\" \/>\n<meta name=\"twitter:card\" content=\"summary_large_image\" \/>\n<meta name=\"twitter:creator\" content=\"@santosochoalog\" \/>\n<meta name=\"twitter:label1\" content=\"Written by\" \/>\n\t<meta name=\"twitter:data1\" content=\"Santos Ochoa Logro\u00f1o\" \/>\n\t<meta name=\"twitter:label2\" content=\"Est. reading time\" \/>\n\t<meta name=\"twitter:data2\" content=\"6 minutos\" \/>\n<script type=\"application\/ld+json\" class=\"yoast-schema-graph\">{\"@context\":\"https:\/\/schema.org\",\"@graph\":[{\"@type\":\"Article\",\"@id\":\"https:\/\/blogs.santosochoa.es\/logrono\/umar-cabezon-jara-lopez-cuentos\/#article\",\"isPartOf\":{\"@id\":\"https:\/\/blogs.santosochoa.es\/logrono\/umar-cabezon-jara-lopez-cuentos\/\"},\"author\":{\"name\":\"Santos Ochoa Logro\u00f1o\",\"@id\":\"https:\/\/blogs.santosochoa.es\/logrono\/#\/schema\/person\/103664eb8c60fbeea1880c704687c2e3\"},\"headline\":\"Ousman Umar, Enrique Cabez\u00f3n, Pedro Jara y Ana Bel\u00e9n L\u00f3pez, Cuentos Infinitos\",\"datePublished\":\"2022-11-17T09:08:53+00:00\",\"dateModified\":\"2022-11-21T10:01:43+00:00\",\"mainEntityOfPage\":{\"@id\":\"https:\/\/blogs.santosochoa.es\/logrono\/umar-cabezon-jara-lopez-cuentos\/\"},\"wordCount\":1311,\"image\":{\"@id\":\"https:\/\/blogs.santosochoa.es\/logrono\/umar-cabezon-jara-lopez-cuentos\/#primaryimage\"},\"thumbnailUrl\":\"https:\/\/blogs.santosochoa.es\/logrono\/wp-content\/uploads\/sites\/2\/2022\/10\/28-48-Minutos-De-Lectura_Enrique-Cabezon.jpg\",\"articleSection\":[\"charlas\",\"cuentacuentos\",\"el arte de vivir\",\"infantil\",\"libros\",\"libros do rioja\"],\"inLanguage\":\"es\"},{\"@type\":\"WebPage\",\"@id\":\"https:\/\/blogs.santosochoa.es\/logrono\/umar-cabezon-jara-lopez-cuentos\/\",\"url\":\"https:\/\/blogs.santosochoa.es\/logrono\/umar-cabezon-jara-lopez-cuentos\/\",\"name\":\"Ousman Umar, Enrique Cabez\u00f3n, Pedro Jara y Ana Bel\u00e9n L\u00f3pez, Cuentos Infinitos - Santos Ochoa Logro\u00f1o\",\"isPartOf\":{\"@id\":\"https:\/\/blogs.santosochoa.es\/logrono\/#website\"},\"primaryImageOfPage\":{\"@id\":\"https:\/\/blogs.santosochoa.es\/logrono\/umar-cabezon-jara-lopez-cuentos\/#primaryimage\"},\"image\":{\"@id\":\"https:\/\/blogs.santosochoa.es\/logrono\/umar-cabezon-jara-lopez-cuentos\/#primaryimage\"},\"thumbnailUrl\":\"https:\/\/blogs.santosochoa.es\/logrono\/wp-content\/uploads\/sites\/2\/2022\/10\/28-48-Minutos-De-Lectura_Enrique-Cabezon.jpg\",\"datePublished\":\"2022-11-17T09:08:53+00:00\",\"dateModified\":\"2022-11-21T10:01:43+00:00\",\"author\":{\"@id\":\"https:\/\/blogs.santosochoa.es\/logrono\/#\/schema\/person\/103664eb8c60fbeea1880c704687c2e3\"},\"description\":\"Conferencia \\\"Una historia que cambia vidas\\\". Poes\u00eda \\\"28.48 minutos de lectura\\\". Charla y libro \\\"\u00bfQui\u00e9n decide por ti cuando decides T\u00fa?\",\"breadcrumb\":{\"@id\":\"https:\/\/blogs.santosochoa.es\/logrono\/umar-cabezon-jara-lopez-cuentos\/#breadcrumb\"},\"inLanguage\":\"es\",\"potentialAction\":[{\"@type\":\"ReadAction\",\"target\":[\"https:\/\/blogs.santosochoa.es\/logrono\/umar-cabezon-jara-lopez-cuentos\/\"]}]},{\"@type\":\"ImageObject\",\"inLanguage\":\"es\",\"@id\":\"https:\/\/blogs.santosochoa.es\/logrono\/umar-cabezon-jara-lopez-cuentos\/#primaryimage\",\"url\":\"https:\/\/blogs.santosochoa.es\/logrono\/wp-content\/uploads\/sites\/2\/2022\/10\/28-48-Minutos-De-Lectura_Enrique-Cabezon.jpg\",\"contentUrl\":\"https:\/\/blogs.santosochoa.es\/logrono\/wp-content\/uploads\/sites\/2\/2022\/10\/28-48-Minutos-De-Lectura_Enrique-Cabezon.jpg\",\"width\":591,\"height\":877},{\"@type\":\"BreadcrumbList\",\"@id\":\"https:\/\/blogs.santosochoa.es\/logrono\/umar-cabezon-jara-lopez-cuentos\/#breadcrumb\",\"itemListElement\":[{\"@type\":\"ListItem\",\"position\":1,\"name\":\"Home\",\"item\":\"https:\/\/blogs.santosochoa.es\/logrono\/\"},{\"@type\":\"ListItem\",\"position\":2,\"name\":\"Ousman Umar, Enrique Cabez\u00f3n, Pedro Jara y Ana Bel\u00e9n L\u00f3pez, Cuentos Infinitos\"}]},{\"@type\":\"WebSite\",\"@id\":\"https:\/\/blogs.santosochoa.es\/logrono\/#website\",\"url\":\"https:\/\/blogs.santosochoa.es\/logrono\/\",\"name\":\"Santos Ochoa Logro\u00f1o\",\"description\":\"Tu Librer\u00eda Online\",\"potentialAction\":[{\"@type\":\"SearchAction\",\"target\":{\"@type\":\"EntryPoint\",\"urlTemplate\":\"https:\/\/blogs.santosochoa.es\/logrono\/?s={search_term_string}\"},\"query-input\":{\"@type\":\"PropertyValueSpecification\",\"valueRequired\":true,\"valueName\":\"search_term_string\"}}],\"inLanguage\":\"es\"},{\"@type\":\"Person\",\"@id\":\"https:\/\/blogs.santosochoa.es\/logrono\/#\/schema\/person\/103664eb8c60fbeea1880c704687c2e3\",\"name\":\"Santos Ochoa Logro\u00f1o\",\"sameAs\":[\"http:\/\/santosochoa.es\",\"https:\/\/www.facebook.com\/santosochoalog\",\"https:\/\/www.instagram.com\/santosochoalog\/\",\"https:\/\/x.com\/santosochoalog\",\"https:\/\/www.youtube.com\/c\/SantosOchoaLibros\"]}]}<\/script>\n<!-- \/ Yoast SEO plugin. -->","yoast_head_json":{"title":"Ousman Umar, Enrique Cabez\u00f3n, Pedro Jara y Ana Bel\u00e9n L\u00f3pez, Cuentos Infinitos - Santos Ochoa Logro\u00f1o","description":"Conferencia \"Una historia que cambia vidas\". Poes\u00eda \"28.48 minutos de lectura\". Charla y libro \"\u00bfQui\u00e9n decide por ti cuando decides T\u00fa?","robots":{"index":"index","follow":"follow","max-snippet":"max-snippet:-1","max-image-preview":"max-image-preview:large","max-video-preview":"max-video-preview:-1"},"canonical":"https:\/\/blogs.santosochoa.es\/logrono\/umar-cabezon-jara-lopez-cuentos\/","og_locale":"es_ES","og_type":"article","og_title":"Ousman Umar, Enrique Cabez\u00f3n, Pedro Jara y Ana Bel\u00e9n L\u00f3pez, Cuentos Infinitos - Santos Ochoa Logro\u00f1o","og_description":"Conferencia \"Una historia que cambia vidas\". Poes\u00eda \"28.48 minutos de lectura\". Charla y libro \"\u00bfQui\u00e9n decide por ti cuando decides T\u00fa?","og_url":"https:\/\/blogs.santosochoa.es\/logrono\/umar-cabezon-jara-lopez-cuentos\/","og_site_name":"Santos Ochoa Logro\u00f1o","article_author":"https:\/\/www.facebook.com\/santosochoalog","article_published_time":"2022-11-17T09:08:53+00:00","article_modified_time":"2022-11-21T10:01:43+00:00","og_image":[{"width":591,"height":877,"url":"https:\/\/blogs.santosochoa.es\/logrono\/wp-content\/uploads\/sites\/2\/2022\/10\/28-48-Minutos-De-Lectura_Enrique-Cabezon.jpg","type":"image\/jpeg"}],"author":"Santos Ochoa Logro\u00f1o","twitter_card":"summary_large_image","twitter_creator":"@santosochoalog","twitter_misc":{"Written by":"Santos Ochoa Logro\u00f1o","Est. reading time":"6 minutos"},"schema":{"@context":"https:\/\/schema.org","@graph":[{"@type":"Article","@id":"https:\/\/blogs.santosochoa.es\/logrono\/umar-cabezon-jara-lopez-cuentos\/#article","isPartOf":{"@id":"https:\/\/blogs.santosochoa.es\/logrono\/umar-cabezon-jara-lopez-cuentos\/"},"author":{"name":"Santos Ochoa Logro\u00f1o","@id":"https:\/\/blogs.santosochoa.es\/logrono\/#\/schema\/person\/103664eb8c60fbeea1880c704687c2e3"},"headline":"Ousman Umar, Enrique Cabez\u00f3n, Pedro Jara y Ana Bel\u00e9n L\u00f3pez, Cuentos Infinitos","datePublished":"2022-11-17T09:08:53+00:00","dateModified":"2022-11-21T10:01:43+00:00","mainEntityOfPage":{"@id":"https:\/\/blogs.santosochoa.es\/logrono\/umar-cabezon-jara-lopez-cuentos\/"},"wordCount":1311,"image":{"@id":"https:\/\/blogs.santosochoa.es\/logrono\/umar-cabezon-jara-lopez-cuentos\/#primaryimage"},"thumbnailUrl":"https:\/\/blogs.santosochoa.es\/logrono\/wp-content\/uploads\/sites\/2\/2022\/10\/28-48-Minutos-De-Lectura_Enrique-Cabezon.jpg","articleSection":["charlas","cuentacuentos","el arte de vivir","infantil","libros","libros do rioja"],"inLanguage":"es"},{"@type":"WebPage","@id":"https:\/\/blogs.santosochoa.es\/logrono\/umar-cabezon-jara-lopez-cuentos\/","url":"https:\/\/blogs.santosochoa.es\/logrono\/umar-cabezon-jara-lopez-cuentos\/","name":"Ousman Umar, Enrique Cabez\u00f3n, Pedro Jara y Ana Bel\u00e9n L\u00f3pez, Cuentos Infinitos - Santos Ochoa Logro\u00f1o","isPartOf":{"@id":"https:\/\/blogs.santosochoa.es\/logrono\/#website"},"primaryImageOfPage":{"@id":"https:\/\/blogs.santosochoa.es\/logrono\/umar-cabezon-jara-lopez-cuentos\/#primaryimage"},"image":{"@id":"https:\/\/blogs.santosochoa.es\/logrono\/umar-cabezon-jara-lopez-cuentos\/#primaryimage"},"thumbnailUrl":"https:\/\/blogs.santosochoa.es\/logrono\/wp-content\/uploads\/sites\/2\/2022\/10\/28-48-Minutos-De-Lectura_Enrique-Cabezon.jpg","datePublished":"2022-11-17T09:08:53+00:00","dateModified":"2022-11-21T10:01:43+00:00","author":{"@id":"https:\/\/blogs.santosochoa.es\/logrono\/#\/schema\/person\/103664eb8c60fbeea1880c704687c2e3"},"description":"Conferencia \"Una historia que cambia vidas\". Poes\u00eda \"28.48 minutos de lectura\". Charla y libro \"\u00bfQui\u00e9n decide por ti cuando decides T\u00fa?","breadcrumb":{"@id":"https:\/\/blogs.santosochoa.es\/logrono\/umar-cabezon-jara-lopez-cuentos\/#breadcrumb"},"inLanguage":"es","potentialAction":[{"@type":"ReadAction","target":["https:\/\/blogs.santosochoa.es\/logrono\/umar-cabezon-jara-lopez-cuentos\/"]}]},{"@type":"ImageObject","inLanguage":"es","@id":"https:\/\/blogs.santosochoa.es\/logrono\/umar-cabezon-jara-lopez-cuentos\/#primaryimage","url":"https:\/\/blogs.santosochoa.es\/logrono\/wp-content\/uploads\/sites\/2\/2022\/10\/28-48-Minutos-De-Lectura_Enrique-Cabezon.jpg","contentUrl":"https:\/\/blogs.santosochoa.es\/logrono\/wp-content\/uploads\/sites\/2\/2022\/10\/28-48-Minutos-De-Lectura_Enrique-Cabezon.jpg","width":591,"height":877},{"@type":"BreadcrumbList","@id":"https:\/\/blogs.santosochoa.es\/logrono\/umar-cabezon-jara-lopez-cuentos\/#breadcrumb","itemListElement":[{"@type":"ListItem","position":1,"name":"Home","item":"https:\/\/blogs.santosochoa.es\/logrono\/"},{"@type":"ListItem","position":2,"name":"Ousman Umar, Enrique Cabez\u00f3n, Pedro Jara y Ana Bel\u00e9n L\u00f3pez, Cuentos Infinitos"}]},{"@type":"WebSite","@id":"https:\/\/blogs.santosochoa.es\/logrono\/#website","url":"https:\/\/blogs.santosochoa.es\/logrono\/","name":"Santos Ochoa Logro\u00f1o","description":"Tu Librer\u00eda Online","potentialAction":[{"@type":"SearchAction","target":{"@type":"EntryPoint","urlTemplate":"https:\/\/blogs.santosochoa.es\/logrono\/?s={search_term_string}"},"query-input":{"@type":"PropertyValueSpecification","valueRequired":true,"valueName":"search_term_string"}}],"inLanguage":"es"},{"@type":"Person","@id":"https:\/\/blogs.santosochoa.es\/logrono\/#\/schema\/person\/103664eb8c60fbeea1880c704687c2e3","name":"Santos Ochoa Logro\u00f1o","sameAs":["http:\/\/santosochoa.es","https:\/\/www.facebook.com\/santosochoalog","https:\/\/www.instagram.com\/santosochoalog\/","https:\/\/x.com\/santosochoalog","https:\/\/www.youtube.com\/c\/SantosOchoaLibros"]}]}},"_links":{"self":[{"href":"https:\/\/blogs.santosochoa.es\/logrono\/wp-json\/wp\/v2\/posts\/3524","targetHints":{"allow":["GET"]}}],"collection":[{"href":"https:\/\/blogs.santosochoa.es\/logrono\/wp-json\/wp\/v2\/posts"}],"about":[{"href":"https:\/\/blogs.santosochoa.es\/logrono\/wp-json\/wp\/v2\/types\/post"}],"author":[{"embeddable":true,"href":"https:\/\/blogs.santosochoa.es\/logrono\/wp-json\/wp\/v2\/users\/4"}],"replies":[{"embeddable":true,"href":"https:\/\/blogs.santosochoa.es\/logrono\/wp-json\/wp\/v2\/comments?post=3524"}],"version-history":[{"count":8,"href":"https:\/\/blogs.santosochoa.es\/logrono\/wp-json\/wp\/v2\/posts\/3524\/revisions"}],"predecessor-version":[{"id":3533,"href":"https:\/\/blogs.santosochoa.es\/logrono\/wp-json\/wp\/v2\/posts\/3524\/revisions\/3533"}],"wp:featuredmedia":[{"embeddable":true,"href":"https:\/\/blogs.santosochoa.es\/logrono\/wp-json\/wp\/v2\/media\/3476"}],"wp:attachment":[{"href":"https:\/\/blogs.santosochoa.es\/logrono\/wp-json\/wp\/v2\/media?parent=3524"}],"wp:term":[{"taxonomy":"category","embeddable":true,"href":"https:\/\/blogs.santosochoa.es\/logrono\/wp-json\/wp\/v2\/categories?post=3524"},{"taxonomy":"post_tag","embeddable":true,"href":"https:\/\/blogs.santosochoa.es\/logrono\/wp-json\/wp\/v2\/tags?post=3524"}],"curies":[{"name":"wp","href":"https:\/\/api.w.org\/{rel}","templated":true}]}}