{"id":3366,"date":"2022-06-22T11:15:23","date_gmt":"2022-06-22T09:15:23","guid":{"rendered":"https:\/\/blogs.santosochoa.es\/logrono\/?p=3366"},"modified":"2022-06-22T11:15:24","modified_gmt":"2022-06-22T09:15:24","slug":"maria-oruna-angel-martin-aitor-hernandez-elena-moreno-y-geronimo-stilton","status":"publish","type":"post","link":"https:\/\/blogs.santosochoa.es\/logrono\/maria-oruna-angel-martin-aitor-hernandez-elena-moreno-y-geronimo-stilton\/","title":{"rendered":"Mar\u00eda Oru\u00f1a, \u00c1ngel Mart\u00edn, Aitor Hern\u00e1ndez, Elena Moreno y Geronimo Stilton"},"content":{"rendered":"\n<h2 class=\"wp-block-heading\"><strong>Mar\u00eda Oru\u00f1a, el nuevo fen\u00f3meno de la novela negra, presenta <em>El camino del fuego<\/em><\/strong><\/h2>\n\n\n\n<h3 class=\"wp-block-heading\"><strong>Lunes 27 de junio, a las 19:30 h.<\/strong><\/h3>\n\n\n\n<h4 class=\"wp-block-heading\">Espacio Santos Ochoa. Calvo Sotelo, 19, Logro\u00f1o<\/h4>\n\n\n\n<p><strong><em>Tambi\u00e9n en YouTube<\/em><\/strong>\u00a0&gt;\u00a0<a href=\"https:\/\/www.youtube.com\/c\/SantosOchoaLibros\" target=\"_blank\" rel=\"noreferrer noopener\">youtube.com\/c\/SantosOchoaLibros<\/a><\/p>\n\n\n\n<div class=\"wp-block-image\"><figure class=\"alignleft size-large is-resized\"><a href=\"https:\/\/www.santosochoa.es\/libros\/maria-oruna_el-camino-del-fuego_9788423361588\" target=\"_blank\" rel=\"noopener noreferrer\"><img decoding=\"async\" src=\"https:\/\/blogs.santosochoa.es\/logrono\/wp-content\/uploads\/sites\/2\/2022\/06\/el-camino-del-fuego_maria-oruna.jpg\" alt=\"\" class=\"wp-image-3355\" width=\"300\" srcset=\"https:\/\/blogs.santosochoa.es\/logrono\/wp-content\/uploads\/sites\/2\/2022\/06\/el-camino-del-fuego_maria-oruna.jpg 591w, https:\/\/blogs.santosochoa.es\/logrono\/wp-content\/uploads\/sites\/2\/2022\/06\/el-camino-del-fuego_maria-oruna-175x300.jpg 175w\" sizes=\"(max-width: 591px) 100vw, 591px\" \/><\/a><\/figure><\/div>\n\n\n\n<p><strong>Nadie puede ocultarse para siempre.<\/strong><\/p>\n\n\n\n<h5 class=\"wp-block-heading\"><strong>La teniente Valentina Redondo y su compa\u00f1ero Oliver deciden tomarse unas vacaciones y viajan a Escocia para visitar a la familia de este. Su padre, Arthur Gordon, est\u00e1 empe\u00f1ado en recuperar parte del patrimonio y de la historia de sus antepasados y ha adquirido el castillo de Huntly, en las Highlands, que hab\u00eda pertenecido a su familia hasta el siglo XVII. Durante la rehabilitaci\u00f3n del edificio encuentra un diminuto despacho que llevaba oculto doscientos a\u00f1os y en \u00e9l, documentos que revelan que las memorias de Lord Byron \u2014supuestamente quemadas a comienzos del siglo XIX\u2014 pueden seguir intactas y hallarse entre esas paredes.<\/strong><\/h5>\n\n\n\n<p>Pronto correr\u00e1 la voz del extraordinario hallazgo y tanto la prensa de todo el pa\u00eds como varias personas allegadas a la familia se acercar\u00e1n a ellos para seguir el curioso acontecimiento. Sin embargo, la aparici\u00f3n de un hombre muerto en el castillo har\u00e1 que Oliver y Valentina se sumerjan en una inesperada investigaci\u00f3n que los llevar\u00e1 a adentrarse en la Escocia de \u00e9pocas pasadas y que cambiar\u00e1 el destino de los Gordon e incluso la propia historia.<\/p>\n\n\n\n<p>Al tiempo, viajaremos a mediados del siglo XIX y descubriremos c\u00f3mo Jules Berlioz \u2014un modesto librero de las Highlands\u2014 y Mary MacLeod \u2014una joven perteneciente a una familia escocesa acomodada\u2014 entrecruzan sus pasos en un camino literario y prohibido en el que el crimen lo salpicar\u00e1 todo de dudas y silencio hasta nuestros d\u00edas.<\/p>\n\n\n\n<p><strong>Mar\u00eda Oru\u00f1a<\/strong>\u00a0(Vigo, 1976) es una escritora gallega que desde peque\u00f1a visita con frecuencia Cantabria. All\u00ed ha ambientado hasta hoy la serie de novelas \u00abLos libros del Puerto Escondido\u00bb, todas publicadas en Destino:\u00a0<em>Puerto escondido<\/em>\u00a0(2015), un exitoso debut en el g\u00e9nero negro;\u00a0<em>Un lugar a donde ir<\/em>\u00a0(2017);\u00a0<em>Donde fuimos invencibles<\/em>\u00a0(2018), y\u00a0<em>Lo que la marea esconde<\/em>\u00a0(2021). En todas estas historias de misterio, los protagonistas son los paisajes c\u00e1ntabros y el equipo de la teniente Valentina Redondo, que se ha ganado el cari\u00f1o de miles de lectores.\u00a0<em>El camino del fuego<\/em>\u00a0es la nueva entrega de la serie, que se traslada por primera vez a tierras escocesas. Es autora tambi\u00e9n de\u00a0<em>El bosque de los cuatro vientos<\/em>\u00a0(2020), su primer libro independiente de la saga, ambientado en la Galicia natal de la autora. Sus novelas han sido traducidas al alem\u00e1n, al franc\u00e9s, al italiano y al catal\u00e1n, entre otros idiomas.<\/p>\n\n\n\n<div style=\"height:50px\" aria-hidden=\"true\" class=\"wp-block-spacer\"><\/div>\n\n\n\n<h2 class=\"wp-block-heading\"><strong><em>Por si las voces vuelven. <\/em>Encuentro con \u00c1ngel Mart\u00edn y firma de libros<\/strong><\/h2>\n\n\n\n<h3 class=\"wp-block-heading\"><strong>Martes 28 de junio<\/strong><\/h3>\n\n\n\n<h3 class=\"wp-block-heading\"><strong>18:30 h. <\/strong>Presentaci\u00f3n. <strong>19 &#8211; 20:30 h. <\/strong>Firma de libros<\/h3>\n\n\n\n<h4 class=\"wp-block-heading\">Espacio Santos Ochoa. Calvo Sotelo, 19, Logro\u00f1o<\/h4>\n\n\n\n<div class=\"wp-block-image\"><figure class=\"alignright size-large is-resized\"><a href=\"https:\/\/www.santosochoa.es\/libros\/martin-angel_por-si-las-voces-vuelven_9788408249214\" target=\"_blank\" rel=\"noopener noreferrer\"><img decoding=\"async\" src=\"https:\/\/blogs.santosochoa.es\/logrono\/wp-content\/uploads\/sites\/2\/2022\/05\/por-si-las-voces-vuelven_angel-martin_web.jpg\" alt=\"\" class=\"wp-image-3340\" width=\"300\" srcset=\"https:\/\/blogs.santosochoa.es\/logrono\/wp-content\/uploads\/sites\/2\/2022\/05\/por-si-las-voces-vuelven_angel-martin_web.jpg 591w, https:\/\/blogs.santosochoa.es\/logrono\/wp-content\/uploads\/sites\/2\/2022\/05\/por-si-las-voces-vuelven_angel-martin_web-198x300.jpg 198w\" sizes=\"(max-width: 591px) 100vw, 591px\" \/><\/a><\/figure><\/div>\n\n\n\n<h5 class=\"wp-block-heading\"><strong>Un sorprendente testimonio sobre la locura. Un relato en primera persona sobre lo que supone perderse y tener que reconstruirse desde cero. Una historia vitalista que te agarra desde la primera l\u00ednea.<\/strong><\/h5>\n\n\n\n<p><strong><em>Hace unos a\u00f1os me romp\u00ed por completo. Tanto como para que tuvieran que atarme a la cama de un hospital psiqui\u00e1trico para evitar que pudiera hacerme da\u00f1o.<\/em><\/strong> <strong><em>No tengo ni idea de cu\u00e1ndo empez\u00f3 a formarse mi locura.<\/em><\/strong> <strong><em>A lo mejor nac\u00ed gen\u00e9ticamente predispuesto.<\/em><\/strong> <strong><em>A lo mejor fui macerando una depresi\u00f3n al callarme ciertas cosas por no preocupar a los dem\u00e1s.<\/em><\/strong> <strong><em>O a lo mejor simplemente hay cerebros que de la noche a la ma\u00f1ana hacen crec y se acab\u00f3.<\/em><\/strong><\/p>\n\n\n\n<p>Si algo he descubierto en todo este tiempo es que cuando cuentas abiertamente que se te ha pirado la cabeza la gente enseguida le pone el sello de tab\u00fa. Aunque este libro lo he escrito para m\u00ed, por si las voces vuelven, es para cualquiera que haya pasado o est\u00e9 pasando por algo parecido, y as\u00ed romper de una vez por todas el estigma de las enfermedades mentales.<\/p>\n\n\n\n<p>Pero si simplemente te apetece jugar a ver el mundo como yo lo vi mientras perd\u00ed el contacto con la realidad, este libro tambi\u00e9n es para ti. Si escuchas bien las voces, descubrir\u00e1s cosas fascinantes como esta: NO NECESITAS LLEGAR A TOCAR FONDO PARA RECONSTRUIRTE DESDE CERO.<\/p>\n\n\n\n<p><strong>\u00c1ngel Mart\u00edn<\/strong> es presentador, monologuista, guionista, actor, m\u00fasico, streamer\u2026 y est\u00e1 considerado uno de los humoristas m\u00e1s prestigiosos de nuestro pa\u00eds. Empez\u00f3 su carrera en Paramount Comedy como c\u00f3mico de stand-up. Adem\u00e1s de participar en varios programas televisivos como <em>Noche sin tregua<\/em> o <em>La noche con Fuentes y C\u00eda<\/em>, fue guionista de la serie popular <em>Siete vidas<\/em>. Su salto a la fama se produjo, en gran parte, gracias al \u00e9xito arrollador del programa <em>S\u00e9 lo que hicisteis<\/em> (La Sexta), que presentaba junto con Patricia Conde. Poco despu\u00e9s, present\u00f3 el programa de divulgaci\u00f3n cient\u00edfica <em>\u00d3rbita Laika<\/em> en La 2. M\u00e1s tarde volvi\u00f3 a la televisi\u00f3n para presentar <em>WifiLeaks<\/em>, otra vez de la mano de su compa\u00f1era Patricia Conde, con la que repiti\u00f3 en <em>Dar cera, pulir #0<\/em>. En 2020 arranc\u00f3 el p\u00f3dcast <em>Misterios cotidianos<\/em>, junto con Jos\u00e9 Lozano, y comenz\u00f3 a subir en su perfil de Twitter el <em>Informativo matinal para ahorrar tiempo<\/em>, donde d\u00eda a d\u00eda recoge las principales noticias en un tono humor\u00edstico y desenfadado. Sus v\u00eddeos han llegado a alcanzar el mill\u00f3n de visitas diario. Este es su primer libro.<\/p>\n\n\n\n<div style=\"height:50px\" aria-hidden=\"true\" class=\"wp-block-spacer\"><\/div>\n\n\n\n<h2 class=\"wp-block-heading\"><strong>Aitor Hern\u00e1ndez presenta <em>Renegado. La revoluci\u00f3n callada<\/em><\/strong><\/h2>\n\n\n\n<h3 class=\"wp-block-heading\"><strong>Mi\u00e9rcoles 29 de junio<\/strong><strong>, a las 19:30 h.<\/strong><\/h3>\n\n\n\n<h4 class=\"wp-block-heading\">Espacio Santos Ochoa. Calvo Sotelo, 19, Logro\u00f1o<\/h4>\n\n\n\n<p><strong><em>Tambi\u00e9n en YouTube<\/em><\/strong>\u00a0&gt;\u00a0<a href=\"https:\/\/www.youtube.com\/c\/SantosOchoaLibros\" target=\"_blank\" rel=\"noreferrer noopener\">youtube.com\/c\/SantosOchoaLibros<\/a><\/p>\n\n\n\n<div class=\"wp-block-image\"><figure class=\"alignleft size-large is-resized\"><a href=\"https:\/\/www.santosochoa.es\/libros\/hernandez-eguiluz-aitor_renegado-la-revolucion-callada_9788409231010\" target=\"_blank\" rel=\"noopener noreferrer\"><img decoding=\"async\" src=\"https:\/\/blogs.santosochoa.es\/logrono\/wp-content\/uploads\/sites\/2\/2022\/05\/renegado-la-revolucion-callada.jpg\" alt=\"\" class=\"wp-image-3342\" width=\"300\" srcset=\"https:\/\/blogs.santosochoa.es\/logrono\/wp-content\/uploads\/sites\/2\/2022\/05\/renegado-la-revolucion-callada.jpg 591w, https:\/\/blogs.santosochoa.es\/logrono\/wp-content\/uploads\/sites\/2\/2022\/05\/renegado-la-revolucion-callada-219x300.jpg 219w\" sizes=\"(max-width: 591px) 100vw, 591px\" \/><\/a><\/figure><\/div>\n\n\n\n<h5 class=\"wp-block-heading\"><strong>Dos candidatos a Se\u00f1ores de la guerra se disputan a muerte el control de Alaclem de r\u00edo Orbe. Llevan tiempo en un punto muerto hasta la llegada de un caminante, un formidable guerrero que oculta su m\u00edtico nombre, Sajodem de Aromaz, quien puede ser el que desnivele la balanza a un lado u otro, si cualquiera de los dos consigue contratarlo como guardaespaldas.<\/strong><\/h5>\n\n\n\n<p>No cuentan con el f\u00e9rreo c\u00f3digo de honor que maneja Sanjurem, como se hace llamar, ni tampoco con la ayuda y el consejo de su confidente Mamdem, el tabernero del pueblo, que se la tiene jurada a los dos infames gerifaltes que han roto la convivencia en el pueblo.<\/p>\n\n\n\n<p>Tercera entrega de la serie <em>Renegado<\/em>, ambientada en los albores de la Edad de Hierro, en la que asistimos a continuas intrigas, traiciones, combates a espada y c\u00ednicos di\u00e1logos con muy mala leche.<\/p>\n\n\n\n<p>La serie <em>Renegado<\/em> son tres obras ambientadas en \u00e9pocas distintas en las que los verdaderos renegados ser\u00e1n los detentores del poder que reniegan del liderazgo del grupo al que est\u00e1n destinados para saciar su inter\u00e9s particular y pagan su alejamiento del contrato social con la muerte.<\/p>\n\n\n\n<p><strong>Aitor Hern\u00e1ndez Egu\u00edluz<\/strong> (Villamediana de Iregua, 1966). Doctor en Filolog\u00eda Hisp\u00e1nica por la Universidad de Zaragoza y profesor de Secundaria en Lengua Castellana y Literatura en Logro\u00f1o. Ante todo, me considero un <em>homo narratibus<\/em> por mi amor a partes iguales por el cine y por la literatura, que intento conjugar en mis novelas. Tambi\u00e9n publico un blog titulado <em>Literatura y Cine<\/em> (<a href=\"http:\/\/aitorh66.blogspot.com.es\/\">http:\/\/aitorh66.blogspot.com.es<\/a>). Criado en el mundo de los cineclubs e historiador cinematogr\u00e1fico, he publicado art\u00edculos en distintas revistas cinematogr\u00e1ficas y soy investigador asociado del IER.<\/p>\n\n\n\n<p>Lector compulsivo, conductor y participante en diversos Clubs de Lectura en La Rioja, sobre todo de Literatura Infantil y Juvenil. Es mi tercera novela. Estoy inmerso en mi cuarto trabajo ambientado en mi Villamediana natal.<\/p>\n\n\n\n<div style=\"height:50px\" aria-hidden=\"true\" class=\"wp-block-spacer\"><\/div>\n\n\n\n<h2 class=\"wp-block-heading\"><strong>[Charla con la Autora] Elena Moreno presenta <em>La frontera lleva su nombre.<\/em> Un relato emocionante tejido con los hilos de una historia real silenciada<\/strong><\/h2>\n\n\n\n<h3 class=\"wp-block-heading\"><strong>Jueves 30 de junio<\/strong><strong>, a las 19:30 h.<\/strong><\/h3>\n\n\n\n<h4 class=\"wp-block-heading\">Espacio Santos Ochoa. Calvo Sotelo, 19, Logro\u00f1o<\/h4>\n\n\n\n<p><strong><em>Tambi\u00e9n en YouTube<\/em><\/strong>\u00a0&gt;\u00a0<a href=\"https:\/\/www.youtube.com\/c\/SantosOchoaLibros\" target=\"_blank\" rel=\"noreferrer noopener\">youtube.com\/c\/SantosOchoaLibros<\/a><\/p>\n\n\n\n<div class=\"wp-block-image\"><figure class=\"alignright size-large is-resized\"><a href=\"https:\/\/www.santosochoa.es\/libros\/moreno-scheredre-elena_la-frontera-lleva-su-nombre_9788425360923\" target=\"_blank\" rel=\"noopener noreferrer\"><img decoding=\"async\" src=\"https:\/\/blogs.santosochoa.es\/logrono\/wp-content\/uploads\/sites\/2\/2022\/05\/la-frontera-lleva-su-nombre_elena-moreno.jpg\" alt=\"\" class=\"wp-image-3344\" width=\"300\" srcset=\"https:\/\/blogs.santosochoa.es\/logrono\/wp-content\/uploads\/sites\/2\/2022\/05\/la-frontera-lleva-su-nombre_elena-moreno.jpg 591w, https:\/\/blogs.santosochoa.es\/logrono\/wp-content\/uploads\/sites\/2\/2022\/05\/la-frontera-lleva-su-nombre_elena-moreno-198x300.jpg 198w\" sizes=\"(max-width: 591px) 100vw, 591px\" \/><\/a><\/figure><\/div>\n\n\n\n<p><strong><em>La frontera lleva su nombre<\/em> es el relato de cuatro generaciones de mujeres valientes acostumbradas a sentir en silencio, a trav\u00e9s del tiempo, los confines, el amor y la guerra. Un relato emocionante tejido con los hilos de una historia real silenciada.<\/strong><\/p>\n\n\n\n<h5 class=\"wp-block-heading\"><strong>Desde finales del siglo XIX y hasta los a\u00f1os cincuenta del siglo pasado, las j\u00f3venes m\u00e1s humildes de los valles del Pirineo navarro y aragon\u00e9s cruzaban a pie las monta\u00f1as para trabajar en las f\u00e1bricas de alpargatas del lado franc\u00e9s. Como las golondrinas, marchaban en octubre y regresaban en primavera, llenas de ilusi\u00f3n y cargadas de telas y enseres para el ajuar que constituir\u00eda su aportaci\u00f3n a un futuro matrimonio.<\/strong><\/h5>\n\n\n\n<p>Esperanza Ayerra es biznieta de Esperanza, una golondrina que cruz\u00f3 los Pirineos en 1913 y a la que la mayor contienda mundial rob\u00f3 su porvenir. Es nieta de Esperanza, conocida como Perla, que no tuvo padre, ni marido, por el cruel destino de una Espa\u00f1a dividida. Es hija de Espe, una mujer que se trag\u00f3 sus penas y a la que la historia dej\u00f3 sin aire. Es el fruto de la frontera entre dos pa\u00edses que se alejan y se acercan cuando sus pobladores se enamoran.<\/p>\n\n\n\n<p>\u00abMi bisabuela, como la mayor\u00eda de las roncalesas de su generaci\u00f3n, era una golondrina. Con las mujeres de otros valles cercanos, se iban a Francia a trabajar, donde fabricaban alpargatas por siete o diez c\u00e9ntimos de franco la hora&#8230; Las llamaban \u00ablas golondrinas\u00bb, hirondelles en franc\u00e9s, porque su emigraci\u00f3n coincid\u00eda con la de estas aves. Se iban en octubre y volv\u00edan en mayo o junio, y nunca supieron si las ra\u00edces de sus vidas estaban a un lado o al otro de los Pirineos\u00bb.<\/p>\n\n\n\n<p><strong>Elena Moreno Scheredre<\/strong> es licenciada en Ciencias de la Informaci\u00f3n por la Universitat Aut\u00f2noma de Barcelona (UAB). Ha trabajado en diversos medios de comunicaci\u00f3n y es autora de <em>El sal\u00f3n de la embajada italiana, Dondequiera que est\u00e9s<\/em> y <em>Devu\u00e9lveme la luna<\/em>. Ha recibido varios premios literarios, como el Aixe Getxo de Literatura, y actualmente colabora en prensa y dirige un taller literario en Bilbao. <em>La frontera lleva su nombre<\/em> es su \u00faltima novela.<\/p>\n\n\n\n<div style=\"height:50px\" aria-hidden=\"true\" class=\"wp-block-spacer\"><\/div>\n\n\n\n<h2 class=\"wp-block-heading\"><strong>Firma de libros de Geronimo Stilton<\/strong><\/h2>\n\n\n\n<h3 class=\"wp-block-heading\"><strong>S\u00e1bado 2 de julio<\/strong><strong>, de 12 a 13:30 h.<\/strong><\/h3>\n\n\n\n<h4 class=\"has-vivid-cyan-blue-color has-text-color wp-block-heading\">Santos Ochoa GRAN V\u00cdA (Gran V\u00eda, 55, Logro\u00f1o)<\/h4>\n\n\n\n<div class=\"wp-block-image\"><figure class=\"alignleft size-large is-resized\"><img decoding=\"async\" src=\"https:\/\/blogs.santosochoa.es\/logrono\/wp-content\/uploads\/sites\/2\/2022\/05\/los-gigantes-de-las-colinas-chocolate_geronimo-stilton.jpg\" alt=\"\" class=\"wp-image-3349\" width=\"300\" srcset=\"https:\/\/blogs.santosochoa.es\/logrono\/wp-content\/uploads\/sites\/2\/2022\/05\/los-gigantes-de-las-colinas-chocolate_geronimo-stilton.jpg 591w, https:\/\/blogs.santosochoa.es\/logrono\/wp-content\/uploads\/sites\/2\/2022\/05\/los-gigantes-de-las-colinas-chocolate_geronimo-stilton-203x300.jpg 203w\" sizes=\"(max-width: 591px) 100vw, 591px\" \/><\/figure><\/div>\n\n\n\n<h5 class=\"wp-block-heading\"><strong>Logro\u00f1o recibe la visita de Geronimo Stilton, el rat\u00f3n investigador que hace las delicias de los peque\u00f1os lectores y que presenta sus \u00faltimas aventuras: <em>Los gigantes de las Colinas de Chocolate, Misi\u00f3n Olimpo<\/em> o <em>El misterioso Ojo del Drag\u00f3n<\/em>\u2026<\/strong><\/h5>\n\n\n\n<p>Nacido en Ratonia, Geronimo Stilton es licenciado en Ratolog\u00eda de la Literatura Rat\u00f3nica y en Filosof\u00eda Arqueorrat\u00f3nica Comparada. Desde hace veinte a\u00f1os dirige El Eco del Roedor, el peri\u00f3dico con m\u00e1s difusi\u00f3n de Ratonia.<\/p>\n\n\n\n<p>Ha sido galardonado con el premio Ratitzer por su reportaje El misterio del tesoro desaparecido. Geronimo obtuvo tambi\u00e9n el premio Andersen 2001 como personaje del a\u00f1o y uno de sus libros gan\u00f3 el premio eBook Award 2002 como mejor libro electr\u00f3nico de literatura juvenil. En su tiempo libre, Stilton colecciona cortezas de parmesano del Renacimiento, juega al golf, pero sobre todo adora contarle cuentos a su sobrino Benjam\u00edn\u2026<\/p>\n","protected":false},"excerpt":{"rendered":"<p>Mar\u00eda Oru\u00f1a, el nuevo fen\u00f3meno de la novela negra, presenta El camino del fuego Lunes 27 de junio, a las 19:30 h. Espacio Santos Ochoa. Calvo Sotelo, 19, Logro\u00f1o Tambi\u00e9n en YouTube\u00a0&gt;\u00a0youtube.com\/c\/SantosOchoaLibros Nadie puede ocultarse para siempre. La teniente Valentina Redondo y su compa\u00f1ero Oliver deciden tomarse unas vacaciones y viajan a Escocia para visitar [&hellip;]<\/p>\n","protected":false},"author":4,"featured_media":3355,"comment_status":"closed","ping_status":"closed","sticky":false,"template":"","format":"standard","meta":{"footnotes":""},"categories":[14,16,18,12,13,11],"tags":[],"class_list":["post-3366","post","type-post","status-publish","format-standard","has-post-thumbnail","hentry","category-charla-con-el-autor","category-el-arte-de-vivir","category-taller-infantil","category-libros","category-libros-do-rioja","category-poesia"],"yoast_head":"<!-- This site is optimized with the Yoast SEO plugin v27.2 - https:\/\/yoast.com\/product\/yoast-seo-wordpress\/ -->\n<title>Mar\u00eda Oru\u00f1a, \u00c1ngel Mart\u00edn, Aitor Hern\u00e1ndez, Elena Moreno y Geronimo Stilton - Santos Ochoa Logro\u00f1o<\/title>\n<meta name=\"description\" content=\"Despedimos la agenda cultural de este curso con una semana espectacular de presentaciones y firmas... \u00a1Te esperamos!\" \/>\n<meta name=\"robots\" content=\"index, follow, max-snippet:-1, max-image-preview:large, max-video-preview:-1\" \/>\n<link rel=\"canonical\" href=\"https:\/\/blogs.santosochoa.es\/logrono\/maria-oruna-angel-martin-aitor-hernandez-elena-moreno-y-geronimo-stilton\/\" \/>\n<meta property=\"og:locale\" content=\"es_ES\" \/>\n<meta property=\"og:type\" content=\"article\" \/>\n<meta property=\"og:title\" content=\"Mar\u00eda Oru\u00f1a, \u00c1ngel Mart\u00edn, Aitor Hern\u00e1ndez, Elena Moreno y Geronimo Stilton - Santos Ochoa Logro\u00f1o\" \/>\n<meta property=\"og:description\" content=\"Despedimos la agenda cultural de este curso con una semana espectacular de presentaciones y firmas... \u00a1Te esperamos!\" \/>\n<meta property=\"og:url\" content=\"https:\/\/blogs.santosochoa.es\/logrono\/maria-oruna-angel-martin-aitor-hernandez-elena-moreno-y-geronimo-stilton\/\" \/>\n<meta property=\"og:site_name\" content=\"Santos Ochoa Logro\u00f1o\" \/>\n<meta property=\"article:author\" content=\"https:\/\/www.facebook.com\/santosochoalog\" \/>\n<meta property=\"article:published_time\" content=\"2022-06-22T09:15:23+00:00\" \/>\n<meta property=\"article:modified_time\" content=\"2022-06-22T09:15:24+00:00\" \/>\n<meta property=\"og:image\" content=\"https:\/\/blogs.santosochoa.es\/logrono\/wp-content\/uploads\/sites\/2\/2022\/06\/el-camino-del-fuego_maria-oruna.jpg\" \/>\n\t<meta property=\"og:image:width\" content=\"591\" \/>\n\t<meta property=\"og:image:height\" content=\"1013\" \/>\n\t<meta property=\"og:image:type\" content=\"image\/jpeg\" \/>\n<meta name=\"author\" content=\"Santos Ochoa Logro\u00f1o\" \/>\n<meta name=\"twitter:card\" content=\"summary_large_image\" \/>\n<meta name=\"twitter:creator\" content=\"@santosochoalog\" \/>\n<meta name=\"twitter:label1\" content=\"Written by\" \/>\n\t<meta name=\"twitter:data1\" content=\"Santos Ochoa Logro\u00f1o\" \/>\n\t<meta name=\"twitter:label2\" content=\"Est. reading time\" \/>\n\t<meta name=\"twitter:data2\" content=\"9 minutos\" \/>\n<script type=\"application\/ld+json\" class=\"yoast-schema-graph\">{\"@context\":\"https:\/\/schema.org\",\"@graph\":[{\"@type\":\"Article\",\"@id\":\"https:\/\/blogs.santosochoa.es\/logrono\/maria-oruna-angel-martin-aitor-hernandez-elena-moreno-y-geronimo-stilton\/#article\",\"isPartOf\":{\"@id\":\"https:\/\/blogs.santosochoa.es\/logrono\/maria-oruna-angel-martin-aitor-hernandez-elena-moreno-y-geronimo-stilton\/\"},\"author\":{\"name\":\"Santos Ochoa Logro\u00f1o\",\"@id\":\"https:\/\/blogs.santosochoa.es\/logrono\/#\/schema\/person\/103664eb8c60fbeea1880c704687c2e3\"},\"headline\":\"Mar\u00eda Oru\u00f1a, \u00c1ngel Mart\u00edn, Aitor Hern\u00e1ndez, Elena Moreno y Geronimo Stilton\",\"datePublished\":\"2022-06-22T09:15:23+00:00\",\"dateModified\":\"2022-06-22T09:15:24+00:00\",\"mainEntityOfPage\":{\"@id\":\"https:\/\/blogs.santosochoa.es\/logrono\/maria-oruna-angel-martin-aitor-hernandez-elena-moreno-y-geronimo-stilton\/\"},\"wordCount\":1899,\"image\":{\"@id\":\"https:\/\/blogs.santosochoa.es\/logrono\/maria-oruna-angel-martin-aitor-hernandez-elena-moreno-y-geronimo-stilton\/#primaryimage\"},\"thumbnailUrl\":\"https:\/\/blogs.santosochoa.es\/logrono\/wp-content\/uploads\/sites\/2\/2022\/06\/el-camino-del-fuego_maria-oruna.jpg\",\"articleSection\":[\"charla con el autor\",\"el arte de vivir\",\"infantil\",\"libros\",\"libros do rioja\",\"poes\u00eda\"],\"inLanguage\":\"es\"},{\"@type\":\"WebPage\",\"@id\":\"https:\/\/blogs.santosochoa.es\/logrono\/maria-oruna-angel-martin-aitor-hernandez-elena-moreno-y-geronimo-stilton\/\",\"url\":\"https:\/\/blogs.santosochoa.es\/logrono\/maria-oruna-angel-martin-aitor-hernandez-elena-moreno-y-geronimo-stilton\/\",\"name\":\"Mar\u00eda Oru\u00f1a, \u00c1ngel Mart\u00edn, Aitor Hern\u00e1ndez, Elena Moreno y Geronimo Stilton - Santos Ochoa Logro\u00f1o\",\"isPartOf\":{\"@id\":\"https:\/\/blogs.santosochoa.es\/logrono\/#website\"},\"primaryImageOfPage\":{\"@id\":\"https:\/\/blogs.santosochoa.es\/logrono\/maria-oruna-angel-martin-aitor-hernandez-elena-moreno-y-geronimo-stilton\/#primaryimage\"},\"image\":{\"@id\":\"https:\/\/blogs.santosochoa.es\/logrono\/maria-oruna-angel-martin-aitor-hernandez-elena-moreno-y-geronimo-stilton\/#primaryimage\"},\"thumbnailUrl\":\"https:\/\/blogs.santosochoa.es\/logrono\/wp-content\/uploads\/sites\/2\/2022\/06\/el-camino-del-fuego_maria-oruna.jpg\",\"datePublished\":\"2022-06-22T09:15:23+00:00\",\"dateModified\":\"2022-06-22T09:15:24+00:00\",\"author\":{\"@id\":\"https:\/\/blogs.santosochoa.es\/logrono\/#\/schema\/person\/103664eb8c60fbeea1880c704687c2e3\"},\"description\":\"Despedimos la agenda cultural de este curso con una semana espectacular de presentaciones y firmas... \u00a1Te esperamos!\",\"breadcrumb\":{\"@id\":\"https:\/\/blogs.santosochoa.es\/logrono\/maria-oruna-angel-martin-aitor-hernandez-elena-moreno-y-geronimo-stilton\/#breadcrumb\"},\"inLanguage\":\"es\",\"potentialAction\":[{\"@type\":\"ReadAction\",\"target\":[\"https:\/\/blogs.santosochoa.es\/logrono\/maria-oruna-angel-martin-aitor-hernandez-elena-moreno-y-geronimo-stilton\/\"]}]},{\"@type\":\"ImageObject\",\"inLanguage\":\"es\",\"@id\":\"https:\/\/blogs.santosochoa.es\/logrono\/maria-oruna-angel-martin-aitor-hernandez-elena-moreno-y-geronimo-stilton\/#primaryimage\",\"url\":\"https:\/\/blogs.santosochoa.es\/logrono\/wp-content\/uploads\/sites\/2\/2022\/06\/el-camino-del-fuego_maria-oruna.jpg\",\"contentUrl\":\"https:\/\/blogs.santosochoa.es\/logrono\/wp-content\/uploads\/sites\/2\/2022\/06\/el-camino-del-fuego_maria-oruna.jpg\",\"width\":591,\"height\":1013},{\"@type\":\"BreadcrumbList\",\"@id\":\"https:\/\/blogs.santosochoa.es\/logrono\/maria-oruna-angel-martin-aitor-hernandez-elena-moreno-y-geronimo-stilton\/#breadcrumb\",\"itemListElement\":[{\"@type\":\"ListItem\",\"position\":1,\"name\":\"Home\",\"item\":\"https:\/\/blogs.santosochoa.es\/logrono\/\"},{\"@type\":\"ListItem\",\"position\":2,\"name\":\"Mar\u00eda Oru\u00f1a, \u00c1ngel Mart\u00edn, Aitor Hern\u00e1ndez, Elena Moreno y Geronimo Stilton\"}]},{\"@type\":\"WebSite\",\"@id\":\"https:\/\/blogs.santosochoa.es\/logrono\/#website\",\"url\":\"https:\/\/blogs.santosochoa.es\/logrono\/\",\"name\":\"Santos Ochoa Logro\u00f1o\",\"description\":\"Tu Librer\u00eda Online\",\"potentialAction\":[{\"@type\":\"SearchAction\",\"target\":{\"@type\":\"EntryPoint\",\"urlTemplate\":\"https:\/\/blogs.santosochoa.es\/logrono\/?s={search_term_string}\"},\"query-input\":{\"@type\":\"PropertyValueSpecification\",\"valueRequired\":true,\"valueName\":\"search_term_string\"}}],\"inLanguage\":\"es\"},{\"@type\":\"Person\",\"@id\":\"https:\/\/blogs.santosochoa.es\/logrono\/#\/schema\/person\/103664eb8c60fbeea1880c704687c2e3\",\"name\":\"Santos Ochoa Logro\u00f1o\",\"sameAs\":[\"http:\/\/santosochoa.es\",\"https:\/\/www.facebook.com\/santosochoalog\",\"https:\/\/www.instagram.com\/santosochoalog\/\",\"https:\/\/x.com\/santosochoalog\",\"https:\/\/www.youtube.com\/c\/SantosOchoaLibros\"]}]}<\/script>\n<!-- \/ Yoast SEO plugin. -->","yoast_head_json":{"title":"Mar\u00eda Oru\u00f1a, \u00c1ngel Mart\u00edn, Aitor Hern\u00e1ndez, Elena Moreno y Geronimo Stilton - Santos Ochoa Logro\u00f1o","description":"Despedimos la agenda cultural de este curso con una semana espectacular de presentaciones y firmas... \u00a1Te esperamos!","robots":{"index":"index","follow":"follow","max-snippet":"max-snippet:-1","max-image-preview":"max-image-preview:large","max-video-preview":"max-video-preview:-1"},"canonical":"https:\/\/blogs.santosochoa.es\/logrono\/maria-oruna-angel-martin-aitor-hernandez-elena-moreno-y-geronimo-stilton\/","og_locale":"es_ES","og_type":"article","og_title":"Mar\u00eda Oru\u00f1a, \u00c1ngel Mart\u00edn, Aitor Hern\u00e1ndez, Elena Moreno y Geronimo Stilton - Santos Ochoa Logro\u00f1o","og_description":"Despedimos la agenda cultural de este curso con una semana espectacular de presentaciones y firmas... \u00a1Te esperamos!","og_url":"https:\/\/blogs.santosochoa.es\/logrono\/maria-oruna-angel-martin-aitor-hernandez-elena-moreno-y-geronimo-stilton\/","og_site_name":"Santos Ochoa Logro\u00f1o","article_author":"https:\/\/www.facebook.com\/santosochoalog","article_published_time":"2022-06-22T09:15:23+00:00","article_modified_time":"2022-06-22T09:15:24+00:00","og_image":[{"width":591,"height":1013,"url":"https:\/\/blogs.santosochoa.es\/logrono\/wp-content\/uploads\/sites\/2\/2022\/06\/el-camino-del-fuego_maria-oruna.jpg","type":"image\/jpeg"}],"author":"Santos Ochoa Logro\u00f1o","twitter_card":"summary_large_image","twitter_creator":"@santosochoalog","twitter_misc":{"Written by":"Santos Ochoa Logro\u00f1o","Est. reading time":"9 minutos"},"schema":{"@context":"https:\/\/schema.org","@graph":[{"@type":"Article","@id":"https:\/\/blogs.santosochoa.es\/logrono\/maria-oruna-angel-martin-aitor-hernandez-elena-moreno-y-geronimo-stilton\/#article","isPartOf":{"@id":"https:\/\/blogs.santosochoa.es\/logrono\/maria-oruna-angel-martin-aitor-hernandez-elena-moreno-y-geronimo-stilton\/"},"author":{"name":"Santos Ochoa Logro\u00f1o","@id":"https:\/\/blogs.santosochoa.es\/logrono\/#\/schema\/person\/103664eb8c60fbeea1880c704687c2e3"},"headline":"Mar\u00eda Oru\u00f1a, \u00c1ngel Mart\u00edn, Aitor Hern\u00e1ndez, Elena Moreno y Geronimo Stilton","datePublished":"2022-06-22T09:15:23+00:00","dateModified":"2022-06-22T09:15:24+00:00","mainEntityOfPage":{"@id":"https:\/\/blogs.santosochoa.es\/logrono\/maria-oruna-angel-martin-aitor-hernandez-elena-moreno-y-geronimo-stilton\/"},"wordCount":1899,"image":{"@id":"https:\/\/blogs.santosochoa.es\/logrono\/maria-oruna-angel-martin-aitor-hernandez-elena-moreno-y-geronimo-stilton\/#primaryimage"},"thumbnailUrl":"https:\/\/blogs.santosochoa.es\/logrono\/wp-content\/uploads\/sites\/2\/2022\/06\/el-camino-del-fuego_maria-oruna.jpg","articleSection":["charla con el autor","el arte de vivir","infantil","libros","libros do rioja","poes\u00eda"],"inLanguage":"es"},{"@type":"WebPage","@id":"https:\/\/blogs.santosochoa.es\/logrono\/maria-oruna-angel-martin-aitor-hernandez-elena-moreno-y-geronimo-stilton\/","url":"https:\/\/blogs.santosochoa.es\/logrono\/maria-oruna-angel-martin-aitor-hernandez-elena-moreno-y-geronimo-stilton\/","name":"Mar\u00eda Oru\u00f1a, \u00c1ngel Mart\u00edn, Aitor Hern\u00e1ndez, Elena Moreno y Geronimo Stilton - Santos Ochoa Logro\u00f1o","isPartOf":{"@id":"https:\/\/blogs.santosochoa.es\/logrono\/#website"},"primaryImageOfPage":{"@id":"https:\/\/blogs.santosochoa.es\/logrono\/maria-oruna-angel-martin-aitor-hernandez-elena-moreno-y-geronimo-stilton\/#primaryimage"},"image":{"@id":"https:\/\/blogs.santosochoa.es\/logrono\/maria-oruna-angel-martin-aitor-hernandez-elena-moreno-y-geronimo-stilton\/#primaryimage"},"thumbnailUrl":"https:\/\/blogs.santosochoa.es\/logrono\/wp-content\/uploads\/sites\/2\/2022\/06\/el-camino-del-fuego_maria-oruna.jpg","datePublished":"2022-06-22T09:15:23+00:00","dateModified":"2022-06-22T09:15:24+00:00","author":{"@id":"https:\/\/blogs.santosochoa.es\/logrono\/#\/schema\/person\/103664eb8c60fbeea1880c704687c2e3"},"description":"Despedimos la agenda cultural de este curso con una semana espectacular de presentaciones y firmas... \u00a1Te esperamos!","breadcrumb":{"@id":"https:\/\/blogs.santosochoa.es\/logrono\/maria-oruna-angel-martin-aitor-hernandez-elena-moreno-y-geronimo-stilton\/#breadcrumb"},"inLanguage":"es","potentialAction":[{"@type":"ReadAction","target":["https:\/\/blogs.santosochoa.es\/logrono\/maria-oruna-angel-martin-aitor-hernandez-elena-moreno-y-geronimo-stilton\/"]}]},{"@type":"ImageObject","inLanguage":"es","@id":"https:\/\/blogs.santosochoa.es\/logrono\/maria-oruna-angel-martin-aitor-hernandez-elena-moreno-y-geronimo-stilton\/#primaryimage","url":"https:\/\/blogs.santosochoa.es\/logrono\/wp-content\/uploads\/sites\/2\/2022\/06\/el-camino-del-fuego_maria-oruna.jpg","contentUrl":"https:\/\/blogs.santosochoa.es\/logrono\/wp-content\/uploads\/sites\/2\/2022\/06\/el-camino-del-fuego_maria-oruna.jpg","width":591,"height":1013},{"@type":"BreadcrumbList","@id":"https:\/\/blogs.santosochoa.es\/logrono\/maria-oruna-angel-martin-aitor-hernandez-elena-moreno-y-geronimo-stilton\/#breadcrumb","itemListElement":[{"@type":"ListItem","position":1,"name":"Home","item":"https:\/\/blogs.santosochoa.es\/logrono\/"},{"@type":"ListItem","position":2,"name":"Mar\u00eda Oru\u00f1a, \u00c1ngel Mart\u00edn, Aitor Hern\u00e1ndez, Elena Moreno y Geronimo Stilton"}]},{"@type":"WebSite","@id":"https:\/\/blogs.santosochoa.es\/logrono\/#website","url":"https:\/\/blogs.santosochoa.es\/logrono\/","name":"Santos Ochoa Logro\u00f1o","description":"Tu Librer\u00eda Online","potentialAction":[{"@type":"SearchAction","target":{"@type":"EntryPoint","urlTemplate":"https:\/\/blogs.santosochoa.es\/logrono\/?s={search_term_string}"},"query-input":{"@type":"PropertyValueSpecification","valueRequired":true,"valueName":"search_term_string"}}],"inLanguage":"es"},{"@type":"Person","@id":"https:\/\/blogs.santosochoa.es\/logrono\/#\/schema\/person\/103664eb8c60fbeea1880c704687c2e3","name":"Santos Ochoa Logro\u00f1o","sameAs":["http:\/\/santosochoa.es","https:\/\/www.facebook.com\/santosochoalog","https:\/\/www.instagram.com\/santosochoalog\/","https:\/\/x.com\/santosochoalog","https:\/\/www.youtube.com\/c\/SantosOchoaLibros"]}]}},"_links":{"self":[{"href":"https:\/\/blogs.santosochoa.es\/logrono\/wp-json\/wp\/v2\/posts\/3366","targetHints":{"allow":["GET"]}}],"collection":[{"href":"https:\/\/blogs.santosochoa.es\/logrono\/wp-json\/wp\/v2\/posts"}],"about":[{"href":"https:\/\/blogs.santosochoa.es\/logrono\/wp-json\/wp\/v2\/types\/post"}],"author":[{"embeddable":true,"href":"https:\/\/blogs.santosochoa.es\/logrono\/wp-json\/wp\/v2\/users\/4"}],"replies":[{"embeddable":true,"href":"https:\/\/blogs.santosochoa.es\/logrono\/wp-json\/wp\/v2\/comments?post=3366"}],"version-history":[{"count":1,"href":"https:\/\/blogs.santosochoa.es\/logrono\/wp-json\/wp\/v2\/posts\/3366\/revisions"}],"predecessor-version":[{"id":3367,"href":"https:\/\/blogs.santosochoa.es\/logrono\/wp-json\/wp\/v2\/posts\/3366\/revisions\/3367"}],"wp:featuredmedia":[{"embeddable":true,"href":"https:\/\/blogs.santosochoa.es\/logrono\/wp-json\/wp\/v2\/media\/3355"}],"wp:attachment":[{"href":"https:\/\/blogs.santosochoa.es\/logrono\/wp-json\/wp\/v2\/media?parent=3366"}],"wp:term":[{"taxonomy":"category","embeddable":true,"href":"https:\/\/blogs.santosochoa.es\/logrono\/wp-json\/wp\/v2\/categories?post=3366"},{"taxonomy":"post_tag","embeddable":true,"href":"https:\/\/blogs.santosochoa.es\/logrono\/wp-json\/wp\/v2\/tags?post=3366"}],"curies":[{"name":"wp","href":"https:\/\/api.w.org\/{rel}","templated":true}]}}