{"id":3177,"date":"2022-04-20T13:16:06","date_gmt":"2022-04-20T11:16:06","guid":{"rendered":"https:\/\/blogs.santosochoa.es\/logrono\/?p=3177"},"modified":"2022-04-25T10:32:39","modified_gmt":"2022-04-25T08:32:39","slug":"semana-del-libro","status":"publish","type":"post","link":"https:\/\/blogs.santosochoa.es\/logrono\/semana-del-libro\/","title":{"rendered":"Semana del Libro, \u00c1ngela Quintas, programa Libros y M\u00e1s, cuentacuentos y firmas"},"content":{"rendered":"\n<h2 class=\"wp-block-heading\"><strong>Semana del Libro<\/strong><\/h2>\n\n\n\n<div class=\"wp-block-image\"><figure class=\"alignleft size-large is-resized\"><img decoding=\"async\" src=\"https:\/\/blogs.santosochoa.es\/logrono\/wp-content\/uploads\/sites\/2\/2022\/04\/CARTEL-Dia-del-libro-2022.jpg\" alt=\"\" class=\"wp-image-3154\" width=\"300\" srcset=\"https:\/\/blogs.santosochoa.es\/logrono\/wp-content\/uploads\/sites\/2\/2022\/04\/CARTEL-Dia-del-libro-2022.jpg 591w, https:\/\/blogs.santosochoa.es\/logrono\/wp-content\/uploads\/sites\/2\/2022\/04\/CARTEL-Dia-del-libro-2022-226x300.jpg 226w\" sizes=\"(max-width: 591px) 100vw, 591px\" \/><\/figure><\/div>\n\n\n\n<h5 class=\"wp-block-heading\"><strong><em>\u00abHay quienes no pueden imaginar un mundo sin p\u00e1jaros; hay quienes no pueden imaginar un mundo sin agua; en lo que a m\u00ed se refiere, soy incapaz de imaginar un mundo sin libros\u00bb<\/em><\/strong><\/h5>\n\n\n\n<h5 class=\"wp-block-heading\">Jorge Luis Borges<\/h5>\n\n\n\n<p><\/p>\n\n\n\n<p><strong>Del 23 al 30 de abril,<\/strong> Santos Ochoa te invita a celebrar la fiesta de los libros con un <strong>10 % de descuento<\/strong> toda la semana <strong>y el tradicional botell\u00edn de Rioja con las compras a partir de 30 \u20ac<\/strong>.<\/p>\n\n\n\n<p><strong>El s\u00e1bado 23<\/strong>, en el Centro Comercial Parque Rioja, te espera la <strong>Feria Riojana del Libro<\/strong>, donde podr\u00e1s encontrar cl\u00e1sicos o novedades y a <strong>los mejores escritores de nuestra regi\u00f3n dedicando sus libros<\/strong>.<\/p>\n\n\n\n<p>\u00a1Feliz Semana del Libro!<\/p>\n\n\n\n<div style=\"height:50px\" aria-hidden=\"true\" class=\"wp-block-spacer\"><\/div>\n\n\n\n<p><strong>EL ARTE DE VIVIR<\/strong><\/p>\n\n\n\n<h2 class=\"wp-block-heading\"><strong><em>\u00bfPor qu\u00e9 me duele la tripa? <\/em>Charla y libro con la gran experta en nutrici\u00f3n \u00c1ngela Quintas<\/strong><\/h2>\n\n\n\n<h3 class=\"wp-block-heading\"><strong>Martes 26 de abril, a las 19:30 h.<\/strong><\/h3>\n\n\n\n<h4 class=\"wp-block-heading\">Espacio Santos Ochoa. Calvo Sotelo, 19, Logro\u00f1o<\/h4>\n\n\n\n<h3 class=\"wp-block-heading\">&gt;&nbsp;Entrada libre hasta completar aforo<\/h3>\n\n\n\n<h3 class=\"wp-block-heading\">&gt;&nbsp;<strong><em><a href=\"https:\/\/www.youtube.com\/c\/SantosOchoaLibros\" target=\"_blank\" rel=\"noreferrer noopener\">Tambi\u00e9n desde casa en YouTube<\/a><\/em><\/strong><\/h3>\n\n\n\n<div class=\"wp-block-image\"><figure class=\"alignright size-large is-resized\"><a href=\"https:\/\/www.santosochoa.es\/libros\/angela-quintas_por-que-me-duele-la-tripa_9788408250920\" target=\"_blank\" rel=\"noopener noreferrer\"><img decoding=\"async\" src=\"https:\/\/blogs.santosochoa.es\/logrono\/wp-content\/uploads\/sites\/2\/2022\/03\/por-que-me-duele-la-tripa_angela-quintas.jpg\" alt=\"\" class=\"wp-image-3131\" width=\"300\" srcset=\"https:\/\/blogs.santosochoa.es\/logrono\/wp-content\/uploads\/sites\/2\/2022\/03\/por-que-me-duele-la-tripa_angela-quintas.jpg 709w, https:\/\/blogs.santosochoa.es\/logrono\/wp-content\/uploads\/sites\/2\/2022\/03\/por-que-me-duele-la-tripa_angela-quintas-232x300.jpg 232w, https:\/\/blogs.santosochoa.es\/logrono\/wp-content\/uploads\/sites\/2\/2022\/03\/por-que-me-duele-la-tripa_angela-quintas-400x516.jpg 400w\" sizes=\"(max-width: 709px) 100vw, 709px\" \/><\/a><\/figure><\/div>\n\n\n\n<p><strong>Vuelve la gran experta en nutrici\u00f3n con la obra definitiva para identificar, entender y reparar las enfermedades del aparato digestivo. Incluye recetas y men\u00fas espec\u00edficos para cada patolog\u00eda.<\/strong><\/p>\n\n\n\n<h5 class=\"wp-block-heading\"><strong>De la mano de una gran prescriptora con muchos a\u00f1os de consulta en temas de nutrici\u00f3n, adelgazamiento y reparaci\u00f3n digestiva, este libro es una herramienta pr\u00e1ctica y poderosa que resolver\u00e1 de forma sencilla muchas dudas relacionadas con la alimentaci\u00f3n y la salud.<\/strong><\/h5>\n\n\n\n<blockquote class=\"wp-block-quote is-layout-flow wp-block-quote-is-layout-flow\"><p><strong>Entender qu\u00e9 es la microbiota, c\u00f3mo act\u00faan las bacterias, qu\u00e9 alimentos te sientan bien y por qu\u00e9, c\u00f3mo combatir el colon irritable o la hernia de hiato, qu\u00e9 debes saber de los probi\u00f3ticos antes de usarlos o qu\u00e9 platos te ayudan a adelgazar sin pasar hambre son solo algunos ejemplos de los muchos temas que aborda.<\/strong><\/p><\/blockquote>\n\n\n\n<p>\u00c1ngela Quintas, consciente de la demanda que recibe a diario en su consulta, ha querido ir al grano. Lejos de ret\u00f3ricas cient\u00edficas, aqu\u00ed encontrar\u00e1s respuestas asequibles para identificar patolog\u00edas relacionadas con los dolores de tripa u otras molestias digestivas. Adem\u00e1s, para completar las explicaciones, la obra incluye men\u00fas espec\u00edficos y m\u00e1s de treinta recetas sanas y f\u00e1ciles con ingredientes de mercado al alcance de todos.<\/p>\n\n\n\n<p>Y es que, adem\u00e1s de las malas digestiones, una mala alimentaci\u00f3n puede tener mucho que ver con cambios de humor, algunos problemas de piel y hasta con esos dolores de cabeza que no tienen explicaci\u00f3n aparente. Ya no hay excusas, tu salud puede cambiar para mejor. \u00a1Est\u00e1 en tus manos conseguirlo!<\/p>\n\n\n\n<p><strong>\u00c1ngela Quintas<\/strong> es licenciada en Ciencias Qu\u00edmicas y m\u00e1ster en Diet\u00e9tica y Nutrici\u00f3n Humana. Desde hace veinte a\u00f1os trabaja y dirige su propia consulta de nutrici\u00f3n, que se ha convertido en una de las de mayor \u00e9xito en Espa\u00f1a. Es miembro de IEDM (Institut Europ\u00e9en de Di\u00e9t\u00e9tique et Micronutrition) y actualmente compagina su consulta de nutrici\u00f3n con la docencia en estudios de posgrado de la UNED. Adem\u00e1s, es directora de <em>BeOk<\/em>, un programa semanal sobre nutrici\u00f3n, y colaboradora del programa <em>A vivir, que son dos d\u00edas<\/em>, ambos en la Cadena SER. Sus art\u00edculos se han publicado en las revistas <em>Buenavida<\/em> de El Pa\u00eds u <em>Objetivo Bienestar<\/em>. Tambi\u00e9n es asesora nutricional en pel\u00edculas de gran \u00e9xito a las \u00f3rdenes de directores como Daniel S\u00e1nchez Ar\u00e9valo, Pedro Almod\u00f3var, Alejandro Amen\u00e1bar o Alberto Rodr\u00edguez, entre otros. <em>Adelgaza para siempre<\/em>, <em>Las recetas de Adelgaza para siempre<\/em> y <em>El secreto de la buena digesti\u00f3n<\/em>, sus anteriores libros, son todo un \u00e9xito de ventas.<\/p>\n\n\n\n<div style=\"height:50px\" aria-hidden=\"true\" class=\"wp-block-spacer\"><\/div>\n\n\n\n<h2 class=\"wp-block-heading\"><strong>Programa <em>Libros y M\u00e1s. <\/em>Especial Semana del Libro<em>. <\/em>Encuentro con escritores riojanos<\/strong><\/h2>\n\n\n\n<h3 class=\"wp-block-heading\"><strong>Mi\u00e9rcoles 27 de abril<\/strong><strong>, a las 19:30 h.<\/strong><\/h3>\n\n\n\n<h4 class=\"wp-block-heading\">Espacio Santos Ochoa. Calvo Sotelo, 19, Logro\u00f1o<\/h4>\n\n\n\n<h3 class=\"wp-block-heading\">&gt;&nbsp;Entrada libre hasta completar aforo<\/h3>\n\n\n\n<h3 class=\"wp-block-heading\">&gt;&nbsp;<strong><em><a href=\"https:\/\/www.youtube.com\/c\/SantosOchoaLibros\" target=\"_blank\" rel=\"noreferrer noopener\">Tambi\u00e9n desde casa en YouTube<\/a><\/em><\/strong><\/h3>\n\n\n\n<div class=\"wp-block-image\"><figure class=\"alignleft size-large is-resized\"><img decoding=\"async\" src=\"https:\/\/blogs.santosochoa.es\/logrono\/wp-content\/uploads\/sites\/2\/2022\/03\/libros-y-mas-web.jpg\" alt=\"\" class=\"wp-image-3118\" width=\"300\" srcset=\"https:\/\/blogs.santosochoa.es\/logrono\/wp-content\/uploads\/sites\/2\/2022\/03\/libros-y-mas-web.jpg 591w, https:\/\/blogs.santosochoa.es\/logrono\/wp-content\/uploads\/sites\/2\/2022\/03\/libros-y-mas-web-228x300.jpg 228w\" sizes=\"(max-width: 591px) 100vw, 591px\" \/><\/figure><\/div>\n\n\n\n<h5 class=\"wp-block-heading\"><strong>Siempre es un buen momento para un libro. Siempre es un buen momento para hablar de libros y m\u00e1s. En este magazine cultural, la periodista Raquel D\u00e1valos y el librero Diego Ochoa charlan un rato sobre las \u00faltimas novedades editoriales, los autores m\u00e1s le\u00eddos, juegos por descubrir u otros temas de actualidad.<\/strong><\/h5>\n\n\n\n<p>Con motivo de la <strong>Semana del Libro, invitamos al programa a algunos escritores riojanos para que nos cuenten curiosidades de sus \u00faltimas obras<\/strong>. Enrique Cabez\u00f3n nos trae <em>Una semilla<\/em>, Mar A\u00edsa Poderoso se pregunta <em>\u00bfQui\u00e9n ha visto una sirena?<\/em>, Rita Turza quiz\u00e1 recite alg\u00fan poema de <em>Sesenta y nueve maneras<\/em> y con Francisco Tapia-Fuentes viajaremos hasta las <em>Vi\u00f1as de marte.<\/em><\/p>\n\n\n\n<p>Si te apetece asistir en directo a la grabaci\u00f3n, an\u00edmate, te esperamos. Si prefieres disfrutarlo desde casa en v\u00eddeo o en podcast, atenci\u00f3n a las redes sociales\u2026 @raquelldavalos y @santosochoalog<\/p>\n\n\n\n<div style=\"height:50px\" aria-hidden=\"true\" class=\"wp-block-spacer\"><\/div>\n\n\n\n<h2 class=\"wp-block-heading\"><strong>Cuentacuentos Infantil. <em>100 cuentos de 1 minuto<\/em>. Cuentos de Disney llenos de magia y aventura<\/strong><\/h2>\n\n\n\n<h3 class=\"wp-block-heading\"><strong>S\u00e1bado 30 de abril<\/strong><strong>, a las 12:00 h.<\/strong><\/h3>\n\n\n\n<h4 class=\"wp-block-heading\">Espacio Santos Ochoa. Calvo Sotelo, 19, Logro\u00f1o<\/h4>\n\n\n\n<h3 class=\"wp-block-heading\">A partir de 5 a\u00f1os<\/h3>\n\n\n\n<h3 class=\"wp-block-heading\">&gt;&nbsp;<a href=\"https:\/\/blogs.santosochoa.es\/logrono\/eventos\/100-cuentos-de-1-minuto\/\"><strong><em>Aforo reducido.<\/em><\/strong>&nbsp;Reserva plaza pinchando aqu\u00ed<\/a><\/h3>\n\n\n\n<div class=\"wp-block-image\"><figure class=\"alignright size-large is-resized\"><a href=\"https:\/\/www.santosochoa.es\/libros\/disney_100-cuentos-de-1-minuto_9788418939549\" target=\"_blank\" rel=\"noopener noreferrer\"><img decoding=\"async\" src=\"https:\/\/blogs.santosochoa.es\/logrono\/wp-content\/uploads\/sites\/2\/2022\/03\/100-cuentos-de-1-minuto_editorial-planeta.jpg\" alt=\"\" class=\"wp-image-3134\" width=\"300\" srcset=\"https:\/\/blogs.santosochoa.es\/logrono\/wp-content\/uploads\/sites\/2\/2022\/03\/100-cuentos-de-1-minuto_editorial-planeta.jpg 827w, https:\/\/blogs.santosochoa.es\/logrono\/wp-content\/uploads\/sites\/2\/2022\/03\/100-cuentos-de-1-minuto_editorial-planeta-258x300.jpg 258w, https:\/\/blogs.santosochoa.es\/logrono\/wp-content\/uploads\/sites\/2\/2022\/03\/100-cuentos-de-1-minuto_editorial-planeta-768x892.jpg 768w\" sizes=\"(max-width: 827px) 100vw, 827px\" \/><\/a><\/figure><\/div>\n\n\n\n<h5 class=\"wp-block-heading\"><strong>\u00a1100 cuentos Disney llenos de magia y aventura! En este libro encontrar\u00e1s 100 cuentos breves pensados para ser le\u00eddos en tan solo 1 minuto. Adem\u00e1s, est\u00e1n escritos con letra may\u00fascula para facilitar la lectura a quienes empiezan a leer solos.<\/strong><\/h5>\n\n\n\n<p>Una enviada especial de Disney vendr\u00e1 a Santos Ochoa para ofrecer a los peques <strong>un divertido cuentacuentos y un juego de preguntas<\/strong> sencillas sobre sus personajes favoritos. \u00bfQui\u00e9n se anima? Todos los asistentes recibir\u00e1n un peque\u00f1o obsequio de recuerdo\u2026<\/p>\n\n\n\n<p>Los libros de Disney son un mundo m\u00e1gico de historias llenas de fantas\u00eda e ic\u00f3nicos protagonistas: desde el ratoncito m\u00e1s famoso del mundo, pasando por los incre\u00edbles superh\u00e9roes de Marvel, hasta valientes princesas y un sinf\u00edn de personajes de pel\u00edculas y series \u00fanicas.<\/p>\n\n\n\n<p>Un universo de libros para dejar volar la imaginaci\u00f3n, grandes colecciones con las que aprender, divertirse y vivir emocionantes aventuras en las que todo es posible. Entretenimiento asegurado para todas las edades con los cl\u00e1sicos de siempre y las \u00faltimas novedades.<\/p>\n\n\n\n<div style=\"height:50px\" aria-hidden=\"true\" class=\"wp-block-spacer\"><\/div>\n\n\n\n<h2 class=\"wp-block-heading\"><strong>Firma de libros de Carmela Trujillo<\/strong><\/h2>\n\n\n\n<h3 class=\"wp-block-heading\"><strong>S\u00e1bado 30 de abril<\/strong><strong>, de 18:30 a 20 h.<\/strong><\/h3>\n\n\n\n<h4 class=\"wp-block-heading\">Santos Gran V\u00eda, 55, Logro\u00f1o<\/h4>\n\n\n\n<div class=\"wp-block-image\"><figure class=\"alignright size-large is-resized\"><img decoding=\"async\" src=\"https:\/\/blogs.santosochoa.es\/logrono\/wp-content\/uploads\/sites\/2\/2022\/04\/luci-fer-vive-arriba_carmela-trujillo.jpg\" alt=\"\" class=\"wp-image-3182\" width=\"200\" srcset=\"https:\/\/blogs.santosochoa.es\/logrono\/wp-content\/uploads\/sites\/2\/2022\/04\/luci-fer-vive-arriba_carmela-trujillo.jpg 552w, https:\/\/blogs.santosochoa.es\/logrono\/wp-content\/uploads\/sites\/2\/2022\/04\/luci-fer-vive-arriba_carmela-trujillo-198x300.jpg 198w\" sizes=\"(max-width: 552px) 100vw, 552px\" \/><\/figure><\/div>\n\n\n\n<p><strong>Carmela Trujillo<\/strong> naci\u00f3 en 1966 en Talayuela (C\u00e1ceres) y reside en Logro\u00f1o y en Sabadell. Es licenciada en Filosof\u00eda y Ciencias de la Educaci\u00f3n. Entre sus novelas encuentran Martina (ganadora del VII Premio Internacional HQ\u00d1 de HarperCollins 2019), Desde el otro lado, y la biograf\u00eda Chavela Vargas. Cu\u00e1ntas luces dejaste encendidas. Tambi\u00e9n ha publicado el poemario El estr\u00e9s de las lib\u00e9lulas.<\/p>\n\n\n\n<p>Dentro de la literatura infantil y juvenil, ha publicado m\u00e1s de veinte libros en Espa\u00f1a y en Ecuador, como L<em>uci Fer vive arriba, Manos a la obra, Sirenas, vikingos, ballenas\u2026 y una escalera, En el desierto, Pero \u00bfeso qu\u00e9 es?, Yo quer\u00eda ser saltimbanqui, \u00bfCastillo? \u00bfQu\u00e9 castillo?, La ni\u00f1a que quer\u00eda pasear perros (peque\u00f1os), Cuando las vacas toman el t\u00e9 de las 5, Esto no puede seguir as\u00ed <\/em>(Premio de Narrativa Infantil Vila d\u2019Ibi 2006), etc.<\/p>\n","protected":false},"excerpt":{"rendered":"<p>\u00ab\u00bfPor qu\u00e9 me duele la Tripa?\u00bb, charla y libro de \u00c1ngela Quintas, programa Libros y M\u00e1s, Cuentos de Disney, firma de Silvia Egu\u00edluz y Carmela Trujillo<\/p>\n","protected":false},"author":4,"featured_media":3131,"comment_status":"closed","ping_status":"closed","sticky":false,"template":"","format":"standard","meta":{"footnotes":""},"categories":[10,15,16,18,12],"tags":[],"class_list":["post-3177","post","type-post","status-publish","format-standard","has-post-thumbnail","hentry","category-charlas","category-cuentacuentos","category-el-arte-de-vivir","category-taller-infantil","category-libros"],"yoast_head":"<!-- This site is optimized with the Yoast SEO plugin v27.2 - https:\/\/yoast.com\/product\/yoast-seo-wordpress\/ -->\n<title>Semana del Libro, \u00c1ngela Quintas, programa Libros y M\u00e1s, cuentacuentos y firmas - Santos Ochoa Logro\u00f1o<\/title>\n<meta name=\"description\" content=\"&quot;\u00bfPor qu\u00e9 me duele la Tripa?&quot;, charla y libro de \u00c1ngela Quintas, programa Libros y M\u00e1s, Cuentos de Disney, firma de Silvia Egu\u00edluz y Carmela Trujillo\" \/>\n<meta name=\"robots\" content=\"index, follow, max-snippet:-1, max-image-preview:large, max-video-preview:-1\" \/>\n<link rel=\"canonical\" href=\"https:\/\/blogs.santosochoa.es\/logrono\/semana-del-libro\/\" \/>\n<meta property=\"og:locale\" content=\"es_ES\" \/>\n<meta property=\"og:type\" content=\"article\" \/>\n<meta property=\"og:title\" content=\"Semana del Libro, \u00c1ngela Quintas, programa Libros y M\u00e1s, cuentacuentos y firmas - Santos Ochoa Logro\u00f1o\" \/>\n<meta property=\"og:description\" content=\"&quot;\u00bfPor qu\u00e9 me duele la Tripa?&quot;, charla y libro de \u00c1ngela Quintas, programa Libros y M\u00e1s, Cuentos de Disney, firma de Silvia Egu\u00edluz y Carmela Trujillo\" \/>\n<meta property=\"og:url\" content=\"https:\/\/blogs.santosochoa.es\/logrono\/semana-del-libro\/\" \/>\n<meta property=\"og:site_name\" content=\"Santos Ochoa Logro\u00f1o\" \/>\n<meta property=\"article:author\" content=\"https:\/\/www.facebook.com\/santosochoalog\" \/>\n<meta property=\"article:published_time\" content=\"2022-04-20T11:16:06+00:00\" \/>\n<meta property=\"article:modified_time\" content=\"2022-04-25T08:32:39+00:00\" \/>\n<meta property=\"og:image\" content=\"https:\/\/blogs.santosochoa.es\/logrono\/wp-content\/uploads\/sites\/2\/2022\/03\/por-que-me-duele-la-tripa_angela-quintas.jpg\" \/>\n\t<meta property=\"og:image:width\" content=\"709\" \/>\n\t<meta property=\"og:image:height\" content=\"916\" \/>\n\t<meta property=\"og:image:type\" content=\"image\/jpeg\" \/>\n<meta name=\"author\" content=\"Santos Ochoa Logro\u00f1o\" \/>\n<meta name=\"twitter:card\" content=\"summary_large_image\" \/>\n<meta name=\"twitter:creator\" content=\"@santosochoalog\" \/>\n<meta name=\"twitter:label1\" content=\"Written by\" \/>\n\t<meta name=\"twitter:data1\" content=\"Santos Ochoa Logro\u00f1o\" \/>\n\t<meta name=\"twitter:label2\" content=\"Est. reading time\" \/>\n\t<meta name=\"twitter:data2\" content=\"6 minutos\" \/>\n<script type=\"application\/ld+json\" class=\"yoast-schema-graph\">{\"@context\":\"https:\/\/schema.org\",\"@graph\":[{\"@type\":\"Article\",\"@id\":\"https:\/\/blogs.santosochoa.es\/logrono\/semana-del-libro\/#article\",\"isPartOf\":{\"@id\":\"https:\/\/blogs.santosochoa.es\/logrono\/semana-del-libro\/\"},\"author\":{\"name\":\"Santos Ochoa Logro\u00f1o\",\"@id\":\"https:\/\/blogs.santosochoa.es\/logrono\/#\/schema\/person\/103664eb8c60fbeea1880c704687c2e3\"},\"headline\":\"Semana del Libro, \u00c1ngela Quintas, programa Libros y M\u00e1s, cuentacuentos y firmas\",\"datePublished\":\"2022-04-20T11:16:06+00:00\",\"dateModified\":\"2022-04-25T08:32:39+00:00\",\"mainEntityOfPage\":{\"@id\":\"https:\/\/blogs.santosochoa.es\/logrono\/semana-del-libro\/\"},\"wordCount\":1211,\"image\":{\"@id\":\"https:\/\/blogs.santosochoa.es\/logrono\/semana-del-libro\/#primaryimage\"},\"thumbnailUrl\":\"https:\/\/blogs.santosochoa.es\/logrono\/wp-content\/uploads\/sites\/2\/2022\/03\/por-que-me-duele-la-tripa_angela-quintas.jpg\",\"articleSection\":[\"charlas\",\"cuentacuentos\",\"el arte de vivir\",\"infantil\",\"libros\"],\"inLanguage\":\"es\"},{\"@type\":\"WebPage\",\"@id\":\"https:\/\/blogs.santosochoa.es\/logrono\/semana-del-libro\/\",\"url\":\"https:\/\/blogs.santosochoa.es\/logrono\/semana-del-libro\/\",\"name\":\"Semana del Libro, \u00c1ngela Quintas, programa Libros y M\u00e1s, cuentacuentos y firmas - Santos Ochoa Logro\u00f1o\",\"isPartOf\":{\"@id\":\"https:\/\/blogs.santosochoa.es\/logrono\/#website\"},\"primaryImageOfPage\":{\"@id\":\"https:\/\/blogs.santosochoa.es\/logrono\/semana-del-libro\/#primaryimage\"},\"image\":{\"@id\":\"https:\/\/blogs.santosochoa.es\/logrono\/semana-del-libro\/#primaryimage\"},\"thumbnailUrl\":\"https:\/\/blogs.santosochoa.es\/logrono\/wp-content\/uploads\/sites\/2\/2022\/03\/por-que-me-duele-la-tripa_angela-quintas.jpg\",\"datePublished\":\"2022-04-20T11:16:06+00:00\",\"dateModified\":\"2022-04-25T08:32:39+00:00\",\"author\":{\"@id\":\"https:\/\/blogs.santosochoa.es\/logrono\/#\/schema\/person\/103664eb8c60fbeea1880c704687c2e3\"},\"description\":\"\\\"\u00bfPor qu\u00e9 me duele la Tripa?\\\", charla y libro de \u00c1ngela Quintas, programa Libros y M\u00e1s, Cuentos de Disney, firma de Silvia Egu\u00edluz y Carmela Trujillo\",\"breadcrumb\":{\"@id\":\"https:\/\/blogs.santosochoa.es\/logrono\/semana-del-libro\/#breadcrumb\"},\"inLanguage\":\"es\",\"potentialAction\":[{\"@type\":\"ReadAction\",\"target\":[\"https:\/\/blogs.santosochoa.es\/logrono\/semana-del-libro\/\"]}]},{\"@type\":\"ImageObject\",\"inLanguage\":\"es\",\"@id\":\"https:\/\/blogs.santosochoa.es\/logrono\/semana-del-libro\/#primaryimage\",\"url\":\"https:\/\/blogs.santosochoa.es\/logrono\/wp-content\/uploads\/sites\/2\/2022\/03\/por-que-me-duele-la-tripa_angela-quintas.jpg\",\"contentUrl\":\"https:\/\/blogs.santosochoa.es\/logrono\/wp-content\/uploads\/sites\/2\/2022\/03\/por-que-me-duele-la-tripa_angela-quintas.jpg\",\"width\":709,\"height\":916},{\"@type\":\"BreadcrumbList\",\"@id\":\"https:\/\/blogs.santosochoa.es\/logrono\/semana-del-libro\/#breadcrumb\",\"itemListElement\":[{\"@type\":\"ListItem\",\"position\":1,\"name\":\"Home\",\"item\":\"https:\/\/blogs.santosochoa.es\/logrono\/\"},{\"@type\":\"ListItem\",\"position\":2,\"name\":\"Semana del Libro, \u00c1ngela Quintas, programa Libros y M\u00e1s, cuentacuentos y firmas\"}]},{\"@type\":\"WebSite\",\"@id\":\"https:\/\/blogs.santosochoa.es\/logrono\/#website\",\"url\":\"https:\/\/blogs.santosochoa.es\/logrono\/\",\"name\":\"Santos Ochoa Logro\u00f1o\",\"description\":\"Tu Librer\u00eda Online\",\"potentialAction\":[{\"@type\":\"SearchAction\",\"target\":{\"@type\":\"EntryPoint\",\"urlTemplate\":\"https:\/\/blogs.santosochoa.es\/logrono\/?s={search_term_string}\"},\"query-input\":{\"@type\":\"PropertyValueSpecification\",\"valueRequired\":true,\"valueName\":\"search_term_string\"}}],\"inLanguage\":\"es\"},{\"@type\":\"Person\",\"@id\":\"https:\/\/blogs.santosochoa.es\/logrono\/#\/schema\/person\/103664eb8c60fbeea1880c704687c2e3\",\"name\":\"Santos Ochoa Logro\u00f1o\",\"sameAs\":[\"http:\/\/santosochoa.es\",\"https:\/\/www.facebook.com\/santosochoalog\",\"https:\/\/www.instagram.com\/santosochoalog\/\",\"https:\/\/x.com\/santosochoalog\",\"https:\/\/www.youtube.com\/c\/SantosOchoaLibros\"]}]}<\/script>\n<!-- \/ Yoast SEO plugin. -->","yoast_head_json":{"title":"Semana del Libro, \u00c1ngela Quintas, programa Libros y M\u00e1s, cuentacuentos y firmas - Santos Ochoa Logro\u00f1o","description":"\"\u00bfPor qu\u00e9 me duele la Tripa?\", charla y libro de \u00c1ngela Quintas, programa Libros y M\u00e1s, Cuentos de Disney, firma de Silvia Egu\u00edluz y Carmela Trujillo","robots":{"index":"index","follow":"follow","max-snippet":"max-snippet:-1","max-image-preview":"max-image-preview:large","max-video-preview":"max-video-preview:-1"},"canonical":"https:\/\/blogs.santosochoa.es\/logrono\/semana-del-libro\/","og_locale":"es_ES","og_type":"article","og_title":"Semana del Libro, \u00c1ngela Quintas, programa Libros y M\u00e1s, cuentacuentos y firmas - Santos Ochoa Logro\u00f1o","og_description":"\"\u00bfPor qu\u00e9 me duele la Tripa?\", charla y libro de \u00c1ngela Quintas, programa Libros y M\u00e1s, Cuentos de Disney, firma de Silvia Egu\u00edluz y Carmela Trujillo","og_url":"https:\/\/blogs.santosochoa.es\/logrono\/semana-del-libro\/","og_site_name":"Santos Ochoa Logro\u00f1o","article_author":"https:\/\/www.facebook.com\/santosochoalog","article_published_time":"2022-04-20T11:16:06+00:00","article_modified_time":"2022-04-25T08:32:39+00:00","og_image":[{"width":709,"height":916,"url":"https:\/\/blogs.santosochoa.es\/logrono\/wp-content\/uploads\/sites\/2\/2022\/03\/por-que-me-duele-la-tripa_angela-quintas.jpg","type":"image\/jpeg"}],"author":"Santos Ochoa Logro\u00f1o","twitter_card":"summary_large_image","twitter_creator":"@santosochoalog","twitter_misc":{"Written by":"Santos Ochoa Logro\u00f1o","Est. reading time":"6 minutos"},"schema":{"@context":"https:\/\/schema.org","@graph":[{"@type":"Article","@id":"https:\/\/blogs.santosochoa.es\/logrono\/semana-del-libro\/#article","isPartOf":{"@id":"https:\/\/blogs.santosochoa.es\/logrono\/semana-del-libro\/"},"author":{"name":"Santos Ochoa Logro\u00f1o","@id":"https:\/\/blogs.santosochoa.es\/logrono\/#\/schema\/person\/103664eb8c60fbeea1880c704687c2e3"},"headline":"Semana del Libro, \u00c1ngela Quintas, programa Libros y M\u00e1s, cuentacuentos y firmas","datePublished":"2022-04-20T11:16:06+00:00","dateModified":"2022-04-25T08:32:39+00:00","mainEntityOfPage":{"@id":"https:\/\/blogs.santosochoa.es\/logrono\/semana-del-libro\/"},"wordCount":1211,"image":{"@id":"https:\/\/blogs.santosochoa.es\/logrono\/semana-del-libro\/#primaryimage"},"thumbnailUrl":"https:\/\/blogs.santosochoa.es\/logrono\/wp-content\/uploads\/sites\/2\/2022\/03\/por-que-me-duele-la-tripa_angela-quintas.jpg","articleSection":["charlas","cuentacuentos","el arte de vivir","infantil","libros"],"inLanguage":"es"},{"@type":"WebPage","@id":"https:\/\/blogs.santosochoa.es\/logrono\/semana-del-libro\/","url":"https:\/\/blogs.santosochoa.es\/logrono\/semana-del-libro\/","name":"Semana del Libro, \u00c1ngela Quintas, programa Libros y M\u00e1s, cuentacuentos y firmas - Santos Ochoa Logro\u00f1o","isPartOf":{"@id":"https:\/\/blogs.santosochoa.es\/logrono\/#website"},"primaryImageOfPage":{"@id":"https:\/\/blogs.santosochoa.es\/logrono\/semana-del-libro\/#primaryimage"},"image":{"@id":"https:\/\/blogs.santosochoa.es\/logrono\/semana-del-libro\/#primaryimage"},"thumbnailUrl":"https:\/\/blogs.santosochoa.es\/logrono\/wp-content\/uploads\/sites\/2\/2022\/03\/por-que-me-duele-la-tripa_angela-quintas.jpg","datePublished":"2022-04-20T11:16:06+00:00","dateModified":"2022-04-25T08:32:39+00:00","author":{"@id":"https:\/\/blogs.santosochoa.es\/logrono\/#\/schema\/person\/103664eb8c60fbeea1880c704687c2e3"},"description":"\"\u00bfPor qu\u00e9 me duele la Tripa?\", charla y libro de \u00c1ngela Quintas, programa Libros y M\u00e1s, Cuentos de Disney, firma de Silvia Egu\u00edluz y Carmela Trujillo","breadcrumb":{"@id":"https:\/\/blogs.santosochoa.es\/logrono\/semana-del-libro\/#breadcrumb"},"inLanguage":"es","potentialAction":[{"@type":"ReadAction","target":["https:\/\/blogs.santosochoa.es\/logrono\/semana-del-libro\/"]}]},{"@type":"ImageObject","inLanguage":"es","@id":"https:\/\/blogs.santosochoa.es\/logrono\/semana-del-libro\/#primaryimage","url":"https:\/\/blogs.santosochoa.es\/logrono\/wp-content\/uploads\/sites\/2\/2022\/03\/por-que-me-duele-la-tripa_angela-quintas.jpg","contentUrl":"https:\/\/blogs.santosochoa.es\/logrono\/wp-content\/uploads\/sites\/2\/2022\/03\/por-que-me-duele-la-tripa_angela-quintas.jpg","width":709,"height":916},{"@type":"BreadcrumbList","@id":"https:\/\/blogs.santosochoa.es\/logrono\/semana-del-libro\/#breadcrumb","itemListElement":[{"@type":"ListItem","position":1,"name":"Home","item":"https:\/\/blogs.santosochoa.es\/logrono\/"},{"@type":"ListItem","position":2,"name":"Semana del Libro, \u00c1ngela Quintas, programa Libros y M\u00e1s, cuentacuentos y firmas"}]},{"@type":"WebSite","@id":"https:\/\/blogs.santosochoa.es\/logrono\/#website","url":"https:\/\/blogs.santosochoa.es\/logrono\/","name":"Santos Ochoa Logro\u00f1o","description":"Tu Librer\u00eda Online","potentialAction":[{"@type":"SearchAction","target":{"@type":"EntryPoint","urlTemplate":"https:\/\/blogs.santosochoa.es\/logrono\/?s={search_term_string}"},"query-input":{"@type":"PropertyValueSpecification","valueRequired":true,"valueName":"search_term_string"}}],"inLanguage":"es"},{"@type":"Person","@id":"https:\/\/blogs.santosochoa.es\/logrono\/#\/schema\/person\/103664eb8c60fbeea1880c704687c2e3","name":"Santos Ochoa Logro\u00f1o","sameAs":["http:\/\/santosochoa.es","https:\/\/www.facebook.com\/santosochoalog","https:\/\/www.instagram.com\/santosochoalog\/","https:\/\/x.com\/santosochoalog","https:\/\/www.youtube.com\/c\/SantosOchoaLibros"]}]}},"_links":{"self":[{"href":"https:\/\/blogs.santosochoa.es\/logrono\/wp-json\/wp\/v2\/posts\/3177","targetHints":{"allow":["GET"]}}],"collection":[{"href":"https:\/\/blogs.santosochoa.es\/logrono\/wp-json\/wp\/v2\/posts"}],"about":[{"href":"https:\/\/blogs.santosochoa.es\/logrono\/wp-json\/wp\/v2\/types\/post"}],"author":[{"embeddable":true,"href":"https:\/\/blogs.santosochoa.es\/logrono\/wp-json\/wp\/v2\/users\/4"}],"replies":[{"embeddable":true,"href":"https:\/\/blogs.santosochoa.es\/logrono\/wp-json\/wp\/v2\/comments?post=3177"}],"version-history":[{"count":18,"href":"https:\/\/blogs.santosochoa.es\/logrono\/wp-json\/wp\/v2\/posts\/3177\/revisions"}],"predecessor-version":[{"id":3197,"href":"https:\/\/blogs.santosochoa.es\/logrono\/wp-json\/wp\/v2\/posts\/3177\/revisions\/3197"}],"wp:featuredmedia":[{"embeddable":true,"href":"https:\/\/blogs.santosochoa.es\/logrono\/wp-json\/wp\/v2\/media\/3131"}],"wp:attachment":[{"href":"https:\/\/blogs.santosochoa.es\/logrono\/wp-json\/wp\/v2\/media?parent=3177"}],"wp:term":[{"taxonomy":"category","embeddable":true,"href":"https:\/\/blogs.santosochoa.es\/logrono\/wp-json\/wp\/v2\/categories?post=3177"},{"taxonomy":"post_tag","embeddable":true,"href":"https:\/\/blogs.santosochoa.es\/logrono\/wp-json\/wp\/v2\/tags?post=3177"}],"curies":[{"name":"wp","href":"https:\/\/api.w.org\/{rel}","templated":true}]}}