{"id":3140,"date":"2022-03-30T12:12:22","date_gmt":"2022-03-30T10:12:22","guid":{"rendered":"https:\/\/blogs.santosochoa.es\/logrono\/?p=3140"},"modified":"2022-03-30T12:12:24","modified_gmt":"2022-03-30T10:12:24","slug":"nacho-corredor-javier-oses-libros-y-mas","status":"publish","type":"post","link":"https:\/\/blogs.santosochoa.es\/logrono\/nacho-corredor-javier-oses-libros-y-mas\/","title":{"rendered":"Nacho Corredor, Javier Os\u00e9s, Libros y M\u00e1s"},"content":{"rendered":"\n<h2 class=\"wp-block-heading\"><strong>Programa <em>Libros y M\u00e1s<\/em>, con Raquel D\u00e1valos y Diego Ochoa<\/strong>.<\/h2>\n\n\n\n<h3 class=\"wp-block-heading\"><strong>Mi\u00e9rcoles 6 de abril<\/strong><strong>, a las 19:30 h.<\/strong><\/h3>\n\n\n\n<h4 class=\"wp-block-heading\">Espacio Santos Ochoa. Calvo Sotelo, 19, Logro\u00f1o<\/h4>\n\n\n\n<h3 class=\"wp-block-heading\">&gt;\u00a0Entrada libre hasta completar aforo<\/h3>\n\n\n\n<h3 class=\"wp-block-heading\">&gt;\u00a0<strong><em><a href=\"https:\/\/www.youtube.com\/c\/SantosOchoaLibros\" target=\"_blank\" rel=\"noreferrer noopener\">Tambi\u00e9n desde casa en YouTube<\/a><\/em><\/strong><\/h3>\n\n\n\n<div class=\"wp-block-image\"><figure class=\"alignright size-large is-resized\"><img decoding=\"async\" src=\"https:\/\/blogs.santosochoa.es\/logrono\/wp-content\/uploads\/sites\/2\/2022\/03\/libros-y-mas-web.jpg\" alt=\"\" class=\"wp-image-3118\" width=\"300\" srcset=\"https:\/\/blogs.santosochoa.es\/logrono\/wp-content\/uploads\/sites\/2\/2022\/03\/libros-y-mas-web.jpg 591w, https:\/\/blogs.santosochoa.es\/logrono\/wp-content\/uploads\/sites\/2\/2022\/03\/libros-y-mas-web-228x300.jpg 228w\" sizes=\"(max-width: 591px) 100vw, 591px\" \/><\/figure><\/div>\n\n\n\n<h5 class=\"wp-block-heading\"><strong>Paz. Como la que siempre nos regala un buen libro, donde sumergirnos en mil y una aventuras, viajar a incre\u00edbles lugares, conocer grandes historias y personajes, evocar recuerdos, buscar soluciones o aprender de grandes errores.<\/strong><\/h5>\n\n\n\n<p>Siempre es un buen momento para un libro. Siempre es un buen momento para hablar de libros y m\u00e1s.<\/p>\n\n\n\n<p>En este magazine cultural, la periodista Raquel D\u00e1valos y el librero Diego Ochoa charlan un rato sobre las \u00faltimas novedades editoriales, los autores m\u00e1s le\u00eddos, juegos por descubrir u otros temas de actualidad. Si te apetece asistir en directo a la grabaci\u00f3n, an\u00edmate, te esperamos. Si prefieres disfrutarlo desde casa en v\u00eddeo o en podcast, atenci\u00f3n a las redes sociales\u2026 @raquelldavalos y @santosochoalog<\/p>\n\n\n\n<div style=\"height:50px\" aria-hidden=\"true\" class=\"wp-block-spacer\"><\/div>\n\n\n\n<h2 class=\"wp-block-heading\"><strong>Javier Os\u00e9s presenta <em>El rombo m\u00e1gico de La Rioja<\/em>. Santos, reyes, peregrinos, pel\u00edcanos y una abadesa incorrupta. Una fabulosa historia empapada de vino<\/strong>.<\/h2>\n\n\n\n<h3 class=\"wp-block-heading\"><strong>Jueves 7 de abril<\/strong><strong>, a las 19:30 h.<\/strong><\/h3>\n\n\n\n<h4 class=\"wp-block-heading\">Espacio Santos Ochoa. Calvo Sotelo, 19, Logro\u00f1o<\/h4>\n\n\n\n<h3 class=\"wp-block-heading\">&gt;&nbsp;Entrada libre hasta completar aforo<\/h3>\n\n\n\n<h3 class=\"wp-block-heading\">&gt;\u00a0<strong><em><a href=\"https:\/\/www.youtube.com\/c\/SantosOchoaLibros\" target=\"_blank\" rel=\"noreferrer noopener\">Tambi\u00e9n desde casa en YouTube<\/a><\/em><\/strong><\/h3>\n\n\n\n<div class=\"wp-block-image\"><figure class=\"alignleft size-large is-resized\"><a href=\"https:\/\/www.santosochoa.es\/libros\/osesjavier_el-rombo-magico-de-la-rioja_9788411145787\" target=\"_blank\" rel=\"noopener noreferrer\"><img decoding=\"async\" src=\"https:\/\/blogs.santosochoa.es\/logrono\/wp-content\/uploads\/sites\/2\/2022\/03\/el-rombo-magico-de-la-rioja_javier-oses.jpg\" alt=\"\" class=\"wp-image-3121\" width=\"300\" srcset=\"https:\/\/blogs.santosochoa.es\/logrono\/wp-content\/uploads\/sites\/2\/2022\/03\/el-rombo-magico-de-la-rioja_javier-oses.jpg 591w, https:\/\/blogs.santosochoa.es\/logrono\/wp-content\/uploads\/sites\/2\/2022\/03\/el-rombo-magico-de-la-rioja_javier-oses-205x300.jpg 205w\" sizes=\"(max-width: 591px) 100vw, 591px\" \/><\/a><\/figure><\/div>\n\n\n\n<h5 class=\"wp-block-heading\"><strong>La Rioja entera es una maravilla, pero Javier Os\u00e9s ha querido situar este relato en el rombo que forman San Mill\u00e1n de la Cogolla, N\u00e1jera, Haro y Santo Domingo de la Calzada. En este prodigioso escenario nacieron las primeras palabras en castellano y el primer poeta en lengua espa\u00f1ola, se fragu\u00f3 el Camino de Santiago, existi\u00f3 una corte que fue germen de los reinos que consolidaron Espa\u00f1a tras la reconquista, abundaron los santos y los eremitas y se elabora uno de los vinos m\u00e1s festejados del planeta.<\/strong><\/h5>\n\n\n\n<p>En el centro de esta figura geom\u00e9trica, en Ca\u00f1as, la hija de los fundadores del convento cisterciense y la cuarta abadesa del mismo, do\u00f1a Urraca, permanece incorrupta casi ocho siglos despu\u00e9s de haber sido enterrada en un hermoso sarc\u00f3fago labrado en piedra.<\/p>\n\n\n\n<p>Todas estas circunstancias extraordinarias llevan a un siniestro personaje, el Condesito, a enterrar a su abuela en la abad\u00eda para complacer su deseo de convertirse en leyenda; adem\u00e1s se propone destruir todos los pueblos, bodegas y vi\u00f1edos del entorno para reservar todo el protagonismo al templo donde reposan los restos de su antecesora.<\/p>\n\n\n\n<p>En medio de esta situaci\u00f3n de aut\u00e9ntica psicosis, aparece en escena un sacrist\u00e1n del monasterio de Yuso, apodado Fray Vinajeras, quien anima a los campesinos a que salgan de donde est\u00e9n escondidos para seguir cultivando las vi\u00f1as, que poco a poco se van llenando de conejos y de abandono.<\/p>\n\n\n\n<p>Despu\u00e9s de publicar cientos de art\u00edculos en los medios impresos de La Rioja, de ser corresponsal del ABC y de dirigir en Vitoria El Peri\u00f3dico de \u00c1lava, el periodista y escritor <strong>Javier Os\u00e9s<\/strong>, nacido en Villar de Torre, decidi\u00f3 dar el salto a la literatura. Su primera novela se titulaba <em>El estudiante de San Mill\u00e1n enamorado<\/em> y era un canto a la belleza del castellano. La segunda, <em>Un mill\u00f3n de amigos<\/em>, estaba inspirada en los abusos sexuales de un novicio sobre compa\u00f1eros de estudios en un internado de Logro\u00f1o en los \u00faltimos a\u00f1os del Franquismo.\u00a0 La tercera, <em>La muchacha que silbaba cuando dejaba de llorar<\/em>, relataba los intentos de un ni\u00f1o por dar muerte al rey, que simboliza el c\u00e1ncer, para liberar as\u00ed a su madre de tan terrible enfermedad. Y \u00e9sta que ahora presenta, <em>El rombo m\u00e1gico de La Rioja<\/em>, trata de ser un homenaje a la tierra que le vio nacer, a sus gentes y a sus obras.<\/p>\n\n\n\n<div style=\"height:50px\" aria-hidden=\"true\" class=\"wp-block-spacer\"><\/div>\n\n\n\n<h2 class=\"wp-block-heading\"><strong>El polit\u00f3logo y analista Nacho Corredor presenta <em>El activismo tranquilo<\/em>. Un manifiesto subjetivo a favor de la convivencia.<\/strong><\/h2>\n\n\n\n<h3 class=\"wp-block-heading\"><strong>Viernes 8 de abril<\/strong><strong>, a las 19:30 h.<\/strong><\/h3>\n\n\n\n<h4 class=\"wp-block-heading\">Espacio Santos Ochoa. Calvo Sotelo, 19, Logro\u00f1o<\/h4>\n\n\n\n<h3 class=\"wp-block-heading\">&gt;&nbsp;Entrada libre hasta completar aforo<\/h3>\n\n\n\n<h3 class=\"wp-block-heading\">&gt;\u00a0<strong><em><a href=\"https:\/\/www.youtube.com\/c\/SantosOchoaLibros\" target=\"_blank\" rel=\"noreferrer noopener\">Tambi\u00e9n desde casa en YouTube<\/a><\/em><\/strong><\/h3>\n\n\n\n<div class=\"wp-block-image\"><figure class=\"alignright size-large is-resized\"><img decoding=\"async\" src=\"https:\/\/blogs.santosochoa.es\/logrono\/wp-content\/uploads\/sites\/2\/2022\/03\/el-activismo-tranquilo_nacho-corredor.jpg\" alt=\"\" class=\"wp-image-3123\" width=\"300\" srcset=\"https:\/\/blogs.santosochoa.es\/logrono\/wp-content\/uploads\/sites\/2\/2022\/03\/el-activismo-tranquilo_nacho-corredor.jpg 591w, https:\/\/blogs.santosochoa.es\/logrono\/wp-content\/uploads\/sites\/2\/2022\/03\/el-activismo-tranquilo_nacho-corredor-192x300.jpg 192w\" sizes=\"(max-width: 591px) 100vw, 591px\" \/><\/figure><\/div>\n\n\n\n<p>Acompa\u00f1a al autor <strong>\u00c1lex Dorado<\/strong>, portavoz del Gobierno de La Rioja.<\/p>\n\n\n\n<h5 class=\"wp-block-heading\"><strong>La democracia espa\u00f1ola tiene poco m\u00e1s de cuarenta a\u00f1os (anteayer, como quien dice). Y su consolidaci\u00f3n se debe a la voluntad que han mostrado pol\u00edticos de muy diversas ideolog\u00edas, en ocasiones enfrentadas, de construir un proyecto compartido. Nacho Corredor ha tenido la oportunidad, en la \u00faltima d\u00e9cada, de vivir de cerca algunos de los acontecimientos que han marcado la historia del pa\u00eds. De esas experiencias nacen estas reflexiones.<\/strong><\/h5>\n\n\n\n<p><em>El activismo tranquilo<\/em> no es un manifiesto filos\u00f3fico ni una cr\u00f3nica pol\u00edtica. Solo trata de animar, desde el an\u00e1lisis en primera persona y el compromiso pol\u00edtico, a seguir manteniendo viva la necesidad de luchar por la democracia, en un contexto de crispaci\u00f3n extrema y del aumento de una visi\u00f3n reaccionaria de la historia. Este libro es un manifiesto en favor de la convivencia que toma partido sin ser partidista. Un manifiesto escrito desde la subjetividad de un <em>millennial<\/em> nacido en Santander, crecido en Catalunya (y que sue\u00f1a en catal\u00e1n) y que vive y trabaja en Madrid. Un texto subjetivo, s\u00ed, a favor de la vida en comunidad.<\/p>\n\n\n\n<blockquote class=\"wp-block-quote is-layout-flow wp-block-quote-is-layout-flow\"><p><em>\u00abConviene recordarlo, porque la democracia es una excepci\u00f3n en la historia de Espa\u00f1a y su perpetuidad no est\u00e1 garantizada. La democracia, de hecho, es una excepci\u00f3n en la historia del mundo. Como lo ha sido el proceso de integraci\u00f3n entre Estados que ha representado la Uni\u00f3n Europea. O como lo es, no solo en la historia sino en el mundo, el sistema de bienestar europeo. Nada es para siempre. No descubrimos nada nuevo si advertimos que el orden liberal, el sistema en el que m\u00e1s democracia, libertad, derechos, desarrollo y bienestar ha habido en la historia, est\u00e1 amenazado y tiene a sus enemigos dentro.\u00bb<\/em><\/p><\/blockquote>\n\n\n\n<p><strong>Nacho Corredor<\/strong>, de origen riojano por parte de padre, es polit\u00f3logo y analista pol\u00edtico en <em>Hoy por Hoy, Al Rojo Vivo<\/em> o <em>El Programa de Ana Rosa<\/em>. Ha trabajado en el sector p\u00fablico y privado, como asesor del Gobierno de Espa\u00f1a en el Ministerio de Pol\u00edtica Territorial y Funci\u00f3n P\u00fablica, el Comit\u00e9 Organizador de la Cumbre del Clima COP25 o en Llorente &amp; Cuenca, la principal multinacional espa\u00f1ola del sector de la comunicaci\u00f3n. En la actualidad es socio y presidente del C\u00edrculo de Asesores en la consultor\u00eda beBartlet, adem\u00e1s de vicepresidente de +Democracia, fundador y presidente de Deba-t.org y miembro del comit\u00e9 de consultores de la Asociaci\u00f3n de Comunicaci\u00f3n Pol\u00edtica (ACOP). Docente en posgrados de la Universitat Ramon Llull, la Barcelona School of Management o la Universidad Internacional Men\u00e9ndez Pelayo, forma parte del colectivo Alumni del Aspen Institute en Espa\u00f1a y ha sido seleccionado por la Embajada Brit\u00e1nica como uno de los l\u00edderes emergentes del panorama espa\u00f1ol.<\/p>\n","protected":false},"excerpt":{"rendered":"<p>Nacho Corredor presenta \u00abEl activismo tranquilo\u00bb. Javier Os\u00e9s presenta \u00abEl rombo m\u00e1gico de La Rioja\u00bb. Programa \u00abLibros y M\u00e1s\u00bb, Raquel D\u00e1valos y Diego Ochoa. <\/p>\n","protected":false},"author":4,"featured_media":3123,"comment_status":"closed","ping_status":"closed","sticky":false,"template":"","format":"standard","meta":{"footnotes":""},"categories":[12,13],"tags":[],"class_list":["post-3140","post","type-post","status-publish","format-standard","has-post-thumbnail","hentry","category-libros","category-libros-do-rioja"],"yoast_head":"<!-- This site is optimized with the Yoast SEO plugin v27.2 - https:\/\/yoast.com\/product\/yoast-seo-wordpress\/ -->\n<title>Nacho Corredor, Javier Os\u00e9s, Libros y M\u00e1s - Santos Ochoa Logro\u00f1o<\/title>\n<meta name=\"description\" content=\"Nacho Corredor presenta &quot;El activismo tranquilo&quot;. Javier Os\u00e9s presenta &quot;El rombo m\u00e1gico de La Rioja&quot;. Programa &quot;Libros y M\u00e1s&quot;, Raquel D\u00e1valos y Diego Ochoa.\" \/>\n<meta name=\"robots\" content=\"index, follow, max-snippet:-1, max-image-preview:large, max-video-preview:-1\" \/>\n<link rel=\"canonical\" href=\"https:\/\/blogs.santosochoa.es\/logrono\/nacho-corredor-javier-oses-libros-y-mas\/\" \/>\n<meta property=\"og:locale\" content=\"es_ES\" \/>\n<meta property=\"og:type\" content=\"article\" \/>\n<meta property=\"og:title\" content=\"Nacho Corredor, Javier Os\u00e9s, Libros y M\u00e1s - Santos Ochoa Logro\u00f1o\" \/>\n<meta property=\"og:description\" content=\"Nacho Corredor presenta &quot;El activismo tranquilo&quot;. Javier Os\u00e9s presenta &quot;El rombo m\u00e1gico de La Rioja&quot;. Programa &quot;Libros y M\u00e1s&quot;, Raquel D\u00e1valos y Diego Ochoa.\" \/>\n<meta property=\"og:url\" content=\"https:\/\/blogs.santosochoa.es\/logrono\/nacho-corredor-javier-oses-libros-y-mas\/\" \/>\n<meta property=\"og:site_name\" content=\"Santos Ochoa Logro\u00f1o\" \/>\n<meta property=\"article:author\" content=\"https:\/\/www.facebook.com\/santosochoalog\" \/>\n<meta property=\"article:published_time\" content=\"2022-03-30T10:12:22+00:00\" \/>\n<meta property=\"article:modified_time\" content=\"2022-03-30T10:12:24+00:00\" \/>\n<meta property=\"og:image\" content=\"https:\/\/blogs.santosochoa.es\/logrono\/wp-content\/uploads\/sites\/2\/2022\/03\/el-activismo-tranquilo_nacho-corredor.jpg\" \/>\n\t<meta property=\"og:image:width\" content=\"591\" \/>\n\t<meta property=\"og:image:height\" content=\"922\" \/>\n\t<meta property=\"og:image:type\" content=\"image\/jpeg\" \/>\n<meta name=\"author\" content=\"Santos Ochoa Logro\u00f1o\" \/>\n<meta name=\"twitter:card\" content=\"summary_large_image\" \/>\n<meta name=\"twitter:creator\" content=\"@santosochoalog\" \/>\n<meta name=\"twitter:label1\" content=\"Written by\" \/>\n\t<meta name=\"twitter:data1\" content=\"Santos Ochoa Logro\u00f1o\" \/>\n\t<meta name=\"twitter:label2\" content=\"Est. reading time\" \/>\n\t<meta name=\"twitter:data2\" content=\"6 minutos\" \/>\n<script type=\"application\/ld+json\" class=\"yoast-schema-graph\">{\"@context\":\"https:\/\/schema.org\",\"@graph\":[{\"@type\":\"Article\",\"@id\":\"https:\/\/blogs.santosochoa.es\/logrono\/nacho-corredor-javier-oses-libros-y-mas\/#article\",\"isPartOf\":{\"@id\":\"https:\/\/blogs.santosochoa.es\/logrono\/nacho-corredor-javier-oses-libros-y-mas\/\"},\"author\":{\"name\":\"Santos Ochoa Logro\u00f1o\",\"@id\":\"https:\/\/blogs.santosochoa.es\/logrono\/#\/schema\/person\/103664eb8c60fbeea1880c704687c2e3\"},\"headline\":\"Nacho Corredor, Javier Os\u00e9s, Libros y M\u00e1s\",\"datePublished\":\"2022-03-30T10:12:22+00:00\",\"dateModified\":\"2022-03-30T10:12:24+00:00\",\"mainEntityOfPage\":{\"@id\":\"https:\/\/blogs.santosochoa.es\/logrono\/nacho-corredor-javier-oses-libros-y-mas\/\"},\"wordCount\":1187,\"image\":{\"@id\":\"https:\/\/blogs.santosochoa.es\/logrono\/nacho-corredor-javier-oses-libros-y-mas\/#primaryimage\"},\"thumbnailUrl\":\"https:\/\/blogs.santosochoa.es\/logrono\/wp-content\/uploads\/sites\/2\/2022\/03\/el-activismo-tranquilo_nacho-corredor.jpg\",\"articleSection\":[\"libros\",\"libros do rioja\"],\"inLanguage\":\"es\"},{\"@type\":\"WebPage\",\"@id\":\"https:\/\/blogs.santosochoa.es\/logrono\/nacho-corredor-javier-oses-libros-y-mas\/\",\"url\":\"https:\/\/blogs.santosochoa.es\/logrono\/nacho-corredor-javier-oses-libros-y-mas\/\",\"name\":\"Nacho Corredor, Javier Os\u00e9s, Libros y M\u00e1s - Santos Ochoa Logro\u00f1o\",\"isPartOf\":{\"@id\":\"https:\/\/blogs.santosochoa.es\/logrono\/#website\"},\"primaryImageOfPage\":{\"@id\":\"https:\/\/blogs.santosochoa.es\/logrono\/nacho-corredor-javier-oses-libros-y-mas\/#primaryimage\"},\"image\":{\"@id\":\"https:\/\/blogs.santosochoa.es\/logrono\/nacho-corredor-javier-oses-libros-y-mas\/#primaryimage\"},\"thumbnailUrl\":\"https:\/\/blogs.santosochoa.es\/logrono\/wp-content\/uploads\/sites\/2\/2022\/03\/el-activismo-tranquilo_nacho-corredor.jpg\",\"datePublished\":\"2022-03-30T10:12:22+00:00\",\"dateModified\":\"2022-03-30T10:12:24+00:00\",\"author\":{\"@id\":\"https:\/\/blogs.santosochoa.es\/logrono\/#\/schema\/person\/103664eb8c60fbeea1880c704687c2e3\"},\"description\":\"Nacho Corredor presenta \\\"El activismo tranquilo\\\". Javier Os\u00e9s presenta \\\"El rombo m\u00e1gico de La Rioja\\\". Programa \\\"Libros y M\u00e1s\\\", Raquel D\u00e1valos y Diego Ochoa.\",\"breadcrumb\":{\"@id\":\"https:\/\/blogs.santosochoa.es\/logrono\/nacho-corredor-javier-oses-libros-y-mas\/#breadcrumb\"},\"inLanguage\":\"es\",\"potentialAction\":[{\"@type\":\"ReadAction\",\"target\":[\"https:\/\/blogs.santosochoa.es\/logrono\/nacho-corredor-javier-oses-libros-y-mas\/\"]}]},{\"@type\":\"ImageObject\",\"inLanguage\":\"es\",\"@id\":\"https:\/\/blogs.santosochoa.es\/logrono\/nacho-corredor-javier-oses-libros-y-mas\/#primaryimage\",\"url\":\"https:\/\/blogs.santosochoa.es\/logrono\/wp-content\/uploads\/sites\/2\/2022\/03\/el-activismo-tranquilo_nacho-corredor.jpg\",\"contentUrl\":\"https:\/\/blogs.santosochoa.es\/logrono\/wp-content\/uploads\/sites\/2\/2022\/03\/el-activismo-tranquilo_nacho-corredor.jpg\",\"width\":591,\"height\":922},{\"@type\":\"BreadcrumbList\",\"@id\":\"https:\/\/blogs.santosochoa.es\/logrono\/nacho-corredor-javier-oses-libros-y-mas\/#breadcrumb\",\"itemListElement\":[{\"@type\":\"ListItem\",\"position\":1,\"name\":\"Home\",\"item\":\"https:\/\/blogs.santosochoa.es\/logrono\/\"},{\"@type\":\"ListItem\",\"position\":2,\"name\":\"Nacho Corredor, Javier Os\u00e9s, Libros y M\u00e1s\"}]},{\"@type\":\"WebSite\",\"@id\":\"https:\/\/blogs.santosochoa.es\/logrono\/#website\",\"url\":\"https:\/\/blogs.santosochoa.es\/logrono\/\",\"name\":\"Santos Ochoa Logro\u00f1o\",\"description\":\"Tu Librer\u00eda Online\",\"potentialAction\":[{\"@type\":\"SearchAction\",\"target\":{\"@type\":\"EntryPoint\",\"urlTemplate\":\"https:\/\/blogs.santosochoa.es\/logrono\/?s={search_term_string}\"},\"query-input\":{\"@type\":\"PropertyValueSpecification\",\"valueRequired\":true,\"valueName\":\"search_term_string\"}}],\"inLanguage\":\"es\"},{\"@type\":\"Person\",\"@id\":\"https:\/\/blogs.santosochoa.es\/logrono\/#\/schema\/person\/103664eb8c60fbeea1880c704687c2e3\",\"name\":\"Santos Ochoa Logro\u00f1o\",\"sameAs\":[\"http:\/\/santosochoa.es\",\"https:\/\/www.facebook.com\/santosochoalog\",\"https:\/\/www.instagram.com\/santosochoalog\/\",\"https:\/\/x.com\/santosochoalog\",\"https:\/\/www.youtube.com\/c\/SantosOchoaLibros\"]}]}<\/script>\n<!-- \/ Yoast SEO plugin. -->","yoast_head_json":{"title":"Nacho Corredor, Javier Os\u00e9s, Libros y M\u00e1s - Santos Ochoa Logro\u00f1o","description":"Nacho Corredor presenta \"El activismo tranquilo\". Javier Os\u00e9s presenta \"El rombo m\u00e1gico de La Rioja\". Programa \"Libros y M\u00e1s\", Raquel D\u00e1valos y Diego Ochoa.","robots":{"index":"index","follow":"follow","max-snippet":"max-snippet:-1","max-image-preview":"max-image-preview:large","max-video-preview":"max-video-preview:-1"},"canonical":"https:\/\/blogs.santosochoa.es\/logrono\/nacho-corredor-javier-oses-libros-y-mas\/","og_locale":"es_ES","og_type":"article","og_title":"Nacho Corredor, Javier Os\u00e9s, Libros y M\u00e1s - Santos Ochoa Logro\u00f1o","og_description":"Nacho Corredor presenta \"El activismo tranquilo\". Javier Os\u00e9s presenta \"El rombo m\u00e1gico de La Rioja\". Programa \"Libros y M\u00e1s\", Raquel D\u00e1valos y Diego Ochoa.","og_url":"https:\/\/blogs.santosochoa.es\/logrono\/nacho-corredor-javier-oses-libros-y-mas\/","og_site_name":"Santos Ochoa Logro\u00f1o","article_author":"https:\/\/www.facebook.com\/santosochoalog","article_published_time":"2022-03-30T10:12:22+00:00","article_modified_time":"2022-03-30T10:12:24+00:00","og_image":[{"width":591,"height":922,"url":"https:\/\/blogs.santosochoa.es\/logrono\/wp-content\/uploads\/sites\/2\/2022\/03\/el-activismo-tranquilo_nacho-corredor.jpg","type":"image\/jpeg"}],"author":"Santos Ochoa Logro\u00f1o","twitter_card":"summary_large_image","twitter_creator":"@santosochoalog","twitter_misc":{"Written by":"Santos Ochoa Logro\u00f1o","Est. reading time":"6 minutos"},"schema":{"@context":"https:\/\/schema.org","@graph":[{"@type":"Article","@id":"https:\/\/blogs.santosochoa.es\/logrono\/nacho-corredor-javier-oses-libros-y-mas\/#article","isPartOf":{"@id":"https:\/\/blogs.santosochoa.es\/logrono\/nacho-corredor-javier-oses-libros-y-mas\/"},"author":{"name":"Santos Ochoa Logro\u00f1o","@id":"https:\/\/blogs.santosochoa.es\/logrono\/#\/schema\/person\/103664eb8c60fbeea1880c704687c2e3"},"headline":"Nacho Corredor, Javier Os\u00e9s, Libros y M\u00e1s","datePublished":"2022-03-30T10:12:22+00:00","dateModified":"2022-03-30T10:12:24+00:00","mainEntityOfPage":{"@id":"https:\/\/blogs.santosochoa.es\/logrono\/nacho-corredor-javier-oses-libros-y-mas\/"},"wordCount":1187,"image":{"@id":"https:\/\/blogs.santosochoa.es\/logrono\/nacho-corredor-javier-oses-libros-y-mas\/#primaryimage"},"thumbnailUrl":"https:\/\/blogs.santosochoa.es\/logrono\/wp-content\/uploads\/sites\/2\/2022\/03\/el-activismo-tranquilo_nacho-corredor.jpg","articleSection":["libros","libros do rioja"],"inLanguage":"es"},{"@type":"WebPage","@id":"https:\/\/blogs.santosochoa.es\/logrono\/nacho-corredor-javier-oses-libros-y-mas\/","url":"https:\/\/blogs.santosochoa.es\/logrono\/nacho-corredor-javier-oses-libros-y-mas\/","name":"Nacho Corredor, Javier Os\u00e9s, Libros y M\u00e1s - Santos Ochoa Logro\u00f1o","isPartOf":{"@id":"https:\/\/blogs.santosochoa.es\/logrono\/#website"},"primaryImageOfPage":{"@id":"https:\/\/blogs.santosochoa.es\/logrono\/nacho-corredor-javier-oses-libros-y-mas\/#primaryimage"},"image":{"@id":"https:\/\/blogs.santosochoa.es\/logrono\/nacho-corredor-javier-oses-libros-y-mas\/#primaryimage"},"thumbnailUrl":"https:\/\/blogs.santosochoa.es\/logrono\/wp-content\/uploads\/sites\/2\/2022\/03\/el-activismo-tranquilo_nacho-corredor.jpg","datePublished":"2022-03-30T10:12:22+00:00","dateModified":"2022-03-30T10:12:24+00:00","author":{"@id":"https:\/\/blogs.santosochoa.es\/logrono\/#\/schema\/person\/103664eb8c60fbeea1880c704687c2e3"},"description":"Nacho Corredor presenta \"El activismo tranquilo\". Javier Os\u00e9s presenta \"El rombo m\u00e1gico de La Rioja\". Programa \"Libros y M\u00e1s\", Raquel D\u00e1valos y Diego Ochoa.","breadcrumb":{"@id":"https:\/\/blogs.santosochoa.es\/logrono\/nacho-corredor-javier-oses-libros-y-mas\/#breadcrumb"},"inLanguage":"es","potentialAction":[{"@type":"ReadAction","target":["https:\/\/blogs.santosochoa.es\/logrono\/nacho-corredor-javier-oses-libros-y-mas\/"]}]},{"@type":"ImageObject","inLanguage":"es","@id":"https:\/\/blogs.santosochoa.es\/logrono\/nacho-corredor-javier-oses-libros-y-mas\/#primaryimage","url":"https:\/\/blogs.santosochoa.es\/logrono\/wp-content\/uploads\/sites\/2\/2022\/03\/el-activismo-tranquilo_nacho-corredor.jpg","contentUrl":"https:\/\/blogs.santosochoa.es\/logrono\/wp-content\/uploads\/sites\/2\/2022\/03\/el-activismo-tranquilo_nacho-corredor.jpg","width":591,"height":922},{"@type":"BreadcrumbList","@id":"https:\/\/blogs.santosochoa.es\/logrono\/nacho-corredor-javier-oses-libros-y-mas\/#breadcrumb","itemListElement":[{"@type":"ListItem","position":1,"name":"Home","item":"https:\/\/blogs.santosochoa.es\/logrono\/"},{"@type":"ListItem","position":2,"name":"Nacho Corredor, Javier Os\u00e9s, Libros y M\u00e1s"}]},{"@type":"WebSite","@id":"https:\/\/blogs.santosochoa.es\/logrono\/#website","url":"https:\/\/blogs.santosochoa.es\/logrono\/","name":"Santos Ochoa Logro\u00f1o","description":"Tu Librer\u00eda Online","potentialAction":[{"@type":"SearchAction","target":{"@type":"EntryPoint","urlTemplate":"https:\/\/blogs.santosochoa.es\/logrono\/?s={search_term_string}"},"query-input":{"@type":"PropertyValueSpecification","valueRequired":true,"valueName":"search_term_string"}}],"inLanguage":"es"},{"@type":"Person","@id":"https:\/\/blogs.santosochoa.es\/logrono\/#\/schema\/person\/103664eb8c60fbeea1880c704687c2e3","name":"Santos Ochoa Logro\u00f1o","sameAs":["http:\/\/santosochoa.es","https:\/\/www.facebook.com\/santosochoalog","https:\/\/www.instagram.com\/santosochoalog\/","https:\/\/x.com\/santosochoalog","https:\/\/www.youtube.com\/c\/SantosOchoaLibros"]}]}},"_links":{"self":[{"href":"https:\/\/blogs.santosochoa.es\/logrono\/wp-json\/wp\/v2\/posts\/3140","targetHints":{"allow":["GET"]}}],"collection":[{"href":"https:\/\/blogs.santosochoa.es\/logrono\/wp-json\/wp\/v2\/posts"}],"about":[{"href":"https:\/\/blogs.santosochoa.es\/logrono\/wp-json\/wp\/v2\/types\/post"}],"author":[{"embeddable":true,"href":"https:\/\/blogs.santosochoa.es\/logrono\/wp-json\/wp\/v2\/users\/4"}],"replies":[{"embeddable":true,"href":"https:\/\/blogs.santosochoa.es\/logrono\/wp-json\/wp\/v2\/comments?post=3140"}],"version-history":[{"count":1,"href":"https:\/\/blogs.santosochoa.es\/logrono\/wp-json\/wp\/v2\/posts\/3140\/revisions"}],"predecessor-version":[{"id":3141,"href":"https:\/\/blogs.santosochoa.es\/logrono\/wp-json\/wp\/v2\/posts\/3140\/revisions\/3141"}],"wp:featuredmedia":[{"embeddable":true,"href":"https:\/\/blogs.santosochoa.es\/logrono\/wp-json\/wp\/v2\/media\/3123"}],"wp:attachment":[{"href":"https:\/\/blogs.santosochoa.es\/logrono\/wp-json\/wp\/v2\/media?parent=3140"}],"wp:term":[{"taxonomy":"category","embeddable":true,"href":"https:\/\/blogs.santosochoa.es\/logrono\/wp-json\/wp\/v2\/categories?post=3140"},{"taxonomy":"post_tag","embeddable":true,"href":"https:\/\/blogs.santosochoa.es\/logrono\/wp-json\/wp\/v2\/tags?post=3140"}],"curies":[{"name":"wp","href":"https:\/\/api.w.org\/{rel}","templated":true}]}}