{"id":3135,"date":"2022-03-23T12:22:23","date_gmt":"2022-03-23T11:22:23","guid":{"rendered":"https:\/\/blogs.santosochoa.es\/logrono\/?p=3135"},"modified":"2022-03-23T12:22:24","modified_gmt":"2022-03-23T11:22:24","slug":"david-jimenez-y-ana-lena-rivera","status":"publish","type":"post","link":"https:\/\/blogs.santosochoa.es\/logrono\/david-jimenez-y-ana-lena-rivera\/","title":{"rendered":"David Jim\u00e9nez y Ana Lena Rivera"},"content":{"rendered":"\n<h2 class=\"wp-block-heading\"><strong>David Jim\u00e9nez presenta <em>El corresponsal. <\/em>Una novela apasionante basada en hechos reales<\/strong><\/h2>\n\n\n\n<h3 class=\"wp-block-heading\"><strong>Martes 29 de marzo<\/strong><strong>, a las 19:30 h.<\/strong><\/h3>\n\n\n\n<h4 class=\"wp-block-heading\">Espacio Santos Ochoa. Calvo Sotelo, 19, Logro\u00f1o<\/h4>\n\n\n\n<h3 class=\"wp-block-heading\">&gt;\u00a0<a href=\"https:\/\/blogs.santosochoa.es\/logrono\/eventos\/el-corresponsal\/\"><strong><em>Aforo reducido.<\/em><\/strong>\u00a0Reserva plaza pinchando aqu\u00ed<\/a><\/h3>\n\n\n\n<h3 class=\"wp-block-heading\">&gt;&nbsp;<strong><em><a href=\"https:\/\/www.youtube.com\/c\/SantosOchoaLibros\" target=\"_blank\" rel=\"noreferrer noopener\">Tambi\u00e9n desde casa en YouTube<\/a><\/em><\/strong><\/h3>\n\n\n\n<div class=\"wp-block-image\"><figure class=\"alignright size-large is-resized\"><a href=\"https:\/\/www.santosochoa.es\/libros\/jimenez-david_el-corresponsal_9788408250869\" target=\"_blank\" rel=\"noopener noreferrer\"><img decoding=\"async\" src=\"https:\/\/blogs.santosochoa.es\/logrono\/wp-content\/uploads\/sites\/2\/2022\/02\/el-corresponsal_david-jimenez.jpg\" alt=\"\" class=\"wp-image-3089\" width=\"300\" srcset=\"https:\/\/blogs.santosochoa.es\/logrono\/wp-content\/uploads\/sites\/2\/2022\/02\/el-corresponsal_david-jimenez.jpg 591w, https:\/\/blogs.santosochoa.es\/logrono\/wp-content\/uploads\/sites\/2\/2022\/02\/el-corresponsal_david-jimenez-197x300.jpg 197w\" sizes=\"(max-width: 591px) 100vw, 591px\" \/><\/a><\/figure><\/div>\n\n\n\n<p>Acompa\u00f1a al autor el poeta, escritor y editor <strong>Enrique Cabez\u00f3n<\/strong>.<\/p>\n\n\n\n<blockquote class=\"wp-block-quote is-layout-flow wp-block-quote-is-layout-flow\"><p>Despu\u00e9s del \u00e9xito de <em>El director<\/em>, David Jim\u00e9nez regresa con una novela apasionante basada en hechos reales.<\/p><\/blockquote>\n\n\n\n<p><strong>Todos tenemos un lugar del que nunca volvemos.<\/strong><\/p>\n\n\n\n<h5 class=\"wp-block-heading\"><strong>El joven periodista Miguel Bravo anhela una vida de aventuras cuando le llega su gran oportunidad: es enviado a Birmania para cubrir la Revuelta Azafr\u00e1n, liderada por monjes budistas. En medio de un pa\u00eds en convulsi\u00f3n, Bravo se sumerge en la fascinante vida de un grupo de corresponsales internacionales. Sus rivalidades, miedos, sue\u00f1os, luces y sombras son llevados al extremo cuando la dictadura reprime las protestas y confina a los reporteros en su hotel.<\/strong><\/h5>\n\n\n\n<p>La amistad de Bravo con Daniel Vinton, un m\u00edtico periodista que muestra las heridas de batallas pasadas, y su amor por la enigm\u00e1tica traductora Nann Lay ser\u00e1n el preludio de la tragedia que enfrentar\u00e1 al reci\u00e9n llegado a su prueba de fuego.<\/p>\n\n\n\n<p>Inspirada en hechos reales, <em>El corresponsal<\/em> nos lleva hasta el pa\u00eds \u00abm\u00e1s bello y triste jam\u00e1s inventado\u00bb y descubre el mundo \u00edntimo de los reporteros de guerra. \u00bfPueden el amor, la amistad y la verdad abrirse paso entre las tinieblas de la condici\u00f3n humana?<\/p>\n\n\n\n<p><strong>David Jim\u00e9nez<\/strong> (Barcelona, 1971) ha trabajado como reportero en m\u00e1s de treinta pa\u00edses, incluidos Corea del Norte, Siria o Birmania. Se le considera un periodista con alcance e influencia global. Sus libros han sido traducidos a media docena de idiomas e incluyen el bestseller <em>El director<\/em>, sus memorias sobre el a\u00f1o que dirigi\u00f3 el diario El Mundo. Tambi\u00e9n ha publicado <em>Hijos del monz\u00f3n<\/em>, que obtuvo el Premio Internacional de Literatura de Viajes Camino del Cid; <em>El lugar m\u00e1s feliz del mundo<\/em> y <em>El botones de Kabul<\/em>, novela inspirada en su cobertura del conflicto afgano. El autor es Nieman Fellow por la Universidad de Harvard, maestro de periodistas y columnista en The New York Times.<\/p>\n\n\n\n<div style=\"height:50px\" aria-hidden=\"true\" class=\"wp-block-spacer\"><\/div>\n\n\n\n<h2 class=\"wp-block-heading\"><strong>[Charla con la Autora] Ana Lena Rivera presenta <em>Las herederas de la Singer<\/em>, una saga familiar de mujeres fuertes y la m\u00e1quina de coser que marc\u00f3 sus vidas<\/strong><\/h2>\n\n\n\n<h3 class=\"wp-block-heading\"><strong>Jueves 31 de marzo<\/strong><strong>, a las 19:30 h.<\/strong><\/h3>\n\n\n\n<h4 class=\"wp-block-heading\">Espacio Santos Ochoa. Calvo Sotelo, 19, Logro\u00f1o<\/h4>\n\n\n\n<h3 class=\"wp-block-heading\">&gt;\u00a0<a href=\"https:\/\/blogs.santosochoa.es\/logrono\/eventos\/las-herederas-de-la-singer\/\"><strong><em>Aforo reducido.<\/em><\/strong>\u00a0Reserva plaza pinchando aqu\u00ed<\/a><\/h3>\n\n\n\n<h3 class=\"wp-block-heading\">&gt;\u00a0<strong><em><a href=\"https:\/\/www.youtube.com\/c\/SantosOchoaLibros\" target=\"_blank\" rel=\"noreferrer noopener\">Tambi\u00e9n desde casa en YouTube<\/a><\/em><\/strong><\/h3>\n\n\n\n<div class=\"wp-block-image\"><figure class=\"alignright size-large is-resized\"><a href=\"https:\/\/www.santosochoa.es\/libros\/lena-rivera-ana_las-herederas-de-la-singer_9788425360978\" target=\"_blank\" rel=\"noopener noreferrer\"><img decoding=\"async\" src=\"https:\/\/blogs.santosochoa.es\/logrono\/wp-content\/uploads\/sites\/2\/2022\/02\/las-herederas-de-la-singer_ana-lena-rivera.jpg\" alt=\"\" class=\"wp-image-3091\" width=\"300\" srcset=\"https:\/\/blogs.santosochoa.es\/logrono\/wp-content\/uploads\/sites\/2\/2022\/02\/las-herederas-de-la-singer_ana-lena-rivera.jpg 591w, https:\/\/blogs.santosochoa.es\/logrono\/wp-content\/uploads\/sites\/2\/2022\/02\/las-herederas-de-la-singer_ana-lena-rivera-198x300.jpg 198w\" sizes=\"(max-width: 591px) 100vw, 591px\" \/><\/a><\/figure><\/div>\n\n\n\n<blockquote class=\"wp-block-quote is-layout-flow wp-block-quote-is-layout-flow\"><p><strong><em>Las herederas de la Singer<\/em> cuenta la conmovedora historia de las mujeres de una familia ligadas a una m\u00e1quina de coser que custodi\u00f3 un secreto durante cuatro generaciones.<\/strong><\/p><\/blockquote>\n\n\n\n<h5 class=\"wp-block-heading\"><strong>El d\u00eda que la joven Aurora se vio obligada a trabajar en la mina tras el accidente de su padre, se jur\u00f3 a s\u00ed misma hacer lo que fuera necesario para salir de aquel infierno.<\/strong><\/h5>\n\n\n\n<p>Un matrimonio sin amor y la m\u00e1quina de coser Singer de segunda mano que recibe como regalo de bodas le proporcionar\u00e1n una nueva forma de salir adelante, hasta que un terrible suceso convierte la Singer en la \u00fanica prueba de la amenaza que la perseguir\u00e1 toda la vida.<\/p>\n\n\n\n<p>Muchos a\u00f1os despu\u00e9s, la complicidad que teje con su biznieta Alba desvelar\u00e1 el secreto que ha planeado sobre las mujeres de su familia.<\/p>\n\n\n\n<p><strong>Ana Lena Rivera<\/strong> naci\u00f3 en Oviedo en 1972 aunque lleva muchos a\u00f1os viviendo en Madrid. Estudi\u00f3 Derecho y Administraci\u00f3n y Direcci\u00f3n de Empresas y, aunque so\u00f1aba con ser escritora, tuvo una carrera profesional emocionante dentro del mundo empresarial multinacional. La prescripci\u00f3n m\u00e9dica de reposo domiciliario durante el embarazo de su hijo le dio la oportunidad de escribir y cambiar los negocios por su gran pasi\u00f3n. Su nueva novela, <em>Las herederas de la Singer<\/em>, inaugura una nueva etapa despu\u00e9s de tres obras dedicadas a la investigadora Gracia San Sebasti\u00e1n: <em>Lo que callan los muertos<\/em> (Premio Torrente Ballester), <em>Un asesino en tu sombra<\/em> y <em>Los muertos no saben nadar<\/em>.<\/p>\n","protected":false},"excerpt":{"rendered":"<p>David Jim\u00e9nez presenta El corresponsal. Una novela apasionante basada en hechos reales Martes 29 de marzo, a las 19:30 h. Espacio Santos Ochoa. Calvo Sotelo, 19, Logro\u00f1o &gt;\u00a0Aforo reducido.\u00a0Reserva plaza pinchando aqu\u00ed &gt;&nbsp;Tambi\u00e9n desde casa en YouTube Acompa\u00f1a al autor el poeta, escritor y editor Enrique Cabez\u00f3n. Despu\u00e9s del \u00e9xito de El director, David Jim\u00e9nez [&hellip;]<\/p>\n","protected":false},"author":4,"featured_media":3089,"comment_status":"closed","ping_status":"closed","sticky":false,"template":"","format":"standard","meta":{"footnotes":""},"categories":[14,12],"tags":[],"class_list":["post-3135","post","type-post","status-publish","format-standard","has-post-thumbnail","hentry","category-charla-con-el-autor","category-libros"],"yoast_head":"<!-- This site is optimized with the Yoast SEO plugin v27.2 - https:\/\/yoast.com\/product\/yoast-seo-wordpress\/ -->\n<title>David Jim\u00e9nez y Ana Lena Rivera - Santos Ochoa Logro\u00f1o<\/title>\n<meta name=\"description\" content=\"Agenda Cultural. David Jim\u00e9nez presenta &quot;El corresponsal&quot;. Ana Lena Rivera presenta &quot;Las herederas de la Singer&quot;\" \/>\n<meta name=\"robots\" content=\"index, follow, max-snippet:-1, max-image-preview:large, max-video-preview:-1\" \/>\n<link rel=\"canonical\" href=\"https:\/\/blogs.santosochoa.es\/logrono\/david-jimenez-y-ana-lena-rivera\/\" \/>\n<meta property=\"og:locale\" content=\"es_ES\" \/>\n<meta property=\"og:type\" content=\"article\" \/>\n<meta property=\"og:title\" content=\"David Jim\u00e9nez y Ana Lena Rivera - Santos Ochoa Logro\u00f1o\" \/>\n<meta property=\"og:description\" content=\"Agenda Cultural. David Jim\u00e9nez presenta &quot;El corresponsal&quot;. Ana Lena Rivera presenta &quot;Las herederas de la Singer&quot;\" \/>\n<meta property=\"og:url\" content=\"https:\/\/blogs.santosochoa.es\/logrono\/david-jimenez-y-ana-lena-rivera\/\" \/>\n<meta property=\"og:site_name\" content=\"Santos Ochoa Logro\u00f1o\" \/>\n<meta property=\"article:author\" content=\"https:\/\/www.facebook.com\/santosochoalog\" \/>\n<meta property=\"article:published_time\" content=\"2022-03-23T11:22:23+00:00\" \/>\n<meta property=\"article:modified_time\" content=\"2022-03-23T11:22:24+00:00\" \/>\n<meta property=\"og:image\" content=\"https:\/\/blogs.santosochoa.es\/logrono\/wp-content\/uploads\/sites\/2\/2022\/02\/el-corresponsal_david-jimenez.jpg\" \/>\n\t<meta property=\"og:image:width\" content=\"591\" \/>\n\t<meta property=\"og:image:height\" content=\"899\" \/>\n\t<meta property=\"og:image:type\" content=\"image\/jpeg\" \/>\n<meta name=\"author\" content=\"Santos Ochoa Logro\u00f1o\" \/>\n<meta name=\"twitter:card\" content=\"summary_large_image\" \/>\n<meta name=\"twitter:creator\" content=\"@santosochoalog\" \/>\n<meta name=\"twitter:label1\" content=\"Written by\" \/>\n\t<meta name=\"twitter:data1\" content=\"Santos Ochoa Logro\u00f1o\" \/>\n\t<meta name=\"twitter:label2\" content=\"Est. reading time\" \/>\n\t<meta name=\"twitter:data2\" content=\"3 minutos\" \/>\n<script type=\"application\/ld+json\" class=\"yoast-schema-graph\">{\"@context\":\"https:\/\/schema.org\",\"@graph\":[{\"@type\":\"Article\",\"@id\":\"https:\/\/blogs.santosochoa.es\/logrono\/david-jimenez-y-ana-lena-rivera\/#article\",\"isPartOf\":{\"@id\":\"https:\/\/blogs.santosochoa.es\/logrono\/david-jimenez-y-ana-lena-rivera\/\"},\"author\":{\"name\":\"Santos Ochoa Logro\u00f1o\",\"@id\":\"https:\/\/blogs.santosochoa.es\/logrono\/#\/schema\/person\/103664eb8c60fbeea1880c704687c2e3\"},\"headline\":\"David Jim\u00e9nez y Ana Lena Rivera\",\"datePublished\":\"2022-03-23T11:22:23+00:00\",\"dateModified\":\"2022-03-23T11:22:24+00:00\",\"mainEntityOfPage\":{\"@id\":\"https:\/\/blogs.santosochoa.es\/logrono\/david-jimenez-y-ana-lena-rivera\/\"},\"wordCount\":690,\"image\":{\"@id\":\"https:\/\/blogs.santosochoa.es\/logrono\/david-jimenez-y-ana-lena-rivera\/#primaryimage\"},\"thumbnailUrl\":\"https:\/\/blogs.santosochoa.es\/logrono\/wp-content\/uploads\/sites\/2\/2022\/02\/el-corresponsal_david-jimenez.jpg\",\"articleSection\":[\"charla con el autor\",\"libros\"],\"inLanguage\":\"es\"},{\"@type\":\"WebPage\",\"@id\":\"https:\/\/blogs.santosochoa.es\/logrono\/david-jimenez-y-ana-lena-rivera\/\",\"url\":\"https:\/\/blogs.santosochoa.es\/logrono\/david-jimenez-y-ana-lena-rivera\/\",\"name\":\"David Jim\u00e9nez y Ana Lena Rivera - Santos Ochoa Logro\u00f1o\",\"isPartOf\":{\"@id\":\"https:\/\/blogs.santosochoa.es\/logrono\/#website\"},\"primaryImageOfPage\":{\"@id\":\"https:\/\/blogs.santosochoa.es\/logrono\/david-jimenez-y-ana-lena-rivera\/#primaryimage\"},\"image\":{\"@id\":\"https:\/\/blogs.santosochoa.es\/logrono\/david-jimenez-y-ana-lena-rivera\/#primaryimage\"},\"thumbnailUrl\":\"https:\/\/blogs.santosochoa.es\/logrono\/wp-content\/uploads\/sites\/2\/2022\/02\/el-corresponsal_david-jimenez.jpg\",\"datePublished\":\"2022-03-23T11:22:23+00:00\",\"dateModified\":\"2022-03-23T11:22:24+00:00\",\"author\":{\"@id\":\"https:\/\/blogs.santosochoa.es\/logrono\/#\/schema\/person\/103664eb8c60fbeea1880c704687c2e3\"},\"description\":\"Agenda Cultural. David Jim\u00e9nez presenta \\\"El corresponsal\\\". Ana Lena Rivera presenta \\\"Las herederas de la Singer\\\"\",\"breadcrumb\":{\"@id\":\"https:\/\/blogs.santosochoa.es\/logrono\/david-jimenez-y-ana-lena-rivera\/#breadcrumb\"},\"inLanguage\":\"es\",\"potentialAction\":[{\"@type\":\"ReadAction\",\"target\":[\"https:\/\/blogs.santosochoa.es\/logrono\/david-jimenez-y-ana-lena-rivera\/\"]}]},{\"@type\":\"ImageObject\",\"inLanguage\":\"es\",\"@id\":\"https:\/\/blogs.santosochoa.es\/logrono\/david-jimenez-y-ana-lena-rivera\/#primaryimage\",\"url\":\"https:\/\/blogs.santosochoa.es\/logrono\/wp-content\/uploads\/sites\/2\/2022\/02\/el-corresponsal_david-jimenez.jpg\",\"contentUrl\":\"https:\/\/blogs.santosochoa.es\/logrono\/wp-content\/uploads\/sites\/2\/2022\/02\/el-corresponsal_david-jimenez.jpg\",\"width\":591,\"height\":899},{\"@type\":\"BreadcrumbList\",\"@id\":\"https:\/\/blogs.santosochoa.es\/logrono\/david-jimenez-y-ana-lena-rivera\/#breadcrumb\",\"itemListElement\":[{\"@type\":\"ListItem\",\"position\":1,\"name\":\"Home\",\"item\":\"https:\/\/blogs.santosochoa.es\/logrono\/\"},{\"@type\":\"ListItem\",\"position\":2,\"name\":\"David Jim\u00e9nez y Ana Lena Rivera\"}]},{\"@type\":\"WebSite\",\"@id\":\"https:\/\/blogs.santosochoa.es\/logrono\/#website\",\"url\":\"https:\/\/blogs.santosochoa.es\/logrono\/\",\"name\":\"Santos Ochoa Logro\u00f1o\",\"description\":\"Tu Librer\u00eda Online\",\"potentialAction\":[{\"@type\":\"SearchAction\",\"target\":{\"@type\":\"EntryPoint\",\"urlTemplate\":\"https:\/\/blogs.santosochoa.es\/logrono\/?s={search_term_string}\"},\"query-input\":{\"@type\":\"PropertyValueSpecification\",\"valueRequired\":true,\"valueName\":\"search_term_string\"}}],\"inLanguage\":\"es\"},{\"@type\":\"Person\",\"@id\":\"https:\/\/blogs.santosochoa.es\/logrono\/#\/schema\/person\/103664eb8c60fbeea1880c704687c2e3\",\"name\":\"Santos Ochoa Logro\u00f1o\",\"sameAs\":[\"http:\/\/santosochoa.es\",\"https:\/\/www.facebook.com\/santosochoalog\",\"https:\/\/www.instagram.com\/santosochoalog\/\",\"https:\/\/x.com\/santosochoalog\",\"https:\/\/www.youtube.com\/c\/SantosOchoaLibros\"]}]}<\/script>\n<!-- \/ Yoast SEO plugin. -->","yoast_head_json":{"title":"David Jim\u00e9nez y Ana Lena Rivera - Santos Ochoa Logro\u00f1o","description":"Agenda Cultural. David Jim\u00e9nez presenta \"El corresponsal\". Ana Lena Rivera presenta \"Las herederas de la Singer\"","robots":{"index":"index","follow":"follow","max-snippet":"max-snippet:-1","max-image-preview":"max-image-preview:large","max-video-preview":"max-video-preview:-1"},"canonical":"https:\/\/blogs.santosochoa.es\/logrono\/david-jimenez-y-ana-lena-rivera\/","og_locale":"es_ES","og_type":"article","og_title":"David Jim\u00e9nez y Ana Lena Rivera - Santos Ochoa Logro\u00f1o","og_description":"Agenda Cultural. David Jim\u00e9nez presenta \"El corresponsal\". Ana Lena Rivera presenta \"Las herederas de la Singer\"","og_url":"https:\/\/blogs.santosochoa.es\/logrono\/david-jimenez-y-ana-lena-rivera\/","og_site_name":"Santos Ochoa Logro\u00f1o","article_author":"https:\/\/www.facebook.com\/santosochoalog","article_published_time":"2022-03-23T11:22:23+00:00","article_modified_time":"2022-03-23T11:22:24+00:00","og_image":[{"width":591,"height":899,"url":"https:\/\/blogs.santosochoa.es\/logrono\/wp-content\/uploads\/sites\/2\/2022\/02\/el-corresponsal_david-jimenez.jpg","type":"image\/jpeg"}],"author":"Santos Ochoa Logro\u00f1o","twitter_card":"summary_large_image","twitter_creator":"@santosochoalog","twitter_misc":{"Written by":"Santos Ochoa Logro\u00f1o","Est. reading time":"3 minutos"},"schema":{"@context":"https:\/\/schema.org","@graph":[{"@type":"Article","@id":"https:\/\/blogs.santosochoa.es\/logrono\/david-jimenez-y-ana-lena-rivera\/#article","isPartOf":{"@id":"https:\/\/blogs.santosochoa.es\/logrono\/david-jimenez-y-ana-lena-rivera\/"},"author":{"name":"Santos Ochoa Logro\u00f1o","@id":"https:\/\/blogs.santosochoa.es\/logrono\/#\/schema\/person\/103664eb8c60fbeea1880c704687c2e3"},"headline":"David Jim\u00e9nez y Ana Lena Rivera","datePublished":"2022-03-23T11:22:23+00:00","dateModified":"2022-03-23T11:22:24+00:00","mainEntityOfPage":{"@id":"https:\/\/blogs.santosochoa.es\/logrono\/david-jimenez-y-ana-lena-rivera\/"},"wordCount":690,"image":{"@id":"https:\/\/blogs.santosochoa.es\/logrono\/david-jimenez-y-ana-lena-rivera\/#primaryimage"},"thumbnailUrl":"https:\/\/blogs.santosochoa.es\/logrono\/wp-content\/uploads\/sites\/2\/2022\/02\/el-corresponsal_david-jimenez.jpg","articleSection":["charla con el autor","libros"],"inLanguage":"es"},{"@type":"WebPage","@id":"https:\/\/blogs.santosochoa.es\/logrono\/david-jimenez-y-ana-lena-rivera\/","url":"https:\/\/blogs.santosochoa.es\/logrono\/david-jimenez-y-ana-lena-rivera\/","name":"David Jim\u00e9nez y Ana Lena Rivera - Santos Ochoa Logro\u00f1o","isPartOf":{"@id":"https:\/\/blogs.santosochoa.es\/logrono\/#website"},"primaryImageOfPage":{"@id":"https:\/\/blogs.santosochoa.es\/logrono\/david-jimenez-y-ana-lena-rivera\/#primaryimage"},"image":{"@id":"https:\/\/blogs.santosochoa.es\/logrono\/david-jimenez-y-ana-lena-rivera\/#primaryimage"},"thumbnailUrl":"https:\/\/blogs.santosochoa.es\/logrono\/wp-content\/uploads\/sites\/2\/2022\/02\/el-corresponsal_david-jimenez.jpg","datePublished":"2022-03-23T11:22:23+00:00","dateModified":"2022-03-23T11:22:24+00:00","author":{"@id":"https:\/\/blogs.santosochoa.es\/logrono\/#\/schema\/person\/103664eb8c60fbeea1880c704687c2e3"},"description":"Agenda Cultural. David Jim\u00e9nez presenta \"El corresponsal\". Ana Lena Rivera presenta \"Las herederas de la Singer\"","breadcrumb":{"@id":"https:\/\/blogs.santosochoa.es\/logrono\/david-jimenez-y-ana-lena-rivera\/#breadcrumb"},"inLanguage":"es","potentialAction":[{"@type":"ReadAction","target":["https:\/\/blogs.santosochoa.es\/logrono\/david-jimenez-y-ana-lena-rivera\/"]}]},{"@type":"ImageObject","inLanguage":"es","@id":"https:\/\/blogs.santosochoa.es\/logrono\/david-jimenez-y-ana-lena-rivera\/#primaryimage","url":"https:\/\/blogs.santosochoa.es\/logrono\/wp-content\/uploads\/sites\/2\/2022\/02\/el-corresponsal_david-jimenez.jpg","contentUrl":"https:\/\/blogs.santosochoa.es\/logrono\/wp-content\/uploads\/sites\/2\/2022\/02\/el-corresponsal_david-jimenez.jpg","width":591,"height":899},{"@type":"BreadcrumbList","@id":"https:\/\/blogs.santosochoa.es\/logrono\/david-jimenez-y-ana-lena-rivera\/#breadcrumb","itemListElement":[{"@type":"ListItem","position":1,"name":"Home","item":"https:\/\/blogs.santosochoa.es\/logrono\/"},{"@type":"ListItem","position":2,"name":"David Jim\u00e9nez y Ana Lena Rivera"}]},{"@type":"WebSite","@id":"https:\/\/blogs.santosochoa.es\/logrono\/#website","url":"https:\/\/blogs.santosochoa.es\/logrono\/","name":"Santos Ochoa Logro\u00f1o","description":"Tu Librer\u00eda Online","potentialAction":[{"@type":"SearchAction","target":{"@type":"EntryPoint","urlTemplate":"https:\/\/blogs.santosochoa.es\/logrono\/?s={search_term_string}"},"query-input":{"@type":"PropertyValueSpecification","valueRequired":true,"valueName":"search_term_string"}}],"inLanguage":"es"},{"@type":"Person","@id":"https:\/\/blogs.santosochoa.es\/logrono\/#\/schema\/person\/103664eb8c60fbeea1880c704687c2e3","name":"Santos Ochoa Logro\u00f1o","sameAs":["http:\/\/santosochoa.es","https:\/\/www.facebook.com\/santosochoalog","https:\/\/www.instagram.com\/santosochoalog\/","https:\/\/x.com\/santosochoalog","https:\/\/www.youtube.com\/c\/SantosOchoaLibros"]}]}},"_links":{"self":[{"href":"https:\/\/blogs.santosochoa.es\/logrono\/wp-json\/wp\/v2\/posts\/3135","targetHints":{"allow":["GET"]}}],"collection":[{"href":"https:\/\/blogs.santosochoa.es\/logrono\/wp-json\/wp\/v2\/posts"}],"about":[{"href":"https:\/\/blogs.santosochoa.es\/logrono\/wp-json\/wp\/v2\/types\/post"}],"author":[{"embeddable":true,"href":"https:\/\/blogs.santosochoa.es\/logrono\/wp-json\/wp\/v2\/users\/4"}],"replies":[{"embeddable":true,"href":"https:\/\/blogs.santosochoa.es\/logrono\/wp-json\/wp\/v2\/comments?post=3135"}],"version-history":[{"count":2,"href":"https:\/\/blogs.santosochoa.es\/logrono\/wp-json\/wp\/v2\/posts\/3135\/revisions"}],"predecessor-version":[{"id":3137,"href":"https:\/\/blogs.santosochoa.es\/logrono\/wp-json\/wp\/v2\/posts\/3135\/revisions\/3137"}],"wp:featuredmedia":[{"embeddable":true,"href":"https:\/\/blogs.santosochoa.es\/logrono\/wp-json\/wp\/v2\/media\/3089"}],"wp:attachment":[{"href":"https:\/\/blogs.santosochoa.es\/logrono\/wp-json\/wp\/v2\/media?parent=3135"}],"wp:term":[{"taxonomy":"category","embeddable":true,"href":"https:\/\/blogs.santosochoa.es\/logrono\/wp-json\/wp\/v2\/categories?post=3135"},{"taxonomy":"post_tag","embeddable":true,"href":"https:\/\/blogs.santosochoa.es\/logrono\/wp-json\/wp\/v2\/tags?post=3135"}],"curies":[{"name":"wp","href":"https:\/\/api.w.org\/{rel}","templated":true}]}}