{"id":3074,"date":"2022-02-16T11:39:28","date_gmt":"2022-02-16T10:39:28","guid":{"rendered":"https:\/\/blogs.santosochoa.es\/logrono\/?p=3074"},"modified":"2022-02-16T11:43:36","modified_gmt":"2022-02-16T10:43:36","slug":"ana-cristina-paniagua-y-joaquin-berges","status":"publish","type":"post","link":"https:\/\/blogs.santosochoa.es\/logrono\/ana-cristina-paniagua-y-joaquin-berges\/","title":{"rendered":"Ana Cristina Paniagua y Joaqu\u00edn Berges"},"content":{"rendered":"\n<p><strong>[CICLO EL ARTE DE VIVIR]<\/strong><\/p>\n\n\n\n<h2 class=\"wp-block-heading\"><strong><em>Te espero en la nube n\u00ba 9<\/em><\/strong>.<strong> Charla y recital de poes\u00eda con Ana Cristina Paniagua<\/strong><\/h2>\n\n\n\n<h3 class=\"wp-block-heading\"><strong>Martes 22 de febrero<\/strong><strong>, a las 19:00 h.<\/strong><\/h3>\n\n\n\n<h4 class=\"wp-block-heading\">Espacio Santos Ochoa. Calvo Sotelo, 19, Logro\u00f1o<\/h4>\n\n\n\n<h3 class=\"wp-block-heading\">&gt;&nbsp;<a href=\"https:\/\/blogs.santosochoa.es\/logrono\/eventos\/te-espero-en-la-nube-n-9-ana-cristina-paniagua\/\"><strong><em>Aforo reducido.<\/em><\/strong>&nbsp;Reserva plaza pinchando aqu\u00ed<\/a><\/h3>\n\n\n\n<h3 class=\"wp-block-heading\">&gt;&nbsp;<strong><em><a href=\"https:\/\/www.youtube.com\/c\/SantosOchoaLibros\" target=\"_blank\" rel=\"noreferrer noopener\">Tambi\u00e9n desde casa en YouTube<\/a><\/em><\/strong><\/h3>\n\n\n\n<div class=\"wp-block-image\"><figure class=\"alignright size-large is-resized\"><a href=\"https:\/\/www.santosochoa.es\/libros\/paniagua-ana-cristina_te-espero-en-la-nube-no-9_9788412323788\" target=\"_blank\" rel=\"noopener noreferrer\"><img decoding=\"async\" src=\"https:\/\/blogs.santosochoa.es\/logrono\/wp-content\/uploads\/sites\/2\/2022\/01\/te-espero-en-la-nube-numero-9.jpg\" alt=\"\" class=\"wp-image-3042\" width=\"300\" srcset=\"https:\/\/blogs.santosochoa.es\/logrono\/wp-content\/uploads\/sites\/2\/2022\/01\/te-espero-en-la-nube-numero-9.jpg 591w, https:\/\/blogs.santosochoa.es\/logrono\/wp-content\/uploads\/sites\/2\/2022\/01\/te-espero-en-la-nube-numero-9-200x300.jpg 200w\" sizes=\"(max-width: 591px) 100vw, 591px\" \/><\/a><\/figure><\/div>\n\n\n\n<blockquote class=\"wp-block-quote is-layout-flow wp-block-quote-is-layout-flow\"><p>A trav\u00e9s de sus poemas, Ana Cristina te invita a compartir la experiencia del aprendizaje espiritual y el autoconocimiento para emprender el viaje de tu vida: aprender a amarte y a conectar con tu esencia.<\/p><\/blockquote>\n\n\n\n<h5 class=\"wp-block-heading\"><strong><em>Te espero en la nube n\u00ba 9<\/em> es un libro que une don con pasi\u00f3n y que contiene mucho m\u00e1s que poes\u00eda. El poema se revela como el puente que nos acerca a la profunda verdad de lo que somos, despertando nuestra humanidad y sensibilidad. A trav\u00e9s de rimas y armon\u00edas la persona vibra, el amor hace alquimia y el esp\u00edritu se eleva.<\/strong><\/h5>\n\n\n\n<p>Los 45 poemas se estructuran en tres partes unidas por la misma idea: la experiencia del amor. La primera parte trata del amor universal: a la vida, a la naturaleza; la segunda parte, hace referencia a la divina esencia femenina; y la \u00faltima, alude a la plenitud del amor en pareja.<\/p>\n\n\n\n<p><strong>Ana Cristina Paniagua Andr\u00e9s<\/strong> es escritora, poetisa, licenciada en derecho, gestora en la Administraci\u00f3n p\u00fablica, con formaci\u00f3n en numerolog\u00eda k\u00e1rmica, Reiki Usui, maestra de Reiki Seraf\u00edn y madre de dos hijos. Un alma en evoluci\u00f3n al servicio de expandir la luz. Como consecuencia de la crisis personal que experimenta en la edad adulta, inicia una b\u00fasqueda de respuestas. Se adentra en el camino del aprendizaje espiritual y del autoconocimiento para emprender el viaje m\u00e1s impresionante de su vida: aprender a amarse a s\u00ed misma y conectar con su esencia. Avanzando en esta senda, sigue creciendo y desarrollando conciencia. Es una persona con gran sensibilidad y capacidad para expresar los sentimientos. La escritura y la poes\u00eda son los canales mediante los cuales expresa el amor que vive en su interior. Desde la uni\u00f3n coraz\u00f3n-mente-alma recupera la mirada inocente, la conexi\u00f3n con la risa y la presencia de la magia. Descubre as\u00ed que la armon\u00eda de las palabras, la sutileza de las expresiones y la manifestaci\u00f3n de la belleza produce alquimia en nuestro sentir. La transformaci\u00f3n y sanaci\u00f3n experimentada en primera persona decide compartirla con los dem\u00e1s y transmitirla a trav\u00e9s de sus libros y poemas. Ha publicado hasta ahora <em>El latido del bamb\u00fa. Semilla<\/em> y <em>Te espero en la nube n\u00ba9<\/em>.<\/p>\n\n\n\n<div style=\"height:50px\" aria-hidden=\"true\" class=\"wp-block-spacer\"><\/div>\n\n\n\n<p><strong>[CHARLA CON EL AUTOR]<\/strong><\/p>\n\n\n\n<h2 class=\"wp-block-heading\"><strong>Joaqu\u00edn Berges presenta <em>Peregrinas<\/em>, el viaje repleto de humor y emoci\u00f3n de tres octogenarias aventureras<\/strong><\/h2>\n\n\n\n<h3 class=\"wp-block-heading\"><strong>Jueves 24 de febrero, a las 19:30 h.<\/strong><\/h3>\n\n\n\n<h4 class=\"wp-block-heading\">Espacio Santos Ochoa. Calvo Sotelo, 19, Logro\u00f1o<\/h4>\n\n\n\n<h3 class=\"wp-block-heading\">&gt;&nbsp;<a href=\"https:\/\/blogs.santosochoa.es\/logrono\/eventos\/joaquin-berges-peregrinas\/\"><strong><em>Aforo reducido.<\/em><\/strong>&nbsp;Reserva plaza pinchando aqu\u00ed<\/a><\/h3>\n\n\n\n<h3 class=\"wp-block-heading\">&gt;&nbsp;<strong><em><a href=\"https:\/\/www.youtube.com\/c\/SantosOchoaLibros\" target=\"_blank\" rel=\"noreferrer noopener\">Tambi\u00e9n desde casa en YouTube<\/a><\/em><\/strong><\/h3>\n\n\n\n<div class=\"wp-block-image\"><figure class=\"alignleft size-large is-resized\"><a href=\"https:\/\/www.santosochoa.es\/libros\/joaquin-berges_peregrinas_9788490669495#more\" target=\"_blank\" rel=\"noopener noreferrer\"><img decoding=\"async\" src=\"https:\/\/blogs.santosochoa.es\/logrono\/wp-content\/uploads\/sites\/2\/2022\/02\/peregrinas_joaquin-berges.jpg\" alt=\"\" class=\"wp-image-3061\" width=\"300\" srcset=\"https:\/\/blogs.santosochoa.es\/logrono\/wp-content\/uploads\/sites\/2\/2022\/02\/peregrinas_joaquin-berges.jpg 591w, https:\/\/blogs.santosochoa.es\/logrono\/wp-content\/uploads\/sites\/2\/2022\/02\/peregrinas_joaquin-berges-197x300.jpg 197w\" sizes=\"(max-width: 591px) 100vw, 591px\" \/><\/a><\/figure><\/div>\n\n\n\n<h5 class=\"wp-block-heading\"><strong>Dorita, Fina y Carmen son tres octogenarias que, con el pretexto de hacer el camino de Santiago, se escapan de la residencia de ancianos donde viven el verano del desconfinamiento. En realidad, Dorita tiene una asignatura pendiente en Tarragona, y ha convencido a Carmen, que tiene carnet de conducir, y a Fina, que es due\u00f1a de un viejo Volvo 850, para que la acompa\u00f1en.<\/strong><\/h5>\n\n\n\n<p>A Fina, que sufre un principio de demencia, van convenci\u00e9ndola de que est\u00e1n haciendo la ruta que lleva a Santiago de Compostela, aunque han tomado justo el sentido contrario, hacia el Mediterr\u00e1neo. Mientras asistimos a los apuros de estas tres aventureras por el interior de Espa\u00f1a, la novela reconstruye los momentos m\u00e1s singulares de sus vidas y los motivos que justifican tan ins\u00f3lita escapada.<\/p>\n\n\n\n<blockquote class=\"wp-block-quote is-layout-flow wp-block-quote-is-layout-flow\"><p>Una divertida novela que nos recuerda a <em>Arrugas<\/em>, de Paco Roca y a <em>Las chicas de oro<\/em>. Un viaje repleto de humor y situaciones embarazosas, pero tambi\u00e9n profundamente emotivo en el relato de las historias personales que cada protagonista lleva consigo.<\/p><\/blockquote>\n\n\n\n<p><strong>Joaqu\u00edn Berges<\/strong> (Zaragoza, 1965), licenciado en Filolog\u00eda Hisp\u00e1nica, se dio a conocer con la novela <em>El club de los estrellados<\/em>, a la que siguieron <em>Vive como puedas<\/em> y <em>Un estado del malestar<\/em>. Tambi\u00e9n ha publicado <em>Nadie es perfecto<\/em>, <em>La l\u00ednea invisible del horizonte<\/em>, <em>Una sola palabra<\/em> y <em>Los desertores<\/em>. En 2015 recibi\u00f3 el Premio Artes&amp;Letras del Heraldo de Arag\u00f3n por toda su trayectoria.<\/p>\n","protected":false},"excerpt":{"rendered":"<p>Ciclo El Arte de Vivir: charla y recital de Ana Cristina Paniagua. Charla con el Autor: Joaqu\u00edn Berges presenta \u00abPeregrinas\u00bb<\/p>\n","protected":false},"author":4,"featured_media":3061,"comment_status":"closed","ping_status":"closed","sticky":false,"template":"","format":"standard","meta":{"footnotes":""},"categories":[14,10,12],"tags":[],"class_list":["post-3074","post","type-post","status-publish","format-standard","has-post-thumbnail","hentry","category-charla-con-el-autor","category-charlas","category-libros"],"yoast_head":"<!-- This site is optimized with the Yoast SEO plugin v27.2 - https:\/\/yoast.com\/product\/yoast-seo-wordpress\/ -->\n<title>Ana Cristina Paniagua y Joaqu\u00edn Berges - Santos Ochoa Logro\u00f1o<\/title>\n<meta name=\"description\" content=\"Ciclo El Arte de Vivir: charla y recital de Ana Cristina Paniagua. Charla con el Autor: Joaqu\u00edn Berges presenta &quot;Peregrinas&quot;\" \/>\n<meta name=\"robots\" content=\"index, follow, max-snippet:-1, max-image-preview:large, max-video-preview:-1\" \/>\n<link rel=\"canonical\" href=\"https:\/\/blogs.santosochoa.es\/logrono\/ana-cristina-paniagua-y-joaquin-berges\/\" \/>\n<meta property=\"og:locale\" content=\"es_ES\" \/>\n<meta property=\"og:type\" content=\"article\" \/>\n<meta property=\"og:title\" content=\"Ana Cristina Paniagua y Joaqu\u00edn Berges - Santos Ochoa Logro\u00f1o\" \/>\n<meta property=\"og:description\" content=\"Ciclo El Arte de Vivir: charla y recital de Ana Cristina Paniagua. Charla con el Autor: Joaqu\u00edn Berges presenta &quot;Peregrinas&quot;\" \/>\n<meta property=\"og:url\" content=\"https:\/\/blogs.santosochoa.es\/logrono\/ana-cristina-paniagua-y-joaquin-berges\/\" \/>\n<meta property=\"og:site_name\" content=\"Santos Ochoa Logro\u00f1o\" \/>\n<meta property=\"article:author\" content=\"https:\/\/www.facebook.com\/santosochoalog\" \/>\n<meta property=\"article:published_time\" content=\"2022-02-16T10:39:28+00:00\" \/>\n<meta property=\"article:modified_time\" content=\"2022-02-16T10:43:36+00:00\" \/>\n<meta property=\"og:image\" content=\"https:\/\/blogs.santosochoa.es\/logrono\/wp-content\/uploads\/sites\/2\/2022\/02\/peregrinas_joaquin-berges.jpg\" \/>\n\t<meta property=\"og:image:width\" content=\"591\" \/>\n\t<meta property=\"og:image:height\" content=\"898\" \/>\n\t<meta property=\"og:image:type\" content=\"image\/jpeg\" \/>\n<meta name=\"author\" content=\"Santos Ochoa Logro\u00f1o\" \/>\n<meta name=\"twitter:card\" content=\"summary_large_image\" \/>\n<meta name=\"twitter:creator\" content=\"@santosochoalog\" \/>\n<meta name=\"twitter:label1\" content=\"Written by\" \/>\n\t<meta name=\"twitter:data1\" content=\"Santos Ochoa Logro\u00f1o\" \/>\n\t<meta name=\"twitter:label2\" content=\"Est. reading time\" \/>\n\t<meta name=\"twitter:data2\" content=\"4 minutos\" \/>\n<script type=\"application\/ld+json\" class=\"yoast-schema-graph\">{\"@context\":\"https:\/\/schema.org\",\"@graph\":[{\"@type\":\"Article\",\"@id\":\"https:\/\/blogs.santosochoa.es\/logrono\/ana-cristina-paniagua-y-joaquin-berges\/#article\",\"isPartOf\":{\"@id\":\"https:\/\/blogs.santosochoa.es\/logrono\/ana-cristina-paniagua-y-joaquin-berges\/\"},\"author\":{\"name\":\"Santos Ochoa Logro\u00f1o\",\"@id\":\"https:\/\/blogs.santosochoa.es\/logrono\/#\/schema\/person\/103664eb8c60fbeea1880c704687c2e3\"},\"headline\":\"Ana Cristina Paniagua y Joaqu\u00edn Berges\",\"datePublished\":\"2022-02-16T10:39:28+00:00\",\"dateModified\":\"2022-02-16T10:43:36+00:00\",\"mainEntityOfPage\":{\"@id\":\"https:\/\/blogs.santosochoa.es\/logrono\/ana-cristina-paniagua-y-joaquin-berges\/\"},\"wordCount\":739,\"image\":{\"@id\":\"https:\/\/blogs.santosochoa.es\/logrono\/ana-cristina-paniagua-y-joaquin-berges\/#primaryimage\"},\"thumbnailUrl\":\"https:\/\/blogs.santosochoa.es\/logrono\/wp-content\/uploads\/sites\/2\/2022\/02\/peregrinas_joaquin-berges.jpg\",\"articleSection\":[\"charla con el autor\",\"charlas\",\"libros\"],\"inLanguage\":\"es\"},{\"@type\":\"WebPage\",\"@id\":\"https:\/\/blogs.santosochoa.es\/logrono\/ana-cristina-paniagua-y-joaquin-berges\/\",\"url\":\"https:\/\/blogs.santosochoa.es\/logrono\/ana-cristina-paniagua-y-joaquin-berges\/\",\"name\":\"Ana Cristina Paniagua y Joaqu\u00edn Berges - Santos Ochoa Logro\u00f1o\",\"isPartOf\":{\"@id\":\"https:\/\/blogs.santosochoa.es\/logrono\/#website\"},\"primaryImageOfPage\":{\"@id\":\"https:\/\/blogs.santosochoa.es\/logrono\/ana-cristina-paniagua-y-joaquin-berges\/#primaryimage\"},\"image\":{\"@id\":\"https:\/\/blogs.santosochoa.es\/logrono\/ana-cristina-paniagua-y-joaquin-berges\/#primaryimage\"},\"thumbnailUrl\":\"https:\/\/blogs.santosochoa.es\/logrono\/wp-content\/uploads\/sites\/2\/2022\/02\/peregrinas_joaquin-berges.jpg\",\"datePublished\":\"2022-02-16T10:39:28+00:00\",\"dateModified\":\"2022-02-16T10:43:36+00:00\",\"author\":{\"@id\":\"https:\/\/blogs.santosochoa.es\/logrono\/#\/schema\/person\/103664eb8c60fbeea1880c704687c2e3\"},\"description\":\"Ciclo El Arte de Vivir: charla y recital de Ana Cristina Paniagua. Charla con el Autor: Joaqu\u00edn Berges presenta \\\"Peregrinas\\\"\",\"breadcrumb\":{\"@id\":\"https:\/\/blogs.santosochoa.es\/logrono\/ana-cristina-paniagua-y-joaquin-berges\/#breadcrumb\"},\"inLanguage\":\"es\",\"potentialAction\":[{\"@type\":\"ReadAction\",\"target\":[\"https:\/\/blogs.santosochoa.es\/logrono\/ana-cristina-paniagua-y-joaquin-berges\/\"]}]},{\"@type\":\"ImageObject\",\"inLanguage\":\"es\",\"@id\":\"https:\/\/blogs.santosochoa.es\/logrono\/ana-cristina-paniagua-y-joaquin-berges\/#primaryimage\",\"url\":\"https:\/\/blogs.santosochoa.es\/logrono\/wp-content\/uploads\/sites\/2\/2022\/02\/peregrinas_joaquin-berges.jpg\",\"contentUrl\":\"https:\/\/blogs.santosochoa.es\/logrono\/wp-content\/uploads\/sites\/2\/2022\/02\/peregrinas_joaquin-berges.jpg\",\"width\":591,\"height\":898},{\"@type\":\"BreadcrumbList\",\"@id\":\"https:\/\/blogs.santosochoa.es\/logrono\/ana-cristina-paniagua-y-joaquin-berges\/#breadcrumb\",\"itemListElement\":[{\"@type\":\"ListItem\",\"position\":1,\"name\":\"Home\",\"item\":\"https:\/\/blogs.santosochoa.es\/logrono\/\"},{\"@type\":\"ListItem\",\"position\":2,\"name\":\"Ana Cristina Paniagua y Joaqu\u00edn Berges\"}]},{\"@type\":\"WebSite\",\"@id\":\"https:\/\/blogs.santosochoa.es\/logrono\/#website\",\"url\":\"https:\/\/blogs.santosochoa.es\/logrono\/\",\"name\":\"Santos Ochoa Logro\u00f1o\",\"description\":\"Tu Librer\u00eda Online\",\"potentialAction\":[{\"@type\":\"SearchAction\",\"target\":{\"@type\":\"EntryPoint\",\"urlTemplate\":\"https:\/\/blogs.santosochoa.es\/logrono\/?s={search_term_string}\"},\"query-input\":{\"@type\":\"PropertyValueSpecification\",\"valueRequired\":true,\"valueName\":\"search_term_string\"}}],\"inLanguage\":\"es\"},{\"@type\":\"Person\",\"@id\":\"https:\/\/blogs.santosochoa.es\/logrono\/#\/schema\/person\/103664eb8c60fbeea1880c704687c2e3\",\"name\":\"Santos Ochoa Logro\u00f1o\",\"sameAs\":[\"http:\/\/santosochoa.es\",\"https:\/\/www.facebook.com\/santosochoalog\",\"https:\/\/www.instagram.com\/santosochoalog\/\",\"https:\/\/x.com\/santosochoalog\",\"https:\/\/www.youtube.com\/c\/SantosOchoaLibros\"]}]}<\/script>\n<!-- \/ Yoast SEO plugin. -->","yoast_head_json":{"title":"Ana Cristina Paniagua y Joaqu\u00edn Berges - Santos Ochoa Logro\u00f1o","description":"Ciclo El Arte de Vivir: charla y recital de Ana Cristina Paniagua. Charla con el Autor: Joaqu\u00edn Berges presenta \"Peregrinas\"","robots":{"index":"index","follow":"follow","max-snippet":"max-snippet:-1","max-image-preview":"max-image-preview:large","max-video-preview":"max-video-preview:-1"},"canonical":"https:\/\/blogs.santosochoa.es\/logrono\/ana-cristina-paniagua-y-joaquin-berges\/","og_locale":"es_ES","og_type":"article","og_title":"Ana Cristina Paniagua y Joaqu\u00edn Berges - Santos Ochoa Logro\u00f1o","og_description":"Ciclo El Arte de Vivir: charla y recital de Ana Cristina Paniagua. Charla con el Autor: Joaqu\u00edn Berges presenta \"Peregrinas\"","og_url":"https:\/\/blogs.santosochoa.es\/logrono\/ana-cristina-paniagua-y-joaquin-berges\/","og_site_name":"Santos Ochoa Logro\u00f1o","article_author":"https:\/\/www.facebook.com\/santosochoalog","article_published_time":"2022-02-16T10:39:28+00:00","article_modified_time":"2022-02-16T10:43:36+00:00","og_image":[{"width":591,"height":898,"url":"https:\/\/blogs.santosochoa.es\/logrono\/wp-content\/uploads\/sites\/2\/2022\/02\/peregrinas_joaquin-berges.jpg","type":"image\/jpeg"}],"author":"Santos Ochoa Logro\u00f1o","twitter_card":"summary_large_image","twitter_creator":"@santosochoalog","twitter_misc":{"Written by":"Santos Ochoa Logro\u00f1o","Est. reading time":"4 minutos"},"schema":{"@context":"https:\/\/schema.org","@graph":[{"@type":"Article","@id":"https:\/\/blogs.santosochoa.es\/logrono\/ana-cristina-paniagua-y-joaquin-berges\/#article","isPartOf":{"@id":"https:\/\/blogs.santosochoa.es\/logrono\/ana-cristina-paniagua-y-joaquin-berges\/"},"author":{"name":"Santos Ochoa Logro\u00f1o","@id":"https:\/\/blogs.santosochoa.es\/logrono\/#\/schema\/person\/103664eb8c60fbeea1880c704687c2e3"},"headline":"Ana Cristina Paniagua y Joaqu\u00edn Berges","datePublished":"2022-02-16T10:39:28+00:00","dateModified":"2022-02-16T10:43:36+00:00","mainEntityOfPage":{"@id":"https:\/\/blogs.santosochoa.es\/logrono\/ana-cristina-paniagua-y-joaquin-berges\/"},"wordCount":739,"image":{"@id":"https:\/\/blogs.santosochoa.es\/logrono\/ana-cristina-paniagua-y-joaquin-berges\/#primaryimage"},"thumbnailUrl":"https:\/\/blogs.santosochoa.es\/logrono\/wp-content\/uploads\/sites\/2\/2022\/02\/peregrinas_joaquin-berges.jpg","articleSection":["charla con el autor","charlas","libros"],"inLanguage":"es"},{"@type":"WebPage","@id":"https:\/\/blogs.santosochoa.es\/logrono\/ana-cristina-paniagua-y-joaquin-berges\/","url":"https:\/\/blogs.santosochoa.es\/logrono\/ana-cristina-paniagua-y-joaquin-berges\/","name":"Ana Cristina Paniagua y Joaqu\u00edn Berges - Santos Ochoa Logro\u00f1o","isPartOf":{"@id":"https:\/\/blogs.santosochoa.es\/logrono\/#website"},"primaryImageOfPage":{"@id":"https:\/\/blogs.santosochoa.es\/logrono\/ana-cristina-paniagua-y-joaquin-berges\/#primaryimage"},"image":{"@id":"https:\/\/blogs.santosochoa.es\/logrono\/ana-cristina-paniagua-y-joaquin-berges\/#primaryimage"},"thumbnailUrl":"https:\/\/blogs.santosochoa.es\/logrono\/wp-content\/uploads\/sites\/2\/2022\/02\/peregrinas_joaquin-berges.jpg","datePublished":"2022-02-16T10:39:28+00:00","dateModified":"2022-02-16T10:43:36+00:00","author":{"@id":"https:\/\/blogs.santosochoa.es\/logrono\/#\/schema\/person\/103664eb8c60fbeea1880c704687c2e3"},"description":"Ciclo El Arte de Vivir: charla y recital de Ana Cristina Paniagua. Charla con el Autor: Joaqu\u00edn Berges presenta \"Peregrinas\"","breadcrumb":{"@id":"https:\/\/blogs.santosochoa.es\/logrono\/ana-cristina-paniagua-y-joaquin-berges\/#breadcrumb"},"inLanguage":"es","potentialAction":[{"@type":"ReadAction","target":["https:\/\/blogs.santosochoa.es\/logrono\/ana-cristina-paniagua-y-joaquin-berges\/"]}]},{"@type":"ImageObject","inLanguage":"es","@id":"https:\/\/blogs.santosochoa.es\/logrono\/ana-cristina-paniagua-y-joaquin-berges\/#primaryimage","url":"https:\/\/blogs.santosochoa.es\/logrono\/wp-content\/uploads\/sites\/2\/2022\/02\/peregrinas_joaquin-berges.jpg","contentUrl":"https:\/\/blogs.santosochoa.es\/logrono\/wp-content\/uploads\/sites\/2\/2022\/02\/peregrinas_joaquin-berges.jpg","width":591,"height":898},{"@type":"BreadcrumbList","@id":"https:\/\/blogs.santosochoa.es\/logrono\/ana-cristina-paniagua-y-joaquin-berges\/#breadcrumb","itemListElement":[{"@type":"ListItem","position":1,"name":"Home","item":"https:\/\/blogs.santosochoa.es\/logrono\/"},{"@type":"ListItem","position":2,"name":"Ana Cristina Paniagua y Joaqu\u00edn Berges"}]},{"@type":"WebSite","@id":"https:\/\/blogs.santosochoa.es\/logrono\/#website","url":"https:\/\/blogs.santosochoa.es\/logrono\/","name":"Santos Ochoa Logro\u00f1o","description":"Tu Librer\u00eda Online","potentialAction":[{"@type":"SearchAction","target":{"@type":"EntryPoint","urlTemplate":"https:\/\/blogs.santosochoa.es\/logrono\/?s={search_term_string}"},"query-input":{"@type":"PropertyValueSpecification","valueRequired":true,"valueName":"search_term_string"}}],"inLanguage":"es"},{"@type":"Person","@id":"https:\/\/blogs.santosochoa.es\/logrono\/#\/schema\/person\/103664eb8c60fbeea1880c704687c2e3","name":"Santos Ochoa Logro\u00f1o","sameAs":["http:\/\/santosochoa.es","https:\/\/www.facebook.com\/santosochoalog","https:\/\/www.instagram.com\/santosochoalog\/","https:\/\/x.com\/santosochoalog","https:\/\/www.youtube.com\/c\/SantosOchoaLibros"]}]}},"_links":{"self":[{"href":"https:\/\/blogs.santosochoa.es\/logrono\/wp-json\/wp\/v2\/posts\/3074","targetHints":{"allow":["GET"]}}],"collection":[{"href":"https:\/\/blogs.santosochoa.es\/logrono\/wp-json\/wp\/v2\/posts"}],"about":[{"href":"https:\/\/blogs.santosochoa.es\/logrono\/wp-json\/wp\/v2\/types\/post"}],"author":[{"embeddable":true,"href":"https:\/\/blogs.santosochoa.es\/logrono\/wp-json\/wp\/v2\/users\/4"}],"replies":[{"embeddable":true,"href":"https:\/\/blogs.santosochoa.es\/logrono\/wp-json\/wp\/v2\/comments?post=3074"}],"version-history":[{"count":4,"href":"https:\/\/blogs.santosochoa.es\/logrono\/wp-json\/wp\/v2\/posts\/3074\/revisions"}],"predecessor-version":[{"id":3078,"href":"https:\/\/blogs.santosochoa.es\/logrono\/wp-json\/wp\/v2\/posts\/3074\/revisions\/3078"}],"wp:featuredmedia":[{"embeddable":true,"href":"https:\/\/blogs.santosochoa.es\/logrono\/wp-json\/wp\/v2\/media\/3061"}],"wp:attachment":[{"href":"https:\/\/blogs.santosochoa.es\/logrono\/wp-json\/wp\/v2\/media?parent=3074"}],"wp:term":[{"taxonomy":"category","embeddable":true,"href":"https:\/\/blogs.santosochoa.es\/logrono\/wp-json\/wp\/v2\/categories?post=3074"},{"taxonomy":"post_tag","embeddable":true,"href":"https:\/\/blogs.santosochoa.es\/logrono\/wp-json\/wp\/v2\/tags?post=3074"}],"curies":[{"name":"wp","href":"https:\/\/api.w.org\/{rel}","templated":true}]}}