{"id":3025,"date":"2022-01-13T13:03:11","date_gmt":"2022-01-13T12:03:11","guid":{"rendered":"https:\/\/blogs.santosochoa.es\/logrono\/?p=3025"},"modified":"2022-01-13T13:03:17","modified_gmt":"2022-01-13T12:03:17","slug":"maria-jose-marrodan-y-sara-suberviola","status":"publish","type":"post","link":"https:\/\/blogs.santosochoa.es\/logrono\/maria-jose-marrodan-y-sara-suberviola\/","title":{"rendered":"Mar\u00eda Jos\u00e9 Marrod\u00e1n y Sara Suberviola"},"content":{"rendered":"\n<h2 class=\"wp-block-heading\"><strong><em>La mensajera del viento<\/em>. Cuentacuentos con Mar\u00eda Jos\u00e9 Marrod\u00e1n<\/strong><\/h2>\n\n\n\n<h3 class=\"wp-block-heading\"><strong>Martes 18 de enero<\/strong><strong>, a las 18:30 h.<\/strong><\/h3>\n\n\n\n<h4 class=\"wp-block-heading\">Espacio Santos Ochoa. Calvo Sotelo, 19, Logro\u00f1o<\/h4>\n\n\n\n<h3 class=\"wp-block-heading\">A partir de 5 a\u00f1os<\/h3>\n\n\n\n<h3 class=\"wp-block-heading\">&gt;\u00a0<a href=\"https:\/\/blogs.santosochoa.es\/logrono\/eventos\/la-mensajera-del-viento-mj-marrodan\/\"><strong><em>Aforo reducido.<\/em><\/strong>\u00a0Reserva plaza pinchando aqu\u00ed<\/a><\/h3>\n\n\n\n<div class=\"wp-block-image\"><figure class=\"alignright size-large is-resized\"><img decoding=\"async\" src=\"https:\/\/blogs.santosochoa.es\/logrono\/wp-content\/uploads\/sites\/2\/2021\/12\/la-mensajera-del-viento_maria-jose-marrodan.jpg\" alt=\"\" class=\"wp-image-2961\" width=\"300\" srcset=\"https:\/\/blogs.santosochoa.es\/logrono\/wp-content\/uploads\/sites\/2\/2021\/12\/la-mensajera-del-viento_maria-jose-marrodan.jpg 945w, https:\/\/blogs.santosochoa.es\/logrono\/wp-content\/uploads\/sites\/2\/2021\/12\/la-mensajera-del-viento_maria-jose-marrodan-295x300.jpg 295w, https:\/\/blogs.santosochoa.es\/logrono\/wp-content\/uploads\/sites\/2\/2021\/12\/la-mensajera-del-viento_maria-jose-marrodan-768x780.jpg 768w\" sizes=\"(max-width: 945px) 100vw, 945px\" \/><\/figure><\/div>\n\n\n\n<h5 class=\"wp-block-heading\"><strong>Hab\u00eda una vez una gentil se\u00f1orita de ocho a\u00f1os llamada \u00c1gata. Viv\u00eda pl\u00e1cidamente en Rota con sus padres, su hermano Yoel y su gato llamado Calam\u00edn, hasta que un d\u00eda&#8230;<\/strong><\/h5>\n\n\n\n<blockquote class=\"wp-block-quote is-layout-flow wp-block-quote-is-layout-flow\"><p><em>La mensajera del viento<\/em> es un cuento para toda la familia. Una historia inspiradora para imaginar, valorar, empatizar, compartir y disfrutar juntos.<\/p><\/blockquote>\n\n\n\n<p><strong>Mar\u00eda Jos\u00e9 Marrod\u00e1n Giron\u00e9s <\/strong>es Licenciada en Ciencias de la Educaci\u00f3n y profesora de Pedagog\u00eda Terap\u00e9utica. Adem\u00e1s de su obra literaria, ha publicado m\u00e1s de una treintena de obras pedag\u00f3gicas para profesores y alumnos sobre dislexia, tutor\u00eda y convivencia, orientaci\u00f3n, comprensi\u00f3n lectora, cuentos educativos, relatos y tres novelas originales en lectura f\u00e1cil: <em>El misterio de los marcos desaparecidos, La calle 25<\/em> y <em>La m\u00fasica de mi vida<\/em>. Su obra po\u00e9tica est\u00e1 recogida en m\u00e1s de una docena de antolog\u00edas.<\/p>\n\n\n\n<p>Es presidenta de la Asociaci\u00f3n de Profesionales de la Orientaci\u00f3n de La Rioja (APOLAR) y de la Asociaci\u00f3n Riojana de Lectura F\u00e1cil. Es columnista del diario La Rioja, colabora con numerosos medios de comunicaci\u00f3n, asociaciones y ONG\u00b4s. Organiza y participa en diferentes festivales y actividades educativas y culturales. Afirma que escribe porque le asaltan las palabras, la vencen y siempre la salvan.<\/p>\n\n\n\n<div style=\"height:51px\" aria-hidden=\"true\" class=\"wp-block-spacer\"><\/div>\n\n\n\n<h2 class=\"wp-block-heading\"><strong>Sara Suberviola recita y presenta <em>Mam\u00e1 manta y otros besos en forma de poemas<\/em><\/strong><\/h2>\n\n\n\n<h3 class=\"wp-block-heading\"><strong>Mi\u00e9rcoles 19 de enero<\/strong><strong>, a las 19:30 h.<\/strong><\/h3>\n\n\n\n<h4 class=\"wp-block-heading\">Espacio Santos Ochoa. Calvo Sotelo, 19, Logro\u00f1o<\/h4>\n\n\n\n<h3 class=\"wp-block-heading\">&gt;\u00a0<a href=\"https:\/\/blogs.santosochoa.es\/logrono\/eventos\/sara-suberviola-mama-manta\/\"><strong><em>Aforo reducido.<\/em><\/strong>\u00a0Reserva plaza pinchando aqu\u00ed<\/a><\/h3>\n\n\n\n<h3 class=\"wp-block-heading\">&gt;\u00a0<strong><em><a href=\"https:\/\/www.youtube.com\/c\/SantosOchoaLibros\" target=\"_blank\" rel=\"noreferrer noopener\">Tambi\u00e9n desde casa en YouTube<\/a><\/em><\/strong><\/h3>\n\n\n\n<div class=\"wp-block-image\"><figure class=\"alignleft size-large is-resized\"><a href=\"https:\/\/www.santosochoa.es\/libros\/suberviola-armendariz-sara_mama-manta_9788409291427\"><img decoding=\"async\" src=\"https:\/\/blogs.santosochoa.es\/logrono\/wp-content\/uploads\/sites\/2\/2021\/12\/mama-manta_sara-suberviola.jpg\" alt=\"\" class=\"wp-image-3017\" width=\"300\" srcset=\"https:\/\/blogs.santosochoa.es\/logrono\/wp-content\/uploads\/sites\/2\/2021\/12\/mama-manta_sara-suberviola.jpg 945w, https:\/\/blogs.santosochoa.es\/logrono\/wp-content\/uploads\/sites\/2\/2021\/12\/mama-manta_sara-suberviola-300x300.jpg 300w, https:\/\/blogs.santosochoa.es\/logrono\/wp-content\/uploads\/sites\/2\/2021\/12\/mama-manta_sara-suberviola-150x150.jpg 150w, https:\/\/blogs.santosochoa.es\/logrono\/wp-content\/uploads\/sites\/2\/2021\/12\/mama-manta_sara-suberviola-768x767.jpg 768w\" sizes=\"(max-width: 945px) 100vw, 945px\" \/><\/a><\/figure><\/div>\n\n\n\n<p><em>Bienvenidas familias con ni\u00f1os a partir de 4 a\u00f1os.<\/em><\/p>\n\n\n\n<h5 class=\"wp-block-heading\"><strong>Ser mam\u00e1 es muchas cosas. Muchas cosas que a\u00fan no s\u00e9 y otras muchas que he vivido. Escrib\u00ed este libro durante los meses antes y despu\u00e9s del nacimiento de mi hija. Al releer algunos de sus versos, de alg\u00fan modo, siento que he podido conservar algo de aquella intensidad, de aquella suavidad salvaje, de esa nueva forma de medir el tiempo.<\/strong><\/h5>\n\n\n\n<p>En algunos de los poemas, le hablo directamente. A mi hija. En la lengua \u00edntima de las mam\u00e1s. Al menos en las palabras que yo he podido descifrar. Tal vez las sientas tuyas cuando las leas.<\/p>\n\n\n\n<p>En otros es ella quien toma la palabra y me muestra su mundo (el nuestro, parecido al vuestro) desde otra forma de mirar. Una forma m\u00e1s calentita, m\u00e1s cerca de la piel.<\/p>\n\n\n\n<blockquote class=\"wp-block-quote is-layout-flow wp-block-quote-is-layout-flow\"><p><em>Mam\u00e1 Manta (y otros besos en forma de versos)<\/em> es un poemario ilustrado por Agurtzane Abajo con una cuidad\u00edsima colecci\u00f3n de retratos en la que predominan los animales salvajes, los tejidos c\u00e1lidos y los abundantes detalles.<\/p><\/blockquote>\n\n\n\n<p><strong>Sara Suberviola<\/strong> es licenciada en Periodismo y en Filosof\u00eda, profesora de Lengua y Literatura y escritora. Ha trabajado en Europa Press, El Correo, La Vanguardia y medios digitales como Rioja2 o El Balc\u00f3n de Mateo. En 2015 cre\u00f3 Te Invento Un Cuento y desde entonces ha escrito m\u00e1s de 200 historias por encargo. Su libro <em>Palarvas<\/em> ha recibido el premio de poes\u00eda para ni\u00f1os El Pr\u00edncipe Pregunt\u00f3n en 2021.<\/p>\n","protected":false},"excerpt":{"rendered":"<p>\u00abLa mensajera del viento\u00bb. Cuentacuentos con Mar\u00eda Jos\u00e9 Marrod\u00e1n. Sara Suberviola recita y presenta \u00abMam\u00e1 manta y otros besos en forma de poemas\u00bb<\/p>\n","protected":false},"author":4,"featured_media":2961,"comment_status":"closed","ping_status":"closed","sticky":false,"template":"","format":"standard","meta":{"footnotes":""},"categories":[15,18,12,13,11],"tags":[],"class_list":["post-3025","post","type-post","status-publish","format-standard","has-post-thumbnail","hentry","category-cuentacuentos","category-taller-infantil","category-libros","category-libros-do-rioja","category-poesia"],"yoast_head":"<!-- This site is optimized with the Yoast SEO plugin v27.2 - https:\/\/yoast.com\/product\/yoast-seo-wordpress\/ -->\n<title>Mar\u00eda Jos\u00e9 Marrod\u00e1n y Sara Suberviola - Santos Ochoa Logro\u00f1o<\/title>\n<meta name=\"description\" content=\"&quot;La mensajera del viento&quot;. Cuentacuentos con Mar\u00eda Jos\u00e9 Marrod\u00e1n. Sara Suberviola recita y presenta &quot;Mam\u00e1 manta y otros besos en forma de poemas&quot;\" \/>\n<meta name=\"robots\" content=\"index, follow, max-snippet:-1, max-image-preview:large, max-video-preview:-1\" \/>\n<link rel=\"canonical\" href=\"https:\/\/blogs.santosochoa.es\/logrono\/maria-jose-marrodan-y-sara-suberviola\/\" \/>\n<meta property=\"og:locale\" content=\"es_ES\" \/>\n<meta property=\"og:type\" content=\"article\" \/>\n<meta property=\"og:title\" content=\"Mar\u00eda Jos\u00e9 Marrod\u00e1n y Sara Suberviola - Santos Ochoa Logro\u00f1o\" \/>\n<meta property=\"og:description\" content=\"&quot;La mensajera del viento&quot;. Cuentacuentos con Mar\u00eda Jos\u00e9 Marrod\u00e1n. Sara Suberviola recita y presenta &quot;Mam\u00e1 manta y otros besos en forma de poemas&quot;\" \/>\n<meta property=\"og:url\" content=\"https:\/\/blogs.santosochoa.es\/logrono\/maria-jose-marrodan-y-sara-suberviola\/\" \/>\n<meta property=\"og:site_name\" content=\"Santos Ochoa Logro\u00f1o\" \/>\n<meta property=\"article:author\" content=\"https:\/\/www.facebook.com\/santosochoalog\" \/>\n<meta property=\"article:published_time\" content=\"2022-01-13T12:03:11+00:00\" \/>\n<meta property=\"article:modified_time\" content=\"2022-01-13T12:03:17+00:00\" \/>\n<meta property=\"og:image\" content=\"https:\/\/blogs.santosochoa.es\/logrono\/wp-content\/uploads\/sites\/2\/2021\/12\/la-mensajera-del-viento_maria-jose-marrodan.jpg\" \/>\n\t<meta property=\"og:image:width\" content=\"945\" \/>\n\t<meta property=\"og:image:height\" content=\"960\" \/>\n\t<meta property=\"og:image:type\" content=\"image\/jpeg\" \/>\n<meta name=\"author\" content=\"Santos Ochoa Logro\u00f1o\" \/>\n<meta name=\"twitter:card\" content=\"summary_large_image\" \/>\n<meta name=\"twitter:creator\" content=\"@santosochoalog\" \/>\n<meta name=\"twitter:label1\" content=\"Written by\" \/>\n\t<meta name=\"twitter:data1\" content=\"Santos Ochoa Logro\u00f1o\" \/>\n\t<meta name=\"twitter:label2\" content=\"Est. reading time\" \/>\n\t<meta name=\"twitter:data2\" content=\"3 minutos\" \/>\n<script type=\"application\/ld+json\" class=\"yoast-schema-graph\">{\"@context\":\"https:\/\/schema.org\",\"@graph\":[{\"@type\":\"Article\",\"@id\":\"https:\/\/blogs.santosochoa.es\/logrono\/maria-jose-marrodan-y-sara-suberviola\/#article\",\"isPartOf\":{\"@id\":\"https:\/\/blogs.santosochoa.es\/logrono\/maria-jose-marrodan-y-sara-suberviola\/\"},\"author\":{\"name\":\"Santos Ochoa Logro\u00f1o\",\"@id\":\"https:\/\/blogs.santosochoa.es\/logrono\/#\/schema\/person\/103664eb8c60fbeea1880c704687c2e3\"},\"headline\":\"Mar\u00eda Jos\u00e9 Marrod\u00e1n y Sara Suberviola\",\"datePublished\":\"2022-01-13T12:03:11+00:00\",\"dateModified\":\"2022-01-13T12:03:17+00:00\",\"mainEntityOfPage\":{\"@id\":\"https:\/\/blogs.santosochoa.es\/logrono\/maria-jose-marrodan-y-sara-suberviola\/\"},\"wordCount\":565,\"image\":{\"@id\":\"https:\/\/blogs.santosochoa.es\/logrono\/maria-jose-marrodan-y-sara-suberviola\/#primaryimage\"},\"thumbnailUrl\":\"https:\/\/blogs.santosochoa.es\/logrono\/wp-content\/uploads\/sites\/2\/2021\/12\/la-mensajera-del-viento_maria-jose-marrodan.jpg\",\"articleSection\":[\"cuentacuentos\",\"infantil\",\"libros\",\"libros do rioja\",\"poes\u00eda\"],\"inLanguage\":\"es\"},{\"@type\":\"WebPage\",\"@id\":\"https:\/\/blogs.santosochoa.es\/logrono\/maria-jose-marrodan-y-sara-suberviola\/\",\"url\":\"https:\/\/blogs.santosochoa.es\/logrono\/maria-jose-marrodan-y-sara-suberviola\/\",\"name\":\"Mar\u00eda Jos\u00e9 Marrod\u00e1n y Sara Suberviola - Santos Ochoa Logro\u00f1o\",\"isPartOf\":{\"@id\":\"https:\/\/blogs.santosochoa.es\/logrono\/#website\"},\"primaryImageOfPage\":{\"@id\":\"https:\/\/blogs.santosochoa.es\/logrono\/maria-jose-marrodan-y-sara-suberviola\/#primaryimage\"},\"image\":{\"@id\":\"https:\/\/blogs.santosochoa.es\/logrono\/maria-jose-marrodan-y-sara-suberviola\/#primaryimage\"},\"thumbnailUrl\":\"https:\/\/blogs.santosochoa.es\/logrono\/wp-content\/uploads\/sites\/2\/2021\/12\/la-mensajera-del-viento_maria-jose-marrodan.jpg\",\"datePublished\":\"2022-01-13T12:03:11+00:00\",\"dateModified\":\"2022-01-13T12:03:17+00:00\",\"author\":{\"@id\":\"https:\/\/blogs.santosochoa.es\/logrono\/#\/schema\/person\/103664eb8c60fbeea1880c704687c2e3\"},\"description\":\"\\\"La mensajera del viento\\\". Cuentacuentos con Mar\u00eda Jos\u00e9 Marrod\u00e1n. Sara Suberviola recita y presenta \\\"Mam\u00e1 manta y otros besos en forma de poemas\\\"\",\"breadcrumb\":{\"@id\":\"https:\/\/blogs.santosochoa.es\/logrono\/maria-jose-marrodan-y-sara-suberviola\/#breadcrumb\"},\"inLanguage\":\"es\",\"potentialAction\":[{\"@type\":\"ReadAction\",\"target\":[\"https:\/\/blogs.santosochoa.es\/logrono\/maria-jose-marrodan-y-sara-suberviola\/\"]}]},{\"@type\":\"ImageObject\",\"inLanguage\":\"es\",\"@id\":\"https:\/\/blogs.santosochoa.es\/logrono\/maria-jose-marrodan-y-sara-suberviola\/#primaryimage\",\"url\":\"https:\/\/blogs.santosochoa.es\/logrono\/wp-content\/uploads\/sites\/2\/2021\/12\/la-mensajera-del-viento_maria-jose-marrodan.jpg\",\"contentUrl\":\"https:\/\/blogs.santosochoa.es\/logrono\/wp-content\/uploads\/sites\/2\/2021\/12\/la-mensajera-del-viento_maria-jose-marrodan.jpg\",\"width\":945,\"height\":960},{\"@type\":\"BreadcrumbList\",\"@id\":\"https:\/\/blogs.santosochoa.es\/logrono\/maria-jose-marrodan-y-sara-suberviola\/#breadcrumb\",\"itemListElement\":[{\"@type\":\"ListItem\",\"position\":1,\"name\":\"Home\",\"item\":\"https:\/\/blogs.santosochoa.es\/logrono\/\"},{\"@type\":\"ListItem\",\"position\":2,\"name\":\"Mar\u00eda Jos\u00e9 Marrod\u00e1n y Sara Suberviola\"}]},{\"@type\":\"WebSite\",\"@id\":\"https:\/\/blogs.santosochoa.es\/logrono\/#website\",\"url\":\"https:\/\/blogs.santosochoa.es\/logrono\/\",\"name\":\"Santos Ochoa Logro\u00f1o\",\"description\":\"Tu Librer\u00eda Online\",\"potentialAction\":[{\"@type\":\"SearchAction\",\"target\":{\"@type\":\"EntryPoint\",\"urlTemplate\":\"https:\/\/blogs.santosochoa.es\/logrono\/?s={search_term_string}\"},\"query-input\":{\"@type\":\"PropertyValueSpecification\",\"valueRequired\":true,\"valueName\":\"search_term_string\"}}],\"inLanguage\":\"es\"},{\"@type\":\"Person\",\"@id\":\"https:\/\/blogs.santosochoa.es\/logrono\/#\/schema\/person\/103664eb8c60fbeea1880c704687c2e3\",\"name\":\"Santos Ochoa Logro\u00f1o\",\"sameAs\":[\"http:\/\/santosochoa.es\",\"https:\/\/www.facebook.com\/santosochoalog\",\"https:\/\/www.instagram.com\/santosochoalog\/\",\"https:\/\/x.com\/santosochoalog\",\"https:\/\/www.youtube.com\/c\/SantosOchoaLibros\"]}]}<\/script>\n<!-- \/ Yoast SEO plugin. -->","yoast_head_json":{"title":"Mar\u00eda Jos\u00e9 Marrod\u00e1n y Sara Suberviola - Santos Ochoa Logro\u00f1o","description":"\"La mensajera del viento\". Cuentacuentos con Mar\u00eda Jos\u00e9 Marrod\u00e1n. Sara Suberviola recita y presenta \"Mam\u00e1 manta y otros besos en forma de poemas\"","robots":{"index":"index","follow":"follow","max-snippet":"max-snippet:-1","max-image-preview":"max-image-preview:large","max-video-preview":"max-video-preview:-1"},"canonical":"https:\/\/blogs.santosochoa.es\/logrono\/maria-jose-marrodan-y-sara-suberviola\/","og_locale":"es_ES","og_type":"article","og_title":"Mar\u00eda Jos\u00e9 Marrod\u00e1n y Sara Suberviola - Santos Ochoa Logro\u00f1o","og_description":"\"La mensajera del viento\". Cuentacuentos con Mar\u00eda Jos\u00e9 Marrod\u00e1n. Sara Suberviola recita y presenta \"Mam\u00e1 manta y otros besos en forma de poemas\"","og_url":"https:\/\/blogs.santosochoa.es\/logrono\/maria-jose-marrodan-y-sara-suberviola\/","og_site_name":"Santos Ochoa Logro\u00f1o","article_author":"https:\/\/www.facebook.com\/santosochoalog","article_published_time":"2022-01-13T12:03:11+00:00","article_modified_time":"2022-01-13T12:03:17+00:00","og_image":[{"width":945,"height":960,"url":"https:\/\/blogs.santosochoa.es\/logrono\/wp-content\/uploads\/sites\/2\/2021\/12\/la-mensajera-del-viento_maria-jose-marrodan.jpg","type":"image\/jpeg"}],"author":"Santos Ochoa Logro\u00f1o","twitter_card":"summary_large_image","twitter_creator":"@santosochoalog","twitter_misc":{"Written by":"Santos Ochoa Logro\u00f1o","Est. reading time":"3 minutos"},"schema":{"@context":"https:\/\/schema.org","@graph":[{"@type":"Article","@id":"https:\/\/blogs.santosochoa.es\/logrono\/maria-jose-marrodan-y-sara-suberviola\/#article","isPartOf":{"@id":"https:\/\/blogs.santosochoa.es\/logrono\/maria-jose-marrodan-y-sara-suberviola\/"},"author":{"name":"Santos Ochoa Logro\u00f1o","@id":"https:\/\/blogs.santosochoa.es\/logrono\/#\/schema\/person\/103664eb8c60fbeea1880c704687c2e3"},"headline":"Mar\u00eda Jos\u00e9 Marrod\u00e1n y Sara Suberviola","datePublished":"2022-01-13T12:03:11+00:00","dateModified":"2022-01-13T12:03:17+00:00","mainEntityOfPage":{"@id":"https:\/\/blogs.santosochoa.es\/logrono\/maria-jose-marrodan-y-sara-suberviola\/"},"wordCount":565,"image":{"@id":"https:\/\/blogs.santosochoa.es\/logrono\/maria-jose-marrodan-y-sara-suberviola\/#primaryimage"},"thumbnailUrl":"https:\/\/blogs.santosochoa.es\/logrono\/wp-content\/uploads\/sites\/2\/2021\/12\/la-mensajera-del-viento_maria-jose-marrodan.jpg","articleSection":["cuentacuentos","infantil","libros","libros do rioja","poes\u00eda"],"inLanguage":"es"},{"@type":"WebPage","@id":"https:\/\/blogs.santosochoa.es\/logrono\/maria-jose-marrodan-y-sara-suberviola\/","url":"https:\/\/blogs.santosochoa.es\/logrono\/maria-jose-marrodan-y-sara-suberviola\/","name":"Mar\u00eda Jos\u00e9 Marrod\u00e1n y Sara Suberviola - Santos Ochoa Logro\u00f1o","isPartOf":{"@id":"https:\/\/blogs.santosochoa.es\/logrono\/#website"},"primaryImageOfPage":{"@id":"https:\/\/blogs.santosochoa.es\/logrono\/maria-jose-marrodan-y-sara-suberviola\/#primaryimage"},"image":{"@id":"https:\/\/blogs.santosochoa.es\/logrono\/maria-jose-marrodan-y-sara-suberviola\/#primaryimage"},"thumbnailUrl":"https:\/\/blogs.santosochoa.es\/logrono\/wp-content\/uploads\/sites\/2\/2021\/12\/la-mensajera-del-viento_maria-jose-marrodan.jpg","datePublished":"2022-01-13T12:03:11+00:00","dateModified":"2022-01-13T12:03:17+00:00","author":{"@id":"https:\/\/blogs.santosochoa.es\/logrono\/#\/schema\/person\/103664eb8c60fbeea1880c704687c2e3"},"description":"\"La mensajera del viento\". Cuentacuentos con Mar\u00eda Jos\u00e9 Marrod\u00e1n. Sara Suberviola recita y presenta \"Mam\u00e1 manta y otros besos en forma de poemas\"","breadcrumb":{"@id":"https:\/\/blogs.santosochoa.es\/logrono\/maria-jose-marrodan-y-sara-suberviola\/#breadcrumb"},"inLanguage":"es","potentialAction":[{"@type":"ReadAction","target":["https:\/\/blogs.santosochoa.es\/logrono\/maria-jose-marrodan-y-sara-suberviola\/"]}]},{"@type":"ImageObject","inLanguage":"es","@id":"https:\/\/blogs.santosochoa.es\/logrono\/maria-jose-marrodan-y-sara-suberviola\/#primaryimage","url":"https:\/\/blogs.santosochoa.es\/logrono\/wp-content\/uploads\/sites\/2\/2021\/12\/la-mensajera-del-viento_maria-jose-marrodan.jpg","contentUrl":"https:\/\/blogs.santosochoa.es\/logrono\/wp-content\/uploads\/sites\/2\/2021\/12\/la-mensajera-del-viento_maria-jose-marrodan.jpg","width":945,"height":960},{"@type":"BreadcrumbList","@id":"https:\/\/blogs.santosochoa.es\/logrono\/maria-jose-marrodan-y-sara-suberviola\/#breadcrumb","itemListElement":[{"@type":"ListItem","position":1,"name":"Home","item":"https:\/\/blogs.santosochoa.es\/logrono\/"},{"@type":"ListItem","position":2,"name":"Mar\u00eda Jos\u00e9 Marrod\u00e1n y Sara Suberviola"}]},{"@type":"WebSite","@id":"https:\/\/blogs.santosochoa.es\/logrono\/#website","url":"https:\/\/blogs.santosochoa.es\/logrono\/","name":"Santos Ochoa Logro\u00f1o","description":"Tu Librer\u00eda Online","potentialAction":[{"@type":"SearchAction","target":{"@type":"EntryPoint","urlTemplate":"https:\/\/blogs.santosochoa.es\/logrono\/?s={search_term_string}"},"query-input":{"@type":"PropertyValueSpecification","valueRequired":true,"valueName":"search_term_string"}}],"inLanguage":"es"},{"@type":"Person","@id":"https:\/\/blogs.santosochoa.es\/logrono\/#\/schema\/person\/103664eb8c60fbeea1880c704687c2e3","name":"Santos Ochoa Logro\u00f1o","sameAs":["http:\/\/santosochoa.es","https:\/\/www.facebook.com\/santosochoalog","https:\/\/www.instagram.com\/santosochoalog\/","https:\/\/x.com\/santosochoalog","https:\/\/www.youtube.com\/c\/SantosOchoaLibros"]}]}},"_links":{"self":[{"href":"https:\/\/blogs.santosochoa.es\/logrono\/wp-json\/wp\/v2\/posts\/3025","targetHints":{"allow":["GET"]}}],"collection":[{"href":"https:\/\/blogs.santosochoa.es\/logrono\/wp-json\/wp\/v2\/posts"}],"about":[{"href":"https:\/\/blogs.santosochoa.es\/logrono\/wp-json\/wp\/v2\/types\/post"}],"author":[{"embeddable":true,"href":"https:\/\/blogs.santosochoa.es\/logrono\/wp-json\/wp\/v2\/users\/4"}],"replies":[{"embeddable":true,"href":"https:\/\/blogs.santosochoa.es\/logrono\/wp-json\/wp\/v2\/comments?post=3025"}],"version-history":[{"count":2,"href":"https:\/\/blogs.santosochoa.es\/logrono\/wp-json\/wp\/v2\/posts\/3025\/revisions"}],"predecessor-version":[{"id":3027,"href":"https:\/\/blogs.santosochoa.es\/logrono\/wp-json\/wp\/v2\/posts\/3025\/revisions\/3027"}],"wp:featuredmedia":[{"embeddable":true,"href":"https:\/\/blogs.santosochoa.es\/logrono\/wp-json\/wp\/v2\/media\/2961"}],"wp:attachment":[{"href":"https:\/\/blogs.santosochoa.es\/logrono\/wp-json\/wp\/v2\/media?parent=3025"}],"wp:term":[{"taxonomy":"category","embeddable":true,"href":"https:\/\/blogs.santosochoa.es\/logrono\/wp-json\/wp\/v2\/categories?post=3025"},{"taxonomy":"post_tag","embeddable":true,"href":"https:\/\/blogs.santosochoa.es\/logrono\/wp-json\/wp\/v2\/tags?post=3025"}],"curies":[{"name":"wp","href":"https:\/\/api.w.org\/{rel}","templated":true}]}}