{"id":2903,"date":"2021-11-10T13:17:53","date_gmt":"2021-11-10T12:17:53","guid":{"rendered":"https:\/\/blogs.santosochoa.es\/logrono\/?p=2903"},"modified":"2021-11-10T13:22:39","modified_gmt":"2021-11-10T12:22:39","slug":"alaitz-leceaga-y-festival-cuentalo","status":"publish","type":"post","link":"https:\/\/blogs.santosochoa.es\/logrono\/alaitz-leceaga-y-festival-cuentalo\/","title":{"rendered":"Alaitz Leceaga y Festival Cu\u00e9ntalo"},"content":{"rendered":"\n<h2 class=\"wp-block-heading\">[Festival Cu\u00e9ntalo]<strong> Daniel Nesquens y Elisa Argil\u00e9 presentan el libro ilustrado <em>Mi Familia<\/em><\/strong><\/h2>\n\n\n\n<h3 class=\"wp-block-heading\"><strong>Lunes 15 de noviembre<\/strong><strong>, a las 17:30 h.<\/strong><\/h3>\n\n\n\n<h4 class=\"wp-block-heading\">Espacio Santos Ochoa. Calvo Sotelo, 19, Logro\u00f1o<\/h4>\n\n\n\n<h3 class=\"wp-block-heading\">&gt;&nbsp;<a href=\"https:\/\/www.festivalcuentalo.com\/inscripcion-actividades\/\" target=\"_blank\" rel=\"noreferrer noopener\"><strong><em>Aforo reducido.<\/em><\/strong>&nbsp;Reserva plaza pinchando aqu\u00ed<\/a><\/h3>\n\n\n\n<h3 class=\"wp-block-heading\">&gt;&nbsp;<strong><em><a href=\"https:\/\/www.youtube.com\/c\/SantosOchoaLibros\" target=\"_blank\" rel=\"noreferrer noopener\">Tambi\u00e9n desde casa en YouTube<\/a><\/em><\/strong><\/h3>\n\n\n\n<div class=\"wp-block-image\"><figure class=\"alignleft size-large is-resized\"><a href=\"https:\/\/www.santosochoa.es\/libros\/nesquens-daniel-elisa-arguille_mi-familia_9788418067518#more\" target=\"_blank\" rel=\"noopener noreferrer\"><img decoding=\"async\" src=\"https:\/\/blogs.santosochoa.es\/logrono\/wp-content\/uploads\/sites\/2\/2021\/10\/la-familia_daniel-lesquens_elisa-argile.jpg\" alt=\"\" class=\"wp-image-2872\" width=\"300\" srcset=\"https:\/\/blogs.santosochoa.es\/logrono\/wp-content\/uploads\/sites\/2\/2021\/10\/la-familia_daniel-lesquens_elisa-argile.jpg 591w, https:\/\/blogs.santosochoa.es\/logrono\/wp-content\/uploads\/sites\/2\/2021\/10\/la-familia_daniel-lesquens_elisa-argile-215x300.jpg 215w\" sizes=\"(max-width: 591px) 100vw, 591px\" \/><\/a><\/figure><\/div>\n\n\n\n<h5 class=\"wp-block-heading\"><strong><em>Mi familia<\/em> es un conjunto de historias en las que el autor nos presenta a los miembros de una familia: primero al padre, luego a la madre, despu\u00e9s a la hermana, al hermano, a Norberta, la tortuga, al abuelo Daniel\u2026<\/strong><\/h5>\n\n\n\n<p>La \u00abfamilia\u00bb de Nesquens no es una sucesi\u00f3n de datos biogr\u00e1ficos de personajes con relevancia hist\u00f3rica, ni de ning\u00fan otro tipo. De este modo, a trav\u00e9s de la fragmentariedad, de la suma de microrrelatos que van dibujando una forma de vida se va alzando el testamento de una generaci\u00f3n como es la de los a\u00f1os 60, a\u00f1os en que Espa\u00f1a empezaba a despertar de un letargo en el que hab\u00eda estado sumida, un tiempo que result\u00f3 ser casi una eternidad.<\/p>\n\n\n\n<p><strong>Daniel Nesquens<\/strong> (Zaragoza, 1967). En su infancia se divert\u00eda mucho con juegos de calle. Es un escritor especializado en literatura infantil que, desde el a\u00f1o 2000, cuenta en su producci\u00f3n con unos cuarenta t\u00edtulos. En sus historias preponderan las situaciones de la vida cotidiana vueltas al absurdo, cuentos que impresionan a chicos y grandes. En 2010 obtuvo el Premio Anaya de Literatura Infantil y Juvenil con <em>El hombre con el pelo revuelto<\/em>, y de nuevo en 2020 con <em>Mi abuelo ten\u00eda un hotel<\/em>.<\/p>\n\n\n\n<p><strong>Elisa Arguil\u00e9 Mart\u00ednez<\/strong> (Zaragoza, 1972) es una ilustradora especializada en libros infantiles y juveniles. En 2007 obtuvo el Premio Nacional de Ilustraci\u00f3n por su trabajo en el libro <em>Mi familia<\/em>, con texto de Daniel Nesquens. Con este mismo libro tambi\u00e9n obtuvo el Premio Daniel Gil de Ilustraci\u00f3n, y en 2008 fue la ganadora del Premio Junceda Iberia por las ilustraciones de <em>Pur\u00e9 de guisantes<\/em>, tambi\u00e9n con texto de Nesquens.<\/p>\n\n\n\n<div style=\"height:50px\" aria-hidden=\"true\" class=\"wp-block-spacer\"><\/div>\n\n\n\n<h2 class=\"wp-block-heading\"><strong>Alaitz Leceaga presenta <em>Hasta donde termina el mar<\/em>. Premio Fernando Lara de Novela 2021<\/strong><\/h2>\n\n\n\n<h3 class=\"wp-block-heading\"><strong>Mi\u00e9rcoles 17 de noviembre<\/strong><strong>, a las 19:30 h.<\/strong><\/h3>\n\n\n\n<h4 class=\"wp-block-heading\">Espacio Santos Ochoa. Calvo Sotelo, 19, Logro\u00f1o<\/h4>\n\n\n\n<h3 class=\"wp-block-heading\">&gt;&nbsp;<a href=\"https:\/\/blogs.santosochoa.es\/logrono\/eventos\/alaitz-leceaga-presenta-hasta-donde-termina-el-mar\/\" target=\"_blank\" rel=\"noreferrer noopener\"><strong><em>Aforo reducido.<\/em><\/strong>&nbsp;Reserva plaza pinchando aqu\u00ed<\/a><\/h3>\n\n\n\n<h3 class=\"wp-block-heading\">&gt;&nbsp;<strong><em><a href=\"https:\/\/www.youtube.com\/c\/SantosOchoaLibros\" target=\"_blank\" rel=\"noreferrer noopener\">Tambi\u00e9n desde casa en YouTube<\/a><\/em><\/strong><\/h3>\n\n\n\n<div class=\"wp-block-image\"><figure class=\"alignright size-large is-resized\"><a href=\"https:\/\/www.santosochoa.es\/libros\/leceaga-alaitz_hasta-donde-termina-el-mar_9788408245421#more\" target=\"_blank\" rel=\"noopener noreferrer\"><img decoding=\"async\" src=\"https:\/\/blogs.santosochoa.es\/logrono\/wp-content\/uploads\/sites\/2\/2021\/10\/hasta-donde-termina-el-mar_alaitz-leceaga.jpg\" alt=\"\" class=\"wp-image-2874\" width=\"300\" srcset=\"https:\/\/blogs.santosochoa.es\/logrono\/wp-content\/uploads\/sites\/2\/2021\/10\/hasta-donde-termina-el-mar_alaitz-leceaga.jpg 591w, https:\/\/blogs.santosochoa.es\/logrono\/wp-content\/uploads\/sites\/2\/2021\/10\/hasta-donde-termina-el-mar_alaitz-leceaga-197x300.jpg 197w\" sizes=\"(max-width: 591px) 100vw, 591px\" \/><\/a><\/figure><\/div>\n\n\n\n<p><strong>Demasiadas j\u00f3venes desaparecidas. Demasiadas leyendas tras la tormenta. La pasi\u00f3n de una escritora imprescindible.<\/strong><\/p>\n\n\n\n<h5 class=\"wp-block-heading\"><strong>1901. En el id\u00edlico pueblo vasco de Ea, Dylan y Ulises Morgan contemplan en el horizonte c\u00f3mo se hunde el Annabelle, el vapor de su abuelo, tras la terrible tempestad de la noche anterior. Despu\u00e9s, el cuerpo de una joven aparece flotando en la orilla. Extra\u00f1amente, es id\u00e9ntica a otra muchacha desaparecida muchos a\u00f1os atr\u00e1s, Cora Amara, la hija menor de la due\u00f1a de la funeraria del pueblo.<\/strong><\/h5>\n\n\n\n<p>Cora no es la \u00fanica joven a la que nunca m\u00e1s se volvi\u00f3 a ver: varias mujeres de los peque\u00f1os pueblos de alrededor llevan a\u00f1os perdidas. Nunca han encontrado los cuerpos, pero la marea arrastra a la costa una corona de lirios blancos cada vez que sucede.<\/p>\n\n\n\n<blockquote class=\"wp-block-quote is-layout-flow wp-block-quote-is-layout-flow\"><p><em>Hasta donde termina el mar<\/em> es una apasionante intriga sobre secretos familiares, venganza y el poder redentor del amor, ambientada en los dram\u00e1ticos paisajes de la costa de Vizcaya, tierra de leyendas en la que a\u00fan se oye hablar de sirenas.<\/p><\/blockquote>\n\n\n\n<p><strong>Alaitz Leceaga<\/strong> naci\u00f3 en Bilbao en 1982. Es la autora de las novelas superventas <em>El bosque sabe tu nombre<\/em>&nbsp; y <em>Las hijas de la tierra<\/em>, ambientada en La Rioja. Fue aclamada como la autora revelaci\u00f3n del a\u00f1o 2018 con su debut literario, <em>El bosque sabe tu nombre<\/em>, que se ha traducido a varios idiomas y cuyos derechos audiovisuales est\u00e1n en fase de desarrollo. Esta novela la llev\u00f3 a ser <strong>finalista del premio El Ojo Cr\u00edtico de RNE<\/strong> de Narrativa de 2018 y a ser la ganadora del <strong>premio de la Asociaci\u00f3n de libreros de Vizcaya<\/strong> de 2019.<\/p>\n\n\n\n<div style=\"height:50px\" aria-hidden=\"true\" class=\"wp-block-spacer\"><\/div>\n\n\n\n<h2 class=\"wp-block-heading\">[Festival Cu\u00e9ntalo]<strong> Conversaci\u00f3n con Carolina Le\u00f3n y Eduardo Romero. Modera Yanitza Torres<\/strong><\/h2>\n\n\n\n<h3 class=\"wp-block-heading\"><strong>S\u00e1bado 20 de octubre<\/strong><strong>, a las 19:00 h.<\/strong><\/h3>\n\n\n\n<h4 class=\"wp-block-heading\">Espacio Santos Ochoa. Calvo Sotelo, 19, Logro\u00f1o<\/h4>\n\n\n\n<h3 class=\"wp-block-heading\">&gt;&nbsp;<a href=\"https:\/\/www.festivalcuentalo.com\/inscripcion-conversaciones\/\" target=\"_blank\" rel=\"noreferrer noopener\"><strong><em>Aforo reducido.<\/em><\/strong>&nbsp;Reserva plaza pinchando aqu\u00ed<\/a><\/h3>\n\n\n\n<h3 class=\"wp-block-heading\">&gt;&nbsp;<strong><em><a href=\"https:\/\/www.youtube.com\/c\/SantosOchoaLibros\" target=\"_blank\" rel=\"noreferrer noopener\">Tambi\u00e9n desde casa en YouTube<\/a><\/em><\/strong><\/h3>\n\n\n\n<div class=\"wp-block-image\"><figure class=\"alignleft size-large is-resized\"><img decoding=\"async\" src=\"https:\/\/blogs.santosochoa.es\/logrono\/wp-content\/uploads\/sites\/2\/2021\/10\/CUENTALO-21-cartel.jpg\" alt=\"\" class=\"wp-image-2895\" width=\"300\" srcset=\"https:\/\/blogs.santosochoa.es\/logrono\/wp-content\/uploads\/sites\/2\/2021\/10\/CUENTALO-21-cartel.jpg 591w, https:\/\/blogs.santosochoa.es\/logrono\/wp-content\/uploads\/sites\/2\/2021\/10\/CUENTALO-21-cartel-214x300.jpg 214w\" sizes=\"(max-width: 591px) 100vw, 591px\" \/><\/figure><\/div>\n\n\n\n<h5 class=\"wp-block-heading\"><strong>Carolina Le\u00f3n, sevillana, es escritora, librera, periodista y productora de radio. <em>Trincheras permanentes <\/em>(Pepitas, 2017) es su primer libro en solitario, un ensayo narrativo que trata el cl\u00e1sico tema feminista de los <em>cuidados <\/em>bajo una \u00f3ptica pol\u00edtica, un libro a medio camino entre la cr\u00f3nica, la escritura autobiogr\u00e1fica y la reflexi\u00f3n pol\u00edtica y social: <em>Esa escritura es la que me ha hecho encontrar el verdadero parentesco entre la pol\u00edtica y los cuidados. <\/em><\/strong><\/h5>\n\n\n\n<p>Ha colaborado en los libros colectivos <em>CT o la cultura de la transici\u00f3n<\/em> y <em>Cuerpos marcados<\/em>. Actualmente, forma parte del colectivo Traficantes de sue\u00f1os en Madrid. Ha sido cr\u00edtica literaria en Estado cr\u00edtico y periodista en Qu\u00e9 Leer, La Vanguardia, Periodismo Humano y Marie Claire, entre otros medios.<\/p>\n\n\n\n<h5 class=\"wp-block-heading\"><strong>Eduardo Romero es miembro del colectivo social y editorial Cambalache, fundado en Oviedo en 2003. Es autor del relato <em>Naiyiria <\/em>y de la novela <em>En mar abierto, <\/em>editada por el sello riojano Pepitas, en la que los migrantes constituyen una verdadera \u201cfamilia\u201d metaf\u00f3rica, a la vez que dejan atr\u00e1s a su verdadera y literal familia.<\/strong><\/h5>\n\n\n\n<p>En 2019 Romero public\u00f3 tambi\u00e9n en Pepitas <em>Autobiograf\u00eda de Manuel Mart\u00ednez, <\/em>cr\u00f3nica de la generaci\u00f3n de inadaptados a los que la democracia solo les dio a elegir entre c\u00e1rcel o manicomio. Ha escrito tambi\u00e9n numerosos libros dedicados a la cr\u00edtica de la pol\u00edtica migratoria, entre ellos dos partes de <em>Qui\u00e9n invade a qui\u00e9n, <\/em>sobre el colonialismo y el <em>Plan \u00c1frica <\/em>y <em>A la vuelta de la esquina, Relatos de racismo y represi\u00f3n.<\/em><\/p>\n\n\n\n<h5 class=\"wp-block-heading\"><strong>Modera la charla Yanitza Torres G., periodista afincada desde hace una d\u00e9cada en Logro\u00f1o. En La Rioja encontr\u00f3 una nueva familia, una familia de escritoras de la que ahora forma parte y junto a quienes public\u00f3 un libro de relatos: <em>Hembras <\/em>(2021).<\/strong><\/h5>\n\n\n\n<p>Es responsable de comunicaci\u00f3n y trabaja en el proyecto Inmigracionalismo de Rioja Acoge. Publica en El Salto Diario. Desde hace a\u00f1os realiza el an\u00e1lisis de diversos medios de comunicaci\u00f3n con el objetivo de mejorar el tratamiento medi\u00e1tico de las migraciones y las noticias relacionadas con personas migrantes.<\/p>\n","protected":false},"excerpt":{"rendered":"<p>Alaitz Leceaga presenta \u00abHasta donde termina el mar\u00bb. Daniel Nesquens y Elisa Argil\u00e9 presentan \u00abMi Familia\u00bb. Conversaci\u00f3n con Carolina Le\u00f3n y Eduardo Romero<\/p>\n","protected":false},"author":4,"featured_media":2874,"comment_status":"closed","ping_status":"closed","sticky":false,"template":"","format":"standard","meta":{"footnotes":""},"categories":[10,12,13],"tags":[],"class_list":["post-2903","post","type-post","status-publish","format-standard","has-post-thumbnail","hentry","category-charlas","category-libros","category-libros-do-rioja"],"yoast_head":"<!-- This site is optimized with the Yoast SEO plugin v27.2 - https:\/\/yoast.com\/product\/yoast-seo-wordpress\/ -->\n<title>Alaitz Leceaga y Festival Cu\u00e9ntalo - Santos Ochoa Logro\u00f1o<\/title>\n<meta name=\"description\" content=\"Alaitz Leceaga presenta &quot;Hasta donde termina el mar&quot;. Daniel Nesquens y Elisa Argil\u00e9 presentan &quot;Mi Familia&quot;. Conversaci\u00f3n con Carolina Le\u00f3n y Eduardo Romero\" \/>\n<meta name=\"robots\" content=\"index, follow, max-snippet:-1, max-image-preview:large, max-video-preview:-1\" \/>\n<link rel=\"canonical\" href=\"https:\/\/blogs.santosochoa.es\/logrono\/alaitz-leceaga-y-festival-cuentalo\/\" \/>\n<meta property=\"og:locale\" content=\"es_ES\" \/>\n<meta property=\"og:type\" content=\"article\" \/>\n<meta property=\"og:title\" content=\"Alaitz Leceaga y Festival Cu\u00e9ntalo - Santos Ochoa Logro\u00f1o\" \/>\n<meta property=\"og:description\" content=\"Alaitz Leceaga presenta &quot;Hasta donde termina el mar&quot;. Daniel Nesquens y Elisa Argil\u00e9 presentan &quot;Mi Familia&quot;. Conversaci\u00f3n con Carolina Le\u00f3n y Eduardo Romero\" \/>\n<meta property=\"og:url\" content=\"https:\/\/blogs.santosochoa.es\/logrono\/alaitz-leceaga-y-festival-cuentalo\/\" \/>\n<meta property=\"og:site_name\" content=\"Santos Ochoa Logro\u00f1o\" \/>\n<meta property=\"article:author\" content=\"https:\/\/www.facebook.com\/santosochoalog\" \/>\n<meta property=\"article:published_time\" content=\"2021-11-10T12:17:53+00:00\" \/>\n<meta property=\"article:modified_time\" content=\"2021-11-10T12:22:39+00:00\" \/>\n<meta property=\"og:image\" content=\"https:\/\/blogs.santosochoa.es\/logrono\/wp-content\/uploads\/sites\/2\/2021\/10\/hasta-donde-termina-el-mar_alaitz-leceaga.jpg\" \/>\n\t<meta property=\"og:image:width\" content=\"591\" \/>\n\t<meta property=\"og:image:height\" content=\"901\" \/>\n\t<meta property=\"og:image:type\" content=\"image\/jpeg\" \/>\n<meta name=\"author\" content=\"Santos Ochoa Logro\u00f1o\" \/>\n<meta name=\"twitter:card\" content=\"summary_large_image\" \/>\n<meta name=\"twitter:creator\" content=\"@santosochoalog\" \/>\n<meta name=\"twitter:label1\" content=\"Written by\" \/>\n\t<meta name=\"twitter:data1\" content=\"Santos Ochoa Logro\u00f1o\" \/>\n\t<meta name=\"twitter:label2\" content=\"Est. reading time\" \/>\n\t<meta name=\"twitter:data2\" content=\"5 minutos\" \/>\n<script type=\"application\/ld+json\" class=\"yoast-schema-graph\">{\"@context\":\"https:\/\/schema.org\",\"@graph\":[{\"@type\":\"Article\",\"@id\":\"https:\/\/blogs.santosochoa.es\/logrono\/alaitz-leceaga-y-festival-cuentalo\/#article\",\"isPartOf\":{\"@id\":\"https:\/\/blogs.santosochoa.es\/logrono\/alaitz-leceaga-y-festival-cuentalo\/\"},\"author\":{\"name\":\"Santos Ochoa Logro\u00f1o\",\"@id\":\"https:\/\/blogs.santosochoa.es\/logrono\/#\/schema\/person\/103664eb8c60fbeea1880c704687c2e3\"},\"headline\":\"Alaitz Leceaga y Festival Cu\u00e9ntalo\",\"datePublished\":\"2021-11-10T12:17:53+00:00\",\"dateModified\":\"2021-11-10T12:22:39+00:00\",\"mainEntityOfPage\":{\"@id\":\"https:\/\/blogs.santosochoa.es\/logrono\/alaitz-leceaga-y-festival-cuentalo\/\"},\"wordCount\":1073,\"image\":{\"@id\":\"https:\/\/blogs.santosochoa.es\/logrono\/alaitz-leceaga-y-festival-cuentalo\/#primaryimage\"},\"thumbnailUrl\":\"https:\/\/blogs.santosochoa.es\/logrono\/wp-content\/uploads\/sites\/2\/2021\/10\/hasta-donde-termina-el-mar_alaitz-leceaga.jpg\",\"articleSection\":[\"charlas\",\"libros\",\"libros do rioja\"],\"inLanguage\":\"es\"},{\"@type\":\"WebPage\",\"@id\":\"https:\/\/blogs.santosochoa.es\/logrono\/alaitz-leceaga-y-festival-cuentalo\/\",\"url\":\"https:\/\/blogs.santosochoa.es\/logrono\/alaitz-leceaga-y-festival-cuentalo\/\",\"name\":\"Alaitz Leceaga y Festival Cu\u00e9ntalo - Santos Ochoa Logro\u00f1o\",\"isPartOf\":{\"@id\":\"https:\/\/blogs.santosochoa.es\/logrono\/#website\"},\"primaryImageOfPage\":{\"@id\":\"https:\/\/blogs.santosochoa.es\/logrono\/alaitz-leceaga-y-festival-cuentalo\/#primaryimage\"},\"image\":{\"@id\":\"https:\/\/blogs.santosochoa.es\/logrono\/alaitz-leceaga-y-festival-cuentalo\/#primaryimage\"},\"thumbnailUrl\":\"https:\/\/blogs.santosochoa.es\/logrono\/wp-content\/uploads\/sites\/2\/2021\/10\/hasta-donde-termina-el-mar_alaitz-leceaga.jpg\",\"datePublished\":\"2021-11-10T12:17:53+00:00\",\"dateModified\":\"2021-11-10T12:22:39+00:00\",\"author\":{\"@id\":\"https:\/\/blogs.santosochoa.es\/logrono\/#\/schema\/person\/103664eb8c60fbeea1880c704687c2e3\"},\"description\":\"Alaitz Leceaga presenta \\\"Hasta donde termina el mar\\\". Daniel Nesquens y Elisa Argil\u00e9 presentan \\\"Mi Familia\\\". Conversaci\u00f3n con Carolina Le\u00f3n y Eduardo Romero\",\"breadcrumb\":{\"@id\":\"https:\/\/blogs.santosochoa.es\/logrono\/alaitz-leceaga-y-festival-cuentalo\/#breadcrumb\"},\"inLanguage\":\"es\",\"potentialAction\":[{\"@type\":\"ReadAction\",\"target\":[\"https:\/\/blogs.santosochoa.es\/logrono\/alaitz-leceaga-y-festival-cuentalo\/\"]}]},{\"@type\":\"ImageObject\",\"inLanguage\":\"es\",\"@id\":\"https:\/\/blogs.santosochoa.es\/logrono\/alaitz-leceaga-y-festival-cuentalo\/#primaryimage\",\"url\":\"https:\/\/blogs.santosochoa.es\/logrono\/wp-content\/uploads\/sites\/2\/2021\/10\/hasta-donde-termina-el-mar_alaitz-leceaga.jpg\",\"contentUrl\":\"https:\/\/blogs.santosochoa.es\/logrono\/wp-content\/uploads\/sites\/2\/2021\/10\/hasta-donde-termina-el-mar_alaitz-leceaga.jpg\",\"width\":591,\"height\":901},{\"@type\":\"BreadcrumbList\",\"@id\":\"https:\/\/blogs.santosochoa.es\/logrono\/alaitz-leceaga-y-festival-cuentalo\/#breadcrumb\",\"itemListElement\":[{\"@type\":\"ListItem\",\"position\":1,\"name\":\"Home\",\"item\":\"https:\/\/blogs.santosochoa.es\/logrono\/\"},{\"@type\":\"ListItem\",\"position\":2,\"name\":\"Alaitz Leceaga y Festival Cu\u00e9ntalo\"}]},{\"@type\":\"WebSite\",\"@id\":\"https:\/\/blogs.santosochoa.es\/logrono\/#website\",\"url\":\"https:\/\/blogs.santosochoa.es\/logrono\/\",\"name\":\"Santos Ochoa Logro\u00f1o\",\"description\":\"Tu Librer\u00eda Online\",\"potentialAction\":[{\"@type\":\"SearchAction\",\"target\":{\"@type\":\"EntryPoint\",\"urlTemplate\":\"https:\/\/blogs.santosochoa.es\/logrono\/?s={search_term_string}\"},\"query-input\":{\"@type\":\"PropertyValueSpecification\",\"valueRequired\":true,\"valueName\":\"search_term_string\"}}],\"inLanguage\":\"es\"},{\"@type\":\"Person\",\"@id\":\"https:\/\/blogs.santosochoa.es\/logrono\/#\/schema\/person\/103664eb8c60fbeea1880c704687c2e3\",\"name\":\"Santos Ochoa Logro\u00f1o\",\"sameAs\":[\"http:\/\/santosochoa.es\",\"https:\/\/www.facebook.com\/santosochoalog\",\"https:\/\/www.instagram.com\/santosochoalog\/\",\"https:\/\/x.com\/santosochoalog\",\"https:\/\/www.youtube.com\/c\/SantosOchoaLibros\"]}]}<\/script>\n<!-- \/ Yoast SEO plugin. -->","yoast_head_json":{"title":"Alaitz Leceaga y Festival Cu\u00e9ntalo - Santos Ochoa Logro\u00f1o","description":"Alaitz Leceaga presenta \"Hasta donde termina el mar\". Daniel Nesquens y Elisa Argil\u00e9 presentan \"Mi Familia\". Conversaci\u00f3n con Carolina Le\u00f3n y Eduardo Romero","robots":{"index":"index","follow":"follow","max-snippet":"max-snippet:-1","max-image-preview":"max-image-preview:large","max-video-preview":"max-video-preview:-1"},"canonical":"https:\/\/blogs.santosochoa.es\/logrono\/alaitz-leceaga-y-festival-cuentalo\/","og_locale":"es_ES","og_type":"article","og_title":"Alaitz Leceaga y Festival Cu\u00e9ntalo - Santos Ochoa Logro\u00f1o","og_description":"Alaitz Leceaga presenta \"Hasta donde termina el mar\". Daniel Nesquens y Elisa Argil\u00e9 presentan \"Mi Familia\". Conversaci\u00f3n con Carolina Le\u00f3n y Eduardo Romero","og_url":"https:\/\/blogs.santosochoa.es\/logrono\/alaitz-leceaga-y-festival-cuentalo\/","og_site_name":"Santos Ochoa Logro\u00f1o","article_author":"https:\/\/www.facebook.com\/santosochoalog","article_published_time":"2021-11-10T12:17:53+00:00","article_modified_time":"2021-11-10T12:22:39+00:00","og_image":[{"width":591,"height":901,"url":"https:\/\/blogs.santosochoa.es\/logrono\/wp-content\/uploads\/sites\/2\/2021\/10\/hasta-donde-termina-el-mar_alaitz-leceaga.jpg","type":"image\/jpeg"}],"author":"Santos Ochoa Logro\u00f1o","twitter_card":"summary_large_image","twitter_creator":"@santosochoalog","twitter_misc":{"Written by":"Santos Ochoa Logro\u00f1o","Est. reading time":"5 minutos"},"schema":{"@context":"https:\/\/schema.org","@graph":[{"@type":"Article","@id":"https:\/\/blogs.santosochoa.es\/logrono\/alaitz-leceaga-y-festival-cuentalo\/#article","isPartOf":{"@id":"https:\/\/blogs.santosochoa.es\/logrono\/alaitz-leceaga-y-festival-cuentalo\/"},"author":{"name":"Santos Ochoa Logro\u00f1o","@id":"https:\/\/blogs.santosochoa.es\/logrono\/#\/schema\/person\/103664eb8c60fbeea1880c704687c2e3"},"headline":"Alaitz Leceaga y Festival Cu\u00e9ntalo","datePublished":"2021-11-10T12:17:53+00:00","dateModified":"2021-11-10T12:22:39+00:00","mainEntityOfPage":{"@id":"https:\/\/blogs.santosochoa.es\/logrono\/alaitz-leceaga-y-festival-cuentalo\/"},"wordCount":1073,"image":{"@id":"https:\/\/blogs.santosochoa.es\/logrono\/alaitz-leceaga-y-festival-cuentalo\/#primaryimage"},"thumbnailUrl":"https:\/\/blogs.santosochoa.es\/logrono\/wp-content\/uploads\/sites\/2\/2021\/10\/hasta-donde-termina-el-mar_alaitz-leceaga.jpg","articleSection":["charlas","libros","libros do rioja"],"inLanguage":"es"},{"@type":"WebPage","@id":"https:\/\/blogs.santosochoa.es\/logrono\/alaitz-leceaga-y-festival-cuentalo\/","url":"https:\/\/blogs.santosochoa.es\/logrono\/alaitz-leceaga-y-festival-cuentalo\/","name":"Alaitz Leceaga y Festival Cu\u00e9ntalo - Santos Ochoa Logro\u00f1o","isPartOf":{"@id":"https:\/\/blogs.santosochoa.es\/logrono\/#website"},"primaryImageOfPage":{"@id":"https:\/\/blogs.santosochoa.es\/logrono\/alaitz-leceaga-y-festival-cuentalo\/#primaryimage"},"image":{"@id":"https:\/\/blogs.santosochoa.es\/logrono\/alaitz-leceaga-y-festival-cuentalo\/#primaryimage"},"thumbnailUrl":"https:\/\/blogs.santosochoa.es\/logrono\/wp-content\/uploads\/sites\/2\/2021\/10\/hasta-donde-termina-el-mar_alaitz-leceaga.jpg","datePublished":"2021-11-10T12:17:53+00:00","dateModified":"2021-11-10T12:22:39+00:00","author":{"@id":"https:\/\/blogs.santosochoa.es\/logrono\/#\/schema\/person\/103664eb8c60fbeea1880c704687c2e3"},"description":"Alaitz Leceaga presenta \"Hasta donde termina el mar\". Daniel Nesquens y Elisa Argil\u00e9 presentan \"Mi Familia\". Conversaci\u00f3n con Carolina Le\u00f3n y Eduardo Romero","breadcrumb":{"@id":"https:\/\/blogs.santosochoa.es\/logrono\/alaitz-leceaga-y-festival-cuentalo\/#breadcrumb"},"inLanguage":"es","potentialAction":[{"@type":"ReadAction","target":["https:\/\/blogs.santosochoa.es\/logrono\/alaitz-leceaga-y-festival-cuentalo\/"]}]},{"@type":"ImageObject","inLanguage":"es","@id":"https:\/\/blogs.santosochoa.es\/logrono\/alaitz-leceaga-y-festival-cuentalo\/#primaryimage","url":"https:\/\/blogs.santosochoa.es\/logrono\/wp-content\/uploads\/sites\/2\/2021\/10\/hasta-donde-termina-el-mar_alaitz-leceaga.jpg","contentUrl":"https:\/\/blogs.santosochoa.es\/logrono\/wp-content\/uploads\/sites\/2\/2021\/10\/hasta-donde-termina-el-mar_alaitz-leceaga.jpg","width":591,"height":901},{"@type":"BreadcrumbList","@id":"https:\/\/blogs.santosochoa.es\/logrono\/alaitz-leceaga-y-festival-cuentalo\/#breadcrumb","itemListElement":[{"@type":"ListItem","position":1,"name":"Home","item":"https:\/\/blogs.santosochoa.es\/logrono\/"},{"@type":"ListItem","position":2,"name":"Alaitz Leceaga y Festival Cu\u00e9ntalo"}]},{"@type":"WebSite","@id":"https:\/\/blogs.santosochoa.es\/logrono\/#website","url":"https:\/\/blogs.santosochoa.es\/logrono\/","name":"Santos Ochoa Logro\u00f1o","description":"Tu Librer\u00eda Online","potentialAction":[{"@type":"SearchAction","target":{"@type":"EntryPoint","urlTemplate":"https:\/\/blogs.santosochoa.es\/logrono\/?s={search_term_string}"},"query-input":{"@type":"PropertyValueSpecification","valueRequired":true,"valueName":"search_term_string"}}],"inLanguage":"es"},{"@type":"Person","@id":"https:\/\/blogs.santosochoa.es\/logrono\/#\/schema\/person\/103664eb8c60fbeea1880c704687c2e3","name":"Santos Ochoa Logro\u00f1o","sameAs":["http:\/\/santosochoa.es","https:\/\/www.facebook.com\/santosochoalog","https:\/\/www.instagram.com\/santosochoalog\/","https:\/\/x.com\/santosochoalog","https:\/\/www.youtube.com\/c\/SantosOchoaLibros"]}]}},"_links":{"self":[{"href":"https:\/\/blogs.santosochoa.es\/logrono\/wp-json\/wp\/v2\/posts\/2903","targetHints":{"allow":["GET"]}}],"collection":[{"href":"https:\/\/blogs.santosochoa.es\/logrono\/wp-json\/wp\/v2\/posts"}],"about":[{"href":"https:\/\/blogs.santosochoa.es\/logrono\/wp-json\/wp\/v2\/types\/post"}],"author":[{"embeddable":true,"href":"https:\/\/blogs.santosochoa.es\/logrono\/wp-json\/wp\/v2\/users\/4"}],"replies":[{"embeddable":true,"href":"https:\/\/blogs.santosochoa.es\/logrono\/wp-json\/wp\/v2\/comments?post=2903"}],"version-history":[{"count":9,"href":"https:\/\/blogs.santosochoa.es\/logrono\/wp-json\/wp\/v2\/posts\/2903\/revisions"}],"predecessor-version":[{"id":2912,"href":"https:\/\/blogs.santosochoa.es\/logrono\/wp-json\/wp\/v2\/posts\/2903\/revisions\/2912"}],"wp:featuredmedia":[{"embeddable":true,"href":"https:\/\/blogs.santosochoa.es\/logrono\/wp-json\/wp\/v2\/media\/2874"}],"wp:attachment":[{"href":"https:\/\/blogs.santosochoa.es\/logrono\/wp-json\/wp\/v2\/media?parent=2903"}],"wp:term":[{"taxonomy":"category","embeddable":true,"href":"https:\/\/blogs.santosochoa.es\/logrono\/wp-json\/wp\/v2\/categories?post=2903"},{"taxonomy":"post_tag","embeddable":true,"href":"https:\/\/blogs.santosochoa.es\/logrono\/wp-json\/wp\/v2\/tags?post=2903"}],"curies":[{"name":"wp","href":"https:\/\/api.w.org\/{rel}","templated":true}]}}