{"id":237,"date":"2015-01-23T07:00:00","date_gmt":"2015-01-23T07:00:00","guid":{"rendered":"https:\/\/blogs.santosochoa.es\/logrono\/pilar-eyre-y-tertulia-ser-padres\/"},"modified":"2015-01-23T07:00:00","modified_gmt":"2015-01-23T07:00:00","slug":"pilar-eyre-y-tertulia-ser-padres","status":"publish","type":"post","link":"https:\/\/blogs.santosochoa.es\/logrono\/pilar-eyre-y-tertulia-ser-padres\/","title":{"rendered":"Pilar Eyre y Tertulia Ser Padres"},"content":{"rendered":"<p><span style=\"font-size: large\"><span style=\"color: #990000\"><span>La finalista del premio Planeta 2014, Pilar Eyre, presenta su novela autobiogr\u00e1fica <i><b>Mi color favorito es verte<\/b><\/i><\/span><\/span><br \/>Jueves 29 de enero, a las 19:30 h.<\/span><br \/>Espacio Santos Ochoa. Doctores Castroviejo, 19. <span style=\"color: #0b5394\"><b>&nbsp;<\/b><\/span><\/p>\n<div style=\"clear: both;text-align: center\"><a href=\"http:\/\/1.bp.blogspot.com\/-s4dct9wKJ8I\/VMDesgaKxjI\/AAAAAAAABdc\/n2EXKvflvWM\/s1600\/mi-color-favorito-es-verte_pilar-eyre.png\" style=\"clear: left;float: left;margin-bottom: 1em;margin-right: 1em\"><img loading=\"lazy\" decoding=\"async\" border=\"0\" src=\"http:\/\/1.bp.blogspot.com\/-s4dct9wKJ8I\/VMDesgaKxjI\/AAAAAAAABdc\/n2EXKvflvWM\/s1600\/mi-color-favorito-es-verte_pilar-eyre.png\" height=\"200\" width=\"131\" \/><\/a><\/div>\n<p><span style=\"color: #0b5394\"><b>Pilar Eyre, una periodista madura y a\u00fan presa de una gran pasi\u00f3n por la vida, conoce, durante un verano en la Costa Brava, a S\u00e9bastien, un corresponsal de guerra franc\u00e9s de gran atractivo. Entre ellos surge un amor inesperado que los lleva a vivir tres d\u00edas de intensa relaci\u00f3n er\u00f3tica y sentimental. <\/b><\/span><\/p>\n<p>Cuando S\u00e9bastien desaparece repentinamente, Pilar lo busca con desesperaci\u00f3n siguiendo las pistas ambiguas que el periodista ha ido dejando a su paso, pero los resultados son cada vez m\u00e1s sorprendentes y misteriosos. Esta no es una bella historia de amor crepuscular, esta es una bella historia de amor entre una mujer que se atreve a llegar hasta el l\u00edmite y un hombre secuestrado por unos sentimientos imprevistos.<\/p>\n<p>\u201cMi color favorito es verte\u201d es una aventura real. Acerqu\u00e9monos de puntillas y miremos por el ojo de la cerradura: ah\u00ed dentro hay una mujer desnuda.<\/p>\n<p><b>Pilar Eyre<\/b> (Barcelona, 1951) estudi\u00f3 Filosof\u00eda y Letras y Ciencias de la Informaci\u00f3n. Ha ejercido el periodismo como columnista, entrevistadora y reportera en diversos peri\u00f3dicos y revistas (Hoja del Lunes, Mundo Diario, La Vanguardia, Intervi\u00fa, El Peri\u00f3dico de Catalunya y El Mundo, entre otros) y ha colaborado tambi\u00e9n en varias emisoras de radio y televisi\u00f3n.<\/p>\n<p>Es autora de numerosos libros, entre ellos \u201cDos Borbones en la corte de Franco\u201d, \u201cSecretos y mentiras de la Familia Real\u201d, \u201cVips: Todos los secretos de los famosos\u201d, \u201cMujeres, veinte a\u00f1os despu\u00e9s\u201d y \u201cCibersexo\u201d; tambi\u00e9n de las novelas \u201cTodo empez\u00f3 en el Marbella Club\u201d y \u201cCallej\u00f3n del olvido\u201d y de la biograf\u00eda \u201cQuico Sabat\u00e9, el \u00faltimo guerrillero\u201d. Sus novelas hist\u00f3ricas \u201cEna, Pasi\u00f3n imperial\u201d, \u201cMar\u00eda la Brava\u201d y el relato biogr\u00e1fico, a caballo de la novela, \u201cLa soledad de la reina\u201d la han convertido en todo un fen\u00f3meno editorial.<\/p>\n<p><span style=\"font-size: large\"><span style=\"color: #990000\"><span>Tertulia-taller Ser Padres: <i><b>\u00bfQuieres mejorar la comunicaci\u00f3n con tus hijos? Aprende a hablar para que te escuchen<\/b><\/i>. Con Bego\u00f1a Gonz\u00e1lez y El Balc\u00f3n de Mateo.<\/span><\/span><br \/>S\u00e1bado 31 de enero, a las 11:30 h.<\/span><br \/>Espacio Santos Ochoa. Doctores Castroviejo, 19<span style=\"color: #0b5394\"><b>&nbsp;<\/b><\/span><\/p>\n<div style=\"clear: both;text-align: center\"><a href=\"http:\/\/3.bp.blogspot.com\/-AR_Hkz8QtTk\/VMDfQyq2eBI\/AAAAAAAABdk\/RQjIQOyBvxs\/s1600\/tertulia-ser-padres.png\" style=\"clear: right;float: right;margin-bottom: 1em;margin-left: 1em\"><img loading=\"lazy\" decoding=\"async\" border=\"0\" src=\"http:\/\/3.bp.blogspot.com\/-AR_Hkz8QtTk\/VMDfQyq2eBI\/AAAAAAAABdk\/RQjIQOyBvxs\/s1600\/tertulia-ser-padres.png\" height=\"188\" width=\"200\" \/><\/a><\/div>\n<p><span style=\"color: #0b5394\"><b>La asertividad es una habilidad que todos poseemos. Entren\u00e1ndola, podr\u00e1s mejorar la comunicaci\u00f3n con tus hijos y, a\u00fan m\u00e1s importante, conseguir\u00e1s que tus hijos tambi\u00e9n la desarrollen. Bego\u00f1a Gonz\u00e1lez nos dar\u00e1 unas pautas para trabajar la asertividad y mejorar la comunicaci\u00f3n en el seno familiar. <\/b><\/span><\/p>\n<p><b>Bego\u00f1a Gonz\u00e1lez Ruiz de Velasco <\/b>es pedagoga, experta en comunicaci\u00f3n, habilidades sociales e inteligencia emocional.<\/p>\n<p><span style=\"color: #990000\"><b>Taller y cuentos a partir de 3 a\u00f1os<\/b><\/span><br \/>Durante la tertulia habr\u00e1 un taller y cuentos para los ni\u00f1os de los padres asistentes (a partir de 3 a\u00f1os).<\/p>\n<p><b>Inscripciones:<\/b> <a href=\"http:\/\/www.leoyjuego.es\/\">www.leoyjuego.es<\/a><\/p>\n","protected":false},"excerpt":{"rendered":"<p>La finalista del premio Planeta 2014, Pilar Eyre, presenta su novela autobiogr\u00e1fica Mi color favorito es verteJueves 29 de enero, a las 19:30 h.Espacio Santos Ochoa. Doctores Castroviejo, 19. &nbsp; Pilar Eyre, una periodista madura y a\u00fan presa de una gran pasi\u00f3n por la vida, conoce, durante un verano en la Costa Brava, a S\u00e9bastien, [&hellip;]<\/p>\n","protected":false},"author":4,"featured_media":0,"comment_status":"open","ping_status":"open","sticky":false,"template":"","format":"standard","meta":{"footnotes":""},"categories":[12,21],"tags":[],"class_list":["post-237","post","type-post","status-publish","format-standard","hentry","category-libros","category-ser-padres"],"yoast_head":"<!-- This site is optimized with the Yoast SEO plugin v27.2 - https:\/\/yoast.com\/product\/yoast-seo-wordpress\/ -->\n<title>Pilar Eyre y Tertulia Ser Padres - Santos Ochoa Logro\u00f1o<\/title>\n<meta name=\"robots\" content=\"index, follow, max-snippet:-1, max-image-preview:large, max-video-preview:-1\" \/>\n<link rel=\"canonical\" href=\"https:\/\/blogs.santosochoa.es\/logrono\/pilar-eyre-y-tertulia-ser-padres\/\" \/>\n<meta property=\"og:locale\" content=\"es_ES\" \/>\n<meta property=\"og:type\" content=\"article\" \/>\n<meta property=\"og:title\" content=\"Pilar Eyre y Tertulia Ser Padres - Santos Ochoa Logro\u00f1o\" \/>\n<meta property=\"og:description\" content=\"La finalista del premio Planeta 2014, Pilar Eyre, presenta su novela autobiogr\u00e1fica Mi color favorito es verteJueves 29 de enero, a las 19:30 h.Espacio Santos Ochoa. Doctores Castroviejo, 19. &nbsp; Pilar Eyre, una periodista madura y a\u00fan presa de una gran pasi\u00f3n por la vida, conoce, durante un verano en la Costa Brava, a S\u00e9bastien, [&hellip;]\" \/>\n<meta property=\"og:url\" content=\"https:\/\/blogs.santosochoa.es\/logrono\/pilar-eyre-y-tertulia-ser-padres\/\" \/>\n<meta property=\"og:site_name\" content=\"Santos Ochoa Logro\u00f1o\" \/>\n<meta property=\"article:author\" content=\"https:\/\/www.facebook.com\/santosochoalog\" \/>\n<meta property=\"article:published_time\" content=\"2015-01-23T07:00:00+00:00\" \/>\n<meta property=\"og:image\" content=\"http:\/\/1.bp.blogspot.com\/-s4dct9wKJ8I\/VMDesgaKxjI\/AAAAAAAABdc\/n2EXKvflvWM\/s1600\/mi-color-favorito-es-verte_pilar-eyre.png\" \/>\n<meta name=\"author\" content=\"Santos Ochoa Logro\u00f1o\" \/>\n<meta name=\"twitter:card\" content=\"summary_large_image\" \/>\n<meta name=\"twitter:creator\" content=\"@santosochoalog\" \/>\n<meta name=\"twitter:label1\" content=\"Written by\" \/>\n\t<meta name=\"twitter:data1\" content=\"Santos Ochoa Logro\u00f1o\" \/>\n\t<meta name=\"twitter:label2\" content=\"Est. reading time\" \/>\n\t<meta name=\"twitter:data2\" content=\"2 minutos\" \/>\n<script type=\"application\/ld+json\" class=\"yoast-schema-graph\">{\"@context\":\"https:\/\/schema.org\",\"@graph\":[{\"@type\":\"Article\",\"@id\":\"https:\/\/blogs.santosochoa.es\/logrono\/pilar-eyre-y-tertulia-ser-padres\/#article\",\"isPartOf\":{\"@id\":\"https:\/\/blogs.santosochoa.es\/logrono\/pilar-eyre-y-tertulia-ser-padres\/\"},\"author\":{\"name\":\"Santos Ochoa Logro\u00f1o\",\"@id\":\"https:\/\/blogs.santosochoa.es\/logrono\/#\/schema\/person\/103664eb8c60fbeea1880c704687c2e3\"},\"headline\":\"Pilar Eyre y Tertulia Ser Padres\",\"datePublished\":\"2015-01-23T07:00:00+00:00\",\"mainEntityOfPage\":{\"@id\":\"https:\/\/blogs.santosochoa.es\/logrono\/pilar-eyre-y-tertulia-ser-padres\/\"},\"wordCount\":498,\"commentCount\":0,\"image\":{\"@id\":\"https:\/\/blogs.santosochoa.es\/logrono\/pilar-eyre-y-tertulia-ser-padres\/#primaryimage\"},\"thumbnailUrl\":\"http:\/\/1.bp.blogspot.com\/-s4dct9wKJ8I\/VMDesgaKxjI\/AAAAAAAABdc\/n2EXKvflvWM\/s1600\/mi-color-favorito-es-verte_pilar-eyre.png\",\"articleSection\":[\"libros\",\"ser padres\"],\"inLanguage\":\"es\",\"potentialAction\":[{\"@type\":\"CommentAction\",\"name\":\"Comment\",\"target\":[\"https:\/\/blogs.santosochoa.es\/logrono\/pilar-eyre-y-tertulia-ser-padres\/#respond\"]}]},{\"@type\":\"WebPage\",\"@id\":\"https:\/\/blogs.santosochoa.es\/logrono\/pilar-eyre-y-tertulia-ser-padres\/\",\"url\":\"https:\/\/blogs.santosochoa.es\/logrono\/pilar-eyre-y-tertulia-ser-padres\/\",\"name\":\"Pilar Eyre y Tertulia Ser Padres - Santos Ochoa Logro\u00f1o\",\"isPartOf\":{\"@id\":\"https:\/\/blogs.santosochoa.es\/logrono\/#website\"},\"primaryImageOfPage\":{\"@id\":\"https:\/\/blogs.santosochoa.es\/logrono\/pilar-eyre-y-tertulia-ser-padres\/#primaryimage\"},\"image\":{\"@id\":\"https:\/\/blogs.santosochoa.es\/logrono\/pilar-eyre-y-tertulia-ser-padres\/#primaryimage\"},\"thumbnailUrl\":\"http:\/\/1.bp.blogspot.com\/-s4dct9wKJ8I\/VMDesgaKxjI\/AAAAAAAABdc\/n2EXKvflvWM\/s1600\/mi-color-favorito-es-verte_pilar-eyre.png\",\"datePublished\":\"2015-01-23T07:00:00+00:00\",\"author\":{\"@id\":\"https:\/\/blogs.santosochoa.es\/logrono\/#\/schema\/person\/103664eb8c60fbeea1880c704687c2e3\"},\"breadcrumb\":{\"@id\":\"https:\/\/blogs.santosochoa.es\/logrono\/pilar-eyre-y-tertulia-ser-padres\/#breadcrumb\"},\"inLanguage\":\"es\",\"potentialAction\":[{\"@type\":\"ReadAction\",\"target\":[\"https:\/\/blogs.santosochoa.es\/logrono\/pilar-eyre-y-tertulia-ser-padres\/\"]}]},{\"@type\":\"ImageObject\",\"inLanguage\":\"es\",\"@id\":\"https:\/\/blogs.santosochoa.es\/logrono\/pilar-eyre-y-tertulia-ser-padres\/#primaryimage\",\"url\":\"http:\/\/1.bp.blogspot.com\/-s4dct9wKJ8I\/VMDesgaKxjI\/AAAAAAAABdc\/n2EXKvflvWM\/s1600\/mi-color-favorito-es-verte_pilar-eyre.png\",\"contentUrl\":\"http:\/\/1.bp.blogspot.com\/-s4dct9wKJ8I\/VMDesgaKxjI\/AAAAAAAABdc\/n2EXKvflvWM\/s1600\/mi-color-favorito-es-verte_pilar-eyre.png\"},{\"@type\":\"BreadcrumbList\",\"@id\":\"https:\/\/blogs.santosochoa.es\/logrono\/pilar-eyre-y-tertulia-ser-padres\/#breadcrumb\",\"itemListElement\":[{\"@type\":\"ListItem\",\"position\":1,\"name\":\"Home\",\"item\":\"https:\/\/blogs.santosochoa.es\/logrono\/\"},{\"@type\":\"ListItem\",\"position\":2,\"name\":\"Pilar Eyre y Tertulia Ser Padres\"}]},{\"@type\":\"WebSite\",\"@id\":\"https:\/\/blogs.santosochoa.es\/logrono\/#website\",\"url\":\"https:\/\/blogs.santosochoa.es\/logrono\/\",\"name\":\"Santos Ochoa Logro\u00f1o\",\"description\":\"Tu Librer\u00eda Online\",\"potentialAction\":[{\"@type\":\"SearchAction\",\"target\":{\"@type\":\"EntryPoint\",\"urlTemplate\":\"https:\/\/blogs.santosochoa.es\/logrono\/?s={search_term_string}\"},\"query-input\":{\"@type\":\"PropertyValueSpecification\",\"valueRequired\":true,\"valueName\":\"search_term_string\"}}],\"inLanguage\":\"es\"},{\"@type\":\"Person\",\"@id\":\"https:\/\/blogs.santosochoa.es\/logrono\/#\/schema\/person\/103664eb8c60fbeea1880c704687c2e3\",\"name\":\"Santos Ochoa Logro\u00f1o\",\"sameAs\":[\"http:\/\/santosochoa.es\",\"https:\/\/www.facebook.com\/santosochoalog\",\"https:\/\/www.instagram.com\/santosochoalog\/\",\"https:\/\/x.com\/santosochoalog\",\"https:\/\/www.youtube.com\/c\/SantosOchoaLibros\"]}]}<\/script>\n<!-- \/ Yoast SEO plugin. -->","yoast_head_json":{"title":"Pilar Eyre y Tertulia Ser Padres - Santos Ochoa Logro\u00f1o","robots":{"index":"index","follow":"follow","max-snippet":"max-snippet:-1","max-image-preview":"max-image-preview:large","max-video-preview":"max-video-preview:-1"},"canonical":"https:\/\/blogs.santosochoa.es\/logrono\/pilar-eyre-y-tertulia-ser-padres\/","og_locale":"es_ES","og_type":"article","og_title":"Pilar Eyre y Tertulia Ser Padres - Santos Ochoa Logro\u00f1o","og_description":"La finalista del premio Planeta 2014, Pilar Eyre, presenta su novela autobiogr\u00e1fica Mi color favorito es verteJueves 29 de enero, a las 19:30 h.Espacio Santos Ochoa. Doctores Castroviejo, 19. &nbsp; Pilar Eyre, una periodista madura y a\u00fan presa de una gran pasi\u00f3n por la vida, conoce, durante un verano en la Costa Brava, a S\u00e9bastien, [&hellip;]","og_url":"https:\/\/blogs.santosochoa.es\/logrono\/pilar-eyre-y-tertulia-ser-padres\/","og_site_name":"Santos Ochoa Logro\u00f1o","article_author":"https:\/\/www.facebook.com\/santosochoalog","article_published_time":"2015-01-23T07:00:00+00:00","og_image":[{"url":"http:\/\/1.bp.blogspot.com\/-s4dct9wKJ8I\/VMDesgaKxjI\/AAAAAAAABdc\/n2EXKvflvWM\/s1600\/mi-color-favorito-es-verte_pilar-eyre.png","type":"","width":"","height":""}],"author":"Santos Ochoa Logro\u00f1o","twitter_card":"summary_large_image","twitter_creator":"@santosochoalog","twitter_misc":{"Written by":"Santos Ochoa Logro\u00f1o","Est. reading time":"2 minutos"},"schema":{"@context":"https:\/\/schema.org","@graph":[{"@type":"Article","@id":"https:\/\/blogs.santosochoa.es\/logrono\/pilar-eyre-y-tertulia-ser-padres\/#article","isPartOf":{"@id":"https:\/\/blogs.santosochoa.es\/logrono\/pilar-eyre-y-tertulia-ser-padres\/"},"author":{"name":"Santos Ochoa Logro\u00f1o","@id":"https:\/\/blogs.santosochoa.es\/logrono\/#\/schema\/person\/103664eb8c60fbeea1880c704687c2e3"},"headline":"Pilar Eyre y Tertulia Ser Padres","datePublished":"2015-01-23T07:00:00+00:00","mainEntityOfPage":{"@id":"https:\/\/blogs.santosochoa.es\/logrono\/pilar-eyre-y-tertulia-ser-padres\/"},"wordCount":498,"commentCount":0,"image":{"@id":"https:\/\/blogs.santosochoa.es\/logrono\/pilar-eyre-y-tertulia-ser-padres\/#primaryimage"},"thumbnailUrl":"http:\/\/1.bp.blogspot.com\/-s4dct9wKJ8I\/VMDesgaKxjI\/AAAAAAAABdc\/n2EXKvflvWM\/s1600\/mi-color-favorito-es-verte_pilar-eyre.png","articleSection":["libros","ser padres"],"inLanguage":"es","potentialAction":[{"@type":"CommentAction","name":"Comment","target":["https:\/\/blogs.santosochoa.es\/logrono\/pilar-eyre-y-tertulia-ser-padres\/#respond"]}]},{"@type":"WebPage","@id":"https:\/\/blogs.santosochoa.es\/logrono\/pilar-eyre-y-tertulia-ser-padres\/","url":"https:\/\/blogs.santosochoa.es\/logrono\/pilar-eyre-y-tertulia-ser-padres\/","name":"Pilar Eyre y Tertulia Ser Padres - Santos Ochoa Logro\u00f1o","isPartOf":{"@id":"https:\/\/blogs.santosochoa.es\/logrono\/#website"},"primaryImageOfPage":{"@id":"https:\/\/blogs.santosochoa.es\/logrono\/pilar-eyre-y-tertulia-ser-padres\/#primaryimage"},"image":{"@id":"https:\/\/blogs.santosochoa.es\/logrono\/pilar-eyre-y-tertulia-ser-padres\/#primaryimage"},"thumbnailUrl":"http:\/\/1.bp.blogspot.com\/-s4dct9wKJ8I\/VMDesgaKxjI\/AAAAAAAABdc\/n2EXKvflvWM\/s1600\/mi-color-favorito-es-verte_pilar-eyre.png","datePublished":"2015-01-23T07:00:00+00:00","author":{"@id":"https:\/\/blogs.santosochoa.es\/logrono\/#\/schema\/person\/103664eb8c60fbeea1880c704687c2e3"},"breadcrumb":{"@id":"https:\/\/blogs.santosochoa.es\/logrono\/pilar-eyre-y-tertulia-ser-padres\/#breadcrumb"},"inLanguage":"es","potentialAction":[{"@type":"ReadAction","target":["https:\/\/blogs.santosochoa.es\/logrono\/pilar-eyre-y-tertulia-ser-padres\/"]}]},{"@type":"ImageObject","inLanguage":"es","@id":"https:\/\/blogs.santosochoa.es\/logrono\/pilar-eyre-y-tertulia-ser-padres\/#primaryimage","url":"http:\/\/1.bp.blogspot.com\/-s4dct9wKJ8I\/VMDesgaKxjI\/AAAAAAAABdc\/n2EXKvflvWM\/s1600\/mi-color-favorito-es-verte_pilar-eyre.png","contentUrl":"http:\/\/1.bp.blogspot.com\/-s4dct9wKJ8I\/VMDesgaKxjI\/AAAAAAAABdc\/n2EXKvflvWM\/s1600\/mi-color-favorito-es-verte_pilar-eyre.png"},{"@type":"BreadcrumbList","@id":"https:\/\/blogs.santosochoa.es\/logrono\/pilar-eyre-y-tertulia-ser-padres\/#breadcrumb","itemListElement":[{"@type":"ListItem","position":1,"name":"Home","item":"https:\/\/blogs.santosochoa.es\/logrono\/"},{"@type":"ListItem","position":2,"name":"Pilar Eyre y Tertulia Ser Padres"}]},{"@type":"WebSite","@id":"https:\/\/blogs.santosochoa.es\/logrono\/#website","url":"https:\/\/blogs.santosochoa.es\/logrono\/","name":"Santos Ochoa Logro\u00f1o","description":"Tu Librer\u00eda Online","potentialAction":[{"@type":"SearchAction","target":{"@type":"EntryPoint","urlTemplate":"https:\/\/blogs.santosochoa.es\/logrono\/?s={search_term_string}"},"query-input":{"@type":"PropertyValueSpecification","valueRequired":true,"valueName":"search_term_string"}}],"inLanguage":"es"},{"@type":"Person","@id":"https:\/\/blogs.santosochoa.es\/logrono\/#\/schema\/person\/103664eb8c60fbeea1880c704687c2e3","name":"Santos Ochoa Logro\u00f1o","sameAs":["http:\/\/santosochoa.es","https:\/\/www.facebook.com\/santosochoalog","https:\/\/www.instagram.com\/santosochoalog\/","https:\/\/x.com\/santosochoalog","https:\/\/www.youtube.com\/c\/SantosOchoaLibros"]}]}},"_links":{"self":[{"href":"https:\/\/blogs.santosochoa.es\/logrono\/wp-json\/wp\/v2\/posts\/237","targetHints":{"allow":["GET"]}}],"collection":[{"href":"https:\/\/blogs.santosochoa.es\/logrono\/wp-json\/wp\/v2\/posts"}],"about":[{"href":"https:\/\/blogs.santosochoa.es\/logrono\/wp-json\/wp\/v2\/types\/post"}],"author":[{"embeddable":true,"href":"https:\/\/blogs.santosochoa.es\/logrono\/wp-json\/wp\/v2\/users\/4"}],"replies":[{"embeddable":true,"href":"https:\/\/blogs.santosochoa.es\/logrono\/wp-json\/wp\/v2\/comments?post=237"}],"version-history":[{"count":0,"href":"https:\/\/blogs.santosochoa.es\/logrono\/wp-json\/wp\/v2\/posts\/237\/revisions"}],"wp:attachment":[{"href":"https:\/\/blogs.santosochoa.es\/logrono\/wp-json\/wp\/v2\/media?parent=237"}],"wp:term":[{"taxonomy":"category","embeddable":true,"href":"https:\/\/blogs.santosochoa.es\/logrono\/wp-json\/wp\/v2\/categories?post=237"},{"taxonomy":"post_tag","embeddable":true,"href":"https:\/\/blogs.santosochoa.es\/logrono\/wp-json\/wp\/v2\/tags?post=237"}],"curies":[{"name":"wp","href":"https:\/\/api.w.org\/{rel}","templated":true}]}}