{"id":2337,"date":"2021-01-04T14:24:00","date_gmt":"2021-01-04T13:24:00","guid":{"rendered":"https:\/\/blogs.santosochoa.es\/logrono\/?p=2337"},"modified":"2021-01-11T13:17:24","modified_gmt":"2021-01-11T12:17:24","slug":"la-musica-de-mi-vida","status":"publish","type":"post","link":"https:\/\/blogs.santosochoa.es\/logrono\/la-musica-de-mi-vida\/","title":{"rendered":"La m\u00fasica de mi vida"},"content":{"rendered":"\n<h2 class=\"wp-block-heading\"><strong>Mar\u00eda Jos\u00e9 Marrod\u00e1n presenta la novela de Lectura F\u00e1cil <em>La m\u00fasica de mi vida<\/em><\/strong><\/h2>\n\n\n\n<h3 class=\"wp-block-heading\"><strong>Jueves 14 de enero, a las 19:30 h.<\/strong><\/h3>\n\n\n\n<h4 class=\"wp-block-heading\">Espacio Santos Ochoa. Calvo Sotelo, 19, Logro\u00f1o<\/h4>\n\n\n\n<h3 class=\"wp-block-heading\">\ud83d\udc49 <a href=\"https:\/\/blogs.santosochoa.es\/logrono\/eventos\/maria-jose-marrodan-presenta-la-musica-de-mi-vida\/\" target=\"_blank\" rel=\"noreferrer noopener\"><strong><em>Aforo limitado.<\/em><\/strong>&nbsp;Reserva plaza pinchando aqu\u00ed&nbsp;<\/a><\/h3>\n\n\n\n<h3 class=\"wp-block-heading\">\ud83d\udc49 <a href=\"http:\/\/youtube.com\/c\/SantosOchoaLibros\" target=\"_blank\" rel=\"noreferrer noopener\"><strong><em>Tambi\u00e9n en directo en YouTube<\/em><\/strong>&nbsp;<\/a><\/h3>\n\n\n\n<p>Acompa\u00f1an a la autora <strong>Paquita Salord<\/strong> y <strong>Santiago Urizarna.<\/strong><\/p>\n\n\n\n<div class=\"wp-block-image\"><figure class=\"alignleft size-large is-resized\"><img decoding=\"async\" src=\"https:\/\/blogs.santosochoa.es\/logrono\/wp-content\/uploads\/sites\/2\/2021\/01\/la-musica-de-mi-vida_maria-jose-marrodan.jpg\" alt=\"\" class=\"wp-image-2336\" width=\"200\" srcset=\"https:\/\/blogs.santosochoa.es\/logrono\/wp-content\/uploads\/sites\/2\/2021\/01\/la-musica-de-mi-vida_maria-jose-marrodan.jpg 591w, https:\/\/blogs.santosochoa.es\/logrono\/wp-content\/uploads\/sites\/2\/2021\/01\/la-musica-de-mi-vida_maria-jose-marrodan-200x300.jpg 200w\" sizes=\"(max-width: 591px) 100vw, 591px\" \/><\/figure><\/div>\n\n\n\n<p><strong><em>La m\u00fasica de mi vida<\/em> es una obra de Lectura F\u00e1cil que adem\u00e1s estimula y refuerza la lectura comprensiva.<\/strong><\/p>\n\n\n\n<h5 class=\"wp-block-heading\"><strong>Esta novela cuenta la importancia de la m\u00fasica en la vida de todas las personas: ni\u00f1os, j\u00f3venes, adultos y en personas con dificultades o con enfermedades graves, como la del Alzheimer. Es una historia sencilla, tierna y cercana, que nos recuerda c\u00f3mo la m\u00fasica nos hace sonreir, sentirnos mejor y nos ayuda a superar las dificultades.<\/strong><\/h5>\n\n\n\n<p>Las ilustraciones son originales de la novela, muy cuidadas, modernas y llenas de creatividad. Reconoceremos m\u00fasicos y cantantes de todos los tiempos cuyas obras forman parte de nuestra vida.<\/p>\n\n\n\n<p>Para aumentar el valor did\u00e1ctico de la novela, cuenta con actividades de comprensi\u00f3n de la lectura, riqueza de vocabulario y expresi\u00f3n oral en cada cap\u00edtulo.<\/p>\n\n\n\n<p><strong>Mar\u00eda Jos\u00e9 Marrod\u00e1n Giron\u00e9s<\/strong> es Licenciada en Ciencias de la Educaci\u00f3n y profesora de Pedagog\u00eda Terap\u00e9utica. Adem\u00e1s de su obra literaria, ha publicado m\u00e1s de una treintena de obras pedag\u00f3gicas para profesores y alumnos sobre dislexia, tutor\u00eda y convivencia, orientaci\u00f3n, comprensi\u00f3n lectora, cuentos educativos, relatos y tres novelas originales en lectura f\u00e1cil: <em>El misterio de los marcos desaparecidos<\/em>, <em>La calle 25<\/em> y <em>La m\u00fasica de mi vida<\/em>. Su obra po\u00e9tica est\u00e1 recogida en m\u00e1s de una docena de antolog\u00edas.<\/p>\n\n\n\n<p>Es presidenta de la Asociaci\u00f3n de Profesionales de la Orientaci\u00f3n de La Rioja (APOLAR) y de la Asociaci\u00f3n Riojana de Lectura F\u00e1cil. Es columnista del diario La Rioja, colabora con numerosos medios de comunicaci\u00f3n, asociaciones y ONG\u00b4s. Organiza y participa en diferentes festivales y actividades educativas y culturales. Afirma que escribe porque le asaltan las palabras, la vencen y siempre la salvan.<\/p>\n","protected":false},"excerpt":{"rendered":"<p>Mar\u00eda Jos\u00e9 Marrod\u00e1n presenta la novela de Lectura F\u00e1cil La m\u00fasica de mi vida Jueves 14 de enero, a las 19:30 h. Espacio Santos Ochoa. Calvo Sotelo, 19, Logro\u00f1o \ud83d\udc49 Aforo limitado.&nbsp;Reserva plaza pinchando aqu\u00ed&nbsp; \ud83d\udc49 Tambi\u00e9n en directo en YouTube&nbsp; Acompa\u00f1an a la autora Paquita Salord y Santiago Urizarna. La m\u00fasica de mi vida [&hellip;]<\/p>\n","protected":false},"author":4,"featured_media":2336,"comment_status":"closed","ping_status":"closed","sticky":false,"template":"","format":"standard","meta":{"footnotes":""},"categories":[29,12,13],"tags":[],"class_list":["post-2337","post","type-post","status-publish","format-standard","has-post-thumbnail","hentry","category-juvenil","category-libros","category-libros-do-rioja"],"yoast_head":"<!-- This site is optimized with the Yoast SEO plugin v27.2 - https:\/\/yoast.com\/product\/yoast-seo-wordpress\/ -->\n<title>La m\u00fasica de mi vida - Santos Ochoa Logro\u00f1o<\/title>\n<meta name=\"description\" content=\"Agenda Cultural. Mar\u00eda Jos\u00e9 Marrod\u00e1n presenta la novela de Lectura F\u00e1cil &quot;La m\u00fasica de mi vida&quot;\" \/>\n<meta name=\"robots\" content=\"index, follow, max-snippet:-1, max-image-preview:large, max-video-preview:-1\" \/>\n<link rel=\"canonical\" href=\"https:\/\/blogs.santosochoa.es\/logrono\/la-musica-de-mi-vida\/\" \/>\n<meta property=\"og:locale\" content=\"es_ES\" \/>\n<meta property=\"og:type\" content=\"article\" \/>\n<meta property=\"og:title\" content=\"La m\u00fasica de mi vida - Santos Ochoa Logro\u00f1o\" \/>\n<meta property=\"og:description\" content=\"Agenda Cultural. Mar\u00eda Jos\u00e9 Marrod\u00e1n presenta la novela de Lectura F\u00e1cil &quot;La m\u00fasica de mi vida&quot;\" \/>\n<meta property=\"og:url\" content=\"https:\/\/blogs.santosochoa.es\/logrono\/la-musica-de-mi-vida\/\" \/>\n<meta property=\"og:site_name\" content=\"Santos Ochoa Logro\u00f1o\" \/>\n<meta property=\"article:author\" content=\"https:\/\/www.facebook.com\/santosochoalog\" \/>\n<meta property=\"article:published_time\" content=\"2021-01-04T13:24:00+00:00\" \/>\n<meta property=\"article:modified_time\" content=\"2021-01-11T12:17:24+00:00\" \/>\n<meta property=\"og:image\" content=\"https:\/\/blogs.santosochoa.es\/logrono\/wp-content\/uploads\/sites\/2\/2021\/01\/la-musica-de-mi-vida_maria-jose-marrodan.jpg\" \/>\n\t<meta property=\"og:image:width\" content=\"591\" \/>\n\t<meta property=\"og:image:height\" content=\"887\" \/>\n\t<meta property=\"og:image:type\" content=\"image\/jpeg\" \/>\n<meta name=\"author\" content=\"Santos Ochoa Logro\u00f1o\" \/>\n<meta name=\"twitter:card\" content=\"summary_large_image\" \/>\n<meta name=\"twitter:creator\" content=\"@santosochoalog\" \/>\n<meta name=\"twitter:label1\" content=\"Written by\" \/>\n\t<meta name=\"twitter:data1\" content=\"Santos Ochoa Logro\u00f1o\" \/>\n\t<meta name=\"twitter:label2\" content=\"Est. reading time\" \/>\n\t<meta name=\"twitter:data2\" content=\"2 minutos\" \/>\n<script type=\"application\/ld+json\" class=\"yoast-schema-graph\">{\"@context\":\"https:\/\/schema.org\",\"@graph\":[{\"@type\":\"Article\",\"@id\":\"https:\/\/blogs.santosochoa.es\/logrono\/la-musica-de-mi-vida\/#article\",\"isPartOf\":{\"@id\":\"https:\/\/blogs.santosochoa.es\/logrono\/la-musica-de-mi-vida\/\"},\"author\":{\"name\":\"Santos Ochoa Logro\u00f1o\",\"@id\":\"https:\/\/blogs.santosochoa.es\/logrono\/#\/schema\/person\/103664eb8c60fbeea1880c704687c2e3\"},\"headline\":\"La m\u00fasica de mi vida\",\"datePublished\":\"2021-01-04T13:24:00+00:00\",\"dateModified\":\"2021-01-11T12:17:24+00:00\",\"mainEntityOfPage\":{\"@id\":\"https:\/\/blogs.santosochoa.es\/logrono\/la-musica-de-mi-vida\/\"},\"wordCount\":367,\"image\":{\"@id\":\"https:\/\/blogs.santosochoa.es\/logrono\/la-musica-de-mi-vida\/#primaryimage\"},\"thumbnailUrl\":\"https:\/\/blogs.santosochoa.es\/logrono\/wp-content\/uploads\/sites\/2\/2021\/01\/la-musica-de-mi-vida_maria-jose-marrodan.jpg\",\"articleSection\":[\"juvenil\",\"libros\",\"libros do rioja\"],\"inLanguage\":\"es\"},{\"@type\":\"WebPage\",\"@id\":\"https:\/\/blogs.santosochoa.es\/logrono\/la-musica-de-mi-vida\/\",\"url\":\"https:\/\/blogs.santosochoa.es\/logrono\/la-musica-de-mi-vida\/\",\"name\":\"La m\u00fasica de mi vida - Santos Ochoa Logro\u00f1o\",\"isPartOf\":{\"@id\":\"https:\/\/blogs.santosochoa.es\/logrono\/#website\"},\"primaryImageOfPage\":{\"@id\":\"https:\/\/blogs.santosochoa.es\/logrono\/la-musica-de-mi-vida\/#primaryimage\"},\"image\":{\"@id\":\"https:\/\/blogs.santosochoa.es\/logrono\/la-musica-de-mi-vida\/#primaryimage\"},\"thumbnailUrl\":\"https:\/\/blogs.santosochoa.es\/logrono\/wp-content\/uploads\/sites\/2\/2021\/01\/la-musica-de-mi-vida_maria-jose-marrodan.jpg\",\"datePublished\":\"2021-01-04T13:24:00+00:00\",\"dateModified\":\"2021-01-11T12:17:24+00:00\",\"author\":{\"@id\":\"https:\/\/blogs.santosochoa.es\/logrono\/#\/schema\/person\/103664eb8c60fbeea1880c704687c2e3\"},\"description\":\"Agenda Cultural. Mar\u00eda Jos\u00e9 Marrod\u00e1n presenta la novela de Lectura F\u00e1cil \\\"La m\u00fasica de mi vida\\\"\",\"breadcrumb\":{\"@id\":\"https:\/\/blogs.santosochoa.es\/logrono\/la-musica-de-mi-vida\/#breadcrumb\"},\"inLanguage\":\"es\",\"potentialAction\":[{\"@type\":\"ReadAction\",\"target\":[\"https:\/\/blogs.santosochoa.es\/logrono\/la-musica-de-mi-vida\/\"]}]},{\"@type\":\"ImageObject\",\"inLanguage\":\"es\",\"@id\":\"https:\/\/blogs.santosochoa.es\/logrono\/la-musica-de-mi-vida\/#primaryimage\",\"url\":\"https:\/\/blogs.santosochoa.es\/logrono\/wp-content\/uploads\/sites\/2\/2021\/01\/la-musica-de-mi-vida_maria-jose-marrodan.jpg\",\"contentUrl\":\"https:\/\/blogs.santosochoa.es\/logrono\/wp-content\/uploads\/sites\/2\/2021\/01\/la-musica-de-mi-vida_maria-jose-marrodan.jpg\",\"width\":591,\"height\":887},{\"@type\":\"BreadcrumbList\",\"@id\":\"https:\/\/blogs.santosochoa.es\/logrono\/la-musica-de-mi-vida\/#breadcrumb\",\"itemListElement\":[{\"@type\":\"ListItem\",\"position\":1,\"name\":\"Home\",\"item\":\"https:\/\/blogs.santosochoa.es\/logrono\/\"},{\"@type\":\"ListItem\",\"position\":2,\"name\":\"La m\u00fasica de mi vida\"}]},{\"@type\":\"WebSite\",\"@id\":\"https:\/\/blogs.santosochoa.es\/logrono\/#website\",\"url\":\"https:\/\/blogs.santosochoa.es\/logrono\/\",\"name\":\"Santos Ochoa Logro\u00f1o\",\"description\":\"Tu Librer\u00eda Online\",\"potentialAction\":[{\"@type\":\"SearchAction\",\"target\":{\"@type\":\"EntryPoint\",\"urlTemplate\":\"https:\/\/blogs.santosochoa.es\/logrono\/?s={search_term_string}\"},\"query-input\":{\"@type\":\"PropertyValueSpecification\",\"valueRequired\":true,\"valueName\":\"search_term_string\"}}],\"inLanguage\":\"es\"},{\"@type\":\"Person\",\"@id\":\"https:\/\/blogs.santosochoa.es\/logrono\/#\/schema\/person\/103664eb8c60fbeea1880c704687c2e3\",\"name\":\"Santos Ochoa Logro\u00f1o\",\"sameAs\":[\"http:\/\/santosochoa.es\",\"https:\/\/www.facebook.com\/santosochoalog\",\"https:\/\/www.instagram.com\/santosochoalog\/\",\"https:\/\/x.com\/santosochoalog\",\"https:\/\/www.youtube.com\/c\/SantosOchoaLibros\"]}]}<\/script>\n<!-- \/ Yoast SEO plugin. -->","yoast_head_json":{"title":"La m\u00fasica de mi vida - Santos Ochoa Logro\u00f1o","description":"Agenda Cultural. Mar\u00eda Jos\u00e9 Marrod\u00e1n presenta la novela de Lectura F\u00e1cil \"La m\u00fasica de mi vida\"","robots":{"index":"index","follow":"follow","max-snippet":"max-snippet:-1","max-image-preview":"max-image-preview:large","max-video-preview":"max-video-preview:-1"},"canonical":"https:\/\/blogs.santosochoa.es\/logrono\/la-musica-de-mi-vida\/","og_locale":"es_ES","og_type":"article","og_title":"La m\u00fasica de mi vida - Santos Ochoa Logro\u00f1o","og_description":"Agenda Cultural. Mar\u00eda Jos\u00e9 Marrod\u00e1n presenta la novela de Lectura F\u00e1cil \"La m\u00fasica de mi vida\"","og_url":"https:\/\/blogs.santosochoa.es\/logrono\/la-musica-de-mi-vida\/","og_site_name":"Santos Ochoa Logro\u00f1o","article_author":"https:\/\/www.facebook.com\/santosochoalog","article_published_time":"2021-01-04T13:24:00+00:00","article_modified_time":"2021-01-11T12:17:24+00:00","og_image":[{"width":591,"height":887,"url":"https:\/\/blogs.santosochoa.es\/logrono\/wp-content\/uploads\/sites\/2\/2021\/01\/la-musica-de-mi-vida_maria-jose-marrodan.jpg","type":"image\/jpeg"}],"author":"Santos Ochoa Logro\u00f1o","twitter_card":"summary_large_image","twitter_creator":"@santosochoalog","twitter_misc":{"Written by":"Santos Ochoa Logro\u00f1o","Est. reading time":"2 minutos"},"schema":{"@context":"https:\/\/schema.org","@graph":[{"@type":"Article","@id":"https:\/\/blogs.santosochoa.es\/logrono\/la-musica-de-mi-vida\/#article","isPartOf":{"@id":"https:\/\/blogs.santosochoa.es\/logrono\/la-musica-de-mi-vida\/"},"author":{"name":"Santos Ochoa Logro\u00f1o","@id":"https:\/\/blogs.santosochoa.es\/logrono\/#\/schema\/person\/103664eb8c60fbeea1880c704687c2e3"},"headline":"La m\u00fasica de mi vida","datePublished":"2021-01-04T13:24:00+00:00","dateModified":"2021-01-11T12:17:24+00:00","mainEntityOfPage":{"@id":"https:\/\/blogs.santosochoa.es\/logrono\/la-musica-de-mi-vida\/"},"wordCount":367,"image":{"@id":"https:\/\/blogs.santosochoa.es\/logrono\/la-musica-de-mi-vida\/#primaryimage"},"thumbnailUrl":"https:\/\/blogs.santosochoa.es\/logrono\/wp-content\/uploads\/sites\/2\/2021\/01\/la-musica-de-mi-vida_maria-jose-marrodan.jpg","articleSection":["juvenil","libros","libros do rioja"],"inLanguage":"es"},{"@type":"WebPage","@id":"https:\/\/blogs.santosochoa.es\/logrono\/la-musica-de-mi-vida\/","url":"https:\/\/blogs.santosochoa.es\/logrono\/la-musica-de-mi-vida\/","name":"La m\u00fasica de mi vida - Santos Ochoa Logro\u00f1o","isPartOf":{"@id":"https:\/\/blogs.santosochoa.es\/logrono\/#website"},"primaryImageOfPage":{"@id":"https:\/\/blogs.santosochoa.es\/logrono\/la-musica-de-mi-vida\/#primaryimage"},"image":{"@id":"https:\/\/blogs.santosochoa.es\/logrono\/la-musica-de-mi-vida\/#primaryimage"},"thumbnailUrl":"https:\/\/blogs.santosochoa.es\/logrono\/wp-content\/uploads\/sites\/2\/2021\/01\/la-musica-de-mi-vida_maria-jose-marrodan.jpg","datePublished":"2021-01-04T13:24:00+00:00","dateModified":"2021-01-11T12:17:24+00:00","author":{"@id":"https:\/\/blogs.santosochoa.es\/logrono\/#\/schema\/person\/103664eb8c60fbeea1880c704687c2e3"},"description":"Agenda Cultural. Mar\u00eda Jos\u00e9 Marrod\u00e1n presenta la novela de Lectura F\u00e1cil \"La m\u00fasica de mi vida\"","breadcrumb":{"@id":"https:\/\/blogs.santosochoa.es\/logrono\/la-musica-de-mi-vida\/#breadcrumb"},"inLanguage":"es","potentialAction":[{"@type":"ReadAction","target":["https:\/\/blogs.santosochoa.es\/logrono\/la-musica-de-mi-vida\/"]}]},{"@type":"ImageObject","inLanguage":"es","@id":"https:\/\/blogs.santosochoa.es\/logrono\/la-musica-de-mi-vida\/#primaryimage","url":"https:\/\/blogs.santosochoa.es\/logrono\/wp-content\/uploads\/sites\/2\/2021\/01\/la-musica-de-mi-vida_maria-jose-marrodan.jpg","contentUrl":"https:\/\/blogs.santosochoa.es\/logrono\/wp-content\/uploads\/sites\/2\/2021\/01\/la-musica-de-mi-vida_maria-jose-marrodan.jpg","width":591,"height":887},{"@type":"BreadcrumbList","@id":"https:\/\/blogs.santosochoa.es\/logrono\/la-musica-de-mi-vida\/#breadcrumb","itemListElement":[{"@type":"ListItem","position":1,"name":"Home","item":"https:\/\/blogs.santosochoa.es\/logrono\/"},{"@type":"ListItem","position":2,"name":"La m\u00fasica de mi vida"}]},{"@type":"WebSite","@id":"https:\/\/blogs.santosochoa.es\/logrono\/#website","url":"https:\/\/blogs.santosochoa.es\/logrono\/","name":"Santos Ochoa Logro\u00f1o","description":"Tu Librer\u00eda Online","potentialAction":[{"@type":"SearchAction","target":{"@type":"EntryPoint","urlTemplate":"https:\/\/blogs.santosochoa.es\/logrono\/?s={search_term_string}"},"query-input":{"@type":"PropertyValueSpecification","valueRequired":true,"valueName":"search_term_string"}}],"inLanguage":"es"},{"@type":"Person","@id":"https:\/\/blogs.santosochoa.es\/logrono\/#\/schema\/person\/103664eb8c60fbeea1880c704687c2e3","name":"Santos Ochoa Logro\u00f1o","sameAs":["http:\/\/santosochoa.es","https:\/\/www.facebook.com\/santosochoalog","https:\/\/www.instagram.com\/santosochoalog\/","https:\/\/x.com\/santosochoalog","https:\/\/www.youtube.com\/c\/SantosOchoaLibros"]}]}},"_links":{"self":[{"href":"https:\/\/blogs.santosochoa.es\/logrono\/wp-json\/wp\/v2\/posts\/2337","targetHints":{"allow":["GET"]}}],"collection":[{"href":"https:\/\/blogs.santosochoa.es\/logrono\/wp-json\/wp\/v2\/posts"}],"about":[{"href":"https:\/\/blogs.santosochoa.es\/logrono\/wp-json\/wp\/v2\/types\/post"}],"author":[{"embeddable":true,"href":"https:\/\/blogs.santosochoa.es\/logrono\/wp-json\/wp\/v2\/users\/4"}],"replies":[{"embeddable":true,"href":"https:\/\/blogs.santosochoa.es\/logrono\/wp-json\/wp\/v2\/comments?post=2337"}],"version-history":[{"count":5,"href":"https:\/\/blogs.santosochoa.es\/logrono\/wp-json\/wp\/v2\/posts\/2337\/revisions"}],"predecessor-version":[{"id":2353,"href":"https:\/\/blogs.santosochoa.es\/logrono\/wp-json\/wp\/v2\/posts\/2337\/revisions\/2353"}],"wp:featuredmedia":[{"embeddable":true,"href":"https:\/\/blogs.santosochoa.es\/logrono\/wp-json\/wp\/v2\/media\/2336"}],"wp:attachment":[{"href":"https:\/\/blogs.santosochoa.es\/logrono\/wp-json\/wp\/v2\/media?parent=2337"}],"wp:term":[{"taxonomy":"category","embeddable":true,"href":"https:\/\/blogs.santosochoa.es\/logrono\/wp-json\/wp\/v2\/categories?post=2337"},{"taxonomy":"post_tag","embeddable":true,"href":"https:\/\/blogs.santosochoa.es\/logrono\/wp-json\/wp\/v2\/tags?post=2337"}],"curies":[{"name":"wp","href":"https:\/\/api.w.org\/{rel}","templated":true}]}}