{"id":233,"date":"2015-02-20T08:37:00","date_gmt":"2015-02-20T08:37:00","guid":{"rendered":"https:\/\/blogs.santosochoa.es\/logrono\/the-big-van-theory-y-agustin-tejada\/"},"modified":"2015-02-20T08:37:00","modified_gmt":"2015-02-20T08:37:00","slug":"the-big-van-theory-y-agustin-tejada","status":"publish","type":"post","link":"https:\/\/blogs.santosochoa.es\/logrono\/the-big-van-theory-y-agustin-tejada\/","title":{"rendered":"The Big Van Theory y Agust\u00edn Tejada"},"content":{"rendered":"<p><span style=\"font-size: large\"><span style=\"color: #990000\"><span>Eduardo S\u00e1enz de Cabez\u00f3n y The Big Van Theory presentan el libro de mon\u00f3logos <b><i>Si t\u00fa me dices gen lo dejo todo<\/i><\/b><\/span><\/span><br \/>Martes 24 de febrero, a las 19:30 h.<\/span><br \/>Espacio Santos Ochoa. Doctores Castroviejo, 19. <b><span style=\"color: #0b5394\">&nbsp;<\/span><\/b><\/p>\n<div style=\"clear: both;text-align: center\"><a href=\"http:\/\/3.bp.blogspot.com\/-r5apfKx69ts\/VObuNpeelDI\/AAAAAAAABfE\/lkPdkTHykqA\/s1600\/si-tu-me-dices-gen-lo-dejo-todo.png\" style=\"clear: left;float: left;margin-bottom: 1em;margin-right: 1em\"><img loading=\"lazy\" decoding=\"async\" border=\"0\" src=\"http:\/\/3.bp.blogspot.com\/-r5apfKx69ts\/VObuNpeelDI\/AAAAAAAABfE\/lkPdkTHykqA\/s1600\/si-tu-me-dices-gen-lo-dejo-todo.png\" height=\"200\" width=\"125\" \/><\/a><\/div>\n<p><b><span style=\"color: #0b5394\">Investigadores de d\u00eda, monologuistas de noche, los miembros del grupo <a href=\"http:\/\/www.thebigvantheory.com\/\" target=\"_blank\">The Big Van Theory<\/a> saben re\u00edrse de s\u00ed mismos. F\u00edsicos, ingenieros, bi\u00f3qu\u00edmicos, matem\u00e1ticos&#8230;, lo que los une es la ciencia, pero tambi\u00e9n el buen humor. Recorren con su furgoneta los escenarios m\u00e1s variopintos de Espa\u00f1a y algunos otros pa\u00edses tratando de explicar algunos de los hermosos \u00absecretos\u00bb cient\u00edficos. Y como la acogida del p\u00fablico ha sido tan abrumadora, han decidido contarlos tambi\u00e9n en este libro. <\/span><\/b><\/p>\n<p>Sin perder el rigor y buscando despertar la curiosidad en la gente, los autores de estas p\u00e1ginas, verdaderos y orgullosos frikis que conocen el n\u00famero at\u00f3mico del boro pero no tienen ni idea de qu\u00e9 es eso del gintonic, creen que la ciencia puede explicarse de forma divertida. Adem\u00e1s, su humor es inteligente, o sea, que si no te r\u00edes ser\u00e1&nbsp; \u00a1\u00a1\u00a1que no lo has pillado!!! <a href=\"https:\/\/www.youtube.com\/watch?v=gHJNMiSFuAM\" target=\"_blank\">Pincha aqu\u00ed para ver el mon\u00f3logo sobre teoremas y amor<\/a>.<\/p>\n<p><b>Eduardo S\u00e1enz de Cabez\u00f3n Irigaray<\/b> es doctor en Matem\u00e1ticas y profesor en la Universidad de La Rioja. Estudi\u00f3 tambi\u00e9n Teolog\u00eda y encima es de Logro\u00f1o. Todas estas cosas conforman un curr\u00edculo casi irrepetible. Da charlas en colegios, institutos, bibliotecas, universidades y bares sin enfadarse con nadie. Investiga en \u00e1lgebra computacional, cuenta cuentos y es capaz de ense\u00f1ar n\u00fameros m\u00e1s grandes de los que uno jam\u00e1s habr\u00eda imaginado.<\/p>\n<p><b>Javier Santaolalla Camino<\/b>, gran canario de adopci\u00f3n, es ingeniero de Telecomunicaciones y licenciado y doctor en F\u00edsica. Con una beca del CIEMAT realiz\u00f3 el doctorado en el CERN, el mayor laboratorio del mundo, all\u00ed donde si no viajas a la velocidad de la luz eres un lento. Se le puede ver lo mismo bailando bachata que en un congreso de f\u00edsica de part\u00edculas, desplegando toda su creatividad. <\/p>\n<p><span style=\"font-size: large\"><span style=\"color: #990000\"><span>Agust\u00edn Tejada, autor de <i><b>Contrebia Leucade<\/b><\/i>, presenta su segunda novela en tierra riojana <i><b>El indiano de Turrunc\u00fan<\/b><\/i><\/span><\/span><br \/>Mi\u00e9rcoles 25 de febrero, a las 19:30 h.<\/span><br \/>Espacio Santos Ochoa. Doctores Castroviejo, 19. <span style=\"color: #0b5394\"><b>&nbsp;<\/b><\/span><\/p>\n<div style=\"clear: both;text-align: center\"><a href=\"http:\/\/1.bp.blogspot.com\/-bgJa-NuCvtg\/VObwsXXP-tI\/AAAAAAAABfQ\/PUxBiqg08I0\/s1600\/el-indiano-de-turruncun_agustin-tejada.png\" style=\"clear: left;float: left;margin-bottom: 1em;margin-right: 1em\"><img loading=\"lazy\" decoding=\"async\" border=\"0\" src=\"http:\/\/1.bp.blogspot.com\/-bgJa-NuCvtg\/VObwsXXP-tI\/AAAAAAAABfQ\/PUxBiqg08I0\/s1600\/el-indiano-de-turruncun_agustin-tejada.png\" height=\"200\" width=\"129\" \/><\/a><\/div>\n<p><span style=\"color: #0b5394\"><b>Pr\u00e9jano, La Rioja, verano de 1935. En esta villa a orillas del r\u00edo Ruesca, el tonto del pueblo ha aparecido colgado de un \u00e1rbol. Un suceso extra\u00f1o en una localidad donde apenas pasa nada; tan solo lo que quiere o permite don Fausto Salda\u00f1a, el implacable cacique de la comarca. Una muerte demasiado absurda como para que la Guardia Civil no se ponga a hacer c\u00e1balas. Las primeras pesquisas apuntan hacia Casa Arcal\u00eds, lugar de residencia de don Melit\u00f3n Mi\u00f1ambres, un adinerado indiano reci\u00e9n instalado en la vecina aldea de Turrunc\u00fan.<\/b><\/span><\/p>\n<p>En la comarca de Arnedo, los estertores de una Segunda Rep\u00fablica ag\u00f3nica alternan con los truenos de una guerra civil en ciernes, y con las protestas airadas de un proletariado amotinado contra el cacique. Sin embargo, en medio de la vor\u00e1gine, Valeriano Correa vislumbra la sospecha y se pregunta, mientras intenta salvar su propia vida, si las verdaderas intenciones de don Melit\u00f3n Mi\u00f1ambres son las de defender los derechos de los trabajadores\u2026 u otras bastante m\u00e1s oscuras.<\/p>\n<p><b>Agust\u00edn Tejada Navas<\/b> naci\u00f3 en Castej\u00f3n (Navarra) en 1961 y vive en Tudela. Es profesor de ingl\u00e9s desde hace veintiocho a\u00f1os. En 2006 escribe su primera novela: <i>El profesor inocente<\/i>, resultando seleccionado semifinalista en el III Premio Internacional de Novela Territorio de la Mancha, convocado por el Instituto Cultural Iberoamericano de Miami. En 2009 se alza con el primer premio en el I Certamen de Novela Ciudad de Almer\u00eda con <i>La mala estrella<\/i>. En su tercera novela, <i>Contrebia Leucade<\/i>, relat\u00f3 la resistencia de esta ciudad celt\u00edbera ubicada en La Rioja Baja frente al ej\u00e9rcito romano de Quinto Sertorio.<\/p>\n<p><span style=\"font-size: large\"><span style=\"color: #990000\"><span>Tertulia-taller Ser Padres: <i><b>Apps y juegos digitales para ni\u00f1os. Cu\u00e1les, cu\u00e1ndo y c\u00f3mo escogerlas<\/b><\/i>. Con Juan N\u00fa\u00f1ez, de iSchool, y El Balc\u00f3n de Mateo<\/span><\/span><br \/>S\u00e1bado 28 de febrero, a las 11:30 h.<\/span><br \/>Espacio Santos Ochoa. Doctores Castroviejo, 19<span style=\"color: #0b5394\"><b>&nbsp;<\/b><\/span><\/p>\n<div style=\"clear: both;text-align: center\"><a href=\"http:\/\/2.bp.blogspot.com\/-Tz6-DX-wlK8\/VObxupA-3RI\/AAAAAAAABfY\/_1xUszn2tkU\/s1600\/juegos-digitales.png\" style=\"clear: left;float: left;margin-bottom: 1em;margin-right: 1em\"><img loading=\"lazy\" decoding=\"async\" border=\"0\" src=\"http:\/\/2.bp.blogspot.com\/-Tz6-DX-wlK8\/VObxupA-3RI\/AAAAAAAABfY\/_1xUszn2tkU\/s1600\/juegos-digitales.png\" height=\"200\" width=\"200\" \/><\/a><\/div>\n<p><span style=\"color: #0b5394\"><b>Los ni\u00f1os quieren jugar con todos los gadgets tecnol\u00f3gicos que hay a su alrededor: los tel\u00e9fonos de los padres, las tabletas, el ordenador\u2026 \u00bfC\u00f3mo hacer que ese juego sea beneficioso y educativo? En la tertulia se debatir\u00e1 sobre el uso de apps y juegos digitales: en qu\u00e9 condiciones usarlos, a partir de qu\u00e9 edad, durante cu\u00e1nto tiempo, c\u00f3mo elegir los m\u00e1s adecuados para cada ni\u00f1o\u2026<\/b><\/span><\/p>\n<p><b>Juan N\u00fa\u00f1ez<\/b> es impulsor de iSchool, una actividad extraescolar que potencia y desarrolla las habilidades digitales de ni\u00f1os y j\u00f3venes para dotarlos de herramientas pr\u00e1cticas que les permitan afrontar los problemas y los retos del futuro a trav\u00e9s del estudio de la programaci\u00f3n y del uso de la l\u00f3gica y las nuevas tecnolog\u00edas.<\/p>\n<p><b>Inscripciones:<\/b> <a href=\"http:\/\/www.leoyjuego.es\/\">www.leoyjuego.es<\/a><br \/>Organiza <a href=\"http:\/\/www.elbalcondemateo.es\/\" target=\"_blank\">El Balc\u00f3n de Mateo<\/a>, la agenda de ocio infantil y familiar de La Rioja.<\/p>\n","protected":false},"excerpt":{"rendered":"<p>Eduardo S\u00e1enz de Cabez\u00f3n y The Big Van Theory presentan el libro de mon\u00f3logos Si t\u00fa me dices gen lo dejo todoMartes 24 de febrero, a las 19:30 h.Espacio Santos Ochoa. Doctores Castroviejo, 19. &nbsp; Investigadores de d\u00eda, monologuistas de noche, los miembros del grupo The Big Van Theory saben re\u00edrse de s\u00ed mismos. F\u00edsicos, [&hellip;]<\/p>\n","protected":false},"author":4,"featured_media":0,"comment_status":"open","ping_status":"open","sticky":false,"template":"","format":"standard","meta":{"footnotes":""},"categories":[12,13,21],"tags":[],"class_list":["post-233","post","type-post","status-publish","format-standard","hentry","category-libros","category-libros-do-rioja","category-ser-padres"],"yoast_head":"<!-- This site is optimized with the Yoast SEO plugin v27.2 - https:\/\/yoast.com\/product\/yoast-seo-wordpress\/ -->\n<title>The Big Van Theory y Agust\u00edn Tejada - Santos Ochoa Logro\u00f1o<\/title>\n<meta name=\"robots\" content=\"index, follow, max-snippet:-1, max-image-preview:large, max-video-preview:-1\" \/>\n<link rel=\"canonical\" href=\"https:\/\/blogs.santosochoa.es\/logrono\/the-big-van-theory-y-agustin-tejada\/\" \/>\n<meta property=\"og:locale\" content=\"es_ES\" \/>\n<meta property=\"og:type\" content=\"article\" \/>\n<meta property=\"og:title\" content=\"The Big Van Theory y Agust\u00edn Tejada - Santos Ochoa Logro\u00f1o\" \/>\n<meta property=\"og:description\" content=\"Eduardo S\u00e1enz de Cabez\u00f3n y The Big Van Theory presentan el libro de mon\u00f3logos Si t\u00fa me dices gen lo dejo todoMartes 24 de febrero, a las 19:30 h.Espacio Santos Ochoa. Doctores Castroviejo, 19. &nbsp; Investigadores de d\u00eda, monologuistas de noche, los miembros del grupo The Big Van Theory saben re\u00edrse de s\u00ed mismos. F\u00edsicos, [&hellip;]\" \/>\n<meta property=\"og:url\" content=\"https:\/\/blogs.santosochoa.es\/logrono\/the-big-van-theory-y-agustin-tejada\/\" \/>\n<meta property=\"og:site_name\" content=\"Santos Ochoa Logro\u00f1o\" \/>\n<meta property=\"article:author\" content=\"https:\/\/www.facebook.com\/santosochoalog\" \/>\n<meta property=\"article:published_time\" content=\"2015-02-20T08:37:00+00:00\" \/>\n<meta property=\"og:image\" content=\"http:\/\/3.bp.blogspot.com\/-r5apfKx69ts\/VObuNpeelDI\/AAAAAAAABfE\/lkPdkTHykqA\/s1600\/si-tu-me-dices-gen-lo-dejo-todo.png\" \/>\n<meta name=\"author\" content=\"Santos Ochoa Logro\u00f1o\" \/>\n<meta name=\"twitter:card\" content=\"summary_large_image\" \/>\n<meta name=\"twitter:creator\" content=\"@santosochoalog\" \/>\n<meta name=\"twitter:label1\" content=\"Written by\" \/>\n\t<meta name=\"twitter:data1\" content=\"Santos Ochoa Logro\u00f1o\" \/>\n\t<meta name=\"twitter:label2\" content=\"Est. reading time\" \/>\n\t<meta name=\"twitter:data2\" content=\"4 minutos\" \/>\n<script type=\"application\/ld+json\" class=\"yoast-schema-graph\">{\"@context\":\"https:\/\/schema.org\",\"@graph\":[{\"@type\":\"Article\",\"@id\":\"https:\/\/blogs.santosochoa.es\/logrono\/the-big-van-theory-y-agustin-tejada\/#article\",\"isPartOf\":{\"@id\":\"https:\/\/blogs.santosochoa.es\/logrono\/the-big-van-theory-y-agustin-tejada\/\"},\"author\":{\"name\":\"Santos Ochoa Logro\u00f1o\",\"@id\":\"https:\/\/blogs.santosochoa.es\/logrono\/#\/schema\/person\/103664eb8c60fbeea1880c704687c2e3\"},\"headline\":\"The Big Van Theory y Agust\u00edn Tejada\",\"datePublished\":\"2015-02-20T08:37:00+00:00\",\"mainEntityOfPage\":{\"@id\":\"https:\/\/blogs.santosochoa.es\/logrono\/the-big-van-theory-y-agustin-tejada\/\"},\"wordCount\":880,\"commentCount\":0,\"image\":{\"@id\":\"https:\/\/blogs.santosochoa.es\/logrono\/the-big-van-theory-y-agustin-tejada\/#primaryimage\"},\"thumbnailUrl\":\"http:\/\/3.bp.blogspot.com\/-r5apfKx69ts\/VObuNpeelDI\/AAAAAAAABfE\/lkPdkTHykqA\/s1600\/si-tu-me-dices-gen-lo-dejo-todo.png\",\"articleSection\":[\"libros\",\"libros do rioja\",\"ser padres\"],\"inLanguage\":\"es\",\"potentialAction\":[{\"@type\":\"CommentAction\",\"name\":\"Comment\",\"target\":[\"https:\/\/blogs.santosochoa.es\/logrono\/the-big-van-theory-y-agustin-tejada\/#respond\"]}]},{\"@type\":\"WebPage\",\"@id\":\"https:\/\/blogs.santosochoa.es\/logrono\/the-big-van-theory-y-agustin-tejada\/\",\"url\":\"https:\/\/blogs.santosochoa.es\/logrono\/the-big-van-theory-y-agustin-tejada\/\",\"name\":\"The Big Van Theory y Agust\u00edn Tejada - Santos Ochoa Logro\u00f1o\",\"isPartOf\":{\"@id\":\"https:\/\/blogs.santosochoa.es\/logrono\/#website\"},\"primaryImageOfPage\":{\"@id\":\"https:\/\/blogs.santosochoa.es\/logrono\/the-big-van-theory-y-agustin-tejada\/#primaryimage\"},\"image\":{\"@id\":\"https:\/\/blogs.santosochoa.es\/logrono\/the-big-van-theory-y-agustin-tejada\/#primaryimage\"},\"thumbnailUrl\":\"http:\/\/3.bp.blogspot.com\/-r5apfKx69ts\/VObuNpeelDI\/AAAAAAAABfE\/lkPdkTHykqA\/s1600\/si-tu-me-dices-gen-lo-dejo-todo.png\",\"datePublished\":\"2015-02-20T08:37:00+00:00\",\"author\":{\"@id\":\"https:\/\/blogs.santosochoa.es\/logrono\/#\/schema\/person\/103664eb8c60fbeea1880c704687c2e3\"},\"breadcrumb\":{\"@id\":\"https:\/\/blogs.santosochoa.es\/logrono\/the-big-van-theory-y-agustin-tejada\/#breadcrumb\"},\"inLanguage\":\"es\",\"potentialAction\":[{\"@type\":\"ReadAction\",\"target\":[\"https:\/\/blogs.santosochoa.es\/logrono\/the-big-van-theory-y-agustin-tejada\/\"]}]},{\"@type\":\"ImageObject\",\"inLanguage\":\"es\",\"@id\":\"https:\/\/blogs.santosochoa.es\/logrono\/the-big-van-theory-y-agustin-tejada\/#primaryimage\",\"url\":\"http:\/\/3.bp.blogspot.com\/-r5apfKx69ts\/VObuNpeelDI\/AAAAAAAABfE\/lkPdkTHykqA\/s1600\/si-tu-me-dices-gen-lo-dejo-todo.png\",\"contentUrl\":\"http:\/\/3.bp.blogspot.com\/-r5apfKx69ts\/VObuNpeelDI\/AAAAAAAABfE\/lkPdkTHykqA\/s1600\/si-tu-me-dices-gen-lo-dejo-todo.png\"},{\"@type\":\"BreadcrumbList\",\"@id\":\"https:\/\/blogs.santosochoa.es\/logrono\/the-big-van-theory-y-agustin-tejada\/#breadcrumb\",\"itemListElement\":[{\"@type\":\"ListItem\",\"position\":1,\"name\":\"Home\",\"item\":\"https:\/\/blogs.santosochoa.es\/logrono\/\"},{\"@type\":\"ListItem\",\"position\":2,\"name\":\"The Big Van Theory y Agust\u00edn Tejada\"}]},{\"@type\":\"WebSite\",\"@id\":\"https:\/\/blogs.santosochoa.es\/logrono\/#website\",\"url\":\"https:\/\/blogs.santosochoa.es\/logrono\/\",\"name\":\"Santos Ochoa Logro\u00f1o\",\"description\":\"Tu Librer\u00eda Online\",\"potentialAction\":[{\"@type\":\"SearchAction\",\"target\":{\"@type\":\"EntryPoint\",\"urlTemplate\":\"https:\/\/blogs.santosochoa.es\/logrono\/?s={search_term_string}\"},\"query-input\":{\"@type\":\"PropertyValueSpecification\",\"valueRequired\":true,\"valueName\":\"search_term_string\"}}],\"inLanguage\":\"es\"},{\"@type\":\"Person\",\"@id\":\"https:\/\/blogs.santosochoa.es\/logrono\/#\/schema\/person\/103664eb8c60fbeea1880c704687c2e3\",\"name\":\"Santos Ochoa Logro\u00f1o\",\"sameAs\":[\"http:\/\/santosochoa.es\",\"https:\/\/www.facebook.com\/santosochoalog\",\"https:\/\/www.instagram.com\/santosochoalog\/\",\"https:\/\/x.com\/santosochoalog\",\"https:\/\/www.youtube.com\/c\/SantosOchoaLibros\"]}]}<\/script>\n<!-- \/ Yoast SEO plugin. -->","yoast_head_json":{"title":"The Big Van Theory y Agust\u00edn Tejada - Santos Ochoa Logro\u00f1o","robots":{"index":"index","follow":"follow","max-snippet":"max-snippet:-1","max-image-preview":"max-image-preview:large","max-video-preview":"max-video-preview:-1"},"canonical":"https:\/\/blogs.santosochoa.es\/logrono\/the-big-van-theory-y-agustin-tejada\/","og_locale":"es_ES","og_type":"article","og_title":"The Big Van Theory y Agust\u00edn Tejada - Santos Ochoa Logro\u00f1o","og_description":"Eduardo S\u00e1enz de Cabez\u00f3n y The Big Van Theory presentan el libro de mon\u00f3logos Si t\u00fa me dices gen lo dejo todoMartes 24 de febrero, a las 19:30 h.Espacio Santos Ochoa. Doctores Castroviejo, 19. &nbsp; Investigadores de d\u00eda, monologuistas de noche, los miembros del grupo The Big Van Theory saben re\u00edrse de s\u00ed mismos. F\u00edsicos, [&hellip;]","og_url":"https:\/\/blogs.santosochoa.es\/logrono\/the-big-van-theory-y-agustin-tejada\/","og_site_name":"Santos Ochoa Logro\u00f1o","article_author":"https:\/\/www.facebook.com\/santosochoalog","article_published_time":"2015-02-20T08:37:00+00:00","og_image":[{"url":"http:\/\/3.bp.blogspot.com\/-r5apfKx69ts\/VObuNpeelDI\/AAAAAAAABfE\/lkPdkTHykqA\/s1600\/si-tu-me-dices-gen-lo-dejo-todo.png","type":"","width":"","height":""}],"author":"Santos Ochoa Logro\u00f1o","twitter_card":"summary_large_image","twitter_creator":"@santosochoalog","twitter_misc":{"Written by":"Santos Ochoa Logro\u00f1o","Est. reading time":"4 minutos"},"schema":{"@context":"https:\/\/schema.org","@graph":[{"@type":"Article","@id":"https:\/\/blogs.santosochoa.es\/logrono\/the-big-van-theory-y-agustin-tejada\/#article","isPartOf":{"@id":"https:\/\/blogs.santosochoa.es\/logrono\/the-big-van-theory-y-agustin-tejada\/"},"author":{"name":"Santos Ochoa Logro\u00f1o","@id":"https:\/\/blogs.santosochoa.es\/logrono\/#\/schema\/person\/103664eb8c60fbeea1880c704687c2e3"},"headline":"The Big Van Theory y Agust\u00edn Tejada","datePublished":"2015-02-20T08:37:00+00:00","mainEntityOfPage":{"@id":"https:\/\/blogs.santosochoa.es\/logrono\/the-big-van-theory-y-agustin-tejada\/"},"wordCount":880,"commentCount":0,"image":{"@id":"https:\/\/blogs.santosochoa.es\/logrono\/the-big-van-theory-y-agustin-tejada\/#primaryimage"},"thumbnailUrl":"http:\/\/3.bp.blogspot.com\/-r5apfKx69ts\/VObuNpeelDI\/AAAAAAAABfE\/lkPdkTHykqA\/s1600\/si-tu-me-dices-gen-lo-dejo-todo.png","articleSection":["libros","libros do rioja","ser padres"],"inLanguage":"es","potentialAction":[{"@type":"CommentAction","name":"Comment","target":["https:\/\/blogs.santosochoa.es\/logrono\/the-big-van-theory-y-agustin-tejada\/#respond"]}]},{"@type":"WebPage","@id":"https:\/\/blogs.santosochoa.es\/logrono\/the-big-van-theory-y-agustin-tejada\/","url":"https:\/\/blogs.santosochoa.es\/logrono\/the-big-van-theory-y-agustin-tejada\/","name":"The Big Van Theory y Agust\u00edn Tejada - Santos Ochoa Logro\u00f1o","isPartOf":{"@id":"https:\/\/blogs.santosochoa.es\/logrono\/#website"},"primaryImageOfPage":{"@id":"https:\/\/blogs.santosochoa.es\/logrono\/the-big-van-theory-y-agustin-tejada\/#primaryimage"},"image":{"@id":"https:\/\/blogs.santosochoa.es\/logrono\/the-big-van-theory-y-agustin-tejada\/#primaryimage"},"thumbnailUrl":"http:\/\/3.bp.blogspot.com\/-r5apfKx69ts\/VObuNpeelDI\/AAAAAAAABfE\/lkPdkTHykqA\/s1600\/si-tu-me-dices-gen-lo-dejo-todo.png","datePublished":"2015-02-20T08:37:00+00:00","author":{"@id":"https:\/\/blogs.santosochoa.es\/logrono\/#\/schema\/person\/103664eb8c60fbeea1880c704687c2e3"},"breadcrumb":{"@id":"https:\/\/blogs.santosochoa.es\/logrono\/the-big-van-theory-y-agustin-tejada\/#breadcrumb"},"inLanguage":"es","potentialAction":[{"@type":"ReadAction","target":["https:\/\/blogs.santosochoa.es\/logrono\/the-big-van-theory-y-agustin-tejada\/"]}]},{"@type":"ImageObject","inLanguage":"es","@id":"https:\/\/blogs.santosochoa.es\/logrono\/the-big-van-theory-y-agustin-tejada\/#primaryimage","url":"http:\/\/3.bp.blogspot.com\/-r5apfKx69ts\/VObuNpeelDI\/AAAAAAAABfE\/lkPdkTHykqA\/s1600\/si-tu-me-dices-gen-lo-dejo-todo.png","contentUrl":"http:\/\/3.bp.blogspot.com\/-r5apfKx69ts\/VObuNpeelDI\/AAAAAAAABfE\/lkPdkTHykqA\/s1600\/si-tu-me-dices-gen-lo-dejo-todo.png"},{"@type":"BreadcrumbList","@id":"https:\/\/blogs.santosochoa.es\/logrono\/the-big-van-theory-y-agustin-tejada\/#breadcrumb","itemListElement":[{"@type":"ListItem","position":1,"name":"Home","item":"https:\/\/blogs.santosochoa.es\/logrono\/"},{"@type":"ListItem","position":2,"name":"The Big Van Theory y Agust\u00edn Tejada"}]},{"@type":"WebSite","@id":"https:\/\/blogs.santosochoa.es\/logrono\/#website","url":"https:\/\/blogs.santosochoa.es\/logrono\/","name":"Santos Ochoa Logro\u00f1o","description":"Tu Librer\u00eda Online","potentialAction":[{"@type":"SearchAction","target":{"@type":"EntryPoint","urlTemplate":"https:\/\/blogs.santosochoa.es\/logrono\/?s={search_term_string}"},"query-input":{"@type":"PropertyValueSpecification","valueRequired":true,"valueName":"search_term_string"}}],"inLanguage":"es"},{"@type":"Person","@id":"https:\/\/blogs.santosochoa.es\/logrono\/#\/schema\/person\/103664eb8c60fbeea1880c704687c2e3","name":"Santos Ochoa Logro\u00f1o","sameAs":["http:\/\/santosochoa.es","https:\/\/www.facebook.com\/santosochoalog","https:\/\/www.instagram.com\/santosochoalog\/","https:\/\/x.com\/santosochoalog","https:\/\/www.youtube.com\/c\/SantosOchoaLibros"]}]}},"_links":{"self":[{"href":"https:\/\/blogs.santosochoa.es\/logrono\/wp-json\/wp\/v2\/posts\/233","targetHints":{"allow":["GET"]}}],"collection":[{"href":"https:\/\/blogs.santosochoa.es\/logrono\/wp-json\/wp\/v2\/posts"}],"about":[{"href":"https:\/\/blogs.santosochoa.es\/logrono\/wp-json\/wp\/v2\/types\/post"}],"author":[{"embeddable":true,"href":"https:\/\/blogs.santosochoa.es\/logrono\/wp-json\/wp\/v2\/users\/4"}],"replies":[{"embeddable":true,"href":"https:\/\/blogs.santosochoa.es\/logrono\/wp-json\/wp\/v2\/comments?post=233"}],"version-history":[{"count":0,"href":"https:\/\/blogs.santosochoa.es\/logrono\/wp-json\/wp\/v2\/posts\/233\/revisions"}],"wp:attachment":[{"href":"https:\/\/blogs.santosochoa.es\/logrono\/wp-json\/wp\/v2\/media?parent=233"}],"wp:term":[{"taxonomy":"category","embeddable":true,"href":"https:\/\/blogs.santosochoa.es\/logrono\/wp-json\/wp\/v2\/categories?post=233"},{"taxonomy":"post_tag","embeddable":true,"href":"https:\/\/blogs.santosochoa.es\/logrono\/wp-json\/wp\/v2\/tags?post=233"}],"curies":[{"name":"wp","href":"https:\/\/api.w.org\/{rel}","templated":true}]}}