{"id":229,"date":"2015-03-19T12:10:00","date_gmt":"2015-03-19T12:10:00","guid":{"rendered":"https:\/\/blogs.santosochoa.es\/logrono\/monica-carrillo-martin-abrisketa-y-el-arte-de-vivir\/"},"modified":"2015-03-19T12:10:00","modified_gmt":"2015-03-19T12:10:00","slug":"monica-carrillo-martin-abrisketa-y-el-arte-de-vivir","status":"publish","type":"post","link":"https:\/\/blogs.santosochoa.es\/logrono\/monica-carrillo-martin-abrisketa-y-el-arte-de-vivir\/","title":{"rendered":"M\u00f3nica Carrillo, Mart\u00edn Abrisketa y El Arte de Vivir"},"content":{"rendered":"<p><span style=\"font-size: large\"><span style=\"color: #990000\"><span>La periodista M\u00f3nica Carrillo firma su primera novela<br \/><i><b>La luz de Candela<\/b><\/i><\/span><\/span><br \/>Martes 24 de marzo, de 18:30 a 20 h.<span style=\"font-size: small\"><span style=\"color: #38761d\"><b> En Santos Ochoa Gran V\u00eda<\/b><\/span>. Gran V\u00eda, 55. <\/span><\/span><span style=\"color: #0b5394\"><b><i>&nbsp;<\/i><\/b><\/span><\/p>\n<div style=\"clear: both;text-align: center\"><a href=\"http:\/\/2.bp.blogspot.com\/-Id6mEqG3yEs\/VQq2lqdBrbI\/AAAAAAAABj0\/rwqgVbLBbPo\/s1600\/la-luz-de-candela_monica-carrillo.png\" style=\"clear: left;float: left;margin-bottom: 1em;margin-right: 1em\"><img loading=\"lazy\" decoding=\"async\" border=\"0\" height=\"200\" src=\"https:\/\/2.bp.blogspot.com\/-Id6mEqG3yEs\/VQq2lqdBrbI\/AAAAAAAABj0\/rwqgVbLBbPo\/s1600\/la-luz-de-candela_monica-carrillo.png\" width=\"130\" \/><\/a><\/div>\n<p><i>La luz de Candela<\/i> es la primera novela de M\u00f3nica Carrillo, presentadora de los informativos de la noche en Antena 3 junto con Mat\u00edas Prats.<\/p>\n<p><span style=\"color: #0b5394\"><b>\u00bfQu\u00e9 ocurre cuando nos enamoramos de una persona que sabemos que nos va a complicar la vida? Candela es una fot\u00f3grafa a la que un d\u00eda se le cruza el amor y la atropella, poni\u00e9ndolo todo patas arriba. Y ya nada ser\u00e1 como antes. El responsable de ese torbellino es Manuel, un joven modelo con el que vivir\u00e1 una historia de amor tan fascinante como adictiva.<\/b><\/span><br \/>Un precioso canto a las emociones, una delicada novela llena de sensibilidad que entusiasmar\u00e1 al lector.<\/p>\n<p><span style=\"color: #38761d\">CICLO EL ARTE DE VIVIR<\/span><br \/><span style=\"font-size: large\"><span style=\"color: #990000\"><span>Charla <i><b>Estados de conciencia y formas de vida<\/b><\/i>,<\/span><\/span><\/span><br \/><span style=\"font-size: large\"><span style=\"color: #990000\"><span>con Carmen Romero<\/span><\/span><br \/>Martes 24 de marzo, a las 19:00 h.<\/span> Espacio Santos Ochoa. Doctores Castroviejo, 19<span style=\"color: #0b5394\"><b>&nbsp;<\/b><\/span><\/p>\n<div style=\"clear: both;text-align: center\"><a href=\"http:\/\/4.bp.blogspot.com\/-HRiez-FiVcM\/VQq3vjtr7YI\/AAAAAAAABj8\/UoYAYeizLD8\/s1600\/el-sentido-de-la-vida.png\" style=\"clear: right;float: right;margin-bottom: 1em;margin-left: 1em\"><img loading=\"lazy\" decoding=\"async\" border=\"0\" height=\"200\" src=\"https:\/\/4.bp.blogspot.com\/-HRiez-FiVcM\/VQq3vjtr7YI\/AAAAAAAABj8\/UoYAYeizLD8\/s1600\/el-sentido-de-la-vida.png\" width=\"150\" \/><\/a><\/div>\n<p><span style=\"color: #0b5394\"><b>Carmen Romero ofrece un nuevo ciclo de conferencias sobre \u00abEl sentido de la vida\u00bb en Santos Ochoa. En la primera de ellas, nos introduce a los diferentes estados de conciencia y formas de vida.<\/b><\/span><\/p>\n<p><b>Carmen Romero<\/b> es terapeuta transpersonal, diplomada en terapias regresivas y sanadora espiritual. Cuenta con m\u00e1s de 30 a\u00f1os de experiencia ayudando a resolver enfermedades emocionales, impartiendo conferencias y colaborando con organizaciones como Proyecto Hombre, Banco del Tiempo, \u00c1nimun, Guardia Civil, Polic\u00eda Foral y Ertzaintza.<\/p>\n<p><span style=\"font-size: large\"><span><span style=\"color: #990000\">Mart\u00edn Abrisketa presenta una novela m\u00e1gica:<\/span><\/span><\/span><br \/><span style=\"font-size: large\"><span><span style=\"color: #990000\"><i><b>La lengua de los secretos<\/b><\/i><\/span><\/span><br \/>Mi\u00e9rcoles 25 de marzo, a las 19:30 h.<\/span> Espacio Santos Ochoa. Doctores Castroviejo, 19. <span style=\"color: #0b5394\"><b><i>&nbsp; <\/i><\/b><\/span><\/p>\n<div style=\"clear: both;text-align: center\"><a href=\"http:\/\/3.bp.blogspot.com\/-kygA3u46AhA\/VQq4__fDK6I\/AAAAAAAABkI\/-lWUBhS6llM\/s1600\/la-lengua-de-los-secretos_martin-abrisketa.png\" style=\"clear: left;float: left;margin-bottom: 1em;margin-right: 1em\"><img loading=\"lazy\" decoding=\"async\" border=\"0\" height=\"200\" src=\"https:\/\/3.bp.blogspot.com\/-kygA3u46AhA\/VQq4__fDK6I\/AAAAAAAABkI\/-lWUBhS6llM\/s1600\/la-lengua-de-los-secretos_martin-abrisketa.png\" width=\"127\" \/><\/a><\/div>\n<p><b><i>\u00abLos registros van cambiando, y hay humor, hay melancol\u00eda, hay poes\u00eda. De vez en cuando, el autor interviene de forma directa en su propio relato, y explica su raz\u00f3n de ser. \u201cLa lengua de los secretos\u201d es una novela fuera de serie.\u00bb<\/i>&nbsp; Bernardo Atxaga<\/b><\/p>\n<p><span style=\"color: #0b5394\"><b>Basada en hechos reales, La lengua de los secretos es una novela conmovedora y a la vez m\u00e1gica, capaz de envolvernos en la sensibilidad de un ni\u00f1o travieso y muy valiente, que se ve obligado a proteger a sus hermanos y a luchar contra la barbarie de la guerra con la imaginaci\u00f3n y los sue\u00f1os como \u00fanica arma.<\/b><\/span><br \/>Martintxo naci\u00f3 en un queso: su Arrigorriaga natal estaba perforada por las minas que llevaron a tanta gente a trabajar a una tierra donde sus habitantes a\u00fan cuidaban vacas y hablaban \u00abla lengua de los secretos\u00bb. Siendo a\u00fan ni\u00f1o, ve tambi\u00e9n c\u00f3mo la guerra perfora su pueblo con las bombas de los pilotos alemanes. Tras separarse de sus padres, debe ponerse al frente de sus tres hermanos y huir de la devastaci\u00f3n; primero a Santander y m\u00e1s adelante a un pueblecito de los Alpes franceses, ya como \u00abni\u00f1os de guerra\u00bb.<\/p>\n<p><b>Mart\u00edn Abrisketa<\/b> naci\u00f3 en Bilbao en 1967. Curs\u00f3 estudios de Periodismo y Realizaci\u00f3n Audiovisual y comenz\u00f3 su carrera profesional como redactor de prensa. Despu\u00e9s fue guionista de televisi\u00f3n y reportero gr\u00e1fico. Crey\u00f3 que con una c\u00e1mara al hombro era feliz. Sin embargo, en enero de 2011 una necesidad interior le empuj\u00f3 a escribir de nuevo, esta vez una novela que ha conquistado a p\u00fablico y cr\u00edtica.<\/p>\n<p><span style=\"color: #38761d\">CICLO EL ARTE DE VIVIR<\/span><br \/><span style=\"font-size: large\"><span style=\"color: #990000\"><span>Charla <b><i><span>Salud y emociones<\/span><\/i><\/b> con la terapeuta Teresa Cornejo<\/span><\/span><br \/>Jueves 26 de marzo, a las 19:30 h.<\/span> Espacio Santos Ochoa. Doctores Castroviejo, 19.<\/p>\n<p><a href=\"http:\/\/1.bp.blogspot.com\/-i9ZQb80REyQ\/VQq6NN77LYI\/AAAAAAAABkU\/UpmJBrRqDEM\/s1600\/el-codigo-de-la-emocion_bradley-nelson.jpg\" style=\"clear: right;float: right;margin-bottom: 1em;margin-left: 1em\"><img loading=\"lazy\" decoding=\"async\" border=\"0\" height=\"200\" src=\"https:\/\/1.bp.blogspot.com\/-i9ZQb80REyQ\/VQq6NN77LYI\/AAAAAAAABkU\/UpmJBrRqDEM\/s1600\/el-codigo-de-la-emocion_bradley-nelson.jpg\" width=\"128\" \/><\/a><span style=\"color: #0b5394\"><b>Teresa Cornejo nos hablar\u00e1 de c\u00f3mo tratar dolores f\u00edsicos&nbsp; y emocionales, liberando emociones atrapadas y otros desequilibrios energ\u00e9ticos. Las emociones atrapadas nos condicionan haciendo que nos comportemos como no somos en realidad. Esto sucede cuando las emociones no se gestionan bien y se quedan atrapadas, debido a su intensidad o a c\u00f3mo las vivimos.<\/b><\/span><br \/>El Dr. Bradley Nelson descubri\u00f3 con sus pacientes que es posible encontrar esas emociones atrapadas utilizando la kinesiolog\u00eda para poder liberarlas, consiguiendo no solo una mejor\u00eda f\u00edsica, sino tambi\u00e9n una mejor conexi\u00f3n con uno mismo y con los dem\u00e1s.<\/p>\n<p><b>Teresa Cornejo<\/b> es licenciada en Econ\u00f3micas y Empresariales, profesi\u00f3n a la que se dedic\u00f3 durante 12 a\u00f1os. Hasta que decidi\u00f3 hacer un postgrado de Medicina Naturista y su vida cambi\u00f3 por completo, estudi\u00f3 tambi\u00e9n diet\u00e9tica y terapias energ\u00e9ticas y el m\u00e9todo Pschy-K para liberar las creencias limitantes del subconsciente.<\/p>\n<p><span style=\"font-size: large\"><span style=\"color: #990000\"><span>Taller Ser Padres: <i><b>Artexpresi\u00f3n en familia<\/b><\/i>. Con Maite Serrano y El Balc\u00f3n de Mateo<\/span><\/span><br \/>S\u00e1bado 28 de marzo, a las 11:30 h.<\/span> Espacio Santos Ochoa. Doctores Castroviejo, 19<span style=\"color: #0b5394\"><b>&nbsp;<\/b><\/span><\/p>\n<div style=\"clear: both;text-align: center\"><a href=\"http:\/\/1.bp.blogspot.com\/-PBIL2WAyU6I\/VQq7B0If5CI\/AAAAAAAABkc\/6i_hrWRHCfg\/s1600\/vela-arte-vivir.jpg\" style=\"clear: left;float: left;margin-bottom: 1em;margin-right: 1em\"><img loading=\"lazy\" decoding=\"async\" border=\"0\" height=\"200\" src=\"https:\/\/1.bp.blogspot.com\/-PBIL2WAyU6I\/VQq7B0If5CI\/AAAAAAAABkc\/6i_hrWRHCfg\/s1600\/vela-arte-vivir.jpg\" width=\"111\" \/><\/a><\/div>\n<p><span style=\"color: #0b5394\"><b>El artexpresi\u00f3n, inspirado en el arteterapia, combina el arte con la psicolog\u00eda, utilizando la creatividad como un medio que facilita la relajaci\u00f3n, la expresi\u00f3n interior de pensamientos, emociones,&nbsp; sentimientos y la comunicaci\u00f3n,&nbsp; a trav\u00e9s de diferentes t\u00e9cnicas art\u00edsticas. Es una interesante experiencia para realizar individualmente, en grupo y tambi\u00e9n en familia.<\/b><\/span><\/p>\n<p><b>Maite Serrano<\/b> es licenciada en psicolog\u00eda y pintora. Lleva a\u00f1os realizando talleres de artexpresi\u00f3n en grupo con adultos y ni\u00f1os, trabajando con personas con inquietud de conectar con ellos mismos, relajarse o comunicarse a trav\u00e9s de lo creativo.<\/p>\n<p>Este taller se plantea como una actividad familiar, un tiempo para pintar, hablar, divertirnos y compartir juntos. Al t\u00e9rmino del taller podremos llevarnos a casa un bonito mural.<\/p>\n<p><b>Padres con ni\u00f1os a partir de 4 a\u00f1os.<\/b><br \/><b>Plazas limitadas. Inscripciones:<\/b> <a href=\"http:\/\/www.leoyjuego.es\/\">www.leoyjuego.es<\/a>.<\/p>\n","protected":false},"excerpt":{"rendered":"<p>La periodista M\u00f3nica Carrillo firma su primera novelaLa luz de CandelaMartes 24 de marzo, de 18:30 a 20 h. En Santos Ochoa Gran V\u00eda. Gran V\u00eda, 55. &nbsp; La luz de Candela es la primera novela de M\u00f3nica Carrillo, presentadora de los informativos de la noche en Antena 3 junto con Mat\u00edas Prats. \u00bfQu\u00e9 ocurre [&hellip;]<\/p>\n","protected":false},"author":4,"featured_media":0,"comment_status":"open","ping_status":"open","sticky":false,"template":"","format":"standard","meta":{"footnotes":""},"categories":[16,12,21],"tags":[],"class_list":["post-229","post","type-post","status-publish","format-standard","hentry","category-el-arte-de-vivir","category-libros","category-ser-padres"],"yoast_head":"<!-- This site is optimized with the Yoast SEO plugin v27.2 - https:\/\/yoast.com\/product\/yoast-seo-wordpress\/ -->\n<title>M\u00f3nica Carrillo, Mart\u00edn Abrisketa y El Arte de Vivir - Santos Ochoa Logro\u00f1o<\/title>\n<meta name=\"robots\" content=\"index, follow, max-snippet:-1, max-image-preview:large, max-video-preview:-1\" \/>\n<link rel=\"canonical\" href=\"https:\/\/blogs.santosochoa.es\/logrono\/monica-carrillo-martin-abrisketa-y-el-arte-de-vivir\/\" \/>\n<meta property=\"og:locale\" content=\"es_ES\" \/>\n<meta property=\"og:type\" content=\"article\" \/>\n<meta property=\"og:title\" content=\"M\u00f3nica Carrillo, Mart\u00edn Abrisketa y El Arte de Vivir - Santos Ochoa Logro\u00f1o\" \/>\n<meta property=\"og:description\" content=\"La periodista M\u00f3nica Carrillo firma su primera novelaLa luz de CandelaMartes 24 de marzo, de 18:30 a 20 h. En Santos Ochoa Gran V\u00eda. Gran V\u00eda, 55. &nbsp; La luz de Candela es la primera novela de M\u00f3nica Carrillo, presentadora de los informativos de la noche en Antena 3 junto con Mat\u00edas Prats. \u00bfQu\u00e9 ocurre [&hellip;]\" \/>\n<meta property=\"og:url\" content=\"https:\/\/blogs.santosochoa.es\/logrono\/monica-carrillo-martin-abrisketa-y-el-arte-de-vivir\/\" \/>\n<meta property=\"og:site_name\" content=\"Santos Ochoa Logro\u00f1o\" \/>\n<meta property=\"article:author\" content=\"https:\/\/www.facebook.com\/santosochoalog\" \/>\n<meta property=\"article:published_time\" content=\"2015-03-19T12:10:00+00:00\" \/>\n<meta property=\"og:image\" content=\"https:\/\/2.bp.blogspot.com\/-Id6mEqG3yEs\/VQq2lqdBrbI\/AAAAAAAABj0\/rwqgVbLBbPo\/s1600\/la-luz-de-candela_monica-carrillo.png\" \/>\n<meta name=\"author\" content=\"Santos Ochoa Logro\u00f1o\" \/>\n<meta name=\"twitter:card\" content=\"summary_large_image\" \/>\n<meta name=\"twitter:creator\" content=\"@santosochoalog\" \/>\n<meta name=\"twitter:label1\" content=\"Written by\" \/>\n\t<meta name=\"twitter:data1\" content=\"Santos Ochoa Logro\u00f1o\" \/>\n\t<meta name=\"twitter:label2\" content=\"Est. reading time\" \/>\n\t<meta name=\"twitter:data2\" content=\"5 minutos\" \/>\n<script type=\"application\/ld+json\" class=\"yoast-schema-graph\">{\"@context\":\"https:\/\/schema.org\",\"@graph\":[{\"@type\":\"Article\",\"@id\":\"https:\/\/blogs.santosochoa.es\/logrono\/monica-carrillo-martin-abrisketa-y-el-arte-de-vivir\/#article\",\"isPartOf\":{\"@id\":\"https:\/\/blogs.santosochoa.es\/logrono\/monica-carrillo-martin-abrisketa-y-el-arte-de-vivir\/\"},\"author\":{\"name\":\"Santos Ochoa Logro\u00f1o\",\"@id\":\"https:\/\/blogs.santosochoa.es\/logrono\/#\/schema\/person\/103664eb8c60fbeea1880c704687c2e3\"},\"headline\":\"M\u00f3nica Carrillo, Mart\u00edn Abrisketa y El Arte de Vivir\",\"datePublished\":\"2015-03-19T12:10:00+00:00\",\"mainEntityOfPage\":{\"@id\":\"https:\/\/blogs.santosochoa.es\/logrono\/monica-carrillo-martin-abrisketa-y-el-arte-de-vivir\/\"},\"wordCount\":927,\"commentCount\":0,\"image\":{\"@id\":\"https:\/\/blogs.santosochoa.es\/logrono\/monica-carrillo-martin-abrisketa-y-el-arte-de-vivir\/#primaryimage\"},\"thumbnailUrl\":\"https:\/\/2.bp.blogspot.com\/-Id6mEqG3yEs\/VQq2lqdBrbI\/AAAAAAAABj0\/rwqgVbLBbPo\/s1600\/la-luz-de-candela_monica-carrillo.png\",\"articleSection\":[\"el arte de vivir\",\"libros\",\"ser padres\"],\"inLanguage\":\"es\",\"potentialAction\":[{\"@type\":\"CommentAction\",\"name\":\"Comment\",\"target\":[\"https:\/\/blogs.santosochoa.es\/logrono\/monica-carrillo-martin-abrisketa-y-el-arte-de-vivir\/#respond\"]}]},{\"@type\":\"WebPage\",\"@id\":\"https:\/\/blogs.santosochoa.es\/logrono\/monica-carrillo-martin-abrisketa-y-el-arte-de-vivir\/\",\"url\":\"https:\/\/blogs.santosochoa.es\/logrono\/monica-carrillo-martin-abrisketa-y-el-arte-de-vivir\/\",\"name\":\"M\u00f3nica Carrillo, Mart\u00edn Abrisketa y El Arte de Vivir - Santos Ochoa Logro\u00f1o\",\"isPartOf\":{\"@id\":\"https:\/\/blogs.santosochoa.es\/logrono\/#website\"},\"primaryImageOfPage\":{\"@id\":\"https:\/\/blogs.santosochoa.es\/logrono\/monica-carrillo-martin-abrisketa-y-el-arte-de-vivir\/#primaryimage\"},\"image\":{\"@id\":\"https:\/\/blogs.santosochoa.es\/logrono\/monica-carrillo-martin-abrisketa-y-el-arte-de-vivir\/#primaryimage\"},\"thumbnailUrl\":\"https:\/\/2.bp.blogspot.com\/-Id6mEqG3yEs\/VQq2lqdBrbI\/AAAAAAAABj0\/rwqgVbLBbPo\/s1600\/la-luz-de-candela_monica-carrillo.png\",\"datePublished\":\"2015-03-19T12:10:00+00:00\",\"author\":{\"@id\":\"https:\/\/blogs.santosochoa.es\/logrono\/#\/schema\/person\/103664eb8c60fbeea1880c704687c2e3\"},\"breadcrumb\":{\"@id\":\"https:\/\/blogs.santosochoa.es\/logrono\/monica-carrillo-martin-abrisketa-y-el-arte-de-vivir\/#breadcrumb\"},\"inLanguage\":\"es\",\"potentialAction\":[{\"@type\":\"ReadAction\",\"target\":[\"https:\/\/blogs.santosochoa.es\/logrono\/monica-carrillo-martin-abrisketa-y-el-arte-de-vivir\/\"]}]},{\"@type\":\"ImageObject\",\"inLanguage\":\"es\",\"@id\":\"https:\/\/blogs.santosochoa.es\/logrono\/monica-carrillo-martin-abrisketa-y-el-arte-de-vivir\/#primaryimage\",\"url\":\"https:\/\/2.bp.blogspot.com\/-Id6mEqG3yEs\/VQq2lqdBrbI\/AAAAAAAABj0\/rwqgVbLBbPo\/s1600\/la-luz-de-candela_monica-carrillo.png\",\"contentUrl\":\"https:\/\/2.bp.blogspot.com\/-Id6mEqG3yEs\/VQq2lqdBrbI\/AAAAAAAABj0\/rwqgVbLBbPo\/s1600\/la-luz-de-candela_monica-carrillo.png\"},{\"@type\":\"BreadcrumbList\",\"@id\":\"https:\/\/blogs.santosochoa.es\/logrono\/monica-carrillo-martin-abrisketa-y-el-arte-de-vivir\/#breadcrumb\",\"itemListElement\":[{\"@type\":\"ListItem\",\"position\":1,\"name\":\"Home\",\"item\":\"https:\/\/blogs.santosochoa.es\/logrono\/\"},{\"@type\":\"ListItem\",\"position\":2,\"name\":\"M\u00f3nica Carrillo, Mart\u00edn Abrisketa y El Arte de Vivir\"}]},{\"@type\":\"WebSite\",\"@id\":\"https:\/\/blogs.santosochoa.es\/logrono\/#website\",\"url\":\"https:\/\/blogs.santosochoa.es\/logrono\/\",\"name\":\"Santos Ochoa Logro\u00f1o\",\"description\":\"Tu Librer\u00eda Online\",\"potentialAction\":[{\"@type\":\"SearchAction\",\"target\":{\"@type\":\"EntryPoint\",\"urlTemplate\":\"https:\/\/blogs.santosochoa.es\/logrono\/?s={search_term_string}\"},\"query-input\":{\"@type\":\"PropertyValueSpecification\",\"valueRequired\":true,\"valueName\":\"search_term_string\"}}],\"inLanguage\":\"es\"},{\"@type\":\"Person\",\"@id\":\"https:\/\/blogs.santosochoa.es\/logrono\/#\/schema\/person\/103664eb8c60fbeea1880c704687c2e3\",\"name\":\"Santos Ochoa Logro\u00f1o\",\"sameAs\":[\"http:\/\/santosochoa.es\",\"https:\/\/www.facebook.com\/santosochoalog\",\"https:\/\/www.instagram.com\/santosochoalog\/\",\"https:\/\/x.com\/santosochoalog\",\"https:\/\/www.youtube.com\/c\/SantosOchoaLibros\"]}]}<\/script>\n<!-- \/ Yoast SEO plugin. -->","yoast_head_json":{"title":"M\u00f3nica Carrillo, Mart\u00edn Abrisketa y El Arte de Vivir - Santos Ochoa Logro\u00f1o","robots":{"index":"index","follow":"follow","max-snippet":"max-snippet:-1","max-image-preview":"max-image-preview:large","max-video-preview":"max-video-preview:-1"},"canonical":"https:\/\/blogs.santosochoa.es\/logrono\/monica-carrillo-martin-abrisketa-y-el-arte-de-vivir\/","og_locale":"es_ES","og_type":"article","og_title":"M\u00f3nica Carrillo, Mart\u00edn Abrisketa y El Arte de Vivir - Santos Ochoa Logro\u00f1o","og_description":"La periodista M\u00f3nica Carrillo firma su primera novelaLa luz de CandelaMartes 24 de marzo, de 18:30 a 20 h. En Santos Ochoa Gran V\u00eda. Gran V\u00eda, 55. &nbsp; La luz de Candela es la primera novela de M\u00f3nica Carrillo, presentadora de los informativos de la noche en Antena 3 junto con Mat\u00edas Prats. \u00bfQu\u00e9 ocurre [&hellip;]","og_url":"https:\/\/blogs.santosochoa.es\/logrono\/monica-carrillo-martin-abrisketa-y-el-arte-de-vivir\/","og_site_name":"Santos Ochoa Logro\u00f1o","article_author":"https:\/\/www.facebook.com\/santosochoalog","article_published_time":"2015-03-19T12:10:00+00:00","og_image":[{"url":"https:\/\/2.bp.blogspot.com\/-Id6mEqG3yEs\/VQq2lqdBrbI\/AAAAAAAABj0\/rwqgVbLBbPo\/s1600\/la-luz-de-candela_monica-carrillo.png","type":"","width":"","height":""}],"author":"Santos Ochoa Logro\u00f1o","twitter_card":"summary_large_image","twitter_creator":"@santosochoalog","twitter_misc":{"Written by":"Santos Ochoa Logro\u00f1o","Est. reading time":"5 minutos"},"schema":{"@context":"https:\/\/schema.org","@graph":[{"@type":"Article","@id":"https:\/\/blogs.santosochoa.es\/logrono\/monica-carrillo-martin-abrisketa-y-el-arte-de-vivir\/#article","isPartOf":{"@id":"https:\/\/blogs.santosochoa.es\/logrono\/monica-carrillo-martin-abrisketa-y-el-arte-de-vivir\/"},"author":{"name":"Santos Ochoa Logro\u00f1o","@id":"https:\/\/blogs.santosochoa.es\/logrono\/#\/schema\/person\/103664eb8c60fbeea1880c704687c2e3"},"headline":"M\u00f3nica Carrillo, Mart\u00edn Abrisketa y El Arte de Vivir","datePublished":"2015-03-19T12:10:00+00:00","mainEntityOfPage":{"@id":"https:\/\/blogs.santosochoa.es\/logrono\/monica-carrillo-martin-abrisketa-y-el-arte-de-vivir\/"},"wordCount":927,"commentCount":0,"image":{"@id":"https:\/\/blogs.santosochoa.es\/logrono\/monica-carrillo-martin-abrisketa-y-el-arte-de-vivir\/#primaryimage"},"thumbnailUrl":"https:\/\/2.bp.blogspot.com\/-Id6mEqG3yEs\/VQq2lqdBrbI\/AAAAAAAABj0\/rwqgVbLBbPo\/s1600\/la-luz-de-candela_monica-carrillo.png","articleSection":["el arte de vivir","libros","ser padres"],"inLanguage":"es","potentialAction":[{"@type":"CommentAction","name":"Comment","target":["https:\/\/blogs.santosochoa.es\/logrono\/monica-carrillo-martin-abrisketa-y-el-arte-de-vivir\/#respond"]}]},{"@type":"WebPage","@id":"https:\/\/blogs.santosochoa.es\/logrono\/monica-carrillo-martin-abrisketa-y-el-arte-de-vivir\/","url":"https:\/\/blogs.santosochoa.es\/logrono\/monica-carrillo-martin-abrisketa-y-el-arte-de-vivir\/","name":"M\u00f3nica Carrillo, Mart\u00edn Abrisketa y El Arte de Vivir - Santos Ochoa Logro\u00f1o","isPartOf":{"@id":"https:\/\/blogs.santosochoa.es\/logrono\/#website"},"primaryImageOfPage":{"@id":"https:\/\/blogs.santosochoa.es\/logrono\/monica-carrillo-martin-abrisketa-y-el-arte-de-vivir\/#primaryimage"},"image":{"@id":"https:\/\/blogs.santosochoa.es\/logrono\/monica-carrillo-martin-abrisketa-y-el-arte-de-vivir\/#primaryimage"},"thumbnailUrl":"https:\/\/2.bp.blogspot.com\/-Id6mEqG3yEs\/VQq2lqdBrbI\/AAAAAAAABj0\/rwqgVbLBbPo\/s1600\/la-luz-de-candela_monica-carrillo.png","datePublished":"2015-03-19T12:10:00+00:00","author":{"@id":"https:\/\/blogs.santosochoa.es\/logrono\/#\/schema\/person\/103664eb8c60fbeea1880c704687c2e3"},"breadcrumb":{"@id":"https:\/\/blogs.santosochoa.es\/logrono\/monica-carrillo-martin-abrisketa-y-el-arte-de-vivir\/#breadcrumb"},"inLanguage":"es","potentialAction":[{"@type":"ReadAction","target":["https:\/\/blogs.santosochoa.es\/logrono\/monica-carrillo-martin-abrisketa-y-el-arte-de-vivir\/"]}]},{"@type":"ImageObject","inLanguage":"es","@id":"https:\/\/blogs.santosochoa.es\/logrono\/monica-carrillo-martin-abrisketa-y-el-arte-de-vivir\/#primaryimage","url":"https:\/\/2.bp.blogspot.com\/-Id6mEqG3yEs\/VQq2lqdBrbI\/AAAAAAAABj0\/rwqgVbLBbPo\/s1600\/la-luz-de-candela_monica-carrillo.png","contentUrl":"https:\/\/2.bp.blogspot.com\/-Id6mEqG3yEs\/VQq2lqdBrbI\/AAAAAAAABj0\/rwqgVbLBbPo\/s1600\/la-luz-de-candela_monica-carrillo.png"},{"@type":"BreadcrumbList","@id":"https:\/\/blogs.santosochoa.es\/logrono\/monica-carrillo-martin-abrisketa-y-el-arte-de-vivir\/#breadcrumb","itemListElement":[{"@type":"ListItem","position":1,"name":"Home","item":"https:\/\/blogs.santosochoa.es\/logrono\/"},{"@type":"ListItem","position":2,"name":"M\u00f3nica Carrillo, Mart\u00edn Abrisketa y El Arte de Vivir"}]},{"@type":"WebSite","@id":"https:\/\/blogs.santosochoa.es\/logrono\/#website","url":"https:\/\/blogs.santosochoa.es\/logrono\/","name":"Santos Ochoa Logro\u00f1o","description":"Tu Librer\u00eda Online","potentialAction":[{"@type":"SearchAction","target":{"@type":"EntryPoint","urlTemplate":"https:\/\/blogs.santosochoa.es\/logrono\/?s={search_term_string}"},"query-input":{"@type":"PropertyValueSpecification","valueRequired":true,"valueName":"search_term_string"}}],"inLanguage":"es"},{"@type":"Person","@id":"https:\/\/blogs.santosochoa.es\/logrono\/#\/schema\/person\/103664eb8c60fbeea1880c704687c2e3","name":"Santos Ochoa Logro\u00f1o","sameAs":["http:\/\/santosochoa.es","https:\/\/www.facebook.com\/santosochoalog","https:\/\/www.instagram.com\/santosochoalog\/","https:\/\/x.com\/santosochoalog","https:\/\/www.youtube.com\/c\/SantosOchoaLibros"]}]}},"_links":{"self":[{"href":"https:\/\/blogs.santosochoa.es\/logrono\/wp-json\/wp\/v2\/posts\/229","targetHints":{"allow":["GET"]}}],"collection":[{"href":"https:\/\/blogs.santosochoa.es\/logrono\/wp-json\/wp\/v2\/posts"}],"about":[{"href":"https:\/\/blogs.santosochoa.es\/logrono\/wp-json\/wp\/v2\/types\/post"}],"author":[{"embeddable":true,"href":"https:\/\/blogs.santosochoa.es\/logrono\/wp-json\/wp\/v2\/users\/4"}],"replies":[{"embeddable":true,"href":"https:\/\/blogs.santosochoa.es\/logrono\/wp-json\/wp\/v2\/comments?post=229"}],"version-history":[{"count":0,"href":"https:\/\/blogs.santosochoa.es\/logrono\/wp-json\/wp\/v2\/posts\/229\/revisions"}],"wp:attachment":[{"href":"https:\/\/blogs.santosochoa.es\/logrono\/wp-json\/wp\/v2\/media?parent=229"}],"wp:term":[{"taxonomy":"category","embeddable":true,"href":"https:\/\/blogs.santosochoa.es\/logrono\/wp-json\/wp\/v2\/categories?post=229"},{"taxonomy":"post_tag","embeddable":true,"href":"https:\/\/blogs.santosochoa.es\/logrono\/wp-json\/wp\/v2\/tags?post=229"}],"curies":[{"name":"wp","href":"https:\/\/api.w.org\/{rel}","templated":true}]}}