{"id":226,"date":"2015-04-16T11:05:00","date_gmt":"2015-04-16T11:05:00","guid":{"rendered":"https:\/\/blogs.santosochoa.es\/logrono\/tertulia-literaria-charla-sobre-la-memoria-y-taller-ser-padres\/"},"modified":"2015-04-16T11:05:00","modified_gmt":"2015-04-16T11:05:00","slug":"tertulia-literaria-charla-sobre-la-memoria-y-taller-ser-padres","status":"publish","type":"post","link":"https:\/\/blogs.santosochoa.es\/logrono\/tertulia-literaria-charla-sobre-la-memoria-y-taller-ser-padres\/","title":{"rendered":"Tertulia Literaria, charla sobre La Memoria y taller Ser Padres"},"content":{"rendered":"<p><span style=\"font-size: large\"><span style=\"color: #990000\"><span>Tertulia literaria con \u00c1ngel Gracia, autor de <i><b>Campo Rojo<\/b><\/i>, y el poeta y editor Enrique Cabez\u00f3n<\/span><\/span><br \/>Lunes 20 de abril, a las 19:30 h.<\/span><span style=\"color: #38761d\"><b> <\/b><span style=\"font-size: large\">Santos Ochoa GRAN V\u00cdA, 55.<\/span><b><span style=\"font-size: large\"> <\/span><\/b><\/span><span style=\"color: #0b5394\"><b>&nbsp;<\/b><\/span><\/p>\n<div style=\"clear: both;text-align: center\"><a href=\"http:\/\/1.bp.blogspot.com\/-7xtlZ-FFC1w\/VS-Sg2yavAI\/AAAAAAAABl4\/spiTfqurgXw\/s1600\/campo-rojo_angel-gracia.png\" style=\"clear: left;float: left;margin-bottom: 1em;margin-right: 1em\"><img loading=\"lazy\" decoding=\"async\" border=\"0\" src=\"http:\/\/1.bp.blogspot.com\/-7xtlZ-FFC1w\/VS-Sg2yavAI\/AAAAAAAABl4\/spiTfqurgXw\/s1600\/campo-rojo_angel-gracia.png\" height=\"200\" width=\"133\" \/><\/a><\/div>\n<p><span style=\"color: #0b5394\"><b>El Campo Rojo es un descampado parecido a Marte, asfixiado por la contaminaci\u00f3n de las f\u00e1bricas. Ah\u00ed acuden los chavales de la banda del Farute a jugar a los fusilamientos, a esnifar pegamento y a meter mano a las chicas. El poder de los matones se extiende por las aulas fr\u00edas y hostiles del colegio.<\/b><\/span><br \/><span style=\"color: #0b5394\"><b>Los alumnos viven aterrados: tienen once o doce a\u00f1os y no hay nadie que los proteja.&nbsp; Todo lo observamos a trav\u00e9s de los cristales hiperb\u00f3licos del <i>Gafarras<\/i>, el cuatroojos empoll\u00f3n de la clase, que sobrevive callando, repitiendo a diario los mismos gestos rituales y gracias a la fuerza secreta que lo sostiene: su odio infinito.<\/b><\/span><br \/><i><br \/><\/i><i><b>\u00c1ngel Gracia se abre paso a machetazos por el pa\u00eds de la infancia, destruyendo en el camino su imagen de territorio feliz y complaciente<\/b>.<\/i> Sergio del Molino.<br \/><b><i>Campo Rojo retrata una adolescencia de provincias que a muchos nos resulta conmovedoramente reconocible, con la distancia justa entre el pudor y la recriminaci\u00f3n<\/i><\/b>. Alberto Olmos.<\/p>\n<p>El maltrato de ni\u00f1os a otros ni\u00f1os es la herida y el hematoma central de esta narraci\u00f3n, a menudo despiadada. Los pasajes llenos de ternura y el humor son apenas una venda que oculta pero no cura. Los libros, los sue\u00f1os y las fantas\u00edas se convierten en la \u00fanica v\u00eda de escape de la mente erosionada del <i>Gafarras<\/i>. En sus ojos vemos escrita una fatalidad inminente. El Mal habita por igual en verdugos y v\u00edctimas. <\/p>\n<p><b>\u00c1ngel Gracia<\/b> naci\u00f3 en Zaragoza en 1970. Ha trabajado en bibliotecas, quioscos, librer\u00edas de todo tipo (ambulantes, independientes y de grandes almacenes), como corrector y, desde 2005, como programador cultural. Es autor de los libros de poes\u00eda \u00abValhondo\u00bb, \u00abLibro de los ibones\u00bb y \u00abArar\u00bb, que forman una trilog\u00eda. Ha publicado la novela \u00abPastoral\u00bb y el libro de viajes \u00abDestino y trazo\u00bb. \u00abEn bici por Arag\u00f3n\u00bb una recopilaci\u00f3n de art\u00edculos publicados en Heraldo de Arag\u00f3n entre 2007 y 2008.<\/p>\n<p><span style=\"color: #38761d\"><br \/><\/span><span style=\"color: #38761d\">CICLO EL ARTE DE VIVIR<\/span><br \/><span style=\"font-size: large\"><span style=\"color: #990000\"><span>Charla y libro del psic\u00f3logo Enrique Pallar\u00e9s<\/span><\/span><\/span><br \/><span style=\"font-size: large\"><span style=\"color: #990000\"><span><i><b>La memoria, conocerla y practicarla<\/b><\/i><\/span><\/span><i><b><br \/><\/b><\/i>Martes 21 de abril, a las 19:30 h.<\/span><br \/>Espacio Santos Ochoa. Doctores Castroviejo, 19<span style=\"color: #0b5394\"><b>&nbsp;<\/b><\/span>&nbsp;<b><span style=\"color: #0b5394\"> <\/span><\/b><\/p>\n<div style=\"clear: both;text-align: center\"><a href=\"http:\/\/3.bp.blogspot.com\/--QxjeJTk9a8\/VS-V-XidhiI\/AAAAAAAABmE\/bj3fJEHEEZc\/s1600\/la-memoria_enrique-pallares.png\" style=\"clear: right;float: right;margin-bottom: 1em;margin-left: 1em\"><img loading=\"lazy\" decoding=\"async\" border=\"0\" src=\"http:\/\/3.bp.blogspot.com\/--QxjeJTk9a8\/VS-V-XidhiI\/AAAAAAAABmE\/bj3fJEHEEZc\/s1600\/la-memoria_enrique-pallares.png\" height=\"200\" width=\"135\" \/><\/a><\/div>\n<p><b><span style=\"color: #0b5394\">Este libro ense\u00f1a a utilizar y mejorar la memoria en cualquier situaci\u00f3n. Es un manual pr\u00e1ctico y comprensible que explica las principales cuestiones sobre la memoria: tipos o sistemas, evoluci\u00f3n a lo largo de la vida, base biol\u00f3gica, aspectos sociales, relaci\u00f3n con el sue\u00f1o y la hipnosis, olvido, distorsiones y falsos recuerdos, problemas de la memoria (amnesia, confabulaci\u00f3n, criptomnesia, etc.) y qu\u00e9 estrategias y t\u00e9cnicas utilizar para mejorarla.<\/span><\/b><\/p>\n<p>Enrique Pallar\u00e9s nos ense\u00f1a la pr\u00e1ctica de la memoria, tanto en la vida diaria (recordar datos, nombres o tareas) como en el estudio formal (aprender un tema, organizar con esquemas, etc.). Al final de cada cap\u00edtulo hay un apartado con ejercicios para revisar lo aprendido y ponerlo en pr\u00e1ctica. <\/p>\n<p><b>Enrique Pallar\u00e9s Mol\u00edns<\/b> es doctor en Psicolog\u00eda y divulgador de la psicolog\u00eda de la personalidad y el desarrollo humano. Profesor em\u00e9rito de la Universidad de Deusto, coordinador del Servicio de Orientaci\u00f3n Universitaria y consultor psicol\u00f3gico de los alumnos de dicha universidad.<br \/>Ha publicado varios libros que explican grandes temas psicol\u00f3gicos de forma sencilla: \u201cLa ansiedad: qu\u00e9 es, problemas, \u00bfc\u00f3mo manejarla?\u201d, \u201cLos mecanismos de defensa: c\u00f3mo nos enga\u00f1amos para sentirnos mejor\u201d, \u201cControlar la ira: menos enfados y mejores relaciones con los dem\u00e1s\u201d, \u201cLa autoestima: c\u00f3mo cultivarla de forma sana\u201d, \u201cPsicolog\u00eda del amor: Para comprender mejor esta fortaleza humana\u201d&#8230; Colabora en varias revistas y medios, e imparte conferencias sobre temas relacionados con la psicolog\u00eda. <\/p>\n<p><span style=\"color: #990000\"><span><span style=\"font-size: large\">Taller Ser Padres: <i><b>El biling\u00fcismo en edades tempranas<\/b><\/i>&nbsp;<\/span><\/span><\/span><br \/><span style=\"color: #990000\"><span><span style=\"font-size: large\">Con Helen Doron, AblaRioja y El Balc\u00f3n de Mateo<\/span><\/span><\/span><br \/><span style=\"font-size: large\">S\u00e1bado 25 de abril, a las 11:30 h.<\/span><br \/>Espacio Santos Ochoa. Doctores Castroviejo, 19<span style=\"color: #0b5394\"><b>&nbsp;<\/b><\/span><\/p>\n<div style=\"clear: both;text-align: center\"><a href=\"http:\/\/1.bp.blogspot.com\/-B3bmDHUtVqQ\/VS-WbUS8mcI\/AAAAAAAABmM\/m_6WaPSni_Y\/s1600\/bilingue.png\" style=\"clear: left;float: left;margin-bottom: 1em;margin-right: 1em\"><img loading=\"lazy\" decoding=\"async\" border=\"0\" src=\"http:\/\/1.bp.blogspot.com\/-B3bmDHUtVqQ\/VS-WbUS8mcI\/AAAAAAAABmM\/m_6WaPSni_Y\/s1600\/bilingue.png\" height=\"132\" width=\"200\" \/><\/a><\/div>\n<p><span style=\"color: #0b5394\"><b>La capacidad intelectual de una persona no se forma s\u00f3lo a partir de su gen\u00e9tica, sino tambi\u00e9n de la estimulaci\u00f3n temprana, ya que configura la creaci\u00f3n de nuevas conexiones neuronales. Ense\u00f1ar una segunda lengua a los ni\u00f1os cuanto antes es la mejor manera de crear dichas conexiones neuronales y aumentar su capacidad de desarrollo intelectual. Al comparar a ni\u00f1os biling\u00fces con monoling\u00fces, los primeros a menudo consiguen mejores resultados que los segundos.<\/b><\/span><\/p>\n<p>En esta tertulia analizaremos el biling\u00fcismo temprano \u00bfcu\u00e1les son sus beneficios? \u00bfPueden surgir problemas de comunicaci\u00f3n? Contaremos con Sonia P\u00e9rez -codirectora de la academia Helen Doron English Logro\u00f1o y madre en una familia biling\u00fce- y AblaRioja, la asociaci\u00f3n para promover el biling\u00fcismo infantil de La Rioja.<\/p>\n<p><b>Plazas limitadas<\/b>. Inscripciones: <a href=\"http:\/\/www.leoyjuego.es\/\">www.leoyjuego.es<\/a><\/p>\n","protected":false},"excerpt":{"rendered":"<p>Tertulia literaria con \u00c1ngel Gracia, autor de Campo Rojo, y el poeta y editor Enrique Cabez\u00f3nLunes 20 de abril, a las 19:30 h. Santos Ochoa GRAN V\u00cdA, 55. &nbsp; El Campo Rojo es un descampado parecido a Marte, asfixiado por la contaminaci\u00f3n de las f\u00e1bricas. Ah\u00ed acuden los chavales de la banda del Farute a [&hellip;]<\/p>\n","protected":false},"author":4,"featured_media":0,"comment_status":"open","ping_status":"open","sticky":false,"template":"","format":"standard","meta":{"footnotes":""},"categories":[10,16,12,21],"tags":[],"class_list":["post-226","post","type-post","status-publish","format-standard","hentry","category-charlas","category-el-arte-de-vivir","category-libros","category-ser-padres"],"yoast_head":"<!-- This site is optimized with the Yoast SEO plugin v27.2 - https:\/\/yoast.com\/product\/yoast-seo-wordpress\/ -->\n<title>Tertulia Literaria, charla sobre La Memoria y taller Ser Padres - Santos Ochoa Logro\u00f1o<\/title>\n<meta name=\"robots\" content=\"index, follow, max-snippet:-1, max-image-preview:large, max-video-preview:-1\" \/>\n<link rel=\"canonical\" href=\"https:\/\/blogs.santosochoa.es\/logrono\/tertulia-literaria-charla-sobre-la-memoria-y-taller-ser-padres\/\" \/>\n<meta property=\"og:locale\" content=\"es_ES\" \/>\n<meta property=\"og:type\" content=\"article\" \/>\n<meta property=\"og:title\" content=\"Tertulia Literaria, charla sobre La Memoria y taller Ser Padres - Santos Ochoa Logro\u00f1o\" \/>\n<meta property=\"og:description\" content=\"Tertulia literaria con \u00c1ngel Gracia, autor de Campo Rojo, y el poeta y editor Enrique Cabez\u00f3nLunes 20 de abril, a las 19:30 h. Santos Ochoa GRAN V\u00cdA, 55. &nbsp; El Campo Rojo es un descampado parecido a Marte, asfixiado por la contaminaci\u00f3n de las f\u00e1bricas. Ah\u00ed acuden los chavales de la banda del Farute a [&hellip;]\" \/>\n<meta property=\"og:url\" content=\"https:\/\/blogs.santosochoa.es\/logrono\/tertulia-literaria-charla-sobre-la-memoria-y-taller-ser-padres\/\" \/>\n<meta property=\"og:site_name\" content=\"Santos Ochoa Logro\u00f1o\" \/>\n<meta property=\"article:author\" content=\"https:\/\/www.facebook.com\/santosochoalog\" \/>\n<meta property=\"article:published_time\" content=\"2015-04-16T11:05:00+00:00\" \/>\n<meta property=\"og:image\" content=\"http:\/\/1.bp.blogspot.com\/-7xtlZ-FFC1w\/VS-Sg2yavAI\/AAAAAAAABl4\/spiTfqurgXw\/s1600\/campo-rojo_angel-gracia.png\" \/>\n<meta name=\"author\" content=\"Santos Ochoa Logro\u00f1o\" \/>\n<meta name=\"twitter:card\" content=\"summary_large_image\" \/>\n<meta name=\"twitter:creator\" content=\"@santosochoalog\" \/>\n<meta name=\"twitter:label1\" content=\"Written by\" \/>\n\t<meta name=\"twitter:data1\" content=\"Santos Ochoa Logro\u00f1o\" \/>\n\t<meta name=\"twitter:label2\" content=\"Est. reading time\" \/>\n\t<meta name=\"twitter:data2\" content=\"4 minutos\" \/>\n<script type=\"application\/ld+json\" class=\"yoast-schema-graph\">{\"@context\":\"https:\/\/schema.org\",\"@graph\":[{\"@type\":\"Article\",\"@id\":\"https:\/\/blogs.santosochoa.es\/logrono\/tertulia-literaria-charla-sobre-la-memoria-y-taller-ser-padres\/#article\",\"isPartOf\":{\"@id\":\"https:\/\/blogs.santosochoa.es\/logrono\/tertulia-literaria-charla-sobre-la-memoria-y-taller-ser-padres\/\"},\"author\":{\"name\":\"Santos Ochoa Logro\u00f1o\",\"@id\":\"https:\/\/blogs.santosochoa.es\/logrono\/#\/schema\/person\/103664eb8c60fbeea1880c704687c2e3\"},\"headline\":\"Tertulia Literaria, charla sobre La Memoria y taller Ser Padres\",\"datePublished\":\"2015-04-16T11:05:00+00:00\",\"mainEntityOfPage\":{\"@id\":\"https:\/\/blogs.santosochoa.es\/logrono\/tertulia-literaria-charla-sobre-la-memoria-y-taller-ser-padres\/\"},\"wordCount\":840,\"commentCount\":0,\"image\":{\"@id\":\"https:\/\/blogs.santosochoa.es\/logrono\/tertulia-literaria-charla-sobre-la-memoria-y-taller-ser-padres\/#primaryimage\"},\"thumbnailUrl\":\"http:\/\/1.bp.blogspot.com\/-7xtlZ-FFC1w\/VS-Sg2yavAI\/AAAAAAAABl4\/spiTfqurgXw\/s1600\/campo-rojo_angel-gracia.png\",\"articleSection\":[\"charlas\",\"el arte de vivir\",\"libros\",\"ser padres\"],\"inLanguage\":\"es\",\"potentialAction\":[{\"@type\":\"CommentAction\",\"name\":\"Comment\",\"target\":[\"https:\/\/blogs.santosochoa.es\/logrono\/tertulia-literaria-charla-sobre-la-memoria-y-taller-ser-padres\/#respond\"]}]},{\"@type\":\"WebPage\",\"@id\":\"https:\/\/blogs.santosochoa.es\/logrono\/tertulia-literaria-charla-sobre-la-memoria-y-taller-ser-padres\/\",\"url\":\"https:\/\/blogs.santosochoa.es\/logrono\/tertulia-literaria-charla-sobre-la-memoria-y-taller-ser-padres\/\",\"name\":\"Tertulia Literaria, charla sobre La Memoria y taller Ser Padres - Santos Ochoa Logro\u00f1o\",\"isPartOf\":{\"@id\":\"https:\/\/blogs.santosochoa.es\/logrono\/#website\"},\"primaryImageOfPage\":{\"@id\":\"https:\/\/blogs.santosochoa.es\/logrono\/tertulia-literaria-charla-sobre-la-memoria-y-taller-ser-padres\/#primaryimage\"},\"image\":{\"@id\":\"https:\/\/blogs.santosochoa.es\/logrono\/tertulia-literaria-charla-sobre-la-memoria-y-taller-ser-padres\/#primaryimage\"},\"thumbnailUrl\":\"http:\/\/1.bp.blogspot.com\/-7xtlZ-FFC1w\/VS-Sg2yavAI\/AAAAAAAABl4\/spiTfqurgXw\/s1600\/campo-rojo_angel-gracia.png\",\"datePublished\":\"2015-04-16T11:05:00+00:00\",\"author\":{\"@id\":\"https:\/\/blogs.santosochoa.es\/logrono\/#\/schema\/person\/103664eb8c60fbeea1880c704687c2e3\"},\"breadcrumb\":{\"@id\":\"https:\/\/blogs.santosochoa.es\/logrono\/tertulia-literaria-charla-sobre-la-memoria-y-taller-ser-padres\/#breadcrumb\"},\"inLanguage\":\"es\",\"potentialAction\":[{\"@type\":\"ReadAction\",\"target\":[\"https:\/\/blogs.santosochoa.es\/logrono\/tertulia-literaria-charla-sobre-la-memoria-y-taller-ser-padres\/\"]}]},{\"@type\":\"ImageObject\",\"inLanguage\":\"es\",\"@id\":\"https:\/\/blogs.santosochoa.es\/logrono\/tertulia-literaria-charla-sobre-la-memoria-y-taller-ser-padres\/#primaryimage\",\"url\":\"http:\/\/1.bp.blogspot.com\/-7xtlZ-FFC1w\/VS-Sg2yavAI\/AAAAAAAABl4\/spiTfqurgXw\/s1600\/campo-rojo_angel-gracia.png\",\"contentUrl\":\"http:\/\/1.bp.blogspot.com\/-7xtlZ-FFC1w\/VS-Sg2yavAI\/AAAAAAAABl4\/spiTfqurgXw\/s1600\/campo-rojo_angel-gracia.png\"},{\"@type\":\"BreadcrumbList\",\"@id\":\"https:\/\/blogs.santosochoa.es\/logrono\/tertulia-literaria-charla-sobre-la-memoria-y-taller-ser-padres\/#breadcrumb\",\"itemListElement\":[{\"@type\":\"ListItem\",\"position\":1,\"name\":\"Home\",\"item\":\"https:\/\/blogs.santosochoa.es\/logrono\/\"},{\"@type\":\"ListItem\",\"position\":2,\"name\":\"Tertulia Literaria, charla sobre La Memoria y taller Ser Padres\"}]},{\"@type\":\"WebSite\",\"@id\":\"https:\/\/blogs.santosochoa.es\/logrono\/#website\",\"url\":\"https:\/\/blogs.santosochoa.es\/logrono\/\",\"name\":\"Santos Ochoa Logro\u00f1o\",\"description\":\"Tu Librer\u00eda Online\",\"potentialAction\":[{\"@type\":\"SearchAction\",\"target\":{\"@type\":\"EntryPoint\",\"urlTemplate\":\"https:\/\/blogs.santosochoa.es\/logrono\/?s={search_term_string}\"},\"query-input\":{\"@type\":\"PropertyValueSpecification\",\"valueRequired\":true,\"valueName\":\"search_term_string\"}}],\"inLanguage\":\"es\"},{\"@type\":\"Person\",\"@id\":\"https:\/\/blogs.santosochoa.es\/logrono\/#\/schema\/person\/103664eb8c60fbeea1880c704687c2e3\",\"name\":\"Santos Ochoa Logro\u00f1o\",\"sameAs\":[\"http:\/\/santosochoa.es\",\"https:\/\/www.facebook.com\/santosochoalog\",\"https:\/\/www.instagram.com\/santosochoalog\/\",\"https:\/\/x.com\/santosochoalog\",\"https:\/\/www.youtube.com\/c\/SantosOchoaLibros\"]}]}<\/script>\n<!-- \/ Yoast SEO plugin. -->","yoast_head_json":{"title":"Tertulia Literaria, charla sobre La Memoria y taller Ser Padres - Santos Ochoa Logro\u00f1o","robots":{"index":"index","follow":"follow","max-snippet":"max-snippet:-1","max-image-preview":"max-image-preview:large","max-video-preview":"max-video-preview:-1"},"canonical":"https:\/\/blogs.santosochoa.es\/logrono\/tertulia-literaria-charla-sobre-la-memoria-y-taller-ser-padres\/","og_locale":"es_ES","og_type":"article","og_title":"Tertulia Literaria, charla sobre La Memoria y taller Ser Padres - Santos Ochoa Logro\u00f1o","og_description":"Tertulia literaria con \u00c1ngel Gracia, autor de Campo Rojo, y el poeta y editor Enrique Cabez\u00f3nLunes 20 de abril, a las 19:30 h. Santos Ochoa GRAN V\u00cdA, 55. &nbsp; El Campo Rojo es un descampado parecido a Marte, asfixiado por la contaminaci\u00f3n de las f\u00e1bricas. Ah\u00ed acuden los chavales de la banda del Farute a [&hellip;]","og_url":"https:\/\/blogs.santosochoa.es\/logrono\/tertulia-literaria-charla-sobre-la-memoria-y-taller-ser-padres\/","og_site_name":"Santos Ochoa Logro\u00f1o","article_author":"https:\/\/www.facebook.com\/santosochoalog","article_published_time":"2015-04-16T11:05:00+00:00","og_image":[{"url":"http:\/\/1.bp.blogspot.com\/-7xtlZ-FFC1w\/VS-Sg2yavAI\/AAAAAAAABl4\/spiTfqurgXw\/s1600\/campo-rojo_angel-gracia.png","type":"","width":"","height":""}],"author":"Santos Ochoa Logro\u00f1o","twitter_card":"summary_large_image","twitter_creator":"@santosochoalog","twitter_misc":{"Written by":"Santos Ochoa Logro\u00f1o","Est. reading time":"4 minutos"},"schema":{"@context":"https:\/\/schema.org","@graph":[{"@type":"Article","@id":"https:\/\/blogs.santosochoa.es\/logrono\/tertulia-literaria-charla-sobre-la-memoria-y-taller-ser-padres\/#article","isPartOf":{"@id":"https:\/\/blogs.santosochoa.es\/logrono\/tertulia-literaria-charla-sobre-la-memoria-y-taller-ser-padres\/"},"author":{"name":"Santos Ochoa Logro\u00f1o","@id":"https:\/\/blogs.santosochoa.es\/logrono\/#\/schema\/person\/103664eb8c60fbeea1880c704687c2e3"},"headline":"Tertulia Literaria, charla sobre La Memoria y taller Ser Padres","datePublished":"2015-04-16T11:05:00+00:00","mainEntityOfPage":{"@id":"https:\/\/blogs.santosochoa.es\/logrono\/tertulia-literaria-charla-sobre-la-memoria-y-taller-ser-padres\/"},"wordCount":840,"commentCount":0,"image":{"@id":"https:\/\/blogs.santosochoa.es\/logrono\/tertulia-literaria-charla-sobre-la-memoria-y-taller-ser-padres\/#primaryimage"},"thumbnailUrl":"http:\/\/1.bp.blogspot.com\/-7xtlZ-FFC1w\/VS-Sg2yavAI\/AAAAAAAABl4\/spiTfqurgXw\/s1600\/campo-rojo_angel-gracia.png","articleSection":["charlas","el arte de vivir","libros","ser padres"],"inLanguage":"es","potentialAction":[{"@type":"CommentAction","name":"Comment","target":["https:\/\/blogs.santosochoa.es\/logrono\/tertulia-literaria-charla-sobre-la-memoria-y-taller-ser-padres\/#respond"]}]},{"@type":"WebPage","@id":"https:\/\/blogs.santosochoa.es\/logrono\/tertulia-literaria-charla-sobre-la-memoria-y-taller-ser-padres\/","url":"https:\/\/blogs.santosochoa.es\/logrono\/tertulia-literaria-charla-sobre-la-memoria-y-taller-ser-padres\/","name":"Tertulia Literaria, charla sobre La Memoria y taller Ser Padres - Santos Ochoa Logro\u00f1o","isPartOf":{"@id":"https:\/\/blogs.santosochoa.es\/logrono\/#website"},"primaryImageOfPage":{"@id":"https:\/\/blogs.santosochoa.es\/logrono\/tertulia-literaria-charla-sobre-la-memoria-y-taller-ser-padres\/#primaryimage"},"image":{"@id":"https:\/\/blogs.santosochoa.es\/logrono\/tertulia-literaria-charla-sobre-la-memoria-y-taller-ser-padres\/#primaryimage"},"thumbnailUrl":"http:\/\/1.bp.blogspot.com\/-7xtlZ-FFC1w\/VS-Sg2yavAI\/AAAAAAAABl4\/spiTfqurgXw\/s1600\/campo-rojo_angel-gracia.png","datePublished":"2015-04-16T11:05:00+00:00","author":{"@id":"https:\/\/blogs.santosochoa.es\/logrono\/#\/schema\/person\/103664eb8c60fbeea1880c704687c2e3"},"breadcrumb":{"@id":"https:\/\/blogs.santosochoa.es\/logrono\/tertulia-literaria-charla-sobre-la-memoria-y-taller-ser-padres\/#breadcrumb"},"inLanguage":"es","potentialAction":[{"@type":"ReadAction","target":["https:\/\/blogs.santosochoa.es\/logrono\/tertulia-literaria-charla-sobre-la-memoria-y-taller-ser-padres\/"]}]},{"@type":"ImageObject","inLanguage":"es","@id":"https:\/\/blogs.santosochoa.es\/logrono\/tertulia-literaria-charla-sobre-la-memoria-y-taller-ser-padres\/#primaryimage","url":"http:\/\/1.bp.blogspot.com\/-7xtlZ-FFC1w\/VS-Sg2yavAI\/AAAAAAAABl4\/spiTfqurgXw\/s1600\/campo-rojo_angel-gracia.png","contentUrl":"http:\/\/1.bp.blogspot.com\/-7xtlZ-FFC1w\/VS-Sg2yavAI\/AAAAAAAABl4\/spiTfqurgXw\/s1600\/campo-rojo_angel-gracia.png"},{"@type":"BreadcrumbList","@id":"https:\/\/blogs.santosochoa.es\/logrono\/tertulia-literaria-charla-sobre-la-memoria-y-taller-ser-padres\/#breadcrumb","itemListElement":[{"@type":"ListItem","position":1,"name":"Home","item":"https:\/\/blogs.santosochoa.es\/logrono\/"},{"@type":"ListItem","position":2,"name":"Tertulia Literaria, charla sobre La Memoria y taller Ser Padres"}]},{"@type":"WebSite","@id":"https:\/\/blogs.santosochoa.es\/logrono\/#website","url":"https:\/\/blogs.santosochoa.es\/logrono\/","name":"Santos Ochoa Logro\u00f1o","description":"Tu Librer\u00eda Online","potentialAction":[{"@type":"SearchAction","target":{"@type":"EntryPoint","urlTemplate":"https:\/\/blogs.santosochoa.es\/logrono\/?s={search_term_string}"},"query-input":{"@type":"PropertyValueSpecification","valueRequired":true,"valueName":"search_term_string"}}],"inLanguage":"es"},{"@type":"Person","@id":"https:\/\/blogs.santosochoa.es\/logrono\/#\/schema\/person\/103664eb8c60fbeea1880c704687c2e3","name":"Santos Ochoa Logro\u00f1o","sameAs":["http:\/\/santosochoa.es","https:\/\/www.facebook.com\/santosochoalog","https:\/\/www.instagram.com\/santosochoalog\/","https:\/\/x.com\/santosochoalog","https:\/\/www.youtube.com\/c\/SantosOchoaLibros"]}]}},"_links":{"self":[{"href":"https:\/\/blogs.santosochoa.es\/logrono\/wp-json\/wp\/v2\/posts\/226","targetHints":{"allow":["GET"]}}],"collection":[{"href":"https:\/\/blogs.santosochoa.es\/logrono\/wp-json\/wp\/v2\/posts"}],"about":[{"href":"https:\/\/blogs.santosochoa.es\/logrono\/wp-json\/wp\/v2\/types\/post"}],"author":[{"embeddable":true,"href":"https:\/\/blogs.santosochoa.es\/logrono\/wp-json\/wp\/v2\/users\/4"}],"replies":[{"embeddable":true,"href":"https:\/\/blogs.santosochoa.es\/logrono\/wp-json\/wp\/v2\/comments?post=226"}],"version-history":[{"count":0,"href":"https:\/\/blogs.santosochoa.es\/logrono\/wp-json\/wp\/v2\/posts\/226\/revisions"}],"wp:attachment":[{"href":"https:\/\/blogs.santosochoa.es\/logrono\/wp-json\/wp\/v2\/media?parent=226"}],"wp:term":[{"taxonomy":"category","embeddable":true,"href":"https:\/\/blogs.santosochoa.es\/logrono\/wp-json\/wp\/v2\/categories?post=226"},{"taxonomy":"post_tag","embeddable":true,"href":"https:\/\/blogs.santosochoa.es\/logrono\/wp-json\/wp\/v2\/tags?post=226"}],"curies":[{"name":"wp","href":"https:\/\/api.w.org\/{rel}","templated":true}]}}