{"id":2215,"date":"2020-11-12T13:15:40","date_gmt":"2020-11-12T12:15:40","guid":{"rendered":"https:\/\/blogs.santosochoa.es\/logrono\/?p=2215"},"modified":"2020-11-12T13:15:41","modified_gmt":"2020-11-12T12:15:41","slug":"isabel-lizarraga-y-santi-vivanco","status":"publish","type":"post","link":"https:\/\/blogs.santosochoa.es\/logrono\/isabel-lizarraga-y-santi-vivanco\/","title":{"rendered":"Isabel Lizarraga y Santi Vivanco"},"content":{"rendered":"\n<h2 class=\"wp-block-heading\"><strong>Isabel Lizarraga presenta <em>\u00a1Que venga la Julia! <\/em>La<\/strong> <strong>intensa vida de una luchadora por la igualdad<\/strong><\/h2>\n\n\n\n<h3 class=\"wp-block-heading\"><strong>Jueves<\/strong><strong> 19 <\/strong><strong>de noviembre, a las 19:30 h.<\/strong><\/h3>\n\n\n\n<h4 class=\"wp-block-heading\">Espacio Santos Ochoa. Calvo Sotelo, 19, Logro\u00f1o<\/h4>\n\n\n\n<h4 class=\"has-text-color wp-block-heading\" style=\"color:#126a9c\"><a href=\"https:\/\/blogs.santosochoa.es\/logrono\/eventos\/isabel-lizarraga-presenta-que-venga-la-julia\/\" target=\"_blank\" rel=\"noreferrer noopener\"><strong><em>Aforo limitado.<\/em><\/strong> Reserva plaza pinchando aqu\u00ed.<\/a><\/h4>\n\n\n\n<h4 class=\"has-text-color wp-block-heading\" style=\"color:#126a9c\"><a rel=\"noreferrer noopener\" href=\"https:\/\/www.youtube.com\/c\/SantosOchoaLibros\" target=\"_blank\"><strong><em>Tambi\u00e9n en YouTube:<\/em><\/strong> youtube.com\/c\/SantosOchoaLibros<\/a><\/h4>\n\n\n\n<div class=\"wp-block-image\"><figure class=\"alignleft size-large is-resized\"><img decoding=\"async\" src=\"https:\/\/blogs.santosochoa.es\/logrono\/wp-content\/uploads\/sites\/2\/2020\/10\/Que-venga-la-Julia-Isabel-Lizarraga.jpg\" alt=\"\" class=\"wp-image-2181\" width=\"200\" srcset=\"https:\/\/blogs.santosochoa.es\/logrono\/wp-content\/uploads\/sites\/2\/2020\/10\/Que-venga-la-Julia-Isabel-Lizarraga.jpg 591w, https:\/\/blogs.santosochoa.es\/logrono\/wp-content\/uploads\/sites\/2\/2020\/10\/Que-venga-la-Julia-Isabel-Lizarraga-205x300.jpg 205w\" sizes=\"(max-width: 591px) 100vw, 591px\" \/><\/figure><\/div>\n\n\n\n<h5 class=\"wp-block-heading\"><strong>Muchas vidas pueden trasladarse a una novela, pero pocas tan intensas como la de Julia \u00c1lvarez Resano (Villafranca, 1903-M\u00e9xico DF, 1948), quien, en breve tiempo y en una \u00e9poca convulsa de la historia de Espa\u00f1a, consigui\u00f3 hacerse eco en su lucha por un mundo m\u00e1s justo.<\/strong><\/h5>\n\n\n\n<p>A partir de su ni\u00f1ez humilde en un pueblo navarro, su coraje y su temperamento arrojado la convirtieron en maestra, abogada, asesora de la Federaci\u00f3n Nacional de Trabajadores de la Tierra, diputada del Frente Popular en la II Rep\u00fablica, gobernadora civil de Ciudad Real y luchadora antifascista en el exilio. Su voz firme, siempre comprometida con los m\u00e1s d\u00e9biles, reson\u00f3 por pueblos y placas para defender la justicia, el feminismo, la igualdad y la libertad.<\/p>\n\n\n\n<div style=\"height:50px\" aria-hidden=\"true\" class=\"wp-block-spacer\"><\/div>\n\n\n\n<h2 class=\"wp-block-heading\"><strong>Firma de libros de Santi Vivanco. <em>Diario \u00edntimo en Egipto<\/em><\/strong><\/h2>\n\n\n\n<h3 class=\"wp-block-heading\"><strong>Martes<\/strong><strong> 17 <\/strong><strong>de noviembre. De 19 a 20:30 h.<\/strong><\/h3>\n\n\n\n<h4 class=\"wp-block-heading\">Espacio Santos Ochoa. Calvo Sotelo, 19, Logro\u00f1o<\/h4>\n\n\n\n<div class=\"wp-block-image\"><figure class=\"alignright size-large is-resized\"><img decoding=\"async\" src=\"https:\/\/blogs.santosochoa.es\/logrono\/wp-content\/uploads\/sites\/2\/2020\/10\/diario-intimo-en-egipto_santiago-vivanco.jpg\" alt=\"\" class=\"wp-image-2179\" width=\"200\" srcset=\"https:\/\/blogs.santosochoa.es\/logrono\/wp-content\/uploads\/sites\/2\/2020\/10\/diario-intimo-en-egipto_santiago-vivanco.jpg 591w, https:\/\/blogs.santosochoa.es\/logrono\/wp-content\/uploads\/sites\/2\/2020\/10\/diario-intimo-en-egipto_santiago-vivanco-211x300.jpg 211w\" sizes=\"(max-width: 591px) 100vw, 591px\" \/><\/figure><\/div>\n\n\n\n<h5 class=\"wp-block-heading\"><strong>Junto a mi gran amigo Eduardo, recorremos y narro mi experiencia \u00edntima por este m\u00e1gico pa\u00eds de norte a sur. Un viaje con licencia de arque\u00f3logos que nos permitir\u00e1 visitar inaccesibles lugares como Oxirrinco o Tell el-Amarna, adem\u00e1s de los restos m\u00e1s famosos de la antigua civilizaci\u00f3n egipcia. Un cosmos ba\u00f1ado por el Nilo, protegido por el desierto y eterno por su cautivadora historia.<\/strong><\/h5>\n\n\n\n<p><strong>Santi Vivanco S\u00e1enz<\/strong> (La Rioja, 1973). Poeta, empresario, viajero, coleccionista, aficionado a la historia y al Antiguo Egipto desde muy ni\u00f1o. Tengo la gran fortuna de tener una buena familia, mujer, hijos y grandes amigos. Por todo ello doy GRACIAS cada d\u00eda.<\/p>\n","protected":false},"excerpt":{"rendered":"<p>Agenda Cultural. Isabel Lizarraga presenta \u00ab\u00a1Que venga la Julia!\u00bb La intensa vida de una luchadora por la igualdad. Firma de libros de Santi Vivanco<\/p>\n","protected":false},"author":4,"featured_media":2181,"comment_status":"closed","ping_status":"closed","sticky":false,"template":"","format":"standard","meta":{"footnotes":""},"categories":[30,12,13],"tags":[],"class_list":["post-2215","post","type-post","status-publish","format-standard","has-post-thumbnail","hentry","category-quedateencasa","category-libros","category-libros-do-rioja"],"yoast_head":"<!-- This site is optimized with the Yoast SEO plugin v27.2 - https:\/\/yoast.com\/product\/yoast-seo-wordpress\/ -->\n<title>Isabel Lizarraga y Santi Vivanco - Santos Ochoa Logro\u00f1o<\/title>\n<meta name=\"description\" content=\"Agenda Cultural. Isabel Lizarraga presenta &quot;\u00a1Que venga la Julia!&quot; La intensa vida de una luchadora por la igualdad. Firma de libros de Santi Vivanco\" \/>\n<meta name=\"robots\" content=\"index, follow, max-snippet:-1, max-image-preview:large, max-video-preview:-1\" \/>\n<link rel=\"canonical\" href=\"https:\/\/blogs.santosochoa.es\/logrono\/isabel-lizarraga-y-santi-vivanco\/\" \/>\n<meta property=\"og:locale\" content=\"es_ES\" \/>\n<meta property=\"og:type\" content=\"article\" \/>\n<meta property=\"og:title\" content=\"Isabel Lizarraga y Santi Vivanco - Santos Ochoa Logro\u00f1o\" \/>\n<meta property=\"og:description\" content=\"Agenda Cultural. Isabel Lizarraga presenta &quot;\u00a1Que venga la Julia!&quot; La intensa vida de una luchadora por la igualdad. Firma de libros de Santi Vivanco\" \/>\n<meta property=\"og:url\" content=\"https:\/\/blogs.santosochoa.es\/logrono\/isabel-lizarraga-y-santi-vivanco\/\" \/>\n<meta property=\"og:site_name\" content=\"Santos Ochoa Logro\u00f1o\" \/>\n<meta property=\"article:author\" content=\"https:\/\/www.facebook.com\/santosochoalog\" \/>\n<meta property=\"article:published_time\" content=\"2020-11-12T12:15:40+00:00\" \/>\n<meta property=\"article:modified_time\" content=\"2020-11-12T12:15:41+00:00\" \/>\n<meta property=\"og:image\" content=\"https:\/\/blogs.santosochoa.es\/logrono\/wp-content\/uploads\/sites\/2\/2020\/10\/Que-venga-la-Julia-Isabel-Lizarraga.jpg\" \/>\n\t<meta property=\"og:image:width\" content=\"591\" \/>\n\t<meta property=\"og:image:height\" content=\"866\" \/>\n\t<meta property=\"og:image:type\" content=\"image\/jpeg\" \/>\n<meta name=\"author\" content=\"Santos Ochoa Logro\u00f1o\" \/>\n<meta name=\"twitter:card\" content=\"summary_large_image\" \/>\n<meta name=\"twitter:creator\" content=\"@santosochoalog\" \/>\n<meta name=\"twitter:label1\" content=\"Written by\" \/>\n\t<meta name=\"twitter:data1\" content=\"Santos Ochoa Logro\u00f1o\" \/>\n\t<meta name=\"twitter:label2\" content=\"Est. reading time\" \/>\n\t<meta name=\"twitter:data2\" content=\"2 minutos\" \/>\n<script type=\"application\/ld+json\" class=\"yoast-schema-graph\">{\"@context\":\"https:\/\/schema.org\",\"@graph\":[{\"@type\":\"Article\",\"@id\":\"https:\/\/blogs.santosochoa.es\/logrono\/isabel-lizarraga-y-santi-vivanco\/#article\",\"isPartOf\":{\"@id\":\"https:\/\/blogs.santosochoa.es\/logrono\/isabel-lizarraga-y-santi-vivanco\/\"},\"author\":{\"name\":\"Santos Ochoa Logro\u00f1o\",\"@id\":\"https:\/\/blogs.santosochoa.es\/logrono\/#\/schema\/person\/103664eb8c60fbeea1880c704687c2e3\"},\"headline\":\"Isabel Lizarraga y Santi Vivanco\",\"datePublished\":\"2020-11-12T12:15:40+00:00\",\"dateModified\":\"2020-11-12T12:15:41+00:00\",\"mainEntityOfPage\":{\"@id\":\"https:\/\/blogs.santosochoa.es\/logrono\/isabel-lizarraga-y-santi-vivanco\/\"},\"wordCount\":314,\"image\":{\"@id\":\"https:\/\/blogs.santosochoa.es\/logrono\/isabel-lizarraga-y-santi-vivanco\/#primaryimage\"},\"thumbnailUrl\":\"https:\/\/blogs.santosochoa.es\/logrono\/wp-content\/uploads\/sites\/2\/2020\/10\/Que-venga-la-Julia-Isabel-Lizarraga.jpg\",\"articleSection\":[\"contigo en casa\",\"libros\",\"libros do rioja\"],\"inLanguage\":\"es\"},{\"@type\":\"WebPage\",\"@id\":\"https:\/\/blogs.santosochoa.es\/logrono\/isabel-lizarraga-y-santi-vivanco\/\",\"url\":\"https:\/\/blogs.santosochoa.es\/logrono\/isabel-lizarraga-y-santi-vivanco\/\",\"name\":\"Isabel Lizarraga y Santi Vivanco - Santos Ochoa Logro\u00f1o\",\"isPartOf\":{\"@id\":\"https:\/\/blogs.santosochoa.es\/logrono\/#website\"},\"primaryImageOfPage\":{\"@id\":\"https:\/\/blogs.santosochoa.es\/logrono\/isabel-lizarraga-y-santi-vivanco\/#primaryimage\"},\"image\":{\"@id\":\"https:\/\/blogs.santosochoa.es\/logrono\/isabel-lizarraga-y-santi-vivanco\/#primaryimage\"},\"thumbnailUrl\":\"https:\/\/blogs.santosochoa.es\/logrono\/wp-content\/uploads\/sites\/2\/2020\/10\/Que-venga-la-Julia-Isabel-Lizarraga.jpg\",\"datePublished\":\"2020-11-12T12:15:40+00:00\",\"dateModified\":\"2020-11-12T12:15:41+00:00\",\"author\":{\"@id\":\"https:\/\/blogs.santosochoa.es\/logrono\/#\/schema\/person\/103664eb8c60fbeea1880c704687c2e3\"},\"description\":\"Agenda Cultural. Isabel Lizarraga presenta \\\"\u00a1Que venga la Julia!\\\" La intensa vida de una luchadora por la igualdad. Firma de libros de Santi Vivanco\",\"breadcrumb\":{\"@id\":\"https:\/\/blogs.santosochoa.es\/logrono\/isabel-lizarraga-y-santi-vivanco\/#breadcrumb\"},\"inLanguage\":\"es\",\"potentialAction\":[{\"@type\":\"ReadAction\",\"target\":[\"https:\/\/blogs.santosochoa.es\/logrono\/isabel-lizarraga-y-santi-vivanco\/\"]}]},{\"@type\":\"ImageObject\",\"inLanguage\":\"es\",\"@id\":\"https:\/\/blogs.santosochoa.es\/logrono\/isabel-lizarraga-y-santi-vivanco\/#primaryimage\",\"url\":\"https:\/\/blogs.santosochoa.es\/logrono\/wp-content\/uploads\/sites\/2\/2020\/10\/Que-venga-la-Julia-Isabel-Lizarraga.jpg\",\"contentUrl\":\"https:\/\/blogs.santosochoa.es\/logrono\/wp-content\/uploads\/sites\/2\/2020\/10\/Que-venga-la-Julia-Isabel-Lizarraga.jpg\",\"width\":591,\"height\":866},{\"@type\":\"BreadcrumbList\",\"@id\":\"https:\/\/blogs.santosochoa.es\/logrono\/isabel-lizarraga-y-santi-vivanco\/#breadcrumb\",\"itemListElement\":[{\"@type\":\"ListItem\",\"position\":1,\"name\":\"Home\",\"item\":\"https:\/\/blogs.santosochoa.es\/logrono\/\"},{\"@type\":\"ListItem\",\"position\":2,\"name\":\"Isabel Lizarraga y Santi Vivanco\"}]},{\"@type\":\"WebSite\",\"@id\":\"https:\/\/blogs.santosochoa.es\/logrono\/#website\",\"url\":\"https:\/\/blogs.santosochoa.es\/logrono\/\",\"name\":\"Santos Ochoa Logro\u00f1o\",\"description\":\"Tu Librer\u00eda Online\",\"potentialAction\":[{\"@type\":\"SearchAction\",\"target\":{\"@type\":\"EntryPoint\",\"urlTemplate\":\"https:\/\/blogs.santosochoa.es\/logrono\/?s={search_term_string}\"},\"query-input\":{\"@type\":\"PropertyValueSpecification\",\"valueRequired\":true,\"valueName\":\"search_term_string\"}}],\"inLanguage\":\"es\"},{\"@type\":\"Person\",\"@id\":\"https:\/\/blogs.santosochoa.es\/logrono\/#\/schema\/person\/103664eb8c60fbeea1880c704687c2e3\",\"name\":\"Santos Ochoa Logro\u00f1o\",\"sameAs\":[\"http:\/\/santosochoa.es\",\"https:\/\/www.facebook.com\/santosochoalog\",\"https:\/\/www.instagram.com\/santosochoalog\/\",\"https:\/\/x.com\/santosochoalog\",\"https:\/\/www.youtube.com\/c\/SantosOchoaLibros\"]}]}<\/script>\n<!-- \/ Yoast SEO plugin. -->","yoast_head_json":{"title":"Isabel Lizarraga y Santi Vivanco - Santos Ochoa Logro\u00f1o","description":"Agenda Cultural. Isabel Lizarraga presenta \"\u00a1Que venga la Julia!\" La intensa vida de una luchadora por la igualdad. Firma de libros de Santi Vivanco","robots":{"index":"index","follow":"follow","max-snippet":"max-snippet:-1","max-image-preview":"max-image-preview:large","max-video-preview":"max-video-preview:-1"},"canonical":"https:\/\/blogs.santosochoa.es\/logrono\/isabel-lizarraga-y-santi-vivanco\/","og_locale":"es_ES","og_type":"article","og_title":"Isabel Lizarraga y Santi Vivanco - Santos Ochoa Logro\u00f1o","og_description":"Agenda Cultural. Isabel Lizarraga presenta \"\u00a1Que venga la Julia!\" La intensa vida de una luchadora por la igualdad. Firma de libros de Santi Vivanco","og_url":"https:\/\/blogs.santosochoa.es\/logrono\/isabel-lizarraga-y-santi-vivanco\/","og_site_name":"Santos Ochoa Logro\u00f1o","article_author":"https:\/\/www.facebook.com\/santosochoalog","article_published_time":"2020-11-12T12:15:40+00:00","article_modified_time":"2020-11-12T12:15:41+00:00","og_image":[{"width":591,"height":866,"url":"https:\/\/blogs.santosochoa.es\/logrono\/wp-content\/uploads\/sites\/2\/2020\/10\/Que-venga-la-Julia-Isabel-Lizarraga.jpg","type":"image\/jpeg"}],"author":"Santos Ochoa Logro\u00f1o","twitter_card":"summary_large_image","twitter_creator":"@santosochoalog","twitter_misc":{"Written by":"Santos Ochoa Logro\u00f1o","Est. reading time":"2 minutos"},"schema":{"@context":"https:\/\/schema.org","@graph":[{"@type":"Article","@id":"https:\/\/blogs.santosochoa.es\/logrono\/isabel-lizarraga-y-santi-vivanco\/#article","isPartOf":{"@id":"https:\/\/blogs.santosochoa.es\/logrono\/isabel-lizarraga-y-santi-vivanco\/"},"author":{"name":"Santos Ochoa Logro\u00f1o","@id":"https:\/\/blogs.santosochoa.es\/logrono\/#\/schema\/person\/103664eb8c60fbeea1880c704687c2e3"},"headline":"Isabel Lizarraga y Santi Vivanco","datePublished":"2020-11-12T12:15:40+00:00","dateModified":"2020-11-12T12:15:41+00:00","mainEntityOfPage":{"@id":"https:\/\/blogs.santosochoa.es\/logrono\/isabel-lizarraga-y-santi-vivanco\/"},"wordCount":314,"image":{"@id":"https:\/\/blogs.santosochoa.es\/logrono\/isabel-lizarraga-y-santi-vivanco\/#primaryimage"},"thumbnailUrl":"https:\/\/blogs.santosochoa.es\/logrono\/wp-content\/uploads\/sites\/2\/2020\/10\/Que-venga-la-Julia-Isabel-Lizarraga.jpg","articleSection":["contigo en casa","libros","libros do rioja"],"inLanguage":"es"},{"@type":"WebPage","@id":"https:\/\/blogs.santosochoa.es\/logrono\/isabel-lizarraga-y-santi-vivanco\/","url":"https:\/\/blogs.santosochoa.es\/logrono\/isabel-lizarraga-y-santi-vivanco\/","name":"Isabel Lizarraga y Santi Vivanco - Santos Ochoa Logro\u00f1o","isPartOf":{"@id":"https:\/\/blogs.santosochoa.es\/logrono\/#website"},"primaryImageOfPage":{"@id":"https:\/\/blogs.santosochoa.es\/logrono\/isabel-lizarraga-y-santi-vivanco\/#primaryimage"},"image":{"@id":"https:\/\/blogs.santosochoa.es\/logrono\/isabel-lizarraga-y-santi-vivanco\/#primaryimage"},"thumbnailUrl":"https:\/\/blogs.santosochoa.es\/logrono\/wp-content\/uploads\/sites\/2\/2020\/10\/Que-venga-la-Julia-Isabel-Lizarraga.jpg","datePublished":"2020-11-12T12:15:40+00:00","dateModified":"2020-11-12T12:15:41+00:00","author":{"@id":"https:\/\/blogs.santosochoa.es\/logrono\/#\/schema\/person\/103664eb8c60fbeea1880c704687c2e3"},"description":"Agenda Cultural. Isabel Lizarraga presenta \"\u00a1Que venga la Julia!\" La intensa vida de una luchadora por la igualdad. Firma de libros de Santi Vivanco","breadcrumb":{"@id":"https:\/\/blogs.santosochoa.es\/logrono\/isabel-lizarraga-y-santi-vivanco\/#breadcrumb"},"inLanguage":"es","potentialAction":[{"@type":"ReadAction","target":["https:\/\/blogs.santosochoa.es\/logrono\/isabel-lizarraga-y-santi-vivanco\/"]}]},{"@type":"ImageObject","inLanguage":"es","@id":"https:\/\/blogs.santosochoa.es\/logrono\/isabel-lizarraga-y-santi-vivanco\/#primaryimage","url":"https:\/\/blogs.santosochoa.es\/logrono\/wp-content\/uploads\/sites\/2\/2020\/10\/Que-venga-la-Julia-Isabel-Lizarraga.jpg","contentUrl":"https:\/\/blogs.santosochoa.es\/logrono\/wp-content\/uploads\/sites\/2\/2020\/10\/Que-venga-la-Julia-Isabel-Lizarraga.jpg","width":591,"height":866},{"@type":"BreadcrumbList","@id":"https:\/\/blogs.santosochoa.es\/logrono\/isabel-lizarraga-y-santi-vivanco\/#breadcrumb","itemListElement":[{"@type":"ListItem","position":1,"name":"Home","item":"https:\/\/blogs.santosochoa.es\/logrono\/"},{"@type":"ListItem","position":2,"name":"Isabel Lizarraga y Santi Vivanco"}]},{"@type":"WebSite","@id":"https:\/\/blogs.santosochoa.es\/logrono\/#website","url":"https:\/\/blogs.santosochoa.es\/logrono\/","name":"Santos Ochoa Logro\u00f1o","description":"Tu Librer\u00eda Online","potentialAction":[{"@type":"SearchAction","target":{"@type":"EntryPoint","urlTemplate":"https:\/\/blogs.santosochoa.es\/logrono\/?s={search_term_string}"},"query-input":{"@type":"PropertyValueSpecification","valueRequired":true,"valueName":"search_term_string"}}],"inLanguage":"es"},{"@type":"Person","@id":"https:\/\/blogs.santosochoa.es\/logrono\/#\/schema\/person\/103664eb8c60fbeea1880c704687c2e3","name":"Santos Ochoa Logro\u00f1o","sameAs":["http:\/\/santosochoa.es","https:\/\/www.facebook.com\/santosochoalog","https:\/\/www.instagram.com\/santosochoalog\/","https:\/\/x.com\/santosochoalog","https:\/\/www.youtube.com\/c\/SantosOchoaLibros"]}]}},"_links":{"self":[{"href":"https:\/\/blogs.santosochoa.es\/logrono\/wp-json\/wp\/v2\/posts\/2215","targetHints":{"allow":["GET"]}}],"collection":[{"href":"https:\/\/blogs.santosochoa.es\/logrono\/wp-json\/wp\/v2\/posts"}],"about":[{"href":"https:\/\/blogs.santosochoa.es\/logrono\/wp-json\/wp\/v2\/types\/post"}],"author":[{"embeddable":true,"href":"https:\/\/blogs.santosochoa.es\/logrono\/wp-json\/wp\/v2\/users\/4"}],"replies":[{"embeddable":true,"href":"https:\/\/blogs.santosochoa.es\/logrono\/wp-json\/wp\/v2\/comments?post=2215"}],"version-history":[{"count":2,"href":"https:\/\/blogs.santosochoa.es\/logrono\/wp-json\/wp\/v2\/posts\/2215\/revisions"}],"predecessor-version":[{"id":2217,"href":"https:\/\/blogs.santosochoa.es\/logrono\/wp-json\/wp\/v2\/posts\/2215\/revisions\/2217"}],"wp:featuredmedia":[{"embeddable":true,"href":"https:\/\/blogs.santosochoa.es\/logrono\/wp-json\/wp\/v2\/media\/2181"}],"wp:attachment":[{"href":"https:\/\/blogs.santosochoa.es\/logrono\/wp-json\/wp\/v2\/media?parent=2215"}],"wp:term":[{"taxonomy":"category","embeddable":true,"href":"https:\/\/blogs.santosochoa.es\/logrono\/wp-json\/wp\/v2\/categories?post=2215"},{"taxonomy":"post_tag","embeddable":true,"href":"https:\/\/blogs.santosochoa.es\/logrono\/wp-json\/wp\/v2\/tags?post=2215"}],"curies":[{"name":"wp","href":"https:\/\/api.w.org\/{rel}","templated":true}]}}