{"id":198,"date":"2016-01-28T09:21:00","date_gmt":"2016-01-28T09:21:00","guid":{"rendered":"https:\/\/blogs.santosochoa.es\/logrono\/santi-vivanco-y-eduardo-ochoa-miguel-bermejo-e-ignacio-faulin\/"},"modified":"2016-01-28T09:21:00","modified_gmt":"2016-01-28T09:21:00","slug":"santi-vivanco-y-eduardo-ochoa-miguel-bermejo-e-ignacio-faulin","status":"publish","type":"post","link":"https:\/\/blogs.santosochoa.es\/logrono\/santi-vivanco-y-eduardo-ochoa-miguel-bermejo-e-ignacio-faulin\/","title":{"rendered":"Santi Vivanco y Eduardo Ochoa, Miguel Bermejo e Ignacio Faul\u00edn"},"content":{"rendered":"<p><span style=\"font-size: large\"><span style=\"color: #990000\"><span>Santi Vivanco y Eduardo Ochoa presentan su segundo poemario conjunto <b><i>Bajo la sombra de la luna en la calle de los peligros sin n\u00famero<\/i><\/b><\/span><\/span><br \/>Martes 2 de febrero, a las 19:30 h.<\/span><br \/>Espacio Santos Ochoa. Doctores Castroviejo, 19. <span style=\"color: #0b5394\"><b>&nbsp;<\/b><\/span><\/p>\n<div style=\"clear: both;text-align: center\"><a href=\"http:\/\/3.bp.blogspot.com\/-EjPbCD0ObwE\/VqnaMwb5p1I\/AAAAAAAAB54\/YdERrOg-oxg\/s1600\/bajo-la-sombra_santi-vivanco-y-eduardo-ochoa.png\" style=\"clear: left;float: left;margin-bottom: 1em;margin-right: 1em\"><img loading=\"lazy\" decoding=\"async\" border=\"0\" height=\"200\" src=\"http:\/\/3.bp.blogspot.com\/-EjPbCD0ObwE\/VqnaMwb5p1I\/AAAAAAAAB54\/YdERrOg-oxg\/s200\/bajo-la-sombra_santi-vivanco-y-eduardo-ochoa.png\" width=\"140\" \/><\/a><\/div>\n<p><span style=\"color: #0b5394\"><b>Dos poetas unidos en un solo libro, 46 poemas, la mitad de cada uno, intercalados sin revelar su autor\u00eda hasta el \u00edndice final. Poemas que nacen de un verso o una idea lanzada al aire. Estilos distintos unidos por una amistad y el deseo de compartir sus pensamientos, su arte y sus sentimientos.<\/b><\/span><\/p>\n<p><b>Santiago Vivanco<\/b>. Nac\u00ed a finales de febrero de 1973, en Logro\u00f1o, donde resido, aunque me siento de Alberite, mi pueblo y donde me crie. Soy un hombre que busca la felicidad, la paz, el Amor en la vida, en el d\u00eda a d\u00eda de mi historia. Soy un piscis aut\u00e9ntico al que le&nbsp; cuesta aferrarse a la tierra pues tiendo a elevarme y mirar siempre al Universo. Hombre espiritual, amante del vino y su cultura, donde trabajo con mi familia. Me gusta el arte y la historia, viajar y estar tranquilo en casita. Adoro a mis hijos, Marco y Marina. Ellos dan sentido a mi vida.<br \/>Libros publicados: <i>Dana<\/i>, <i>Cantos de Amor y vida<\/i> (en colaboraci\u00f3n con Eduardo Ochoa), <i>A Vos<\/i>, <i>Racimo<\/i> (junto a Esther y C\u00e9sar Novalgos y Eduardo Ochoa), <i>Luna de Arroz<\/i>, <i>AMOR<\/i> y <i>Antimateria<\/i>.<\/p>\n<p><b>Eduardo Ochoa<\/b>. Nac\u00ed en Logro\u00f1o un 10 de febrero de 1973. Me siento alberitense. Mis primeros recuerdos siempre tornan entre p\u00e1ginas de Miguel Hern\u00e1ndez y Machado junto a un interminable campo de frutales para sentir, como fondo, la libertad de aquel Alberite m\u00e1gico y fecundo. La formaci\u00f3n me llev\u00f3 por tierras de Navarra y Salamanca, entre espada\u00f1as y claustros, de la mano de los Sacerdotes del Coraz\u00f3n de Jes\u00fas. Su carisma humano, social y cr\u00edtico me ense\u00f1\u00f3 de hombres comprometidos que desde lo peor sacaban a luz lo mejor de s\u00ed mismos. Fueron tiempos de m\u00edsticos, Santa Teresa de Jes\u00fas y San Juan de la Cruz, le\u00eddos al murmullo del Tormes y de largas tardes de facultad matando de risa a los \u00faltimos dioses de Nietzsche.<br \/>Por \u00faltimo, lleg\u00f3 el vino. Mi padre me ense\u00f1\u00f3 a hacerlo con cari\u00f1o y con mis amigos aprend\u00ed a beberlo, todo o casi todo en la misma bodega, ubicada en la sinuosa Calle de los Peligros. All\u00ed mismo sell\u00e9 un pacto de letras, de hermandad con Santi Vivanco, y qued\u00f3 como testigo, <i>Dana<\/i>, <i>Cantos de Amor y Vida<\/i>, nuestra primera obra publicada en el a\u00f1o 2000. El puente de aquella alianza de tinta se apoy\u00f3 en otras publicaciones y colaboraciones hasta <i>Bajo la sombra de la luna\u2026<\/i> una historia, donde la amistad es la aut\u00e9ntica.<\/p>\n<p><span style=\"font-size: large\"><span style=\"color: #990000\"><span>El alfare\u00f1o Miguel Bermejo presenta los relatos <b><i>V\u00edctimas del odio<\/i><\/b><\/span><\/span><b><i><br \/><\/i><\/b>Mi\u00e9rcoles 3 de febrero, a las 19:30 h.<\/span><br \/>Espacio Santos Ochoa. Doctores Castroviejo, 19.<span style=\"color: #0b5394\"><b><i>&nbsp;<\/i><\/b><\/span><\/p>\n<div style=\"clear: both;text-align: center\"><a href=\"http:\/\/2.bp.blogspot.com\/-IB2K4nX0C5E\/VqndDFAptFI\/AAAAAAAAB6E\/z3q3uvbyZd4\/s1600\/victimas-del-odio_miguel-bermejo.png\" style=\"clear: right;float: right;margin-bottom: 1em;margin-left: 1em\"><img loading=\"lazy\" decoding=\"async\" border=\"0\" height=\"200\" src=\"http:\/\/2.bp.blogspot.com\/-IB2K4nX0C5E\/VqndDFAptFI\/AAAAAAAAB6E\/z3q3uvbyZd4\/s200\/victimas-del-odio_miguel-bermejo.png\" width=\"131\" \/><\/a><\/div>\n<p><span style=\"color: #0b5394\"><b><i>El colgante<\/i>, <i>Cicatrices<\/i> y <i>Mirando a Silvia<\/i> son tres historias cuyo nexo com\u00fan es la violencia y el odio, pero tambi\u00e9n el amor, un sentimiento tan fuerte como el odio y el \u00fanico capaz de hacerle frente y derrotarle.<\/b><\/span><br \/>Es en la guerra donde m\u00e1s odio y violencia se genera. M\u00e1s a\u00fan si se trata de una guerra civil. Rosa descubrir\u00e1, gracias a un colgante hallado en una fosa com\u00fan, la verdad sobre la muerte de su abuelo Juli\u00e1n, acaecida en mil novecientos treinta y seis.&nbsp; <br \/>Las mafias que controlan la mendicidad, junto con los nuevos indigentes, cada vez m\u00e1s numerosos, han desplazado por la fuerza a Bernardo, un viejo y desarrapado vagabundo, hasta zonas mucho menos fecundas para limosnear.<br \/>Cristina sigue por televisi\u00f3n la retransmisi\u00f3n de un partido de f\u00fatbol. El club del que es ferviente seguidora se juega esa noche colocarse al frente de la competici\u00f3n liguera. Pero algo terrible se esconde tras el delirio febril con que anima a su equipo.<br \/>Alberto tiene un car\u00e1cter muy fuerte. Lleva dos a\u00f1os anclado en el paro. La crisis que asola el pa\u00eds ha desestabilizado su vida. Incapaz de contener su agresividad, busca cualquier pretexto para descargar en los dem\u00e1s toda su frustraci\u00f3n, rabia e impotencia.<br \/>Alex, Javier y Silvia protagonizan una curiosa historia de amor. Alex es v\u00edctima de su propio odio, que somete su voluntad y le impide progresar como ser humano. Por otra parte, Aimar es un gay extrovertido, orgulloso de su condici\u00f3n sexual.<br \/>V\u00edctimas del odio nos habla, entre otras cosas, de la crueldad de la guerra, de la violencia en el f\u00fatbol, de la discriminaci\u00f3n y la intolerancia ante la diversidad sexual, y, sobre todo, de la lacra social que supone la violencia de g\u00e9nero.&nbsp; <br \/>&nbsp;&nbsp;&nbsp; <br \/><b>Miguel Bermejo Fern\u00e1ndez<\/b> es un escritor riojano nacido en Alfaro en 1968. \u00c1vido lector y aficionado a la escritura, gana uno de los dos acc\u00e9sit del concurso literario ciudad de Alfaro 2010 con un cuento titulado <i>La llamada<\/i>. Un a\u00f1o despu\u00e9s publica su primer libro; <i>Latidos del pasado<\/i>, formado por dos relatos largos, <i>El exiliado<\/i> y <i>La mancha<\/i> (editorial Bubok), cuyo tel\u00f3n de fondo en ambas historias es la guerra civil espa\u00f1ola. Bohod\u00f3n Ediciones publica <i>R\u00edo<\/i> en el a\u00f1o 2013, su primera novela, que obtiene una buena acogida por parte de los lectores. <i>V\u00edctimas del odio<\/i> es el segundo libro que publica con esta misma editorial.<\/p>\n<p><span style=\"font-size: large\"><span style=\"color: #990000\"><span>Ignacio Faul\u00edn presenta <i><b>\u00a1\u00a1Bienvenido Mr. USA!!<\/b><\/i> La m\u00fasica norteamericana en Espa\u00f1a antes del rock and roll<\/span><\/span><br \/>Viernes 5 de febrero, a las 19:30 h.<\/span><br \/>Espacio Santos Ochoa. Doctores Castroviejo, 19. <span style=\"color: #0b5394\"><b>&nbsp;<\/b><\/span><\/p>\n<div style=\"clear: both;text-align: center\"><a href=\"http:\/\/2.bp.blogspot.com\/-MsmwVeXkn6Q\/VqndJswNVwI\/AAAAAAAAB6M\/iwyr6tdPLhs\/s1600\/bienvenido-mr-usa_ignacio-faulin.png\" style=\"clear: left;float: left;margin-bottom: 1em;margin-right: 1em\"><img loading=\"lazy\" decoding=\"async\" border=\"0\" height=\"200\" src=\"http:\/\/2.bp.blogspot.com\/-MsmwVeXkn6Q\/VqndJswNVwI\/AAAAAAAAB6M\/iwyr6tdPLhs\/s200\/bienvenido-mr-usa_ignacio-faulin.png\" width=\"144\" \/><\/a><\/div>\n<p><span style=\"color: #0b5394\"><b>Cuando a finales de 1955 la Columbia espa\u00f1ola publica \u201cRock around the clock\u201d \u2013en la versi\u00f3n universalmente conocida de Bill Haley and his Comets\u2013 nuestro pa\u00eds lleva ya noventa a\u00f1os recibiendo, conociendo y disfrutando ritmos norteamericanos. Pues s\u00ed, antes del rock y del pop, lo estadounidense hab\u00eda llegado con puntualidad y formaba parte de nuestra escena.<\/b><\/span><\/p>\n<p>De los minstrels shows, pasando por la era del jazz en los veinte, el swing de los treinta y cuarenta, o gracias a ritmos arrebatadores \u2013del charleston al boogie woogie\u2013 la presencia musical USA es continua, muy evidente. Pero este libro es mucho m\u00e1s: una historia transversal, complet\u00edsima y definitiva que narra el conjunto de la m\u00fasica popular cohabitadora con aquellos sonidos. Un relato donde no faltan medios de comunicaci\u00f3n, locales nocturnos, drogas legales e ilegales, subculturas juveniles, la evoluci\u00f3n de la industria discogr\u00e1fica y un negocio siempre inmerso en la industria del entretenimiento con sus gustos cambiantes y reglas eternas regidas por la oferta y la demanda.<\/p>\n<p><b>Ignacio Faul\u00edn Hidalgo<\/b> (Logro\u00f1o, 1961) es Licenciado en Ciencias de la Informaci\u00f3n y Doctor en el programa Ocio y Desarrollo Humano de la Universidad de Deusto. Su relaci\u00f3n profesional con el espect\u00e1culo abarca tres d\u00e9cadas programando o produciendo a m\u00e1s de ochocientos nombres nacionales e internacionales. Creador y director del Festival Iberpop entre 1984 y 1990, ser\u00e1 responsable de la programaci\u00f3n musical y actividades complementarias \u2013entre 1996 y 2000\u2013 del certamen Actual, nueva denominaci\u00f3n del anterior. Los a\u00f1os le han contemplado como autor de varios libros, comisario de diferentes exposiciones itinerantes, profesor universitario y colaborador en un buen n\u00famero de medios de comunicaci\u00f3n generalistas y espe-cializados (Rockdelux, Ruta 66, La Ca\u00f1a-Revista de Flamenco\u2026). Mel\u00f3mano a tiempo completo, estu\u00acdioso y consumidor de m\u00fasica y cultura popular.<\/p>\n","protected":false},"excerpt":{"rendered":"<p>Santi Vivanco y Eduardo Ochoa presentan su segundo poemario conjunto Bajo la sombra de la luna en la calle de los peligros sin n\u00fameroMartes 2 de febrero, a las 19:30 h.Espacio Santos Ochoa. Doctores Castroviejo, 19. &nbsp; Dos poetas unidos en un solo libro, 46 poemas, la mitad de cada uno, intercalados sin revelar su [&hellip;]<\/p>\n","protected":false},"author":4,"featured_media":0,"comment_status":"open","ping_status":"open","sticky":false,"template":"","format":"standard","meta":{"footnotes":""},"categories":[12,13,17,11],"tags":[],"class_list":["post-198","post","type-post","status-publish","format-standard","hentry","category-libros","category-libros-do-rioja","category-musica","category-poesia"],"yoast_head":"<!-- This site is optimized with the Yoast SEO plugin v27.2 - https:\/\/yoast.com\/product\/yoast-seo-wordpress\/ -->\n<title>Santi Vivanco y Eduardo Ochoa, Miguel Bermejo e Ignacio Faul\u00edn - Santos Ochoa Logro\u00f1o<\/title>\n<meta name=\"robots\" content=\"index, follow, max-snippet:-1, max-image-preview:large, max-video-preview:-1\" \/>\n<link rel=\"canonical\" href=\"https:\/\/blogs.santosochoa.es\/logrono\/santi-vivanco-y-eduardo-ochoa-miguel-bermejo-e-ignacio-faulin\/\" \/>\n<meta property=\"og:locale\" content=\"es_ES\" \/>\n<meta property=\"og:type\" content=\"article\" \/>\n<meta property=\"og:title\" content=\"Santi Vivanco y Eduardo Ochoa, Miguel Bermejo e Ignacio Faul\u00edn - Santos Ochoa Logro\u00f1o\" \/>\n<meta property=\"og:description\" content=\"Santi Vivanco y Eduardo Ochoa presentan su segundo poemario conjunto Bajo la sombra de la luna en la calle de los peligros sin n\u00fameroMartes 2 de febrero, a las 19:30 h.Espacio Santos Ochoa. Doctores Castroviejo, 19. &nbsp; Dos poetas unidos en un solo libro, 46 poemas, la mitad de cada uno, intercalados sin revelar su [&hellip;]\" \/>\n<meta property=\"og:url\" content=\"https:\/\/blogs.santosochoa.es\/logrono\/santi-vivanco-y-eduardo-ochoa-miguel-bermejo-e-ignacio-faulin\/\" \/>\n<meta property=\"og:site_name\" content=\"Santos Ochoa Logro\u00f1o\" \/>\n<meta property=\"article:author\" content=\"https:\/\/www.facebook.com\/santosochoalog\" \/>\n<meta property=\"article:published_time\" content=\"2016-01-28T09:21:00+00:00\" \/>\n<meta property=\"og:image\" content=\"http:\/\/3.bp.blogspot.com\/-EjPbCD0ObwE\/VqnaMwb5p1I\/AAAAAAAAB54\/YdERrOg-oxg\/s200\/bajo-la-sombra_santi-vivanco-y-eduardo-ochoa.png\" \/>\n<meta name=\"author\" content=\"Santos Ochoa Logro\u00f1o\" \/>\n<meta name=\"twitter:card\" content=\"summary_large_image\" \/>\n<meta name=\"twitter:creator\" content=\"@santosochoalog\" \/>\n<meta name=\"twitter:label1\" content=\"Written by\" \/>\n\t<meta name=\"twitter:data1\" content=\"Santos Ochoa Logro\u00f1o\" \/>\n\t<meta name=\"twitter:label2\" content=\"Est. reading time\" \/>\n\t<meta name=\"twitter:data2\" content=\"6 minutos\" \/>\n<script type=\"application\/ld+json\" class=\"yoast-schema-graph\">{\"@context\":\"https:\/\/schema.org\",\"@graph\":[{\"@type\":\"Article\",\"@id\":\"https:\/\/blogs.santosochoa.es\/logrono\/santi-vivanco-y-eduardo-ochoa-miguel-bermejo-e-ignacio-faulin\/#article\",\"isPartOf\":{\"@id\":\"https:\/\/blogs.santosochoa.es\/logrono\/santi-vivanco-y-eduardo-ochoa-miguel-bermejo-e-ignacio-faulin\/\"},\"author\":{\"name\":\"Santos Ochoa Logro\u00f1o\",\"@id\":\"https:\/\/blogs.santosochoa.es\/logrono\/#\/schema\/person\/103664eb8c60fbeea1880c704687c2e3\"},\"headline\":\"Santi Vivanco y Eduardo Ochoa, Miguel Bermejo e Ignacio Faul\u00edn\",\"datePublished\":\"2016-01-28T09:21:00+00:00\",\"mainEntityOfPage\":{\"@id\":\"https:\/\/blogs.santosochoa.es\/logrono\/santi-vivanco-y-eduardo-ochoa-miguel-bermejo-e-ignacio-faulin\/\"},\"wordCount\":1273,\"commentCount\":0,\"image\":{\"@id\":\"https:\/\/blogs.santosochoa.es\/logrono\/santi-vivanco-y-eduardo-ochoa-miguel-bermejo-e-ignacio-faulin\/#primaryimage\"},\"thumbnailUrl\":\"http:\/\/3.bp.blogspot.com\/-EjPbCD0ObwE\/VqnaMwb5p1I\/AAAAAAAAB54\/YdERrOg-oxg\/s200\/bajo-la-sombra_santi-vivanco-y-eduardo-ochoa.png\",\"articleSection\":[\"libros\",\"libros do rioja\",\"m\u00fasica\",\"poes\u00eda\"],\"inLanguage\":\"es\",\"potentialAction\":[{\"@type\":\"CommentAction\",\"name\":\"Comment\",\"target\":[\"https:\/\/blogs.santosochoa.es\/logrono\/santi-vivanco-y-eduardo-ochoa-miguel-bermejo-e-ignacio-faulin\/#respond\"]}]},{\"@type\":\"WebPage\",\"@id\":\"https:\/\/blogs.santosochoa.es\/logrono\/santi-vivanco-y-eduardo-ochoa-miguel-bermejo-e-ignacio-faulin\/\",\"url\":\"https:\/\/blogs.santosochoa.es\/logrono\/santi-vivanco-y-eduardo-ochoa-miguel-bermejo-e-ignacio-faulin\/\",\"name\":\"Santi Vivanco y Eduardo Ochoa, Miguel Bermejo e Ignacio Faul\u00edn - Santos Ochoa Logro\u00f1o\",\"isPartOf\":{\"@id\":\"https:\/\/blogs.santosochoa.es\/logrono\/#website\"},\"primaryImageOfPage\":{\"@id\":\"https:\/\/blogs.santosochoa.es\/logrono\/santi-vivanco-y-eduardo-ochoa-miguel-bermejo-e-ignacio-faulin\/#primaryimage\"},\"image\":{\"@id\":\"https:\/\/blogs.santosochoa.es\/logrono\/santi-vivanco-y-eduardo-ochoa-miguel-bermejo-e-ignacio-faulin\/#primaryimage\"},\"thumbnailUrl\":\"http:\/\/3.bp.blogspot.com\/-EjPbCD0ObwE\/VqnaMwb5p1I\/AAAAAAAAB54\/YdERrOg-oxg\/s200\/bajo-la-sombra_santi-vivanco-y-eduardo-ochoa.png\",\"datePublished\":\"2016-01-28T09:21:00+00:00\",\"author\":{\"@id\":\"https:\/\/blogs.santosochoa.es\/logrono\/#\/schema\/person\/103664eb8c60fbeea1880c704687c2e3\"},\"breadcrumb\":{\"@id\":\"https:\/\/blogs.santosochoa.es\/logrono\/santi-vivanco-y-eduardo-ochoa-miguel-bermejo-e-ignacio-faulin\/#breadcrumb\"},\"inLanguage\":\"es\",\"potentialAction\":[{\"@type\":\"ReadAction\",\"target\":[\"https:\/\/blogs.santosochoa.es\/logrono\/santi-vivanco-y-eduardo-ochoa-miguel-bermejo-e-ignacio-faulin\/\"]}]},{\"@type\":\"ImageObject\",\"inLanguage\":\"es\",\"@id\":\"https:\/\/blogs.santosochoa.es\/logrono\/santi-vivanco-y-eduardo-ochoa-miguel-bermejo-e-ignacio-faulin\/#primaryimage\",\"url\":\"http:\/\/3.bp.blogspot.com\/-EjPbCD0ObwE\/VqnaMwb5p1I\/AAAAAAAAB54\/YdERrOg-oxg\/s200\/bajo-la-sombra_santi-vivanco-y-eduardo-ochoa.png\",\"contentUrl\":\"http:\/\/3.bp.blogspot.com\/-EjPbCD0ObwE\/VqnaMwb5p1I\/AAAAAAAAB54\/YdERrOg-oxg\/s200\/bajo-la-sombra_santi-vivanco-y-eduardo-ochoa.png\"},{\"@type\":\"BreadcrumbList\",\"@id\":\"https:\/\/blogs.santosochoa.es\/logrono\/santi-vivanco-y-eduardo-ochoa-miguel-bermejo-e-ignacio-faulin\/#breadcrumb\",\"itemListElement\":[{\"@type\":\"ListItem\",\"position\":1,\"name\":\"Home\",\"item\":\"https:\/\/blogs.santosochoa.es\/logrono\/\"},{\"@type\":\"ListItem\",\"position\":2,\"name\":\"Santi Vivanco y Eduardo Ochoa, Miguel Bermejo e Ignacio Faul\u00edn\"}]},{\"@type\":\"WebSite\",\"@id\":\"https:\/\/blogs.santosochoa.es\/logrono\/#website\",\"url\":\"https:\/\/blogs.santosochoa.es\/logrono\/\",\"name\":\"Santos Ochoa Logro\u00f1o\",\"description\":\"Tu Librer\u00eda Online\",\"potentialAction\":[{\"@type\":\"SearchAction\",\"target\":{\"@type\":\"EntryPoint\",\"urlTemplate\":\"https:\/\/blogs.santosochoa.es\/logrono\/?s={search_term_string}\"},\"query-input\":{\"@type\":\"PropertyValueSpecification\",\"valueRequired\":true,\"valueName\":\"search_term_string\"}}],\"inLanguage\":\"es\"},{\"@type\":\"Person\",\"@id\":\"https:\/\/blogs.santosochoa.es\/logrono\/#\/schema\/person\/103664eb8c60fbeea1880c704687c2e3\",\"name\":\"Santos Ochoa Logro\u00f1o\",\"sameAs\":[\"http:\/\/santosochoa.es\",\"https:\/\/www.facebook.com\/santosochoalog\",\"https:\/\/www.instagram.com\/santosochoalog\/\",\"https:\/\/x.com\/santosochoalog\",\"https:\/\/www.youtube.com\/c\/SantosOchoaLibros\"]}]}<\/script>\n<!-- \/ Yoast SEO plugin. -->","yoast_head_json":{"title":"Santi Vivanco y Eduardo Ochoa, Miguel Bermejo e Ignacio Faul\u00edn - Santos Ochoa Logro\u00f1o","robots":{"index":"index","follow":"follow","max-snippet":"max-snippet:-1","max-image-preview":"max-image-preview:large","max-video-preview":"max-video-preview:-1"},"canonical":"https:\/\/blogs.santosochoa.es\/logrono\/santi-vivanco-y-eduardo-ochoa-miguel-bermejo-e-ignacio-faulin\/","og_locale":"es_ES","og_type":"article","og_title":"Santi Vivanco y Eduardo Ochoa, Miguel Bermejo e Ignacio Faul\u00edn - Santos Ochoa Logro\u00f1o","og_description":"Santi Vivanco y Eduardo Ochoa presentan su segundo poemario conjunto Bajo la sombra de la luna en la calle de los peligros sin n\u00fameroMartes 2 de febrero, a las 19:30 h.Espacio Santos Ochoa. Doctores Castroviejo, 19. &nbsp; Dos poetas unidos en un solo libro, 46 poemas, la mitad de cada uno, intercalados sin revelar su [&hellip;]","og_url":"https:\/\/blogs.santosochoa.es\/logrono\/santi-vivanco-y-eduardo-ochoa-miguel-bermejo-e-ignacio-faulin\/","og_site_name":"Santos Ochoa Logro\u00f1o","article_author":"https:\/\/www.facebook.com\/santosochoalog","article_published_time":"2016-01-28T09:21:00+00:00","og_image":[{"url":"http:\/\/3.bp.blogspot.com\/-EjPbCD0ObwE\/VqnaMwb5p1I\/AAAAAAAAB54\/YdERrOg-oxg\/s200\/bajo-la-sombra_santi-vivanco-y-eduardo-ochoa.png","type":"","width":"","height":""}],"author":"Santos Ochoa Logro\u00f1o","twitter_card":"summary_large_image","twitter_creator":"@santosochoalog","twitter_misc":{"Written by":"Santos Ochoa Logro\u00f1o","Est. reading time":"6 minutos"},"schema":{"@context":"https:\/\/schema.org","@graph":[{"@type":"Article","@id":"https:\/\/blogs.santosochoa.es\/logrono\/santi-vivanco-y-eduardo-ochoa-miguel-bermejo-e-ignacio-faulin\/#article","isPartOf":{"@id":"https:\/\/blogs.santosochoa.es\/logrono\/santi-vivanco-y-eduardo-ochoa-miguel-bermejo-e-ignacio-faulin\/"},"author":{"name":"Santos Ochoa Logro\u00f1o","@id":"https:\/\/blogs.santosochoa.es\/logrono\/#\/schema\/person\/103664eb8c60fbeea1880c704687c2e3"},"headline":"Santi Vivanco y Eduardo Ochoa, Miguel Bermejo e Ignacio Faul\u00edn","datePublished":"2016-01-28T09:21:00+00:00","mainEntityOfPage":{"@id":"https:\/\/blogs.santosochoa.es\/logrono\/santi-vivanco-y-eduardo-ochoa-miguel-bermejo-e-ignacio-faulin\/"},"wordCount":1273,"commentCount":0,"image":{"@id":"https:\/\/blogs.santosochoa.es\/logrono\/santi-vivanco-y-eduardo-ochoa-miguel-bermejo-e-ignacio-faulin\/#primaryimage"},"thumbnailUrl":"http:\/\/3.bp.blogspot.com\/-EjPbCD0ObwE\/VqnaMwb5p1I\/AAAAAAAAB54\/YdERrOg-oxg\/s200\/bajo-la-sombra_santi-vivanco-y-eduardo-ochoa.png","articleSection":["libros","libros do rioja","m\u00fasica","poes\u00eda"],"inLanguage":"es","potentialAction":[{"@type":"CommentAction","name":"Comment","target":["https:\/\/blogs.santosochoa.es\/logrono\/santi-vivanco-y-eduardo-ochoa-miguel-bermejo-e-ignacio-faulin\/#respond"]}]},{"@type":"WebPage","@id":"https:\/\/blogs.santosochoa.es\/logrono\/santi-vivanco-y-eduardo-ochoa-miguel-bermejo-e-ignacio-faulin\/","url":"https:\/\/blogs.santosochoa.es\/logrono\/santi-vivanco-y-eduardo-ochoa-miguel-bermejo-e-ignacio-faulin\/","name":"Santi Vivanco y Eduardo Ochoa, Miguel Bermejo e Ignacio Faul\u00edn - Santos Ochoa Logro\u00f1o","isPartOf":{"@id":"https:\/\/blogs.santosochoa.es\/logrono\/#website"},"primaryImageOfPage":{"@id":"https:\/\/blogs.santosochoa.es\/logrono\/santi-vivanco-y-eduardo-ochoa-miguel-bermejo-e-ignacio-faulin\/#primaryimage"},"image":{"@id":"https:\/\/blogs.santosochoa.es\/logrono\/santi-vivanco-y-eduardo-ochoa-miguel-bermejo-e-ignacio-faulin\/#primaryimage"},"thumbnailUrl":"http:\/\/3.bp.blogspot.com\/-EjPbCD0ObwE\/VqnaMwb5p1I\/AAAAAAAAB54\/YdERrOg-oxg\/s200\/bajo-la-sombra_santi-vivanco-y-eduardo-ochoa.png","datePublished":"2016-01-28T09:21:00+00:00","author":{"@id":"https:\/\/blogs.santosochoa.es\/logrono\/#\/schema\/person\/103664eb8c60fbeea1880c704687c2e3"},"breadcrumb":{"@id":"https:\/\/blogs.santosochoa.es\/logrono\/santi-vivanco-y-eduardo-ochoa-miguel-bermejo-e-ignacio-faulin\/#breadcrumb"},"inLanguage":"es","potentialAction":[{"@type":"ReadAction","target":["https:\/\/blogs.santosochoa.es\/logrono\/santi-vivanco-y-eduardo-ochoa-miguel-bermejo-e-ignacio-faulin\/"]}]},{"@type":"ImageObject","inLanguage":"es","@id":"https:\/\/blogs.santosochoa.es\/logrono\/santi-vivanco-y-eduardo-ochoa-miguel-bermejo-e-ignacio-faulin\/#primaryimage","url":"http:\/\/3.bp.blogspot.com\/-EjPbCD0ObwE\/VqnaMwb5p1I\/AAAAAAAAB54\/YdERrOg-oxg\/s200\/bajo-la-sombra_santi-vivanco-y-eduardo-ochoa.png","contentUrl":"http:\/\/3.bp.blogspot.com\/-EjPbCD0ObwE\/VqnaMwb5p1I\/AAAAAAAAB54\/YdERrOg-oxg\/s200\/bajo-la-sombra_santi-vivanco-y-eduardo-ochoa.png"},{"@type":"BreadcrumbList","@id":"https:\/\/blogs.santosochoa.es\/logrono\/santi-vivanco-y-eduardo-ochoa-miguel-bermejo-e-ignacio-faulin\/#breadcrumb","itemListElement":[{"@type":"ListItem","position":1,"name":"Home","item":"https:\/\/blogs.santosochoa.es\/logrono\/"},{"@type":"ListItem","position":2,"name":"Santi Vivanco y Eduardo Ochoa, Miguel Bermejo e Ignacio Faul\u00edn"}]},{"@type":"WebSite","@id":"https:\/\/blogs.santosochoa.es\/logrono\/#website","url":"https:\/\/blogs.santosochoa.es\/logrono\/","name":"Santos Ochoa Logro\u00f1o","description":"Tu Librer\u00eda Online","potentialAction":[{"@type":"SearchAction","target":{"@type":"EntryPoint","urlTemplate":"https:\/\/blogs.santosochoa.es\/logrono\/?s={search_term_string}"},"query-input":{"@type":"PropertyValueSpecification","valueRequired":true,"valueName":"search_term_string"}}],"inLanguage":"es"},{"@type":"Person","@id":"https:\/\/blogs.santosochoa.es\/logrono\/#\/schema\/person\/103664eb8c60fbeea1880c704687c2e3","name":"Santos Ochoa Logro\u00f1o","sameAs":["http:\/\/santosochoa.es","https:\/\/www.facebook.com\/santosochoalog","https:\/\/www.instagram.com\/santosochoalog\/","https:\/\/x.com\/santosochoalog","https:\/\/www.youtube.com\/c\/SantosOchoaLibros"]}]}},"_links":{"self":[{"href":"https:\/\/blogs.santosochoa.es\/logrono\/wp-json\/wp\/v2\/posts\/198","targetHints":{"allow":["GET"]}}],"collection":[{"href":"https:\/\/blogs.santosochoa.es\/logrono\/wp-json\/wp\/v2\/posts"}],"about":[{"href":"https:\/\/blogs.santosochoa.es\/logrono\/wp-json\/wp\/v2\/types\/post"}],"author":[{"embeddable":true,"href":"https:\/\/blogs.santosochoa.es\/logrono\/wp-json\/wp\/v2\/users\/4"}],"replies":[{"embeddable":true,"href":"https:\/\/blogs.santosochoa.es\/logrono\/wp-json\/wp\/v2\/comments?post=198"}],"version-history":[{"count":0,"href":"https:\/\/blogs.santosochoa.es\/logrono\/wp-json\/wp\/v2\/posts\/198\/revisions"}],"wp:attachment":[{"href":"https:\/\/blogs.santosochoa.es\/logrono\/wp-json\/wp\/v2\/media?parent=198"}],"wp:term":[{"taxonomy":"category","embeddable":true,"href":"https:\/\/blogs.santosochoa.es\/logrono\/wp-json\/wp\/v2\/categories?post=198"},{"taxonomy":"post_tag","embeddable":true,"href":"https:\/\/blogs.santosochoa.es\/logrono\/wp-json\/wp\/v2\/tags?post=198"}],"curies":[{"name":"wp","href":"https:\/\/api.w.org\/{rel}","templated":true}]}}