{"id":1379,"date":"2019-12-31T10:43:33","date_gmt":"2019-12-31T09:43:33","guid":{"rendered":"https:\/\/blogs.santosochoa.es\/logrono\/?p=1379"},"modified":"2019-12-31T15:28:05","modified_gmt":"2019-12-31T14:28:05","slug":"amanda-iturriaga-carlos-ejarque-y-storytime","status":"publish","type":"post","link":"https:\/\/blogs.santosochoa.es\/logrono\/amanda-iturriaga-carlos-ejarque-y-storytime\/","title":{"rendered":"Amanda Iturriaga, Carlos Ejarque y StoryTime"},"content":{"rendered":"\n<h2 class=\"wp-block-heading\"><strong><em>Versos a ritmo de jazz.<\/em> Charla y libro de Amanda Iturriaga, fil\u00f3loga y profesora de literatura<\/strong><\/h2>\n\n\n\n<h3 class=\"wp-block-heading\"><strong>Martes 7 de enero, a las 19:30 h.<\/strong><\/h3>\n\n\n\n<h4 class=\"wp-block-heading\">Espacio Santos Ochoa. Calvo Sotelo, 19<\/h4>\n\n\n\n<div class=\"wp-block-image\"><figure class=\"alignleft is-resized\"><img loading=\"lazy\" decoding=\"async\" src=\"https:\/\/blogs.santosochoa.es\/logrono\/wp-content\/uploads\/sites\/2\/2019\/12\/versos-a-ritmo-de-jazz_amanda-iturriaga.jpg\" alt=\"\" class=\"wp-image-1345\" width=\"216\" height=\"285\" srcset=\"https:\/\/blogs.santosochoa.es\/logrono\/wp-content\/uploads\/sites\/2\/2019\/12\/versos-a-ritmo-de-jazz_amanda-iturriaga.jpg 623w, https:\/\/blogs.santosochoa.es\/logrono\/wp-content\/uploads\/sites\/2\/2019\/12\/versos-a-ritmo-de-jazz_amanda-iturriaga-227x300.jpg 227w\" sizes=\"auto, (max-width: 216px) 100vw, 216px\" \/><\/figure><\/div>\n\n\n\n<p><strong>La influencia del jazz en la poes\u00eda de la\nGeneraci\u00f3n del 27.<\/strong><\/p>\n\n\n\n<h5 class=\"wp-block-heading\"><strong>El jazz ha sido\nuna fuente de continua inspiraci\u00f3n desde que empez\u00f3 a popularizarse durante las\nprimeras d\u00e9cadas del siglo XX, coincidiendo con las vanguardias art\u00edsticas.\nCasi cien a\u00f1os despu\u00e9s, el jazz se ha convertido en una expresi\u00f3n cultural cuya\ninfluencia se ha hecho notar en todas las \u00e1reas de la creaci\u00f3n, como la\npintura, la fotograf\u00eda, el cine, el c\u00f3mic, la novela y la poes\u00eda.<\/strong><\/h5>\n\n\n\n<p>En nuestro pa\u00eds, antes del inicio de la\nGuerra Civ\u00edl, el jazz ya hab\u00eda logrado cierta estabilidad y reconocimiento de\nla cr\u00edtica, y est\u00e1 claro que los poetas de la Generaci\u00f3n del 27 no se\nmantuvieron ajenos a este nuevo fen\u00f3meno cultural.<\/p>\n\n\n\n<p>No todos los autores de la Generaci\u00f3n del 27\ntrataron el jazz en su poes\u00eda, pero los que s\u00ed lo hicieron (Jos\u00e9 Moreno Villa,\nPedro Salinas, Jorge Guill\u00e9n, Vicente Aleixandre, Federico Garc\u00eda Lorca, Luis\nCernuda, Juan Larrea, Concha M\u00e9ndez, Enrique Jardiel Poncela, Jos\u00e9 Mar\u00eda\nHinojosa, Luc\u00eda S\u00e1nchez Saornil, Ernestina de Champourc\u00edn y Elisabeth Mulder),\nlograron darle un sentido propio, a cuyo an\u00e1lisis se consagra este ensayo.<\/p>\n\n\n\n<p><strong>Amanda Iturriaga<\/strong> nace en Logro\u00f1o en 1992. Tras finalizar el Grado en Lengua y Literatura Hisp\u00e1nica en la Universidad de La Rioja, cursa el M\u00e1ster en Estudios Literarios en la Universidad Complutense de Madrid. Durante sus estudios de grado realiza una estancia en la Nottingham Trent University donde estudia ling\u00fc\u00edstica, literatura y cine, y crece su inter\u00e9s por la m\u00fasica. En 2019, el Gobierno de La Rioja le concede una beca literaria para la formaci\u00f3n de artistas que le permite la elaboraci\u00f3n de un estudio que une sus dos pasiones: m\u00fasica y literatura. Ha realizado varios trabajos dentro del \u00e1mbito de la ling\u00fc\u00edstica computacional y actualmente reside en Madrid, donde compagina su trabajo como profesora de literatura con la escritura y estudio literario.<\/p>\n\n\n\n<p>Acompa\u00f1ar\u00e1 a la autora <strong>Maribel Mart\u00ednez L\u00f3pez<\/strong>, profesora de Literatura de la Universidad\nde La Rioja.<\/p>\n\n\n\n<div style=\"height:50px\" aria-hidden=\"true\" class=\"wp-block-spacer\"><\/div>\n\n\n\n<h2 class=\"wp-block-heading\"><strong>Carlos Ejarque presenta <em>El Conf\u00edn Allende. Operaci\u00f3n Peregrino<\/em><\/strong><\/h2>\n\n\n\n<h3 class=\"wp-block-heading\"><strong>Jueves 9 de enero, a las 19:30 h.<\/strong><\/h3>\n\n\n\n<h4 class=\"wp-block-heading\">Espacio Santos Ochoa. Calvo Sotelo, 19<\/h4>\n\n\n\n<div class=\"wp-block-image\"><figure class=\"alignright is-resized\"><img loading=\"lazy\" decoding=\"async\" src=\"https:\/\/blogs.santosochoa.es\/logrono\/wp-content\/uploads\/sites\/2\/2019\/12\/el-confin-allende_carlos-ejarque.jpg\" alt=\"\" class=\"wp-image-1347\" width=\"219\" height=\"315\" srcset=\"https:\/\/blogs.santosochoa.es\/logrono\/wp-content\/uploads\/sites\/2\/2019\/12\/el-confin-allende_carlos-ejarque.jpg 600w, https:\/\/blogs.santosochoa.es\/logrono\/wp-content\/uploads\/sites\/2\/2019\/12\/el-confin-allende_carlos-ejarque-208x300.jpg 208w\" sizes=\"auto, (max-width: 219px) 100vw, 219px\" \/><\/figure><\/div>\n\n\n\n<h5 class=\"wp-block-heading\"><strong>Este libro est\u00e1\ninspirado en hechos reales relacionados con el s\u00edndrome del idioma extranjero,\njunto con el estudio de una pr\u00e1ctica de exorcismo realizada en Espa\u00f1a en pleno\nsiglo XXI. El argumento es narrativo as\u00ed como la trama y sus personajes. Si\npiensas que lo et\u00e9reo y lo espiritual no existe, puede que en estas p\u00e1ginas\nencuentres otra historia.<\/strong><\/h5>\n\n\n\n<p>Un ni\u00f1o de siete a\u00f1os es arrollado por una\nmotocicleta, sumi\u00e9ndolo en un coma profundo. Cuando despierta y, para asombro\nde los presentes, no habla en castellano, su lengua materna, sino en un germano\nantiguo, narrando una historia medieval inveros\u00edmil sobre una Santa Cruzada de\nun soldado de Cristo, con \u00e1ngeles y demonios en otra dimensi\u00f3n.<\/p>\n\n\n\n<p>Este libro es la primera parte de la trilog\u00eda\n<em>El Conf\u00edn Allende.<\/em> Como un\nhalc\u00f3n entre las sombras, el detective privado Charlie Jarker ir\u00e1 engendrando\nun miedo insuperable hacia lo negado por la raz\u00f3n y la ciencia. Que el lector\nsaque sus propias conclusiones acerca del m\u00e1s all\u00e1\u2026<\/p>\n\n\n\n<p><strong>Carlos J. Ejarque Escudero<\/strong>, (Logro\u00f1o, 1970). Diplomatura Universitaria en Investigaci\u00f3n Privada por la Universidad Udima de Madrid, Detective Privado habilitado por la Jefatura Superior de Polic\u00eda, Ministerio del Interior. Profesor y Conferenciante en materia de Seguridad Privada y ciencias afines policiales.<\/p>\n\n\n\n<p>Autor de varias novelas, entre ellas cabe destacar <em>Las aventuras del Caballero de la Corchea<\/em>, editorial Albores 2017.<\/p>\n\n\n\n<div style=\"height:50px\" aria-hidden=\"true\" class=\"wp-block-spacer\"><\/div>\n\n\n\n<h2 class=\"wp-block-heading\"><strong><em>Storytime<\/em>, cuentacuentos en ingl\u00e9s con Kids&amp;Us<\/strong><\/h2>\n\n\n\n<h3 class=\"wp-block-heading\"><strong>S\u00e1bado\n11 de enero. Dos sesiones: 18:30 y 19:30 h.<\/strong><\/h3>\n\n\n\n<h4 class=\"wp-block-heading\">Espacio Santos Ochoa. Calvo Sotelo, 19<\/h4>\n\n\n\n<div class=\"wp-block-image\"><figure class=\"alignleft is-resized\"><img loading=\"lazy\" decoding=\"async\" src=\"https:\/\/blogs.santosochoa.es\/logrono\/wp-content\/uploads\/sites\/2\/2019\/09\/kidsandus-2019-20.jpg\" alt=\"\" class=\"wp-image-1184\" width=\"203\" height=\"305\" srcset=\"https:\/\/blogs.santosochoa.es\/logrono\/wp-content\/uploads\/sites\/2\/2019\/09\/kidsandus-2019-20.jpg 591w, https:\/\/blogs.santosochoa.es\/logrono\/wp-content\/uploads\/sites\/2\/2019\/09\/kidsandus-2019-20-199x300.jpg 199w\" sizes=\"auto, (max-width: 203px) 100vw, 203px\" \/><\/figure><\/div>\n\n\n\n<p><strong>Edad:<\/strong> de 3 a 10 a\u00f1os<\/p>\n\n\n\n<p><strong>Inscripci\u00f3n gratuita<\/strong> <a href=\"https:\/\/blogs.santosochoa.es\/logrono\/agenda\/\" target=\"_blank\" rel=\"noreferrer noopener\" aria-label=\"pinchando aqu\u00ed (abre en una nueva pesta\u00f1a)\">pinchando aqu\u00ed<\/a>.<\/p>\n\n\n\n<h5 class=\"wp-block-heading\"><strong>Kids&amp;Us nos ofrece una vez al mes un rato muy\nespecial de cuentacuentos para que las familias disfrutemos de un peque\u00f1o\nespect\u00e1culo con distintos personajes, canciones, juegos\u2026 Al mismo tiempo que\njuntos mejoramos nuestro ingl\u00e9s.<\/strong><\/h5>\n\n\n\n<p>En cada <em>storytime<\/em>\nse interpretan cuentos pensados y desarrollados por el equipo pedag\u00f3gico de\nKids&amp;Us para presentar a los ni\u00f1os historias divertidas y de f\u00e1cil\ncomprensi\u00f3n que permiten la interacci\u00f3n entre ellos y con los monitores.<\/p>\n\n\n\n<p>Al ser un espect\u00e1culo dirigido a los peque\u00f1os de la casa, se\napoya en canciones y materiales visuales. Adem\u00e1s, los actores que dan vida a\nlos personajes se sirven de su gran expresividad para captar la atenci\u00f3n de los\nni\u00f1os a la vez que consiguen su participaci\u00f3n y complicidad.<\/p>\n","protected":false},"excerpt":{"rendered":"<p>Agenda Cultural de Santos Ochoa Logro\u00f1o. Amanda Iturriaga, Carlos Ejarque y StoryTime con Kids&amp;Us<\/p>\n","protected":false},"author":4,"featured_media":1345,"comment_status":"closed","ping_status":"closed","sticky":false,"template":"","format":"standard","meta":{"footnotes":""},"categories":[10,18,12,13],"tags":[],"class_list":["post-1379","post","type-post","status-publish","format-standard","has-post-thumbnail","hentry","category-charlas","category-taller-infantil","category-libros","category-libros-do-rioja"],"yoast_head":"<!-- This site is optimized with the Yoast SEO plugin v27.2 - https:\/\/yoast.com\/product\/yoast-seo-wordpress\/ -->\n<title>Amanda Iturriaga, Carlos Ejarque y StoryTime - Santos Ochoa Logro\u00f1o<\/title>\n<meta name=\"description\" content=\"Agenda Cultural de Santos Ochoa Logro\u00f1o. Amanda Iturriaga, Carlos Ejarque y StoryTime con Kids&amp;Us\" \/>\n<meta name=\"robots\" content=\"index, follow, max-snippet:-1, max-image-preview:large, max-video-preview:-1\" \/>\n<link rel=\"canonical\" href=\"https:\/\/blogs.santosochoa.es\/logrono\/amanda-iturriaga-carlos-ejarque-y-storytime\/\" \/>\n<meta property=\"og:locale\" content=\"es_ES\" \/>\n<meta property=\"og:type\" content=\"article\" \/>\n<meta property=\"og:title\" content=\"Amanda Iturriaga, Carlos Ejarque y StoryTime - Santos Ochoa Logro\u00f1o\" \/>\n<meta property=\"og:description\" content=\"Agenda Cultural de Santos Ochoa Logro\u00f1o. Amanda Iturriaga, Carlos Ejarque y StoryTime con Kids&amp;Us\" \/>\n<meta property=\"og:url\" content=\"https:\/\/blogs.santosochoa.es\/logrono\/amanda-iturriaga-carlos-ejarque-y-storytime\/\" \/>\n<meta property=\"og:site_name\" content=\"Santos Ochoa Logro\u00f1o\" \/>\n<meta property=\"article:author\" content=\"https:\/\/www.facebook.com\/santosochoalog\" \/>\n<meta property=\"article:published_time\" content=\"2019-12-31T09:43:33+00:00\" \/>\n<meta property=\"article:modified_time\" content=\"2019-12-31T14:28:05+00:00\" \/>\n<meta property=\"og:image\" content=\"https:\/\/blogs.santosochoa.es\/logrono\/wp-content\/uploads\/sites\/2\/2019\/12\/versos-a-ritmo-de-jazz_amanda-iturriaga.jpg\" \/>\n\t<meta property=\"og:image:width\" content=\"623\" \/>\n\t<meta property=\"og:image:height\" content=\"824\" \/>\n\t<meta property=\"og:image:type\" content=\"image\/jpeg\" \/>\n<meta name=\"author\" content=\"Santos Ochoa Logro\u00f1o\" \/>\n<meta name=\"twitter:card\" content=\"summary_large_image\" \/>\n<meta name=\"twitter:creator\" content=\"@santosochoalog\" \/>\n<meta name=\"twitter:label1\" content=\"Written by\" \/>\n\t<meta name=\"twitter:data1\" content=\"Santos Ochoa Logro\u00f1o\" \/>\n\t<meta name=\"twitter:label2\" content=\"Est. reading time\" \/>\n\t<meta name=\"twitter:data2\" content=\"4 minutos\" \/>\n<script type=\"application\/ld+json\" class=\"yoast-schema-graph\">{\"@context\":\"https:\/\/schema.org\",\"@graph\":[{\"@type\":\"Article\",\"@id\":\"https:\/\/blogs.santosochoa.es\/logrono\/amanda-iturriaga-carlos-ejarque-y-storytime\/#article\",\"isPartOf\":{\"@id\":\"https:\/\/blogs.santosochoa.es\/logrono\/amanda-iturriaga-carlos-ejarque-y-storytime\/\"},\"author\":{\"name\":\"Santos Ochoa Logro\u00f1o\",\"@id\":\"https:\/\/blogs.santosochoa.es\/logrono\/#\/schema\/person\/103664eb8c60fbeea1880c704687c2e3\"},\"headline\":\"Amanda Iturriaga, Carlos Ejarque y StoryTime\",\"datePublished\":\"2019-12-31T09:43:33+00:00\",\"dateModified\":\"2019-12-31T14:28:05+00:00\",\"mainEntityOfPage\":{\"@id\":\"https:\/\/blogs.santosochoa.es\/logrono\/amanda-iturriaga-carlos-ejarque-y-storytime\/\"},\"wordCount\":824,\"image\":{\"@id\":\"https:\/\/blogs.santosochoa.es\/logrono\/amanda-iturriaga-carlos-ejarque-y-storytime\/#primaryimage\"},\"thumbnailUrl\":\"https:\/\/blogs.santosochoa.es\/logrono\/wp-content\/uploads\/sites\/2\/2019\/12\/versos-a-ritmo-de-jazz_amanda-iturriaga.jpg\",\"articleSection\":[\"charlas\",\"infantil\",\"libros\",\"libros do rioja\"],\"inLanguage\":\"es\"},{\"@type\":\"WebPage\",\"@id\":\"https:\/\/blogs.santosochoa.es\/logrono\/amanda-iturriaga-carlos-ejarque-y-storytime\/\",\"url\":\"https:\/\/blogs.santosochoa.es\/logrono\/amanda-iturriaga-carlos-ejarque-y-storytime\/\",\"name\":\"Amanda Iturriaga, Carlos Ejarque y StoryTime - Santos Ochoa Logro\u00f1o\",\"isPartOf\":{\"@id\":\"https:\/\/blogs.santosochoa.es\/logrono\/#website\"},\"primaryImageOfPage\":{\"@id\":\"https:\/\/blogs.santosochoa.es\/logrono\/amanda-iturriaga-carlos-ejarque-y-storytime\/#primaryimage\"},\"image\":{\"@id\":\"https:\/\/blogs.santosochoa.es\/logrono\/amanda-iturriaga-carlos-ejarque-y-storytime\/#primaryimage\"},\"thumbnailUrl\":\"https:\/\/blogs.santosochoa.es\/logrono\/wp-content\/uploads\/sites\/2\/2019\/12\/versos-a-ritmo-de-jazz_amanda-iturriaga.jpg\",\"datePublished\":\"2019-12-31T09:43:33+00:00\",\"dateModified\":\"2019-12-31T14:28:05+00:00\",\"author\":{\"@id\":\"https:\/\/blogs.santosochoa.es\/logrono\/#\/schema\/person\/103664eb8c60fbeea1880c704687c2e3\"},\"description\":\"Agenda Cultural de Santos Ochoa Logro\u00f1o. Amanda Iturriaga, Carlos Ejarque y StoryTime con Kids&Us\",\"breadcrumb\":{\"@id\":\"https:\/\/blogs.santosochoa.es\/logrono\/amanda-iturriaga-carlos-ejarque-y-storytime\/#breadcrumb\"},\"inLanguage\":\"es\",\"potentialAction\":[{\"@type\":\"ReadAction\",\"target\":[\"https:\/\/blogs.santosochoa.es\/logrono\/amanda-iturriaga-carlos-ejarque-y-storytime\/\"]}]},{\"@type\":\"ImageObject\",\"inLanguage\":\"es\",\"@id\":\"https:\/\/blogs.santosochoa.es\/logrono\/amanda-iturriaga-carlos-ejarque-y-storytime\/#primaryimage\",\"url\":\"https:\/\/blogs.santosochoa.es\/logrono\/wp-content\/uploads\/sites\/2\/2019\/12\/versos-a-ritmo-de-jazz_amanda-iturriaga.jpg\",\"contentUrl\":\"https:\/\/blogs.santosochoa.es\/logrono\/wp-content\/uploads\/sites\/2\/2019\/12\/versos-a-ritmo-de-jazz_amanda-iturriaga.jpg\",\"width\":623,\"height\":824},{\"@type\":\"BreadcrumbList\",\"@id\":\"https:\/\/blogs.santosochoa.es\/logrono\/amanda-iturriaga-carlos-ejarque-y-storytime\/#breadcrumb\",\"itemListElement\":[{\"@type\":\"ListItem\",\"position\":1,\"name\":\"Home\",\"item\":\"https:\/\/blogs.santosochoa.es\/logrono\/\"},{\"@type\":\"ListItem\",\"position\":2,\"name\":\"Amanda Iturriaga, Carlos Ejarque y StoryTime\"}]},{\"@type\":\"WebSite\",\"@id\":\"https:\/\/blogs.santosochoa.es\/logrono\/#website\",\"url\":\"https:\/\/blogs.santosochoa.es\/logrono\/\",\"name\":\"Santos Ochoa Logro\u00f1o\",\"description\":\"Tu Librer\u00eda Online\",\"potentialAction\":[{\"@type\":\"SearchAction\",\"target\":{\"@type\":\"EntryPoint\",\"urlTemplate\":\"https:\/\/blogs.santosochoa.es\/logrono\/?s={search_term_string}\"},\"query-input\":{\"@type\":\"PropertyValueSpecification\",\"valueRequired\":true,\"valueName\":\"search_term_string\"}}],\"inLanguage\":\"es\"},{\"@type\":\"Person\",\"@id\":\"https:\/\/blogs.santosochoa.es\/logrono\/#\/schema\/person\/103664eb8c60fbeea1880c704687c2e3\",\"name\":\"Santos Ochoa Logro\u00f1o\",\"sameAs\":[\"http:\/\/santosochoa.es\",\"https:\/\/www.facebook.com\/santosochoalog\",\"https:\/\/www.instagram.com\/santosochoalog\/\",\"https:\/\/x.com\/santosochoalog\",\"https:\/\/www.youtube.com\/c\/SantosOchoaLibros\"]}]}<\/script>\n<!-- \/ Yoast SEO plugin. -->","yoast_head_json":{"title":"Amanda Iturriaga, Carlos Ejarque y StoryTime - Santos Ochoa Logro\u00f1o","description":"Agenda Cultural de Santos Ochoa Logro\u00f1o. Amanda Iturriaga, Carlos Ejarque y StoryTime con Kids&Us","robots":{"index":"index","follow":"follow","max-snippet":"max-snippet:-1","max-image-preview":"max-image-preview:large","max-video-preview":"max-video-preview:-1"},"canonical":"https:\/\/blogs.santosochoa.es\/logrono\/amanda-iturriaga-carlos-ejarque-y-storytime\/","og_locale":"es_ES","og_type":"article","og_title":"Amanda Iturriaga, Carlos Ejarque y StoryTime - Santos Ochoa Logro\u00f1o","og_description":"Agenda Cultural de Santos Ochoa Logro\u00f1o. Amanda Iturriaga, Carlos Ejarque y StoryTime con Kids&Us","og_url":"https:\/\/blogs.santosochoa.es\/logrono\/amanda-iturriaga-carlos-ejarque-y-storytime\/","og_site_name":"Santos Ochoa Logro\u00f1o","article_author":"https:\/\/www.facebook.com\/santosochoalog","article_published_time":"2019-12-31T09:43:33+00:00","article_modified_time":"2019-12-31T14:28:05+00:00","og_image":[{"width":623,"height":824,"url":"https:\/\/blogs.santosochoa.es\/logrono\/wp-content\/uploads\/sites\/2\/2019\/12\/versos-a-ritmo-de-jazz_amanda-iturriaga.jpg","type":"image\/jpeg"}],"author":"Santos Ochoa Logro\u00f1o","twitter_card":"summary_large_image","twitter_creator":"@santosochoalog","twitter_misc":{"Written by":"Santos Ochoa Logro\u00f1o","Est. reading time":"4 minutos"},"schema":{"@context":"https:\/\/schema.org","@graph":[{"@type":"Article","@id":"https:\/\/blogs.santosochoa.es\/logrono\/amanda-iturriaga-carlos-ejarque-y-storytime\/#article","isPartOf":{"@id":"https:\/\/blogs.santosochoa.es\/logrono\/amanda-iturriaga-carlos-ejarque-y-storytime\/"},"author":{"name":"Santos Ochoa Logro\u00f1o","@id":"https:\/\/blogs.santosochoa.es\/logrono\/#\/schema\/person\/103664eb8c60fbeea1880c704687c2e3"},"headline":"Amanda Iturriaga, Carlos Ejarque y StoryTime","datePublished":"2019-12-31T09:43:33+00:00","dateModified":"2019-12-31T14:28:05+00:00","mainEntityOfPage":{"@id":"https:\/\/blogs.santosochoa.es\/logrono\/amanda-iturriaga-carlos-ejarque-y-storytime\/"},"wordCount":824,"image":{"@id":"https:\/\/blogs.santosochoa.es\/logrono\/amanda-iturriaga-carlos-ejarque-y-storytime\/#primaryimage"},"thumbnailUrl":"https:\/\/blogs.santosochoa.es\/logrono\/wp-content\/uploads\/sites\/2\/2019\/12\/versos-a-ritmo-de-jazz_amanda-iturriaga.jpg","articleSection":["charlas","infantil","libros","libros do rioja"],"inLanguage":"es"},{"@type":"WebPage","@id":"https:\/\/blogs.santosochoa.es\/logrono\/amanda-iturriaga-carlos-ejarque-y-storytime\/","url":"https:\/\/blogs.santosochoa.es\/logrono\/amanda-iturriaga-carlos-ejarque-y-storytime\/","name":"Amanda Iturriaga, Carlos Ejarque y StoryTime - Santos Ochoa Logro\u00f1o","isPartOf":{"@id":"https:\/\/blogs.santosochoa.es\/logrono\/#website"},"primaryImageOfPage":{"@id":"https:\/\/blogs.santosochoa.es\/logrono\/amanda-iturriaga-carlos-ejarque-y-storytime\/#primaryimage"},"image":{"@id":"https:\/\/blogs.santosochoa.es\/logrono\/amanda-iturriaga-carlos-ejarque-y-storytime\/#primaryimage"},"thumbnailUrl":"https:\/\/blogs.santosochoa.es\/logrono\/wp-content\/uploads\/sites\/2\/2019\/12\/versos-a-ritmo-de-jazz_amanda-iturriaga.jpg","datePublished":"2019-12-31T09:43:33+00:00","dateModified":"2019-12-31T14:28:05+00:00","author":{"@id":"https:\/\/blogs.santosochoa.es\/logrono\/#\/schema\/person\/103664eb8c60fbeea1880c704687c2e3"},"description":"Agenda Cultural de Santos Ochoa Logro\u00f1o. Amanda Iturriaga, Carlos Ejarque y StoryTime con Kids&Us","breadcrumb":{"@id":"https:\/\/blogs.santosochoa.es\/logrono\/amanda-iturriaga-carlos-ejarque-y-storytime\/#breadcrumb"},"inLanguage":"es","potentialAction":[{"@type":"ReadAction","target":["https:\/\/blogs.santosochoa.es\/logrono\/amanda-iturriaga-carlos-ejarque-y-storytime\/"]}]},{"@type":"ImageObject","inLanguage":"es","@id":"https:\/\/blogs.santosochoa.es\/logrono\/amanda-iturriaga-carlos-ejarque-y-storytime\/#primaryimage","url":"https:\/\/blogs.santosochoa.es\/logrono\/wp-content\/uploads\/sites\/2\/2019\/12\/versos-a-ritmo-de-jazz_amanda-iturriaga.jpg","contentUrl":"https:\/\/blogs.santosochoa.es\/logrono\/wp-content\/uploads\/sites\/2\/2019\/12\/versos-a-ritmo-de-jazz_amanda-iturriaga.jpg","width":623,"height":824},{"@type":"BreadcrumbList","@id":"https:\/\/blogs.santosochoa.es\/logrono\/amanda-iturriaga-carlos-ejarque-y-storytime\/#breadcrumb","itemListElement":[{"@type":"ListItem","position":1,"name":"Home","item":"https:\/\/blogs.santosochoa.es\/logrono\/"},{"@type":"ListItem","position":2,"name":"Amanda Iturriaga, Carlos Ejarque y StoryTime"}]},{"@type":"WebSite","@id":"https:\/\/blogs.santosochoa.es\/logrono\/#website","url":"https:\/\/blogs.santosochoa.es\/logrono\/","name":"Santos Ochoa Logro\u00f1o","description":"Tu Librer\u00eda Online","potentialAction":[{"@type":"SearchAction","target":{"@type":"EntryPoint","urlTemplate":"https:\/\/blogs.santosochoa.es\/logrono\/?s={search_term_string}"},"query-input":{"@type":"PropertyValueSpecification","valueRequired":true,"valueName":"search_term_string"}}],"inLanguage":"es"},{"@type":"Person","@id":"https:\/\/blogs.santosochoa.es\/logrono\/#\/schema\/person\/103664eb8c60fbeea1880c704687c2e3","name":"Santos Ochoa Logro\u00f1o","sameAs":["http:\/\/santosochoa.es","https:\/\/www.facebook.com\/santosochoalog","https:\/\/www.instagram.com\/santosochoalog\/","https:\/\/x.com\/santosochoalog","https:\/\/www.youtube.com\/c\/SantosOchoaLibros"]}]}},"_links":{"self":[{"href":"https:\/\/blogs.santosochoa.es\/logrono\/wp-json\/wp\/v2\/posts\/1379","targetHints":{"allow":["GET"]}}],"collection":[{"href":"https:\/\/blogs.santosochoa.es\/logrono\/wp-json\/wp\/v2\/posts"}],"about":[{"href":"https:\/\/blogs.santosochoa.es\/logrono\/wp-json\/wp\/v2\/types\/post"}],"author":[{"embeddable":true,"href":"https:\/\/blogs.santosochoa.es\/logrono\/wp-json\/wp\/v2\/users\/4"}],"replies":[{"embeddable":true,"href":"https:\/\/blogs.santosochoa.es\/logrono\/wp-json\/wp\/v2\/comments?post=1379"}],"version-history":[{"count":3,"href":"https:\/\/blogs.santosochoa.es\/logrono\/wp-json\/wp\/v2\/posts\/1379\/revisions"}],"predecessor-version":[{"id":1383,"href":"https:\/\/blogs.santosochoa.es\/logrono\/wp-json\/wp\/v2\/posts\/1379\/revisions\/1383"}],"wp:featuredmedia":[{"embeddable":true,"href":"https:\/\/blogs.santosochoa.es\/logrono\/wp-json\/wp\/v2\/media\/1345"}],"wp:attachment":[{"href":"https:\/\/blogs.santosochoa.es\/logrono\/wp-json\/wp\/v2\/media?parent=1379"}],"wp:term":[{"taxonomy":"category","embeddable":true,"href":"https:\/\/blogs.santosochoa.es\/logrono\/wp-json\/wp\/v2\/categories?post=1379"},{"taxonomy":"post_tag","embeddable":true,"href":"https:\/\/blogs.santosochoa.es\/logrono\/wp-json\/wp\/v2\/tags?post=1379"}],"curies":[{"name":"wp","href":"https:\/\/api.w.org\/{rel}","templated":true}]}}