{"id":1376,"date":"2019-12-30T15:57:50","date_gmt":"2019-12-30T14:57:50","guid":{"rendered":"https:\/\/blogs.santosochoa.es\/logrono\/?p=1376"},"modified":"2019-12-30T15:57:51","modified_gmt":"2019-12-30T14:57:51","slug":"musica-y-solidaridad","status":"publish","type":"post","link":"https:\/\/blogs.santosochoa.es\/logrono\/musica-y-solidaridad\/","title":{"rendered":"M\u00fasica y solidaridad"},"content":{"rendered":"\n<h2 class=\"wp-block-heading\"><strong>El tenor riojano Miguel Olano presenta el disco <em>Una voz para el camino<\/em>, a favor de la Asociaci\u00f3n Contra el C\u00e1ncer<\/strong><\/h2>\n\n\n\n<h3 class=\"wp-block-heading\"><strong>Jueves 2 <\/strong><strong>de enero, a las 19:00 h.<\/strong><\/h3>\n\n\n\n<h4 class=\"wp-block-heading\">Espacio Santos Ochoa. Calvo Sotelo, 19<\/h4>\n\n\n\n<div class=\"wp-block-image\"><figure class=\"alignleft is-resized\"><img loading=\"lazy\" decoding=\"async\" src=\"https:\/\/blogs.santosochoa.es\/logrono\/wp-content\/uploads\/sites\/2\/2019\/12\/cartel_miguel-olano-724x1024.jpg\" alt=\"\" class=\"wp-image-1377\" width=\"210\" height=\"297\" srcset=\"https:\/\/blogs.santosochoa.es\/logrono\/wp-content\/uploads\/sites\/2\/2019\/12\/cartel_miguel-olano-724x1024.jpg 724w, https:\/\/blogs.santosochoa.es\/logrono\/wp-content\/uploads\/sites\/2\/2019\/12\/cartel_miguel-olano-212x300.jpg 212w, https:\/\/blogs.santosochoa.es\/logrono\/wp-content\/uploads\/sites\/2\/2019\/12\/cartel_miguel-olano-768x1086.jpg 768w, https:\/\/blogs.santosochoa.es\/logrono\/wp-content\/uploads\/sites\/2\/2019\/12\/cartel_miguel-olano.jpg 842w\" sizes=\"auto, (max-width: 210px) 100vw, 210px\" \/><\/figure><\/div>\n\n\n\n<h5 class=\"wp-block-heading\"><strong>Empezamos el a\u00f1o con m\u00fasica y\nsolidaridad. El tenor Miguel Olano nos ofrece un recital con motivo de la\npresentaci\u00f3n de <em>Una voz para el camino<\/em>, un disco cuyos beneficios se\ndestinar\u00e1n a la Asociaci\u00f3n Contra el C\u00e1ncer de La Rioja.<\/strong><\/h5>\n\n\n\n<p><strong>Miguel Olano<\/strong> nace en Cenicero e inicia sus estudios\nmusicales en el Conservatorio de su regi\u00f3n; se traslada a Madrid e ingresa en\nel Conservatorio Superior. Viaja a Italia y se perfecciona con Gino Bechi,\nCarlo Bergonzi y actualmente con Sergio Bertocchi.<\/p>\n\n\n\n<p>Su debut llega en 1995 en el Festival de los Dos Mundos de\nSpoleto como Don Jos\u00e9 en <em>Carmen<\/em> de Bizet, que interpreta posteriomente\nen la versi\u00f3n integral en el Th\u00e9atre Des Arts en Rouen (Francia). Fue llamado\ndel Teatro Ch\u00e2telet de Par\u00eds para participar en la producci\u00f3n de <em>Don Carlos<\/em>\nde Verdi, despu\u00e9s de varias funciones de <em>Tosca<\/em> en teatros franceses. En\noto\u00f1o de 1996 debuta en el rol de Renato Des Grieux en la <em>Manon Lescaut<\/em>\nen el Teatro Giglio de Lucca. En 1998 a\u00f1ade a su repertorio roles como Turiddu\nen <em>Cavalleria Rusticana<\/em>, Canio en <em>Pagliacci<\/em>, Calaf en <em>Turandot<\/em>\ny Andrea Ch\u00eanier en <em>Andrea Ch\u00eanier<\/em>. En el 2000, lo encontramos como Don\nJos\u00e9 en la \u00faltima producci\u00f3n de <em>Carmen<\/em> en la \u00f3pera Royal Wallonie en\nLieja (B\u00e9gica), Don Juan de Alarc\u00f3n en <em>Margarita la tornera<\/em> altern\u00e1ndose\ncon Pl\u00e1cido Domingo en Teatro Real de Madrid, Radam\u00e9s en <em>Aida<\/em> en\nMaastricht (Holanda) y, por primera vez en Estados Unidos en <em>Turandot<\/em> en\nWashington. Sus actuaciones m\u00e1s importantes en el 2002 fueron en el Grand\nTh\u00e9atre di Ginebra, Deutsche Oper de Berl\u00edn en \u00f3peras como <em>Manon Lescaut<\/em>\ny <em>Tosca<\/em> y su debut en Jap\u00f3n en ciudades como Tokio, Osaka y Nagassaki\ncon la \u00d3pera Nacional de Varsovia en <em>Turandot<\/em> al lado de la gran soprano\nEva Marton.<\/p>\n\n\n\n<p>En la m\u00fasica sinf\u00f3nico-vocal ha sido int\u00e9rprete en la\nAccademia Chigiana de Siena, Teatro Arriaga de Bilbao, Kursaal de San Sebasti\u00e1n\ny recientemente ejecut\u00f3 el estreno mundial de la cantata <em>Eleg\u00eda en marzo<\/em>\nde David Mora en el Teatro Monumental de Madrid con la Orquesta de Radio\nTelevisi\u00f3n Espa\u00f1ola, que fue transmitida por TVE. Entre los Maestros m\u00e1s\nimportantes que lo han dirigido se encuentran: Gustav Kuhn, Armin Jordan, Heinz\nFricke, Eduard Downes, Garc\u00eda Navarro y Carlo Rizzi en teatros como\nFestpielhouse de Salzburgo, Concertgebouw de Amsterdam, Grand Th\u00e9atre de\nGinebra, Deutsche Oper de Berl\u00edn, Teatro Real de Madrid y Kennedy Center de\nWashington.<\/p>\n","protected":false},"excerpt":{"rendered":"<p>Agenda Cultural de Santos Ochoa Logro\u00f1o. El tenor riojano Miguel Olano presenta el disco Una voz para el camino, a favor de la Asociaci\u00f3n Contra el C\u00e1ncer<\/p>\n","protected":false},"author":4,"featured_media":1377,"comment_status":"closed","ping_status":"closed","sticky":false,"template":"","format":"standard","meta":{"footnotes":""},"categories":[17],"tags":[],"class_list":["post-1376","post","type-post","status-publish","format-standard","has-post-thumbnail","hentry","category-musica"],"yoast_head":"<!-- This site is optimized with the Yoast SEO plugin v27.2 - https:\/\/yoast.com\/product\/yoast-seo-wordpress\/ -->\n<title>M\u00fasica y solidaridad - Santos Ochoa Logro\u00f1o<\/title>\n<meta name=\"description\" content=\"Agenda Cultural de Santos Ochoa Logro\u00f1o. El tenor riojano Miguel Olano presenta el disco Una voz para el camino, a favor de la Asociaci\u00f3n Contra el C\u00e1ncer\" \/>\n<meta name=\"robots\" content=\"index, follow, max-snippet:-1, max-image-preview:large, max-video-preview:-1\" \/>\n<link rel=\"canonical\" href=\"https:\/\/blogs.santosochoa.es\/logrono\/musica-y-solidaridad\/\" \/>\n<meta property=\"og:locale\" content=\"es_ES\" \/>\n<meta property=\"og:type\" content=\"article\" \/>\n<meta property=\"og:title\" content=\"M\u00fasica y solidaridad - Santos Ochoa Logro\u00f1o\" \/>\n<meta property=\"og:description\" content=\"Agenda Cultural de Santos Ochoa Logro\u00f1o. El tenor riojano Miguel Olano presenta el disco Una voz para el camino, a favor de la Asociaci\u00f3n Contra el C\u00e1ncer\" \/>\n<meta property=\"og:url\" content=\"https:\/\/blogs.santosochoa.es\/logrono\/musica-y-solidaridad\/\" \/>\n<meta property=\"og:site_name\" content=\"Santos Ochoa Logro\u00f1o\" \/>\n<meta property=\"article:author\" content=\"https:\/\/www.facebook.com\/santosochoalog\" \/>\n<meta property=\"article:published_time\" content=\"2019-12-30T14:57:50+00:00\" \/>\n<meta property=\"article:modified_time\" content=\"2019-12-30T14:57:51+00:00\" \/>\n<meta property=\"og:image\" content=\"https:\/\/blogs.santosochoa.es\/logrono\/wp-content\/uploads\/sites\/2\/2019\/12\/cartel_miguel-olano.jpg\" \/>\n\t<meta property=\"og:image:width\" content=\"842\" \/>\n\t<meta property=\"og:image:height\" content=\"1191\" \/>\n\t<meta property=\"og:image:type\" content=\"image\/jpeg\" \/>\n<meta name=\"author\" content=\"Santos Ochoa Logro\u00f1o\" \/>\n<meta name=\"twitter:card\" content=\"summary_large_image\" \/>\n<meta name=\"twitter:creator\" content=\"@santosochoalog\" \/>\n<meta name=\"twitter:label1\" content=\"Written by\" \/>\n\t<meta name=\"twitter:data1\" content=\"Santos Ochoa Logro\u00f1o\" \/>\n\t<meta name=\"twitter:label2\" content=\"Est. reading time\" \/>\n\t<meta name=\"twitter:data2\" content=\"2 minutos\" \/>\n<script type=\"application\/ld+json\" class=\"yoast-schema-graph\">{\"@context\":\"https:\/\/schema.org\",\"@graph\":[{\"@type\":\"Article\",\"@id\":\"https:\/\/blogs.santosochoa.es\/logrono\/musica-y-solidaridad\/#article\",\"isPartOf\":{\"@id\":\"https:\/\/blogs.santosochoa.es\/logrono\/musica-y-solidaridad\/\"},\"author\":{\"name\":\"Santos Ochoa Logro\u00f1o\",\"@id\":\"https:\/\/blogs.santosochoa.es\/logrono\/#\/schema\/person\/103664eb8c60fbeea1880c704687c2e3\"},\"headline\":\"M\u00fasica y solidaridad\",\"datePublished\":\"2019-12-30T14:57:50+00:00\",\"dateModified\":\"2019-12-30T14:57:51+00:00\",\"mainEntityOfPage\":{\"@id\":\"https:\/\/blogs.santosochoa.es\/logrono\/musica-y-solidaridad\/\"},\"wordCount\":475,\"image\":{\"@id\":\"https:\/\/blogs.santosochoa.es\/logrono\/musica-y-solidaridad\/#primaryimage\"},\"thumbnailUrl\":\"https:\/\/blogs.santosochoa.es\/logrono\/wp-content\/uploads\/sites\/2\/2019\/12\/cartel_miguel-olano.jpg\",\"articleSection\":[\"m\u00fasica\"],\"inLanguage\":\"es\"},{\"@type\":\"WebPage\",\"@id\":\"https:\/\/blogs.santosochoa.es\/logrono\/musica-y-solidaridad\/\",\"url\":\"https:\/\/blogs.santosochoa.es\/logrono\/musica-y-solidaridad\/\",\"name\":\"M\u00fasica y solidaridad - Santos Ochoa Logro\u00f1o\",\"isPartOf\":{\"@id\":\"https:\/\/blogs.santosochoa.es\/logrono\/#website\"},\"primaryImageOfPage\":{\"@id\":\"https:\/\/blogs.santosochoa.es\/logrono\/musica-y-solidaridad\/#primaryimage\"},\"image\":{\"@id\":\"https:\/\/blogs.santosochoa.es\/logrono\/musica-y-solidaridad\/#primaryimage\"},\"thumbnailUrl\":\"https:\/\/blogs.santosochoa.es\/logrono\/wp-content\/uploads\/sites\/2\/2019\/12\/cartel_miguel-olano.jpg\",\"datePublished\":\"2019-12-30T14:57:50+00:00\",\"dateModified\":\"2019-12-30T14:57:51+00:00\",\"author\":{\"@id\":\"https:\/\/blogs.santosochoa.es\/logrono\/#\/schema\/person\/103664eb8c60fbeea1880c704687c2e3\"},\"description\":\"Agenda Cultural de Santos Ochoa Logro\u00f1o. El tenor riojano Miguel Olano presenta el disco Una voz para el camino, a favor de la Asociaci\u00f3n Contra el C\u00e1ncer\",\"breadcrumb\":{\"@id\":\"https:\/\/blogs.santosochoa.es\/logrono\/musica-y-solidaridad\/#breadcrumb\"},\"inLanguage\":\"es\",\"potentialAction\":[{\"@type\":\"ReadAction\",\"target\":[\"https:\/\/blogs.santosochoa.es\/logrono\/musica-y-solidaridad\/\"]}]},{\"@type\":\"ImageObject\",\"inLanguage\":\"es\",\"@id\":\"https:\/\/blogs.santosochoa.es\/logrono\/musica-y-solidaridad\/#primaryimage\",\"url\":\"https:\/\/blogs.santosochoa.es\/logrono\/wp-content\/uploads\/sites\/2\/2019\/12\/cartel_miguel-olano.jpg\",\"contentUrl\":\"https:\/\/blogs.santosochoa.es\/logrono\/wp-content\/uploads\/sites\/2\/2019\/12\/cartel_miguel-olano.jpg\",\"width\":842,\"height\":1191},{\"@type\":\"BreadcrumbList\",\"@id\":\"https:\/\/blogs.santosochoa.es\/logrono\/musica-y-solidaridad\/#breadcrumb\",\"itemListElement\":[{\"@type\":\"ListItem\",\"position\":1,\"name\":\"Home\",\"item\":\"https:\/\/blogs.santosochoa.es\/logrono\/\"},{\"@type\":\"ListItem\",\"position\":2,\"name\":\"M\u00fasica y solidaridad\"}]},{\"@type\":\"WebSite\",\"@id\":\"https:\/\/blogs.santosochoa.es\/logrono\/#website\",\"url\":\"https:\/\/blogs.santosochoa.es\/logrono\/\",\"name\":\"Santos Ochoa Logro\u00f1o\",\"description\":\"Tu Librer\u00eda Online\",\"potentialAction\":[{\"@type\":\"SearchAction\",\"target\":{\"@type\":\"EntryPoint\",\"urlTemplate\":\"https:\/\/blogs.santosochoa.es\/logrono\/?s={search_term_string}\"},\"query-input\":{\"@type\":\"PropertyValueSpecification\",\"valueRequired\":true,\"valueName\":\"search_term_string\"}}],\"inLanguage\":\"es\"},{\"@type\":\"Person\",\"@id\":\"https:\/\/blogs.santosochoa.es\/logrono\/#\/schema\/person\/103664eb8c60fbeea1880c704687c2e3\",\"name\":\"Santos Ochoa Logro\u00f1o\",\"sameAs\":[\"http:\/\/santosochoa.es\",\"https:\/\/www.facebook.com\/santosochoalog\",\"https:\/\/www.instagram.com\/santosochoalog\/\",\"https:\/\/x.com\/santosochoalog\",\"https:\/\/www.youtube.com\/c\/SantosOchoaLibros\"]}]}<\/script>\n<!-- \/ Yoast SEO plugin. -->","yoast_head_json":{"title":"M\u00fasica y solidaridad - Santos Ochoa Logro\u00f1o","description":"Agenda Cultural de Santos Ochoa Logro\u00f1o. El tenor riojano Miguel Olano presenta el disco Una voz para el camino, a favor de la Asociaci\u00f3n Contra el C\u00e1ncer","robots":{"index":"index","follow":"follow","max-snippet":"max-snippet:-1","max-image-preview":"max-image-preview:large","max-video-preview":"max-video-preview:-1"},"canonical":"https:\/\/blogs.santosochoa.es\/logrono\/musica-y-solidaridad\/","og_locale":"es_ES","og_type":"article","og_title":"M\u00fasica y solidaridad - Santos Ochoa Logro\u00f1o","og_description":"Agenda Cultural de Santos Ochoa Logro\u00f1o. El tenor riojano Miguel Olano presenta el disco Una voz para el camino, a favor de la Asociaci\u00f3n Contra el C\u00e1ncer","og_url":"https:\/\/blogs.santosochoa.es\/logrono\/musica-y-solidaridad\/","og_site_name":"Santos Ochoa Logro\u00f1o","article_author":"https:\/\/www.facebook.com\/santosochoalog","article_published_time":"2019-12-30T14:57:50+00:00","article_modified_time":"2019-12-30T14:57:51+00:00","og_image":[{"width":842,"height":1191,"url":"https:\/\/blogs.santosochoa.es\/logrono\/wp-content\/uploads\/sites\/2\/2019\/12\/cartel_miguel-olano.jpg","type":"image\/jpeg"}],"author":"Santos Ochoa Logro\u00f1o","twitter_card":"summary_large_image","twitter_creator":"@santosochoalog","twitter_misc":{"Written by":"Santos Ochoa Logro\u00f1o","Est. reading time":"2 minutos"},"schema":{"@context":"https:\/\/schema.org","@graph":[{"@type":"Article","@id":"https:\/\/blogs.santosochoa.es\/logrono\/musica-y-solidaridad\/#article","isPartOf":{"@id":"https:\/\/blogs.santosochoa.es\/logrono\/musica-y-solidaridad\/"},"author":{"name":"Santos Ochoa Logro\u00f1o","@id":"https:\/\/blogs.santosochoa.es\/logrono\/#\/schema\/person\/103664eb8c60fbeea1880c704687c2e3"},"headline":"M\u00fasica y solidaridad","datePublished":"2019-12-30T14:57:50+00:00","dateModified":"2019-12-30T14:57:51+00:00","mainEntityOfPage":{"@id":"https:\/\/blogs.santosochoa.es\/logrono\/musica-y-solidaridad\/"},"wordCount":475,"image":{"@id":"https:\/\/blogs.santosochoa.es\/logrono\/musica-y-solidaridad\/#primaryimage"},"thumbnailUrl":"https:\/\/blogs.santosochoa.es\/logrono\/wp-content\/uploads\/sites\/2\/2019\/12\/cartel_miguel-olano.jpg","articleSection":["m\u00fasica"],"inLanguage":"es"},{"@type":"WebPage","@id":"https:\/\/blogs.santosochoa.es\/logrono\/musica-y-solidaridad\/","url":"https:\/\/blogs.santosochoa.es\/logrono\/musica-y-solidaridad\/","name":"M\u00fasica y solidaridad - Santos Ochoa Logro\u00f1o","isPartOf":{"@id":"https:\/\/blogs.santosochoa.es\/logrono\/#website"},"primaryImageOfPage":{"@id":"https:\/\/blogs.santosochoa.es\/logrono\/musica-y-solidaridad\/#primaryimage"},"image":{"@id":"https:\/\/blogs.santosochoa.es\/logrono\/musica-y-solidaridad\/#primaryimage"},"thumbnailUrl":"https:\/\/blogs.santosochoa.es\/logrono\/wp-content\/uploads\/sites\/2\/2019\/12\/cartel_miguel-olano.jpg","datePublished":"2019-12-30T14:57:50+00:00","dateModified":"2019-12-30T14:57:51+00:00","author":{"@id":"https:\/\/blogs.santosochoa.es\/logrono\/#\/schema\/person\/103664eb8c60fbeea1880c704687c2e3"},"description":"Agenda Cultural de Santos Ochoa Logro\u00f1o. El tenor riojano Miguel Olano presenta el disco Una voz para el camino, a favor de la Asociaci\u00f3n Contra el C\u00e1ncer","breadcrumb":{"@id":"https:\/\/blogs.santosochoa.es\/logrono\/musica-y-solidaridad\/#breadcrumb"},"inLanguage":"es","potentialAction":[{"@type":"ReadAction","target":["https:\/\/blogs.santosochoa.es\/logrono\/musica-y-solidaridad\/"]}]},{"@type":"ImageObject","inLanguage":"es","@id":"https:\/\/blogs.santosochoa.es\/logrono\/musica-y-solidaridad\/#primaryimage","url":"https:\/\/blogs.santosochoa.es\/logrono\/wp-content\/uploads\/sites\/2\/2019\/12\/cartel_miguel-olano.jpg","contentUrl":"https:\/\/blogs.santosochoa.es\/logrono\/wp-content\/uploads\/sites\/2\/2019\/12\/cartel_miguel-olano.jpg","width":842,"height":1191},{"@type":"BreadcrumbList","@id":"https:\/\/blogs.santosochoa.es\/logrono\/musica-y-solidaridad\/#breadcrumb","itemListElement":[{"@type":"ListItem","position":1,"name":"Home","item":"https:\/\/blogs.santosochoa.es\/logrono\/"},{"@type":"ListItem","position":2,"name":"M\u00fasica y solidaridad"}]},{"@type":"WebSite","@id":"https:\/\/blogs.santosochoa.es\/logrono\/#website","url":"https:\/\/blogs.santosochoa.es\/logrono\/","name":"Santos Ochoa Logro\u00f1o","description":"Tu Librer\u00eda Online","potentialAction":[{"@type":"SearchAction","target":{"@type":"EntryPoint","urlTemplate":"https:\/\/blogs.santosochoa.es\/logrono\/?s={search_term_string}"},"query-input":{"@type":"PropertyValueSpecification","valueRequired":true,"valueName":"search_term_string"}}],"inLanguage":"es"},{"@type":"Person","@id":"https:\/\/blogs.santosochoa.es\/logrono\/#\/schema\/person\/103664eb8c60fbeea1880c704687c2e3","name":"Santos Ochoa Logro\u00f1o","sameAs":["http:\/\/santosochoa.es","https:\/\/www.facebook.com\/santosochoalog","https:\/\/www.instagram.com\/santosochoalog\/","https:\/\/x.com\/santosochoalog","https:\/\/www.youtube.com\/c\/SantosOchoaLibros"]}]}},"_links":{"self":[{"href":"https:\/\/blogs.santosochoa.es\/logrono\/wp-json\/wp\/v2\/posts\/1376","targetHints":{"allow":["GET"]}}],"collection":[{"href":"https:\/\/blogs.santosochoa.es\/logrono\/wp-json\/wp\/v2\/posts"}],"about":[{"href":"https:\/\/blogs.santosochoa.es\/logrono\/wp-json\/wp\/v2\/types\/post"}],"author":[{"embeddable":true,"href":"https:\/\/blogs.santosochoa.es\/logrono\/wp-json\/wp\/v2\/users\/4"}],"replies":[{"embeddable":true,"href":"https:\/\/blogs.santosochoa.es\/logrono\/wp-json\/wp\/v2\/comments?post=1376"}],"version-history":[{"count":1,"href":"https:\/\/blogs.santosochoa.es\/logrono\/wp-json\/wp\/v2\/posts\/1376\/revisions"}],"predecessor-version":[{"id":1378,"href":"https:\/\/blogs.santosochoa.es\/logrono\/wp-json\/wp\/v2\/posts\/1376\/revisions\/1378"}],"wp:featuredmedia":[{"embeddable":true,"href":"https:\/\/blogs.santosochoa.es\/logrono\/wp-json\/wp\/v2\/media\/1377"}],"wp:attachment":[{"href":"https:\/\/blogs.santosochoa.es\/logrono\/wp-json\/wp\/v2\/media?parent=1376"}],"wp:term":[{"taxonomy":"category","embeddable":true,"href":"https:\/\/blogs.santosochoa.es\/logrono\/wp-json\/wp\/v2\/categories?post=1376"},{"taxonomy":"post_tag","embeddable":true,"href":"https:\/\/blogs.santosochoa.es\/logrono\/wp-json\/wp\/v2\/tags?post=1376"}],"curies":[{"name":"wp","href":"https:\/\/api.w.org\/{rel}","templated":true}]}}