{"id":1328,"date":"2019-12-04T15:21:39","date_gmt":"2019-12-04T14:21:39","guid":{"rendered":"https:\/\/blogs.santosochoa.es\/logrono\/?p=1328"},"modified":"2019-12-04T15:21:41","modified_gmt":"2019-12-04T14:21:41","slug":"eduardo-saenz-de-cabezon-javier-romero-agustin-tejada-cuentos-infinitos-y-storytime","status":"publish","type":"post","link":"https:\/\/blogs.santosochoa.es\/logrono\/eduardo-saenz-de-cabezon-javier-romero-agustin-tejada-cuentos-infinitos-y-storytime\/","title":{"rendered":"Eduardo S\u00e1enz de Cabez\u00f3n, Javier Romero, Agust\u00edn Tejada, Cuentos Infinitos y Storytime"},"content":{"rendered":"\n<h2 class=\"wp-block-heading\"><strong>Eduardo S\u00e1enz de Cabez\u00f3n presenta <em>El \u00e1rbol de\nEmmy<\/em><\/strong><\/h2>\n\n\n\n<h3 class=\"wp-block-heading\"><strong>Martes 10 de diciembre, a las 19:30 h.<\/strong><\/h3>\n\n\n\n<h4 class=\"wp-block-heading\">Espacio Santos Ochoa. Calvo Sotelo, 19<\/h4>\n\n\n\n<div class=\"wp-block-image\"><figure class=\"alignleft is-resized\"><img loading=\"lazy\" decoding=\"async\" src=\"https:\/\/blogs.santosochoa.es\/logrono\/wp-content\/uploads\/sites\/2\/2019\/11\/el-arbol-de-emmy_eduardo-saenz-cabezon.jpg\" alt=\"\" class=\"wp-image-1311\" width=\"208\" height=\"334\" srcset=\"https:\/\/blogs.santosochoa.es\/logrono\/wp-content\/uploads\/sites\/2\/2019\/11\/el-arbol-de-emmy_eduardo-saenz-cabezon.jpg 591w, https:\/\/blogs.santosochoa.es\/logrono\/wp-content\/uploads\/sites\/2\/2019\/11\/el-arbol-de-emmy_eduardo-saenz-cabezon-187x300.jpg 187w\" sizes=\"auto, (max-width: 208px) 100vw, 208px\" \/><\/figure><\/div>\n\n\n\n<h5 class=\"wp-block-heading\"><strong>Emmy Noether es\nla matem\u00e1tica m\u00e1s importante de la historia y una de las cient\u00edficas m\u00e1s\ndestacadas de todos los tiempos. A pesar de ello, contin\u00faa siendo una\ndesconocida para casi todos. Mujer, jud\u00eda y matem\u00e1tica en la Alemania del\nprimer tercio del siglo XX, super\u00f3 todas las barreras que la vida y la\nsociedad le impusieron.<\/strong><\/h5>\n\n\n\n<p>A partir de una aproximaci\u00f3n cercana, pero\nrigurosa, <em>El \u00e1rbol de Emmy<\/em> nos descubre la vida de una personalidad\nexcepcional, a la que Albert Einstein consideraba un genio, y nos introduce en\nla historia de muchas otras mujeres matem\u00e1ticas, en un \u00e1mbito que fue y sigue\nsiendo en gran medida masculino.<\/p>\n\n\n\n<p>Cada cap\u00edtulo se cierra con hilos de Twitter\nque ampl\u00edan la lectura y enriquecen la mirada de los lectores. Han corrido a\ncargo de Enrique Borja (@Cuent_Cuanticos), Clara Grima (@ClaraGrima) y Alberto\nM\u00e1rquez (@twalmar).<\/p>\n\n\n\n<p><strong>Eduardo S\u00e1enz de Cabez\u00f3n<\/strong> (Logro\u00f1o, 1972) es doctor en Matem\u00e1ticas, a\nlas que dedica sus esfuerzos en labores de docencia, investigaci\u00f3n y\ndivulgaci\u00f3n. Desde el a\u00f1o 2001 es profesor en el Departamento de Matem\u00e1ticas y\nComputaci\u00f3n de la Universidad de La Rioja. Desarrolla su investigaci\u00f3n en el\n\u00e1rea del \u00e1lgebra computacional, a la que ha contribuido con numerosos art\u00edculos\nde investigaci\u00f3n y colaboraciones con matem\u00e1ticos espa\u00f1oles y europeos.<\/p>\n\n\n\n<p>Realiza una intensa labor de divulgaci\u00f3n de\nlas matem\u00e1ticas mediante conferencias, espect\u00e1culos, charlas y talleres que han\ndisfrutado miles de personas de todas las edades y por todo el mundo. Ganador\ndel concurso de mon\u00f3logos cient\u00edficos FameLab en 2013, y miembro fundador del\ngrupo Big Van Cient\u00edficos Sobre Ruedas, presenta en YouTube el canal\n\u00abDerivando\u00bb, dedicado a las matem\u00e1ticas y su disfrute. Colabora en diversos\nmedios de comunicaci\u00f3n.<\/p>\n\n\n\n<p>Acompa\u00f1a al autor <strong>Pilar Benito<\/strong>, profesora de \u00c1lgebra de la Universidad de La Rioja.<\/p>\n\n\n\n<div style=\"height:50px\" aria-hidden=\"true\" class=\"wp-block-spacer\"><\/div>\n\n\n\n<h2 class=\"wp-block-heading\"><strong>Javier Romero, el cocinero riojano de internet,\npresenta sus mejores <em>Recetas de morroneo<\/em><\/strong><\/h2>\n\n\n\n<h3 class=\"wp-block-heading\"><strong>Mi\u00e9rcoles 11 de diciembre, a las 19:30 h.<\/strong><\/h3>\n\n\n\n<h4 class=\"wp-block-heading\">Espacio Santos Ochoa. Calvo Sotelo, 19<\/h4>\n\n\n\n<div class=\"wp-block-image\"><figure class=\"alignright is-resized\"><img loading=\"lazy\" decoding=\"async\" src=\"https:\/\/blogs.santosochoa.es\/logrono\/wp-content\/uploads\/sites\/2\/2019\/11\/recetas-de-morroneo_javier-romero.jpg\" alt=\"\" class=\"wp-image-1313\" width=\"210\" height=\"259\" srcset=\"https:\/\/blogs.santosochoa.es\/logrono\/wp-content\/uploads\/sites\/2\/2019\/11\/recetas-de-morroneo_javier-romero.jpg 709w, https:\/\/blogs.santosochoa.es\/logrono\/wp-content\/uploads\/sites\/2\/2019\/11\/recetas-de-morroneo_javier-romero-244x300.jpg 244w\" sizes=\"auto, (max-width: 210px) 100vw, 210px\" \/><\/figure><\/div>\n\n\n\n<h5 class=\"wp-block-heading\"><strong>Javier Romero\nllama cari\u00f1osamente <em>Recetas de morroneo<\/em> a los postres, dulces y\nreposter\u00eda. Esos bocados deliciosos, siempre apetecibles para picotear o para\nponer final feliz a una rica comida. Bizcochos, magdalenas, postres t\u00edpicos\ncomo los roscos de san Blas, flanes, arroz con leche, helados, tartas o\nmermeladas\u2026 En este libro ha recopilado sus recetas favoritas para tenerlas\nsiempre a mano, sencillas y accesibles para todos.<\/strong><\/h5>\n\n\n\n<p><em>\u00abIntento que te resulte muy f\u00e1cil cocinar\nestas recetas. En muchos casos no te lo podr\u00e1s creer, pero s\u00ed, es tan f\u00e1cil que\ntu afici\u00f3n crecer\u00e1 y los tuyos te van a adorar&#8230; Ver\u00e1s que cada receta lleva\nun c\u00f3digo QR, que cuando lo escaneas con tu m\u00f3vil, se abrir\u00e1 el v\u00eddeo para ver\nla receta. Todas las recetas lo llevan por lo que te ser\u00e1 muy \u00fatil para\neliminar tus dudas. Es un libro interactivo 100%\u00bb.<\/em><\/p>\n\n\n\n<p><strong>Javier Romero<\/strong> naci\u00f3 en Salamanca, se crio entre Bilbao y Portugalete y vive en La\nRioja desde la adolescencia, con una familia muy amplia y mucho amor a la\ncocina. Su experiencia le ha llevado a aprender de aqu\u00ed y de all\u00e1 hasta llegar\na pulir su cocina sencilla para toda la familia.<\/p>\n\n\n\n<p>Su programa de cocina es el tercero m\u00e1s visto\nen Espa\u00f1a y cientos de miles de personas lo siguen en su canal de YouTube y en\nlas redes sociales. En 2017 public\u00f3 <em>Cocina familiar<\/em> y ahora nos\nsorprende con su segundo libro <em>Recetas de morroneo.<\/em><\/p>\n\n\n\n<p>Acompa\u00f1a al autor el periodista y vicepresidente de la Academia Riojana de Gastronom\u00eda <strong>Manolo Gonz\u00e1lez<\/strong>.<\/p>\n\n\n\n<div style=\"height:50px\" aria-hidden=\"true\" class=\"wp-block-spacer\"><\/div>\n\n\n\n<h2 class=\"wp-block-heading\"><strong>Agust\u00edn Tejada presenta <em>El \u00faltimo celt\u00edbero<\/em>,\nuna novela hist\u00f3rica ambientada en la Calagurris de los romanos<\/strong><\/h2>\n\n\n\n<h3 class=\"wp-block-heading\"><strong>Jueves 12 de diciembre, a las 19:30 h.<\/strong><\/h3>\n\n\n\n<h4 class=\"wp-block-heading\">Espacio Santos Ochoa. Calvo Sotelo, 19<\/h4>\n\n\n\n<div class=\"wp-block-image\"><figure class=\"alignleft is-resized\"><img loading=\"lazy\" decoding=\"async\" src=\"https:\/\/blogs.santosochoa.es\/logrono\/wp-content\/uploads\/sites\/2\/2019\/11\/el-ultimo-celtibero_agustin-tejada.jpg\" alt=\"\" class=\"wp-image-1315\" width=\"210\" height=\"322\" srcset=\"https:\/\/blogs.santosochoa.es\/logrono\/wp-content\/uploads\/sites\/2\/2019\/11\/el-ultimo-celtibero_agustin-tejada.jpg 591w, https:\/\/blogs.santosochoa.es\/logrono\/wp-content\/uploads\/sites\/2\/2019\/11\/el-ultimo-celtibero_agustin-tejada-196x300.jpg 196w\" sizes=\"auto, (max-width: 210px) 100vw, 210px\" \/><\/figure><\/div>\n\n\n\n<h5 class=\"wp-block-heading\"><strong>Celtiberia. A\u00f1o 73 a. C. Calagurris Nassica, enclave\nhispano fiel al general rebelde Quinto Sertorio, y asediada por tropas\nsenatoriales, est\u00e1 sin apenas v\u00edveres y con los efectivos justos. En una\nsituaci\u00f3n l\u00edmite. Una exigencia tal vez excesiva para Kalaitos, el joven legado\nhispano llamado a dirigir su defensa.<\/strong><\/h5>\n\n\n\n<p>La ciudad, a\norillas del r\u00edo Sidacia, es un basti\u00f3n de vital importancia para los intereses\ndel militar rebelde. Sin embargo, no es la falta de alimentos y hombres el\n\u00fanico problema al que se enfrenta Kalaitos. Pirreso, jefe de los guerreros\ncelt\u00edberos del oppidum, se niega a cederle el mando de las operaciones.\nUltinos, caudillo indiscutible de la ciudad, duda, y simplemente observa las\nviolentas discrepancias entre los dos l\u00edderes.<\/p>\n\n\n\n<p>Y mientras\ntodos esperan una ayuda que no llega, un complot parece haberse puesto en\nmarcha para forzar la rendici\u00f3n del baluarte. Aunque todav\u00eda carece de las\npruebas que lo demuestren, Kalaitos sospecha de Sorban, el heredero de Ultinos,\ny de Kiara, la voluptuosa hechicera de la ciudad.<\/p>\n\n\n\n<p>Un mensajero\ntrae la noticia del asesinato de Quinto Sertorio cuando m\u00e1s enconada es la\npelea. Se trata de Maldo, un mercenario astur, un ser misterioso con\nhabilidades que pronto se demuestran excepcionales.<\/p>\n\n\n\n<p>Muerto el\nhombre que justificaba la lucha contra Roma, la ciudad de Calagurris debe\ndecidir ahora si se rinde o resiste. Hasta el final. Hasta las \u00faltimas\nconsecuencias.<\/p>\n\n\n\n<p><strong>Agust\u00edn Tejada<\/strong> naci\u00f3 en Castej\u00f3n (Navarra) en 1961. Es profesor de ingl\u00e9s desde hace veintiocho a\u00f1os. <em>El \u00faltimo celt\u00edbero<\/em> es su tercera incursi\u00f3n en el mundo romano de la Hispania del siglo I a. C. despu\u00e9s de <em>Hispania. El sue\u00f1o de un rebelde<\/em> y <em>Contrebia Leucade<\/em>, todas publicadas en la colecci\u00f3n Hist\u00f3rica de P\u00e0mies Ediciones, donde tambi\u00e9n se encuentra <em>El indiano de Turrunc\u00fan<\/em>.<\/p>\n\n\n\n<div style=\"height:50px\" aria-hidden=\"true\" class=\"wp-block-spacer\"><\/div>\n\n\n\n<h2 class=\"wp-block-heading\"><strong><em>Cuentos Infinitos<\/em><\/strong><strong>. Cuentacuentos\ninfantiles y solidarios<\/strong><\/h2>\n\n\n\n<h3 class=\"wp-block-heading\"><strong>Del<\/strong><strong> 10 al 14 <\/strong><strong>de <\/strong><strong>diciembre<\/strong><\/h3>\n\n\n\n<h3 class=\"wp-block-heading\">De lunes a viernes: 17:45 y 18:15 h. S\u00e1bado: 12\ny 12:30 h. <\/h3>\n\n\n\n<h4 class=\"wp-block-heading\">Espacio Santos Ochoa. Calvo Sotelo, 19<\/h4>\n\n\n\n<p><strong>Edad: a partir de 2 a\u00f1os<\/strong><\/p>\n\n\n\n<p><strong>Venta anticipada (1 \u20ac por ni\u00f1o) en Santos Ochoa Calvo Sotelo y Gran V\u00eda<\/strong><\/p>\n\n\n\n<div class=\"wp-block-image\"><figure class=\"alignright is-resized\"><img loading=\"lazy\" decoding=\"async\" src=\"https:\/\/blogs.santosochoa.es\/logrono\/wp-content\/uploads\/sites\/2\/2019\/12\/cuentos-infinitos-diciembre-2019.jpg\" alt=\"\" class=\"wp-image-1331\" width=\"211\" height=\"297\" \/><\/figure><\/div>\n\n\n\n<h5 class=\"wp-block-heading\"><strong>Los \u00faltimos cuentos infinitos\nde este a\u00f1o vienen cargados de diversi\u00f3n y buen humor. Los hay navide\u00f1os,\nbailarines y hasta con un hombre palo\u2026 \u00bfQu\u00e9 sorpresas nos habr\u00e1n preparado esta\nvez las libreras cuentistas?<\/strong><\/h5>\n\n\n\n<p>Martes 10. <em>Las jirafas no pueden bailar<\/em><\/p>\n\n\n\n<p>Mi\u00e9rcoles 11. <em>C\u00f3mo esconder un le\u00f3n en Navidad<\/em><\/p>\n\n\n\n<p>Jueves 12. <em>El hombre palo<\/em><\/p>\n\n\n\n<p>Viernes 13. <em>Un regalo diferente<\/em><\/p>\n\n\n\n<p>S\u00e1bado 14. <em>Cuando a Mat\u00edas le entraron ganas de hacer pis\nla noche de reyes<\/em> (12 y 12:30 h.)<\/p>\n\n\n\n<p><strong>Cuentos Infinitos <\/strong>es una iniciativa para ni\u00f1os lectores y familias generosas: cada d\u00eda un cuento. Para asistir solo hace falta una entrada al precio simb\u00f3lico de 1 \u20ac por ni\u00f1o y todo el dinero recogido se destina a facilitar libros a colegios, bibliotecas o asociaciones para colaborar con sus proyectos de fomento de la lectura. Este mes ayudamos al colegio Vuelo Madrid Manila.<\/p>\n\n\n\n<p><strong>Gracias a Barbabuk, El Balc\u00f3n de Mateo y Gr\u00e1ficas Ochoa<\/strong><\/p>\n\n\n\n<div style=\"height:50px\" aria-hidden=\"true\" class=\"wp-block-spacer\"><\/div>\n\n\n\n<h2 class=\"wp-block-heading\"><strong><em>Storytime<\/em><\/strong><strong>, cuentacuentos en ingl\u00e9s con Kids&amp;Us<\/strong><strong><\/strong><\/h2>\n\n\n\n<h3 class=\"wp-block-heading\"><strong>S\u00e1bado\n14 de diciembre. Dos sesiones: 18:30 y 19:30 h.<\/strong><\/h3>\n\n\n\n<h4 class=\"wp-block-heading\">Espacio Santos Ochoa. Calvo Sotelo, 19<\/h4>\n\n\n\n<p><strong>Edad:<\/strong> de 3 a 10 a\u00f1os<\/p>\n\n\n\n<p><strong>Inscripci\u00f3n gratuita<\/strong> <a href=\"https:\/\/blogs.santosochoa.es\/logrono\/agenda\/\" target=\"_blank\" rel=\"noreferrer noopener\" aria-label=\"pinchando aqu\u00ed (abre en una nueva pesta\u00f1a)\">pinchando aqu\u00ed<\/a>.<\/p>\n\n\n\n<div class=\"wp-block-image\"><figure class=\"alignleft is-resized\"><img loading=\"lazy\" decoding=\"async\" src=\"https:\/\/blogs.santosochoa.es\/logrono\/wp-content\/uploads\/sites\/2\/2019\/09\/kidsandus-2019-20.jpg\" alt=\"\" class=\"wp-image-1184\" width=\"202\" height=\"304\" srcset=\"https:\/\/blogs.santosochoa.es\/logrono\/wp-content\/uploads\/sites\/2\/2019\/09\/kidsandus-2019-20.jpg 591w, https:\/\/blogs.santosochoa.es\/logrono\/wp-content\/uploads\/sites\/2\/2019\/09\/kidsandus-2019-20-199x300.jpg 199w\" sizes=\"auto, (max-width: 202px) 100vw, 202px\" \/><\/figure><\/div>\n\n\n\n<h5 class=\"wp-block-heading\"><strong>Kids&amp;Us nos ofrece una vez al mes un rato muy especial de cuentacuentos para que las familias disfrutemos de un peque\u00f1o espect\u00e1culo con distintos personajes, canciones, juegos\u2026 Al mismo tiempo que juntos mejoramos nuestro ingl\u00e9s.<\/strong><\/h5>\n\n\n\n<p>En cada <em>storytime<\/em>\nse interpretan cuentos pensados y desarrollados por el equipo pedag\u00f3gico de\nKids&amp;Us para presentar a los ni\u00f1os historias divertidas y de f\u00e1cil\ncomprensi\u00f3n que permiten la interacci\u00f3n entre ellos y con los monitores.<\/p>\n\n\n\n<p>Al ser un espect\u00e1culo dirigido a los peque\u00f1os de la casa, se\napoya en canciones y materiales visuales. Adem\u00e1s, los actores que dan vida a\nlos personajes se sirven de su gran expresividad para captar la atenci\u00f3n de los\nni\u00f1os a la vez que consiguen su participaci\u00f3n y complicidad.<\/p>\n","protected":false},"excerpt":{"rendered":"<p>Agenda Cultural de Santos Ochoa en Logro\u00f1o. Eduardo S\u00e1enz de Cabez\u00f3n, Javier Romero, Agust\u00edn Tejada, Cuentos Infinitos y Storytime<\/p>\n","protected":false},"author":4,"featured_media":1315,"comment_status":"closed","ping_status":"closed","sticky":false,"template":"","format":"standard","meta":{"footnotes":""},"categories":[15,12,13],"tags":[],"class_list":["post-1328","post","type-post","status-publish","format-standard","has-post-thumbnail","hentry","category-cuentacuentos","category-libros","category-libros-do-rioja"],"yoast_head":"<!-- This site is optimized with the Yoast SEO plugin v27.2 - https:\/\/yoast.com\/product\/yoast-seo-wordpress\/ -->\n<title>Eduardo S\u00e1enz de Cabez\u00f3n, Javier Romero, Agust\u00edn Tejada, Cuentos Infinitos y Storytime - Santos Ochoa Logro\u00f1o<\/title>\n<meta name=\"description\" content=\"Agenda Cultural de Santos Ochoa en Logro\u00f1o. Eduardo S\u00e1enz de Cabez\u00f3n, Javier Romero, Agust\u00edn Tejada, Cuentos Infinitos y Storytime\" \/>\n<meta name=\"robots\" content=\"index, follow, max-snippet:-1, max-image-preview:large, max-video-preview:-1\" \/>\n<link rel=\"canonical\" href=\"https:\/\/blogs.santosochoa.es\/logrono\/eduardo-saenz-de-cabezon-javier-romero-agustin-tejada-cuentos-infinitos-y-storytime\/\" \/>\n<meta property=\"og:locale\" content=\"es_ES\" \/>\n<meta property=\"og:type\" content=\"article\" \/>\n<meta property=\"og:title\" content=\"Eduardo S\u00e1enz de Cabez\u00f3n, Javier Romero, Agust\u00edn Tejada, Cuentos Infinitos y Storytime - Santos Ochoa Logro\u00f1o\" \/>\n<meta property=\"og:description\" content=\"Agenda Cultural de Santos Ochoa en Logro\u00f1o. Eduardo S\u00e1enz de Cabez\u00f3n, Javier Romero, Agust\u00edn Tejada, Cuentos Infinitos y Storytime\" \/>\n<meta property=\"og:url\" content=\"https:\/\/blogs.santosochoa.es\/logrono\/eduardo-saenz-de-cabezon-javier-romero-agustin-tejada-cuentos-infinitos-y-storytime\/\" \/>\n<meta property=\"og:site_name\" content=\"Santos Ochoa Logro\u00f1o\" \/>\n<meta property=\"article:author\" content=\"https:\/\/www.facebook.com\/santosochoalog\" \/>\n<meta property=\"article:published_time\" content=\"2019-12-04T14:21:39+00:00\" \/>\n<meta property=\"article:modified_time\" content=\"2019-12-04T14:21:41+00:00\" \/>\n<meta property=\"og:image\" content=\"https:\/\/blogs.santosochoa.es\/logrono\/wp-content\/uploads\/sites\/2\/2019\/11\/el-ultimo-celtibero_agustin-tejada.jpg\" \/>\n\t<meta property=\"og:image:width\" content=\"591\" \/>\n\t<meta property=\"og:image:height\" content=\"906\" \/>\n\t<meta property=\"og:image:type\" content=\"image\/jpeg\" \/>\n<meta name=\"author\" content=\"Santos Ochoa Logro\u00f1o\" \/>\n<meta name=\"twitter:card\" content=\"summary_large_image\" \/>\n<meta name=\"twitter:creator\" content=\"@santosochoalog\" \/>\n<meta name=\"twitter:label1\" content=\"Written by\" \/>\n\t<meta name=\"twitter:data1\" content=\"Santos Ochoa Logro\u00f1o\" \/>\n\t<meta name=\"twitter:label2\" content=\"Est. reading time\" \/>\n\t<meta name=\"twitter:data2\" content=\"7 minutos\" \/>\n<script type=\"application\/ld+json\" class=\"yoast-schema-graph\">{\"@context\":\"https:\/\/schema.org\",\"@graph\":[{\"@type\":\"Article\",\"@id\":\"https:\/\/blogs.santosochoa.es\/logrono\/eduardo-saenz-de-cabezon-javier-romero-agustin-tejada-cuentos-infinitos-y-storytime\/#article\",\"isPartOf\":{\"@id\":\"https:\/\/blogs.santosochoa.es\/logrono\/eduardo-saenz-de-cabezon-javier-romero-agustin-tejada-cuentos-infinitos-y-storytime\/\"},\"author\":{\"name\":\"Santos Ochoa Logro\u00f1o\",\"@id\":\"https:\/\/blogs.santosochoa.es\/logrono\/#\/schema\/person\/103664eb8c60fbeea1880c704687c2e3\"},\"headline\":\"Eduardo S\u00e1enz de Cabez\u00f3n, Javier Romero, Agust\u00edn Tejada, Cuentos Infinitos y Storytime\",\"datePublished\":\"2019-12-04T14:21:39+00:00\",\"dateModified\":\"2019-12-04T14:21:41+00:00\",\"mainEntityOfPage\":{\"@id\":\"https:\/\/blogs.santosochoa.es\/logrono\/eduardo-saenz-de-cabezon-javier-romero-agustin-tejada-cuentos-infinitos-y-storytime\/\"},\"wordCount\":1372,\"image\":{\"@id\":\"https:\/\/blogs.santosochoa.es\/logrono\/eduardo-saenz-de-cabezon-javier-romero-agustin-tejada-cuentos-infinitos-y-storytime\/#primaryimage\"},\"thumbnailUrl\":\"https:\/\/blogs.santosochoa.es\/logrono\/wp-content\/uploads\/sites\/2\/2019\/11\/el-ultimo-celtibero_agustin-tejada.jpg\",\"articleSection\":[\"cuentacuentos\",\"libros\",\"libros do rioja\"],\"inLanguage\":\"es\"},{\"@type\":\"WebPage\",\"@id\":\"https:\/\/blogs.santosochoa.es\/logrono\/eduardo-saenz-de-cabezon-javier-romero-agustin-tejada-cuentos-infinitos-y-storytime\/\",\"url\":\"https:\/\/blogs.santosochoa.es\/logrono\/eduardo-saenz-de-cabezon-javier-romero-agustin-tejada-cuentos-infinitos-y-storytime\/\",\"name\":\"Eduardo S\u00e1enz de Cabez\u00f3n, Javier Romero, Agust\u00edn Tejada, Cuentos Infinitos y Storytime - Santos Ochoa Logro\u00f1o\",\"isPartOf\":{\"@id\":\"https:\/\/blogs.santosochoa.es\/logrono\/#website\"},\"primaryImageOfPage\":{\"@id\":\"https:\/\/blogs.santosochoa.es\/logrono\/eduardo-saenz-de-cabezon-javier-romero-agustin-tejada-cuentos-infinitos-y-storytime\/#primaryimage\"},\"image\":{\"@id\":\"https:\/\/blogs.santosochoa.es\/logrono\/eduardo-saenz-de-cabezon-javier-romero-agustin-tejada-cuentos-infinitos-y-storytime\/#primaryimage\"},\"thumbnailUrl\":\"https:\/\/blogs.santosochoa.es\/logrono\/wp-content\/uploads\/sites\/2\/2019\/11\/el-ultimo-celtibero_agustin-tejada.jpg\",\"datePublished\":\"2019-12-04T14:21:39+00:00\",\"dateModified\":\"2019-12-04T14:21:41+00:00\",\"author\":{\"@id\":\"https:\/\/blogs.santosochoa.es\/logrono\/#\/schema\/person\/103664eb8c60fbeea1880c704687c2e3\"},\"description\":\"Agenda Cultural de Santos Ochoa en Logro\u00f1o. Eduardo S\u00e1enz de Cabez\u00f3n, Javier Romero, Agust\u00edn Tejada, Cuentos Infinitos y Storytime\",\"breadcrumb\":{\"@id\":\"https:\/\/blogs.santosochoa.es\/logrono\/eduardo-saenz-de-cabezon-javier-romero-agustin-tejada-cuentos-infinitos-y-storytime\/#breadcrumb\"},\"inLanguage\":\"es\",\"potentialAction\":[{\"@type\":\"ReadAction\",\"target\":[\"https:\/\/blogs.santosochoa.es\/logrono\/eduardo-saenz-de-cabezon-javier-romero-agustin-tejada-cuentos-infinitos-y-storytime\/\"]}]},{\"@type\":\"ImageObject\",\"inLanguage\":\"es\",\"@id\":\"https:\/\/blogs.santosochoa.es\/logrono\/eduardo-saenz-de-cabezon-javier-romero-agustin-tejada-cuentos-infinitos-y-storytime\/#primaryimage\",\"url\":\"https:\/\/blogs.santosochoa.es\/logrono\/wp-content\/uploads\/sites\/2\/2019\/11\/el-ultimo-celtibero_agustin-tejada.jpg\",\"contentUrl\":\"https:\/\/blogs.santosochoa.es\/logrono\/wp-content\/uploads\/sites\/2\/2019\/11\/el-ultimo-celtibero_agustin-tejada.jpg\",\"width\":591,\"height\":906},{\"@type\":\"BreadcrumbList\",\"@id\":\"https:\/\/blogs.santosochoa.es\/logrono\/eduardo-saenz-de-cabezon-javier-romero-agustin-tejada-cuentos-infinitos-y-storytime\/#breadcrumb\",\"itemListElement\":[{\"@type\":\"ListItem\",\"position\":1,\"name\":\"Home\",\"item\":\"https:\/\/blogs.santosochoa.es\/logrono\/\"},{\"@type\":\"ListItem\",\"position\":2,\"name\":\"Eduardo S\u00e1enz de Cabez\u00f3n, Javier Romero, Agust\u00edn Tejada, Cuentos Infinitos y Storytime\"}]},{\"@type\":\"WebSite\",\"@id\":\"https:\/\/blogs.santosochoa.es\/logrono\/#website\",\"url\":\"https:\/\/blogs.santosochoa.es\/logrono\/\",\"name\":\"Santos Ochoa Logro\u00f1o\",\"description\":\"Tu Librer\u00eda Online\",\"potentialAction\":[{\"@type\":\"SearchAction\",\"target\":{\"@type\":\"EntryPoint\",\"urlTemplate\":\"https:\/\/blogs.santosochoa.es\/logrono\/?s={search_term_string}\"},\"query-input\":{\"@type\":\"PropertyValueSpecification\",\"valueRequired\":true,\"valueName\":\"search_term_string\"}}],\"inLanguage\":\"es\"},{\"@type\":\"Person\",\"@id\":\"https:\/\/blogs.santosochoa.es\/logrono\/#\/schema\/person\/103664eb8c60fbeea1880c704687c2e3\",\"name\":\"Santos Ochoa Logro\u00f1o\",\"sameAs\":[\"http:\/\/santosochoa.es\",\"https:\/\/www.facebook.com\/santosochoalog\",\"https:\/\/www.instagram.com\/santosochoalog\/\",\"https:\/\/x.com\/santosochoalog\",\"https:\/\/www.youtube.com\/c\/SantosOchoaLibros\"]}]}<\/script>\n<!-- \/ Yoast SEO plugin. -->","yoast_head_json":{"title":"Eduardo S\u00e1enz de Cabez\u00f3n, Javier Romero, Agust\u00edn Tejada, Cuentos Infinitos y Storytime - Santos Ochoa Logro\u00f1o","description":"Agenda Cultural de Santos Ochoa en Logro\u00f1o. Eduardo S\u00e1enz de Cabez\u00f3n, Javier Romero, Agust\u00edn Tejada, Cuentos Infinitos y Storytime","robots":{"index":"index","follow":"follow","max-snippet":"max-snippet:-1","max-image-preview":"max-image-preview:large","max-video-preview":"max-video-preview:-1"},"canonical":"https:\/\/blogs.santosochoa.es\/logrono\/eduardo-saenz-de-cabezon-javier-romero-agustin-tejada-cuentos-infinitos-y-storytime\/","og_locale":"es_ES","og_type":"article","og_title":"Eduardo S\u00e1enz de Cabez\u00f3n, Javier Romero, Agust\u00edn Tejada, Cuentos Infinitos y Storytime - Santos Ochoa Logro\u00f1o","og_description":"Agenda Cultural de Santos Ochoa en Logro\u00f1o. Eduardo S\u00e1enz de Cabez\u00f3n, Javier Romero, Agust\u00edn Tejada, Cuentos Infinitos y Storytime","og_url":"https:\/\/blogs.santosochoa.es\/logrono\/eduardo-saenz-de-cabezon-javier-romero-agustin-tejada-cuentos-infinitos-y-storytime\/","og_site_name":"Santos Ochoa Logro\u00f1o","article_author":"https:\/\/www.facebook.com\/santosochoalog","article_published_time":"2019-12-04T14:21:39+00:00","article_modified_time":"2019-12-04T14:21:41+00:00","og_image":[{"width":591,"height":906,"url":"https:\/\/blogs.santosochoa.es\/logrono\/wp-content\/uploads\/sites\/2\/2019\/11\/el-ultimo-celtibero_agustin-tejada.jpg","type":"image\/jpeg"}],"author":"Santos Ochoa Logro\u00f1o","twitter_card":"summary_large_image","twitter_creator":"@santosochoalog","twitter_misc":{"Written by":"Santos Ochoa Logro\u00f1o","Est. reading time":"7 minutos"},"schema":{"@context":"https:\/\/schema.org","@graph":[{"@type":"Article","@id":"https:\/\/blogs.santosochoa.es\/logrono\/eduardo-saenz-de-cabezon-javier-romero-agustin-tejada-cuentos-infinitos-y-storytime\/#article","isPartOf":{"@id":"https:\/\/blogs.santosochoa.es\/logrono\/eduardo-saenz-de-cabezon-javier-romero-agustin-tejada-cuentos-infinitos-y-storytime\/"},"author":{"name":"Santos Ochoa Logro\u00f1o","@id":"https:\/\/blogs.santosochoa.es\/logrono\/#\/schema\/person\/103664eb8c60fbeea1880c704687c2e3"},"headline":"Eduardo S\u00e1enz de Cabez\u00f3n, Javier Romero, Agust\u00edn Tejada, Cuentos Infinitos y Storytime","datePublished":"2019-12-04T14:21:39+00:00","dateModified":"2019-12-04T14:21:41+00:00","mainEntityOfPage":{"@id":"https:\/\/blogs.santosochoa.es\/logrono\/eduardo-saenz-de-cabezon-javier-romero-agustin-tejada-cuentos-infinitos-y-storytime\/"},"wordCount":1372,"image":{"@id":"https:\/\/blogs.santosochoa.es\/logrono\/eduardo-saenz-de-cabezon-javier-romero-agustin-tejada-cuentos-infinitos-y-storytime\/#primaryimage"},"thumbnailUrl":"https:\/\/blogs.santosochoa.es\/logrono\/wp-content\/uploads\/sites\/2\/2019\/11\/el-ultimo-celtibero_agustin-tejada.jpg","articleSection":["cuentacuentos","libros","libros do rioja"],"inLanguage":"es"},{"@type":"WebPage","@id":"https:\/\/blogs.santosochoa.es\/logrono\/eduardo-saenz-de-cabezon-javier-romero-agustin-tejada-cuentos-infinitos-y-storytime\/","url":"https:\/\/blogs.santosochoa.es\/logrono\/eduardo-saenz-de-cabezon-javier-romero-agustin-tejada-cuentos-infinitos-y-storytime\/","name":"Eduardo S\u00e1enz de Cabez\u00f3n, Javier Romero, Agust\u00edn Tejada, Cuentos Infinitos y Storytime - Santos Ochoa Logro\u00f1o","isPartOf":{"@id":"https:\/\/blogs.santosochoa.es\/logrono\/#website"},"primaryImageOfPage":{"@id":"https:\/\/blogs.santosochoa.es\/logrono\/eduardo-saenz-de-cabezon-javier-romero-agustin-tejada-cuentos-infinitos-y-storytime\/#primaryimage"},"image":{"@id":"https:\/\/blogs.santosochoa.es\/logrono\/eduardo-saenz-de-cabezon-javier-romero-agustin-tejada-cuentos-infinitos-y-storytime\/#primaryimage"},"thumbnailUrl":"https:\/\/blogs.santosochoa.es\/logrono\/wp-content\/uploads\/sites\/2\/2019\/11\/el-ultimo-celtibero_agustin-tejada.jpg","datePublished":"2019-12-04T14:21:39+00:00","dateModified":"2019-12-04T14:21:41+00:00","author":{"@id":"https:\/\/blogs.santosochoa.es\/logrono\/#\/schema\/person\/103664eb8c60fbeea1880c704687c2e3"},"description":"Agenda Cultural de Santos Ochoa en Logro\u00f1o. Eduardo S\u00e1enz de Cabez\u00f3n, Javier Romero, Agust\u00edn Tejada, Cuentos Infinitos y Storytime","breadcrumb":{"@id":"https:\/\/blogs.santosochoa.es\/logrono\/eduardo-saenz-de-cabezon-javier-romero-agustin-tejada-cuentos-infinitos-y-storytime\/#breadcrumb"},"inLanguage":"es","potentialAction":[{"@type":"ReadAction","target":["https:\/\/blogs.santosochoa.es\/logrono\/eduardo-saenz-de-cabezon-javier-romero-agustin-tejada-cuentos-infinitos-y-storytime\/"]}]},{"@type":"ImageObject","inLanguage":"es","@id":"https:\/\/blogs.santosochoa.es\/logrono\/eduardo-saenz-de-cabezon-javier-romero-agustin-tejada-cuentos-infinitos-y-storytime\/#primaryimage","url":"https:\/\/blogs.santosochoa.es\/logrono\/wp-content\/uploads\/sites\/2\/2019\/11\/el-ultimo-celtibero_agustin-tejada.jpg","contentUrl":"https:\/\/blogs.santosochoa.es\/logrono\/wp-content\/uploads\/sites\/2\/2019\/11\/el-ultimo-celtibero_agustin-tejada.jpg","width":591,"height":906},{"@type":"BreadcrumbList","@id":"https:\/\/blogs.santosochoa.es\/logrono\/eduardo-saenz-de-cabezon-javier-romero-agustin-tejada-cuentos-infinitos-y-storytime\/#breadcrumb","itemListElement":[{"@type":"ListItem","position":1,"name":"Home","item":"https:\/\/blogs.santosochoa.es\/logrono\/"},{"@type":"ListItem","position":2,"name":"Eduardo S\u00e1enz de Cabez\u00f3n, Javier Romero, Agust\u00edn Tejada, Cuentos Infinitos y Storytime"}]},{"@type":"WebSite","@id":"https:\/\/blogs.santosochoa.es\/logrono\/#website","url":"https:\/\/blogs.santosochoa.es\/logrono\/","name":"Santos Ochoa Logro\u00f1o","description":"Tu Librer\u00eda Online","potentialAction":[{"@type":"SearchAction","target":{"@type":"EntryPoint","urlTemplate":"https:\/\/blogs.santosochoa.es\/logrono\/?s={search_term_string}"},"query-input":{"@type":"PropertyValueSpecification","valueRequired":true,"valueName":"search_term_string"}}],"inLanguage":"es"},{"@type":"Person","@id":"https:\/\/blogs.santosochoa.es\/logrono\/#\/schema\/person\/103664eb8c60fbeea1880c704687c2e3","name":"Santos Ochoa Logro\u00f1o","sameAs":["http:\/\/santosochoa.es","https:\/\/www.facebook.com\/santosochoalog","https:\/\/www.instagram.com\/santosochoalog\/","https:\/\/x.com\/santosochoalog","https:\/\/www.youtube.com\/c\/SantosOchoaLibros"]}]}},"_links":{"self":[{"href":"https:\/\/blogs.santosochoa.es\/logrono\/wp-json\/wp\/v2\/posts\/1328","targetHints":{"allow":["GET"]}}],"collection":[{"href":"https:\/\/blogs.santosochoa.es\/logrono\/wp-json\/wp\/v2\/posts"}],"about":[{"href":"https:\/\/blogs.santosochoa.es\/logrono\/wp-json\/wp\/v2\/types\/post"}],"author":[{"embeddable":true,"href":"https:\/\/blogs.santosochoa.es\/logrono\/wp-json\/wp\/v2\/users\/4"}],"replies":[{"embeddable":true,"href":"https:\/\/blogs.santosochoa.es\/logrono\/wp-json\/wp\/v2\/comments?post=1328"}],"version-history":[{"count":5,"href":"https:\/\/blogs.santosochoa.es\/logrono\/wp-json\/wp\/v2\/posts\/1328\/revisions"}],"predecessor-version":[{"id":1334,"href":"https:\/\/blogs.santosochoa.es\/logrono\/wp-json\/wp\/v2\/posts\/1328\/revisions\/1334"}],"wp:featuredmedia":[{"embeddable":true,"href":"https:\/\/blogs.santosochoa.es\/logrono\/wp-json\/wp\/v2\/media\/1315"}],"wp:attachment":[{"href":"https:\/\/blogs.santosochoa.es\/logrono\/wp-json\/wp\/v2\/media?parent=1328"}],"wp:term":[{"taxonomy":"category","embeddable":true,"href":"https:\/\/blogs.santosochoa.es\/logrono\/wp-json\/wp\/v2\/categories?post=1328"},{"taxonomy":"post_tag","embeddable":true,"href":"https:\/\/blogs.santosochoa.es\/logrono\/wp-json\/wp\/v2\/tags?post=1328"}],"curies":[{"name":"wp","href":"https:\/\/api.w.org\/{rel}","templated":true}]}}