{"id":1286,"date":"2019-10-30T13:56:27","date_gmt":"2019-10-30T12:56:27","guid":{"rendered":"https:\/\/blogs.santosochoa.es\/logrono\/?p=1286"},"modified":"2019-10-30T13:56:29","modified_gmt":"2019-10-30T12:56:29","slug":"ulises-claver-lucia-echegaray-y-storytime","status":"publish","type":"post","link":"https:\/\/blogs.santosochoa.es\/logrono\/ulises-claver-lucia-echegaray-y-storytime\/","title":{"rendered":"Ulises Claver, Luc\u00eda Echegaray y Storytime"},"content":{"rendered":"\n<h2 class=\"wp-block-heading\"><strong>Guillermo Moracia y Beatriz Castro presentan <em>Ulises Claver<\/em>, el Sherlock Holmes de los millennials<\/strong><\/h2>\n\n\n\n<h3 class=\"wp-block-heading\"><strong>Mi\u00e9rcoles 6 de noviembre, a las 18:30 h.<\/strong><\/h3>\n\n\n\n<h4 class=\"wp-block-heading\">Espacio Santos Ochoa. Calvo Sotelo, 19<\/h4>\n\n\n\n<p>A partir de 10 a\u00f1os. Entrada libre<\/p>\n\n\n\n<div class=\"wp-block-image\"><figure class=\"alignleft is-resized\"><img loading=\"lazy\" decoding=\"async\" src=\"https:\/\/blogs.santosochoa.es\/logrono\/wp-content\/uploads\/sites\/2\/2019\/10\/ulises-claver-y-la-pantalla-maldita.jpg\" alt=\"\" class=\"wp-image-1251\" width=\"219\" height=\"328\" srcset=\"https:\/\/blogs.santosochoa.es\/logrono\/wp-content\/uploads\/sites\/2\/2019\/10\/ulises-claver-y-la-pantalla-maldita.jpg 591w, https:\/\/blogs.santosochoa.es\/logrono\/wp-content\/uploads\/sites\/2\/2019\/10\/ulises-claver-y-la-pantalla-maldita-200x300.jpg 200w\" sizes=\"auto, (max-width: 219px) 100vw, 219px\" \/><\/figure><\/div>\n\n\n\n<h5 class=\"wp-block-heading\"><strong>Ulises Claver\nno es un ni\u00f1o normal. \u00a1Su capacidad de deducci\u00f3n podr\u00eda eclipsar al mism\u00edsimo\nSherlock Holmes! Junto con sus amigos, Sof\u00eda y P\u00e1vel, forman una pandilla capaz\nde llegar hasta el fin del mundo. El problema es que, esta vez, el misterio los\nllevar\u00e1 todav\u00eda m\u00e1s lejos. Nadie que haya cruzado la Pantalla Maldita ha podido\nregresar.<\/strong><\/h5>\n\n\n\n<p>Una emocionante aventura con youtubers, videojuegos y reliquias de anticuario. Una nueva serie infantil escrita e ilustrada por dos autores logro\u00f1eses.<\/p>\n\n\n\n<p><strong>Guillermo Moracia<\/strong> (Logro\u00f1o, 1984) siempre quiso ser una mezcla\nde Indiana Jones, Tint\u00edn y Stoichkov. Como se defiende dibujando y malgasta su\ntiempo viendo pel\u00edculas, se licenci\u00f3 en Bellas Artes. Suele pasar el rato\nescuchando discos o leyendo y, cuando se aburre, le da por escribir historias\nm\u00e1s o menos fant\u00e1sticas.<\/p>\n\n\n\n<p><strong>Beatriz Castro<\/strong>, 1985. Estudia el Grado Superior de Ilustraci\u00f3n en la Escuela de Artes de Logro\u00f1o, su ciudad natal. Despu\u00e9s de un fallido intento de estudiar Dise\u00f1o, volvi\u00f3 a dibujar, que era lo que m\u00e1s le gustaba y decidi\u00f3 embarcarse en la carrera de la ilustraci\u00f3n. Colabora con diversas editoriales de aqu\u00ed y de m\u00e1s all\u00e1. Su debilidad son los cuentos ilustrados. Su estilo es infantil, con texturas y puntos de luz que otorgan un matiz personal a sus trabajos. Le encanta viajar y vive con su familia, compuesta por dos perros, L\u00e9on y Greta y un p\u00e1jaro, llamado P\u00e1jaro.<\/p>\n\n\n\n<div style=\"height:50px\" aria-hidden=\"true\" class=\"wp-block-spacer\"><\/div>\n\n\n\n<h2 class=\"wp-block-heading\"><strong>La joven Luc\u00eda Echegaray presenta <em>Bailar bajo la tormenta<\/em>, un valiente testimonio de bullying<\/strong><\/h2>\n\n\n\n<h3 class=\"wp-block-heading\"><strong>Jueves 7 de noviembre, a las 18:00 h.<\/strong><\/h3>\n\n\n\n<h4 class=\"wp-block-heading\">Espacio Santos Ochoa. Calvo Sotelo, 19<\/h4>\n\n\n\n<div class=\"wp-block-image\"><figure class=\"alignright is-resized\"><img loading=\"lazy\" decoding=\"async\" src=\"https:\/\/blogs.santosochoa.es\/logrono\/wp-content\/uploads\/sites\/2\/2019\/10\/bailar-bajo-la-tormenta_lucia-echegaray.jpg\" alt=\"\" class=\"wp-image-1253\" width=\"218\" height=\"348\" srcset=\"https:\/\/blogs.santosochoa.es\/logrono\/wp-content\/uploads\/sites\/2\/2019\/10\/bailar-bajo-la-tormenta_lucia-echegaray.jpg 591w, https:\/\/blogs.santosochoa.es\/logrono\/wp-content\/uploads\/sites\/2\/2019\/10\/bailar-bajo-la-tormenta_lucia-echegaray-188x300.jpg 188w\" sizes=\"auto, (max-width: 218px) 100vw, 218px\" \/><\/figure><\/div>\n\n\n\n<p><strong>Todos tenemos\nuna historia que contar, algo que ha marcado nuestras vidas y nos ha llevado a\nestar donde estamos. Yo quisiera contar la m\u00eda.<\/strong><\/p>\n\n\n\n<h5 class=\"wp-block-heading\"><strong>Mi nombre es\nBeatriz y tengo dieciocho a\u00f1os. Todo empez\u00f3 de la forma m\u00e1s inocente posible y\na ra\u00edz de eso se desencaden\u00f3 una aut\u00e9ntica tormenta. Pas\u00e9 a\u00f1os y a\u00f1os de mi\ninfancia sin comprender por qu\u00e9 me pasaba lo que me estaba pasando, por qu\u00e9 mi\nvida era as\u00ed, y creyendo que nunca nadie lo entender\u00eda. Hasta que escuch\u00e9 por\nprimera vez esa palabra que quedar\u00eda marcada a fuego en mi memoria y me har\u00eda\nver que no soy el bicho raro que me hicieron creer. Esa palabra es <em>bullying<\/em>.<\/strong><\/h5>\n\n\n\n<p>Un testimonio de superaci\u00f3n. Narrado en\nprimera persona, este libro presenta con valent\u00eda la historia de una ni\u00f1a que\nsiempre ha sufrido en el colegio. Tan duro como necesario, supone una gran\noportunidad de escuchar la voz de muchos ni\u00f1os y ni\u00f1as que viven con miedo y\nangustia unos a\u00f1os que deber\u00edan ser inocentes y felices.<\/p>\n\n\n\n<p>Su joven autora consigue acercar al lector a\nsus vivencias, a sus pensamientos y a sus temores, hasta el punto de\ninterpelarle y compartir con ella una mirada al acoso escolar en la que todas\nlas personas juegan su papel: quienes insultan y pegan, quienes solo miran y\ncallan, quienes niegan el problema o lo minimizan, quienes escuchan y ayudan,\nquienes lo padecen y, como ella, consiguen recuperarse y ser felices.<\/p>\n\n\n\n<p>Este libro es su generoso testimonio de\nsuperaci\u00f3n, aprendizaje y perd\u00f3n; su manera de decir a quienes puedan sentirse\nsolos e incomprendidos que no lo est\u00e1n; y, sobre todo, su personal invitaci\u00f3n a\nbailar bajo la tormenta.<\/p>\n\n\n\n<p>Soy <strong>Luc\u00eda Echegaray<\/strong>, vivo en\nPamplona y estudio Trabajo Social. Me encanta dibujar, el baile y hasta la\noratoria y el debate. Mi mayor pasi\u00f3n es la escritura. Desde ni\u00f1a he so\u00f1ado con\nescribir y publicar alg\u00fan d\u00eda y hoy por fin, a los dieciocho a\u00f1os, muestro el\nsue\u00f1o que me ha acompa\u00f1ado siempre: <em>Bailar bajo a tormenta<\/em>.<\/p>\n\n\n\n<p>Desde su publicaci\u00f3n he realizado\npresentaciones, conferencias, charlas en colegios, he formado parte de mesas\nredondas y campa\u00f1as contra el bullying. Seguir\u00e9 participando en cualquier\nevento que contribuya a visibilizar el acoso escolar, tratar de erradicarlo y\napoyar a sus v\u00edctimas.<\/p>\n\n\n\n<p>Acompa\u00f1a a la autora la <strong>Asociaci\u00f3n Contra el Acoso Escolar ACAE Rioja<\/strong>.<\/p>\n\n\n\n<div style=\"height:50px\" aria-hidden=\"true\" class=\"wp-block-spacer\"><\/div>\n\n\n\n<h2 class=\"wp-block-heading\"><strong><em>Storytime Babies<\/em><\/strong><strong>, cuentacuentos en ingl\u00e9s con Kids&amp;Us<\/strong><strong><\/strong><\/h2>\n\n\n\n<h3 class=\"wp-block-heading\"><strong>S\u00e1bado 9 de noviembre. Dos sesiones: 18:30 y 19:30 h.<\/strong><\/h3>\n\n\n\n<h4 class=\"wp-block-heading\">Espacio Santos Ochoa. Calvo Sotelo, 19<\/h4>\n\n\n\n<p><strong>Edad:<\/strong> de 1 a 3 a\u00f1os. <strong><a href=\"https:\/\/blogs.santosochoa.es\/logrono\/agenda\/\" target=\"_blank\" rel=\"noreferrer noopener\" aria-label=\"Inscripci\u00f3n gratuita\u00a0pinchando aqu\u00ed (abre en una nueva pesta\u00f1a)\">Inscripci\u00f3n gratuita\u00a0pinchando aqu\u00ed<\/a>.<\/strong><\/p>\n\n\n\n<div class=\"wp-block-image\"><figure class=\"alignleft is-resized\"><img loading=\"lazy\" decoding=\"async\" src=\"https:\/\/blogs.santosochoa.es\/logrono\/wp-content\/uploads\/sites\/2\/2019\/09\/kidsandus-2019-20.jpg\" alt=\"\" class=\"wp-image-1184\" width=\"204\" height=\"307\" srcset=\"https:\/\/blogs.santosochoa.es\/logrono\/wp-content\/uploads\/sites\/2\/2019\/09\/kidsandus-2019-20.jpg 591w, https:\/\/blogs.santosochoa.es\/logrono\/wp-content\/uploads\/sites\/2\/2019\/09\/kidsandus-2019-20-199x300.jpg 199w\" sizes=\"auto, (max-width: 204px) 100vw, 204px\" \/><\/figure><\/div>\n\n\n\n<h5 class=\"wp-block-heading\"><strong>Kids&amp;Us nos ofrece una vez al mes un rato muy especial de cuentacuentos para que las familias disfrutemos de un peque\u00f1o espect\u00e1culo con distintos personajes, canciones, juegos\u2026 Al mismo tiempo que juntos mejoramos nuestro ingl\u00e9s.<\/strong><\/h5>\n\n\n\n<p>En cada <em>storytime<\/em>\nse interpretan cuentos pensados y desarrollados por el equipo pedag\u00f3gico de\nKids&amp;Us para presentar a los ni\u00f1os historias divertidas y de f\u00e1cil\ncomprensi\u00f3n que permiten la interacci\u00f3n entre ellos y con los monitores.\n\nAl ser\nun espect\u00e1culo dirigido a los peque\u00f1os de la casa, se apoya en canciones y\nmateriales visuales. Adem\u00e1s, los actores que dan vida a los personajes se\nsirven de su gran expresividad para captar la atenci\u00f3n de los ni\u00f1os a la vez\nque consiguen su participaci\u00f3n y complicidad.\n\n\n\n<\/p>\n","protected":false},"excerpt":{"rendered":"<p>Agenda cultural de Santos Ochoa Logro\u00f1o. Nueva serie juvenil Ulises Claver. Luc\u00eda Echegaray presenta \u00abBailar bajo la tormenta\u00bb. Storytime con Kids&amp;Us<\/p>\n","protected":false},"author":4,"featured_media":1251,"comment_status":"closed","ping_status":"closed","sticky":false,"template":"","format":"standard","meta":{"footnotes":""},"categories":[15,18,29,12,21],"tags":[],"class_list":["post-1286","post","type-post","status-publish","format-standard","has-post-thumbnail","hentry","category-cuentacuentos","category-taller-infantil","category-juvenil","category-libros","category-ser-padres"],"yoast_head":"<!-- This site is optimized with the Yoast SEO plugin v27.2 - https:\/\/yoast.com\/product\/yoast-seo-wordpress\/ -->\n<title>Ulises Claver, Luc\u00eda Echegaray y Storytime - Santos Ochoa Logro\u00f1o<\/title>\n<meta name=\"description\" content=\"Agenda cultural de Santos Ochoa Logro\u00f1o. Nueva serie juvenil Ulises Claver. Luc\u00eda Echegaray presenta &quot;Bailar bajo la tormenta&quot;. Storytime con Kids&amp;Us\" \/>\n<meta name=\"robots\" content=\"index, follow, max-snippet:-1, max-image-preview:large, max-video-preview:-1\" \/>\n<link rel=\"canonical\" href=\"https:\/\/blogs.santosochoa.es\/logrono\/ulises-claver-lucia-echegaray-y-storytime\/\" \/>\n<meta property=\"og:locale\" content=\"es_ES\" \/>\n<meta property=\"og:type\" content=\"article\" \/>\n<meta property=\"og:title\" content=\"Ulises Claver, Luc\u00eda Echegaray y Storytime - Santos Ochoa Logro\u00f1o\" \/>\n<meta property=\"og:description\" content=\"Agenda cultural de Santos Ochoa Logro\u00f1o. Nueva serie juvenil Ulises Claver. Luc\u00eda Echegaray presenta &quot;Bailar bajo la tormenta&quot;. Storytime con Kids&amp;Us\" \/>\n<meta property=\"og:url\" content=\"https:\/\/blogs.santosochoa.es\/logrono\/ulises-claver-lucia-echegaray-y-storytime\/\" \/>\n<meta property=\"og:site_name\" content=\"Santos Ochoa Logro\u00f1o\" \/>\n<meta property=\"article:author\" content=\"https:\/\/www.facebook.com\/santosochoalog\" \/>\n<meta property=\"article:published_time\" content=\"2019-10-30T12:56:27+00:00\" \/>\n<meta property=\"article:modified_time\" content=\"2019-10-30T12:56:29+00:00\" \/>\n<meta property=\"og:image\" content=\"https:\/\/blogs.santosochoa.es\/logrono\/wp-content\/uploads\/sites\/2\/2019\/10\/ulises-claver-y-la-pantalla-maldita.jpg\" \/>\n\t<meta property=\"og:image:width\" content=\"591\" \/>\n\t<meta property=\"og:image:height\" content=\"886\" \/>\n\t<meta property=\"og:image:type\" content=\"image\/jpeg\" \/>\n<meta name=\"author\" content=\"Santos Ochoa Logro\u00f1o\" \/>\n<meta name=\"twitter:card\" content=\"summary_large_image\" \/>\n<meta name=\"twitter:creator\" content=\"@santosochoalog\" \/>\n<meta name=\"twitter:label1\" content=\"Written by\" \/>\n\t<meta name=\"twitter:data1\" content=\"Santos Ochoa Logro\u00f1o\" \/>\n\t<meta name=\"twitter:label2\" content=\"Est. reading time\" \/>\n\t<meta name=\"twitter:data2\" content=\"5 minutos\" \/>\n<script type=\"application\/ld+json\" class=\"yoast-schema-graph\">{\"@context\":\"https:\/\/schema.org\",\"@graph\":[{\"@type\":\"Article\",\"@id\":\"https:\/\/blogs.santosochoa.es\/logrono\/ulises-claver-lucia-echegaray-y-storytime\/#article\",\"isPartOf\":{\"@id\":\"https:\/\/blogs.santosochoa.es\/logrono\/ulises-claver-lucia-echegaray-y-storytime\/\"},\"author\":{\"name\":\"Santos Ochoa Logro\u00f1o\",\"@id\":\"https:\/\/blogs.santosochoa.es\/logrono\/#\/schema\/person\/103664eb8c60fbeea1880c704687c2e3\"},\"headline\":\"Ulises Claver, Luc\u00eda Echegaray y Storytime\",\"datePublished\":\"2019-10-30T12:56:27+00:00\",\"dateModified\":\"2019-10-30T12:56:29+00:00\",\"mainEntityOfPage\":{\"@id\":\"https:\/\/blogs.santosochoa.es\/logrono\/ulises-claver-lucia-echegaray-y-storytime\/\"},\"wordCount\":915,\"image\":{\"@id\":\"https:\/\/blogs.santosochoa.es\/logrono\/ulises-claver-lucia-echegaray-y-storytime\/#primaryimage\"},\"thumbnailUrl\":\"https:\/\/blogs.santosochoa.es\/logrono\/wp-content\/uploads\/sites\/2\/2019\/10\/ulises-claver-y-la-pantalla-maldita.jpg\",\"articleSection\":[\"cuentacuentos\",\"infantil\",\"juvenil\",\"libros\",\"ser padres\"],\"inLanguage\":\"es\"},{\"@type\":\"WebPage\",\"@id\":\"https:\/\/blogs.santosochoa.es\/logrono\/ulises-claver-lucia-echegaray-y-storytime\/\",\"url\":\"https:\/\/blogs.santosochoa.es\/logrono\/ulises-claver-lucia-echegaray-y-storytime\/\",\"name\":\"Ulises Claver, Luc\u00eda Echegaray y Storytime - Santos Ochoa Logro\u00f1o\",\"isPartOf\":{\"@id\":\"https:\/\/blogs.santosochoa.es\/logrono\/#website\"},\"primaryImageOfPage\":{\"@id\":\"https:\/\/blogs.santosochoa.es\/logrono\/ulises-claver-lucia-echegaray-y-storytime\/#primaryimage\"},\"image\":{\"@id\":\"https:\/\/blogs.santosochoa.es\/logrono\/ulises-claver-lucia-echegaray-y-storytime\/#primaryimage\"},\"thumbnailUrl\":\"https:\/\/blogs.santosochoa.es\/logrono\/wp-content\/uploads\/sites\/2\/2019\/10\/ulises-claver-y-la-pantalla-maldita.jpg\",\"datePublished\":\"2019-10-30T12:56:27+00:00\",\"dateModified\":\"2019-10-30T12:56:29+00:00\",\"author\":{\"@id\":\"https:\/\/blogs.santosochoa.es\/logrono\/#\/schema\/person\/103664eb8c60fbeea1880c704687c2e3\"},\"description\":\"Agenda cultural de Santos Ochoa Logro\u00f1o. Nueva serie juvenil Ulises Claver. Luc\u00eda Echegaray presenta \\\"Bailar bajo la tormenta\\\". Storytime con Kids&Us\",\"breadcrumb\":{\"@id\":\"https:\/\/blogs.santosochoa.es\/logrono\/ulises-claver-lucia-echegaray-y-storytime\/#breadcrumb\"},\"inLanguage\":\"es\",\"potentialAction\":[{\"@type\":\"ReadAction\",\"target\":[\"https:\/\/blogs.santosochoa.es\/logrono\/ulises-claver-lucia-echegaray-y-storytime\/\"]}]},{\"@type\":\"ImageObject\",\"inLanguage\":\"es\",\"@id\":\"https:\/\/blogs.santosochoa.es\/logrono\/ulises-claver-lucia-echegaray-y-storytime\/#primaryimage\",\"url\":\"https:\/\/blogs.santosochoa.es\/logrono\/wp-content\/uploads\/sites\/2\/2019\/10\/ulises-claver-y-la-pantalla-maldita.jpg\",\"contentUrl\":\"https:\/\/blogs.santosochoa.es\/logrono\/wp-content\/uploads\/sites\/2\/2019\/10\/ulises-claver-y-la-pantalla-maldita.jpg\",\"width\":591,\"height\":886},{\"@type\":\"BreadcrumbList\",\"@id\":\"https:\/\/blogs.santosochoa.es\/logrono\/ulises-claver-lucia-echegaray-y-storytime\/#breadcrumb\",\"itemListElement\":[{\"@type\":\"ListItem\",\"position\":1,\"name\":\"Home\",\"item\":\"https:\/\/blogs.santosochoa.es\/logrono\/\"},{\"@type\":\"ListItem\",\"position\":2,\"name\":\"Ulises Claver, Luc\u00eda Echegaray y Storytime\"}]},{\"@type\":\"WebSite\",\"@id\":\"https:\/\/blogs.santosochoa.es\/logrono\/#website\",\"url\":\"https:\/\/blogs.santosochoa.es\/logrono\/\",\"name\":\"Santos Ochoa Logro\u00f1o\",\"description\":\"Tu Librer\u00eda Online\",\"potentialAction\":[{\"@type\":\"SearchAction\",\"target\":{\"@type\":\"EntryPoint\",\"urlTemplate\":\"https:\/\/blogs.santosochoa.es\/logrono\/?s={search_term_string}\"},\"query-input\":{\"@type\":\"PropertyValueSpecification\",\"valueRequired\":true,\"valueName\":\"search_term_string\"}}],\"inLanguage\":\"es\"},{\"@type\":\"Person\",\"@id\":\"https:\/\/blogs.santosochoa.es\/logrono\/#\/schema\/person\/103664eb8c60fbeea1880c704687c2e3\",\"name\":\"Santos Ochoa Logro\u00f1o\",\"sameAs\":[\"http:\/\/santosochoa.es\",\"https:\/\/www.facebook.com\/santosochoalog\",\"https:\/\/www.instagram.com\/santosochoalog\/\",\"https:\/\/x.com\/santosochoalog\",\"https:\/\/www.youtube.com\/c\/SantosOchoaLibros\"]}]}<\/script>\n<!-- \/ Yoast SEO plugin. -->","yoast_head_json":{"title":"Ulises Claver, Luc\u00eda Echegaray y Storytime - Santos Ochoa Logro\u00f1o","description":"Agenda cultural de Santos Ochoa Logro\u00f1o. Nueva serie juvenil Ulises Claver. Luc\u00eda Echegaray presenta \"Bailar bajo la tormenta\". Storytime con Kids&Us","robots":{"index":"index","follow":"follow","max-snippet":"max-snippet:-1","max-image-preview":"max-image-preview:large","max-video-preview":"max-video-preview:-1"},"canonical":"https:\/\/blogs.santosochoa.es\/logrono\/ulises-claver-lucia-echegaray-y-storytime\/","og_locale":"es_ES","og_type":"article","og_title":"Ulises Claver, Luc\u00eda Echegaray y Storytime - Santos Ochoa Logro\u00f1o","og_description":"Agenda cultural de Santos Ochoa Logro\u00f1o. Nueva serie juvenil Ulises Claver. Luc\u00eda Echegaray presenta \"Bailar bajo la tormenta\". Storytime con Kids&Us","og_url":"https:\/\/blogs.santosochoa.es\/logrono\/ulises-claver-lucia-echegaray-y-storytime\/","og_site_name":"Santos Ochoa Logro\u00f1o","article_author":"https:\/\/www.facebook.com\/santosochoalog","article_published_time":"2019-10-30T12:56:27+00:00","article_modified_time":"2019-10-30T12:56:29+00:00","og_image":[{"width":591,"height":886,"url":"https:\/\/blogs.santosochoa.es\/logrono\/wp-content\/uploads\/sites\/2\/2019\/10\/ulises-claver-y-la-pantalla-maldita.jpg","type":"image\/jpeg"}],"author":"Santos Ochoa Logro\u00f1o","twitter_card":"summary_large_image","twitter_creator":"@santosochoalog","twitter_misc":{"Written by":"Santos Ochoa Logro\u00f1o","Est. reading time":"5 minutos"},"schema":{"@context":"https:\/\/schema.org","@graph":[{"@type":"Article","@id":"https:\/\/blogs.santosochoa.es\/logrono\/ulises-claver-lucia-echegaray-y-storytime\/#article","isPartOf":{"@id":"https:\/\/blogs.santosochoa.es\/logrono\/ulises-claver-lucia-echegaray-y-storytime\/"},"author":{"name":"Santos Ochoa Logro\u00f1o","@id":"https:\/\/blogs.santosochoa.es\/logrono\/#\/schema\/person\/103664eb8c60fbeea1880c704687c2e3"},"headline":"Ulises Claver, Luc\u00eda Echegaray y Storytime","datePublished":"2019-10-30T12:56:27+00:00","dateModified":"2019-10-30T12:56:29+00:00","mainEntityOfPage":{"@id":"https:\/\/blogs.santosochoa.es\/logrono\/ulises-claver-lucia-echegaray-y-storytime\/"},"wordCount":915,"image":{"@id":"https:\/\/blogs.santosochoa.es\/logrono\/ulises-claver-lucia-echegaray-y-storytime\/#primaryimage"},"thumbnailUrl":"https:\/\/blogs.santosochoa.es\/logrono\/wp-content\/uploads\/sites\/2\/2019\/10\/ulises-claver-y-la-pantalla-maldita.jpg","articleSection":["cuentacuentos","infantil","juvenil","libros","ser padres"],"inLanguage":"es"},{"@type":"WebPage","@id":"https:\/\/blogs.santosochoa.es\/logrono\/ulises-claver-lucia-echegaray-y-storytime\/","url":"https:\/\/blogs.santosochoa.es\/logrono\/ulises-claver-lucia-echegaray-y-storytime\/","name":"Ulises Claver, Luc\u00eda Echegaray y Storytime - Santos Ochoa Logro\u00f1o","isPartOf":{"@id":"https:\/\/blogs.santosochoa.es\/logrono\/#website"},"primaryImageOfPage":{"@id":"https:\/\/blogs.santosochoa.es\/logrono\/ulises-claver-lucia-echegaray-y-storytime\/#primaryimage"},"image":{"@id":"https:\/\/blogs.santosochoa.es\/logrono\/ulises-claver-lucia-echegaray-y-storytime\/#primaryimage"},"thumbnailUrl":"https:\/\/blogs.santosochoa.es\/logrono\/wp-content\/uploads\/sites\/2\/2019\/10\/ulises-claver-y-la-pantalla-maldita.jpg","datePublished":"2019-10-30T12:56:27+00:00","dateModified":"2019-10-30T12:56:29+00:00","author":{"@id":"https:\/\/blogs.santosochoa.es\/logrono\/#\/schema\/person\/103664eb8c60fbeea1880c704687c2e3"},"description":"Agenda cultural de Santos Ochoa Logro\u00f1o. Nueva serie juvenil Ulises Claver. Luc\u00eda Echegaray presenta \"Bailar bajo la tormenta\". Storytime con Kids&Us","breadcrumb":{"@id":"https:\/\/blogs.santosochoa.es\/logrono\/ulises-claver-lucia-echegaray-y-storytime\/#breadcrumb"},"inLanguage":"es","potentialAction":[{"@type":"ReadAction","target":["https:\/\/blogs.santosochoa.es\/logrono\/ulises-claver-lucia-echegaray-y-storytime\/"]}]},{"@type":"ImageObject","inLanguage":"es","@id":"https:\/\/blogs.santosochoa.es\/logrono\/ulises-claver-lucia-echegaray-y-storytime\/#primaryimage","url":"https:\/\/blogs.santosochoa.es\/logrono\/wp-content\/uploads\/sites\/2\/2019\/10\/ulises-claver-y-la-pantalla-maldita.jpg","contentUrl":"https:\/\/blogs.santosochoa.es\/logrono\/wp-content\/uploads\/sites\/2\/2019\/10\/ulises-claver-y-la-pantalla-maldita.jpg","width":591,"height":886},{"@type":"BreadcrumbList","@id":"https:\/\/blogs.santosochoa.es\/logrono\/ulises-claver-lucia-echegaray-y-storytime\/#breadcrumb","itemListElement":[{"@type":"ListItem","position":1,"name":"Home","item":"https:\/\/blogs.santosochoa.es\/logrono\/"},{"@type":"ListItem","position":2,"name":"Ulises Claver, Luc\u00eda Echegaray y Storytime"}]},{"@type":"WebSite","@id":"https:\/\/blogs.santosochoa.es\/logrono\/#website","url":"https:\/\/blogs.santosochoa.es\/logrono\/","name":"Santos Ochoa Logro\u00f1o","description":"Tu Librer\u00eda Online","potentialAction":[{"@type":"SearchAction","target":{"@type":"EntryPoint","urlTemplate":"https:\/\/blogs.santosochoa.es\/logrono\/?s={search_term_string}"},"query-input":{"@type":"PropertyValueSpecification","valueRequired":true,"valueName":"search_term_string"}}],"inLanguage":"es"},{"@type":"Person","@id":"https:\/\/blogs.santosochoa.es\/logrono\/#\/schema\/person\/103664eb8c60fbeea1880c704687c2e3","name":"Santos Ochoa Logro\u00f1o","sameAs":["http:\/\/santosochoa.es","https:\/\/www.facebook.com\/santosochoalog","https:\/\/www.instagram.com\/santosochoalog\/","https:\/\/x.com\/santosochoalog","https:\/\/www.youtube.com\/c\/SantosOchoaLibros"]}]}},"_links":{"self":[{"href":"https:\/\/blogs.santosochoa.es\/logrono\/wp-json\/wp\/v2\/posts\/1286","targetHints":{"allow":["GET"]}}],"collection":[{"href":"https:\/\/blogs.santosochoa.es\/logrono\/wp-json\/wp\/v2\/posts"}],"about":[{"href":"https:\/\/blogs.santosochoa.es\/logrono\/wp-json\/wp\/v2\/types\/post"}],"author":[{"embeddable":true,"href":"https:\/\/blogs.santosochoa.es\/logrono\/wp-json\/wp\/v2\/users\/4"}],"replies":[{"embeddable":true,"href":"https:\/\/blogs.santosochoa.es\/logrono\/wp-json\/wp\/v2\/comments?post=1286"}],"version-history":[{"count":1,"href":"https:\/\/blogs.santosochoa.es\/logrono\/wp-json\/wp\/v2\/posts\/1286\/revisions"}],"predecessor-version":[{"id":1287,"href":"https:\/\/blogs.santosochoa.es\/logrono\/wp-json\/wp\/v2\/posts\/1286\/revisions\/1287"}],"wp:featuredmedia":[{"embeddable":true,"href":"https:\/\/blogs.santosochoa.es\/logrono\/wp-json\/wp\/v2\/media\/1251"}],"wp:attachment":[{"href":"https:\/\/blogs.santosochoa.es\/logrono\/wp-json\/wp\/v2\/media?parent=1286"}],"wp:term":[{"taxonomy":"category","embeddable":true,"href":"https:\/\/blogs.santosochoa.es\/logrono\/wp-json\/wp\/v2\/categories?post=1286"},{"taxonomy":"post_tag","embeddable":true,"href":"https:\/\/blogs.santosochoa.es\/logrono\/wp-json\/wp\/v2\/tags?post=1286"}],"curies":[{"name":"wp","href":"https:\/\/api.w.org\/{rel}","templated":true}]}}