{"id":1247,"date":"2019-10-24T10:06:18","date_gmt":"2019-10-24T08:06:18","guid":{"rendered":"https:\/\/blogs.santosochoa.es\/logrono\/?p=1247"},"modified":"2019-10-24T10:06:19","modified_gmt":"2019-10-24T08:06:19","slug":"charla-para-padres-y-educadores","status":"publish","type":"post","link":"https:\/\/blogs.santosochoa.es\/logrono\/charla-para-padres-y-educadores\/","title":{"rendered":"Charla para padres y educadores"},"content":{"rendered":"\n<h2 class=\"wp-block-heading\"><strong><em>Los l\u00edmites dan seguridad. La seguridad, libertad. <\/em>Con\u00a0Olga\u00a0Moreno<\/strong><\/h2>\n\n\n\n<h3 class=\"wp-block-heading\"><strong>Mi\u00e9rcoles<\/strong><strong> <\/strong><strong>30<\/strong><strong>\nde octubre, a las 19:00 h.<\/strong><\/h3>\n\n\n\n<h4 class=\"wp-block-heading\">Espacio Santos Ochoa. Calvo Sotelo, 19<\/h4>\n\n\n\n<div class=\"wp-block-image\"><figure class=\"alignleft is-resized\"><img loading=\"lazy\" decoding=\"async\" src=\"https:\/\/blogs.santosochoa.es\/logrono\/wp-content\/uploads\/sites\/2\/2019\/09\/los-ni\u00f1os-y-las-ni\u00f1as-piensan-de-otra-manera.jpg\" alt=\"\" class=\"wp-image-1223\" width=\"242\" height=\"254\" srcset=\"https:\/\/blogs.santosochoa.es\/logrono\/wp-content\/uploads\/sites\/2\/2019\/09\/los-ni\u00f1os-y-las-ni\u00f1as-piensan-de-otra-manera.jpg 591w, https:\/\/blogs.santosochoa.es\/logrono\/wp-content\/uploads\/sites\/2\/2019\/09\/los-ni\u00f1os-y-las-ni\u00f1as-piensan-de-otra-manera-286x300.jpg 286w\" sizes=\"auto, (max-width: 242px) 100vw, 242px\" \/><\/figure><\/div>\n\n\n\n<h5 class=\"wp-block-heading\"><strong>Poner l\u00edmites es\nir de la mano con nuestros hijos y mostrarles el mundo. La mayor\u00eda de los\nl\u00edmites importantes no nos los tenemos que inventar, est\u00e1n ah\u00ed y su raz\u00f3n son\nla seguridad o la socializaci\u00f3n. Es fundamental no poner l\u00edmites innecesarios,\npara que la exploraci\u00f3n y el desarrollo de la personalidad se den con toda su\nfuerza, para que los ni\u00f1os puedan sentirse bien consigo mismos.<\/strong><\/h5>\n\n\n\n<p>Olga Moreno nos ofrece en esta charla su visi\u00f3n\ny su experiencia sobre un tema que hoy nos tiene preocupados y confundidos a\nmuchos padres: los l\u00edmites. \u00bfCu\u00e1les? \u00bfCu\u00e1ndo? \u00bfC\u00f3mo? \u00bfPor qu\u00e9?<\/p>\n\n\n\n<p>Para comprender un poco mejor a los peques,\nnos recomienda <strong><em>Los ni\u00f1os y las\nni\u00f1as piensan de otra manera<\/em><\/strong>, un\nfant\u00e1stico libro de vi\u00f1etas del pedagogo Francesco Tonucci, que resume en clave\nde humor aspectos de la crianza, de la escuela, la familia y la vida cotidiana.<\/p>\n\n\n\n<p>\u00bfC\u00f3mo piensan los ni\u00f1os? \u00abIgual que nosotros,\npero en peque\u00f1o\u00bb, podr\u00eda afirmar ingenuamente un adulto; pero no es as\u00ed. La\nforma de pensar de los ni\u00f1os y ni\u00f1as es diferente y misteriosa. Diferente porque\ndiferentes son sus intereses, sus opiniones, sus preocupaciones. Misteriosa\nporque es dif\u00edcil de entender. Los ni\u00f1os y ni\u00f1as a menudo dicen una cosa para\ncomunicar otra; o no dicen exactamente lo que piensan, ya que podr\u00eda\nacarrearles problemas con nosotros, los adultos.<\/p>\n\n\n\n<p><strong>Olga Moreno<\/strong> es educadora social, psicomotricista y experta en atenci\u00f3n y\nestimulaci\u00f3n temprana. Ha trabajado en el hospital St Mary\u2019s de Dublin con\nni\u00f1os hasta 8 a\u00f1os, y ha dirigido Minigym, un gimnasio para ni\u00f1os,\nespecializado en psicomotricidad infantil.<\/p>\n\n\n\n<p><em>Fui una ni\u00f1a rara y mi mayor deseo era ser\nnormal. Con mis fantas\u00edas, sue\u00f1os, ilusiones e ideas, crec\u00ed y aprend\u00ed que es\ngenial ser rara. Ahora me dedico a ayudar a otros ni\u00f1os a encontrar su propio\ncamino.<\/em><\/p>\n","protected":false},"excerpt":{"rendered":"<p>Agenda Cultural de Santos Ochoa Logro\u00f1o. \u00abLos l\u00edmites dan seguridad. La seguridad, libertad\u00bb. Charla para padres y educadores con Olga Moreno<\/p>\n","protected":false},"author":4,"featured_media":1223,"comment_status":"closed","ping_status":"closed","sticky":false,"template":"","format":"standard","meta":{"footnotes":""},"categories":[10,21],"tags":[],"class_list":["post-1247","post","type-post","status-publish","format-standard","has-post-thumbnail","hentry","category-charlas","category-ser-padres"],"yoast_head":"<!-- This site is optimized with the Yoast SEO plugin v27.2 - https:\/\/yoast.com\/product\/yoast-seo-wordpress\/ -->\n<title>Charla para padres y educadores - Santos Ochoa Logro\u00f1o<\/title>\n<meta name=\"description\" content=\"Agenda Cultural de Santos Ochoa Logro\u00f1o. &quot;Los l\u00edmites dan seguridad. La seguridad, libertad&quot;. Charla para padres y educadores con Olga Moreno\" \/>\n<meta name=\"robots\" content=\"index, follow, max-snippet:-1, max-image-preview:large, max-video-preview:-1\" \/>\n<link rel=\"canonical\" href=\"https:\/\/blogs.santosochoa.es\/logrono\/charla-para-padres-y-educadores\/\" \/>\n<meta property=\"og:locale\" content=\"es_ES\" \/>\n<meta property=\"og:type\" content=\"article\" \/>\n<meta property=\"og:title\" content=\"Charla para padres y educadores - Santos Ochoa Logro\u00f1o\" \/>\n<meta property=\"og:description\" content=\"Agenda Cultural de Santos Ochoa Logro\u00f1o. &quot;Los l\u00edmites dan seguridad. La seguridad, libertad&quot;. Charla para padres y educadores con Olga Moreno\" \/>\n<meta property=\"og:url\" content=\"https:\/\/blogs.santosochoa.es\/logrono\/charla-para-padres-y-educadores\/\" \/>\n<meta property=\"og:site_name\" content=\"Santos Ochoa Logro\u00f1o\" \/>\n<meta property=\"article:author\" content=\"https:\/\/www.facebook.com\/santosochoalog\" \/>\n<meta property=\"article:published_time\" content=\"2019-10-24T08:06:18+00:00\" \/>\n<meta property=\"article:modified_time\" content=\"2019-10-24T08:06:19+00:00\" \/>\n<meta property=\"og:image\" content=\"https:\/\/blogs.santosochoa.es\/logrono\/wp-content\/uploads\/sites\/2\/2019\/09\/los-ni\u00f1os-y-las-ni\u00f1as-piensan-de-otra-manera.jpg\" \/>\n\t<meta property=\"og:image:width\" content=\"591\" \/>\n\t<meta property=\"og:image:height\" content=\"620\" \/>\n\t<meta property=\"og:image:type\" content=\"image\/jpeg\" \/>\n<meta name=\"author\" content=\"Santos Ochoa Logro\u00f1o\" \/>\n<meta name=\"twitter:card\" content=\"summary_large_image\" \/>\n<meta name=\"twitter:creator\" content=\"@santosochoalog\" \/>\n<meta name=\"twitter:label1\" content=\"Written by\" \/>\n\t<meta name=\"twitter:data1\" content=\"Santos Ochoa Logro\u00f1o\" \/>\n\t<meta name=\"twitter:label2\" content=\"Est. reading time\" \/>\n\t<meta name=\"twitter:data2\" content=\"2 minutos\" \/>\n<script type=\"application\/ld+json\" class=\"yoast-schema-graph\">{\"@context\":\"https:\/\/schema.org\",\"@graph\":[{\"@type\":\"Article\",\"@id\":\"https:\/\/blogs.santosochoa.es\/logrono\/charla-para-padres-y-educadores\/#article\",\"isPartOf\":{\"@id\":\"https:\/\/blogs.santosochoa.es\/logrono\/charla-para-padres-y-educadores\/\"},\"author\":{\"name\":\"Santos Ochoa Logro\u00f1o\",\"@id\":\"https:\/\/blogs.santosochoa.es\/logrono\/#\/schema\/person\/103664eb8c60fbeea1880c704687c2e3\"},\"headline\":\"Charla para padres y educadores\",\"datePublished\":\"2019-10-24T08:06:18+00:00\",\"dateModified\":\"2019-10-24T08:06:19+00:00\",\"mainEntityOfPage\":{\"@id\":\"https:\/\/blogs.santosochoa.es\/logrono\/charla-para-padres-y-educadores\/\"},\"wordCount\":366,\"image\":{\"@id\":\"https:\/\/blogs.santosochoa.es\/logrono\/charla-para-padres-y-educadores\/#primaryimage\"},\"thumbnailUrl\":\"https:\/\/blogs.santosochoa.es\/logrono\/wp-content\/uploads\/sites\/2\/2019\/09\/los-ni\u00f1os-y-las-ni\u00f1as-piensan-de-otra-manera.jpg\",\"articleSection\":[\"charlas\",\"ser padres\"],\"inLanguage\":\"es\"},{\"@type\":\"WebPage\",\"@id\":\"https:\/\/blogs.santosochoa.es\/logrono\/charla-para-padres-y-educadores\/\",\"url\":\"https:\/\/blogs.santosochoa.es\/logrono\/charla-para-padres-y-educadores\/\",\"name\":\"Charla para padres y educadores - Santos Ochoa Logro\u00f1o\",\"isPartOf\":{\"@id\":\"https:\/\/blogs.santosochoa.es\/logrono\/#website\"},\"primaryImageOfPage\":{\"@id\":\"https:\/\/blogs.santosochoa.es\/logrono\/charla-para-padres-y-educadores\/#primaryimage\"},\"image\":{\"@id\":\"https:\/\/blogs.santosochoa.es\/logrono\/charla-para-padres-y-educadores\/#primaryimage\"},\"thumbnailUrl\":\"https:\/\/blogs.santosochoa.es\/logrono\/wp-content\/uploads\/sites\/2\/2019\/09\/los-ni\u00f1os-y-las-ni\u00f1as-piensan-de-otra-manera.jpg\",\"datePublished\":\"2019-10-24T08:06:18+00:00\",\"dateModified\":\"2019-10-24T08:06:19+00:00\",\"author\":{\"@id\":\"https:\/\/blogs.santosochoa.es\/logrono\/#\/schema\/person\/103664eb8c60fbeea1880c704687c2e3\"},\"description\":\"Agenda Cultural de Santos Ochoa Logro\u00f1o. \\\"Los l\u00edmites dan seguridad. La seguridad, libertad\\\". Charla para padres y educadores con Olga Moreno\",\"breadcrumb\":{\"@id\":\"https:\/\/blogs.santosochoa.es\/logrono\/charla-para-padres-y-educadores\/#breadcrumb\"},\"inLanguage\":\"es\",\"potentialAction\":[{\"@type\":\"ReadAction\",\"target\":[\"https:\/\/blogs.santosochoa.es\/logrono\/charla-para-padres-y-educadores\/\"]}]},{\"@type\":\"ImageObject\",\"inLanguage\":\"es\",\"@id\":\"https:\/\/blogs.santosochoa.es\/logrono\/charla-para-padres-y-educadores\/#primaryimage\",\"url\":\"https:\/\/blogs.santosochoa.es\/logrono\/wp-content\/uploads\/sites\/2\/2019\/09\/los-ni\u00f1os-y-las-ni\u00f1as-piensan-de-otra-manera.jpg\",\"contentUrl\":\"https:\/\/blogs.santosochoa.es\/logrono\/wp-content\/uploads\/sites\/2\/2019\/09\/los-ni\u00f1os-y-las-ni\u00f1as-piensan-de-otra-manera.jpg\",\"width\":591,\"height\":620},{\"@type\":\"BreadcrumbList\",\"@id\":\"https:\/\/blogs.santosochoa.es\/logrono\/charla-para-padres-y-educadores\/#breadcrumb\",\"itemListElement\":[{\"@type\":\"ListItem\",\"position\":1,\"name\":\"Home\",\"item\":\"https:\/\/blogs.santosochoa.es\/logrono\/\"},{\"@type\":\"ListItem\",\"position\":2,\"name\":\"Charla para padres y educadores\"}]},{\"@type\":\"WebSite\",\"@id\":\"https:\/\/blogs.santosochoa.es\/logrono\/#website\",\"url\":\"https:\/\/blogs.santosochoa.es\/logrono\/\",\"name\":\"Santos Ochoa Logro\u00f1o\",\"description\":\"Tu Librer\u00eda Online\",\"potentialAction\":[{\"@type\":\"SearchAction\",\"target\":{\"@type\":\"EntryPoint\",\"urlTemplate\":\"https:\/\/blogs.santosochoa.es\/logrono\/?s={search_term_string}\"},\"query-input\":{\"@type\":\"PropertyValueSpecification\",\"valueRequired\":true,\"valueName\":\"search_term_string\"}}],\"inLanguage\":\"es\"},{\"@type\":\"Person\",\"@id\":\"https:\/\/blogs.santosochoa.es\/logrono\/#\/schema\/person\/103664eb8c60fbeea1880c704687c2e3\",\"name\":\"Santos Ochoa Logro\u00f1o\",\"sameAs\":[\"http:\/\/santosochoa.es\",\"https:\/\/www.facebook.com\/santosochoalog\",\"https:\/\/www.instagram.com\/santosochoalog\/\",\"https:\/\/x.com\/santosochoalog\",\"https:\/\/www.youtube.com\/c\/SantosOchoaLibros\"]}]}<\/script>\n<!-- \/ Yoast SEO plugin. -->","yoast_head_json":{"title":"Charla para padres y educadores - Santos Ochoa Logro\u00f1o","description":"Agenda Cultural de Santos Ochoa Logro\u00f1o. \"Los l\u00edmites dan seguridad. La seguridad, libertad\". Charla para padres y educadores con Olga Moreno","robots":{"index":"index","follow":"follow","max-snippet":"max-snippet:-1","max-image-preview":"max-image-preview:large","max-video-preview":"max-video-preview:-1"},"canonical":"https:\/\/blogs.santosochoa.es\/logrono\/charla-para-padres-y-educadores\/","og_locale":"es_ES","og_type":"article","og_title":"Charla para padres y educadores - Santos Ochoa Logro\u00f1o","og_description":"Agenda Cultural de Santos Ochoa Logro\u00f1o. \"Los l\u00edmites dan seguridad. La seguridad, libertad\". Charla para padres y educadores con Olga Moreno","og_url":"https:\/\/blogs.santosochoa.es\/logrono\/charla-para-padres-y-educadores\/","og_site_name":"Santos Ochoa Logro\u00f1o","article_author":"https:\/\/www.facebook.com\/santosochoalog","article_published_time":"2019-10-24T08:06:18+00:00","article_modified_time":"2019-10-24T08:06:19+00:00","og_image":[{"width":591,"height":620,"url":"https:\/\/blogs.santosochoa.es\/logrono\/wp-content\/uploads\/sites\/2\/2019\/09\/los-ni\u00f1os-y-las-ni\u00f1as-piensan-de-otra-manera.jpg","type":"image\/jpeg"}],"author":"Santos Ochoa Logro\u00f1o","twitter_card":"summary_large_image","twitter_creator":"@santosochoalog","twitter_misc":{"Written by":"Santos Ochoa Logro\u00f1o","Est. reading time":"2 minutos"},"schema":{"@context":"https:\/\/schema.org","@graph":[{"@type":"Article","@id":"https:\/\/blogs.santosochoa.es\/logrono\/charla-para-padres-y-educadores\/#article","isPartOf":{"@id":"https:\/\/blogs.santosochoa.es\/logrono\/charla-para-padres-y-educadores\/"},"author":{"name":"Santos Ochoa Logro\u00f1o","@id":"https:\/\/blogs.santosochoa.es\/logrono\/#\/schema\/person\/103664eb8c60fbeea1880c704687c2e3"},"headline":"Charla para padres y educadores","datePublished":"2019-10-24T08:06:18+00:00","dateModified":"2019-10-24T08:06:19+00:00","mainEntityOfPage":{"@id":"https:\/\/blogs.santosochoa.es\/logrono\/charla-para-padres-y-educadores\/"},"wordCount":366,"image":{"@id":"https:\/\/blogs.santosochoa.es\/logrono\/charla-para-padres-y-educadores\/#primaryimage"},"thumbnailUrl":"https:\/\/blogs.santosochoa.es\/logrono\/wp-content\/uploads\/sites\/2\/2019\/09\/los-ni\u00f1os-y-las-ni\u00f1as-piensan-de-otra-manera.jpg","articleSection":["charlas","ser padres"],"inLanguage":"es"},{"@type":"WebPage","@id":"https:\/\/blogs.santosochoa.es\/logrono\/charla-para-padres-y-educadores\/","url":"https:\/\/blogs.santosochoa.es\/logrono\/charla-para-padres-y-educadores\/","name":"Charla para padres y educadores - Santos Ochoa Logro\u00f1o","isPartOf":{"@id":"https:\/\/blogs.santosochoa.es\/logrono\/#website"},"primaryImageOfPage":{"@id":"https:\/\/blogs.santosochoa.es\/logrono\/charla-para-padres-y-educadores\/#primaryimage"},"image":{"@id":"https:\/\/blogs.santosochoa.es\/logrono\/charla-para-padres-y-educadores\/#primaryimage"},"thumbnailUrl":"https:\/\/blogs.santosochoa.es\/logrono\/wp-content\/uploads\/sites\/2\/2019\/09\/los-ni\u00f1os-y-las-ni\u00f1as-piensan-de-otra-manera.jpg","datePublished":"2019-10-24T08:06:18+00:00","dateModified":"2019-10-24T08:06:19+00:00","author":{"@id":"https:\/\/blogs.santosochoa.es\/logrono\/#\/schema\/person\/103664eb8c60fbeea1880c704687c2e3"},"description":"Agenda Cultural de Santos Ochoa Logro\u00f1o. \"Los l\u00edmites dan seguridad. La seguridad, libertad\". Charla para padres y educadores con Olga Moreno","breadcrumb":{"@id":"https:\/\/blogs.santosochoa.es\/logrono\/charla-para-padres-y-educadores\/#breadcrumb"},"inLanguage":"es","potentialAction":[{"@type":"ReadAction","target":["https:\/\/blogs.santosochoa.es\/logrono\/charla-para-padres-y-educadores\/"]}]},{"@type":"ImageObject","inLanguage":"es","@id":"https:\/\/blogs.santosochoa.es\/logrono\/charla-para-padres-y-educadores\/#primaryimage","url":"https:\/\/blogs.santosochoa.es\/logrono\/wp-content\/uploads\/sites\/2\/2019\/09\/los-ni\u00f1os-y-las-ni\u00f1as-piensan-de-otra-manera.jpg","contentUrl":"https:\/\/blogs.santosochoa.es\/logrono\/wp-content\/uploads\/sites\/2\/2019\/09\/los-ni\u00f1os-y-las-ni\u00f1as-piensan-de-otra-manera.jpg","width":591,"height":620},{"@type":"BreadcrumbList","@id":"https:\/\/blogs.santosochoa.es\/logrono\/charla-para-padres-y-educadores\/#breadcrumb","itemListElement":[{"@type":"ListItem","position":1,"name":"Home","item":"https:\/\/blogs.santosochoa.es\/logrono\/"},{"@type":"ListItem","position":2,"name":"Charla para padres y educadores"}]},{"@type":"WebSite","@id":"https:\/\/blogs.santosochoa.es\/logrono\/#website","url":"https:\/\/blogs.santosochoa.es\/logrono\/","name":"Santos Ochoa Logro\u00f1o","description":"Tu Librer\u00eda Online","potentialAction":[{"@type":"SearchAction","target":{"@type":"EntryPoint","urlTemplate":"https:\/\/blogs.santosochoa.es\/logrono\/?s={search_term_string}"},"query-input":{"@type":"PropertyValueSpecification","valueRequired":true,"valueName":"search_term_string"}}],"inLanguage":"es"},{"@type":"Person","@id":"https:\/\/blogs.santosochoa.es\/logrono\/#\/schema\/person\/103664eb8c60fbeea1880c704687c2e3","name":"Santos Ochoa Logro\u00f1o","sameAs":["http:\/\/santosochoa.es","https:\/\/www.facebook.com\/santosochoalog","https:\/\/www.instagram.com\/santosochoalog\/","https:\/\/x.com\/santosochoalog","https:\/\/www.youtube.com\/c\/SantosOchoaLibros"]}]}},"_links":{"self":[{"href":"https:\/\/blogs.santosochoa.es\/logrono\/wp-json\/wp\/v2\/posts\/1247","targetHints":{"allow":["GET"]}}],"collection":[{"href":"https:\/\/blogs.santosochoa.es\/logrono\/wp-json\/wp\/v2\/posts"}],"about":[{"href":"https:\/\/blogs.santosochoa.es\/logrono\/wp-json\/wp\/v2\/types\/post"}],"author":[{"embeddable":true,"href":"https:\/\/blogs.santosochoa.es\/logrono\/wp-json\/wp\/v2\/users\/4"}],"replies":[{"embeddable":true,"href":"https:\/\/blogs.santosochoa.es\/logrono\/wp-json\/wp\/v2\/comments?post=1247"}],"version-history":[{"count":1,"href":"https:\/\/blogs.santosochoa.es\/logrono\/wp-json\/wp\/v2\/posts\/1247\/revisions"}],"predecessor-version":[{"id":1248,"href":"https:\/\/blogs.santosochoa.es\/logrono\/wp-json\/wp\/v2\/posts\/1247\/revisions\/1248"}],"wp:featuredmedia":[{"embeddable":true,"href":"https:\/\/blogs.santosochoa.es\/logrono\/wp-json\/wp\/v2\/media\/1223"}],"wp:attachment":[{"href":"https:\/\/blogs.santosochoa.es\/logrono\/wp-json\/wp\/v2\/media?parent=1247"}],"wp:term":[{"taxonomy":"category","embeddable":true,"href":"https:\/\/blogs.santosochoa.es\/logrono\/wp-json\/wp\/v2\/categories?post=1247"},{"taxonomy":"post_tag","embeddable":true,"href":"https:\/\/blogs.santosochoa.es\/logrono\/wp-json\/wp\/v2\/tags?post=1247"}],"curies":[{"name":"wp","href":"https:\/\/api.w.org\/{rel}","templated":true}]}}