{"id":1235,"date":"2019-10-10T13:09:41","date_gmt":"2019-10-10T11:09:41","guid":{"rendered":"https:\/\/blogs.santosochoa.es\/logrono\/?p=1235"},"modified":"2019-10-15T10:11:27","modified_gmt":"2019-10-15T08:11:27","slug":"cuentos-infinitos-david-jimenez-y-antonio-de-benito","status":"publish","type":"post","link":"https:\/\/blogs.santosochoa.es\/logrono\/cuentos-infinitos-david-jimenez-y-antonio-de-benito\/","title":{"rendered":"Cuentos Infinitos, David Jim\u00e9nez y Antonio de Benito"},"content":{"rendered":"\n<h2 class=\"wp-block-heading\"><strong><em>Cuentos Infinitos<\/em><\/strong><strong>. Cuentacuentos\ninfantiles y solidarios<\/strong><\/h2>\n\n\n\n<h3 class=\"wp-block-heading\"><strong>Del <\/strong><strong>14<\/strong><strong> al 19 de <\/strong><strong>octubre<\/strong><\/h3>\n\n\n\n<h3 class=\"wp-block-heading\">De lunes a viernes: 17:45 y 18:15 h. S\u00e1bado: 12 y 12:30 h. <\/h3>\n\n\n\n<h4 class=\"wp-block-heading\">Espacio Santos Ochoa. Calvo Sotelo, 19<\/h4>\n\n\n\n<p><strong>Edad: de 3 a 5 a\u00f1os<\/strong><\/p>\n\n\n\n<p><strong>Venta anticipada (1\n\u20ac por ni\u00f1o)&nbsp; en Santos Ochoa Calvo Sotelo\ny Gran V\u00eda<\/strong><\/p>\n\n\n\n<div class=\"wp-block-image\"><figure class=\"alignleft is-resized\"><img loading=\"lazy\" decoding=\"async\" src=\"https:\/\/blogs.santosochoa.es\/logrono\/wp-content\/uploads\/sites\/2\/2019\/09\/Cuentos-Infinitos-724x1024.png\" alt=\"\" class=\"wp-image-1233\" width=\"250\" height=\"354\" srcset=\"https:\/\/blogs.santosochoa.es\/logrono\/wp-content\/uploads\/sites\/2\/2019\/09\/Cuentos-Infinitos-724x1024.png 724w, https:\/\/blogs.santosochoa.es\/logrono\/wp-content\/uploads\/sites\/2\/2019\/09\/Cuentos-Infinitos-212x300.png 212w, https:\/\/blogs.santosochoa.es\/logrono\/wp-content\/uploads\/sites\/2\/2019\/09\/Cuentos-Infinitos-768x1086.png 768w, https:\/\/blogs.santosochoa.es\/logrono\/wp-content\/uploads\/sites\/2\/2019\/09\/Cuentos-Infinitos.png 842w\" sizes=\"auto, (max-width: 250px) 100vw, 250px\" \/><\/figure><\/div>\n\n\n\n<h5 class=\"wp-block-heading\"><strong>Vuelven las libreras cuentistas con sus historias, juegos\ny canciones. Este curso tenemos nuevos horarios y habr\u00e1 a\u00fan m\u00e1s cuentos. Todo\npreparado para disfrutar en familia con los peques de la casa mientras\naprendemos a apreciar la magia de los libros y a sumergirnos juntos en\nmaravillosas aventuras.<\/strong><\/h5>\n\n\n\n<p>Lunes 14. <em>Un poco perdido<\/em><\/p>\n\n\n\n<p>Martes 15. <em>El viaje de br\u00f3coli<\/em><\/p>\n\n\n\n<p>Mi\u00e9rcoles 16. <em>Qu\u00e9 risa de huesos<\/em><\/p>\n\n\n\n<p>Jueves 17. <em>La oca Luc\u00eda<\/em><\/p>\n\n\n\n<p>Viernes 18. <em>Chivos chivones<\/em><\/p>\n\n\n\n<p>S\u00e1bado 13. <em>Esa fruta es m\u00eda. <\/em>(12 y 12:30 h)<\/p>\n\n\n\n<p><strong>Cuentos Infinitos <\/strong>es\nuna iniciativa para ni\u00f1os lectores y familias generosas: cada d\u00eda un cuento.\nPara asistir solo hace falta una entrada al precio simb\u00f3lico de 1 \u20ac por ni\u00f1o y\ntodo el dinero recogido se destina a facilitar libros a colegios, bibliotecas o\nasociaciones para colaborar con sus proyectos de fomento de la lectura. Este\nmes ayudamos a la Biblioteca de Enciso.<\/p>\n\n\n\n<p><strong>Gracias a Barbabuk, El Balc\u00f3n de Mateo y Gr\u00e1ficas Ochoa<\/strong><\/p>\n\n\n\n<div style=\"height:50px\" aria-hidden=\"true\" class=\"wp-block-spacer\"><\/div>\n\n\n\n<h2 class=\"wp-block-heading\"><strong>El periodista David Jim\u00e9nez presenta <em>El\ndirector<\/em><\/strong><\/h2>\n\n\n\n<h3 class=\"wp-block-heading\"><strong>Martes<\/strong><strong> 1<\/strong><strong>5<\/strong><strong> de octubre, a las 19:30 h.<\/strong><\/h3>\n\n\n\n<h4 class=\"wp-block-heading\">Espacio Santos Ochoa. Calvo Sotelo, 19<\/h4>\n\n\n\n<div class=\"wp-block-image\"><figure class=\"alignright is-resized\"><img loading=\"lazy\" decoding=\"async\" src=\"https:\/\/blogs.santosochoa.es\/logrono\/wp-content\/uploads\/sites\/2\/2019\/09\/el-director_david-jimenez.jpg\" alt=\"\" class=\"wp-image-1219\" width=\"243\" height=\"373\" srcset=\"https:\/\/blogs.santosochoa.es\/logrono\/wp-content\/uploads\/sites\/2\/2019\/09\/el-director_david-jimenez.jpg 591w, https:\/\/blogs.santosochoa.es\/logrono\/wp-content\/uploads\/sites\/2\/2019\/09\/el-director_david-jimenez-195x300.jpg 195w\" sizes=\"auto, (max-width: 243px) 100vw, 243px\" \/><\/figure><\/div>\n\n\n\n<p><strong>La prensa prometi\u00f3 contarte la verdad.<\/strong><\/p>\n\n\n\n<p><strong>David Jim\u00e9nez te cuenta la verdad sobre la\nprensa.<\/strong><\/p>\n\n\n\n<h5 class=\"wp-block-heading\"><strong>David Jim\u00e9nez\nse curti\u00f3 cubriendo guerras, desastres y revoluciones durante casi dos d\u00e9cadas\nantes de ser nombrado director de El Mundo. Lo que parec\u00eda un reto ilusionante\n\u2014dirigir el diario en el que entr\u00f3 como becario a los 23 a\u00f1os\u2014 se transform\u00f3 en\nuna batalla por la defensa de la independencia del peri\u00f3dico frente a un\nestablishment pol\u00edtico y econ\u00f3mico decidido a controlarlo.<\/strong><\/h5>\n\n\n\n<p>Jim\u00e9nez ofrece un relato \u00fanico sobre c\u00f3mo\nrespira la vida en una redacci\u00f3n \u2014sus personajes, rivalidades, traumas y\n\u00e9xitos\u2014, c\u00f3mo funciona el juego de favores entre los medios y el poder y qu\u00e9\nprecio pagan quienes se niegan a participar en \u00e9l. Presidentes, reyes, ministros,\nbanqueros, capos del dinero, comisarios y periodistas protagonizan esta cr\u00f3nica\nsobre los secretos inconfesables del periodismo y los hilos que gobiernan\nEspa\u00f1a.<\/p>\n\n\n\n<p><em>El Director<\/em> es, adem\u00e1s, un retrato \u00edntimo de las encrucijadas \u00e9ticas, las relaciones\npersonales, las amistades y deslealtades que se viven cuando se ocupa el\ndespacho de uno de los grandes diarios del pa\u00eds.<\/p>\n\n\n\n<p>Tras dos d\u00e9cadas como corresponsal en Asia y\nun a\u00f1o como director de El Mundo, <strong>David\nJim\u00e9nez<\/strong> (Barcelona, 1971) ha\nllegado a la siguiente certeza: Afganist\u00e1n, Cachemira, Corea del Norte o\nFukushima son lugares m\u00e1s seguros que el despacho de un gran diario.<\/p>\n\n\n\n<p>Sus cr\u00f3nicas se han publicado en los\nprincipales peri\u00f3dicos internacionales y sus libros (Hijos del monz\u00f3n, El lugar\nm\u00e1s feliz del mundo, El botones de Kabul) han sido traducidos a media docena de\nidiomas. En la actualidad es columnista en la edici\u00f3n en espa\u00f1ol de The New\nYork Times, sigue haciendo reporterismo para revistas como Vanity Fair y ense\u00f1a\nel oficio en facultades de Periodismo. Es, adem\u00e1s, Nieman Fellow por la\nUniversidad de Harvard.<\/p>\n\n\n\n<p>Acompa\u00f1a al autor <strong>Enrique Cabez\u00f3n<\/strong>, editor, poeta e ilustrador. Fundador de Ediciones del 4 de Agosto, promotor y organizador del festival de poes\u00eda Agosto Clandestino.<\/p>\n\n\n\n<div style=\"height:50px\" aria-hidden=\"true\" class=\"wp-block-spacer\"><\/div>\n\n\n\n<h2 class=\"wp-block-heading\"><strong><em>Charco Bermejo<\/em> la nueva serie infantil de Antonio de Benito. Presentaci\u00f3n y lectura con el autor<\/strong><\/h2>\n\n\n\n<h3 class=\"wp-block-heading\"><strong>Jueves 17 de octubre, a las 19:00 h.<\/strong><\/h3>\n\n\n\n<h4 class=\"wp-block-heading\">Espacio Santos Ochoa. Calvo Sotelo, 19<\/h4>\n\n\n\n<div class=\"wp-block-image\"><figure class=\"alignleft is-resized\"><img loading=\"lazy\" decoding=\"async\" src=\"https:\/\/blogs.santosochoa.es\/logrono\/wp-content\/uploads\/sites\/2\/2019\/09\/charco-bermejo_antonio-de-benito-1.jpg\" alt=\"\" class=\"wp-image-1217\" width=\"207\" height=\"332\" srcset=\"https:\/\/blogs.santosochoa.es\/logrono\/wp-content\/uploads\/sites\/2\/2019\/09\/charco-bermejo_antonio-de-benito-1.jpg 591w, https:\/\/blogs.santosochoa.es\/logrono\/wp-content\/uploads\/sites\/2\/2019\/09\/charco-bermejo_antonio-de-benito-1-187x300.jpg 187w\" sizes=\"auto, (max-width: 207px) 100vw, 207px\" \/><\/figure><\/div>\n\n\n\n<p>A partir de 7 a\u00f1os, entrada libre.<\/p>\n\n\n\n<h5 class=\"wp-block-heading\"><strong>Charco Bermejo\nrecibe la llamada de Lucio: va a cerrar su tienda de ultramarinos, la \u00faltima\nque queda en el barrio, y necesita ayuda para resolver su problema. Charco\nBermejo es investigadora y detective profesional. Viaja en vespa y su color\npreferido es el rojo bermejo.<\/strong><\/h5>\n\n\n\n<p>El Inspector Albino es un gnomo, \u00edntimo amigo\ny colaborador de Charco Bermejo. Solo pueden verlo las personas con gran\nimaginaci\u00f3n. Aparece y desaparece en los lugares m\u00e1s insospechados. Solamente\ntiene dos pelos.<\/p>\n\n\n\n<p><strong>Antonio de Benito<\/strong> (Arcos de Jal\u00f3n, Soria). Maestro de Primaria\ny autor de m\u00e1s de 180 libros, la mayor\u00eda destinados al \u00e1mbito infantil.<\/p>\n\n\n\n<p><strong>Teresa Fudio Delgado<\/strong> (Logro\u00f1o). Psic\u00f3loga, amante del arte en\ntodas sus dimensiones. Colaboradora del autor en numerosas publicaciones.<\/p>\n","protected":false},"excerpt":{"rendered":"<p>Agenda cultural de Santos Ochoa Logro\u00f1o. Cuentos Infinitos, David Jim\u00e9nez presenta \u00abEl director\u00bb y Antonio de Benito la serie infantil Charco Bermejo<\/p>\n","protected":false},"author":4,"featured_media":1219,"comment_status":"closed","ping_status":"closed","sticky":false,"template":"","format":"standard","meta":{"footnotes":""},"categories":[15,18,12,13],"tags":[],"class_list":["post-1235","post","type-post","status-publish","format-standard","has-post-thumbnail","hentry","category-cuentacuentos","category-taller-infantil","category-libros","category-libros-do-rioja"],"yoast_head":"<!-- This site is optimized with the Yoast SEO plugin v27.2 - https:\/\/yoast.com\/product\/yoast-seo-wordpress\/ -->\n<title>Cuentos Infinitos, David Jim\u00e9nez y Antonio de Benito - Santos Ochoa Logro\u00f1o<\/title>\n<meta name=\"description\" content=\"Agenda cultural de Santos Ochoa Logro\u00f1o. Cuentos Infinitos, David Jim\u00e9nez presenta &quot;El director&quot; y Antonio de Benito la serie infantil Charco Bermejo\" \/>\n<meta name=\"robots\" content=\"index, follow, max-snippet:-1, max-image-preview:large, max-video-preview:-1\" \/>\n<link rel=\"canonical\" href=\"https:\/\/blogs.santosochoa.es\/logrono\/cuentos-infinitos-david-jimenez-y-antonio-de-benito\/\" \/>\n<meta property=\"og:locale\" content=\"es_ES\" \/>\n<meta property=\"og:type\" content=\"article\" \/>\n<meta property=\"og:title\" content=\"Cuentos Infinitos, David Jim\u00e9nez y Antonio de Benito - Santos Ochoa Logro\u00f1o\" \/>\n<meta property=\"og:description\" content=\"Agenda cultural de Santos Ochoa Logro\u00f1o. Cuentos Infinitos, David Jim\u00e9nez presenta &quot;El director&quot; y Antonio de Benito la serie infantil Charco Bermejo\" \/>\n<meta property=\"og:url\" content=\"https:\/\/blogs.santosochoa.es\/logrono\/cuentos-infinitos-david-jimenez-y-antonio-de-benito\/\" \/>\n<meta property=\"og:site_name\" content=\"Santos Ochoa Logro\u00f1o\" \/>\n<meta property=\"article:author\" content=\"https:\/\/www.facebook.com\/santosochoalog\" \/>\n<meta property=\"article:published_time\" content=\"2019-10-10T11:09:41+00:00\" \/>\n<meta property=\"article:modified_time\" content=\"2019-10-15T08:11:27+00:00\" \/>\n<meta property=\"og:image\" content=\"https:\/\/blogs.santosochoa.es\/logrono\/wp-content\/uploads\/sites\/2\/2019\/09\/el-director_david-jimenez.jpg\" \/>\n\t<meta property=\"og:image:width\" content=\"591\" \/>\n\t<meta property=\"og:image:height\" content=\"908\" \/>\n\t<meta property=\"og:image:type\" content=\"image\/jpeg\" \/>\n<meta name=\"author\" content=\"Santos Ochoa Logro\u00f1o\" \/>\n<meta name=\"twitter:card\" content=\"summary_large_image\" \/>\n<meta name=\"twitter:creator\" content=\"@santosochoalog\" \/>\n<meta name=\"twitter:label1\" content=\"Written by\" \/>\n\t<meta name=\"twitter:data1\" content=\"Santos Ochoa Logro\u00f1o\" \/>\n\t<meta name=\"twitter:label2\" content=\"Est. reading time\" \/>\n\t<meta name=\"twitter:data2\" content=\"4 minutos\" \/>\n<script type=\"application\/ld+json\" class=\"yoast-schema-graph\">{\"@context\":\"https:\/\/schema.org\",\"@graph\":[{\"@type\":\"Article\",\"@id\":\"https:\/\/blogs.santosochoa.es\/logrono\/cuentos-infinitos-david-jimenez-y-antonio-de-benito\/#article\",\"isPartOf\":{\"@id\":\"https:\/\/blogs.santosochoa.es\/logrono\/cuentos-infinitos-david-jimenez-y-antonio-de-benito\/\"},\"author\":{\"name\":\"Santos Ochoa Logro\u00f1o\",\"@id\":\"https:\/\/blogs.santosochoa.es\/logrono\/#\/schema\/person\/103664eb8c60fbeea1880c704687c2e3\"},\"headline\":\"Cuentos Infinitos, David Jim\u00e9nez y Antonio de Benito\",\"datePublished\":\"2019-10-10T11:09:41+00:00\",\"dateModified\":\"2019-10-15T08:11:27+00:00\",\"mainEntityOfPage\":{\"@id\":\"https:\/\/blogs.santosochoa.es\/logrono\/cuentos-infinitos-david-jimenez-y-antonio-de-benito\/\"},\"wordCount\":744,\"image\":{\"@id\":\"https:\/\/blogs.santosochoa.es\/logrono\/cuentos-infinitos-david-jimenez-y-antonio-de-benito\/#primaryimage\"},\"thumbnailUrl\":\"https:\/\/blogs.santosochoa.es\/logrono\/wp-content\/uploads\/sites\/2\/2019\/09\/el-director_david-jimenez.jpg\",\"articleSection\":[\"cuentacuentos\",\"infantil\",\"libros\",\"libros do rioja\"],\"inLanguage\":\"es\"},{\"@type\":\"WebPage\",\"@id\":\"https:\/\/blogs.santosochoa.es\/logrono\/cuentos-infinitos-david-jimenez-y-antonio-de-benito\/\",\"url\":\"https:\/\/blogs.santosochoa.es\/logrono\/cuentos-infinitos-david-jimenez-y-antonio-de-benito\/\",\"name\":\"Cuentos Infinitos, David Jim\u00e9nez y Antonio de Benito - Santos Ochoa Logro\u00f1o\",\"isPartOf\":{\"@id\":\"https:\/\/blogs.santosochoa.es\/logrono\/#website\"},\"primaryImageOfPage\":{\"@id\":\"https:\/\/blogs.santosochoa.es\/logrono\/cuentos-infinitos-david-jimenez-y-antonio-de-benito\/#primaryimage\"},\"image\":{\"@id\":\"https:\/\/blogs.santosochoa.es\/logrono\/cuentos-infinitos-david-jimenez-y-antonio-de-benito\/#primaryimage\"},\"thumbnailUrl\":\"https:\/\/blogs.santosochoa.es\/logrono\/wp-content\/uploads\/sites\/2\/2019\/09\/el-director_david-jimenez.jpg\",\"datePublished\":\"2019-10-10T11:09:41+00:00\",\"dateModified\":\"2019-10-15T08:11:27+00:00\",\"author\":{\"@id\":\"https:\/\/blogs.santosochoa.es\/logrono\/#\/schema\/person\/103664eb8c60fbeea1880c704687c2e3\"},\"description\":\"Agenda cultural de Santos Ochoa Logro\u00f1o. Cuentos Infinitos, David Jim\u00e9nez presenta \\\"El director\\\" y Antonio de Benito la serie infantil Charco Bermejo\",\"breadcrumb\":{\"@id\":\"https:\/\/blogs.santosochoa.es\/logrono\/cuentos-infinitos-david-jimenez-y-antonio-de-benito\/#breadcrumb\"},\"inLanguage\":\"es\",\"potentialAction\":[{\"@type\":\"ReadAction\",\"target\":[\"https:\/\/blogs.santosochoa.es\/logrono\/cuentos-infinitos-david-jimenez-y-antonio-de-benito\/\"]}]},{\"@type\":\"ImageObject\",\"inLanguage\":\"es\",\"@id\":\"https:\/\/blogs.santosochoa.es\/logrono\/cuentos-infinitos-david-jimenez-y-antonio-de-benito\/#primaryimage\",\"url\":\"https:\/\/blogs.santosochoa.es\/logrono\/wp-content\/uploads\/sites\/2\/2019\/09\/el-director_david-jimenez.jpg\",\"contentUrl\":\"https:\/\/blogs.santosochoa.es\/logrono\/wp-content\/uploads\/sites\/2\/2019\/09\/el-director_david-jimenez.jpg\",\"width\":591,\"height\":908},{\"@type\":\"BreadcrumbList\",\"@id\":\"https:\/\/blogs.santosochoa.es\/logrono\/cuentos-infinitos-david-jimenez-y-antonio-de-benito\/#breadcrumb\",\"itemListElement\":[{\"@type\":\"ListItem\",\"position\":1,\"name\":\"Home\",\"item\":\"https:\/\/blogs.santosochoa.es\/logrono\/\"},{\"@type\":\"ListItem\",\"position\":2,\"name\":\"Cuentos Infinitos, David Jim\u00e9nez y Antonio de Benito\"}]},{\"@type\":\"WebSite\",\"@id\":\"https:\/\/blogs.santosochoa.es\/logrono\/#website\",\"url\":\"https:\/\/blogs.santosochoa.es\/logrono\/\",\"name\":\"Santos Ochoa Logro\u00f1o\",\"description\":\"Tu Librer\u00eda Online\",\"potentialAction\":[{\"@type\":\"SearchAction\",\"target\":{\"@type\":\"EntryPoint\",\"urlTemplate\":\"https:\/\/blogs.santosochoa.es\/logrono\/?s={search_term_string}\"},\"query-input\":{\"@type\":\"PropertyValueSpecification\",\"valueRequired\":true,\"valueName\":\"search_term_string\"}}],\"inLanguage\":\"es\"},{\"@type\":\"Person\",\"@id\":\"https:\/\/blogs.santosochoa.es\/logrono\/#\/schema\/person\/103664eb8c60fbeea1880c704687c2e3\",\"name\":\"Santos Ochoa Logro\u00f1o\",\"sameAs\":[\"http:\/\/santosochoa.es\",\"https:\/\/www.facebook.com\/santosochoalog\",\"https:\/\/www.instagram.com\/santosochoalog\/\",\"https:\/\/x.com\/santosochoalog\",\"https:\/\/www.youtube.com\/c\/SantosOchoaLibros\"]}]}<\/script>\n<!-- \/ Yoast SEO plugin. -->","yoast_head_json":{"title":"Cuentos Infinitos, David Jim\u00e9nez y Antonio de Benito - Santos Ochoa Logro\u00f1o","description":"Agenda cultural de Santos Ochoa Logro\u00f1o. Cuentos Infinitos, David Jim\u00e9nez presenta \"El director\" y Antonio de Benito la serie infantil Charco Bermejo","robots":{"index":"index","follow":"follow","max-snippet":"max-snippet:-1","max-image-preview":"max-image-preview:large","max-video-preview":"max-video-preview:-1"},"canonical":"https:\/\/blogs.santosochoa.es\/logrono\/cuentos-infinitos-david-jimenez-y-antonio-de-benito\/","og_locale":"es_ES","og_type":"article","og_title":"Cuentos Infinitos, David Jim\u00e9nez y Antonio de Benito - Santos Ochoa Logro\u00f1o","og_description":"Agenda cultural de Santos Ochoa Logro\u00f1o. Cuentos Infinitos, David Jim\u00e9nez presenta \"El director\" y Antonio de Benito la serie infantil Charco Bermejo","og_url":"https:\/\/blogs.santosochoa.es\/logrono\/cuentos-infinitos-david-jimenez-y-antonio-de-benito\/","og_site_name":"Santos Ochoa Logro\u00f1o","article_author":"https:\/\/www.facebook.com\/santosochoalog","article_published_time":"2019-10-10T11:09:41+00:00","article_modified_time":"2019-10-15T08:11:27+00:00","og_image":[{"width":591,"height":908,"url":"https:\/\/blogs.santosochoa.es\/logrono\/wp-content\/uploads\/sites\/2\/2019\/09\/el-director_david-jimenez.jpg","type":"image\/jpeg"}],"author":"Santos Ochoa Logro\u00f1o","twitter_card":"summary_large_image","twitter_creator":"@santosochoalog","twitter_misc":{"Written by":"Santos Ochoa Logro\u00f1o","Est. reading time":"4 minutos"},"schema":{"@context":"https:\/\/schema.org","@graph":[{"@type":"Article","@id":"https:\/\/blogs.santosochoa.es\/logrono\/cuentos-infinitos-david-jimenez-y-antonio-de-benito\/#article","isPartOf":{"@id":"https:\/\/blogs.santosochoa.es\/logrono\/cuentos-infinitos-david-jimenez-y-antonio-de-benito\/"},"author":{"name":"Santos Ochoa Logro\u00f1o","@id":"https:\/\/blogs.santosochoa.es\/logrono\/#\/schema\/person\/103664eb8c60fbeea1880c704687c2e3"},"headline":"Cuentos Infinitos, David Jim\u00e9nez y Antonio de Benito","datePublished":"2019-10-10T11:09:41+00:00","dateModified":"2019-10-15T08:11:27+00:00","mainEntityOfPage":{"@id":"https:\/\/blogs.santosochoa.es\/logrono\/cuentos-infinitos-david-jimenez-y-antonio-de-benito\/"},"wordCount":744,"image":{"@id":"https:\/\/blogs.santosochoa.es\/logrono\/cuentos-infinitos-david-jimenez-y-antonio-de-benito\/#primaryimage"},"thumbnailUrl":"https:\/\/blogs.santosochoa.es\/logrono\/wp-content\/uploads\/sites\/2\/2019\/09\/el-director_david-jimenez.jpg","articleSection":["cuentacuentos","infantil","libros","libros do rioja"],"inLanguage":"es"},{"@type":"WebPage","@id":"https:\/\/blogs.santosochoa.es\/logrono\/cuentos-infinitos-david-jimenez-y-antonio-de-benito\/","url":"https:\/\/blogs.santosochoa.es\/logrono\/cuentos-infinitos-david-jimenez-y-antonio-de-benito\/","name":"Cuentos Infinitos, David Jim\u00e9nez y Antonio de Benito - Santos Ochoa Logro\u00f1o","isPartOf":{"@id":"https:\/\/blogs.santosochoa.es\/logrono\/#website"},"primaryImageOfPage":{"@id":"https:\/\/blogs.santosochoa.es\/logrono\/cuentos-infinitos-david-jimenez-y-antonio-de-benito\/#primaryimage"},"image":{"@id":"https:\/\/blogs.santosochoa.es\/logrono\/cuentos-infinitos-david-jimenez-y-antonio-de-benito\/#primaryimage"},"thumbnailUrl":"https:\/\/blogs.santosochoa.es\/logrono\/wp-content\/uploads\/sites\/2\/2019\/09\/el-director_david-jimenez.jpg","datePublished":"2019-10-10T11:09:41+00:00","dateModified":"2019-10-15T08:11:27+00:00","author":{"@id":"https:\/\/blogs.santosochoa.es\/logrono\/#\/schema\/person\/103664eb8c60fbeea1880c704687c2e3"},"description":"Agenda cultural de Santos Ochoa Logro\u00f1o. Cuentos Infinitos, David Jim\u00e9nez presenta \"El director\" y Antonio de Benito la serie infantil Charco Bermejo","breadcrumb":{"@id":"https:\/\/blogs.santosochoa.es\/logrono\/cuentos-infinitos-david-jimenez-y-antonio-de-benito\/#breadcrumb"},"inLanguage":"es","potentialAction":[{"@type":"ReadAction","target":["https:\/\/blogs.santosochoa.es\/logrono\/cuentos-infinitos-david-jimenez-y-antonio-de-benito\/"]}]},{"@type":"ImageObject","inLanguage":"es","@id":"https:\/\/blogs.santosochoa.es\/logrono\/cuentos-infinitos-david-jimenez-y-antonio-de-benito\/#primaryimage","url":"https:\/\/blogs.santosochoa.es\/logrono\/wp-content\/uploads\/sites\/2\/2019\/09\/el-director_david-jimenez.jpg","contentUrl":"https:\/\/blogs.santosochoa.es\/logrono\/wp-content\/uploads\/sites\/2\/2019\/09\/el-director_david-jimenez.jpg","width":591,"height":908},{"@type":"BreadcrumbList","@id":"https:\/\/blogs.santosochoa.es\/logrono\/cuentos-infinitos-david-jimenez-y-antonio-de-benito\/#breadcrumb","itemListElement":[{"@type":"ListItem","position":1,"name":"Home","item":"https:\/\/blogs.santosochoa.es\/logrono\/"},{"@type":"ListItem","position":2,"name":"Cuentos Infinitos, David Jim\u00e9nez y Antonio de Benito"}]},{"@type":"WebSite","@id":"https:\/\/blogs.santosochoa.es\/logrono\/#website","url":"https:\/\/blogs.santosochoa.es\/logrono\/","name":"Santos Ochoa Logro\u00f1o","description":"Tu Librer\u00eda Online","potentialAction":[{"@type":"SearchAction","target":{"@type":"EntryPoint","urlTemplate":"https:\/\/blogs.santosochoa.es\/logrono\/?s={search_term_string}"},"query-input":{"@type":"PropertyValueSpecification","valueRequired":true,"valueName":"search_term_string"}}],"inLanguage":"es"},{"@type":"Person","@id":"https:\/\/blogs.santosochoa.es\/logrono\/#\/schema\/person\/103664eb8c60fbeea1880c704687c2e3","name":"Santos Ochoa Logro\u00f1o","sameAs":["http:\/\/santosochoa.es","https:\/\/www.facebook.com\/santosochoalog","https:\/\/www.instagram.com\/santosochoalog\/","https:\/\/x.com\/santosochoalog","https:\/\/www.youtube.com\/c\/SantosOchoaLibros"]}]}},"_links":{"self":[{"href":"https:\/\/blogs.santosochoa.es\/logrono\/wp-json\/wp\/v2\/posts\/1235","targetHints":{"allow":["GET"]}}],"collection":[{"href":"https:\/\/blogs.santosochoa.es\/logrono\/wp-json\/wp\/v2\/posts"}],"about":[{"href":"https:\/\/blogs.santosochoa.es\/logrono\/wp-json\/wp\/v2\/types\/post"}],"author":[{"embeddable":true,"href":"https:\/\/blogs.santosochoa.es\/logrono\/wp-json\/wp\/v2\/users\/4"}],"replies":[{"embeddable":true,"href":"https:\/\/blogs.santosochoa.es\/logrono\/wp-json\/wp\/v2\/comments?post=1235"}],"version-history":[{"count":2,"href":"https:\/\/blogs.santosochoa.es\/logrono\/wp-json\/wp\/v2\/posts\/1235\/revisions"}],"predecessor-version":[{"id":1237,"href":"https:\/\/blogs.santosochoa.es\/logrono\/wp-json\/wp\/v2\/posts\/1235\/revisions\/1237"}],"wp:featuredmedia":[{"embeddable":true,"href":"https:\/\/blogs.santosochoa.es\/logrono\/wp-json\/wp\/v2\/media\/1219"}],"wp:attachment":[{"href":"https:\/\/blogs.santosochoa.es\/logrono\/wp-json\/wp\/v2\/media?parent=1235"}],"wp:term":[{"taxonomy":"category","embeddable":true,"href":"https:\/\/blogs.santosochoa.es\/logrono\/wp-json\/wp\/v2\/categories?post=1235"},{"taxonomy":"post_tag","embeddable":true,"href":"https:\/\/blogs.santosochoa.es\/logrono\/wp-json\/wp\/v2\/tags?post=1235"}],"curies":[{"name":"wp","href":"https:\/\/api.w.org\/{rel}","templated":true}]}}