{"id":120,"date":"2018-02-09T11:16:00","date_gmt":"2018-02-09T11:16:00","guid":{"rendered":"https:\/\/blogs.santosochoa.es\/logrono\/agustin-tejada-la-banda-del-desfiladero-y-taller-de-scrapbooking\/"},"modified":"2018-02-09T11:16:00","modified_gmt":"2018-02-09T11:16:00","slug":"agustin-tejada-la-banda-del-desfiladero-y-taller-de-scrapbooking","status":"publish","type":"post","link":"https:\/\/blogs.santosochoa.es\/logrono\/agustin-tejada-la-banda-del-desfiladero-y-taller-de-scrapbooking\/","title":{"rendered":"Agust\u00edn Tejada, La Banda del Desfiladero y Taller de Scrapbooking"},"content":{"rendered":"<p><span style=\"color: #990000\"><span style=\"font-size: x-large\"><span>Agust\u00edn Tejada presenta <i><b>Hispania<\/b><\/i>, la esperada continuaci\u00f3n de <i><b>Contrebia Leucade<\/b><\/i><\/span><\/span><\/span><br \/><span style=\"font-size: large\">Martes 13 de febrero, a las 19:30 h.<\/span><br \/>Espacio Santos Ochoa. Calvo Sotelo, 19.<\/p>\n<div style=\"clear: both;text-align: center\"><a href=\"https:\/\/2.bp.blogspot.com\/-ajLCai7_aj0\/Wn2BC66fHBI\/AAAAAAAADCI\/cXvtagX6e7QAZFeBlpPVeK81I0JUvfqhQCLcBGAs\/s1600\/hispania_agustin-tejada.jpg\" style=\"clear: left;float: left;margin-bottom: 1em;margin-right: 1em\"><img loading=\"lazy\" decoding=\"async\" border=\"0\" height=\"320\" src=\"https:\/\/2.bp.blogspot.com\/-ajLCai7_aj0\/Wn2BC66fHBI\/AAAAAAAADCI\/cXvtagX6e7QAZFeBlpPVeK81I0JUvfqhQCLcBGAs\/s320\/hispania_agustin-tejada.jpg\" width=\"200\" \/><\/a><\/div>\n<p><span style=\"color: #0b5394\"><b>Hispania, a\u00f1o 76 a. C. El general Quinto Sertorio se ha sublevado en Hispania contra el senado de Roma. Este, despu\u00e9s de m\u00faltiples derrotas, decide enviar en ayuda de Cecilio Metelo, proc\u00f3nsul de la Hispania Ulterior, al laureado Cneo Pompeyo Magno para sofocar la rebeli\u00f3n.<\/b><\/span><\/p>\n<p>Kalaitos es un celt\u00edbero enrolado en las legiones de Sertorio. Tras realizar una arriesgada misi\u00f3n de espionaje en la ciudad de Emporion \u2014reducto de las tropas senatoriales\u2014, el joven soldado es hecho prisionero, aunque pronto logra escapar acompa\u00f1ado de Asiris, una princesa ibera tambi\u00e9n cautiva. Sin embargo, el ansiado reencuentro con el general Perpenna, lugarteniente de Sertorio y encargado de impedir el cruce del r\u00edo Hiberus a los ej\u00e9rcitos de Pompeyo, se convierte en una decepci\u00f3n: este se muestra remiso a enfrentarse en campo abierto al militar m\u00e1s laureado de mundo, y prefiere emprender un vergonzante repliegue hacia el sur siguiendo la costa del Mare Nostrum.<\/p>\n<p>Consciente del peligro, Quinto Sertorio acudir\u00e1 con sus legiones desde la Celtiberia, alcanzando a las tropas exhaustas y desmoralizadas de Perpenna a la altura de Lauro, fortaleza edetana que se niega a abrir sus puertas a los fugitivos a pesar de haber jurado fidelidad al general rebelde. Cneo Pompeyo Magno no desaprovechar\u00e1 la oportunidad que le brindan sus nuevos aliados y se aprestar\u00e1 a atacar.<\/p>\n<p>A pocos pasos de unas murallas repentinamente enemigas, Kalaitos est\u00e1 a punto de tomar parte en la primera batalla campal de su corta vida, y quiz\u00e1 la \u00faltima. Solo un general loco entablar\u00eda combate cuando la retaguardia de su ej\u00e9rcito tambi\u00e9n queda comprometida. Y, adem\u00e1s, Cecilio Metelo podr\u00eda presentarse en cualquier momento desde el sur, cerrando definitivamente la ratonera.<\/p>\n<p><b>Agust\u00edn Tejada<\/b>. Nacido en Castej\u00f3n (Navarra) en 1961, actualmente reside en Tudela. Es profesor de ingl\u00e9s desde hace veintiocho a\u00f1os. <i>Hispania. El sue\u00f1o de un rebelde<\/i> es su segunda incursi\u00f3n en el mundo romano de la Hispania del siglo I a. C. despu\u00e9s de <i>Contrebia Leucade<\/i>. Tambi\u00e9n ha publicado <i>El indiano de Turrunc\u00fan<\/i>, y ambas novelas est\u00e1n ambientadas en La Rioja.<\/p>\n<p><span style=\"color: #990000\"><span style=\"font-size: x-large\"><span>El grupo folck-rock logro\u00f1\u00e9s La Banda del Desfiladero presenta su primer disco <i><b>Prep\u00e1rate para el amor<\/b><\/i><\/span><\/span><\/span><br \/><span style=\"font-size: large\">Jueves 15 de febrero, a las 19:30 h.<\/span><br \/>Espacio Santos Ochoa. Calvo Sotelo, 19.<\/p>\n<div style=\"clear: both;text-align: center\"><a href=\"https:\/\/4.bp.blogspot.com\/-jt6UcX2E_tY\/Wn2CCdvWQOI\/AAAAAAAADCQ\/V-B1Pm0Nu2QU9wfdALaMc4JxKoC6R7WegCLcBGAs\/s1600\/preparate-para-el-amor_la-banda-del-desfiladero.jpg\" style=\"clear: right;float: right;margin-bottom: 1em;margin-left: 1em\"><img loading=\"lazy\" decoding=\"async\" border=\"0\" height=\"306\" src=\"https:\/\/4.bp.blogspot.com\/-jt6UcX2E_tY\/Wn2CCdvWQOI\/AAAAAAAADCQ\/V-B1Pm0Nu2QU9wfdALaMc4JxKoC6R7WegCLcBGAs\/s320\/preparate-para-el-amor_la-banda-del-desfiladero.jpg\" width=\"320\" \/><\/a><\/div>\n<p><span style=\"color: #0b5394\"><b><i>Prep\u00e1rate para el amor<\/i> es el primer disco de La Banda del Desfiladero y un recopilatorio. Desde 2013, La Banda ha compuesto, tocado y grabado docenas de canciones que naufragaron lentamente en el r\u00edo del tiempo. Estas diecis\u00e9is son las que, despu\u00e9s de cinco a\u00f1os, han logrado quedar en la superficie y merecer el sacrificio que conlleva acometer la grabaci\u00f3n de un disco.<\/b><\/span><\/p>\n<p>Casi todos los temas hablan de amor, un amor a veces pl\u00e1cido, a veces violento, a veces culpable, a veces malvado, y siempre perturbador. Las letras, que constituyen la nota peculiar e inimitable del grupo, derivan de lo l\u00edrico y visionario a lo narrativo, mostrando historias de personajes sometidos a experiencias amorosas que van de la devastaci\u00f3n al puro rid\u00edculo.<\/p>\n<p>Encontramos tambi\u00e9n canciones de hondo calado filos\u00f3fico, como la Hip\u00f3tesis del universo ondulante, que plantea la posibilidad de la inmortalidad verdadera y del eterno retorno. La vejez de la especie es la canci\u00f3n que le canta la Tierra al ser humano en la hora de su definitiva ruptura. La llamada cuenta la peripecia de un hombre que cree haber llamado por tel\u00e9fono al pasado y estar hablando consigo mismo\u2026 Como se dice en Te quiero (sin chorradas), \u201cla poes\u00eda llega s\u00f3lo cuando la mereces\u201d: a lo largo de cinco a\u00f1os de composici\u00f3n, la hemos merecido algunas veces, las suficientes para hacer estas canciones.<\/p>\n<p><b>La Banda del Desfiladero<\/b> es un grupo logro\u00f1\u00e9s fundado en 2013. Sus miembros, perfectos delincuentes ac\u00fasticos, se dedicaron durante meses a sodomizar instrumentos que jam\u00e1s hab\u00edan hecho da\u00f1o a nadie y a versionar canciones que carecieran de progresiones arm\u00f3nicas con acordes de cejilla y cualquier otro tipo de elitismo musical. Bob Dylan, los Rolling Stones, la Creedence Clearwater Revival, los Eagles, Neil Young, Springsteen, los Flying Burrito Brothers, entre otros, fueron objeto de indescriptibles profanaciones.<\/p>\n<p>A finales de 2014 la desfachatez de sus integrantes les lleva a componer canciones propias que cantan en ingl\u00e9s- idioma que, naturalmente, desconocen. Realizan conciertos privados contra seres humanos inocentes. Bien fuera por la experiencia atroz; bien por un mal entendido sentido de la conmiseraci\u00f3n, el p\u00fablico acaba por re\u00edrles las gracias, y los bandoleros pierden pie por completo. <\/p>\n<p>Tras algunas altas y bajas, los componentes de La Banda del Desfiladero son: <b>Sergio Cord\u00f3n<\/b> (bater\u00eda), <b>Juan Herrero<\/b> (guitarra principal), <b>Rafa Pav\u00f3n<\/b> (teclado), <b>Ramiro P\u00e9rez<\/b> (voz, guitarra y arm\u00f3nica), <b>Sebas S\u00e1nchez<\/b> (viol\u00edn y guitarra) y <b>C\u00e9sar Sancho<\/b> (bajo).<\/p>\n<p><span style=\"color: #990000\"><span style=\"font-size: x-large\"><span>Taller de Scrapbooking <i><b>Libros Vintage<\/b><\/i> con Cukisue\u00f1a<\/span><\/span><\/span><br \/><span style=\"font-size: large\">Viernes 16 de febrero. De 17 a 19:30 h.<\/span><br \/>Espacio Santos Ochoa. Calvo Sotelo, 19.<\/p>\n<div style=\"clear: both;text-align: center\"><a href=\"https:\/\/3.bp.blogspot.com\/-IwtQwO2hpdQ\/Wn2CenNOTeI\/AAAAAAAADCU\/cRIM9iUGfT0nsBHHuHDiBkh7c-YEZblagCLcBGAs\/s1600\/libros-vintage-scrapbooking.jpg\" style=\"clear: left;float: left;margin-bottom: 1em;margin-right: 1em\"><img loading=\"lazy\" decoding=\"async\" border=\"0\" height=\"320\" src=\"https:\/\/3.bp.blogspot.com\/-IwtQwO2hpdQ\/Wn2CenNOTeI\/AAAAAAAADCU\/cRIM9iUGfT0nsBHHuHDiBkh7c-YEZblagCLcBGAs\/s320\/libros-vintage-scrapbooking.jpg\" width=\"240\" \/><\/a><\/div>\n<p><span style=\"color: #0b5394\"><b>El scrapbooking es una t\u00e9cnica decorativa que combina el collage con piezas de papel, estampaci\u00f3n con sellos, pintura, relieves, cintas y muchos otros recursos para personalizar objetos con diferentes est\u00e9ticas y coloridos. \u00bfQuieres aprender c\u00f3mo se hace? En este taller, Cukisue\u00f1a nos propone decorar libros, cuadernos o libretas en un estilo vintage.<\/b><\/span><\/p>\n<p>Para participar en el taller solo <b>hay que traer un libro para decorar<\/b>, ganas de divertirse y un poco de creatividad. Todos los materiales est\u00e1n incluidos, hasta una agenda de regalo que cada uno podr\u00e1 adornar a su gusto.<\/p>\n<p><b>Edad:<\/b> a partir de 11 a\u00f1os<br \/><b>Precio:<\/b> 35 \u20ac (incluye los materiales para realizar el taller)<br \/><b>Inscripci\u00f3n<\/b> en Santos Ochoa Calvo Sotelo (plazas limitadas)<\/p>\n<p><b>Cukisue\u00f1a <\/b>son Miren y Menchu, dos amigas apasionadas de las manualidades que hace un a\u00f1o se aventuraron a crear una tienda virtual de artesan\u00eda hecha con scrapbooking. Hacen agendas, \u00e1lbumes, marcos de fotos, detalles para celebraciones\u2026 Y, por supuesto, talleres para compartir lo que tanto les gusta y ense\u00f1arnos las preciosidades que podemos crear con nuestras propias manos y un poco de imaginaci\u00f3n.<\/p>\n","protected":false},"excerpt":{"rendered":"<p>Agust\u00edn Tejada presenta Hispania, la esperada continuaci\u00f3n de Contrebia LeucadeMartes 13 de febrero, a las 19:30 h.Espacio Santos Ochoa. Calvo Sotelo, 19. Hispania, a\u00f1o 76 a. C. El general Quinto Sertorio se ha sublevado en Hispania contra el senado de Roma. Este, despu\u00e9s de m\u00faltiples derrotas, decide enviar en ayuda de Cecilio Metelo, proc\u00f3nsul de [&hellip;]<\/p>\n","protected":false},"author":4,"featured_media":0,"comment_status":"open","ping_status":"open","sticky":false,"template":"","format":"standard","meta":{"footnotes":""},"categories":[18,12,17],"tags":[],"class_list":["post-120","post","type-post","status-publish","format-standard","hentry","category-taller-infantil","category-libros","category-musica"],"yoast_head":"<!-- This site is optimized with the Yoast SEO plugin v27.2 - https:\/\/yoast.com\/product\/yoast-seo-wordpress\/ -->\n<title>Agust\u00edn Tejada, La Banda del Desfiladero y Taller de Scrapbooking - Santos Ochoa Logro\u00f1o<\/title>\n<meta name=\"robots\" content=\"index, follow, max-snippet:-1, max-image-preview:large, max-video-preview:-1\" \/>\n<link rel=\"canonical\" href=\"https:\/\/blogs.santosochoa.es\/logrono\/agustin-tejada-la-banda-del-desfiladero-y-taller-de-scrapbooking\/\" \/>\n<meta property=\"og:locale\" content=\"es_ES\" \/>\n<meta property=\"og:type\" content=\"article\" \/>\n<meta property=\"og:title\" content=\"Agust\u00edn Tejada, La Banda del Desfiladero y Taller de Scrapbooking - Santos Ochoa Logro\u00f1o\" \/>\n<meta property=\"og:description\" content=\"Agust\u00edn Tejada presenta Hispania, la esperada continuaci\u00f3n de Contrebia LeucadeMartes 13 de febrero, a las 19:30 h.Espacio Santos Ochoa. Calvo Sotelo, 19. Hispania, a\u00f1o 76 a. C. El general Quinto Sertorio se ha sublevado en Hispania contra el senado de Roma. Este, despu\u00e9s de m\u00faltiples derrotas, decide enviar en ayuda de Cecilio Metelo, proc\u00f3nsul de [&hellip;]\" \/>\n<meta property=\"og:url\" content=\"https:\/\/blogs.santosochoa.es\/logrono\/agustin-tejada-la-banda-del-desfiladero-y-taller-de-scrapbooking\/\" \/>\n<meta property=\"og:site_name\" content=\"Santos Ochoa Logro\u00f1o\" \/>\n<meta property=\"article:author\" content=\"https:\/\/www.facebook.com\/santosochoalog\" \/>\n<meta property=\"article:published_time\" content=\"2018-02-09T11:16:00+00:00\" \/>\n<meta property=\"og:image\" content=\"https:\/\/2.bp.blogspot.com\/-ajLCai7_aj0\/Wn2BC66fHBI\/AAAAAAAADCI\/cXvtagX6e7QAZFeBlpPVeK81I0JUvfqhQCLcBGAs\/s320\/hispania_agustin-tejada.jpg\" \/>\n<meta name=\"author\" content=\"Santos Ochoa Logro\u00f1o\" \/>\n<meta name=\"twitter:card\" content=\"summary_large_image\" \/>\n<meta name=\"twitter:creator\" content=\"@santosochoalog\" \/>\n<meta name=\"twitter:label1\" content=\"Written by\" \/>\n\t<meta name=\"twitter:data1\" content=\"Santos Ochoa Logro\u00f1o\" \/>\n\t<meta name=\"twitter:label2\" content=\"Est. reading time\" \/>\n\t<meta name=\"twitter:data2\" content=\"5 minutos\" \/>\n<script type=\"application\/ld+json\" class=\"yoast-schema-graph\">{\"@context\":\"https:\/\/schema.org\",\"@graph\":[{\"@type\":\"Article\",\"@id\":\"https:\/\/blogs.santosochoa.es\/logrono\/agustin-tejada-la-banda-del-desfiladero-y-taller-de-scrapbooking\/#article\",\"isPartOf\":{\"@id\":\"https:\/\/blogs.santosochoa.es\/logrono\/agustin-tejada-la-banda-del-desfiladero-y-taller-de-scrapbooking\/\"},\"author\":{\"name\":\"Santos Ochoa Logro\u00f1o\",\"@id\":\"https:\/\/blogs.santosochoa.es\/logrono\/#\/schema\/person\/103664eb8c60fbeea1880c704687c2e3\"},\"headline\":\"Agust\u00edn Tejada, La Banda del Desfiladero y Taller de Scrapbooking\",\"datePublished\":\"2018-02-09T11:16:00+00:00\",\"mainEntityOfPage\":{\"@id\":\"https:\/\/blogs.santosochoa.es\/logrono\/agustin-tejada-la-banda-del-desfiladero-y-taller-de-scrapbooking\/\"},\"wordCount\":1064,\"commentCount\":0,\"image\":{\"@id\":\"https:\/\/blogs.santosochoa.es\/logrono\/agustin-tejada-la-banda-del-desfiladero-y-taller-de-scrapbooking\/#primaryimage\"},\"thumbnailUrl\":\"https:\/\/2.bp.blogspot.com\/-ajLCai7_aj0\/Wn2BC66fHBI\/AAAAAAAADCI\/cXvtagX6e7QAZFeBlpPVeK81I0JUvfqhQCLcBGAs\/s320\/hispania_agustin-tejada.jpg\",\"articleSection\":[\"infantil\",\"libros\",\"m\u00fasica\"],\"inLanguage\":\"es\",\"potentialAction\":[{\"@type\":\"CommentAction\",\"name\":\"Comment\",\"target\":[\"https:\/\/blogs.santosochoa.es\/logrono\/agustin-tejada-la-banda-del-desfiladero-y-taller-de-scrapbooking\/#respond\"]}]},{\"@type\":\"WebPage\",\"@id\":\"https:\/\/blogs.santosochoa.es\/logrono\/agustin-tejada-la-banda-del-desfiladero-y-taller-de-scrapbooking\/\",\"url\":\"https:\/\/blogs.santosochoa.es\/logrono\/agustin-tejada-la-banda-del-desfiladero-y-taller-de-scrapbooking\/\",\"name\":\"Agust\u00edn Tejada, La Banda del Desfiladero y Taller de Scrapbooking - Santos Ochoa Logro\u00f1o\",\"isPartOf\":{\"@id\":\"https:\/\/blogs.santosochoa.es\/logrono\/#website\"},\"primaryImageOfPage\":{\"@id\":\"https:\/\/blogs.santosochoa.es\/logrono\/agustin-tejada-la-banda-del-desfiladero-y-taller-de-scrapbooking\/#primaryimage\"},\"image\":{\"@id\":\"https:\/\/blogs.santosochoa.es\/logrono\/agustin-tejada-la-banda-del-desfiladero-y-taller-de-scrapbooking\/#primaryimage\"},\"thumbnailUrl\":\"https:\/\/2.bp.blogspot.com\/-ajLCai7_aj0\/Wn2BC66fHBI\/AAAAAAAADCI\/cXvtagX6e7QAZFeBlpPVeK81I0JUvfqhQCLcBGAs\/s320\/hispania_agustin-tejada.jpg\",\"datePublished\":\"2018-02-09T11:16:00+00:00\",\"author\":{\"@id\":\"https:\/\/blogs.santosochoa.es\/logrono\/#\/schema\/person\/103664eb8c60fbeea1880c704687c2e3\"},\"breadcrumb\":{\"@id\":\"https:\/\/blogs.santosochoa.es\/logrono\/agustin-tejada-la-banda-del-desfiladero-y-taller-de-scrapbooking\/#breadcrumb\"},\"inLanguage\":\"es\",\"potentialAction\":[{\"@type\":\"ReadAction\",\"target\":[\"https:\/\/blogs.santosochoa.es\/logrono\/agustin-tejada-la-banda-del-desfiladero-y-taller-de-scrapbooking\/\"]}]},{\"@type\":\"ImageObject\",\"inLanguage\":\"es\",\"@id\":\"https:\/\/blogs.santosochoa.es\/logrono\/agustin-tejada-la-banda-del-desfiladero-y-taller-de-scrapbooking\/#primaryimage\",\"url\":\"https:\/\/2.bp.blogspot.com\/-ajLCai7_aj0\/Wn2BC66fHBI\/AAAAAAAADCI\/cXvtagX6e7QAZFeBlpPVeK81I0JUvfqhQCLcBGAs\/s320\/hispania_agustin-tejada.jpg\",\"contentUrl\":\"https:\/\/2.bp.blogspot.com\/-ajLCai7_aj0\/Wn2BC66fHBI\/AAAAAAAADCI\/cXvtagX6e7QAZFeBlpPVeK81I0JUvfqhQCLcBGAs\/s320\/hispania_agustin-tejada.jpg\"},{\"@type\":\"BreadcrumbList\",\"@id\":\"https:\/\/blogs.santosochoa.es\/logrono\/agustin-tejada-la-banda-del-desfiladero-y-taller-de-scrapbooking\/#breadcrumb\",\"itemListElement\":[{\"@type\":\"ListItem\",\"position\":1,\"name\":\"Home\",\"item\":\"https:\/\/blogs.santosochoa.es\/logrono\/\"},{\"@type\":\"ListItem\",\"position\":2,\"name\":\"Agust\u00edn Tejada, La Banda del Desfiladero y Taller de Scrapbooking\"}]},{\"@type\":\"WebSite\",\"@id\":\"https:\/\/blogs.santosochoa.es\/logrono\/#website\",\"url\":\"https:\/\/blogs.santosochoa.es\/logrono\/\",\"name\":\"Santos Ochoa Logro\u00f1o\",\"description\":\"Tu Librer\u00eda Online\",\"potentialAction\":[{\"@type\":\"SearchAction\",\"target\":{\"@type\":\"EntryPoint\",\"urlTemplate\":\"https:\/\/blogs.santosochoa.es\/logrono\/?s={search_term_string}\"},\"query-input\":{\"@type\":\"PropertyValueSpecification\",\"valueRequired\":true,\"valueName\":\"search_term_string\"}}],\"inLanguage\":\"es\"},{\"@type\":\"Person\",\"@id\":\"https:\/\/blogs.santosochoa.es\/logrono\/#\/schema\/person\/103664eb8c60fbeea1880c704687c2e3\",\"name\":\"Santos Ochoa Logro\u00f1o\",\"sameAs\":[\"http:\/\/santosochoa.es\",\"https:\/\/www.facebook.com\/santosochoalog\",\"https:\/\/www.instagram.com\/santosochoalog\/\",\"https:\/\/x.com\/santosochoalog\",\"https:\/\/www.youtube.com\/c\/SantosOchoaLibros\"]}]}<\/script>\n<!-- \/ Yoast SEO plugin. -->","yoast_head_json":{"title":"Agust\u00edn Tejada, La Banda del Desfiladero y Taller de Scrapbooking - Santos Ochoa Logro\u00f1o","robots":{"index":"index","follow":"follow","max-snippet":"max-snippet:-1","max-image-preview":"max-image-preview:large","max-video-preview":"max-video-preview:-1"},"canonical":"https:\/\/blogs.santosochoa.es\/logrono\/agustin-tejada-la-banda-del-desfiladero-y-taller-de-scrapbooking\/","og_locale":"es_ES","og_type":"article","og_title":"Agust\u00edn Tejada, La Banda del Desfiladero y Taller de Scrapbooking - Santos Ochoa Logro\u00f1o","og_description":"Agust\u00edn Tejada presenta Hispania, la esperada continuaci\u00f3n de Contrebia LeucadeMartes 13 de febrero, a las 19:30 h.Espacio Santos Ochoa. Calvo Sotelo, 19. Hispania, a\u00f1o 76 a. C. El general Quinto Sertorio se ha sublevado en Hispania contra el senado de Roma. Este, despu\u00e9s de m\u00faltiples derrotas, decide enviar en ayuda de Cecilio Metelo, proc\u00f3nsul de [&hellip;]","og_url":"https:\/\/blogs.santosochoa.es\/logrono\/agustin-tejada-la-banda-del-desfiladero-y-taller-de-scrapbooking\/","og_site_name":"Santos Ochoa Logro\u00f1o","article_author":"https:\/\/www.facebook.com\/santosochoalog","article_published_time":"2018-02-09T11:16:00+00:00","og_image":[{"url":"https:\/\/2.bp.blogspot.com\/-ajLCai7_aj0\/Wn2BC66fHBI\/AAAAAAAADCI\/cXvtagX6e7QAZFeBlpPVeK81I0JUvfqhQCLcBGAs\/s320\/hispania_agustin-tejada.jpg","type":"","width":"","height":""}],"author":"Santos Ochoa Logro\u00f1o","twitter_card":"summary_large_image","twitter_creator":"@santosochoalog","twitter_misc":{"Written by":"Santos Ochoa Logro\u00f1o","Est. reading time":"5 minutos"},"schema":{"@context":"https:\/\/schema.org","@graph":[{"@type":"Article","@id":"https:\/\/blogs.santosochoa.es\/logrono\/agustin-tejada-la-banda-del-desfiladero-y-taller-de-scrapbooking\/#article","isPartOf":{"@id":"https:\/\/blogs.santosochoa.es\/logrono\/agustin-tejada-la-banda-del-desfiladero-y-taller-de-scrapbooking\/"},"author":{"name":"Santos Ochoa Logro\u00f1o","@id":"https:\/\/blogs.santosochoa.es\/logrono\/#\/schema\/person\/103664eb8c60fbeea1880c704687c2e3"},"headline":"Agust\u00edn Tejada, La Banda del Desfiladero y Taller de Scrapbooking","datePublished":"2018-02-09T11:16:00+00:00","mainEntityOfPage":{"@id":"https:\/\/blogs.santosochoa.es\/logrono\/agustin-tejada-la-banda-del-desfiladero-y-taller-de-scrapbooking\/"},"wordCount":1064,"commentCount":0,"image":{"@id":"https:\/\/blogs.santosochoa.es\/logrono\/agustin-tejada-la-banda-del-desfiladero-y-taller-de-scrapbooking\/#primaryimage"},"thumbnailUrl":"https:\/\/2.bp.blogspot.com\/-ajLCai7_aj0\/Wn2BC66fHBI\/AAAAAAAADCI\/cXvtagX6e7QAZFeBlpPVeK81I0JUvfqhQCLcBGAs\/s320\/hispania_agustin-tejada.jpg","articleSection":["infantil","libros","m\u00fasica"],"inLanguage":"es","potentialAction":[{"@type":"CommentAction","name":"Comment","target":["https:\/\/blogs.santosochoa.es\/logrono\/agustin-tejada-la-banda-del-desfiladero-y-taller-de-scrapbooking\/#respond"]}]},{"@type":"WebPage","@id":"https:\/\/blogs.santosochoa.es\/logrono\/agustin-tejada-la-banda-del-desfiladero-y-taller-de-scrapbooking\/","url":"https:\/\/blogs.santosochoa.es\/logrono\/agustin-tejada-la-banda-del-desfiladero-y-taller-de-scrapbooking\/","name":"Agust\u00edn Tejada, La Banda del Desfiladero y Taller de Scrapbooking - Santos Ochoa Logro\u00f1o","isPartOf":{"@id":"https:\/\/blogs.santosochoa.es\/logrono\/#website"},"primaryImageOfPage":{"@id":"https:\/\/blogs.santosochoa.es\/logrono\/agustin-tejada-la-banda-del-desfiladero-y-taller-de-scrapbooking\/#primaryimage"},"image":{"@id":"https:\/\/blogs.santosochoa.es\/logrono\/agustin-tejada-la-banda-del-desfiladero-y-taller-de-scrapbooking\/#primaryimage"},"thumbnailUrl":"https:\/\/2.bp.blogspot.com\/-ajLCai7_aj0\/Wn2BC66fHBI\/AAAAAAAADCI\/cXvtagX6e7QAZFeBlpPVeK81I0JUvfqhQCLcBGAs\/s320\/hispania_agustin-tejada.jpg","datePublished":"2018-02-09T11:16:00+00:00","author":{"@id":"https:\/\/blogs.santosochoa.es\/logrono\/#\/schema\/person\/103664eb8c60fbeea1880c704687c2e3"},"breadcrumb":{"@id":"https:\/\/blogs.santosochoa.es\/logrono\/agustin-tejada-la-banda-del-desfiladero-y-taller-de-scrapbooking\/#breadcrumb"},"inLanguage":"es","potentialAction":[{"@type":"ReadAction","target":["https:\/\/blogs.santosochoa.es\/logrono\/agustin-tejada-la-banda-del-desfiladero-y-taller-de-scrapbooking\/"]}]},{"@type":"ImageObject","inLanguage":"es","@id":"https:\/\/blogs.santosochoa.es\/logrono\/agustin-tejada-la-banda-del-desfiladero-y-taller-de-scrapbooking\/#primaryimage","url":"https:\/\/2.bp.blogspot.com\/-ajLCai7_aj0\/Wn2BC66fHBI\/AAAAAAAADCI\/cXvtagX6e7QAZFeBlpPVeK81I0JUvfqhQCLcBGAs\/s320\/hispania_agustin-tejada.jpg","contentUrl":"https:\/\/2.bp.blogspot.com\/-ajLCai7_aj0\/Wn2BC66fHBI\/AAAAAAAADCI\/cXvtagX6e7QAZFeBlpPVeK81I0JUvfqhQCLcBGAs\/s320\/hispania_agustin-tejada.jpg"},{"@type":"BreadcrumbList","@id":"https:\/\/blogs.santosochoa.es\/logrono\/agustin-tejada-la-banda-del-desfiladero-y-taller-de-scrapbooking\/#breadcrumb","itemListElement":[{"@type":"ListItem","position":1,"name":"Home","item":"https:\/\/blogs.santosochoa.es\/logrono\/"},{"@type":"ListItem","position":2,"name":"Agust\u00edn Tejada, La Banda del Desfiladero y Taller de Scrapbooking"}]},{"@type":"WebSite","@id":"https:\/\/blogs.santosochoa.es\/logrono\/#website","url":"https:\/\/blogs.santosochoa.es\/logrono\/","name":"Santos Ochoa Logro\u00f1o","description":"Tu Librer\u00eda Online","potentialAction":[{"@type":"SearchAction","target":{"@type":"EntryPoint","urlTemplate":"https:\/\/blogs.santosochoa.es\/logrono\/?s={search_term_string}"},"query-input":{"@type":"PropertyValueSpecification","valueRequired":true,"valueName":"search_term_string"}}],"inLanguage":"es"},{"@type":"Person","@id":"https:\/\/blogs.santosochoa.es\/logrono\/#\/schema\/person\/103664eb8c60fbeea1880c704687c2e3","name":"Santos Ochoa Logro\u00f1o","sameAs":["http:\/\/santosochoa.es","https:\/\/www.facebook.com\/santosochoalog","https:\/\/www.instagram.com\/santosochoalog\/","https:\/\/x.com\/santosochoalog","https:\/\/www.youtube.com\/c\/SantosOchoaLibros"]}]}},"_links":{"self":[{"href":"https:\/\/blogs.santosochoa.es\/logrono\/wp-json\/wp\/v2\/posts\/120","targetHints":{"allow":["GET"]}}],"collection":[{"href":"https:\/\/blogs.santosochoa.es\/logrono\/wp-json\/wp\/v2\/posts"}],"about":[{"href":"https:\/\/blogs.santosochoa.es\/logrono\/wp-json\/wp\/v2\/types\/post"}],"author":[{"embeddable":true,"href":"https:\/\/blogs.santosochoa.es\/logrono\/wp-json\/wp\/v2\/users\/4"}],"replies":[{"embeddable":true,"href":"https:\/\/blogs.santosochoa.es\/logrono\/wp-json\/wp\/v2\/comments?post=120"}],"version-history":[{"count":0,"href":"https:\/\/blogs.santosochoa.es\/logrono\/wp-json\/wp\/v2\/posts\/120\/revisions"}],"wp:attachment":[{"href":"https:\/\/blogs.santosochoa.es\/logrono\/wp-json\/wp\/v2\/media?parent=120"}],"wp:term":[{"taxonomy":"category","embeddable":true,"href":"https:\/\/blogs.santosochoa.es\/logrono\/wp-json\/wp\/v2\/categories?post=120"},{"taxonomy":"post_tag","embeddable":true,"href":"https:\/\/blogs.santosochoa.es\/logrono\/wp-json\/wp\/v2\/tags?post=120"}],"curies":[{"name":"wp","href":"https:\/\/api.w.org\/{rel}","templated":true}]}}