{"id":1171,"date":"2019-06-20T09:00:53","date_gmt":"2019-06-20T07:00:53","guid":{"rendered":"https:\/\/blogs.santosochoa.es\/logrono\/?p=1171"},"modified":"2019-06-19T10:22:04","modified_gmt":"2019-06-19T08:22:04","slug":"mikel-alvira-carlos-zanon-y-silvia-eguiluz","status":"publish","type":"post","link":"https:\/\/blogs.santosochoa.es\/logrono\/mikel-alvira-carlos-zanon-y-silvia-eguiluz\/","title":{"rendered":"Mikel Alvira, Carlos Zan\u00f3n y Silvia Egu\u00edluz"},"content":{"rendered":"\n<h2 class=\"wp-block-heading\"><em><strong>Yo fui Gilles Nabarre. <\/strong><\/em><strong>Club de Lectura con Mikel Alvira<\/strong><\/h2>\n\n\n\n<h3 class=\"wp-block-heading\">Martes 25 de junio, a las 19:30 h.<\/h3>\n\n\n\n<h4 class=\"wp-block-heading\">Espacio Santos Ochoa. Calvo Sotelo, 19<\/h4>\n\n\n\n<div class=\"wp-block-image\"><figure class=\"alignleft is-resized\"><img loading=\"lazy\" decoding=\"async\" src=\"https:\/\/blogs.santosochoa.es\/logrono\/wp-content\/uploads\/sites\/2\/2019\/05\/yo-fui-giles-nabarre_mikel-alvira.jpg\" alt=\"\" class=\"wp-image-1148\" width=\"206\" height=\"316\" srcset=\"https:\/\/blogs.santosochoa.es\/logrono\/wp-content\/uploads\/sites\/2\/2019\/05\/yo-fui-giles-nabarre_mikel-alvira.jpg 591w, https:\/\/blogs.santosochoa.es\/logrono\/wp-content\/uploads\/sites\/2\/2019\/05\/yo-fui-giles-nabarre_mikel-alvira-196x300.jpg 196w\" sizes=\"auto, (max-width: 206px) 100vw, 206px\" \/><\/figure><\/div>\n\n\n\n<h5 class=\"wp-block-heading\"><strong>Capbreton, 1945. Gilles Nabarre es un muchacho que ha\nperdido a su padre en una trinchera y a su madre, luchando en la Resistencia.\nVagabundea entre la escuela y el puerto, sobre todo en este, donde cuenta con el\n<em>Literal<\/em>, el barco que ha heredado y que ser\u00e1 para \u00e9l un referente s\u00f3lido\nen medio de la orfandad. El <em>Literal&nbsp;<\/em>marcar\u00e1 su ni\u00f1ez, moldear\u00e1 su\ncar\u00e1cter y se convertir\u00e1 en su billete hacia el futuro.<\/strong><\/h5>\n\n\n\n<p>A partir de ah\u00ed, Gilles repetir\u00e1\nla gesta de los soldados brit\u00e1nicos que remontaron el Garona en canoa\npara sabotear la base de submarinos fascista de Burdeos; colaborar\u00e1 con <em>National\nGeographic<\/em>; navegar\u00e1 hasta Dinamarca, donde conocer\u00e1 a Marie, con quien\nconstruir\u00e1 una honesta y subyugante historia de pareja;&nbsp;descubrir\u00e1 el\nBilbao de los a\u00f1os sesenta y cruzar\u00e1, viendo c\u00f3mo se desmorona su mundo y surge\nuno nuevo,&nbsp;la frontera invisible del mar.<\/p>\n\n\n\n<p><em>Yo fui Gilles Nabarre <\/em>narra la fascinante vida de un hombre com\u00fan a quien, sin embargo,\ntodos vieron como un h\u00e9roe, al tiempo que descifra, mediante los manuscritos de\nsu protagonista, la esencia del ser humano: sus miedos, sus logros, sus\npasiones. <\/p>\n\n\n\n<p><strong>Mikel Alvira<\/strong>, nacido en Pamplona en 1969, es un autor con una gran inquietud creativa que le ha llevado a trabajar en muy diversos \u00e1mbitos, desde las artes pl\u00e1sticas hasta el cine, disciplinas en las que ha realizado exitosas incursiones. Pero, sobre todo, es escritor, ya sea en narrativa, en poes\u00eda o en ensayo. Con <em>El silencio de las hayas <\/em>(2009) despeg\u00f3 su fecunda carrera de autor, que incluye t\u00edtulos como <em>Llegar\u00e1 la lluvia <\/em>(2011) o <em>El color de las mareas <\/em>(2018). Con <em>Yo fui Gilles Nabarre<\/em> da una vuelta de tuerca a su narrativa, demostrando de nuevo ser un gran contador de historias.<\/p>\n\n\n\n<div style=\"height:50px\" aria-hidden=\"true\" class=\"wp-block-spacer\"><\/div>\n\n\n\n<h2 class=\"wp-block-heading\"><strong>Carlos Zan\u00f3n presenta <\/strong><em><strong>Carvalho. Problemas de identidad<\/strong><\/em><\/h2>\n\n\n\n<h3 class=\"wp-block-heading\">Jueves 27 de junio, a las 19:30 h.<\/h3>\n\n\n\n<h4 class=\"wp-block-heading\">Espacio Santos Ochoa. Calvo Sotelo, 19<\/h4>\n\n\n\n<div class=\"wp-block-image\"><figure class=\"alignright is-resized\"><img loading=\"lazy\" decoding=\"async\" src=\"https:\/\/blogs.santosochoa.es\/logrono\/wp-content\/uploads\/sites\/2\/2019\/04\/carvalho-problemas-de-identidad_carlos-zanon.jpg\" alt=\"\" class=\"wp-image-1092\" width=\"210\" height=\"310\" \/><\/figure><\/div>\n\n\n\n<h5 class=\"wp-block-heading\"><strong>Sin saber bien c\u00f3mo ni por qu\u00e9, Carvalho anda desgarrado\nentre Barcelona y Madrid. En Barcelona le quedan los restos de su tribu y el despacho\nen el que sigue trabajando. En Madrid anda perdido en el laberinto de una mujer\ncasada con un prohombre de la pol\u00edtica nacional, y que le ha desestabilizado\nm\u00e1s de lo que consigui\u00f3 nadie antes. Quiz\u00e1 se est\u00e1 haciendo viejo o le asaltan\n\u2014como al propio pa\u00eds\u2014 problemas de identidad a todos los niveles: \u00bfqui\u00e9n eres,\nCarvalho?, \u00bfqu\u00e9 quieres?, \u00bfqu\u00e9 buscas?<\/strong><\/h5>\n\n\n\n<p>Estamos en 2017 y las placas tect\u00f3nicas de la\nsociedad parecen moverse de un modo in\u00e9dito. Los problemas de siempre, la\ndesaparici\u00f3n de una prostituta o una vieja amiga que acude en busca de ayuda\npor un sangriento crimen familiar. En lo personal, la complicidad con Bisc\u00fater pasa\npor horas bajas, y su salud no es la mejor noticia del momento.<\/p>\n\n\n\n<p>Y sigue odiando la m\u00fasica moderna y quemando\nlibros.<\/p>\n\n\n\n<p><strong>Carlos\nZan\u00f3n<\/strong> (Barcelona, 1966) es autor de\nlos libros de poemas&nbsp;<em>El sabor de tu boca borracha<\/em>&nbsp;(menci\u00f3n\nespecial Premio Anthropos),<em>&nbsp;Ilusiones y sue\u00f1os de 10 000 maletas<\/em>,<em>&nbsp;En\nel parque de los osos<\/em>&nbsp;(finalista del Premio Nacional de Poes\u00eda Ciudad\nde Ir\u00fan),&nbsp;<em>Algunas maneras de olvidar a Gengis Khan<\/em>&nbsp;(Premio\nValencia de Poes\u00eda),&nbsp;<em>Tictac tictac<\/em>, la antolog\u00eda&nbsp;<em>Yo viv\u00eda\naqu\u00ed<\/em>,&nbsp;<em>Rock\u2019n\u2019roll<\/em>&nbsp;y&nbsp;<em>Banco de sangre<\/em>.<\/p>\n\n\n\n<p>En el \u00e1mbito narrativo es autor de las\nnovelas&nbsp;<em>Nadie ama a un hombre bueno<\/em>,&nbsp;<em>Tarde, mal y nunca<\/em>,\npremio Brigada Mejor Primera Novela del a\u00f1o, finalista del Premio Memorial\nSilverio Ca\u00f1ada, Giallo e dell Noir (Italia) y Violeta Negra (Francia),&nbsp;<em>No\nllames a casa,<\/em>&nbsp;premio Valencia Negra a mejor novela del a\u00f1o, <em>Yo fui\nJohnny Thunders<\/em>, premio Salamanca Negra mejor Novela del A\u00f1o 2014, premio\nNovelpol 2015 y premio Dashiell Hammet 2015, y del libro de relatos&nbsp;<em>Marley\nestaba muerto<\/em>&nbsp;y su \u00faltima novela&nbsp;<em>Taxi<\/em>. Su narrativa ha\nsido traducida y publicada en Estados Unidos, Alemania, Francia, Holanda e\nItalia.&nbsp;<\/p>\n\n\n\n<p>Colabora como articulista, cr\u00edtico musical o literario con peri\u00f3dicos, revistas y suplementos culturales.\u00a0<\/p>\n\n\n\n<div style=\"height:50px\" aria-hidden=\"true\" class=\"wp-block-spacer\"><\/div>\n\n\n\n<h2 class=\"wp-block-heading\"><strong>La mirandesa Silvia Egu\u00edluz presenta su primera novela <\/strong><em><strong>La maldita de Aquende a Allende<\/strong><\/em><\/h2>\n\n\n\n<h3 class=\"wp-block-heading\">S\u00e1bado 29 de junio, a las 18:30 h.<\/h3>\n\n\n\n<h4 class=\"wp-block-heading\">Espacio Santos Ochoa. Calvo Sotelo, 19<\/h4>\n\n\n\n<div class=\"wp-block-image\"><figure class=\"alignleft is-resized\"><img loading=\"lazy\" decoding=\"async\" src=\"https:\/\/blogs.santosochoa.es\/logrono\/wp-content\/uploads\/sites\/2\/2019\/05\/la-maldita_silvia-eguiluz.jpg\" alt=\"\" class=\"wp-image-1153\" width=\"206\" height=\"317\" srcset=\"https:\/\/blogs.santosochoa.es\/logrono\/wp-content\/uploads\/sites\/2\/2019\/05\/la-maldita_silvia-eguiluz.jpg 591w, https:\/\/blogs.santosochoa.es\/logrono\/wp-content\/uploads\/sites\/2\/2019\/05\/la-maldita_silvia-eguiluz-194x300.jpg 194w\" sizes=\"auto, (max-width: 206px) 100vw, 206px\" \/><\/figure><\/div>\n\n\n\n<h5 class=\"wp-block-heading\"><strong>En Miranda de Ebro hace siglos apodaron a una de sus\nvecinas como \u201cLa maldita de Aquende a Allende\u201d; y es que si tu nombre es Lambra\nde la Fuente tu destino est\u00e1 escrito. Desde hace muchas, muchas generaciones,\nLambra es la guardiana de la familia. Sin pareja, sin hijos, sin vida\u2026 pasa la\nvida viendo pasar los a\u00f1os de forma discreta y calmada.<\/strong><\/h5>\n\n\n\n<p>Pero la calma se ve alterada con la aparici\u00f3n\nde un asesino selectivo, un familiar lejano y un rostro conocido del pasado que\npens\u00f3 que nunca m\u00e1s volver\u00eda a ver.<\/p>\n\n\n\n<p>A lo largo de las p\u00e1ginas de esta novela se\nva desvelando el misterio tras las muertes, la fuerza de la sangre y la\nfamilia, y la importancia de ser fiel a uno mismo y no perder la esperanza. No\nhay que viajar siempre a rec\u00f3nditos lugares como Transilvania para encontrarse\ncon las historias m\u00e1s sorprendentes. Tal vez en Burgos tambi\u00e9n haya vampiros.<\/p>\n\n\n\n<p><strong>Silvia\nEgu\u00edluz Gonz\u00e1lez<\/strong> (Miranda de Ebro,\nBurgos. 1978) Diplomada en \u00f3ptica y optometr\u00eda por la Universidad de Alicante y\nGraduada por la Universidad de Valladolid. Lleva a\u00f1os compaginando el\ndesarrollo de su profesi\u00f3n con la que es su afici\u00f3n desde ni\u00f1a: escribir. En\n2017 publica por primera vez una breve antolog\u00eda de relatos bajo el t\u00edtulo <em>7 Narraciones imposibles y un verso<\/em>. En\n2018 pone en marcha Espectro Le\u00edble (espectroleible.blogpost.com), un blog\ndonde hay publicados un microrrelato relacionado con el universo de la \u00f3ptica\npara cada semana del a\u00f1o. En 2019 gana el III premio de literatura ilustrada de\nla villa de Nalda e Islallana. Tambi\u00e9n es el a\u00f1o en que ve la luz su primera\nnovela por t\u00edtulo <em>La Maldita de Aquende a\nAllende<\/em>, de la mano de Meiga Ediciones.<\/p>\n","protected":false},"excerpt":{"rendered":"<p>Agenda Cultural de Santos Ochoa Logro\u00f1o: Club de lectura con Mikel Alvira, Carlos Zan\u00f3n presenta \u00abCarvalho. Problemas de identidad\u00bb y Silvia Egu\u00edluz presenta \u00abLa maldita de Aquende a Allende\u00bb<\/p>\n","protected":false},"author":4,"featured_media":1148,"comment_status":"closed","ping_status":"closed","sticky":false,"template":"","format":"standard","meta":{"footnotes":""},"categories":[14,12],"tags":[],"class_list":["post-1171","post","type-post","status-publish","format-standard","has-post-thumbnail","hentry","category-charla-con-el-autor","category-libros"],"yoast_head":"<!-- This site is optimized with the Yoast SEO plugin v27.2 - https:\/\/yoast.com\/product\/yoast-seo-wordpress\/ -->\n<title>Mikel Alvira, Carlos Zan\u00f3n y Silvia Egu\u00edluz - Santos Ochoa Logro\u00f1o<\/title>\n<meta name=\"description\" content=\"Agenda Cultural de Santos Ochoa Logro\u00f1o: Club de lectura con Mikel Alvira, Carlos Zan\u00f3n presenta &quot;Carvalho. Problemas de identidad&quot; y Silvia Egu\u00edluz presenta &quot;La maldita de Aquende a Allende&quot;\" \/>\n<meta name=\"robots\" content=\"index, follow, max-snippet:-1, max-image-preview:large, max-video-preview:-1\" \/>\n<link rel=\"canonical\" href=\"https:\/\/blogs.santosochoa.es\/logrono\/mikel-alvira-carlos-zanon-y-silvia-eguiluz\/\" \/>\n<meta property=\"og:locale\" content=\"es_ES\" \/>\n<meta property=\"og:type\" content=\"article\" \/>\n<meta property=\"og:title\" content=\"Mikel Alvira, Carlos Zan\u00f3n y Silvia Egu\u00edluz - Santos Ochoa Logro\u00f1o\" \/>\n<meta property=\"og:description\" content=\"Agenda Cultural de Santos Ochoa Logro\u00f1o: Club de lectura con Mikel Alvira, Carlos Zan\u00f3n presenta &quot;Carvalho. Problemas de identidad&quot; y Silvia Egu\u00edluz presenta &quot;La maldita de Aquende a Allende&quot;\" \/>\n<meta property=\"og:url\" content=\"https:\/\/blogs.santosochoa.es\/logrono\/mikel-alvira-carlos-zanon-y-silvia-eguiluz\/\" \/>\n<meta property=\"og:site_name\" content=\"Santos Ochoa Logro\u00f1o\" \/>\n<meta property=\"article:author\" content=\"https:\/\/www.facebook.com\/santosochoalog\" \/>\n<meta property=\"article:published_time\" content=\"2019-06-20T07:00:53+00:00\" \/>\n<meta property=\"og:image\" content=\"https:\/\/blogs.santosochoa.es\/logrono\/wp-content\/uploads\/sites\/2\/2019\/05\/yo-fui-giles-nabarre_mikel-alvira.jpg\" \/>\n\t<meta property=\"og:image:width\" content=\"591\" \/>\n\t<meta property=\"og:image:height\" content=\"904\" \/>\n\t<meta property=\"og:image:type\" content=\"image\/jpeg\" \/>\n<meta name=\"author\" content=\"Santos Ochoa Logro\u00f1o\" \/>\n<meta name=\"twitter:card\" content=\"summary_large_image\" \/>\n<meta name=\"twitter:creator\" content=\"@santosochoalog\" \/>\n<meta name=\"twitter:label1\" content=\"Written by\" \/>\n\t<meta name=\"twitter:data1\" content=\"Santos Ochoa Logro\u00f1o\" \/>\n\t<meta name=\"twitter:label2\" content=\"Est. reading time\" \/>\n\t<meta name=\"twitter:data2\" content=\"5 minutos\" \/>\n<script type=\"application\/ld+json\" class=\"yoast-schema-graph\">{\"@context\":\"https:\/\/schema.org\",\"@graph\":[{\"@type\":\"Article\",\"@id\":\"https:\/\/blogs.santosochoa.es\/logrono\/mikel-alvira-carlos-zanon-y-silvia-eguiluz\/#article\",\"isPartOf\":{\"@id\":\"https:\/\/blogs.santosochoa.es\/logrono\/mikel-alvira-carlos-zanon-y-silvia-eguiluz\/\"},\"author\":{\"name\":\"Santos Ochoa Logro\u00f1o\",\"@id\":\"https:\/\/blogs.santosochoa.es\/logrono\/#\/schema\/person\/103664eb8c60fbeea1880c704687c2e3\"},\"headline\":\"Mikel Alvira, Carlos Zan\u00f3n y Silvia Egu\u00edluz\",\"datePublished\":\"2019-06-20T07:00:53+00:00\",\"mainEntityOfPage\":{\"@id\":\"https:\/\/blogs.santosochoa.es\/logrono\/mikel-alvira-carlos-zanon-y-silvia-eguiluz\/\"},\"wordCount\":1061,\"image\":{\"@id\":\"https:\/\/blogs.santosochoa.es\/logrono\/mikel-alvira-carlos-zanon-y-silvia-eguiluz\/#primaryimage\"},\"thumbnailUrl\":\"https:\/\/blogs.santosochoa.es\/logrono\/wp-content\/uploads\/sites\/2\/2019\/05\/yo-fui-giles-nabarre_mikel-alvira.jpg\",\"articleSection\":[\"charla con el autor\",\"libros\"],\"inLanguage\":\"es\"},{\"@type\":\"WebPage\",\"@id\":\"https:\/\/blogs.santosochoa.es\/logrono\/mikel-alvira-carlos-zanon-y-silvia-eguiluz\/\",\"url\":\"https:\/\/blogs.santosochoa.es\/logrono\/mikel-alvira-carlos-zanon-y-silvia-eguiluz\/\",\"name\":\"Mikel Alvira, Carlos Zan\u00f3n y Silvia Egu\u00edluz - Santos Ochoa Logro\u00f1o\",\"isPartOf\":{\"@id\":\"https:\/\/blogs.santosochoa.es\/logrono\/#website\"},\"primaryImageOfPage\":{\"@id\":\"https:\/\/blogs.santosochoa.es\/logrono\/mikel-alvira-carlos-zanon-y-silvia-eguiluz\/#primaryimage\"},\"image\":{\"@id\":\"https:\/\/blogs.santosochoa.es\/logrono\/mikel-alvira-carlos-zanon-y-silvia-eguiluz\/#primaryimage\"},\"thumbnailUrl\":\"https:\/\/blogs.santosochoa.es\/logrono\/wp-content\/uploads\/sites\/2\/2019\/05\/yo-fui-giles-nabarre_mikel-alvira.jpg\",\"datePublished\":\"2019-06-20T07:00:53+00:00\",\"author\":{\"@id\":\"https:\/\/blogs.santosochoa.es\/logrono\/#\/schema\/person\/103664eb8c60fbeea1880c704687c2e3\"},\"description\":\"Agenda Cultural de Santos Ochoa Logro\u00f1o: Club de lectura con Mikel Alvira, Carlos Zan\u00f3n presenta \\\"Carvalho. Problemas de identidad\\\" y Silvia Egu\u00edluz presenta \\\"La maldita de Aquende a Allende\\\"\",\"breadcrumb\":{\"@id\":\"https:\/\/blogs.santosochoa.es\/logrono\/mikel-alvira-carlos-zanon-y-silvia-eguiluz\/#breadcrumb\"},\"inLanguage\":\"es\",\"potentialAction\":[{\"@type\":\"ReadAction\",\"target\":[\"https:\/\/blogs.santosochoa.es\/logrono\/mikel-alvira-carlos-zanon-y-silvia-eguiluz\/\"]}]},{\"@type\":\"ImageObject\",\"inLanguage\":\"es\",\"@id\":\"https:\/\/blogs.santosochoa.es\/logrono\/mikel-alvira-carlos-zanon-y-silvia-eguiluz\/#primaryimage\",\"url\":\"https:\/\/blogs.santosochoa.es\/logrono\/wp-content\/uploads\/sites\/2\/2019\/05\/yo-fui-giles-nabarre_mikel-alvira.jpg\",\"contentUrl\":\"https:\/\/blogs.santosochoa.es\/logrono\/wp-content\/uploads\/sites\/2\/2019\/05\/yo-fui-giles-nabarre_mikel-alvira.jpg\",\"width\":591,\"height\":904},{\"@type\":\"BreadcrumbList\",\"@id\":\"https:\/\/blogs.santosochoa.es\/logrono\/mikel-alvira-carlos-zanon-y-silvia-eguiluz\/#breadcrumb\",\"itemListElement\":[{\"@type\":\"ListItem\",\"position\":1,\"name\":\"Home\",\"item\":\"https:\/\/blogs.santosochoa.es\/logrono\/\"},{\"@type\":\"ListItem\",\"position\":2,\"name\":\"Mikel Alvira, Carlos Zan\u00f3n y Silvia Egu\u00edluz\"}]},{\"@type\":\"WebSite\",\"@id\":\"https:\/\/blogs.santosochoa.es\/logrono\/#website\",\"url\":\"https:\/\/blogs.santosochoa.es\/logrono\/\",\"name\":\"Santos Ochoa Logro\u00f1o\",\"description\":\"Tu Librer\u00eda Online\",\"potentialAction\":[{\"@type\":\"SearchAction\",\"target\":{\"@type\":\"EntryPoint\",\"urlTemplate\":\"https:\/\/blogs.santosochoa.es\/logrono\/?s={search_term_string}\"},\"query-input\":{\"@type\":\"PropertyValueSpecification\",\"valueRequired\":true,\"valueName\":\"search_term_string\"}}],\"inLanguage\":\"es\"},{\"@type\":\"Person\",\"@id\":\"https:\/\/blogs.santosochoa.es\/logrono\/#\/schema\/person\/103664eb8c60fbeea1880c704687c2e3\",\"name\":\"Santos Ochoa Logro\u00f1o\",\"sameAs\":[\"http:\/\/santosochoa.es\",\"https:\/\/www.facebook.com\/santosochoalog\",\"https:\/\/www.instagram.com\/santosochoalog\/\",\"https:\/\/x.com\/santosochoalog\",\"https:\/\/www.youtube.com\/c\/SantosOchoaLibros\"]}]}<\/script>\n<!-- \/ Yoast SEO plugin. -->","yoast_head_json":{"title":"Mikel Alvira, Carlos Zan\u00f3n y Silvia Egu\u00edluz - Santos Ochoa Logro\u00f1o","description":"Agenda Cultural de Santos Ochoa Logro\u00f1o: Club de lectura con Mikel Alvira, Carlos Zan\u00f3n presenta \"Carvalho. Problemas de identidad\" y Silvia Egu\u00edluz presenta \"La maldita de Aquende a Allende\"","robots":{"index":"index","follow":"follow","max-snippet":"max-snippet:-1","max-image-preview":"max-image-preview:large","max-video-preview":"max-video-preview:-1"},"canonical":"https:\/\/blogs.santosochoa.es\/logrono\/mikel-alvira-carlos-zanon-y-silvia-eguiluz\/","og_locale":"es_ES","og_type":"article","og_title":"Mikel Alvira, Carlos Zan\u00f3n y Silvia Egu\u00edluz - Santos Ochoa Logro\u00f1o","og_description":"Agenda Cultural de Santos Ochoa Logro\u00f1o: Club de lectura con Mikel Alvira, Carlos Zan\u00f3n presenta \"Carvalho. Problemas de identidad\" y Silvia Egu\u00edluz presenta \"La maldita de Aquende a Allende\"","og_url":"https:\/\/blogs.santosochoa.es\/logrono\/mikel-alvira-carlos-zanon-y-silvia-eguiluz\/","og_site_name":"Santos Ochoa Logro\u00f1o","article_author":"https:\/\/www.facebook.com\/santosochoalog","article_published_time":"2019-06-20T07:00:53+00:00","og_image":[{"width":591,"height":904,"url":"https:\/\/blogs.santosochoa.es\/logrono\/wp-content\/uploads\/sites\/2\/2019\/05\/yo-fui-giles-nabarre_mikel-alvira.jpg","type":"image\/jpeg"}],"author":"Santos Ochoa Logro\u00f1o","twitter_card":"summary_large_image","twitter_creator":"@santosochoalog","twitter_misc":{"Written by":"Santos Ochoa Logro\u00f1o","Est. reading time":"5 minutos"},"schema":{"@context":"https:\/\/schema.org","@graph":[{"@type":"Article","@id":"https:\/\/blogs.santosochoa.es\/logrono\/mikel-alvira-carlos-zanon-y-silvia-eguiluz\/#article","isPartOf":{"@id":"https:\/\/blogs.santosochoa.es\/logrono\/mikel-alvira-carlos-zanon-y-silvia-eguiluz\/"},"author":{"name":"Santos Ochoa Logro\u00f1o","@id":"https:\/\/blogs.santosochoa.es\/logrono\/#\/schema\/person\/103664eb8c60fbeea1880c704687c2e3"},"headline":"Mikel Alvira, Carlos Zan\u00f3n y Silvia Egu\u00edluz","datePublished":"2019-06-20T07:00:53+00:00","mainEntityOfPage":{"@id":"https:\/\/blogs.santosochoa.es\/logrono\/mikel-alvira-carlos-zanon-y-silvia-eguiluz\/"},"wordCount":1061,"image":{"@id":"https:\/\/blogs.santosochoa.es\/logrono\/mikel-alvira-carlos-zanon-y-silvia-eguiluz\/#primaryimage"},"thumbnailUrl":"https:\/\/blogs.santosochoa.es\/logrono\/wp-content\/uploads\/sites\/2\/2019\/05\/yo-fui-giles-nabarre_mikel-alvira.jpg","articleSection":["charla con el autor","libros"],"inLanguage":"es"},{"@type":"WebPage","@id":"https:\/\/blogs.santosochoa.es\/logrono\/mikel-alvira-carlos-zanon-y-silvia-eguiluz\/","url":"https:\/\/blogs.santosochoa.es\/logrono\/mikel-alvira-carlos-zanon-y-silvia-eguiluz\/","name":"Mikel Alvira, Carlos Zan\u00f3n y Silvia Egu\u00edluz - Santos Ochoa Logro\u00f1o","isPartOf":{"@id":"https:\/\/blogs.santosochoa.es\/logrono\/#website"},"primaryImageOfPage":{"@id":"https:\/\/blogs.santosochoa.es\/logrono\/mikel-alvira-carlos-zanon-y-silvia-eguiluz\/#primaryimage"},"image":{"@id":"https:\/\/blogs.santosochoa.es\/logrono\/mikel-alvira-carlos-zanon-y-silvia-eguiluz\/#primaryimage"},"thumbnailUrl":"https:\/\/blogs.santosochoa.es\/logrono\/wp-content\/uploads\/sites\/2\/2019\/05\/yo-fui-giles-nabarre_mikel-alvira.jpg","datePublished":"2019-06-20T07:00:53+00:00","author":{"@id":"https:\/\/blogs.santosochoa.es\/logrono\/#\/schema\/person\/103664eb8c60fbeea1880c704687c2e3"},"description":"Agenda Cultural de Santos Ochoa Logro\u00f1o: Club de lectura con Mikel Alvira, Carlos Zan\u00f3n presenta \"Carvalho. Problemas de identidad\" y Silvia Egu\u00edluz presenta \"La maldita de Aquende a Allende\"","breadcrumb":{"@id":"https:\/\/blogs.santosochoa.es\/logrono\/mikel-alvira-carlos-zanon-y-silvia-eguiluz\/#breadcrumb"},"inLanguage":"es","potentialAction":[{"@type":"ReadAction","target":["https:\/\/blogs.santosochoa.es\/logrono\/mikel-alvira-carlos-zanon-y-silvia-eguiluz\/"]}]},{"@type":"ImageObject","inLanguage":"es","@id":"https:\/\/blogs.santosochoa.es\/logrono\/mikel-alvira-carlos-zanon-y-silvia-eguiluz\/#primaryimage","url":"https:\/\/blogs.santosochoa.es\/logrono\/wp-content\/uploads\/sites\/2\/2019\/05\/yo-fui-giles-nabarre_mikel-alvira.jpg","contentUrl":"https:\/\/blogs.santosochoa.es\/logrono\/wp-content\/uploads\/sites\/2\/2019\/05\/yo-fui-giles-nabarre_mikel-alvira.jpg","width":591,"height":904},{"@type":"BreadcrumbList","@id":"https:\/\/blogs.santosochoa.es\/logrono\/mikel-alvira-carlos-zanon-y-silvia-eguiluz\/#breadcrumb","itemListElement":[{"@type":"ListItem","position":1,"name":"Home","item":"https:\/\/blogs.santosochoa.es\/logrono\/"},{"@type":"ListItem","position":2,"name":"Mikel Alvira, Carlos Zan\u00f3n y Silvia Egu\u00edluz"}]},{"@type":"WebSite","@id":"https:\/\/blogs.santosochoa.es\/logrono\/#website","url":"https:\/\/blogs.santosochoa.es\/logrono\/","name":"Santos Ochoa Logro\u00f1o","description":"Tu Librer\u00eda Online","potentialAction":[{"@type":"SearchAction","target":{"@type":"EntryPoint","urlTemplate":"https:\/\/blogs.santosochoa.es\/logrono\/?s={search_term_string}"},"query-input":{"@type":"PropertyValueSpecification","valueRequired":true,"valueName":"search_term_string"}}],"inLanguage":"es"},{"@type":"Person","@id":"https:\/\/blogs.santosochoa.es\/logrono\/#\/schema\/person\/103664eb8c60fbeea1880c704687c2e3","name":"Santos Ochoa Logro\u00f1o","sameAs":["http:\/\/santosochoa.es","https:\/\/www.facebook.com\/santosochoalog","https:\/\/www.instagram.com\/santosochoalog\/","https:\/\/x.com\/santosochoalog","https:\/\/www.youtube.com\/c\/SantosOchoaLibros"]}]}},"_links":{"self":[{"href":"https:\/\/blogs.santosochoa.es\/logrono\/wp-json\/wp\/v2\/posts\/1171","targetHints":{"allow":["GET"]}}],"collection":[{"href":"https:\/\/blogs.santosochoa.es\/logrono\/wp-json\/wp\/v2\/posts"}],"about":[{"href":"https:\/\/blogs.santosochoa.es\/logrono\/wp-json\/wp\/v2\/types\/post"}],"author":[{"embeddable":true,"href":"https:\/\/blogs.santosochoa.es\/logrono\/wp-json\/wp\/v2\/users\/4"}],"replies":[{"embeddable":true,"href":"https:\/\/blogs.santosochoa.es\/logrono\/wp-json\/wp\/v2\/comments?post=1171"}],"version-history":[{"count":1,"href":"https:\/\/blogs.santosochoa.es\/logrono\/wp-json\/wp\/v2\/posts\/1171\/revisions"}],"predecessor-version":[{"id":1172,"href":"https:\/\/blogs.santosochoa.es\/logrono\/wp-json\/wp\/v2\/posts\/1171\/revisions\/1172"}],"wp:featuredmedia":[{"embeddable":true,"href":"https:\/\/blogs.santosochoa.es\/logrono\/wp-json\/wp\/v2\/media\/1148"}],"wp:attachment":[{"href":"https:\/\/blogs.santosochoa.es\/logrono\/wp-json\/wp\/v2\/media?parent=1171"}],"wp:term":[{"taxonomy":"category","embeddable":true,"href":"https:\/\/blogs.santosochoa.es\/logrono\/wp-json\/wp\/v2\/categories?post=1171"},{"taxonomy":"post_tag","embeddable":true,"href":"https:\/\/blogs.santosochoa.es\/logrono\/wp-json\/wp\/v2\/tags?post=1171"}],"curies":[{"name":"wp","href":"https:\/\/api.w.org\/{rel}","templated":true}]}}