{"id":1168,"date":"2019-06-13T12:23:39","date_gmt":"2019-06-13T10:23:39","guid":{"rendered":"https:\/\/blogs.santosochoa.es\/logrono\/?p=1168"},"modified":"2019-06-14T12:43:44","modified_gmt":"2019-06-14T10:43:44","slug":"revista-fabula-y-sergio-del-molino-lorenzo-silva-y-noemi-trujillo-estela-baz","status":"publish","type":"post","link":"https:\/\/blogs.santosochoa.es\/logrono\/revista-fabula-y-sergio-del-molino-lorenzo-silva-y-noemi-trujillo-estela-baz\/","title":{"rendered":"Revista F\u00e1bula y Sergio del Molino, Lorenzo Silva y Noem\u00ed Trujillo, Estela Baz"},"content":{"rendered":"\n<h2 class=\"wp-block-heading\"><strong>Revista F\u00e1bula n\u00famero 44 y Sergio del Molino<\/strong><\/h2>\n\n\n\n<h3 class=\"wp-block-heading\">Martes 18 de junio, a las 19:30 h.<\/h3>\n\n\n\n<h4 class=\"wp-block-heading\">Espacio Santos Ochoa. Calvo Sotelo, 19<\/h4>\n\n\n\n<div class=\"wp-block-image\"><figure class=\"alignleft is-resized\"><img loading=\"lazy\" decoding=\"async\" src=\"https:\/\/blogs.santosochoa.es\/logrono\/wp-content\/uploads\/sites\/2\/2019\/05\/revista-fabula-44_sergio-del-molino.jpg\" alt=\"\" class=\"wp-image-1142\" width=\"210\" height=\"285\" srcset=\"https:\/\/blogs.santosochoa.es\/logrono\/wp-content\/uploads\/sites\/2\/2019\/05\/revista-fabula-44_sergio-del-molino.jpg 591w, https:\/\/blogs.santosochoa.es\/logrono\/wp-content\/uploads\/sites\/2\/2019\/05\/revista-fabula-44_sergio-del-molino-221x300.jpg 221w\" sizes=\"auto, (max-width: 210px) 100vw, 210px\" \/><\/figure><\/div>\n\n\n\n<h5 class=\"wp-block-heading\"><strong>La revista F\u00e1bula presenta su n\u00famero 44 con la presencia\ndel periodista y escritor Sergio del Molino, que apadrina esta edici\u00f3n. Le\nacompa\u00f1ar\u00e1 Carlos Villar Flor, director de la revista desde su fundaci\u00f3n.<\/strong><\/h5>\n\n\n\n<h5 class=\"wp-block-heading\"><strong>Sergio del Molino ofrecer\u00e1 una charla titulada <em>Las aldeas Potemkin: la Espa\u00f1a vac\u00eda como un\ndecorado<\/em>.<\/strong><\/h5>\n\n\n\n<p>La <strong>revista F\u00e1bula<\/strong> edita textos literarios in\u00e9ditos en castellano desde 1996 con periodicidad semestral. Durante estos 23 a\u00f1os ha publicado poemas, relatos, aforismos, art\u00edculos o ensayos de los principales escritores nacionales e iberoamericanos. Coincidiendo con la renovaci\u00f3n del equipo y una nueva apuesta creativa, desde el n\u00famero 43 tambi\u00e9n publica literatura ilustrada y ensayos fotogr\u00e1ficos sobre el hecho literario. <a href=\"http:\/\/revistafabula.com\" target=\"_blank\" rel=\"noreferrer noopener\" aria-label=\" (abre en una nueva pesta\u00f1a)\">http:\/\/revistafabula.com<\/a> <\/p>\n\n\n\n<p><strong>Sergio del Molino<\/strong> (Madrid, 1979) es escritor y periodista. Premio Ojo Cr\u00edtico y Tigre Juan, entre otros, por <em>La hora violeta<\/em>, es autor tambi\u00e9n de las novelas <em>Lo que a nadie le importa<\/em> y <em>No habr\u00e1 m\u00e1s enemigo<\/em>. El ensayo <em>La Espa\u00f1a vac\u00eda<\/em> fue Premio de los Libreros de Madrid al Mejor Ensayo, Premio C\u00e1lamo al Libro del A\u00f1o y uno de los diez mejores libros de 2016 en Espa\u00f1a seg\u00fan Babelia. Su \u00faltima novela, publicada en septiembre de 2017, es <em>La mirada de los peces<\/em>.<\/p>\n\n\n\n<div style=\"height:50px\" aria-hidden=\"true\" class=\"wp-block-spacer\"><\/div>\n\n\n\n<h2 class=\"wp-block-heading\"><strong>Lorenzo Silva y Noem\u00ed Trujillo presentan <\/strong><em><strong>Si esto es una mujer<\/strong><\/em><\/h2>\n\n\n\n<h3 class=\"wp-block-heading\">Mi\u00e9rcoles 19 de junio, a las 19:30 h.<\/h3>\n\n\n\n<h4 class=\"wp-block-heading\">Espacio Santos Ochoa. Calvo Sotelo, 19<\/h4>\n\n\n\n<div class=\"wp-block-image\"><figure class=\"alignright is-resized\"><img loading=\"lazy\" decoding=\"async\" src=\"https:\/\/blogs.santosochoa.es\/logrono\/wp-content\/uploads\/sites\/2\/2019\/05\/si-esto-es-una-mujer_lorenzo-silva_noemi-trujillo.jpg\" alt=\"\" class=\"wp-image-1144\" width=\"209\" height=\"359\" srcset=\"https:\/\/blogs.santosochoa.es\/logrono\/wp-content\/uploads\/sites\/2\/2019\/05\/si-esto-es-una-mujer_lorenzo-silva_noemi-trujillo.jpg 591w, https:\/\/blogs.santosochoa.es\/logrono\/wp-content\/uploads\/sites\/2\/2019\/05\/si-esto-es-una-mujer_lorenzo-silva_noemi-trujillo-174x300.jpg 174w\" sizes=\"auto, (max-width: 209px) 100vw, 209px\" \/><\/figure><\/div>\n\n\n\n<p><strong>La nueva\nserie policial de Lorenzo Silva, junto a Noem\u00ed Trujillo, con una mujer como protagonista.\nUna novela que se\u00f1ala los puntos oscuros de nuestra sociedad, cuestionando\nnuestra ceguera ante el sistema en el que vivimos. Ante todo, lo que la ciudad\ndesecha y que, nos guste o no, la define.<\/strong><\/p>\n\n\n\n<h5 class=\"wp-block-heading\"><strong>La inspectora de homicidios Manuela Mauri lleva siete\nmeses de baja cuando recibe la visita de la oficial Guadalupe Larbi para\npedirle que se reincorpore al trabajo: s\u00f3lo ella, le dice, tiene la autoridad y\nel empuje necesarios para sacar adelante una complicada investigaci\u00f3n en la que\nla Brigada Provincial de Polic\u00eda Judicial de Madrid no consigue avanzar.<\/strong><\/h5>\n\n\n\n<p>Tres meses atr\u00e1s aparecieron restos humanos\nen los vertederos de Pinto y Valdeming\u00f3mez. Pese a haber dedicado ingentes\nrecursos, no se ha encontrado el cad\u00e1ver completo y no hay una sola pista de la\nautor\u00eda del crimen. Y lo que es peor: tres meses despu\u00e9s sigue sin\nidentificarse a la v\u00edctima. Manuela se enfrentar\u00e1 de esta manera al mayor\ndesaf\u00edo de su carrera como inspectora de homicidios: la Operaci\u00f3n Vertedero.<\/p>\n\n\n\n<p>La b\u00fasqueda de la verdad pondr\u00e1 de nuevo a\nManuela en el punto de mira de sus compa\u00f1eros y superiores, que han perdido la\nconfianza en ella por los hechos acaecidos en torno al suicidio del inspector\njefe Alonso, por los que Manuela qued\u00f3 injustamente salpicada.<\/p>\n\n\n\n<p><strong>Lorenzo\nSilva<\/strong>&nbsp;(Madrid, 1966) ha\nescrito, entre&nbsp;otras, las novelas&nbsp;<em>La flaqueza del bolchevique<\/em>&nbsp;(finalista\ndel Premio Nadal 1997),&nbsp;<em>Noviembre sin&nbsp;violetas<\/em>,&nbsp;<em>La\nsustancia interior<\/em>,&nbsp;<em>El urinario<\/em>,&nbsp;<em>El \u00e1ngel&nbsp;oculto<\/em>,&nbsp;<em>El\nnombre de los nuestros<\/em>,&nbsp;<em>Carta blanca<\/em>&nbsp;(Premio Primavera\n2004),&nbsp;<em>Ni\u00f1os feroces<\/em>,&nbsp;<em>M\u00fasica&nbsp;para feos<\/em>&nbsp;y&nbsp;<em>Recordar\u00e1n\ntu nombre<\/em>. En 2006 public\u00f3&nbsp;junto a Luis Miguel Francisco&nbsp;<em>Y al\nfinal, la guerra<\/em>,&nbsp;un libro-reportaje sobre la intervenci\u00f3n de las\ntropas&nbsp;espa\u00f1olas en Irak y en 2010&nbsp;<em>Sereno en el peligro<\/em>.&nbsp;<em>La\naventura hist\u00f3rica de la Guardia Civil <\/em>(Premio&nbsp;Algaba de Ensayo).\nAdem\u00e1s, es autor de la serie&nbsp;polic\u00edaca protagonizada por los investigadores\nde la Guardia Civil Bevilacqua&nbsp;y Chamorro. Con uno de sus t\u00edtulos,&nbsp;<em>El\nalquimista impaciente<\/em>, gan\u00f3 el Premio Nadal 2000 y con otro, <em>La marca del meridiano<\/em>, el Premio\nPlaneta 2012.&nbsp;Desde 2010, es guardia civil honorario.<\/p>\n\n\n\n<p><strong>Noem\u00ed Trujillo <\/strong>(Barcelona, 1976), poeta y escritora, ha publicado los poemarios:&nbsp;<em>La Magdalena, Lejos de Valpara\u00edso, La muchacha de los ojos tristes<\/em>&nbsp;(tambi\u00e9n en edici\u00f3n biling\u00fce&nbsp;<em>The Girl with Sadness in her eyes)<\/em>&nbsp;y&nbsp;<em>Solo fue un post. <\/em>Su \u00faltimo poemario,&nbsp;<em>Brooklyn Bridge<\/em>, ha sido finalista&nbsp;del Premio Internacional de poes\u00eda Ciudad de Melilla. Adem\u00e1s de poes\u00eda y relato breve escribe literatura infantil y juvenil. Es editora del sello Playa de \u00c1kaba.<\/p>\n\n\n\n<div style=\"height:50px\" aria-hidden=\"true\" class=\"wp-block-spacer\"><\/div>\n\n\n\n<h2 class=\"wp-block-heading\"><strong>Estela Baz presenta la novela testimonial <\/strong><em><strong>Los ni\u00f1os de Lem\u00f3niz<\/strong><\/em><\/h2>\n\n\n\n<h3 class=\"wp-block-heading\">Viernes 21 de junio, a las 19:30 h.<\/h3>\n\n\n\n<h4 class=\"wp-block-heading\">Espacio Santos Ochoa. Calvo Sotelo, 19<\/h4>\n\n\n\n<div class=\"wp-block-image\"><figure class=\"alignleft is-resized\"><img loading=\"lazy\" decoding=\"async\" src=\"https:\/\/blogs.santosochoa.es\/logrono\/wp-content\/uploads\/sites\/2\/2019\/05\/los-ninos-de-lemoniz_estela-baz.jpg\" alt=\"\" class=\"wp-image-1146\" width=\"209\" height=\"317\" srcset=\"https:\/\/blogs.santosochoa.es\/logrono\/wp-content\/uploads\/sites\/2\/2019\/05\/los-ninos-de-lemoniz_estela-baz.jpg 591w, https:\/\/blogs.santosochoa.es\/logrono\/wp-content\/uploads\/sites\/2\/2019\/05\/los-ninos-de-lemoniz_estela-baz-198x300.jpg 198w\" sizes=\"auto, (max-width: 209px) 100vw, 209px\" \/><\/figure><\/div>\n\n\n\n<h5 class=\"wp-block-heading\"><strong>Mucho se ha hablado del terrorismo de ETA en las d\u00e9cadas\nde los 70 y 80, pero nunca se hab\u00eda escrito esta historia desde la mirada\nlimpia e inocente de los ni\u00f1os cuyos padres estaban amenazados o fueron\nasesinados por la organizaci\u00f3n terrorista. La autora fue uno de esos ni\u00f1os que\nal igual que otros, vivi\u00f3 unos acontecimientos que ning\u00fan ni\u00f1o deber\u00eda vivir\njam\u00e1s. <\/strong><\/h5>\n\n\n\n<p>El testimonio novelado <em>Los\nni\u00f1os de Lem\u00f3niz<\/em> es la suma de recuerdos recuperados. Habla de personas,\nemociones y situaciones, pero sobre todo habla de ni\u00f1os, de c\u00f3mo ellos vivieron\nesa realidad, de c\u00f3mo sus padres, ante situaciones l\u00edmite, intentaban ocultar\nlo que estaba ocurriendo con el \u00fanico objetivo de protegerlos. Ni\u00f1os que nunca\nfueron tenidos en cuenta, ni siquiera en las estad\u00edsticas. Y tambi\u00e9n habla de\nmujeres, de madres que, a pesar de su juventud, fueron extremadamente\nvalientes, generosas, protectoras y luchadoras.<\/p>\n\n\n\n<p><strong><em>\u00abLa historia real de unos ni\u00f1os y ni\u00f1as que fueron cruelmente golpeados\npor el terrorismo de ETA. Los ni\u00f1os de Lem\u00f3niz, lo mismo que Patria de Fernando\nAramburu, construye un relato para los que carec\u00edan de \u00e9l\u00bb<\/em><\/strong>. Luis del\nOlmo<\/p>\n\n\n\n<p><strong>Estela Baz<\/strong> naci\u00f3\nen Bilbao. Licenciada en Direcci\u00f3n de Empresas y Marketing, curs\u00f3 estudios de\npostgrado en la Universidad de Salamanca y ESADE, entre otros. La necesidad de\ndar respuesta a las emociones propias y de otros la llev\u00f3 a hacerse experta en\nCoaching y PNL. Actualmente trabaja en el mundo audiovisual, donde ocupa un\npuesto de direcci\u00f3n.<\/p>\n\n\n\n<p>En el a\u00f1o 2016, y de la mano del Grupo Planeta, dirigi\u00f3 la\nedici\u00f3n del libro <em>37 almas en una<\/em>,\ndel cual tambi\u00e9n es coautora, y en 2017 particip\u00f3 como colaboradora en el libro\n<em>M\u00edrame Espa\u00f1a<\/em>, publicado por\nAccenture.<\/p>\n\n\n\n<p>Acompa\u00f1a a\nla autora <strong>Marisol Chavarri Machain<\/strong>, vicepresidenta\nde la Asociaci\u00f3n Riojana de V\u00edctimas del Terrorismo (ARVT). Diplomada en\nMagisterio, por la Universidad de La Rioja. Coautora del libro: <em>Memorias del Terrorismo en Espa\u00f1a<\/em>. V\u00edctima\ndel Terrorismo: su padre el Excmo. Sr. D. Miguel Chavarri Isasi Sargento Jefe\nde la Polic\u00eda Local de Beasain, fue asesinado por la banda terrorista ETA, el 9\nde marzo de 1979, en Beasain (Guip\u00fazcoa). Participa dando su testimonio como\nv\u00edctima del terrorismo en los centros Educativos de Secundaria y Bachillerato\nen la Comunidad Aut\u00f3noma de Madrid y de La Rioja.<\/p>\n","protected":false},"excerpt":{"rendered":"<p>Agenda cultural de Santos Ochoa Logro\u00f1o. Revista F\u00e1bula y Sergio del Molino. Lorenzo Silva y Noem\u00ed Trujillo presentan \u00abSi esto es una mujer\u00bb. Estela Baz presenta \u00abLos ni\u00f1os de Lem\u00f3niz\u00bb<\/p>\n","protected":false},"author":4,"featured_media":1144,"comment_status":"closed","ping_status":"closed","sticky":false,"template":"","format":"standard","meta":{"footnotes":""},"categories":[10,12],"tags":[],"class_list":["post-1168","post","type-post","status-publish","format-standard","has-post-thumbnail","hentry","category-charlas","category-libros"],"yoast_head":"<!-- This site is optimized with the Yoast SEO plugin v27.2 - https:\/\/yoast.com\/product\/yoast-seo-wordpress\/ -->\n<title>Revista F\u00e1bula y Sergio del Molino, Lorenzo Silva y Noem\u00ed Trujillo, Estela Baz - Santos Ochoa Logro\u00f1o<\/title>\n<meta name=\"description\" content=\"Agenda cultural de Santos Ochoa Logro\u00f1o. Revista F\u00e1bula y Sergio del Molino. Lorenzo Silva y Noem\u00ed Trujillo presentan &quot;Si esto es una mujer&quot;. Estela Baz presenta &quot;Los ni\u00f1os de Lem\u00f3niz&quot;\" \/>\n<meta name=\"robots\" content=\"index, follow, max-snippet:-1, max-image-preview:large, max-video-preview:-1\" \/>\n<link rel=\"canonical\" href=\"https:\/\/blogs.santosochoa.es\/logrono\/revista-fabula-y-sergio-del-molino-lorenzo-silva-y-noemi-trujillo-estela-baz\/\" \/>\n<meta property=\"og:locale\" content=\"es_ES\" \/>\n<meta property=\"og:type\" content=\"article\" \/>\n<meta property=\"og:title\" content=\"Revista F\u00e1bula y Sergio del Molino, Lorenzo Silva y Noem\u00ed Trujillo, Estela Baz - Santos Ochoa Logro\u00f1o\" \/>\n<meta property=\"og:description\" content=\"Agenda cultural de Santos Ochoa Logro\u00f1o. Revista F\u00e1bula y Sergio del Molino. Lorenzo Silva y Noem\u00ed Trujillo presentan &quot;Si esto es una mujer&quot;. Estela Baz presenta &quot;Los ni\u00f1os de Lem\u00f3niz&quot;\" \/>\n<meta property=\"og:url\" content=\"https:\/\/blogs.santosochoa.es\/logrono\/revista-fabula-y-sergio-del-molino-lorenzo-silva-y-noemi-trujillo-estela-baz\/\" \/>\n<meta property=\"og:site_name\" content=\"Santos Ochoa Logro\u00f1o\" \/>\n<meta property=\"article:author\" content=\"https:\/\/www.facebook.com\/santosochoalog\" \/>\n<meta property=\"article:published_time\" content=\"2019-06-13T10:23:39+00:00\" \/>\n<meta property=\"article:modified_time\" content=\"2019-06-14T10:43:44+00:00\" \/>\n<meta property=\"og:image\" content=\"https:\/\/blogs.santosochoa.es\/logrono\/wp-content\/uploads\/sites\/2\/2019\/05\/si-esto-es-una-mujer_lorenzo-silva_noemi-trujillo.jpg\" \/>\n\t<meta property=\"og:image:width\" content=\"591\" \/>\n\t<meta property=\"og:image:height\" content=\"1017\" \/>\n\t<meta property=\"og:image:type\" content=\"image\/jpeg\" \/>\n<meta name=\"author\" content=\"Santos Ochoa Logro\u00f1o\" \/>\n<meta name=\"twitter:card\" content=\"summary_large_image\" \/>\n<meta name=\"twitter:creator\" content=\"@santosochoalog\" \/>\n<meta name=\"twitter:label1\" content=\"Written by\" \/>\n\t<meta name=\"twitter:data1\" content=\"Santos Ochoa Logro\u00f1o\" \/>\n\t<meta name=\"twitter:label2\" content=\"Est. reading time\" \/>\n\t<meta name=\"twitter:data2\" content=\"6 minutos\" \/>\n<script type=\"application\/ld+json\" class=\"yoast-schema-graph\">{\"@context\":\"https:\/\/schema.org\",\"@graph\":[{\"@type\":\"Article\",\"@id\":\"https:\/\/blogs.santosochoa.es\/logrono\/revista-fabula-y-sergio-del-molino-lorenzo-silva-y-noemi-trujillo-estela-baz\/#article\",\"isPartOf\":{\"@id\":\"https:\/\/blogs.santosochoa.es\/logrono\/revista-fabula-y-sergio-del-molino-lorenzo-silva-y-noemi-trujillo-estela-baz\/\"},\"author\":{\"name\":\"Santos Ochoa Logro\u00f1o\",\"@id\":\"https:\/\/blogs.santosochoa.es\/logrono\/#\/schema\/person\/103664eb8c60fbeea1880c704687c2e3\"},\"headline\":\"Revista F\u00e1bula y Sergio del Molino, Lorenzo Silva y Noem\u00ed Trujillo, Estela Baz\",\"datePublished\":\"2019-06-13T10:23:39+00:00\",\"dateModified\":\"2019-06-14T10:43:44+00:00\",\"mainEntityOfPage\":{\"@id\":\"https:\/\/blogs.santosochoa.es\/logrono\/revista-fabula-y-sergio-del-molino-lorenzo-silva-y-noemi-trujillo-estela-baz\/\"},\"wordCount\":1198,\"image\":{\"@id\":\"https:\/\/blogs.santosochoa.es\/logrono\/revista-fabula-y-sergio-del-molino-lorenzo-silva-y-noemi-trujillo-estela-baz\/#primaryimage\"},\"thumbnailUrl\":\"https:\/\/blogs.santosochoa.es\/logrono\/wp-content\/uploads\/sites\/2\/2019\/05\/si-esto-es-una-mujer_lorenzo-silva_noemi-trujillo.jpg\",\"articleSection\":[\"charlas\",\"libros\"],\"inLanguage\":\"es\"},{\"@type\":\"WebPage\",\"@id\":\"https:\/\/blogs.santosochoa.es\/logrono\/revista-fabula-y-sergio-del-molino-lorenzo-silva-y-noemi-trujillo-estela-baz\/\",\"url\":\"https:\/\/blogs.santosochoa.es\/logrono\/revista-fabula-y-sergio-del-molino-lorenzo-silva-y-noemi-trujillo-estela-baz\/\",\"name\":\"Revista F\u00e1bula y Sergio del Molino, Lorenzo Silva y Noem\u00ed Trujillo, Estela Baz - Santos Ochoa Logro\u00f1o\",\"isPartOf\":{\"@id\":\"https:\/\/blogs.santosochoa.es\/logrono\/#website\"},\"primaryImageOfPage\":{\"@id\":\"https:\/\/blogs.santosochoa.es\/logrono\/revista-fabula-y-sergio-del-molino-lorenzo-silva-y-noemi-trujillo-estela-baz\/#primaryimage\"},\"image\":{\"@id\":\"https:\/\/blogs.santosochoa.es\/logrono\/revista-fabula-y-sergio-del-molino-lorenzo-silva-y-noemi-trujillo-estela-baz\/#primaryimage\"},\"thumbnailUrl\":\"https:\/\/blogs.santosochoa.es\/logrono\/wp-content\/uploads\/sites\/2\/2019\/05\/si-esto-es-una-mujer_lorenzo-silva_noemi-trujillo.jpg\",\"datePublished\":\"2019-06-13T10:23:39+00:00\",\"dateModified\":\"2019-06-14T10:43:44+00:00\",\"author\":{\"@id\":\"https:\/\/blogs.santosochoa.es\/logrono\/#\/schema\/person\/103664eb8c60fbeea1880c704687c2e3\"},\"description\":\"Agenda cultural de Santos Ochoa Logro\u00f1o. Revista F\u00e1bula y Sergio del Molino. Lorenzo Silva y Noem\u00ed Trujillo presentan \\\"Si esto es una mujer\\\". Estela Baz presenta \\\"Los ni\u00f1os de Lem\u00f3niz\\\"\",\"breadcrumb\":{\"@id\":\"https:\/\/blogs.santosochoa.es\/logrono\/revista-fabula-y-sergio-del-molino-lorenzo-silva-y-noemi-trujillo-estela-baz\/#breadcrumb\"},\"inLanguage\":\"es\",\"potentialAction\":[{\"@type\":\"ReadAction\",\"target\":[\"https:\/\/blogs.santosochoa.es\/logrono\/revista-fabula-y-sergio-del-molino-lorenzo-silva-y-noemi-trujillo-estela-baz\/\"]}]},{\"@type\":\"ImageObject\",\"inLanguage\":\"es\",\"@id\":\"https:\/\/blogs.santosochoa.es\/logrono\/revista-fabula-y-sergio-del-molino-lorenzo-silva-y-noemi-trujillo-estela-baz\/#primaryimage\",\"url\":\"https:\/\/blogs.santosochoa.es\/logrono\/wp-content\/uploads\/sites\/2\/2019\/05\/si-esto-es-una-mujer_lorenzo-silva_noemi-trujillo.jpg\",\"contentUrl\":\"https:\/\/blogs.santosochoa.es\/logrono\/wp-content\/uploads\/sites\/2\/2019\/05\/si-esto-es-una-mujer_lorenzo-silva_noemi-trujillo.jpg\",\"width\":591,\"height\":1017},{\"@type\":\"BreadcrumbList\",\"@id\":\"https:\/\/blogs.santosochoa.es\/logrono\/revista-fabula-y-sergio-del-molino-lorenzo-silva-y-noemi-trujillo-estela-baz\/#breadcrumb\",\"itemListElement\":[{\"@type\":\"ListItem\",\"position\":1,\"name\":\"Home\",\"item\":\"https:\/\/blogs.santosochoa.es\/logrono\/\"},{\"@type\":\"ListItem\",\"position\":2,\"name\":\"Revista F\u00e1bula y Sergio del Molino, Lorenzo Silva y Noem\u00ed Trujillo, Estela Baz\"}]},{\"@type\":\"WebSite\",\"@id\":\"https:\/\/blogs.santosochoa.es\/logrono\/#website\",\"url\":\"https:\/\/blogs.santosochoa.es\/logrono\/\",\"name\":\"Santos Ochoa Logro\u00f1o\",\"description\":\"Tu Librer\u00eda Online\",\"potentialAction\":[{\"@type\":\"SearchAction\",\"target\":{\"@type\":\"EntryPoint\",\"urlTemplate\":\"https:\/\/blogs.santosochoa.es\/logrono\/?s={search_term_string}\"},\"query-input\":{\"@type\":\"PropertyValueSpecification\",\"valueRequired\":true,\"valueName\":\"search_term_string\"}}],\"inLanguage\":\"es\"},{\"@type\":\"Person\",\"@id\":\"https:\/\/blogs.santosochoa.es\/logrono\/#\/schema\/person\/103664eb8c60fbeea1880c704687c2e3\",\"name\":\"Santos Ochoa Logro\u00f1o\",\"sameAs\":[\"http:\/\/santosochoa.es\",\"https:\/\/www.facebook.com\/santosochoalog\",\"https:\/\/www.instagram.com\/santosochoalog\/\",\"https:\/\/x.com\/santosochoalog\",\"https:\/\/www.youtube.com\/c\/SantosOchoaLibros\"]}]}<\/script>\n<!-- \/ Yoast SEO plugin. -->","yoast_head_json":{"title":"Revista F\u00e1bula y Sergio del Molino, Lorenzo Silva y Noem\u00ed Trujillo, Estela Baz - Santos Ochoa Logro\u00f1o","description":"Agenda cultural de Santos Ochoa Logro\u00f1o. Revista F\u00e1bula y Sergio del Molino. Lorenzo Silva y Noem\u00ed Trujillo presentan \"Si esto es una mujer\". Estela Baz presenta \"Los ni\u00f1os de Lem\u00f3niz\"","robots":{"index":"index","follow":"follow","max-snippet":"max-snippet:-1","max-image-preview":"max-image-preview:large","max-video-preview":"max-video-preview:-1"},"canonical":"https:\/\/blogs.santosochoa.es\/logrono\/revista-fabula-y-sergio-del-molino-lorenzo-silva-y-noemi-trujillo-estela-baz\/","og_locale":"es_ES","og_type":"article","og_title":"Revista F\u00e1bula y Sergio del Molino, Lorenzo Silva y Noem\u00ed Trujillo, Estela Baz - Santos Ochoa Logro\u00f1o","og_description":"Agenda cultural de Santos Ochoa Logro\u00f1o. Revista F\u00e1bula y Sergio del Molino. Lorenzo Silva y Noem\u00ed Trujillo presentan \"Si esto es una mujer\". Estela Baz presenta \"Los ni\u00f1os de Lem\u00f3niz\"","og_url":"https:\/\/blogs.santosochoa.es\/logrono\/revista-fabula-y-sergio-del-molino-lorenzo-silva-y-noemi-trujillo-estela-baz\/","og_site_name":"Santos Ochoa Logro\u00f1o","article_author":"https:\/\/www.facebook.com\/santosochoalog","article_published_time":"2019-06-13T10:23:39+00:00","article_modified_time":"2019-06-14T10:43:44+00:00","og_image":[{"width":591,"height":1017,"url":"https:\/\/blogs.santosochoa.es\/logrono\/wp-content\/uploads\/sites\/2\/2019\/05\/si-esto-es-una-mujer_lorenzo-silva_noemi-trujillo.jpg","type":"image\/jpeg"}],"author":"Santos Ochoa Logro\u00f1o","twitter_card":"summary_large_image","twitter_creator":"@santosochoalog","twitter_misc":{"Written by":"Santos Ochoa Logro\u00f1o","Est. reading time":"6 minutos"},"schema":{"@context":"https:\/\/schema.org","@graph":[{"@type":"Article","@id":"https:\/\/blogs.santosochoa.es\/logrono\/revista-fabula-y-sergio-del-molino-lorenzo-silva-y-noemi-trujillo-estela-baz\/#article","isPartOf":{"@id":"https:\/\/blogs.santosochoa.es\/logrono\/revista-fabula-y-sergio-del-molino-lorenzo-silva-y-noemi-trujillo-estela-baz\/"},"author":{"name":"Santos Ochoa Logro\u00f1o","@id":"https:\/\/blogs.santosochoa.es\/logrono\/#\/schema\/person\/103664eb8c60fbeea1880c704687c2e3"},"headline":"Revista F\u00e1bula y Sergio del Molino, Lorenzo Silva y Noem\u00ed Trujillo, Estela Baz","datePublished":"2019-06-13T10:23:39+00:00","dateModified":"2019-06-14T10:43:44+00:00","mainEntityOfPage":{"@id":"https:\/\/blogs.santosochoa.es\/logrono\/revista-fabula-y-sergio-del-molino-lorenzo-silva-y-noemi-trujillo-estela-baz\/"},"wordCount":1198,"image":{"@id":"https:\/\/blogs.santosochoa.es\/logrono\/revista-fabula-y-sergio-del-molino-lorenzo-silva-y-noemi-trujillo-estela-baz\/#primaryimage"},"thumbnailUrl":"https:\/\/blogs.santosochoa.es\/logrono\/wp-content\/uploads\/sites\/2\/2019\/05\/si-esto-es-una-mujer_lorenzo-silva_noemi-trujillo.jpg","articleSection":["charlas","libros"],"inLanguage":"es"},{"@type":"WebPage","@id":"https:\/\/blogs.santosochoa.es\/logrono\/revista-fabula-y-sergio-del-molino-lorenzo-silva-y-noemi-trujillo-estela-baz\/","url":"https:\/\/blogs.santosochoa.es\/logrono\/revista-fabula-y-sergio-del-molino-lorenzo-silva-y-noemi-trujillo-estela-baz\/","name":"Revista F\u00e1bula y Sergio del Molino, Lorenzo Silva y Noem\u00ed Trujillo, Estela Baz - Santos Ochoa Logro\u00f1o","isPartOf":{"@id":"https:\/\/blogs.santosochoa.es\/logrono\/#website"},"primaryImageOfPage":{"@id":"https:\/\/blogs.santosochoa.es\/logrono\/revista-fabula-y-sergio-del-molino-lorenzo-silva-y-noemi-trujillo-estela-baz\/#primaryimage"},"image":{"@id":"https:\/\/blogs.santosochoa.es\/logrono\/revista-fabula-y-sergio-del-molino-lorenzo-silva-y-noemi-trujillo-estela-baz\/#primaryimage"},"thumbnailUrl":"https:\/\/blogs.santosochoa.es\/logrono\/wp-content\/uploads\/sites\/2\/2019\/05\/si-esto-es-una-mujer_lorenzo-silva_noemi-trujillo.jpg","datePublished":"2019-06-13T10:23:39+00:00","dateModified":"2019-06-14T10:43:44+00:00","author":{"@id":"https:\/\/blogs.santosochoa.es\/logrono\/#\/schema\/person\/103664eb8c60fbeea1880c704687c2e3"},"description":"Agenda cultural de Santos Ochoa Logro\u00f1o. Revista F\u00e1bula y Sergio del Molino. Lorenzo Silva y Noem\u00ed Trujillo presentan \"Si esto es una mujer\". Estela Baz presenta \"Los ni\u00f1os de Lem\u00f3niz\"","breadcrumb":{"@id":"https:\/\/blogs.santosochoa.es\/logrono\/revista-fabula-y-sergio-del-molino-lorenzo-silva-y-noemi-trujillo-estela-baz\/#breadcrumb"},"inLanguage":"es","potentialAction":[{"@type":"ReadAction","target":["https:\/\/blogs.santosochoa.es\/logrono\/revista-fabula-y-sergio-del-molino-lorenzo-silva-y-noemi-trujillo-estela-baz\/"]}]},{"@type":"ImageObject","inLanguage":"es","@id":"https:\/\/blogs.santosochoa.es\/logrono\/revista-fabula-y-sergio-del-molino-lorenzo-silva-y-noemi-trujillo-estela-baz\/#primaryimage","url":"https:\/\/blogs.santosochoa.es\/logrono\/wp-content\/uploads\/sites\/2\/2019\/05\/si-esto-es-una-mujer_lorenzo-silva_noemi-trujillo.jpg","contentUrl":"https:\/\/blogs.santosochoa.es\/logrono\/wp-content\/uploads\/sites\/2\/2019\/05\/si-esto-es-una-mujer_lorenzo-silva_noemi-trujillo.jpg","width":591,"height":1017},{"@type":"BreadcrumbList","@id":"https:\/\/blogs.santosochoa.es\/logrono\/revista-fabula-y-sergio-del-molino-lorenzo-silva-y-noemi-trujillo-estela-baz\/#breadcrumb","itemListElement":[{"@type":"ListItem","position":1,"name":"Home","item":"https:\/\/blogs.santosochoa.es\/logrono\/"},{"@type":"ListItem","position":2,"name":"Revista F\u00e1bula y Sergio del Molino, Lorenzo Silva y Noem\u00ed Trujillo, Estela Baz"}]},{"@type":"WebSite","@id":"https:\/\/blogs.santosochoa.es\/logrono\/#website","url":"https:\/\/blogs.santosochoa.es\/logrono\/","name":"Santos Ochoa Logro\u00f1o","description":"Tu Librer\u00eda Online","potentialAction":[{"@type":"SearchAction","target":{"@type":"EntryPoint","urlTemplate":"https:\/\/blogs.santosochoa.es\/logrono\/?s={search_term_string}"},"query-input":{"@type":"PropertyValueSpecification","valueRequired":true,"valueName":"search_term_string"}}],"inLanguage":"es"},{"@type":"Person","@id":"https:\/\/blogs.santosochoa.es\/logrono\/#\/schema\/person\/103664eb8c60fbeea1880c704687c2e3","name":"Santos Ochoa Logro\u00f1o","sameAs":["http:\/\/santosochoa.es","https:\/\/www.facebook.com\/santosochoalog","https:\/\/www.instagram.com\/santosochoalog\/","https:\/\/x.com\/santosochoalog","https:\/\/www.youtube.com\/c\/SantosOchoaLibros"]}]}},"_links":{"self":[{"href":"https:\/\/blogs.santosochoa.es\/logrono\/wp-json\/wp\/v2\/posts\/1168","targetHints":{"allow":["GET"]}}],"collection":[{"href":"https:\/\/blogs.santosochoa.es\/logrono\/wp-json\/wp\/v2\/posts"}],"about":[{"href":"https:\/\/blogs.santosochoa.es\/logrono\/wp-json\/wp\/v2\/types\/post"}],"author":[{"embeddable":true,"href":"https:\/\/blogs.santosochoa.es\/logrono\/wp-json\/wp\/v2\/users\/4"}],"replies":[{"embeddable":true,"href":"https:\/\/blogs.santosochoa.es\/logrono\/wp-json\/wp\/v2\/comments?post=1168"}],"version-history":[{"count":2,"href":"https:\/\/blogs.santosochoa.es\/logrono\/wp-json\/wp\/v2\/posts\/1168\/revisions"}],"predecessor-version":[{"id":1170,"href":"https:\/\/blogs.santosochoa.es\/logrono\/wp-json\/wp\/v2\/posts\/1168\/revisions\/1170"}],"wp:featuredmedia":[{"embeddable":true,"href":"https:\/\/blogs.santosochoa.es\/logrono\/wp-json\/wp\/v2\/media\/1144"}],"wp:attachment":[{"href":"https:\/\/blogs.santosochoa.es\/logrono\/wp-json\/wp\/v2\/media?parent=1168"}],"wp:term":[{"taxonomy":"category","embeddable":true,"href":"https:\/\/blogs.santosochoa.es\/logrono\/wp-json\/wp\/v2\/categories?post=1168"},{"taxonomy":"post_tag","embeddable":true,"href":"https:\/\/blogs.santosochoa.es\/logrono\/wp-json\/wp\/v2\/tags?post=1168"}],"curies":[{"name":"wp","href":"https:\/\/api.w.org\/{rel}","templated":true}]}}