{"id":1164,"date":"2019-06-05T12:26:27","date_gmt":"2019-06-05T10:26:27","guid":{"rendered":"https:\/\/blogs.santosochoa.es\/logrono\/?p=1164"},"modified":"2019-06-06T13:40:31","modified_gmt":"2019-06-06T11:40:31","slug":"libro-de-memorias-y-novela-juvenil","status":"publish","type":"post","link":"https:\/\/blogs.santosochoa.es\/logrono\/libro-de-memorias-y-novela-juvenil\/","title":{"rendered":"Libro de memorias y novela juvenil"},"content":{"rendered":"\n<h2 class=\"wp-block-heading\"><strong>Honorio Segura presenta el libro de memorias <\/strong><em><strong>Los siervos siempre son enemigos<\/strong><\/em><\/h2>\n\n\n\n<h3 class=\"wp-block-heading\">Jueves 13 de junio, a las 19:30 h.<\/h3>\n\n\n\n<h4 class=\"wp-block-heading\">Espacio Santos Ochoa. Calvo Sotelo, 19<\/h4>\n\n\n\n<div class=\"wp-block-image\"><figure class=\"alignright is-resized\"><img loading=\"lazy\" decoding=\"async\" src=\"https:\/\/blogs.santosochoa.es\/logrono\/wp-content\/uploads\/sites\/2\/2019\/05\/los-siervos-siempre-son-enemigos_honorio-segura.jpg\" alt=\"\" class=\"wp-image-1138\" width=\"199\" height=\"278\" srcset=\"https:\/\/blogs.santosochoa.es\/logrono\/wp-content\/uploads\/sites\/2\/2019\/05\/los-siervos-siempre-son-enemigos_honorio-segura.jpg 591w, https:\/\/blogs.santosochoa.es\/logrono\/wp-content\/uploads\/sites\/2\/2019\/05\/los-siervos-siempre-son-enemigos_honorio-segura-214x300.jpg 214w\" sizes=\"auto, (max-width: 199px) 100vw, 199px\" \/><\/figure><\/div>\n\n\n\n<h5 class=\"wp-block-heading\"><strong>La actualidad pol\u00edtica y social que vivimos hoy se gest\u00f3\nen la Constituci\u00f3n de 1812, la Pepa, que quer\u00eda limitar el poder mon\u00e1rquico\nafirmando que la soberan\u00eda radicaba en el pueblo. Un pueblo, sin embargo, manipulado\npor el liberalismo y la masoner\u00eda, falseadores de esa soberan\u00eda, de la raz\u00f3n,\ndel orden, del bien com\u00fan y de la \u00e9tica.<\/strong><\/h5>\n\n\n\n<p>Nuestra historia reciente cuenta ya once\nconstituciones, pero no una verdadera democracia, sino una partidocracia, un adoctrinamiento\nen la ense\u00f1anza y una iglesia cuestionada y dividida. <\/p>\n\n\n\n<p>Pero la vida honrada, la individual y la\nsocial tiene que prepararse a trav\u00e9s del gobierno propio o se\u00f1or\u00edo de s\u00ed mismo\ny a trav\u00e9s del gobierno del bien com\u00fan (no de cada partido), para el mejor\norden de la sociedad, siempre justo, racional y pac\u00edfico.<\/p>\n\n\n\n<p><strong>Honorio Segura S\u00e1enz<\/strong> ha vivido ya m\u00e1s de noventa primaveras, ha sido maestro, monje benedictino e inspector de educaci\u00f3n. En este libro narra sus memorias y reflexiones cr\u00edticas acerca de la pol\u00edtica, la educaci\u00f3n y el papel de la iglesia durante los siglos XIX y XX en Espa\u00f1a.<\/p>\n\n\n\n<div style=\"height:50px\" aria-hidden=\"true\" class=\"wp-block-spacer\"><\/div>\n\n\n\n<h2 class=\"wp-block-heading\"><strong>Marta \u00c1lvarez e Iguazel Ser\u00f3n presentan la novela fant\u00e1stica juvenil <\/strong><em><strong>H\u00e9roes de cobre<\/strong><\/em><\/h2>\n\n\n\n<h3 class=\"wp-block-heading\">S\u00e1bado 15 de mayo, a las 18:00 h.<\/h3>\n\n\n\n<h4 class=\"wp-block-heading\">Espacio Santos Ochoa. Calvo Sotelo, 19<\/h4>\n\n\n\n<div class=\"wp-block-image\"><figure class=\"alignleft is-resized\"><img loading=\"lazy\" decoding=\"async\" src=\"https:\/\/blogs.santosochoa.es\/logrono\/wp-content\/uploads\/sites\/2\/2019\/05\/heroes-de-cobre_marta-alvarez_iguazu-seron.jpg\" alt=\"\" class=\"wp-image-1140\" width=\"213\" height=\"297\" \/><\/figure><\/div>\n\n\n\n<h5 class=\"wp-block-heading\"><strong>Cuando el rey de Galvania muere, se convoca una competici\u00f3n\nde aspirantes al trono. \u00bfEl objetivo? Encontrar una serie de objetos m\u00e1gicos\nantes de que concluya el tiempo. \u00bfLas principales normas?<\/strong><\/h5>\n\n\n\n<h5 class=\"wp-block-heading\"><strong>1) Es obligatorio participar por equipos.<\/strong><\/h5>\n\n\n\n<h5 class=\"wp-block-heading\"><strong>2) Se proh\u00edbe utilizar los objetos para el beneficio\npropio.<\/strong><\/h5>\n\n\n\n<p>Pero pronto, con el incumplimiento de ambas\nreglas, queda claro que lo que est\u00e1 en juego es mucho m\u00e1s que la corona y que\nunas gotas de sangre derramada pueden acabar salpicando a todos. Al fin y al cabo,\n\u00bfpor qu\u00e9 competir por un reino&#8230; cuando puedes conquistarlo?<\/p>\n\n\n\n<p>Ambientada en un mundo de corte steampunk\ndonde existe la magia, <em>H\u00e9roes de cobre<\/em>\nes una fascinante novela con trece protagonistas y una original historia\nautoconclusiva.<\/p>\n\n\n\n<p><strong>Marta\n\u00c1lvarez<\/strong> (Zaragoza, 1994) habla\nsobre libros en el canal de YouTube MartitaraBookVlogs y en la revista El\nTemplo de las Mil Puertas. Adem\u00e1s, es autora de la serie <em>Mystical<\/em>, constituida por <em>El\ndespertar de la magia, La guardiana perdida, El reflejo oscuro<\/em> y <em>El dominio del Caos<\/em>.<\/p>\n\n\n\n<p><strong>Iguazel\nSer\u00f3n<\/strong> (Zaragoza, 1994) habla sobre\nseries en Arag\u00f3n Radio, en el programa \u00abEsc\u00fachate\u00bb, y dibuja en sus ratos\nlibres. Diplomada en Estudios Japoneses, desde 2017 es cofundadora y redactora\nde Norae Magazine, la primera revista digital de cultura surcoreana en Espa\u00f1a.<\/p>\n","protected":false},"excerpt":{"rendered":"<p>Agenda cultural de Santos Ochoa Logro\u00f1o: las memorias de Honorio Segura y \u00abH\u00e9roes de cobre\u00bb, novela juvenil de Marta \u00c1lvarez e Iguazel Ser\u00f3n<\/p>\n","protected":false},"author":4,"featured_media":1140,"comment_status":"closed","ping_status":"closed","sticky":false,"template":"","format":"standard","meta":{"footnotes":""},"categories":[12,13],"tags":[],"class_list":["post-1164","post","type-post","status-publish","format-standard","has-post-thumbnail","hentry","category-libros","category-libros-do-rioja"],"yoast_head":"<!-- This site is optimized with the Yoast SEO plugin v27.2 - https:\/\/yoast.com\/product\/yoast-seo-wordpress\/ -->\n<title>Libro de memorias y novela juvenil - Santos Ochoa Logro\u00f1o<\/title>\n<meta name=\"description\" content=\"Agenda cultural de Santos Ochoa Logro\u00f1o: las memorias de Honorio Segura y &quot;H\u00e9roes de cobre&quot;, novela juvenil de Marta \u00c1lvarez e Iguazel Ser\u00f3n\" \/>\n<meta name=\"robots\" content=\"index, follow, max-snippet:-1, max-image-preview:large, max-video-preview:-1\" \/>\n<link rel=\"canonical\" href=\"https:\/\/blogs.santosochoa.es\/logrono\/libro-de-memorias-y-novela-juvenil\/\" \/>\n<meta property=\"og:locale\" content=\"es_ES\" \/>\n<meta property=\"og:type\" content=\"article\" \/>\n<meta property=\"og:title\" content=\"Libro de memorias y novela juvenil - Santos Ochoa Logro\u00f1o\" \/>\n<meta property=\"og:description\" content=\"Agenda cultural de Santos Ochoa Logro\u00f1o: las memorias de Honorio Segura y &quot;H\u00e9roes de cobre&quot;, novela juvenil de Marta \u00c1lvarez e Iguazel Ser\u00f3n\" \/>\n<meta property=\"og:url\" content=\"https:\/\/blogs.santosochoa.es\/logrono\/libro-de-memorias-y-novela-juvenil\/\" \/>\n<meta property=\"og:site_name\" content=\"Santos Ochoa Logro\u00f1o\" \/>\n<meta property=\"article:author\" content=\"https:\/\/www.facebook.com\/santosochoalog\" \/>\n<meta property=\"article:published_time\" content=\"2019-06-05T10:26:27+00:00\" \/>\n<meta property=\"article:modified_time\" content=\"2019-06-06T11:40:31+00:00\" \/>\n<meta property=\"og:image\" content=\"https:\/\/blogs.santosochoa.es\/logrono\/wp-content\/uploads\/sites\/2\/2019\/05\/heroes-de-cobre_marta-alvarez_iguazu-seron.jpg\" \/>\n\t<meta property=\"og:image:width\" content=\"591\" \/>\n\t<meta property=\"og:image:height\" content=\"827\" \/>\n\t<meta property=\"og:image:type\" content=\"image\/jpeg\" \/>\n<meta name=\"author\" content=\"Santos Ochoa Logro\u00f1o\" \/>\n<meta name=\"twitter:card\" content=\"summary_large_image\" \/>\n<meta name=\"twitter:creator\" content=\"@santosochoalog\" \/>\n<meta name=\"twitter:label1\" content=\"Written by\" \/>\n\t<meta name=\"twitter:data1\" content=\"Santos Ochoa Logro\u00f1o\" \/>\n\t<meta name=\"twitter:label2\" content=\"Est. reading time\" \/>\n\t<meta name=\"twitter:data2\" content=\"2 minutos\" \/>\n<script type=\"application\/ld+json\" class=\"yoast-schema-graph\">{\"@context\":\"https:\/\/schema.org\",\"@graph\":[{\"@type\":\"Article\",\"@id\":\"https:\/\/blogs.santosochoa.es\/logrono\/libro-de-memorias-y-novela-juvenil\/#article\",\"isPartOf\":{\"@id\":\"https:\/\/blogs.santosochoa.es\/logrono\/libro-de-memorias-y-novela-juvenil\/\"},\"author\":{\"name\":\"Santos Ochoa Logro\u00f1o\",\"@id\":\"https:\/\/blogs.santosochoa.es\/logrono\/#\/schema\/person\/103664eb8c60fbeea1880c704687c2e3\"},\"headline\":\"Libro de memorias y novela juvenil\",\"datePublished\":\"2019-06-05T10:26:27+00:00\",\"dateModified\":\"2019-06-06T11:40:31+00:00\",\"mainEntityOfPage\":{\"@id\":\"https:\/\/blogs.santosochoa.es\/logrono\/libro-de-memorias-y-novela-juvenil\/\"},\"wordCount\":473,\"image\":{\"@id\":\"https:\/\/blogs.santosochoa.es\/logrono\/libro-de-memorias-y-novela-juvenil\/#primaryimage\"},\"thumbnailUrl\":\"https:\/\/blogs.santosochoa.es\/logrono\/wp-content\/uploads\/sites\/2\/2019\/05\/heroes-de-cobre_marta-alvarez_iguazu-seron.jpg\",\"articleSection\":[\"libros\",\"libros do rioja\"],\"inLanguage\":\"es\"},{\"@type\":\"WebPage\",\"@id\":\"https:\/\/blogs.santosochoa.es\/logrono\/libro-de-memorias-y-novela-juvenil\/\",\"url\":\"https:\/\/blogs.santosochoa.es\/logrono\/libro-de-memorias-y-novela-juvenil\/\",\"name\":\"Libro de memorias y novela juvenil - Santos Ochoa Logro\u00f1o\",\"isPartOf\":{\"@id\":\"https:\/\/blogs.santosochoa.es\/logrono\/#website\"},\"primaryImageOfPage\":{\"@id\":\"https:\/\/blogs.santosochoa.es\/logrono\/libro-de-memorias-y-novela-juvenil\/#primaryimage\"},\"image\":{\"@id\":\"https:\/\/blogs.santosochoa.es\/logrono\/libro-de-memorias-y-novela-juvenil\/#primaryimage\"},\"thumbnailUrl\":\"https:\/\/blogs.santosochoa.es\/logrono\/wp-content\/uploads\/sites\/2\/2019\/05\/heroes-de-cobre_marta-alvarez_iguazu-seron.jpg\",\"datePublished\":\"2019-06-05T10:26:27+00:00\",\"dateModified\":\"2019-06-06T11:40:31+00:00\",\"author\":{\"@id\":\"https:\/\/blogs.santosochoa.es\/logrono\/#\/schema\/person\/103664eb8c60fbeea1880c704687c2e3\"},\"description\":\"Agenda cultural de Santos Ochoa Logro\u00f1o: las memorias de Honorio Segura y \\\"H\u00e9roes de cobre\\\", novela juvenil de Marta \u00c1lvarez e Iguazel Ser\u00f3n\",\"breadcrumb\":{\"@id\":\"https:\/\/blogs.santosochoa.es\/logrono\/libro-de-memorias-y-novela-juvenil\/#breadcrumb\"},\"inLanguage\":\"es\",\"potentialAction\":[{\"@type\":\"ReadAction\",\"target\":[\"https:\/\/blogs.santosochoa.es\/logrono\/libro-de-memorias-y-novela-juvenil\/\"]}]},{\"@type\":\"ImageObject\",\"inLanguage\":\"es\",\"@id\":\"https:\/\/blogs.santosochoa.es\/logrono\/libro-de-memorias-y-novela-juvenil\/#primaryimage\",\"url\":\"https:\/\/blogs.santosochoa.es\/logrono\/wp-content\/uploads\/sites\/2\/2019\/05\/heroes-de-cobre_marta-alvarez_iguazu-seron.jpg\",\"contentUrl\":\"https:\/\/blogs.santosochoa.es\/logrono\/wp-content\/uploads\/sites\/2\/2019\/05\/heroes-de-cobre_marta-alvarez_iguazu-seron.jpg\",\"width\":591,\"height\":827},{\"@type\":\"BreadcrumbList\",\"@id\":\"https:\/\/blogs.santosochoa.es\/logrono\/libro-de-memorias-y-novela-juvenil\/#breadcrumb\",\"itemListElement\":[{\"@type\":\"ListItem\",\"position\":1,\"name\":\"Home\",\"item\":\"https:\/\/blogs.santosochoa.es\/logrono\/\"},{\"@type\":\"ListItem\",\"position\":2,\"name\":\"Libro de memorias y novela juvenil\"}]},{\"@type\":\"WebSite\",\"@id\":\"https:\/\/blogs.santosochoa.es\/logrono\/#website\",\"url\":\"https:\/\/blogs.santosochoa.es\/logrono\/\",\"name\":\"Santos Ochoa Logro\u00f1o\",\"description\":\"Tu Librer\u00eda Online\",\"potentialAction\":[{\"@type\":\"SearchAction\",\"target\":{\"@type\":\"EntryPoint\",\"urlTemplate\":\"https:\/\/blogs.santosochoa.es\/logrono\/?s={search_term_string}\"},\"query-input\":{\"@type\":\"PropertyValueSpecification\",\"valueRequired\":true,\"valueName\":\"search_term_string\"}}],\"inLanguage\":\"es\"},{\"@type\":\"Person\",\"@id\":\"https:\/\/blogs.santosochoa.es\/logrono\/#\/schema\/person\/103664eb8c60fbeea1880c704687c2e3\",\"name\":\"Santos Ochoa Logro\u00f1o\",\"sameAs\":[\"http:\/\/santosochoa.es\",\"https:\/\/www.facebook.com\/santosochoalog\",\"https:\/\/www.instagram.com\/santosochoalog\/\",\"https:\/\/x.com\/santosochoalog\",\"https:\/\/www.youtube.com\/c\/SantosOchoaLibros\"]}]}<\/script>\n<!-- \/ Yoast SEO plugin. -->","yoast_head_json":{"title":"Libro de memorias y novela juvenil - Santos Ochoa Logro\u00f1o","description":"Agenda cultural de Santos Ochoa Logro\u00f1o: las memorias de Honorio Segura y \"H\u00e9roes de cobre\", novela juvenil de Marta \u00c1lvarez e Iguazel Ser\u00f3n","robots":{"index":"index","follow":"follow","max-snippet":"max-snippet:-1","max-image-preview":"max-image-preview:large","max-video-preview":"max-video-preview:-1"},"canonical":"https:\/\/blogs.santosochoa.es\/logrono\/libro-de-memorias-y-novela-juvenil\/","og_locale":"es_ES","og_type":"article","og_title":"Libro de memorias y novela juvenil - Santos Ochoa Logro\u00f1o","og_description":"Agenda cultural de Santos Ochoa Logro\u00f1o: las memorias de Honorio Segura y \"H\u00e9roes de cobre\", novela juvenil de Marta \u00c1lvarez e Iguazel Ser\u00f3n","og_url":"https:\/\/blogs.santosochoa.es\/logrono\/libro-de-memorias-y-novela-juvenil\/","og_site_name":"Santos Ochoa Logro\u00f1o","article_author":"https:\/\/www.facebook.com\/santosochoalog","article_published_time":"2019-06-05T10:26:27+00:00","article_modified_time":"2019-06-06T11:40:31+00:00","og_image":[{"width":591,"height":827,"url":"https:\/\/blogs.santosochoa.es\/logrono\/wp-content\/uploads\/sites\/2\/2019\/05\/heroes-de-cobre_marta-alvarez_iguazu-seron.jpg","type":"image\/jpeg"}],"author":"Santos Ochoa Logro\u00f1o","twitter_card":"summary_large_image","twitter_creator":"@santosochoalog","twitter_misc":{"Written by":"Santos Ochoa Logro\u00f1o","Est. reading time":"2 minutos"},"schema":{"@context":"https:\/\/schema.org","@graph":[{"@type":"Article","@id":"https:\/\/blogs.santosochoa.es\/logrono\/libro-de-memorias-y-novela-juvenil\/#article","isPartOf":{"@id":"https:\/\/blogs.santosochoa.es\/logrono\/libro-de-memorias-y-novela-juvenil\/"},"author":{"name":"Santos Ochoa Logro\u00f1o","@id":"https:\/\/blogs.santosochoa.es\/logrono\/#\/schema\/person\/103664eb8c60fbeea1880c704687c2e3"},"headline":"Libro de memorias y novela juvenil","datePublished":"2019-06-05T10:26:27+00:00","dateModified":"2019-06-06T11:40:31+00:00","mainEntityOfPage":{"@id":"https:\/\/blogs.santosochoa.es\/logrono\/libro-de-memorias-y-novela-juvenil\/"},"wordCount":473,"image":{"@id":"https:\/\/blogs.santosochoa.es\/logrono\/libro-de-memorias-y-novela-juvenil\/#primaryimage"},"thumbnailUrl":"https:\/\/blogs.santosochoa.es\/logrono\/wp-content\/uploads\/sites\/2\/2019\/05\/heroes-de-cobre_marta-alvarez_iguazu-seron.jpg","articleSection":["libros","libros do rioja"],"inLanguage":"es"},{"@type":"WebPage","@id":"https:\/\/blogs.santosochoa.es\/logrono\/libro-de-memorias-y-novela-juvenil\/","url":"https:\/\/blogs.santosochoa.es\/logrono\/libro-de-memorias-y-novela-juvenil\/","name":"Libro de memorias y novela juvenil - Santos Ochoa Logro\u00f1o","isPartOf":{"@id":"https:\/\/blogs.santosochoa.es\/logrono\/#website"},"primaryImageOfPage":{"@id":"https:\/\/blogs.santosochoa.es\/logrono\/libro-de-memorias-y-novela-juvenil\/#primaryimage"},"image":{"@id":"https:\/\/blogs.santosochoa.es\/logrono\/libro-de-memorias-y-novela-juvenil\/#primaryimage"},"thumbnailUrl":"https:\/\/blogs.santosochoa.es\/logrono\/wp-content\/uploads\/sites\/2\/2019\/05\/heroes-de-cobre_marta-alvarez_iguazu-seron.jpg","datePublished":"2019-06-05T10:26:27+00:00","dateModified":"2019-06-06T11:40:31+00:00","author":{"@id":"https:\/\/blogs.santosochoa.es\/logrono\/#\/schema\/person\/103664eb8c60fbeea1880c704687c2e3"},"description":"Agenda cultural de Santos Ochoa Logro\u00f1o: las memorias de Honorio Segura y \"H\u00e9roes de cobre\", novela juvenil de Marta \u00c1lvarez e Iguazel Ser\u00f3n","breadcrumb":{"@id":"https:\/\/blogs.santosochoa.es\/logrono\/libro-de-memorias-y-novela-juvenil\/#breadcrumb"},"inLanguage":"es","potentialAction":[{"@type":"ReadAction","target":["https:\/\/blogs.santosochoa.es\/logrono\/libro-de-memorias-y-novela-juvenil\/"]}]},{"@type":"ImageObject","inLanguage":"es","@id":"https:\/\/blogs.santosochoa.es\/logrono\/libro-de-memorias-y-novela-juvenil\/#primaryimage","url":"https:\/\/blogs.santosochoa.es\/logrono\/wp-content\/uploads\/sites\/2\/2019\/05\/heroes-de-cobre_marta-alvarez_iguazu-seron.jpg","contentUrl":"https:\/\/blogs.santosochoa.es\/logrono\/wp-content\/uploads\/sites\/2\/2019\/05\/heroes-de-cobre_marta-alvarez_iguazu-seron.jpg","width":591,"height":827},{"@type":"BreadcrumbList","@id":"https:\/\/blogs.santosochoa.es\/logrono\/libro-de-memorias-y-novela-juvenil\/#breadcrumb","itemListElement":[{"@type":"ListItem","position":1,"name":"Home","item":"https:\/\/blogs.santosochoa.es\/logrono\/"},{"@type":"ListItem","position":2,"name":"Libro de memorias y novela juvenil"}]},{"@type":"WebSite","@id":"https:\/\/blogs.santosochoa.es\/logrono\/#website","url":"https:\/\/blogs.santosochoa.es\/logrono\/","name":"Santos Ochoa Logro\u00f1o","description":"Tu Librer\u00eda Online","potentialAction":[{"@type":"SearchAction","target":{"@type":"EntryPoint","urlTemplate":"https:\/\/blogs.santosochoa.es\/logrono\/?s={search_term_string}"},"query-input":{"@type":"PropertyValueSpecification","valueRequired":true,"valueName":"search_term_string"}}],"inLanguage":"es"},{"@type":"Person","@id":"https:\/\/blogs.santosochoa.es\/logrono\/#\/schema\/person\/103664eb8c60fbeea1880c704687c2e3","name":"Santos Ochoa Logro\u00f1o","sameAs":["http:\/\/santosochoa.es","https:\/\/www.facebook.com\/santosochoalog","https:\/\/www.instagram.com\/santosochoalog\/","https:\/\/x.com\/santosochoalog","https:\/\/www.youtube.com\/c\/SantosOchoaLibros"]}]}},"_links":{"self":[{"href":"https:\/\/blogs.santosochoa.es\/logrono\/wp-json\/wp\/v2\/posts\/1164","targetHints":{"allow":["GET"]}}],"collection":[{"href":"https:\/\/blogs.santosochoa.es\/logrono\/wp-json\/wp\/v2\/posts"}],"about":[{"href":"https:\/\/blogs.santosochoa.es\/logrono\/wp-json\/wp\/v2\/types\/post"}],"author":[{"embeddable":true,"href":"https:\/\/blogs.santosochoa.es\/logrono\/wp-json\/wp\/v2\/users\/4"}],"replies":[{"embeddable":true,"href":"https:\/\/blogs.santosochoa.es\/logrono\/wp-json\/wp\/v2\/comments?post=1164"}],"version-history":[{"count":2,"href":"https:\/\/blogs.santosochoa.es\/logrono\/wp-json\/wp\/v2\/posts\/1164\/revisions"}],"predecessor-version":[{"id":1166,"href":"https:\/\/blogs.santosochoa.es\/logrono\/wp-json\/wp\/v2\/posts\/1164\/revisions\/1166"}],"wp:featuredmedia":[{"embeddable":true,"href":"https:\/\/blogs.santosochoa.es\/logrono\/wp-json\/wp\/v2\/media\/1140"}],"wp:attachment":[{"href":"https:\/\/blogs.santosochoa.es\/logrono\/wp-json\/wp\/v2\/media?parent=1164"}],"wp:term":[{"taxonomy":"category","embeddable":true,"href":"https:\/\/blogs.santosochoa.es\/logrono\/wp-json\/wp\/v2\/categories?post=1164"},{"taxonomy":"post_tag","embeddable":true,"href":"https:\/\/blogs.santosochoa.es\/logrono\/wp-json\/wp\/v2\/tags?post=1164"}],"curies":[{"name":"wp","href":"https:\/\/api.w.org\/{rel}","templated":true}]}}